{"id":2683,"date":"2025-07-16T10:36:26","date_gmt":"2025-07-16T13:36:26","guid":{"rendered":"https:\/\/www.muyjujuy.com\/?p=2683"},"modified":"2025-07-16T10:36:26","modified_gmt":"2025-07-16T13:36:26","slug":"lanzaron-el-primer-encuentro-internacional-de-turismo-andino-bioceanico","status":"publish","type":"post","link":"https:\/\/www.muyjujuy.com\/index.php\/2025\/07\/16\/lanzaron-el-primer-encuentro-internacional-de-turismo-andino-bioceanico\/","title":{"rendered":"Lanzaron el Primer Encuentro Internacional de Turismo Andino Bioce\u00e1nico"},"content":{"rendered":"\n<p>El encuentro se realizar\u00e1 los d\u00edas <strong>7, 8 y 9 de agosto del presente a\u00f1o<\/strong>, en la ciudad de <strong>San Salvador de Jujuy<\/strong>, y reunir\u00e1 a <strong>seis pa\u00edses de las regiones andina y bioce\u00e1nica<\/strong>. La iniciativa busca <strong>potenciar corredores tur\u00edsticos sostenibles<\/strong>, promoviendo experiencias aut\u00e9nticas e innovadoras que favorezcan la <strong>integraci\u00f3n y el fortalecimiento de alianzas internacionales<\/strong>.<\/p>\n\n\n\n<p>En la presentaci\u00f3n oficial, el <strong>Gobernador de la Provincia, Carlos Sadir<\/strong>, se\u00f1al\u00f3 que se trata de <strong>\u201cuna oportunidad \u00fanica para exhibir las potencialidades de Jujuy y las m\u00faltiples opciones de inversi\u00f3n y desarrollo que ofrecemos\u201d<\/strong>.<\/p>\n\n\n\n<p>\u201cEstamos frente a una integraci\u00f3n estrat\u00e9gica que reviste gran importancia y constituye una ocasi\u00f3n invaluable para impulsar el crecimiento de todos los sectores vinculados al turismo\u201d, manifest\u00f3 el mandatario, ratificando <strong>\u201cnuestro total compromiso para concretar, en conjunto, un encuentro que jerarquizar\u00e1 a la provincia\u201d<\/strong>.<\/p>\n\n\n\n<p>Asimismo, destac\u00f3 el valor del trabajo conjunto y la <strong>\u201crelaci\u00f3n virtuosa\u201d<\/strong> con el sector privado para un evento que <strong>\u201cnos consolidar\u00e1 como un centro clave del desarrollo tur\u00edstico regional\u201d<\/strong>, convocando a <strong>\u201caportar experiencias y saberes para la planificaci\u00f3n y ejecuci\u00f3n del Encuentro\u201d<\/strong>.<\/p>\n\n\n\n<p>Por su parte, el <strong>Intendente de San Salvador de Jujuy, Ra\u00fal Jorge<\/strong>, resalt\u00f3 la <strong>\u201cextraordinaria potencialidad de una provincia con grandes perspectivas de crecimiento tur\u00edstico\u201d<\/strong>.<\/p>\n\n\n\n<p>Finalmente, el <strong>coordinador del Encuentro, Ram\u00f3n Aisama<\/strong>, subray\u00f3 la relevancia de <strong>articular los sectores p\u00fablico y privado bajo una visi\u00f3n integradora<\/strong>, orientada a generar <strong>\u201cuna din\u00e1mica comercial que fortalezca los destinos\u201d<\/strong>.<\/p>\n\n\n\n<p>En la presentaci\u00f3n participaron <strong>empresarios y representantes de diferentes c\u00e1maras tur\u00edsticas de la provincia<\/strong>.<\/p>\n","protected":false},"excerpt":{"rendered":"<p>El encuentro se realizar\u00e1 los d\u00edas 7, 8 y 9 de agosto del presente a\u00f1o, en la ciudad de San Salvador de Jujuy, y reunir\u00e1 a seis pa\u00edses de las regiones andina y bioce\u00e1nica. La iniciativa busca potenciar corredores tur\u00edsticos sostenibles, promoviendo experiencias aut\u00e9nticas e innovadoras que favorezcan la integraci\u00f3n y el fortalecimiento de alianzas [&hellip;]<\/p>\n","protected":false},"author":1,"featured_media":2684,"comment_status":"open","ping_status":"open","sticky":false,"template":"","format":"standard","meta":{"footnotes":""},"categories":[863,24],"tags":[],"class_list":{"0":"post-2683","1":"post","2":"type-post","3":"status-publish","4":"format-standard","5":"has-post-thumbnail","7":"category-jujuy","8":"category-politica"},"yoast_head":"<!-- This site is optimized with the Yoast SEO plugin v27.5 - https:\/\/yoast.com\/product\/yoast-seo-wordpress\/ -->\n<title>Lanzaron el Primer Encuentro Internacional de Turismo Andino Bioce\u00e1nico - Muy Jujuy<\/title>\n<meta name=\"robots\" content=\"index, follow, max-snippet:-1, max-image-preview:large, max-video-preview:-1\" \/>\n<link rel=\"canonical\" href=\"https:\/\/www.muyjujuy.com\/index.php\/2025\/07\/16\/lanzaron-el-primer-encuentro-internacional-de-turismo-andino-bioceanico\/\" \/>\n<meta property=\"og:locale\" content=\"es_ES\" \/>\n<meta property=\"og:type\" content=\"article\" \/>\n<meta property=\"og:title\" content=\"Lanzaron el Primer Encuentro Internacional de Turismo Andino Bioce\u00e1nico - Muy Jujuy\" \/>\n<meta property=\"og:description\" content=\"El encuentro se realizar\u00e1 los d\u00edas 7, 8 y 9 de agosto del presente a\u00f1o, en la ciudad de San Salvador de Jujuy, y reunir\u00e1 a seis pa\u00edses de las regiones andina y bioce\u00e1nica. La iniciativa busca potenciar corredores tur\u00edsticos sostenibles, promoviendo experiencias aut\u00e9nticas e innovadoras que favorezcan la integraci\u00f3n y el fortalecimiento de alianzas [&hellip;]\" \/>\n<meta property=\"og:url\" content=\"https:\/\/www.muyjujuy.com\/index.php\/2025\/07\/16\/lanzaron-el-primer-encuentro-internacional-de-turismo-andino-bioceanico\/\" \/>\n<meta property=\"og:site_name\" content=\"Muy Jujuy\" \/>\n<meta property=\"article:publisher\" content=\"https:\/\/www.facebook.com\/muyjujuycom\" \/>\n<meta property=\"article:published_time\" content=\"2025-07-16T13:36:26+00:00\" \/>\n<meta name=\"author\" content=\"admin\" \/>\n<meta name=\"twitter:card\" content=\"summary_large_image\" \/>\n<meta name=\"twitter:creator\" content=\"@muyjujuy\" \/>\n<meta name=\"twitter:site\" content=\"@muyjujuy\" \/>\n<meta name=\"twitter:label1\" content=\"Escrito por\" \/>\n\t<meta name=\"twitter:data1\" content=\"admin\" \/>\n\t<meta name=\"twitter:label2\" content=\"Tiempo de lectura\" \/>\n\t<meta name=\"twitter:data2\" content=\"1 minuto\" \/>\n<script type=\"application\/ld+json\" class=\"yoast-schema-graph\">{\"@context\":\"https:\\\/\\\/schema.org\",\"@graph\":[{\"@type\":\"Article\",\"@id\":\"https:\\\/\\\/www.muyjujuy.com\\\/index.php\\\/2025\\\/07\\\/16\\\/lanzaron-el-primer-encuentro-internacional-de-turismo-andino-bioceanico\\\/#article\",\"isPartOf\":{\"@id\":\"https:\\\/\\\/www.muyjujuy.com\\\/index.php\\\/2025\\\/07\\\/16\\\/lanzaron-el-primer-encuentro-internacional-de-turismo-andino-bioceanico\\\/\"},\"author\":{\"name\":\"admin\",\"@id\":\"https:\\\/\\\/www.muyjujuy.com\\\/#\\\/schema\\\/person\\\/a3b63db1f387ec4149299954904c5bf0\"},\"headline\":\"Lanzaron el Primer Encuentro Internacional de Turismo Andino Bioce\u00e1nico\",\"datePublished\":\"2025-07-16T13:36:26+00:00\",\"mainEntityOfPage\":{\"@id\":\"https:\\\/\\\/www.muyjujuy.com\\\/index.php\\\/2025\\\/07\\\/16\\\/lanzaron-el-primer-encuentro-internacional-de-turismo-andino-bioceanico\\\/\"},\"wordCount\":281,\"commentCount\":0,\"publisher\":{\"@id\":\"https:\\\/\\\/www.muyjujuy.com\\\/#organization\"},\"image\":{\"@id\":\"https:\\\/\\\/www.muyjujuy.com\\\/index.php\\\/2025\\\/07\\\/16\\\/lanzaron-el-primer-encuentro-internacional-de-turismo-andino-bioceanico\\\/#primaryimage\"},\"thumbnailUrl\":\"https:\\\/\\\/www.muyjujuy.com\\\/wp-content\\\/uploads\\\/2025\\\/07\\\/JUJUY-3.jpg\",\"articleSection\":[\"JUJUY\",\"Pol\u00edtica\"],\"inLanguage\":\"es-AR\",\"potentialAction\":[{\"@type\":\"CommentAction\",\"name\":\"Comment\",\"target\":[\"https:\\\/\\\/www.muyjujuy.com\\\/index.php\\\/2025\\\/07\\\/16\\\/lanzaron-el-primer-encuentro-internacional-de-turismo-andino-bioceanico\\\/#respond\"]}]},{\"@type\":\"WebPage\",\"@id\":\"https:\\\/\\\/www.muyjujuy.com\\\/index.php\\\/2025\\\/07\\\/16\\\/lanzaron-el-primer-encuentro-internacional-de-turismo-andino-bioceanico\\\/\",\"url\":\"https:\\\/\\\/www.muyjujuy.com\\\/index.php\\\/2025\\\/07\\\/16\\\/lanzaron-el-primer-encuentro-internacional-de-turismo-andino-bioceanico\\\/\",\"name\":\"Lanzaron el Primer Encuentro Internacional de Turismo Andino Bioce\u00e1nico - Muy Jujuy\",\"isPartOf\":{\"@id\":\"https:\\\/\\\/www.muyjujuy.com\\\/#website\"},\"primaryImageOfPage\":{\"@id\":\"https:\\\/\\\/www.muyjujuy.com\\\/index.php\\\/2025\\\/07\\\/16\\\/lanzaron-el-primer-encuentro-internacional-de-turismo-andino-bioceanico\\\/#primaryimage\"},\"image\":{\"@id\":\"https:\\\/\\\/www.muyjujuy.com\\\/index.php\\\/2025\\\/07\\\/16\\\/lanzaron-el-primer-encuentro-internacional-de-turismo-andino-bioceanico\\\/#primaryimage\"},\"thumbnailUrl\":\"https:\\\/\\\/www.muyjujuy.com\\\/wp-content\\\/uploads\\\/2025\\\/07\\\/JUJUY-3.jpg\",\"datePublished\":\"2025-07-16T13:36:26+00:00\",\"breadcrumb\":{\"@id\":\"https:\\\/\\\/www.muyjujuy.com\\\/index.php\\\/2025\\\/07\\\/16\\\/lanzaron-el-primer-encuentro-internacional-de-turismo-andino-bioceanico\\\/#breadcrumb\"},\"inLanguage\":\"es-AR\",\"potentialAction\":[{\"@type\":\"ReadAction\",\"target\":[\"https:\\\/\\\/www.muyjujuy.com\\\/index.php\\\/2025\\\/07\\\/16\\\/lanzaron-el-primer-encuentro-internacional-de-turismo-andino-bioceanico\\\/\"]}]},{\"@type\":\"ImageObject\",\"inLanguage\":\"es-AR\",\"@id\":\"https:\\\/\\\/www.muyjujuy.com\\\/index.php\\\/2025\\\/07\\\/16\\\/lanzaron-el-primer-encuentro-internacional-de-turismo-andino-bioceanico\\\/#primaryimage\",\"url\":\"https:\\\/\\\/www.muyjujuy.com\\\/wp-content\\\/uploads\\\/2025\\\/07\\\/JUJUY-3.jpg\",\"contentUrl\":\"https:\\\/\\\/www.muyjujuy.com\\\/wp-content\\\/uploads\\\/2025\\\/07\\\/JUJUY-3.jpg\",\"width\":936,\"height\":533},{\"@type\":\"BreadcrumbList\",\"@id\":\"https:\\\/\\\/www.muyjujuy.com\\\/index.php\\\/2025\\\/07\\\/16\\\/lanzaron-el-primer-encuentro-internacional-de-turismo-andino-bioceanico\\\/#breadcrumb\",\"itemListElement\":[{\"@type\":\"ListItem\",\"position\":1,\"name\":\"Inicio\",\"item\":\"https:\\\/\\\/www.muyjujuy.com\\\/\"},{\"@type\":\"ListItem\",\"position\":2,\"name\":\"Lanzaron el Primer Encuentro Internacional de Turismo Andino Bioce\u00e1nico\"}]},{\"@type\":\"WebSite\",\"@id\":\"https:\\\/\\\/www.muyjujuy.com\\\/#website\",\"url\":\"https:\\\/\\\/www.muyjujuy.com\\\/\",\"name\":\"Muy Jujuy\",\"description\":\"\",\"publisher\":{\"@id\":\"https:\\\/\\\/www.muyjujuy.com\\\/#organization\"},\"potentialAction\":[{\"@type\":\"SearchAction\",\"target\":{\"@type\":\"EntryPoint\",\"urlTemplate\":\"https:\\\/\\\/www.muyjujuy.com\\\/?s={search_term_string}\"},\"query-input\":{\"@type\":\"PropertyValueSpecification\",\"valueRequired\":true,\"valueName\":\"search_term_string\"}}],\"inLanguage\":\"es-AR\"},{\"@type\":\"Organization\",\"@id\":\"https:\\\/\\\/www.muyjujuy.com\\\/#organization\",\"name\":\"Muy Jujuy\",\"url\":\"https:\\\/\\\/www.muyjujuy.com\\\/\",\"logo\":{\"@type\":\"ImageObject\",\"inLanguage\":\"es-AR\",\"@id\":\"https:\\\/\\\/www.muyjujuy.com\\\/#\\\/schema\\\/logo\\\/image\\\/\",\"url\":\"http:\\\/\\\/www.muyjujuy.com\\\/wp-content\\\/uploads\\\/2022\\\/05\\\/logo-mobil-jujuy.png\",\"contentUrl\":\"http:\\\/\\\/www.muyjujuy.com\\\/wp-content\\\/uploads\\\/2022\\\/05\\\/logo-mobil-jujuy.png\",\"width\":174,\"height\":81,\"caption\":\"Muy Jujuy\"},\"image\":{\"@id\":\"https:\\\/\\\/www.muyjujuy.com\\\/#\\\/schema\\\/logo\\\/image\\\/\"},\"sameAs\":[\"https:\\\/\\\/www.facebook.com\\\/muyjujuycom\",\"https:\\\/\\\/x.com\\\/muyjujuy\",\"https:\\\/\\\/www.instagram.com\\\/muyjujuycom\"]},{\"@type\":\"Person\",\"@id\":\"https:\\\/\\\/www.muyjujuy.com\\\/#\\\/schema\\\/person\\\/a3b63db1f387ec4149299954904c5bf0\",\"name\":\"admin\",\"image\":{\"@type\":\"ImageObject\",\"inLanguage\":\"es-AR\",\"@id\":\"https:\\\/\\\/secure.gravatar.com\\\/avatar\\\/b6e63d8d3a73633362405a0ad27e9c28391755813b59886f19a99d6cef8a03fc?s=96&d=mm&r=g\",\"url\":\"https:\\\/\\\/secure.gravatar.com\\\/avatar\\\/b6e63d8d3a73633362405a0ad27e9c28391755813b59886f19a99d6cef8a03fc?s=96&d=mm&r=g\",\"contentUrl\":\"https:\\\/\\\/secure.gravatar.com\\\/avatar\\\/b6e63d8d3a73633362405a0ad27e9c28391755813b59886f19a99d6cef8a03fc?s=96&d=mm&r=g\",\"caption\":\"admin\"},\"url\":\"https:\\\/\\\/www.muyjujuy.com\\\/index.php\\\/author\\\/soyeleditor\\\/\"}]}<\/script>\n<!-- \/ Yoast SEO plugin. -->","yoast_head_json":{"title":"Lanzaron el Primer Encuentro Internacional de Turismo Andino Bioce\u00e1nico - Muy Jujuy","robots":{"index":"index","follow":"follow","max-snippet":"max-snippet:-1","max-image-preview":"max-image-preview:large","max-video-preview":"max-video-preview:-1"},"canonical":"https:\/\/www.muyjujuy.com\/index.php\/2025\/07\/16\/lanzaron-el-primer-encuentro-internacional-de-turismo-andino-bioceanico\/","og_locale":"es_ES","og_type":"article","og_title":"Lanzaron el Primer Encuentro Internacional de Turismo Andino Bioce\u00e1nico - Muy Jujuy","og_description":"El encuentro se realizar\u00e1 los d\u00edas 7, 8 y 9 de agosto del presente a\u00f1o, en la ciudad de San Salvador de Jujuy, y reunir\u00e1 a seis pa\u00edses de las regiones andina y bioce\u00e1nica. La iniciativa busca potenciar corredores tur\u00edsticos sostenibles, promoviendo experiencias aut\u00e9nticas e innovadoras que favorezcan la integraci\u00f3n y el fortalecimiento de alianzas [&hellip;]","og_url":"https:\/\/www.muyjujuy.com\/index.php\/2025\/07\/16\/lanzaron-el-primer-encuentro-internacional-de-turismo-andino-bioceanico\/","og_site_name":"Muy Jujuy","article_publisher":"https:\/\/www.facebook.com\/muyjujuycom","article_published_time":"2025-07-16T13:36:26+00:00","author":"admin","twitter_card":"summary_large_image","twitter_creator":"@muyjujuy","twitter_site":"@muyjujuy","twitter_misc":{"Escrito por":"admin","Tiempo de lectura":"1 minuto"},"schema":{"@context":"https:\/\/schema.org","@graph":[{"@type":"Article","@id":"https:\/\/www.muyjujuy.com\/index.php\/2025\/07\/16\/lanzaron-el-primer-encuentro-internacional-de-turismo-andino-bioceanico\/#article","isPartOf":{"@id":"https:\/\/www.muyjujuy.com\/index.php\/2025\/07\/16\/lanzaron-el-primer-encuentro-internacional-de-turismo-andino-bioceanico\/"},"author":{"name":"admin","@id":"https:\/\/www.muyjujuy.com\/#\/schema\/person\/a3b63db1f387ec4149299954904c5bf0"},"headline":"Lanzaron el Primer Encuentro Internacional de Turismo Andino Bioce\u00e1nico","datePublished":"2025-07-16T13:36:26+00:00","mainEntityOfPage":{"@id":"https:\/\/www.muyjujuy.com\/index.php\/2025\/07\/16\/lanzaron-el-primer-encuentro-internacional-de-turismo-andino-bioceanico\/"},"wordCount":281,"commentCount":0,"publisher":{"@id":"https:\/\/www.muyjujuy.com\/#organization"},"image":{"@id":"https:\/\/www.muyjujuy.com\/index.php\/2025\/07\/16\/lanzaron-el-primer-encuentro-internacional-de-turismo-andino-bioceanico\/#primaryimage"},"thumbnailUrl":"https:\/\/www.muyjujuy.com\/wp-content\/uploads\/2025\/07\/JUJUY-3.jpg","articleSection":["JUJUY","Pol\u00edtica"],"inLanguage":"es-AR","potentialAction":[{"@type":"CommentAction","name":"Comment","target":["https:\/\/www.muyjujuy.com\/index.php\/2025\/07\/16\/lanzaron-el-primer-encuentro-internacional-de-turismo-andino-bioceanico\/#respond"]}]},{"@type":"WebPage","@id":"https:\/\/www.muyjujuy.com\/index.php\/2025\/07\/16\/lanzaron-el-primer-encuentro-internacional-de-turismo-andino-bioceanico\/","url":"https:\/\/www.muyjujuy.com\/index.php\/2025\/07\/16\/lanzaron-el-primer-encuentro-internacional-de-turismo-andino-bioceanico\/","name":"Lanzaron el Primer Encuentro Internacional de Turismo Andino Bioce\u00e1nico - Muy Jujuy","isPartOf":{"@id":"https:\/\/www.muyjujuy.com\/#website"},"primaryImageOfPage":{"@id":"https:\/\/www.muyjujuy.com\/index.php\/2025\/07\/16\/lanzaron-el-primer-encuentro-internacional-de-turismo-andino-bioceanico\/#primaryimage"},"image":{"@id":"https:\/\/www.muyjujuy.com\/index.php\/2025\/07\/16\/lanzaron-el-primer-encuentro-internacional-de-turismo-andino-bioceanico\/#primaryimage"},"thumbnailUrl":"https:\/\/www.muyjujuy.com\/wp-content\/uploads\/2025\/07\/JUJUY-3.jpg","datePublished":"2025-07-16T13:36:26+00:00","breadcrumb":{"@id":"https:\/\/www.muyjujuy.com\/index.php\/2025\/07\/16\/lanzaron-el-primer-encuentro-internacional-de-turismo-andino-bioceanico\/#breadcrumb"},"inLanguage":"es-AR","potentialAction":[{"@type":"ReadAction","target":["https:\/\/www.muyjujuy.com\/index.php\/2025\/07\/16\/lanzaron-el-primer-encuentro-internacional-de-turismo-andino-bioceanico\/"]}]},{"@type":"ImageObject","inLanguage":"es-AR","@id":"https:\/\/www.muyjujuy.com\/index.php\/2025\/07\/16\/lanzaron-el-primer-encuentro-internacional-de-turismo-andino-bioceanico\/#primaryimage","url":"https:\/\/www.muyjujuy.com\/wp-content\/uploads\/2025\/07\/JUJUY-3.jpg","contentUrl":"https:\/\/www.muyjujuy.com\/wp-content\/uploads\/2025\/07\/JUJUY-3.jpg","width":936,"height":533},{"@type":"BreadcrumbList","@id":"https:\/\/www.muyjujuy.com\/index.php\/2025\/07\/16\/lanzaron-el-primer-encuentro-internacional-de-turismo-andino-bioceanico\/#breadcrumb","itemListElement":[{"@type":"ListItem","position":1,"name":"Inicio","item":"https:\/\/www.muyjujuy.com\/"},{"@type":"ListItem","position":2,"name":"Lanzaron el Primer Encuentro Internacional de Turismo Andino Bioce\u00e1nico"}]},{"@type":"WebSite","@id":"https:\/\/www.muyjujuy.com\/#website","url":"https:\/\/www.muyjujuy.com\/","name":"Muy Jujuy","description":"","publisher":{"@id":"https:\/\/www.muyjujuy.com\/#organization"},"potentialAction":[{"@type":"SearchAction","target":{"@type":"EntryPoint","urlTemplate":"https:\/\/www.muyjujuy.com\/?s={search_term_string}"},"query-input":{"@type":"PropertyValueSpecification","valueRequired":true,"valueName":"search_term_string"}}],"inLanguage":"es-AR"},{"@type":"Organization","@id":"https:\/\/www.muyjujuy.com\/#organization","name":"Muy Jujuy","url":"https:\/\/www.muyjujuy.com\/","logo":{"@type":"ImageObject","inLanguage":"es-AR","@id":"https:\/\/www.muyjujuy.com\/#\/schema\/logo\/image\/","url":"http:\/\/www.muyjujuy.com\/wp-content\/uploads\/2022\/05\/logo-mobil-jujuy.png","contentUrl":"http:\/\/www.muyjujuy.com\/wp-content\/uploads\/2022\/05\/logo-mobil-jujuy.png","width":174,"height":81,"caption":"Muy Jujuy"},"image":{"@id":"https:\/\/www.muyjujuy.com\/#\/schema\/logo\/image\/"},"sameAs":["https:\/\/www.facebook.com\/muyjujuycom","https:\/\/x.com\/muyjujuy","https:\/\/www.instagram.com\/muyjujuycom"]},{"@type":"Person","@id":"https:\/\/www.muyjujuy.com\/#\/schema\/person\/a3b63db1f387ec4149299954904c5bf0","name":"admin","image":{"@type":"ImageObject","inLanguage":"es-AR","@id":"https:\/\/secure.gravatar.com\/avatar\/b6e63d8d3a73633362405a0ad27e9c28391755813b59886f19a99d6cef8a03fc?s=96&d=mm&r=g","url":"https:\/\/secure.gravatar.com\/avatar\/b6e63d8d3a73633362405a0ad27e9c28391755813b59886f19a99d6cef8a03fc?s=96&d=mm&r=g","contentUrl":"https:\/\/secure.gravatar.com\/avatar\/b6e63d8d3a73633362405a0ad27e9c28391755813b59886f19a99d6cef8a03fc?s=96&d=mm&r=g","caption":"admin"},"url":"https:\/\/www.muyjujuy.com\/index.php\/author\/soyeleditor\/"}]}},"_links":{"self":[{"href":"https:\/\/www.muyjujuy.com\/index.php\/wp-json\/wp\/v2\/posts\/2683","targetHints":{"allow":["GET"]}}],"collection":[{"href":"https:\/\/www.muyjujuy.com\/index.php\/wp-json\/wp\/v2\/posts"}],"about":[{"href":"https:\/\/www.muyjujuy.com\/index.php\/wp-json\/wp\/v2\/types\/post"}],"author":[{"embeddable":true,"href":"https:\/\/www.muyjujuy.com\/index.php\/wp-json\/wp\/v2\/users\/1"}],"replies":[{"embeddable":true,"href":"https:\/\/www.muyjujuy.com\/index.php\/wp-json\/wp\/v2\/comments?post=2683"}],"version-history":[{"count":1,"href":"https:\/\/www.muyjujuy.com\/index.php\/wp-json\/wp\/v2\/posts\/2683\/revisions"}],"predecessor-version":[{"id":2685,"href":"https:\/\/www.muyjujuy.com\/index.php\/wp-json\/wp\/v2\/posts\/2683\/revisions\/2685"}],"wp:featuredmedia":[{"embeddable":true,"href":"https:\/\/www.muyjujuy.com\/index.php\/wp-json\/wp\/v2\/media\/2684"}],"wp:attachment":[{"href":"https:\/\/www.muyjujuy.com\/index.php\/wp-json\/wp\/v2\/media?parent=2683"}],"wp:term":[{"taxonomy":"category","embeddable":true,"href":"https:\/\/www.muyjujuy.com\/index.php\/wp-json\/wp\/v2\/categories?post=2683"},{"taxonomy":"post_tag","embeddable":true,"href":"https:\/\/www.muyjujuy.com\/index.php\/wp-json\/wp\/v2\/tags?post=2683"}],"curies":[{"name":"wp","href":"https:\/\/api.w.org\/{rel}","templated":true}]}}