{"id":2692,"date":"2025-07-17T09:45:25","date_gmt":"2025-07-17T12:45:25","guid":{"rendered":"https:\/\/www.muyjujuy.com\/?p=2692"},"modified":"2025-07-17T09:45:25","modified_gmt":"2025-07-17T12:45:25","slug":"gimnasia-busca-sostener-la-cima-de-la-zona-b-frente-al-cadu-en-un-duelo-de-contrastes","status":"publish","type":"post","link":"https:\/\/www.muyjujuy.com\/index.php\/2025\/07\/17\/gimnasia-busca-sostener-la-cima-de-la-zona-b-frente-al-cadu-en-un-duelo-de-contrastes\/","title":{"rendered":"Gimnasia busca sostener la cima de la Zona B frente al CADU en un duelo de contrastes"},"content":{"rendered":"\n<p>El pr\u00f3ximo <strong>domingo a las 16 horas, en el estadio 23 de Agosto<\/strong>, el l\u00edder del torneo recibir\u00e1 al pen\u00faltimo de la tabla. El encuentro ser\u00e1 arbitrado por <strong>Maximiliano Macheroni<\/strong>.<\/p>\n\n\n\n<p>El escenario del <strong>\u201c23 de Agosto\u201d<\/strong> se prepara para vibrar este <strong>domingo 20 de julio<\/strong>, cuando <strong>Gimnasia y Esgrima de Jujuy<\/strong> reciba, desde las <strong>16 horas<\/strong>, a <strong>Club Atl\u00e9tico Defensores Unidos (CADU)<\/strong>, en el marco de la <strong>fecha 23 de la Primera Nacional, Zona B<\/strong>.<\/p>\n\n\n\n<p>El compromiso contar\u00e1 con el arbitraje principal de <strong>Maximiliano Macheroni<\/strong>, acompa\u00f1ado por <strong>Eduardo Lucero<\/strong> y <strong>Jos\u00e9 Ponce<\/strong> como asistentes, mientras que <strong>Federico Guaymas<\/strong> ser\u00e1 el cuarto \u00e1rbitro.<\/p>\n\n\n\n<p>Ser\u00e1 un duelo que enfrentar\u00e1 <strong>dos realidades opuestas: la gran actualidad del \u201cLobo\u201d y la urgencia del equipo visitante por sumar puntos<\/strong>.<\/p>\n\n\n\n<p>Con un marco que anticipa <strong>tribunas colmadas y el aliento incesante de la hinchada albiceleste<\/strong>, el conjunto juje\u00f1o llega con la motivaci\u00f3n suficiente para <strong>defender la punta, ratificar su gran campa\u00f1a y extender su racha invicta de 12 encuentros<\/strong>.<\/p>\n\n\n\n<p>El choque entre un <strong>Gimnasia s\u00f3lido y equilibrado<\/strong> y un <strong>CADU que pelea por escapar de los \u00faltimos lugares<\/strong>, se perfila como un partido cargado de emociones. Los dirigidos por <strong>Mat\u00edas M\u00f3dolo<\/strong> llegan como l\u00edderes absolutos de la <strong>Zona B con 42 puntos<\/strong>, dos m\u00e1s que su perseguidor inmediato, <strong>Gimnasia de Mendoza (40)<\/strong>, y tres por encima del puntero de la <strong>Zona A, Atlanta (39)<\/strong>.<\/p>\n\n\n\n<p>Sin perder la humildad, las cifras reflejan una campa\u00f1a sobresaliente: en <strong>22 partidos disputados<\/strong>, Gimnasia <strong>gan\u00f3 11, empat\u00f3 9 y perdi\u00f3 solo 2<\/strong>, con <strong>23 goles a favor y 10 en contra<\/strong>. Adem\u00e1s, suma <strong>14 vallas invictas<\/strong>, con un promedio de <strong>0,4 goles recibidos por encuentro<\/strong>, lo que equivale a <strong>un gol cada tres juegos<\/strong>.<\/p>\n\n\n\n<p>Por su parte, la situaci\u00f3n de <strong>CADU es completamente opuesta<\/strong>. Con apenas <strong>10 puntos<\/strong>, se ubica en el pen\u00faltimo puesto, acumulando <strong>8 goles a favor y 37 en contra<\/strong>.<\/p>\n","protected":false},"excerpt":{"rendered":"<p>El pr\u00f3ximo domingo a las 16 horas, en el estadio 23 de Agosto, el l\u00edder del torneo recibir\u00e1 al pen\u00faltimo de la tabla. El encuentro ser\u00e1 arbitrado por Maximiliano Macheroni. El escenario del \u201c23 de Agosto\u201d se prepara para vibrar este domingo 20 de julio, cuando Gimnasia y Esgrima de Jujuy reciba, desde las 16 [&hellip;]<\/p>\n","protected":false},"author":1,"featured_media":2693,"comment_status":"open","ping_status":"open","sticky":false,"template":"","format":"standard","meta":{"footnotes":""},"categories":[26,863],"tags":[],"class_list":{"0":"post-2692","1":"post","2":"type-post","3":"status-publish","4":"format-standard","5":"has-post-thumbnail","7":"category-deportes","8":"category-jujuy"},"yoast_head":"<!-- This site is optimized with the Yoast SEO plugin v27.5 - https:\/\/yoast.com\/product\/yoast-seo-wordpress\/ -->\n<title>Gimnasia busca sostener la cima de la Zona B frente al CADU en un duelo de contrastes - Muy Jujuy<\/title>\n<meta name=\"robots\" content=\"index, follow, max-snippet:-1, max-image-preview:large, max-video-preview:-1\" \/>\n<link rel=\"canonical\" href=\"https:\/\/www.muyjujuy.com\/index.php\/2025\/07\/17\/gimnasia-busca-sostener-la-cima-de-la-zona-b-frente-al-cadu-en-un-duelo-de-contrastes\/\" \/>\n<meta property=\"og:locale\" content=\"es_ES\" \/>\n<meta property=\"og:type\" content=\"article\" \/>\n<meta property=\"og:title\" content=\"Gimnasia busca sostener la cima de la Zona B frente al CADU en un duelo de contrastes - Muy Jujuy\" \/>\n<meta property=\"og:description\" content=\"El pr\u00f3ximo domingo a las 16 horas, en el estadio 23 de Agosto, el l\u00edder del torneo recibir\u00e1 al pen\u00faltimo de la tabla. El encuentro ser\u00e1 arbitrado por Maximiliano Macheroni. El escenario del \u201c23 de Agosto\u201d se prepara para vibrar este domingo 20 de julio, cuando Gimnasia y Esgrima de Jujuy reciba, desde las 16 [&hellip;]\" \/>\n<meta property=\"og:url\" content=\"https:\/\/www.muyjujuy.com\/index.php\/2025\/07\/17\/gimnasia-busca-sostener-la-cima-de-la-zona-b-frente-al-cadu-en-un-duelo-de-contrastes\/\" \/>\n<meta property=\"og:site_name\" content=\"Muy Jujuy\" \/>\n<meta property=\"article:publisher\" content=\"https:\/\/www.facebook.com\/muyjujuycom\" \/>\n<meta property=\"article:published_time\" content=\"2025-07-17T12:45:25+00:00\" \/>\n<meta name=\"author\" content=\"admin\" \/>\n<meta name=\"twitter:card\" content=\"summary_large_image\" \/>\n<meta name=\"twitter:creator\" content=\"@muyjujuy\" \/>\n<meta name=\"twitter:site\" content=\"@muyjujuy\" \/>\n<meta name=\"twitter:label1\" content=\"Escrito por\" \/>\n\t<meta name=\"twitter:data1\" content=\"admin\" \/>\n\t<meta name=\"twitter:label2\" content=\"Tiempo de lectura\" \/>\n\t<meta name=\"twitter:data2\" content=\"2 minutos\" \/>\n<script type=\"application\/ld+json\" class=\"yoast-schema-graph\">{\"@context\":\"https:\\\/\\\/schema.org\",\"@graph\":[{\"@type\":\"Article\",\"@id\":\"https:\\\/\\\/www.muyjujuy.com\\\/index.php\\\/2025\\\/07\\\/17\\\/gimnasia-busca-sostener-la-cima-de-la-zona-b-frente-al-cadu-en-un-duelo-de-contrastes\\\/#article\",\"isPartOf\":{\"@id\":\"https:\\\/\\\/www.muyjujuy.com\\\/index.php\\\/2025\\\/07\\\/17\\\/gimnasia-busca-sostener-la-cima-de-la-zona-b-frente-al-cadu-en-un-duelo-de-contrastes\\\/\"},\"author\":{\"name\":\"admin\",\"@id\":\"https:\\\/\\\/www.muyjujuy.com\\\/#\\\/schema\\\/person\\\/a3b63db1f387ec4149299954904c5bf0\"},\"headline\":\"Gimnasia busca sostener la cima de la Zona B frente al CADU en un duelo de contrastes\",\"datePublished\":\"2025-07-17T12:45:25+00:00\",\"mainEntityOfPage\":{\"@id\":\"https:\\\/\\\/www.muyjujuy.com\\\/index.php\\\/2025\\\/07\\\/17\\\/gimnasia-busca-sostener-la-cima-de-la-zona-b-frente-al-cadu-en-un-duelo-de-contrastes\\\/\"},\"wordCount\":325,\"commentCount\":0,\"publisher\":{\"@id\":\"https:\\\/\\\/www.muyjujuy.com\\\/#organization\"},\"image\":{\"@id\":\"https:\\\/\\\/www.muyjujuy.com\\\/index.php\\\/2025\\\/07\\\/17\\\/gimnasia-busca-sostener-la-cima-de-la-zona-b-frente-al-cadu-en-un-duelo-de-contrastes\\\/#primaryimage\"},\"thumbnailUrl\":\"https:\\\/\\\/www.muyjujuy.com\\\/wp-content\\\/uploads\\\/2025\\\/07\\\/futbol.jpg\",\"articleSection\":[\"Deportes\",\"JUJUY\"],\"inLanguage\":\"es-AR\",\"potentialAction\":[{\"@type\":\"CommentAction\",\"name\":\"Comment\",\"target\":[\"https:\\\/\\\/www.muyjujuy.com\\\/index.php\\\/2025\\\/07\\\/17\\\/gimnasia-busca-sostener-la-cima-de-la-zona-b-frente-al-cadu-en-un-duelo-de-contrastes\\\/#respond\"]}]},{\"@type\":\"WebPage\",\"@id\":\"https:\\\/\\\/www.muyjujuy.com\\\/index.php\\\/2025\\\/07\\\/17\\\/gimnasia-busca-sostener-la-cima-de-la-zona-b-frente-al-cadu-en-un-duelo-de-contrastes\\\/\",\"url\":\"https:\\\/\\\/www.muyjujuy.com\\\/index.php\\\/2025\\\/07\\\/17\\\/gimnasia-busca-sostener-la-cima-de-la-zona-b-frente-al-cadu-en-un-duelo-de-contrastes\\\/\",\"name\":\"Gimnasia busca sostener la cima de la Zona B frente al CADU en un duelo de contrastes - Muy Jujuy\",\"isPartOf\":{\"@id\":\"https:\\\/\\\/www.muyjujuy.com\\\/#website\"},\"primaryImageOfPage\":{\"@id\":\"https:\\\/\\\/www.muyjujuy.com\\\/index.php\\\/2025\\\/07\\\/17\\\/gimnasia-busca-sostener-la-cima-de-la-zona-b-frente-al-cadu-en-un-duelo-de-contrastes\\\/#primaryimage\"},\"image\":{\"@id\":\"https:\\\/\\\/www.muyjujuy.com\\\/index.php\\\/2025\\\/07\\\/17\\\/gimnasia-busca-sostener-la-cima-de-la-zona-b-frente-al-cadu-en-un-duelo-de-contrastes\\\/#primaryimage\"},\"thumbnailUrl\":\"https:\\\/\\\/www.muyjujuy.com\\\/wp-content\\\/uploads\\\/2025\\\/07\\\/futbol.jpg\",\"datePublished\":\"2025-07-17T12:45:25+00:00\",\"breadcrumb\":{\"@id\":\"https:\\\/\\\/www.muyjujuy.com\\\/index.php\\\/2025\\\/07\\\/17\\\/gimnasia-busca-sostener-la-cima-de-la-zona-b-frente-al-cadu-en-un-duelo-de-contrastes\\\/#breadcrumb\"},\"inLanguage\":\"es-AR\",\"potentialAction\":[{\"@type\":\"ReadAction\",\"target\":[\"https:\\\/\\\/www.muyjujuy.com\\\/index.php\\\/2025\\\/07\\\/17\\\/gimnasia-busca-sostener-la-cima-de-la-zona-b-frente-al-cadu-en-un-duelo-de-contrastes\\\/\"]}]},{\"@type\":\"ImageObject\",\"inLanguage\":\"es-AR\",\"@id\":\"https:\\\/\\\/www.muyjujuy.com\\\/index.php\\\/2025\\\/07\\\/17\\\/gimnasia-busca-sostener-la-cima-de-la-zona-b-frente-al-cadu-en-un-duelo-de-contrastes\\\/#primaryimage\",\"url\":\"https:\\\/\\\/www.muyjujuy.com\\\/wp-content\\\/uploads\\\/2025\\\/07\\\/futbol.jpg\",\"contentUrl\":\"https:\\\/\\\/www.muyjujuy.com\\\/wp-content\\\/uploads\\\/2025\\\/07\\\/futbol.jpg\",\"width\":861,\"height\":535},{\"@type\":\"BreadcrumbList\",\"@id\":\"https:\\\/\\\/www.muyjujuy.com\\\/index.php\\\/2025\\\/07\\\/17\\\/gimnasia-busca-sostener-la-cima-de-la-zona-b-frente-al-cadu-en-un-duelo-de-contrastes\\\/#breadcrumb\",\"itemListElement\":[{\"@type\":\"ListItem\",\"position\":1,\"name\":\"Inicio\",\"item\":\"https:\\\/\\\/www.muyjujuy.com\\\/\"},{\"@type\":\"ListItem\",\"position\":2,\"name\":\"Gimnasia busca sostener la cima de la Zona B frente al CADU en un duelo de contrastes\"}]},{\"@type\":\"WebSite\",\"@id\":\"https:\\\/\\\/www.muyjujuy.com\\\/#website\",\"url\":\"https:\\\/\\\/www.muyjujuy.com\\\/\",\"name\":\"Muy Jujuy\",\"description\":\"\",\"publisher\":{\"@id\":\"https:\\\/\\\/www.muyjujuy.com\\\/#organization\"},\"potentialAction\":[{\"@type\":\"SearchAction\",\"target\":{\"@type\":\"EntryPoint\",\"urlTemplate\":\"https:\\\/\\\/www.muyjujuy.com\\\/?s={search_term_string}\"},\"query-input\":{\"@type\":\"PropertyValueSpecification\",\"valueRequired\":true,\"valueName\":\"search_term_string\"}}],\"inLanguage\":\"es-AR\"},{\"@type\":\"Organization\",\"@id\":\"https:\\\/\\\/www.muyjujuy.com\\\/#organization\",\"name\":\"Muy Jujuy\",\"url\":\"https:\\\/\\\/www.muyjujuy.com\\\/\",\"logo\":{\"@type\":\"ImageObject\",\"inLanguage\":\"es-AR\",\"@id\":\"https:\\\/\\\/www.muyjujuy.com\\\/#\\\/schema\\\/logo\\\/image\\\/\",\"url\":\"http:\\\/\\\/www.muyjujuy.com\\\/wp-content\\\/uploads\\\/2022\\\/05\\\/logo-mobil-jujuy.png\",\"contentUrl\":\"http:\\\/\\\/www.muyjujuy.com\\\/wp-content\\\/uploads\\\/2022\\\/05\\\/logo-mobil-jujuy.png\",\"width\":174,\"height\":81,\"caption\":\"Muy Jujuy\"},\"image\":{\"@id\":\"https:\\\/\\\/www.muyjujuy.com\\\/#\\\/schema\\\/logo\\\/image\\\/\"},\"sameAs\":[\"https:\\\/\\\/www.facebook.com\\\/muyjujuycom\",\"https:\\\/\\\/x.com\\\/muyjujuy\",\"https:\\\/\\\/www.instagram.com\\\/muyjujuycom\"]},{\"@type\":\"Person\",\"@id\":\"https:\\\/\\\/www.muyjujuy.com\\\/#\\\/schema\\\/person\\\/a3b63db1f387ec4149299954904c5bf0\",\"name\":\"admin\",\"image\":{\"@type\":\"ImageObject\",\"inLanguage\":\"es-AR\",\"@id\":\"https:\\\/\\\/secure.gravatar.com\\\/avatar\\\/b6e63d8d3a73633362405a0ad27e9c28391755813b59886f19a99d6cef8a03fc?s=96&d=mm&r=g\",\"url\":\"https:\\\/\\\/secure.gravatar.com\\\/avatar\\\/b6e63d8d3a73633362405a0ad27e9c28391755813b59886f19a99d6cef8a03fc?s=96&d=mm&r=g\",\"contentUrl\":\"https:\\\/\\\/secure.gravatar.com\\\/avatar\\\/b6e63d8d3a73633362405a0ad27e9c28391755813b59886f19a99d6cef8a03fc?s=96&d=mm&r=g\",\"caption\":\"admin\"},\"url\":\"https:\\\/\\\/www.muyjujuy.com\\\/index.php\\\/author\\\/soyeleditor\\\/\"}]}<\/script>\n<!-- \/ Yoast SEO plugin. -->","yoast_head_json":{"title":"Gimnasia busca sostener la cima de la Zona B frente al CADU en un duelo de contrastes - Muy Jujuy","robots":{"index":"index","follow":"follow","max-snippet":"max-snippet:-1","max-image-preview":"max-image-preview:large","max-video-preview":"max-video-preview:-1"},"canonical":"https:\/\/www.muyjujuy.com\/index.php\/2025\/07\/17\/gimnasia-busca-sostener-la-cima-de-la-zona-b-frente-al-cadu-en-un-duelo-de-contrastes\/","og_locale":"es_ES","og_type":"article","og_title":"Gimnasia busca sostener la cima de la Zona B frente al CADU en un duelo de contrastes - Muy Jujuy","og_description":"El pr\u00f3ximo domingo a las 16 horas, en el estadio 23 de Agosto, el l\u00edder del torneo recibir\u00e1 al pen\u00faltimo de la tabla. El encuentro ser\u00e1 arbitrado por Maximiliano Macheroni. El escenario del \u201c23 de Agosto\u201d se prepara para vibrar este domingo 20 de julio, cuando Gimnasia y Esgrima de Jujuy reciba, desde las 16 [&hellip;]","og_url":"https:\/\/www.muyjujuy.com\/index.php\/2025\/07\/17\/gimnasia-busca-sostener-la-cima-de-la-zona-b-frente-al-cadu-en-un-duelo-de-contrastes\/","og_site_name":"Muy Jujuy","article_publisher":"https:\/\/www.facebook.com\/muyjujuycom","article_published_time":"2025-07-17T12:45:25+00:00","author":"admin","twitter_card":"summary_large_image","twitter_creator":"@muyjujuy","twitter_site":"@muyjujuy","twitter_misc":{"Escrito por":"admin","Tiempo de lectura":"2 minutos"},"schema":{"@context":"https:\/\/schema.org","@graph":[{"@type":"Article","@id":"https:\/\/www.muyjujuy.com\/index.php\/2025\/07\/17\/gimnasia-busca-sostener-la-cima-de-la-zona-b-frente-al-cadu-en-un-duelo-de-contrastes\/#article","isPartOf":{"@id":"https:\/\/www.muyjujuy.com\/index.php\/2025\/07\/17\/gimnasia-busca-sostener-la-cima-de-la-zona-b-frente-al-cadu-en-un-duelo-de-contrastes\/"},"author":{"name":"admin","@id":"https:\/\/www.muyjujuy.com\/#\/schema\/person\/a3b63db1f387ec4149299954904c5bf0"},"headline":"Gimnasia busca sostener la cima de la Zona B frente al CADU en un duelo de contrastes","datePublished":"2025-07-17T12:45:25+00:00","mainEntityOfPage":{"@id":"https:\/\/www.muyjujuy.com\/index.php\/2025\/07\/17\/gimnasia-busca-sostener-la-cima-de-la-zona-b-frente-al-cadu-en-un-duelo-de-contrastes\/"},"wordCount":325,"commentCount":0,"publisher":{"@id":"https:\/\/www.muyjujuy.com\/#organization"},"image":{"@id":"https:\/\/www.muyjujuy.com\/index.php\/2025\/07\/17\/gimnasia-busca-sostener-la-cima-de-la-zona-b-frente-al-cadu-en-un-duelo-de-contrastes\/#primaryimage"},"thumbnailUrl":"https:\/\/www.muyjujuy.com\/wp-content\/uploads\/2025\/07\/futbol.jpg","articleSection":["Deportes","JUJUY"],"inLanguage":"es-AR","potentialAction":[{"@type":"CommentAction","name":"Comment","target":["https:\/\/www.muyjujuy.com\/index.php\/2025\/07\/17\/gimnasia-busca-sostener-la-cima-de-la-zona-b-frente-al-cadu-en-un-duelo-de-contrastes\/#respond"]}]},{"@type":"WebPage","@id":"https:\/\/www.muyjujuy.com\/index.php\/2025\/07\/17\/gimnasia-busca-sostener-la-cima-de-la-zona-b-frente-al-cadu-en-un-duelo-de-contrastes\/","url":"https:\/\/www.muyjujuy.com\/index.php\/2025\/07\/17\/gimnasia-busca-sostener-la-cima-de-la-zona-b-frente-al-cadu-en-un-duelo-de-contrastes\/","name":"Gimnasia busca sostener la cima de la Zona B frente al CADU en un duelo de contrastes - Muy Jujuy","isPartOf":{"@id":"https:\/\/www.muyjujuy.com\/#website"},"primaryImageOfPage":{"@id":"https:\/\/www.muyjujuy.com\/index.php\/2025\/07\/17\/gimnasia-busca-sostener-la-cima-de-la-zona-b-frente-al-cadu-en-un-duelo-de-contrastes\/#primaryimage"},"image":{"@id":"https:\/\/www.muyjujuy.com\/index.php\/2025\/07\/17\/gimnasia-busca-sostener-la-cima-de-la-zona-b-frente-al-cadu-en-un-duelo-de-contrastes\/#primaryimage"},"thumbnailUrl":"https:\/\/www.muyjujuy.com\/wp-content\/uploads\/2025\/07\/futbol.jpg","datePublished":"2025-07-17T12:45:25+00:00","breadcrumb":{"@id":"https:\/\/www.muyjujuy.com\/index.php\/2025\/07\/17\/gimnasia-busca-sostener-la-cima-de-la-zona-b-frente-al-cadu-en-un-duelo-de-contrastes\/#breadcrumb"},"inLanguage":"es-AR","potentialAction":[{"@type":"ReadAction","target":["https:\/\/www.muyjujuy.com\/index.php\/2025\/07\/17\/gimnasia-busca-sostener-la-cima-de-la-zona-b-frente-al-cadu-en-un-duelo-de-contrastes\/"]}]},{"@type":"ImageObject","inLanguage":"es-AR","@id":"https:\/\/www.muyjujuy.com\/index.php\/2025\/07\/17\/gimnasia-busca-sostener-la-cima-de-la-zona-b-frente-al-cadu-en-un-duelo-de-contrastes\/#primaryimage","url":"https:\/\/www.muyjujuy.com\/wp-content\/uploads\/2025\/07\/futbol.jpg","contentUrl":"https:\/\/www.muyjujuy.com\/wp-content\/uploads\/2025\/07\/futbol.jpg","width":861,"height":535},{"@type":"BreadcrumbList","@id":"https:\/\/www.muyjujuy.com\/index.php\/2025\/07\/17\/gimnasia-busca-sostener-la-cima-de-la-zona-b-frente-al-cadu-en-un-duelo-de-contrastes\/#breadcrumb","itemListElement":[{"@type":"ListItem","position":1,"name":"Inicio","item":"https:\/\/www.muyjujuy.com\/"},{"@type":"ListItem","position":2,"name":"Gimnasia busca sostener la cima de la Zona B frente al CADU en un duelo de contrastes"}]},{"@type":"WebSite","@id":"https:\/\/www.muyjujuy.com\/#website","url":"https:\/\/www.muyjujuy.com\/","name":"Muy Jujuy","description":"","publisher":{"@id":"https:\/\/www.muyjujuy.com\/#organization"},"potentialAction":[{"@type":"SearchAction","target":{"@type":"EntryPoint","urlTemplate":"https:\/\/www.muyjujuy.com\/?s={search_term_string}"},"query-input":{"@type":"PropertyValueSpecification","valueRequired":true,"valueName":"search_term_string"}}],"inLanguage":"es-AR"},{"@type":"Organization","@id":"https:\/\/www.muyjujuy.com\/#organization","name":"Muy Jujuy","url":"https:\/\/www.muyjujuy.com\/","logo":{"@type":"ImageObject","inLanguage":"es-AR","@id":"https:\/\/www.muyjujuy.com\/#\/schema\/logo\/image\/","url":"http:\/\/www.muyjujuy.com\/wp-content\/uploads\/2022\/05\/logo-mobil-jujuy.png","contentUrl":"http:\/\/www.muyjujuy.com\/wp-content\/uploads\/2022\/05\/logo-mobil-jujuy.png","width":174,"height":81,"caption":"Muy Jujuy"},"image":{"@id":"https:\/\/www.muyjujuy.com\/#\/schema\/logo\/image\/"},"sameAs":["https:\/\/www.facebook.com\/muyjujuycom","https:\/\/x.com\/muyjujuy","https:\/\/www.instagram.com\/muyjujuycom"]},{"@type":"Person","@id":"https:\/\/www.muyjujuy.com\/#\/schema\/person\/a3b63db1f387ec4149299954904c5bf0","name":"admin","image":{"@type":"ImageObject","inLanguage":"es-AR","@id":"https:\/\/secure.gravatar.com\/avatar\/b6e63d8d3a73633362405a0ad27e9c28391755813b59886f19a99d6cef8a03fc?s=96&d=mm&r=g","url":"https:\/\/secure.gravatar.com\/avatar\/b6e63d8d3a73633362405a0ad27e9c28391755813b59886f19a99d6cef8a03fc?s=96&d=mm&r=g","contentUrl":"https:\/\/secure.gravatar.com\/avatar\/b6e63d8d3a73633362405a0ad27e9c28391755813b59886f19a99d6cef8a03fc?s=96&d=mm&r=g","caption":"admin"},"url":"https:\/\/www.muyjujuy.com\/index.php\/author\/soyeleditor\/"}]}},"_links":{"self":[{"href":"https:\/\/www.muyjujuy.com\/index.php\/wp-json\/wp\/v2\/posts\/2692","targetHints":{"allow":["GET"]}}],"collection":[{"href":"https:\/\/www.muyjujuy.com\/index.php\/wp-json\/wp\/v2\/posts"}],"about":[{"href":"https:\/\/www.muyjujuy.com\/index.php\/wp-json\/wp\/v2\/types\/post"}],"author":[{"embeddable":true,"href":"https:\/\/www.muyjujuy.com\/index.php\/wp-json\/wp\/v2\/users\/1"}],"replies":[{"embeddable":true,"href":"https:\/\/www.muyjujuy.com\/index.php\/wp-json\/wp\/v2\/comments?post=2692"}],"version-history":[{"count":1,"href":"https:\/\/www.muyjujuy.com\/index.php\/wp-json\/wp\/v2\/posts\/2692\/revisions"}],"predecessor-version":[{"id":2694,"href":"https:\/\/www.muyjujuy.com\/index.php\/wp-json\/wp\/v2\/posts\/2692\/revisions\/2694"}],"wp:featuredmedia":[{"embeddable":true,"href":"https:\/\/www.muyjujuy.com\/index.php\/wp-json\/wp\/v2\/media\/2693"}],"wp:attachment":[{"href":"https:\/\/www.muyjujuy.com\/index.php\/wp-json\/wp\/v2\/media?parent=2692"}],"wp:term":[{"taxonomy":"category","embeddable":true,"href":"https:\/\/www.muyjujuy.com\/index.php\/wp-json\/wp\/v2\/categories?post=2692"},{"taxonomy":"post_tag","embeddable":true,"href":"https:\/\/www.muyjujuy.com\/index.php\/wp-json\/wp\/v2\/tags?post=2692"}],"curies":[{"name":"wp","href":"https:\/\/api.w.org\/{rel}","templated":true}]}}