{"id":2698,"date":"2025-07-18T11:08:38","date_gmt":"2025-07-18T14:08:38","guid":{"rendered":"https:\/\/www.muyjujuy.com\/?p=2698"},"modified":"2025-07-18T11:08:38","modified_gmt":"2025-07-18T14:08:38","slug":"el-28-de-julio-comienza-el-reempadronamiento-del-begu-para-estudiantes-terciarios-y-universitarios","status":"publish","type":"post","link":"https:\/\/www.muyjujuy.com\/index.php\/2025\/07\/18\/el-28-de-julio-comienza-el-reempadronamiento-del-begu-para-estudiantes-terciarios-y-universitarios\/","title":{"rendered":"El 28 de julio comienza el reempadronamiento del BEGU para estudiantes terciarios y universitarios"},"content":{"rendered":"\n<p><strong>La Municipalidad de San Salvador de Jujuy anunci\u00f3 que, entre el 28 de julio y el 20 de agosto, se habilitar\u00e1 el reempadronamiento del Boleto Estudiantil Gratuito y Universal (BEGU)<\/strong> destinado a estudiantes de nivel terciario y universitario.<\/p>\n\n\n\n<p>El tr\u00e1mite deber\u00e1 realizarse <strong>exclusivamente a trav\u00e9s del portal oficial:<\/strong> <a class=\"\" href=\"http:\/\/sansalvadordejujuy.gob.ar\/begu\">http:\/\/sansalvadordejujuy.gob.ar\/begu<\/a>.<\/p>\n\n\n\n<p>Cynthia Haquim, <strong>directora de Atributos Sociales<\/strong>, explic\u00f3 que esta medida se implementa con el inicio del segundo cuatrimestre: <strong>\u201cLas inscripciones estar\u00e1n disponibles a partir del 28 de julio para que los estudiantes de nivel terciario y universitario puedan concretar el reempadronamiento, considerando que en esa fecha se reanudan las clases y buscamos garantizar que cuenten con la constancia de alumno regular\u201d<\/strong>, indic\u00f3.<\/p>\n\n\n\n<p>La funcionaria subray\u00f3 la importancia de cumplir con los plazos: <strong>\u201cEl proceso concluir\u00e1 el 20 de agosto y, pasado ese d\u00eda, no se podr\u00e1n realizar inscripciones en la web. Por ello, es fundamental que los estudiantes no posterguen el tr\u00e1mite y lo realicen en tiempo y forma\u201d<\/strong>.<\/p>\n\n\n\n<p><strong>Para acceder al beneficio, los requisitos son los siguientes:<\/strong><\/p>\n\n\n\n<ul class=\"wp-block-list\">\n<li><strong>Constancia de alumno regular actualizada<\/strong>, que incluya nombre, apellido, curso o a\u00f1o y per\u00edodo lectivo, sellada por la instituci\u00f3n y firmada por una autoridad competente. En el nivel universitario, deber\u00e1 especificar la condici\u00f3n del estudiante (activo simple o pleno).<\/li>\n\n\n\n<li><strong>Documento Nacional de Identidad vigente<\/strong>, considerando el domicilio consignado en el mismo.<\/li>\n\n\n\n<li><strong>Tarjeta SUBE registrada a nombre del estudiante<\/strong>.<\/li>\n<\/ul>\n\n\n\n<p>Haquim destac\u00f3 que: <strong>\u201cLa inscripci\u00f3n se realiza \u00fanicamente a trav\u00e9s de la p\u00e1gina oficial. Es imprescindible contar con la constancia de alumno regular, el DNI y la SUBE registrada a nombre del titular. Sin tarjeta SUBE no se podr\u00e1 habilitar el beneficio\u201d<\/strong>.<\/p>\n\n\n\n<p>Asimismo, se aclar\u00f3 que <strong>los estudiantes de nivel secundario para adultos no deber\u00e1n realizar este reempadronamiento, ya que su beneficio seguir\u00e1 activo<\/strong>.<\/p>\n\n\n\n<p>Finalmente, <strong>la Municipalidad solicit\u00f3 a las instituciones educativas de nivel terciario y universitario enviar el listado de alumnos beneficiarios, en car\u00e1cter de declaraci\u00f3n jurada, desde un correo institucional al siguiente e-mail:<\/strong> <a>ugsbegu.ssdejujuy@gmail.com<\/a>.<\/p>\n","protected":false},"excerpt":{"rendered":"<p>La Municipalidad de San Salvador de Jujuy anunci\u00f3 que, entre el 28 de julio y el 20 de agosto, se habilitar\u00e1 el reempadronamiento del Boleto Estudiantil Gratuito y Universal (BEGU) destinado a estudiantes de nivel terciario y universitario. El tr\u00e1mite deber\u00e1 realizarse exclusivamente a trav\u00e9s del portal oficial: http:\/\/sansalvadordejujuy.gob.ar\/begu. Cynthia Haquim, directora de Atributos Sociales, [&hellip;]<\/p>\n","protected":false},"author":1,"featured_media":2699,"comment_status":"open","ping_status":"open","sticky":false,"template":"","format":"standard","meta":{"footnotes":""},"categories":[863,25],"tags":[],"class_list":{"0":"post-2698","1":"post","2":"type-post","3":"status-publish","4":"format-standard","5":"has-post-thumbnail","7":"category-jujuy","8":"category-sociedad"},"yoast_head":"<!-- This site is optimized with the Yoast SEO plugin v27.5 - https:\/\/yoast.com\/product\/yoast-seo-wordpress\/ -->\n<title>El 28 de julio comienza el reempadronamiento del BEGU para estudiantes terciarios y universitarios - Muy Jujuy<\/title>\n<meta name=\"robots\" content=\"index, follow, max-snippet:-1, max-image-preview:large, max-video-preview:-1\" \/>\n<link rel=\"canonical\" href=\"https:\/\/www.muyjujuy.com\/index.php\/2025\/07\/18\/el-28-de-julio-comienza-el-reempadronamiento-del-begu-para-estudiantes-terciarios-y-universitarios\/\" \/>\n<meta property=\"og:locale\" content=\"es_ES\" \/>\n<meta property=\"og:type\" content=\"article\" \/>\n<meta property=\"og:title\" content=\"El 28 de julio comienza el reempadronamiento del BEGU para estudiantes terciarios y universitarios - Muy Jujuy\" \/>\n<meta property=\"og:description\" content=\"La Municipalidad de San Salvador de Jujuy anunci\u00f3 que, entre el 28 de julio y el 20 de agosto, se habilitar\u00e1 el reempadronamiento del Boleto Estudiantil Gratuito y Universal (BEGU) destinado a estudiantes de nivel terciario y universitario. El tr\u00e1mite deber\u00e1 realizarse exclusivamente a trav\u00e9s del portal oficial: http:\/\/sansalvadordejujuy.gob.ar\/begu. Cynthia Haquim, directora de Atributos Sociales, [&hellip;]\" \/>\n<meta property=\"og:url\" content=\"https:\/\/www.muyjujuy.com\/index.php\/2025\/07\/18\/el-28-de-julio-comienza-el-reempadronamiento-del-begu-para-estudiantes-terciarios-y-universitarios\/\" \/>\n<meta property=\"og:site_name\" content=\"Muy Jujuy\" \/>\n<meta property=\"article:publisher\" content=\"https:\/\/www.facebook.com\/muyjujuycom\" \/>\n<meta property=\"article:published_time\" content=\"2025-07-18T14:08:38+00:00\" \/>\n<meta name=\"author\" content=\"admin\" \/>\n<meta name=\"twitter:card\" content=\"summary_large_image\" \/>\n<meta name=\"twitter:creator\" content=\"@muyjujuy\" \/>\n<meta name=\"twitter:site\" content=\"@muyjujuy\" \/>\n<meta name=\"twitter:label1\" content=\"Escrito por\" \/>\n\t<meta name=\"twitter:data1\" content=\"admin\" \/>\n\t<meta name=\"twitter:label2\" content=\"Tiempo de lectura\" \/>\n\t<meta name=\"twitter:data2\" content=\"2 minutos\" \/>\n<script type=\"application\/ld+json\" class=\"yoast-schema-graph\">{\"@context\":\"https:\\\/\\\/schema.org\",\"@graph\":[{\"@type\":\"Article\",\"@id\":\"https:\\\/\\\/www.muyjujuy.com\\\/index.php\\\/2025\\\/07\\\/18\\\/el-28-de-julio-comienza-el-reempadronamiento-del-begu-para-estudiantes-terciarios-y-universitarios\\\/#article\",\"isPartOf\":{\"@id\":\"https:\\\/\\\/www.muyjujuy.com\\\/index.php\\\/2025\\\/07\\\/18\\\/el-28-de-julio-comienza-el-reempadronamiento-del-begu-para-estudiantes-terciarios-y-universitarios\\\/\"},\"author\":{\"name\":\"admin\",\"@id\":\"https:\\\/\\\/www.muyjujuy.com\\\/#\\\/schema\\\/person\\\/a3b63db1f387ec4149299954904c5bf0\"},\"headline\":\"El 28 de julio comienza el reempadronamiento del BEGU para estudiantes terciarios y universitarios\",\"datePublished\":\"2025-07-18T14:08:38+00:00\",\"mainEntityOfPage\":{\"@id\":\"https:\\\/\\\/www.muyjujuy.com\\\/index.php\\\/2025\\\/07\\\/18\\\/el-28-de-julio-comienza-el-reempadronamiento-del-begu-para-estudiantes-terciarios-y-universitarios\\\/\"},\"wordCount\":353,\"commentCount\":0,\"publisher\":{\"@id\":\"https:\\\/\\\/www.muyjujuy.com\\\/#organization\"},\"image\":{\"@id\":\"https:\\\/\\\/www.muyjujuy.com\\\/index.php\\\/2025\\\/07\\\/18\\\/el-28-de-julio-comienza-el-reempadronamiento-del-begu-para-estudiantes-terciarios-y-universitarios\\\/#primaryimage\"},\"thumbnailUrl\":\"https:\\\/\\\/www.muyjujuy.com\\\/wp-content\\\/uploads\\\/2025\\\/07\\\/ESCUELA.jpg\",\"articleSection\":[\"JUJUY\",\"Sociedad\"],\"inLanguage\":\"es-AR\",\"potentialAction\":[{\"@type\":\"CommentAction\",\"name\":\"Comment\",\"target\":[\"https:\\\/\\\/www.muyjujuy.com\\\/index.php\\\/2025\\\/07\\\/18\\\/el-28-de-julio-comienza-el-reempadronamiento-del-begu-para-estudiantes-terciarios-y-universitarios\\\/#respond\"]}]},{\"@type\":\"WebPage\",\"@id\":\"https:\\\/\\\/www.muyjujuy.com\\\/index.php\\\/2025\\\/07\\\/18\\\/el-28-de-julio-comienza-el-reempadronamiento-del-begu-para-estudiantes-terciarios-y-universitarios\\\/\",\"url\":\"https:\\\/\\\/www.muyjujuy.com\\\/index.php\\\/2025\\\/07\\\/18\\\/el-28-de-julio-comienza-el-reempadronamiento-del-begu-para-estudiantes-terciarios-y-universitarios\\\/\",\"name\":\"El 28 de julio comienza el reempadronamiento del BEGU para estudiantes terciarios y universitarios - Muy Jujuy\",\"isPartOf\":{\"@id\":\"https:\\\/\\\/www.muyjujuy.com\\\/#website\"},\"primaryImageOfPage\":{\"@id\":\"https:\\\/\\\/www.muyjujuy.com\\\/index.php\\\/2025\\\/07\\\/18\\\/el-28-de-julio-comienza-el-reempadronamiento-del-begu-para-estudiantes-terciarios-y-universitarios\\\/#primaryimage\"},\"image\":{\"@id\":\"https:\\\/\\\/www.muyjujuy.com\\\/index.php\\\/2025\\\/07\\\/18\\\/el-28-de-julio-comienza-el-reempadronamiento-del-begu-para-estudiantes-terciarios-y-universitarios\\\/#primaryimage\"},\"thumbnailUrl\":\"https:\\\/\\\/www.muyjujuy.com\\\/wp-content\\\/uploads\\\/2025\\\/07\\\/ESCUELA.jpg\",\"datePublished\":\"2025-07-18T14:08:38+00:00\",\"breadcrumb\":{\"@id\":\"https:\\\/\\\/www.muyjujuy.com\\\/index.php\\\/2025\\\/07\\\/18\\\/el-28-de-julio-comienza-el-reempadronamiento-del-begu-para-estudiantes-terciarios-y-universitarios\\\/#breadcrumb\"},\"inLanguage\":\"es-AR\",\"potentialAction\":[{\"@type\":\"ReadAction\",\"target\":[\"https:\\\/\\\/www.muyjujuy.com\\\/index.php\\\/2025\\\/07\\\/18\\\/el-28-de-julio-comienza-el-reempadronamiento-del-begu-para-estudiantes-terciarios-y-universitarios\\\/\"]}]},{\"@type\":\"ImageObject\",\"inLanguage\":\"es-AR\",\"@id\":\"https:\\\/\\\/www.muyjujuy.com\\\/index.php\\\/2025\\\/07\\\/18\\\/el-28-de-julio-comienza-el-reempadronamiento-del-begu-para-estudiantes-terciarios-y-universitarios\\\/#primaryimage\",\"url\":\"https:\\\/\\\/www.muyjujuy.com\\\/wp-content\\\/uploads\\\/2025\\\/07\\\/ESCUELA.jpg\",\"contentUrl\":\"https:\\\/\\\/www.muyjujuy.com\\\/wp-content\\\/uploads\\\/2025\\\/07\\\/ESCUELA.jpg\",\"width\":876,\"height\":530},{\"@type\":\"BreadcrumbList\",\"@id\":\"https:\\\/\\\/www.muyjujuy.com\\\/index.php\\\/2025\\\/07\\\/18\\\/el-28-de-julio-comienza-el-reempadronamiento-del-begu-para-estudiantes-terciarios-y-universitarios\\\/#breadcrumb\",\"itemListElement\":[{\"@type\":\"ListItem\",\"position\":1,\"name\":\"Inicio\",\"item\":\"https:\\\/\\\/www.muyjujuy.com\\\/\"},{\"@type\":\"ListItem\",\"position\":2,\"name\":\"El 28 de julio comienza el reempadronamiento del BEGU para estudiantes terciarios y universitarios\"}]},{\"@type\":\"WebSite\",\"@id\":\"https:\\\/\\\/www.muyjujuy.com\\\/#website\",\"url\":\"https:\\\/\\\/www.muyjujuy.com\\\/\",\"name\":\"Muy Jujuy\",\"description\":\"\",\"publisher\":{\"@id\":\"https:\\\/\\\/www.muyjujuy.com\\\/#organization\"},\"potentialAction\":[{\"@type\":\"SearchAction\",\"target\":{\"@type\":\"EntryPoint\",\"urlTemplate\":\"https:\\\/\\\/www.muyjujuy.com\\\/?s={search_term_string}\"},\"query-input\":{\"@type\":\"PropertyValueSpecification\",\"valueRequired\":true,\"valueName\":\"search_term_string\"}}],\"inLanguage\":\"es-AR\"},{\"@type\":\"Organization\",\"@id\":\"https:\\\/\\\/www.muyjujuy.com\\\/#organization\",\"name\":\"Muy Jujuy\",\"url\":\"https:\\\/\\\/www.muyjujuy.com\\\/\",\"logo\":{\"@type\":\"ImageObject\",\"inLanguage\":\"es-AR\",\"@id\":\"https:\\\/\\\/www.muyjujuy.com\\\/#\\\/schema\\\/logo\\\/image\\\/\",\"url\":\"http:\\\/\\\/www.muyjujuy.com\\\/wp-content\\\/uploads\\\/2022\\\/05\\\/logo-mobil-jujuy.png\",\"contentUrl\":\"http:\\\/\\\/www.muyjujuy.com\\\/wp-content\\\/uploads\\\/2022\\\/05\\\/logo-mobil-jujuy.png\",\"width\":174,\"height\":81,\"caption\":\"Muy Jujuy\"},\"image\":{\"@id\":\"https:\\\/\\\/www.muyjujuy.com\\\/#\\\/schema\\\/logo\\\/image\\\/\"},\"sameAs\":[\"https:\\\/\\\/www.facebook.com\\\/muyjujuycom\",\"https:\\\/\\\/x.com\\\/muyjujuy\",\"https:\\\/\\\/www.instagram.com\\\/muyjujuycom\"]},{\"@type\":\"Person\",\"@id\":\"https:\\\/\\\/www.muyjujuy.com\\\/#\\\/schema\\\/person\\\/a3b63db1f387ec4149299954904c5bf0\",\"name\":\"admin\",\"image\":{\"@type\":\"ImageObject\",\"inLanguage\":\"es-AR\",\"@id\":\"https:\\\/\\\/secure.gravatar.com\\\/avatar\\\/b6e63d8d3a73633362405a0ad27e9c28391755813b59886f19a99d6cef8a03fc?s=96&d=mm&r=g\",\"url\":\"https:\\\/\\\/secure.gravatar.com\\\/avatar\\\/b6e63d8d3a73633362405a0ad27e9c28391755813b59886f19a99d6cef8a03fc?s=96&d=mm&r=g\",\"contentUrl\":\"https:\\\/\\\/secure.gravatar.com\\\/avatar\\\/b6e63d8d3a73633362405a0ad27e9c28391755813b59886f19a99d6cef8a03fc?s=96&d=mm&r=g\",\"caption\":\"admin\"},\"url\":\"https:\\\/\\\/www.muyjujuy.com\\\/index.php\\\/author\\\/soyeleditor\\\/\"}]}<\/script>\n<!-- \/ Yoast SEO plugin. -->","yoast_head_json":{"title":"El 28 de julio comienza el reempadronamiento del BEGU para estudiantes terciarios y universitarios - Muy Jujuy","robots":{"index":"index","follow":"follow","max-snippet":"max-snippet:-1","max-image-preview":"max-image-preview:large","max-video-preview":"max-video-preview:-1"},"canonical":"https:\/\/www.muyjujuy.com\/index.php\/2025\/07\/18\/el-28-de-julio-comienza-el-reempadronamiento-del-begu-para-estudiantes-terciarios-y-universitarios\/","og_locale":"es_ES","og_type":"article","og_title":"El 28 de julio comienza el reempadronamiento del BEGU para estudiantes terciarios y universitarios - Muy Jujuy","og_description":"La Municipalidad de San Salvador de Jujuy anunci\u00f3 que, entre el 28 de julio y el 20 de agosto, se habilitar\u00e1 el reempadronamiento del Boleto Estudiantil Gratuito y Universal (BEGU) destinado a estudiantes de nivel terciario y universitario. El tr\u00e1mite deber\u00e1 realizarse exclusivamente a trav\u00e9s del portal oficial: http:\/\/sansalvadordejujuy.gob.ar\/begu. Cynthia Haquim, directora de Atributos Sociales, [&hellip;]","og_url":"https:\/\/www.muyjujuy.com\/index.php\/2025\/07\/18\/el-28-de-julio-comienza-el-reempadronamiento-del-begu-para-estudiantes-terciarios-y-universitarios\/","og_site_name":"Muy Jujuy","article_publisher":"https:\/\/www.facebook.com\/muyjujuycom","article_published_time":"2025-07-18T14:08:38+00:00","author":"admin","twitter_card":"summary_large_image","twitter_creator":"@muyjujuy","twitter_site":"@muyjujuy","twitter_misc":{"Escrito por":"admin","Tiempo de lectura":"2 minutos"},"schema":{"@context":"https:\/\/schema.org","@graph":[{"@type":"Article","@id":"https:\/\/www.muyjujuy.com\/index.php\/2025\/07\/18\/el-28-de-julio-comienza-el-reempadronamiento-del-begu-para-estudiantes-terciarios-y-universitarios\/#article","isPartOf":{"@id":"https:\/\/www.muyjujuy.com\/index.php\/2025\/07\/18\/el-28-de-julio-comienza-el-reempadronamiento-del-begu-para-estudiantes-terciarios-y-universitarios\/"},"author":{"name":"admin","@id":"https:\/\/www.muyjujuy.com\/#\/schema\/person\/a3b63db1f387ec4149299954904c5bf0"},"headline":"El 28 de julio comienza el reempadronamiento del BEGU para estudiantes terciarios y universitarios","datePublished":"2025-07-18T14:08:38+00:00","mainEntityOfPage":{"@id":"https:\/\/www.muyjujuy.com\/index.php\/2025\/07\/18\/el-28-de-julio-comienza-el-reempadronamiento-del-begu-para-estudiantes-terciarios-y-universitarios\/"},"wordCount":353,"commentCount":0,"publisher":{"@id":"https:\/\/www.muyjujuy.com\/#organization"},"image":{"@id":"https:\/\/www.muyjujuy.com\/index.php\/2025\/07\/18\/el-28-de-julio-comienza-el-reempadronamiento-del-begu-para-estudiantes-terciarios-y-universitarios\/#primaryimage"},"thumbnailUrl":"https:\/\/www.muyjujuy.com\/wp-content\/uploads\/2025\/07\/ESCUELA.jpg","articleSection":["JUJUY","Sociedad"],"inLanguage":"es-AR","potentialAction":[{"@type":"CommentAction","name":"Comment","target":["https:\/\/www.muyjujuy.com\/index.php\/2025\/07\/18\/el-28-de-julio-comienza-el-reempadronamiento-del-begu-para-estudiantes-terciarios-y-universitarios\/#respond"]}]},{"@type":"WebPage","@id":"https:\/\/www.muyjujuy.com\/index.php\/2025\/07\/18\/el-28-de-julio-comienza-el-reempadronamiento-del-begu-para-estudiantes-terciarios-y-universitarios\/","url":"https:\/\/www.muyjujuy.com\/index.php\/2025\/07\/18\/el-28-de-julio-comienza-el-reempadronamiento-del-begu-para-estudiantes-terciarios-y-universitarios\/","name":"El 28 de julio comienza el reempadronamiento del BEGU para estudiantes terciarios y universitarios - Muy Jujuy","isPartOf":{"@id":"https:\/\/www.muyjujuy.com\/#website"},"primaryImageOfPage":{"@id":"https:\/\/www.muyjujuy.com\/index.php\/2025\/07\/18\/el-28-de-julio-comienza-el-reempadronamiento-del-begu-para-estudiantes-terciarios-y-universitarios\/#primaryimage"},"image":{"@id":"https:\/\/www.muyjujuy.com\/index.php\/2025\/07\/18\/el-28-de-julio-comienza-el-reempadronamiento-del-begu-para-estudiantes-terciarios-y-universitarios\/#primaryimage"},"thumbnailUrl":"https:\/\/www.muyjujuy.com\/wp-content\/uploads\/2025\/07\/ESCUELA.jpg","datePublished":"2025-07-18T14:08:38+00:00","breadcrumb":{"@id":"https:\/\/www.muyjujuy.com\/index.php\/2025\/07\/18\/el-28-de-julio-comienza-el-reempadronamiento-del-begu-para-estudiantes-terciarios-y-universitarios\/#breadcrumb"},"inLanguage":"es-AR","potentialAction":[{"@type":"ReadAction","target":["https:\/\/www.muyjujuy.com\/index.php\/2025\/07\/18\/el-28-de-julio-comienza-el-reempadronamiento-del-begu-para-estudiantes-terciarios-y-universitarios\/"]}]},{"@type":"ImageObject","inLanguage":"es-AR","@id":"https:\/\/www.muyjujuy.com\/index.php\/2025\/07\/18\/el-28-de-julio-comienza-el-reempadronamiento-del-begu-para-estudiantes-terciarios-y-universitarios\/#primaryimage","url":"https:\/\/www.muyjujuy.com\/wp-content\/uploads\/2025\/07\/ESCUELA.jpg","contentUrl":"https:\/\/www.muyjujuy.com\/wp-content\/uploads\/2025\/07\/ESCUELA.jpg","width":876,"height":530},{"@type":"BreadcrumbList","@id":"https:\/\/www.muyjujuy.com\/index.php\/2025\/07\/18\/el-28-de-julio-comienza-el-reempadronamiento-del-begu-para-estudiantes-terciarios-y-universitarios\/#breadcrumb","itemListElement":[{"@type":"ListItem","position":1,"name":"Inicio","item":"https:\/\/www.muyjujuy.com\/"},{"@type":"ListItem","position":2,"name":"El 28 de julio comienza el reempadronamiento del BEGU para estudiantes terciarios y universitarios"}]},{"@type":"WebSite","@id":"https:\/\/www.muyjujuy.com\/#website","url":"https:\/\/www.muyjujuy.com\/","name":"Muy Jujuy","description":"","publisher":{"@id":"https:\/\/www.muyjujuy.com\/#organization"},"potentialAction":[{"@type":"SearchAction","target":{"@type":"EntryPoint","urlTemplate":"https:\/\/www.muyjujuy.com\/?s={search_term_string}"},"query-input":{"@type":"PropertyValueSpecification","valueRequired":true,"valueName":"search_term_string"}}],"inLanguage":"es-AR"},{"@type":"Organization","@id":"https:\/\/www.muyjujuy.com\/#organization","name":"Muy Jujuy","url":"https:\/\/www.muyjujuy.com\/","logo":{"@type":"ImageObject","inLanguage":"es-AR","@id":"https:\/\/www.muyjujuy.com\/#\/schema\/logo\/image\/","url":"http:\/\/www.muyjujuy.com\/wp-content\/uploads\/2022\/05\/logo-mobil-jujuy.png","contentUrl":"http:\/\/www.muyjujuy.com\/wp-content\/uploads\/2022\/05\/logo-mobil-jujuy.png","width":174,"height":81,"caption":"Muy Jujuy"},"image":{"@id":"https:\/\/www.muyjujuy.com\/#\/schema\/logo\/image\/"},"sameAs":["https:\/\/www.facebook.com\/muyjujuycom","https:\/\/x.com\/muyjujuy","https:\/\/www.instagram.com\/muyjujuycom"]},{"@type":"Person","@id":"https:\/\/www.muyjujuy.com\/#\/schema\/person\/a3b63db1f387ec4149299954904c5bf0","name":"admin","image":{"@type":"ImageObject","inLanguage":"es-AR","@id":"https:\/\/secure.gravatar.com\/avatar\/b6e63d8d3a73633362405a0ad27e9c28391755813b59886f19a99d6cef8a03fc?s=96&d=mm&r=g","url":"https:\/\/secure.gravatar.com\/avatar\/b6e63d8d3a73633362405a0ad27e9c28391755813b59886f19a99d6cef8a03fc?s=96&d=mm&r=g","contentUrl":"https:\/\/secure.gravatar.com\/avatar\/b6e63d8d3a73633362405a0ad27e9c28391755813b59886f19a99d6cef8a03fc?s=96&d=mm&r=g","caption":"admin"},"url":"https:\/\/www.muyjujuy.com\/index.php\/author\/soyeleditor\/"}]}},"_links":{"self":[{"href":"https:\/\/www.muyjujuy.com\/index.php\/wp-json\/wp\/v2\/posts\/2698","targetHints":{"allow":["GET"]}}],"collection":[{"href":"https:\/\/www.muyjujuy.com\/index.php\/wp-json\/wp\/v2\/posts"}],"about":[{"href":"https:\/\/www.muyjujuy.com\/index.php\/wp-json\/wp\/v2\/types\/post"}],"author":[{"embeddable":true,"href":"https:\/\/www.muyjujuy.com\/index.php\/wp-json\/wp\/v2\/users\/1"}],"replies":[{"embeddable":true,"href":"https:\/\/www.muyjujuy.com\/index.php\/wp-json\/wp\/v2\/comments?post=2698"}],"version-history":[{"count":1,"href":"https:\/\/www.muyjujuy.com\/index.php\/wp-json\/wp\/v2\/posts\/2698\/revisions"}],"predecessor-version":[{"id":2700,"href":"https:\/\/www.muyjujuy.com\/index.php\/wp-json\/wp\/v2\/posts\/2698\/revisions\/2700"}],"wp:featuredmedia":[{"embeddable":true,"href":"https:\/\/www.muyjujuy.com\/index.php\/wp-json\/wp\/v2\/media\/2699"}],"wp:attachment":[{"href":"https:\/\/www.muyjujuy.com\/index.php\/wp-json\/wp\/v2\/media?parent=2698"}],"wp:term":[{"taxonomy":"category","embeddable":true,"href":"https:\/\/www.muyjujuy.com\/index.php\/wp-json\/wp\/v2\/categories?post=2698"},{"taxonomy":"post_tag","embeddable":true,"href":"https:\/\/www.muyjujuy.com\/index.php\/wp-json\/wp\/v2\/tags?post=2698"}],"curies":[{"name":"wp","href":"https:\/\/api.w.org\/{rel}","templated":true}]}}