{"id":2701,"date":"2025-07-18T11:13:12","date_gmt":"2025-07-18T14:13:12","guid":{"rendered":"https:\/\/www.muyjujuy.com\/?p=2701"},"modified":"2025-07-18T11:13:12","modified_gmt":"2025-07-18T14:13:12","slug":"un-vehiculo-cayo-al-dique-los-alisos-continuan-buscando-a-un-hombre-desaparecido","status":"publish","type":"post","link":"https:\/\/www.muyjujuy.com\/index.php\/2025\/07\/18\/un-vehiculo-cayo-al-dique-los-alisos-continuan-buscando-a-un-hombre-desaparecido\/","title":{"rendered":"Un veh\u00edculo cay\u00f3 al dique Los Alisos: contin\u00faan buscando a un hombre desaparecido"},"content":{"rendered":"\n<p><strong>En estos momentos se lleva adelante un operativo de b\u00fasqueda en el espejo de agua ubicado a 17 kil\u00f3metros de la capital juje\u00f1a.<\/strong><\/p>\n\n\n\n<p>Un <strong>autom\u00f3vil cay\u00f3 al dique Los Alisos y se trabaja para dar con un hombre que permanece desaparecido.<\/strong> El hecho ocurri\u00f3 cerca de las <strong>2:30 de la madrugada de este viernes<\/strong> y, por el momento, <strong>las causas del siniestro a\u00fan no fueron determinadas.<\/strong><\/p>\n\n\n\n<p>De manera preliminar, <strong>se inform\u00f3 que una mujer que viajaba como acompa\u00f1ante logr\u00f3 salir del veh\u00edculo antes de que el mismo se precipitara al agua.<\/strong> Efectivos de <strong>Polic\u00eda Lacustre, Bomberos y diferentes \u00e1reas de rescate realizan un intenso operativo para ubicar al conductor.<\/strong><\/p>\n","protected":false},"excerpt":{"rendered":"<p>En estos momentos se lleva adelante un operativo de b\u00fasqueda en el espejo de agua ubicado a 17 kil\u00f3metros de la capital juje\u00f1a. Un autom\u00f3vil cay\u00f3 al dique Los Alisos y se trabaja para dar con un hombre que permanece desaparecido. El hecho ocurri\u00f3 cerca de las 2:30 de la madrugada de este viernes y, [&hellip;]<\/p>\n","protected":false},"author":1,"featured_media":2702,"comment_status":"open","ping_status":"open","sticky":false,"template":"","format":"standard","meta":{"footnotes":""},"categories":[863,25],"tags":[],"class_list":{"0":"post-2701","1":"post","2":"type-post","3":"status-publish","4":"format-standard","5":"has-post-thumbnail","7":"category-jujuy","8":"category-sociedad"},"yoast_head":"<!-- This site is optimized with the Yoast SEO plugin v27.5 - https:\/\/yoast.com\/product\/yoast-seo-wordpress\/ -->\n<title>Un veh\u00edculo cay\u00f3 al dique Los Alisos: contin\u00faan buscando a un hombre desaparecido - Muy Jujuy<\/title>\n<meta name=\"robots\" content=\"index, follow, max-snippet:-1, max-image-preview:large, max-video-preview:-1\" \/>\n<link rel=\"canonical\" href=\"https:\/\/www.muyjujuy.com\/index.php\/2025\/07\/18\/un-vehiculo-cayo-al-dique-los-alisos-continuan-buscando-a-un-hombre-desaparecido\/\" \/>\n<meta property=\"og:locale\" content=\"es_ES\" \/>\n<meta property=\"og:type\" content=\"article\" \/>\n<meta property=\"og:title\" content=\"Un veh\u00edculo cay\u00f3 al dique Los Alisos: contin\u00faan buscando a un hombre desaparecido - Muy Jujuy\" \/>\n<meta property=\"og:description\" content=\"En estos momentos se lleva adelante un operativo de b\u00fasqueda en el espejo de agua ubicado a 17 kil\u00f3metros de la capital juje\u00f1a. Un autom\u00f3vil cay\u00f3 al dique Los Alisos y se trabaja para dar con un hombre que permanece desaparecido. El hecho ocurri\u00f3 cerca de las 2:30 de la madrugada de este viernes y, [&hellip;]\" \/>\n<meta property=\"og:url\" content=\"https:\/\/www.muyjujuy.com\/index.php\/2025\/07\/18\/un-vehiculo-cayo-al-dique-los-alisos-continuan-buscando-a-un-hombre-desaparecido\/\" \/>\n<meta property=\"og:site_name\" content=\"Muy Jujuy\" \/>\n<meta property=\"article:publisher\" content=\"https:\/\/www.facebook.com\/muyjujuycom\" \/>\n<meta property=\"article:published_time\" content=\"2025-07-18T14:13:12+00:00\" \/>\n<meta name=\"author\" content=\"admin\" \/>\n<meta name=\"twitter:card\" content=\"summary_large_image\" \/>\n<meta name=\"twitter:creator\" content=\"@muyjujuy\" \/>\n<meta name=\"twitter:site\" content=\"@muyjujuy\" \/>\n<meta name=\"twitter:label1\" content=\"Escrito por\" \/>\n\t<meta name=\"twitter:data1\" content=\"admin\" \/>\n\t<meta name=\"twitter:label2\" content=\"Tiempo de lectura\" \/>\n\t<meta name=\"twitter:data2\" content=\"1 minuto\" \/>\n<script type=\"application\/ld+json\" class=\"yoast-schema-graph\">{\"@context\":\"https:\\\/\\\/schema.org\",\"@graph\":[{\"@type\":\"Article\",\"@id\":\"https:\\\/\\\/www.muyjujuy.com\\\/index.php\\\/2025\\\/07\\\/18\\\/un-vehiculo-cayo-al-dique-los-alisos-continuan-buscando-a-un-hombre-desaparecido\\\/#article\",\"isPartOf\":{\"@id\":\"https:\\\/\\\/www.muyjujuy.com\\\/index.php\\\/2025\\\/07\\\/18\\\/un-vehiculo-cayo-al-dique-los-alisos-continuan-buscando-a-un-hombre-desaparecido\\\/\"},\"author\":{\"name\":\"admin\",\"@id\":\"https:\\\/\\\/www.muyjujuy.com\\\/#\\\/schema\\\/person\\\/a3b63db1f387ec4149299954904c5bf0\"},\"headline\":\"Un veh\u00edculo cay\u00f3 al dique Los Alisos: contin\u00faan buscando a un hombre desaparecido\",\"datePublished\":\"2025-07-18T14:13:12+00:00\",\"mainEntityOfPage\":{\"@id\":\"https:\\\/\\\/www.muyjujuy.com\\\/index.php\\\/2025\\\/07\\\/18\\\/un-vehiculo-cayo-al-dique-los-alisos-continuan-buscando-a-un-hombre-desaparecido\\\/\"},\"wordCount\":130,\"commentCount\":0,\"publisher\":{\"@id\":\"https:\\\/\\\/www.muyjujuy.com\\\/#organization\"},\"image\":{\"@id\":\"https:\\\/\\\/www.muyjujuy.com\\\/index.php\\\/2025\\\/07\\\/18\\\/un-vehiculo-cayo-al-dique-los-alisos-continuan-buscando-a-un-hombre-desaparecido\\\/#primaryimage\"},\"thumbnailUrl\":\"https:\\\/\\\/www.muyjujuy.com\\\/wp-content\\\/uploads\\\/2025\\\/07\\\/LAGO.jpg\",\"articleSection\":[\"JUJUY\",\"Sociedad\"],\"inLanguage\":\"es-AR\",\"potentialAction\":[{\"@type\":\"CommentAction\",\"name\":\"Comment\",\"target\":[\"https:\\\/\\\/www.muyjujuy.com\\\/index.php\\\/2025\\\/07\\\/18\\\/un-vehiculo-cayo-al-dique-los-alisos-continuan-buscando-a-un-hombre-desaparecido\\\/#respond\"]}]},{\"@type\":\"WebPage\",\"@id\":\"https:\\\/\\\/www.muyjujuy.com\\\/index.php\\\/2025\\\/07\\\/18\\\/un-vehiculo-cayo-al-dique-los-alisos-continuan-buscando-a-un-hombre-desaparecido\\\/\",\"url\":\"https:\\\/\\\/www.muyjujuy.com\\\/index.php\\\/2025\\\/07\\\/18\\\/un-vehiculo-cayo-al-dique-los-alisos-continuan-buscando-a-un-hombre-desaparecido\\\/\",\"name\":\"Un veh\u00edculo cay\u00f3 al dique Los Alisos: contin\u00faan buscando a un hombre desaparecido - Muy Jujuy\",\"isPartOf\":{\"@id\":\"https:\\\/\\\/www.muyjujuy.com\\\/#website\"},\"primaryImageOfPage\":{\"@id\":\"https:\\\/\\\/www.muyjujuy.com\\\/index.php\\\/2025\\\/07\\\/18\\\/un-vehiculo-cayo-al-dique-los-alisos-continuan-buscando-a-un-hombre-desaparecido\\\/#primaryimage\"},\"image\":{\"@id\":\"https:\\\/\\\/www.muyjujuy.com\\\/index.php\\\/2025\\\/07\\\/18\\\/un-vehiculo-cayo-al-dique-los-alisos-continuan-buscando-a-un-hombre-desaparecido\\\/#primaryimage\"},\"thumbnailUrl\":\"https:\\\/\\\/www.muyjujuy.com\\\/wp-content\\\/uploads\\\/2025\\\/07\\\/LAGO.jpg\",\"datePublished\":\"2025-07-18T14:13:12+00:00\",\"breadcrumb\":{\"@id\":\"https:\\\/\\\/www.muyjujuy.com\\\/index.php\\\/2025\\\/07\\\/18\\\/un-vehiculo-cayo-al-dique-los-alisos-continuan-buscando-a-un-hombre-desaparecido\\\/#breadcrumb\"},\"inLanguage\":\"es-AR\",\"potentialAction\":[{\"@type\":\"ReadAction\",\"target\":[\"https:\\\/\\\/www.muyjujuy.com\\\/index.php\\\/2025\\\/07\\\/18\\\/un-vehiculo-cayo-al-dique-los-alisos-continuan-buscando-a-un-hombre-desaparecido\\\/\"]}]},{\"@type\":\"ImageObject\",\"inLanguage\":\"es-AR\",\"@id\":\"https:\\\/\\\/www.muyjujuy.com\\\/index.php\\\/2025\\\/07\\\/18\\\/un-vehiculo-cayo-al-dique-los-alisos-continuan-buscando-a-un-hombre-desaparecido\\\/#primaryimage\",\"url\":\"https:\\\/\\\/www.muyjujuy.com\\\/wp-content\\\/uploads\\\/2025\\\/07\\\/LAGO.jpg\",\"contentUrl\":\"https:\\\/\\\/www.muyjujuy.com\\\/wp-content\\\/uploads\\\/2025\\\/07\\\/LAGO.jpg\",\"width\":946,\"height\":536},{\"@type\":\"BreadcrumbList\",\"@id\":\"https:\\\/\\\/www.muyjujuy.com\\\/index.php\\\/2025\\\/07\\\/18\\\/un-vehiculo-cayo-al-dique-los-alisos-continuan-buscando-a-un-hombre-desaparecido\\\/#breadcrumb\",\"itemListElement\":[{\"@type\":\"ListItem\",\"position\":1,\"name\":\"Inicio\",\"item\":\"https:\\\/\\\/www.muyjujuy.com\\\/\"},{\"@type\":\"ListItem\",\"position\":2,\"name\":\"Un veh\u00edculo cay\u00f3 al dique Los Alisos: contin\u00faan buscando a un hombre desaparecido\"}]},{\"@type\":\"WebSite\",\"@id\":\"https:\\\/\\\/www.muyjujuy.com\\\/#website\",\"url\":\"https:\\\/\\\/www.muyjujuy.com\\\/\",\"name\":\"Muy Jujuy\",\"description\":\"\",\"publisher\":{\"@id\":\"https:\\\/\\\/www.muyjujuy.com\\\/#organization\"},\"potentialAction\":[{\"@type\":\"SearchAction\",\"target\":{\"@type\":\"EntryPoint\",\"urlTemplate\":\"https:\\\/\\\/www.muyjujuy.com\\\/?s={search_term_string}\"},\"query-input\":{\"@type\":\"PropertyValueSpecification\",\"valueRequired\":true,\"valueName\":\"search_term_string\"}}],\"inLanguage\":\"es-AR\"},{\"@type\":\"Organization\",\"@id\":\"https:\\\/\\\/www.muyjujuy.com\\\/#organization\",\"name\":\"Muy Jujuy\",\"url\":\"https:\\\/\\\/www.muyjujuy.com\\\/\",\"logo\":{\"@type\":\"ImageObject\",\"inLanguage\":\"es-AR\",\"@id\":\"https:\\\/\\\/www.muyjujuy.com\\\/#\\\/schema\\\/logo\\\/image\\\/\",\"url\":\"http:\\\/\\\/www.muyjujuy.com\\\/wp-content\\\/uploads\\\/2022\\\/05\\\/logo-mobil-jujuy.png\",\"contentUrl\":\"http:\\\/\\\/www.muyjujuy.com\\\/wp-content\\\/uploads\\\/2022\\\/05\\\/logo-mobil-jujuy.png\",\"width\":174,\"height\":81,\"caption\":\"Muy Jujuy\"},\"image\":{\"@id\":\"https:\\\/\\\/www.muyjujuy.com\\\/#\\\/schema\\\/logo\\\/image\\\/\"},\"sameAs\":[\"https:\\\/\\\/www.facebook.com\\\/muyjujuycom\",\"https:\\\/\\\/x.com\\\/muyjujuy\",\"https:\\\/\\\/www.instagram.com\\\/muyjujuycom\"]},{\"@type\":\"Person\",\"@id\":\"https:\\\/\\\/www.muyjujuy.com\\\/#\\\/schema\\\/person\\\/a3b63db1f387ec4149299954904c5bf0\",\"name\":\"admin\",\"image\":{\"@type\":\"ImageObject\",\"inLanguage\":\"es-AR\",\"@id\":\"https:\\\/\\\/secure.gravatar.com\\\/avatar\\\/b6e63d8d3a73633362405a0ad27e9c28391755813b59886f19a99d6cef8a03fc?s=96&d=mm&r=g\",\"url\":\"https:\\\/\\\/secure.gravatar.com\\\/avatar\\\/b6e63d8d3a73633362405a0ad27e9c28391755813b59886f19a99d6cef8a03fc?s=96&d=mm&r=g\",\"contentUrl\":\"https:\\\/\\\/secure.gravatar.com\\\/avatar\\\/b6e63d8d3a73633362405a0ad27e9c28391755813b59886f19a99d6cef8a03fc?s=96&d=mm&r=g\",\"caption\":\"admin\"},\"url\":\"https:\\\/\\\/www.muyjujuy.com\\\/index.php\\\/author\\\/soyeleditor\\\/\"}]}<\/script>\n<!-- \/ Yoast SEO plugin. -->","yoast_head_json":{"title":"Un veh\u00edculo cay\u00f3 al dique Los Alisos: contin\u00faan buscando a un hombre desaparecido - Muy Jujuy","robots":{"index":"index","follow":"follow","max-snippet":"max-snippet:-1","max-image-preview":"max-image-preview:large","max-video-preview":"max-video-preview:-1"},"canonical":"https:\/\/www.muyjujuy.com\/index.php\/2025\/07\/18\/un-vehiculo-cayo-al-dique-los-alisos-continuan-buscando-a-un-hombre-desaparecido\/","og_locale":"es_ES","og_type":"article","og_title":"Un veh\u00edculo cay\u00f3 al dique Los Alisos: contin\u00faan buscando a un hombre desaparecido - Muy Jujuy","og_description":"En estos momentos se lleva adelante un operativo de b\u00fasqueda en el espejo de agua ubicado a 17 kil\u00f3metros de la capital juje\u00f1a. Un autom\u00f3vil cay\u00f3 al dique Los Alisos y se trabaja para dar con un hombre que permanece desaparecido. El hecho ocurri\u00f3 cerca de las 2:30 de la madrugada de este viernes y, [&hellip;]","og_url":"https:\/\/www.muyjujuy.com\/index.php\/2025\/07\/18\/un-vehiculo-cayo-al-dique-los-alisos-continuan-buscando-a-un-hombre-desaparecido\/","og_site_name":"Muy Jujuy","article_publisher":"https:\/\/www.facebook.com\/muyjujuycom","article_published_time":"2025-07-18T14:13:12+00:00","author":"admin","twitter_card":"summary_large_image","twitter_creator":"@muyjujuy","twitter_site":"@muyjujuy","twitter_misc":{"Escrito por":"admin","Tiempo de lectura":"1 minuto"},"schema":{"@context":"https:\/\/schema.org","@graph":[{"@type":"Article","@id":"https:\/\/www.muyjujuy.com\/index.php\/2025\/07\/18\/un-vehiculo-cayo-al-dique-los-alisos-continuan-buscando-a-un-hombre-desaparecido\/#article","isPartOf":{"@id":"https:\/\/www.muyjujuy.com\/index.php\/2025\/07\/18\/un-vehiculo-cayo-al-dique-los-alisos-continuan-buscando-a-un-hombre-desaparecido\/"},"author":{"name":"admin","@id":"https:\/\/www.muyjujuy.com\/#\/schema\/person\/a3b63db1f387ec4149299954904c5bf0"},"headline":"Un veh\u00edculo cay\u00f3 al dique Los Alisos: contin\u00faan buscando a un hombre desaparecido","datePublished":"2025-07-18T14:13:12+00:00","mainEntityOfPage":{"@id":"https:\/\/www.muyjujuy.com\/index.php\/2025\/07\/18\/un-vehiculo-cayo-al-dique-los-alisos-continuan-buscando-a-un-hombre-desaparecido\/"},"wordCount":130,"commentCount":0,"publisher":{"@id":"https:\/\/www.muyjujuy.com\/#organization"},"image":{"@id":"https:\/\/www.muyjujuy.com\/index.php\/2025\/07\/18\/un-vehiculo-cayo-al-dique-los-alisos-continuan-buscando-a-un-hombre-desaparecido\/#primaryimage"},"thumbnailUrl":"https:\/\/www.muyjujuy.com\/wp-content\/uploads\/2025\/07\/LAGO.jpg","articleSection":["JUJUY","Sociedad"],"inLanguage":"es-AR","potentialAction":[{"@type":"CommentAction","name":"Comment","target":["https:\/\/www.muyjujuy.com\/index.php\/2025\/07\/18\/un-vehiculo-cayo-al-dique-los-alisos-continuan-buscando-a-un-hombre-desaparecido\/#respond"]}]},{"@type":"WebPage","@id":"https:\/\/www.muyjujuy.com\/index.php\/2025\/07\/18\/un-vehiculo-cayo-al-dique-los-alisos-continuan-buscando-a-un-hombre-desaparecido\/","url":"https:\/\/www.muyjujuy.com\/index.php\/2025\/07\/18\/un-vehiculo-cayo-al-dique-los-alisos-continuan-buscando-a-un-hombre-desaparecido\/","name":"Un veh\u00edculo cay\u00f3 al dique Los Alisos: contin\u00faan buscando a un hombre desaparecido - Muy Jujuy","isPartOf":{"@id":"https:\/\/www.muyjujuy.com\/#website"},"primaryImageOfPage":{"@id":"https:\/\/www.muyjujuy.com\/index.php\/2025\/07\/18\/un-vehiculo-cayo-al-dique-los-alisos-continuan-buscando-a-un-hombre-desaparecido\/#primaryimage"},"image":{"@id":"https:\/\/www.muyjujuy.com\/index.php\/2025\/07\/18\/un-vehiculo-cayo-al-dique-los-alisos-continuan-buscando-a-un-hombre-desaparecido\/#primaryimage"},"thumbnailUrl":"https:\/\/www.muyjujuy.com\/wp-content\/uploads\/2025\/07\/LAGO.jpg","datePublished":"2025-07-18T14:13:12+00:00","breadcrumb":{"@id":"https:\/\/www.muyjujuy.com\/index.php\/2025\/07\/18\/un-vehiculo-cayo-al-dique-los-alisos-continuan-buscando-a-un-hombre-desaparecido\/#breadcrumb"},"inLanguage":"es-AR","potentialAction":[{"@type":"ReadAction","target":["https:\/\/www.muyjujuy.com\/index.php\/2025\/07\/18\/un-vehiculo-cayo-al-dique-los-alisos-continuan-buscando-a-un-hombre-desaparecido\/"]}]},{"@type":"ImageObject","inLanguage":"es-AR","@id":"https:\/\/www.muyjujuy.com\/index.php\/2025\/07\/18\/un-vehiculo-cayo-al-dique-los-alisos-continuan-buscando-a-un-hombre-desaparecido\/#primaryimage","url":"https:\/\/www.muyjujuy.com\/wp-content\/uploads\/2025\/07\/LAGO.jpg","contentUrl":"https:\/\/www.muyjujuy.com\/wp-content\/uploads\/2025\/07\/LAGO.jpg","width":946,"height":536},{"@type":"BreadcrumbList","@id":"https:\/\/www.muyjujuy.com\/index.php\/2025\/07\/18\/un-vehiculo-cayo-al-dique-los-alisos-continuan-buscando-a-un-hombre-desaparecido\/#breadcrumb","itemListElement":[{"@type":"ListItem","position":1,"name":"Inicio","item":"https:\/\/www.muyjujuy.com\/"},{"@type":"ListItem","position":2,"name":"Un veh\u00edculo cay\u00f3 al dique Los Alisos: contin\u00faan buscando a un hombre desaparecido"}]},{"@type":"WebSite","@id":"https:\/\/www.muyjujuy.com\/#website","url":"https:\/\/www.muyjujuy.com\/","name":"Muy Jujuy","description":"","publisher":{"@id":"https:\/\/www.muyjujuy.com\/#organization"},"potentialAction":[{"@type":"SearchAction","target":{"@type":"EntryPoint","urlTemplate":"https:\/\/www.muyjujuy.com\/?s={search_term_string}"},"query-input":{"@type":"PropertyValueSpecification","valueRequired":true,"valueName":"search_term_string"}}],"inLanguage":"es-AR"},{"@type":"Organization","@id":"https:\/\/www.muyjujuy.com\/#organization","name":"Muy Jujuy","url":"https:\/\/www.muyjujuy.com\/","logo":{"@type":"ImageObject","inLanguage":"es-AR","@id":"https:\/\/www.muyjujuy.com\/#\/schema\/logo\/image\/","url":"http:\/\/www.muyjujuy.com\/wp-content\/uploads\/2022\/05\/logo-mobil-jujuy.png","contentUrl":"http:\/\/www.muyjujuy.com\/wp-content\/uploads\/2022\/05\/logo-mobil-jujuy.png","width":174,"height":81,"caption":"Muy Jujuy"},"image":{"@id":"https:\/\/www.muyjujuy.com\/#\/schema\/logo\/image\/"},"sameAs":["https:\/\/www.facebook.com\/muyjujuycom","https:\/\/x.com\/muyjujuy","https:\/\/www.instagram.com\/muyjujuycom"]},{"@type":"Person","@id":"https:\/\/www.muyjujuy.com\/#\/schema\/person\/a3b63db1f387ec4149299954904c5bf0","name":"admin","image":{"@type":"ImageObject","inLanguage":"es-AR","@id":"https:\/\/secure.gravatar.com\/avatar\/b6e63d8d3a73633362405a0ad27e9c28391755813b59886f19a99d6cef8a03fc?s=96&d=mm&r=g","url":"https:\/\/secure.gravatar.com\/avatar\/b6e63d8d3a73633362405a0ad27e9c28391755813b59886f19a99d6cef8a03fc?s=96&d=mm&r=g","contentUrl":"https:\/\/secure.gravatar.com\/avatar\/b6e63d8d3a73633362405a0ad27e9c28391755813b59886f19a99d6cef8a03fc?s=96&d=mm&r=g","caption":"admin"},"url":"https:\/\/www.muyjujuy.com\/index.php\/author\/soyeleditor\/"}]}},"_links":{"self":[{"href":"https:\/\/www.muyjujuy.com\/index.php\/wp-json\/wp\/v2\/posts\/2701","targetHints":{"allow":["GET"]}}],"collection":[{"href":"https:\/\/www.muyjujuy.com\/index.php\/wp-json\/wp\/v2\/posts"}],"about":[{"href":"https:\/\/www.muyjujuy.com\/index.php\/wp-json\/wp\/v2\/types\/post"}],"author":[{"embeddable":true,"href":"https:\/\/www.muyjujuy.com\/index.php\/wp-json\/wp\/v2\/users\/1"}],"replies":[{"embeddable":true,"href":"https:\/\/www.muyjujuy.com\/index.php\/wp-json\/wp\/v2\/comments?post=2701"}],"version-history":[{"count":1,"href":"https:\/\/www.muyjujuy.com\/index.php\/wp-json\/wp\/v2\/posts\/2701\/revisions"}],"predecessor-version":[{"id":2703,"href":"https:\/\/www.muyjujuy.com\/index.php\/wp-json\/wp\/v2\/posts\/2701\/revisions\/2703"}],"wp:featuredmedia":[{"embeddable":true,"href":"https:\/\/www.muyjujuy.com\/index.php\/wp-json\/wp\/v2\/media\/2702"}],"wp:attachment":[{"href":"https:\/\/www.muyjujuy.com\/index.php\/wp-json\/wp\/v2\/media?parent=2701"}],"wp:term":[{"taxonomy":"category","embeddable":true,"href":"https:\/\/www.muyjujuy.com\/index.php\/wp-json\/wp\/v2\/categories?post=2701"},{"taxonomy":"post_tag","embeddable":true,"href":"https:\/\/www.muyjujuy.com\/index.php\/wp-json\/wp\/v2\/tags?post=2701"}],"curies":[{"name":"wp","href":"https:\/\/api.w.org\/{rel}","templated":true}]}}