{"id":2705,"date":"2025-07-21T10:50:49","date_gmt":"2025-07-21T13:50:49","guid":{"rendered":"https:\/\/www.muyjujuy.com\/?p=2705"},"modified":"2025-07-21T10:50:49","modified_gmt":"2025-07-21T13:50:49","slug":"la-campana-de-vacunacion-antirrabica-continua-en-los-barrios-de-san-salvador-de-jujuy-consulta-el-cronograma","status":"publish","type":"post","link":"https:\/\/www.muyjujuy.com\/index.php\/2025\/07\/21\/la-campana-de-vacunacion-antirrabica-continua-en-los-barrios-de-san-salvador-de-jujuy-consulta-el-cronograma\/","title":{"rendered":"La campa\u00f1a de vacunaci\u00f3n antirr\u00e1bica contin\u00faa en los barrios de San Salvador de Jujuy: consult\u00e1 el cronograma"},"content":{"rendered":"\n<p>La <strong>Direcci\u00f3n de Zoonosis<\/strong> llevar\u00e1 adelante una nueva etapa del <strong>programa gratuito de vacunaci\u00f3n antirr\u00e1bica para perros y gatos<\/strong>, como parte de una estrategia integral de salud p\u00fablica orientada a la <strong>prevenci\u00f3n de enfermedades zoon\u00f3ticas<\/strong>.<\/p>\n\n\n\n<p>La iniciativa se desarrollar\u00e1 desde el <strong>lunes 21 hasta el viernes 25 de julio<\/strong>, abarcando diferentes barrios del <strong>Distrito Este<\/strong>, con atenci\u00f3n en horarios de ma\u00f1ana y tarde seg\u00fan cada punto de vacunaci\u00f3n establecido.<\/p>\n\n\n\n<p><strong>Cronograma por d\u00eda, lugar y horario<\/strong><br><strong>Lunes 21 de julio<\/strong><br>Barrio <strong>13 de Julio<\/strong>: Calle Marinero Farf\u00e1n, entre 10 de Junio y Mej\u00edas, Manzana 23 Lote 25.<br><strong>Horario:<\/strong> de 10:00 a 14:00 hs<br>Barrio <strong>530 Viviendas<\/strong>: Calle Zurita N\u00ba422 (sede del Centro Vecinal).<br><strong>Horario:<\/strong> de 15:00 a 18:00 hs<\/p>\n\n\n\n<p><strong>Martes 22 de julio<\/strong><br>Barrio <strong>Villa Lidia<\/strong>: Calle Puna N\u00ba282.<br><strong>Horario:<\/strong> de 10:00 a 14:00 hs<br>Barrio <strong>Santa Elena<\/strong>: Calle 14 N\u00ba630, entre Arismendi y Pasaje Arismendi.<br><strong>Horario:<\/strong> de 15:00 a 18:00 hs<br>Barrio <strong>El Chingo<\/strong>: Avenida Maimar\u00e1 esquina 23 de Abril.<br><strong>Horario:<\/strong> de 10:00 a 17:00 hs<br>Barrio <strong>Tacita de Plata<\/strong>: Avenida Maimar\u00e1 1827.<br><strong>Horario:<\/strong> de 10:00 a 17:00 hs<br>Barrio <strong>Punta Diamante<\/strong>: Multiespacio Municipal y Avenida Maimar\u00e1 Manzana 33 Lote 9 (entre calles Jade y \u00c1mbar).<br><strong>Horario:<\/strong> de 10:00 a 17:00 hs<\/p>\n\n\n\n<p><strong>Mi\u00e9rcoles 23 de julio<\/strong><br>Barrio <strong>17 de Agosto<\/strong>: Calle Isabel La Cat\u00f3lica N\u00ba192, casi esquina Av. Azopardo.<br><strong>Horario:<\/strong> de 10:00 a 14:00 hs<br>Barrio <strong>B\u00e1rcena Sur<\/strong>: Calle Dr. Zuruea N\u00ba980.<br><strong>Horario:<\/strong> de 15:00 a 18:00 hs<br>Barrio <strong>El Chingo<\/strong>: Avenida Maimar\u00e1 esquina 23 de Abril.<br><strong>Horario:<\/strong> de 10:00 a 17:00 hs<br>Barrio <strong>Tacita de Plata<\/strong>: Avenida Maimar\u00e1 1827.<br><strong>Horario:<\/strong> de 10:00 a 17:00 hs<br>Barrio <strong>Punta Diamante<\/strong>: Multiespacio Municipal y Avenida Maimar\u00e1 Manzana 33 Lote 9.<br><strong>Horario:<\/strong> de 10:00 a 17:00 hs<\/p>\n\n\n\n<p><strong>Jueves 24 de julio<\/strong><br>Barrio <strong>Hip\u00f3lito Yrigoyen<\/strong>: Calle Gorri\u00f3n N\u00ba34.<br><strong>Horario:<\/strong> de 10:00 a 14:00 hs<br>Barrio <strong>16 de Mayo<\/strong>: Calle Virgen de R\u00edo Blanco y Papaya y Marinero Chaile, Manzana 2 Lote 20.<br><strong>Horario:<\/strong> de 15:00 a 18:00 hs<\/p>\n\n\n\n<p><strong>Viernes 25 de julio<\/strong><br>Barrio <strong>19 de Abril<\/strong>: Calle Cochabamba N\u00ba1090, esquina Libertador.<br><strong>Horario:<\/strong> de 10:00 a 14:00 hs<br>Barrio <strong>Santa Rita<\/strong>: Calle Monroy N\u00ba205.<br><strong>Horario:<\/strong> de 15:00 a 18:00 hs<\/p>\n\n\n\n<p>La <strong>Direcci\u00f3n de Zoonosis<\/strong> recuerda que la vacunaci\u00f3n es <strong>gratuita y obligatoria para perros y gatos<\/strong>. Se recomienda llevar a los animales con <strong>correa, collar y bozal en el caso de los perros<\/strong>, y en <strong>bolsos o jaulas para los gatos<\/strong>, con el fin de garantizar la seguridad de todos los presentes.<\/p>\n","protected":false},"excerpt":{"rendered":"<p>La Direcci\u00f3n de Zoonosis llevar\u00e1 adelante una nueva etapa del programa gratuito de vacunaci\u00f3n antirr\u00e1bica para perros y gatos, como parte de una estrategia integral de salud p\u00fablica orientada a la prevenci\u00f3n de enfermedades zoon\u00f3ticas. La iniciativa se desarrollar\u00e1 desde el lunes 21 hasta el viernes 25 de julio, abarcando diferentes barrios del Distrito Este, [&hellip;]<\/p>\n","protected":false},"author":1,"featured_media":2706,"comment_status":"open","ping_status":"open","sticky":false,"template":"","format":"standard","meta":{"footnotes":""},"categories":[863,25],"tags":[],"class_list":{"0":"post-2705","1":"post","2":"type-post","3":"status-publish","4":"format-standard","5":"has-post-thumbnail","7":"category-jujuy","8":"category-sociedad"},"yoast_head":"<!-- This site is optimized with the Yoast SEO plugin v27.5 - https:\/\/yoast.com\/product\/yoast-seo-wordpress\/ -->\n<title>La campa\u00f1a de vacunaci\u00f3n antirr\u00e1bica contin\u00faa en los barrios de San Salvador de Jujuy: consult\u00e1 el cronograma - Muy Jujuy<\/title>\n<meta name=\"robots\" content=\"index, follow, max-snippet:-1, max-image-preview:large, max-video-preview:-1\" \/>\n<link rel=\"canonical\" href=\"https:\/\/www.muyjujuy.com\/index.php\/2025\/07\/21\/la-campana-de-vacunacion-antirrabica-continua-en-los-barrios-de-san-salvador-de-jujuy-consulta-el-cronograma\/\" \/>\n<meta property=\"og:locale\" content=\"es_ES\" \/>\n<meta property=\"og:type\" content=\"article\" \/>\n<meta property=\"og:title\" content=\"La campa\u00f1a de vacunaci\u00f3n antirr\u00e1bica contin\u00faa en los barrios de San Salvador de Jujuy: consult\u00e1 el cronograma - Muy Jujuy\" \/>\n<meta property=\"og:description\" content=\"La Direcci\u00f3n de Zoonosis llevar\u00e1 adelante una nueva etapa del programa gratuito de vacunaci\u00f3n antirr\u00e1bica para perros y gatos, como parte de una estrategia integral de salud p\u00fablica orientada a la prevenci\u00f3n de enfermedades zoon\u00f3ticas. La iniciativa se desarrollar\u00e1 desde el lunes 21 hasta el viernes 25 de julio, abarcando diferentes barrios del Distrito Este, [&hellip;]\" \/>\n<meta property=\"og:url\" content=\"https:\/\/www.muyjujuy.com\/index.php\/2025\/07\/21\/la-campana-de-vacunacion-antirrabica-continua-en-los-barrios-de-san-salvador-de-jujuy-consulta-el-cronograma\/\" \/>\n<meta property=\"og:site_name\" content=\"Muy Jujuy\" \/>\n<meta property=\"article:publisher\" content=\"https:\/\/www.facebook.com\/muyjujuycom\" \/>\n<meta property=\"article:published_time\" content=\"2025-07-21T13:50:49+00:00\" \/>\n<meta name=\"author\" content=\"admin\" \/>\n<meta name=\"twitter:card\" content=\"summary_large_image\" \/>\n<meta name=\"twitter:creator\" content=\"@muyjujuy\" \/>\n<meta name=\"twitter:site\" content=\"@muyjujuy\" \/>\n<meta name=\"twitter:label1\" content=\"Escrito por\" \/>\n\t<meta name=\"twitter:data1\" content=\"admin\" \/>\n\t<meta name=\"twitter:label2\" content=\"Tiempo de lectura\" \/>\n\t<meta name=\"twitter:data2\" content=\"2 minutos\" \/>\n<script type=\"application\/ld+json\" class=\"yoast-schema-graph\">{\"@context\":\"https:\\\/\\\/schema.org\",\"@graph\":[{\"@type\":\"Article\",\"@id\":\"https:\\\/\\\/www.muyjujuy.com\\\/index.php\\\/2025\\\/07\\\/21\\\/la-campana-de-vacunacion-antirrabica-continua-en-los-barrios-de-san-salvador-de-jujuy-consulta-el-cronograma\\\/#article\",\"isPartOf\":{\"@id\":\"https:\\\/\\\/www.muyjujuy.com\\\/index.php\\\/2025\\\/07\\\/21\\\/la-campana-de-vacunacion-antirrabica-continua-en-los-barrios-de-san-salvador-de-jujuy-consulta-el-cronograma\\\/\"},\"author\":{\"name\":\"admin\",\"@id\":\"https:\\\/\\\/www.muyjujuy.com\\\/#\\\/schema\\\/person\\\/a3b63db1f387ec4149299954904c5bf0\"},\"headline\":\"La campa\u00f1a de vacunaci\u00f3n antirr\u00e1bica contin\u00faa en los barrios de San Salvador de Jujuy: consult\u00e1 el cronograma\",\"datePublished\":\"2025-07-21T13:50:49+00:00\",\"mainEntityOfPage\":{\"@id\":\"https:\\\/\\\/www.muyjujuy.com\\\/index.php\\\/2025\\\/07\\\/21\\\/la-campana-de-vacunacion-antirrabica-continua-en-los-barrios-de-san-salvador-de-jujuy-consulta-el-cronograma\\\/\"},\"wordCount\":380,\"commentCount\":0,\"publisher\":{\"@id\":\"https:\\\/\\\/www.muyjujuy.com\\\/#organization\"},\"image\":{\"@id\":\"https:\\\/\\\/www.muyjujuy.com\\\/index.php\\\/2025\\\/07\\\/21\\\/la-campana-de-vacunacion-antirrabica-continua-en-los-barrios-de-san-salvador-de-jujuy-consulta-el-cronograma\\\/#primaryimage\"},\"thumbnailUrl\":\"https:\\\/\\\/www.muyjujuy.com\\\/wp-content\\\/uploads\\\/2025\\\/07\\\/VACUNAS.jpg\",\"articleSection\":[\"JUJUY\",\"Sociedad\"],\"inLanguage\":\"es-AR\",\"potentialAction\":[{\"@type\":\"CommentAction\",\"name\":\"Comment\",\"target\":[\"https:\\\/\\\/www.muyjujuy.com\\\/index.php\\\/2025\\\/07\\\/21\\\/la-campana-de-vacunacion-antirrabica-continua-en-los-barrios-de-san-salvador-de-jujuy-consulta-el-cronograma\\\/#respond\"]}]},{\"@type\":\"WebPage\",\"@id\":\"https:\\\/\\\/www.muyjujuy.com\\\/index.php\\\/2025\\\/07\\\/21\\\/la-campana-de-vacunacion-antirrabica-continua-en-los-barrios-de-san-salvador-de-jujuy-consulta-el-cronograma\\\/\",\"url\":\"https:\\\/\\\/www.muyjujuy.com\\\/index.php\\\/2025\\\/07\\\/21\\\/la-campana-de-vacunacion-antirrabica-continua-en-los-barrios-de-san-salvador-de-jujuy-consulta-el-cronograma\\\/\",\"name\":\"La campa\u00f1a de vacunaci\u00f3n antirr\u00e1bica contin\u00faa en los barrios de San Salvador de Jujuy: consult\u00e1 el cronograma - Muy Jujuy\",\"isPartOf\":{\"@id\":\"https:\\\/\\\/www.muyjujuy.com\\\/#website\"},\"primaryImageOfPage\":{\"@id\":\"https:\\\/\\\/www.muyjujuy.com\\\/index.php\\\/2025\\\/07\\\/21\\\/la-campana-de-vacunacion-antirrabica-continua-en-los-barrios-de-san-salvador-de-jujuy-consulta-el-cronograma\\\/#primaryimage\"},\"image\":{\"@id\":\"https:\\\/\\\/www.muyjujuy.com\\\/index.php\\\/2025\\\/07\\\/21\\\/la-campana-de-vacunacion-antirrabica-continua-en-los-barrios-de-san-salvador-de-jujuy-consulta-el-cronograma\\\/#primaryimage\"},\"thumbnailUrl\":\"https:\\\/\\\/www.muyjujuy.com\\\/wp-content\\\/uploads\\\/2025\\\/07\\\/VACUNAS.jpg\",\"datePublished\":\"2025-07-21T13:50:49+00:00\",\"breadcrumb\":{\"@id\":\"https:\\\/\\\/www.muyjujuy.com\\\/index.php\\\/2025\\\/07\\\/21\\\/la-campana-de-vacunacion-antirrabica-continua-en-los-barrios-de-san-salvador-de-jujuy-consulta-el-cronograma\\\/#breadcrumb\"},\"inLanguage\":\"es-AR\",\"potentialAction\":[{\"@type\":\"ReadAction\",\"target\":[\"https:\\\/\\\/www.muyjujuy.com\\\/index.php\\\/2025\\\/07\\\/21\\\/la-campana-de-vacunacion-antirrabica-continua-en-los-barrios-de-san-salvador-de-jujuy-consulta-el-cronograma\\\/\"]}]},{\"@type\":\"ImageObject\",\"inLanguage\":\"es-AR\",\"@id\":\"https:\\\/\\\/www.muyjujuy.com\\\/index.php\\\/2025\\\/07\\\/21\\\/la-campana-de-vacunacion-antirrabica-continua-en-los-barrios-de-san-salvador-de-jujuy-consulta-el-cronograma\\\/#primaryimage\",\"url\":\"https:\\\/\\\/www.muyjujuy.com\\\/wp-content\\\/uploads\\\/2025\\\/07\\\/VACUNAS.jpg\",\"contentUrl\":\"https:\\\/\\\/www.muyjujuy.com\\\/wp-content\\\/uploads\\\/2025\\\/07\\\/VACUNAS.jpg\",\"width\":931,\"height\":539},{\"@type\":\"BreadcrumbList\",\"@id\":\"https:\\\/\\\/www.muyjujuy.com\\\/index.php\\\/2025\\\/07\\\/21\\\/la-campana-de-vacunacion-antirrabica-continua-en-los-barrios-de-san-salvador-de-jujuy-consulta-el-cronograma\\\/#breadcrumb\",\"itemListElement\":[{\"@type\":\"ListItem\",\"position\":1,\"name\":\"Inicio\",\"item\":\"https:\\\/\\\/www.muyjujuy.com\\\/\"},{\"@type\":\"ListItem\",\"position\":2,\"name\":\"La campa\u00f1a de vacunaci\u00f3n antirr\u00e1bica contin\u00faa en los barrios de San Salvador de Jujuy: consult\u00e1 el cronograma\"}]},{\"@type\":\"WebSite\",\"@id\":\"https:\\\/\\\/www.muyjujuy.com\\\/#website\",\"url\":\"https:\\\/\\\/www.muyjujuy.com\\\/\",\"name\":\"Muy Jujuy\",\"description\":\"\",\"publisher\":{\"@id\":\"https:\\\/\\\/www.muyjujuy.com\\\/#organization\"},\"potentialAction\":[{\"@type\":\"SearchAction\",\"target\":{\"@type\":\"EntryPoint\",\"urlTemplate\":\"https:\\\/\\\/www.muyjujuy.com\\\/?s={search_term_string}\"},\"query-input\":{\"@type\":\"PropertyValueSpecification\",\"valueRequired\":true,\"valueName\":\"search_term_string\"}}],\"inLanguage\":\"es-AR\"},{\"@type\":\"Organization\",\"@id\":\"https:\\\/\\\/www.muyjujuy.com\\\/#organization\",\"name\":\"Muy Jujuy\",\"url\":\"https:\\\/\\\/www.muyjujuy.com\\\/\",\"logo\":{\"@type\":\"ImageObject\",\"inLanguage\":\"es-AR\",\"@id\":\"https:\\\/\\\/www.muyjujuy.com\\\/#\\\/schema\\\/logo\\\/image\\\/\",\"url\":\"http:\\\/\\\/www.muyjujuy.com\\\/wp-content\\\/uploads\\\/2022\\\/05\\\/logo-mobil-jujuy.png\",\"contentUrl\":\"http:\\\/\\\/www.muyjujuy.com\\\/wp-content\\\/uploads\\\/2022\\\/05\\\/logo-mobil-jujuy.png\",\"width\":174,\"height\":81,\"caption\":\"Muy Jujuy\"},\"image\":{\"@id\":\"https:\\\/\\\/www.muyjujuy.com\\\/#\\\/schema\\\/logo\\\/image\\\/\"},\"sameAs\":[\"https:\\\/\\\/www.facebook.com\\\/muyjujuycom\",\"https:\\\/\\\/x.com\\\/muyjujuy\",\"https:\\\/\\\/www.instagram.com\\\/muyjujuycom\"]},{\"@type\":\"Person\",\"@id\":\"https:\\\/\\\/www.muyjujuy.com\\\/#\\\/schema\\\/person\\\/a3b63db1f387ec4149299954904c5bf0\",\"name\":\"admin\",\"image\":{\"@type\":\"ImageObject\",\"inLanguage\":\"es-AR\",\"@id\":\"https:\\\/\\\/secure.gravatar.com\\\/avatar\\\/b6e63d8d3a73633362405a0ad27e9c28391755813b59886f19a99d6cef8a03fc?s=96&d=mm&r=g\",\"url\":\"https:\\\/\\\/secure.gravatar.com\\\/avatar\\\/b6e63d8d3a73633362405a0ad27e9c28391755813b59886f19a99d6cef8a03fc?s=96&d=mm&r=g\",\"contentUrl\":\"https:\\\/\\\/secure.gravatar.com\\\/avatar\\\/b6e63d8d3a73633362405a0ad27e9c28391755813b59886f19a99d6cef8a03fc?s=96&d=mm&r=g\",\"caption\":\"admin\"},\"url\":\"https:\\\/\\\/www.muyjujuy.com\\\/index.php\\\/author\\\/soyeleditor\\\/\"}]}<\/script>\n<!-- \/ Yoast SEO plugin. -->","yoast_head_json":{"title":"La campa\u00f1a de vacunaci\u00f3n antirr\u00e1bica contin\u00faa en los barrios de San Salvador de Jujuy: consult\u00e1 el cronograma - Muy Jujuy","robots":{"index":"index","follow":"follow","max-snippet":"max-snippet:-1","max-image-preview":"max-image-preview:large","max-video-preview":"max-video-preview:-1"},"canonical":"https:\/\/www.muyjujuy.com\/index.php\/2025\/07\/21\/la-campana-de-vacunacion-antirrabica-continua-en-los-barrios-de-san-salvador-de-jujuy-consulta-el-cronograma\/","og_locale":"es_ES","og_type":"article","og_title":"La campa\u00f1a de vacunaci\u00f3n antirr\u00e1bica contin\u00faa en los barrios de San Salvador de Jujuy: consult\u00e1 el cronograma - Muy Jujuy","og_description":"La Direcci\u00f3n de Zoonosis llevar\u00e1 adelante una nueva etapa del programa gratuito de vacunaci\u00f3n antirr\u00e1bica para perros y gatos, como parte de una estrategia integral de salud p\u00fablica orientada a la prevenci\u00f3n de enfermedades zoon\u00f3ticas. La iniciativa se desarrollar\u00e1 desde el lunes 21 hasta el viernes 25 de julio, abarcando diferentes barrios del Distrito Este, [&hellip;]","og_url":"https:\/\/www.muyjujuy.com\/index.php\/2025\/07\/21\/la-campana-de-vacunacion-antirrabica-continua-en-los-barrios-de-san-salvador-de-jujuy-consulta-el-cronograma\/","og_site_name":"Muy Jujuy","article_publisher":"https:\/\/www.facebook.com\/muyjujuycom","article_published_time":"2025-07-21T13:50:49+00:00","author":"admin","twitter_card":"summary_large_image","twitter_creator":"@muyjujuy","twitter_site":"@muyjujuy","twitter_misc":{"Escrito por":"admin","Tiempo de lectura":"2 minutos"},"schema":{"@context":"https:\/\/schema.org","@graph":[{"@type":"Article","@id":"https:\/\/www.muyjujuy.com\/index.php\/2025\/07\/21\/la-campana-de-vacunacion-antirrabica-continua-en-los-barrios-de-san-salvador-de-jujuy-consulta-el-cronograma\/#article","isPartOf":{"@id":"https:\/\/www.muyjujuy.com\/index.php\/2025\/07\/21\/la-campana-de-vacunacion-antirrabica-continua-en-los-barrios-de-san-salvador-de-jujuy-consulta-el-cronograma\/"},"author":{"name":"admin","@id":"https:\/\/www.muyjujuy.com\/#\/schema\/person\/a3b63db1f387ec4149299954904c5bf0"},"headline":"La campa\u00f1a de vacunaci\u00f3n antirr\u00e1bica contin\u00faa en los barrios de San Salvador de Jujuy: consult\u00e1 el cronograma","datePublished":"2025-07-21T13:50:49+00:00","mainEntityOfPage":{"@id":"https:\/\/www.muyjujuy.com\/index.php\/2025\/07\/21\/la-campana-de-vacunacion-antirrabica-continua-en-los-barrios-de-san-salvador-de-jujuy-consulta-el-cronograma\/"},"wordCount":380,"commentCount":0,"publisher":{"@id":"https:\/\/www.muyjujuy.com\/#organization"},"image":{"@id":"https:\/\/www.muyjujuy.com\/index.php\/2025\/07\/21\/la-campana-de-vacunacion-antirrabica-continua-en-los-barrios-de-san-salvador-de-jujuy-consulta-el-cronograma\/#primaryimage"},"thumbnailUrl":"https:\/\/www.muyjujuy.com\/wp-content\/uploads\/2025\/07\/VACUNAS.jpg","articleSection":["JUJUY","Sociedad"],"inLanguage":"es-AR","potentialAction":[{"@type":"CommentAction","name":"Comment","target":["https:\/\/www.muyjujuy.com\/index.php\/2025\/07\/21\/la-campana-de-vacunacion-antirrabica-continua-en-los-barrios-de-san-salvador-de-jujuy-consulta-el-cronograma\/#respond"]}]},{"@type":"WebPage","@id":"https:\/\/www.muyjujuy.com\/index.php\/2025\/07\/21\/la-campana-de-vacunacion-antirrabica-continua-en-los-barrios-de-san-salvador-de-jujuy-consulta-el-cronograma\/","url":"https:\/\/www.muyjujuy.com\/index.php\/2025\/07\/21\/la-campana-de-vacunacion-antirrabica-continua-en-los-barrios-de-san-salvador-de-jujuy-consulta-el-cronograma\/","name":"La campa\u00f1a de vacunaci\u00f3n antirr\u00e1bica contin\u00faa en los barrios de San Salvador de Jujuy: consult\u00e1 el cronograma - Muy Jujuy","isPartOf":{"@id":"https:\/\/www.muyjujuy.com\/#website"},"primaryImageOfPage":{"@id":"https:\/\/www.muyjujuy.com\/index.php\/2025\/07\/21\/la-campana-de-vacunacion-antirrabica-continua-en-los-barrios-de-san-salvador-de-jujuy-consulta-el-cronograma\/#primaryimage"},"image":{"@id":"https:\/\/www.muyjujuy.com\/index.php\/2025\/07\/21\/la-campana-de-vacunacion-antirrabica-continua-en-los-barrios-de-san-salvador-de-jujuy-consulta-el-cronograma\/#primaryimage"},"thumbnailUrl":"https:\/\/www.muyjujuy.com\/wp-content\/uploads\/2025\/07\/VACUNAS.jpg","datePublished":"2025-07-21T13:50:49+00:00","breadcrumb":{"@id":"https:\/\/www.muyjujuy.com\/index.php\/2025\/07\/21\/la-campana-de-vacunacion-antirrabica-continua-en-los-barrios-de-san-salvador-de-jujuy-consulta-el-cronograma\/#breadcrumb"},"inLanguage":"es-AR","potentialAction":[{"@type":"ReadAction","target":["https:\/\/www.muyjujuy.com\/index.php\/2025\/07\/21\/la-campana-de-vacunacion-antirrabica-continua-en-los-barrios-de-san-salvador-de-jujuy-consulta-el-cronograma\/"]}]},{"@type":"ImageObject","inLanguage":"es-AR","@id":"https:\/\/www.muyjujuy.com\/index.php\/2025\/07\/21\/la-campana-de-vacunacion-antirrabica-continua-en-los-barrios-de-san-salvador-de-jujuy-consulta-el-cronograma\/#primaryimage","url":"https:\/\/www.muyjujuy.com\/wp-content\/uploads\/2025\/07\/VACUNAS.jpg","contentUrl":"https:\/\/www.muyjujuy.com\/wp-content\/uploads\/2025\/07\/VACUNAS.jpg","width":931,"height":539},{"@type":"BreadcrumbList","@id":"https:\/\/www.muyjujuy.com\/index.php\/2025\/07\/21\/la-campana-de-vacunacion-antirrabica-continua-en-los-barrios-de-san-salvador-de-jujuy-consulta-el-cronograma\/#breadcrumb","itemListElement":[{"@type":"ListItem","position":1,"name":"Inicio","item":"https:\/\/www.muyjujuy.com\/"},{"@type":"ListItem","position":2,"name":"La campa\u00f1a de vacunaci\u00f3n antirr\u00e1bica contin\u00faa en los barrios de San Salvador de Jujuy: consult\u00e1 el cronograma"}]},{"@type":"WebSite","@id":"https:\/\/www.muyjujuy.com\/#website","url":"https:\/\/www.muyjujuy.com\/","name":"Muy Jujuy","description":"","publisher":{"@id":"https:\/\/www.muyjujuy.com\/#organization"},"potentialAction":[{"@type":"SearchAction","target":{"@type":"EntryPoint","urlTemplate":"https:\/\/www.muyjujuy.com\/?s={search_term_string}"},"query-input":{"@type":"PropertyValueSpecification","valueRequired":true,"valueName":"search_term_string"}}],"inLanguage":"es-AR"},{"@type":"Organization","@id":"https:\/\/www.muyjujuy.com\/#organization","name":"Muy Jujuy","url":"https:\/\/www.muyjujuy.com\/","logo":{"@type":"ImageObject","inLanguage":"es-AR","@id":"https:\/\/www.muyjujuy.com\/#\/schema\/logo\/image\/","url":"http:\/\/www.muyjujuy.com\/wp-content\/uploads\/2022\/05\/logo-mobil-jujuy.png","contentUrl":"http:\/\/www.muyjujuy.com\/wp-content\/uploads\/2022\/05\/logo-mobil-jujuy.png","width":174,"height":81,"caption":"Muy Jujuy"},"image":{"@id":"https:\/\/www.muyjujuy.com\/#\/schema\/logo\/image\/"},"sameAs":["https:\/\/www.facebook.com\/muyjujuycom","https:\/\/x.com\/muyjujuy","https:\/\/www.instagram.com\/muyjujuycom"]},{"@type":"Person","@id":"https:\/\/www.muyjujuy.com\/#\/schema\/person\/a3b63db1f387ec4149299954904c5bf0","name":"admin","image":{"@type":"ImageObject","inLanguage":"es-AR","@id":"https:\/\/secure.gravatar.com\/avatar\/b6e63d8d3a73633362405a0ad27e9c28391755813b59886f19a99d6cef8a03fc?s=96&d=mm&r=g","url":"https:\/\/secure.gravatar.com\/avatar\/b6e63d8d3a73633362405a0ad27e9c28391755813b59886f19a99d6cef8a03fc?s=96&d=mm&r=g","contentUrl":"https:\/\/secure.gravatar.com\/avatar\/b6e63d8d3a73633362405a0ad27e9c28391755813b59886f19a99d6cef8a03fc?s=96&d=mm&r=g","caption":"admin"},"url":"https:\/\/www.muyjujuy.com\/index.php\/author\/soyeleditor\/"}]}},"_links":{"self":[{"href":"https:\/\/www.muyjujuy.com\/index.php\/wp-json\/wp\/v2\/posts\/2705","targetHints":{"allow":["GET"]}}],"collection":[{"href":"https:\/\/www.muyjujuy.com\/index.php\/wp-json\/wp\/v2\/posts"}],"about":[{"href":"https:\/\/www.muyjujuy.com\/index.php\/wp-json\/wp\/v2\/types\/post"}],"author":[{"embeddable":true,"href":"https:\/\/www.muyjujuy.com\/index.php\/wp-json\/wp\/v2\/users\/1"}],"replies":[{"embeddable":true,"href":"https:\/\/www.muyjujuy.com\/index.php\/wp-json\/wp\/v2\/comments?post=2705"}],"version-history":[{"count":1,"href":"https:\/\/www.muyjujuy.com\/index.php\/wp-json\/wp\/v2\/posts\/2705\/revisions"}],"predecessor-version":[{"id":2707,"href":"https:\/\/www.muyjujuy.com\/index.php\/wp-json\/wp\/v2\/posts\/2705\/revisions\/2707"}],"wp:featuredmedia":[{"embeddable":true,"href":"https:\/\/www.muyjujuy.com\/index.php\/wp-json\/wp\/v2\/media\/2706"}],"wp:attachment":[{"href":"https:\/\/www.muyjujuy.com\/index.php\/wp-json\/wp\/v2\/media?parent=2705"}],"wp:term":[{"taxonomy":"category","embeddable":true,"href":"https:\/\/www.muyjujuy.com\/index.php\/wp-json\/wp\/v2\/categories?post=2705"},{"taxonomy":"post_tag","embeddable":true,"href":"https:\/\/www.muyjujuy.com\/index.php\/wp-json\/wp\/v2\/tags?post=2705"}],"curies":[{"name":"wp","href":"https:\/\/api.w.org\/{rel}","templated":true}]}}