{"id":2711,"date":"2025-07-21T11:02:02","date_gmt":"2025-07-21T14:02:02","guid":{"rendered":"https:\/\/www.muyjujuy.com\/?p=2711"},"modified":"2025-07-21T11:02:02","modified_gmt":"2025-07-21T14:02:02","slug":"asamblea-de-gremios-aeronauticos-podria-generar-demoras-en-los-vuelos-panorama-en-jujuy","status":"publish","type":"post","link":"https:\/\/www.muyjujuy.com\/index.php\/2025\/07\/21\/asamblea-de-gremios-aeronauticos-podria-generar-demoras-en-los-vuelos-panorama-en-jujuy\/","title":{"rendered":"Asamblea de gremios aeron\u00e1uticos podr\u00eda generar demoras en los vuelos: panorama en Jujuy"},"content":{"rendered":"\n<p>Durante la ma\u00f1ana de este <strong>lunes 21 de julio<\/strong>, cinco sindicatos aeron\u00e1uticos realizar\u00e1n una <strong>asamblea a partir de las 11 horas en el Aeroparque Metropolitano Jorge Newbery<\/strong>. Este encuentro coincide con el inicio del <strong>per\u00edodo de vacaciones de invierno en la Ciudad Aut\u00f3noma de Buenos Aires<\/strong>.<\/p>\n\n\n\n<p><strong>Impacto de la asamblea en los vuelos<\/strong><br>Aunque <strong>Aeropuertos Argentina<\/strong>, concesionaria de las principales terminales a\u00e9reas, asegur\u00f3 que la medida no deber\u00eda alterar el flujo de pasajeros, <strong>no se descarta la posibilidad de inconvenientes y demoras en algunas operaciones<\/strong> debido a la relevancia de la convocatoria.<\/p>\n\n\n\n<p>La protesta se origina tras la promulgaci\u00f3n, el pasado <strong>4 de junio<\/strong>, del <strong>DNU 378\/2025<\/strong>, que deja sin efecto el decreto <strong>877\/2021<\/strong> y <strong>modifica de manera significativa los reg\u00edmenes laborales de pilotos, copilotos, tripulantes de cabina y comisarios de a bordo<\/strong>. La jornada de hoy, que contempla una asamblea y una <strong>conferencia de prensa<\/strong>, busca <strong>visibilizar el reclamo y presionar para una revisi\u00f3n de las pol\u00edticas que impactan al personal del sector a\u00e9reo argentino<\/strong>.<\/p>\n\n\n\n<p><strong>Estado de los vuelos en Jujuy este lunes 21 de julio<\/strong><br>En relaci\u00f3n con las <strong>salidas desde la provincia de Jujuy<\/strong>, <strong>Aeropuertos Argentina<\/strong> inform\u00f3 que <strong>algunas operaciones podr\u00edan experimentar reprogramaciones<\/strong>. Sin embargo, se recomienda a los <strong>pasajeros verificar con cada aerol\u00ednea el estado actualizado de sus vuelos<\/strong>.<\/p>\n","protected":false},"excerpt":{"rendered":"<p>Durante la ma\u00f1ana de este lunes 21 de julio, cinco sindicatos aeron\u00e1uticos realizar\u00e1n una asamblea a partir de las 11 horas en el Aeroparque Metropolitano Jorge Newbery. Este encuentro coincide con el inicio del per\u00edodo de vacaciones de invierno en la Ciudad Aut\u00f3noma de Buenos Aires. Impacto de la asamblea en los vuelosAunque Aeropuertos Argentina, [&hellip;]<\/p>\n","protected":false},"author":1,"featured_media":2712,"comment_status":"open","ping_status":"open","sticky":false,"template":"","format":"standard","meta":{"footnotes":""},"categories":[863,25],"tags":[],"class_list":{"0":"post-2711","1":"post","2":"type-post","3":"status-publish","4":"format-standard","5":"has-post-thumbnail","7":"category-jujuy","8":"category-sociedad"},"yoast_head":"<!-- This site is optimized with the Yoast SEO plugin v27.5 - https:\/\/yoast.com\/product\/yoast-seo-wordpress\/ -->\n<title>Asamblea de gremios aeron\u00e1uticos podr\u00eda generar demoras en los vuelos: panorama en Jujuy - Muy Jujuy<\/title>\n<meta name=\"robots\" content=\"index, follow, max-snippet:-1, max-image-preview:large, max-video-preview:-1\" \/>\n<link rel=\"canonical\" href=\"https:\/\/www.muyjujuy.com\/index.php\/2025\/07\/21\/asamblea-de-gremios-aeronauticos-podria-generar-demoras-en-los-vuelos-panorama-en-jujuy\/\" \/>\n<meta property=\"og:locale\" content=\"es_ES\" \/>\n<meta property=\"og:type\" content=\"article\" \/>\n<meta property=\"og:title\" content=\"Asamblea de gremios aeron\u00e1uticos podr\u00eda generar demoras en los vuelos: panorama en Jujuy - Muy Jujuy\" \/>\n<meta property=\"og:description\" content=\"Durante la ma\u00f1ana de este lunes 21 de julio, cinco sindicatos aeron\u00e1uticos realizar\u00e1n una asamblea a partir de las 11 horas en el Aeroparque Metropolitano Jorge Newbery. Este encuentro coincide con el inicio del per\u00edodo de vacaciones de invierno en la Ciudad Aut\u00f3noma de Buenos Aires. Impacto de la asamblea en los vuelosAunque Aeropuertos Argentina, [&hellip;]\" \/>\n<meta property=\"og:url\" content=\"https:\/\/www.muyjujuy.com\/index.php\/2025\/07\/21\/asamblea-de-gremios-aeronauticos-podria-generar-demoras-en-los-vuelos-panorama-en-jujuy\/\" \/>\n<meta property=\"og:site_name\" content=\"Muy Jujuy\" \/>\n<meta property=\"article:publisher\" content=\"https:\/\/www.facebook.com\/muyjujuycom\" \/>\n<meta property=\"article:published_time\" content=\"2025-07-21T14:02:02+00:00\" \/>\n<meta name=\"author\" content=\"admin\" \/>\n<meta name=\"twitter:card\" content=\"summary_large_image\" \/>\n<meta name=\"twitter:creator\" content=\"@muyjujuy\" \/>\n<meta name=\"twitter:site\" content=\"@muyjujuy\" \/>\n<meta name=\"twitter:label1\" content=\"Escrito por\" \/>\n\t<meta name=\"twitter:data1\" content=\"admin\" \/>\n\t<meta name=\"twitter:label2\" content=\"Tiempo de lectura\" \/>\n\t<meta name=\"twitter:data2\" content=\"1 minuto\" \/>\n<script type=\"application\/ld+json\" class=\"yoast-schema-graph\">{\"@context\":\"https:\\\/\\\/schema.org\",\"@graph\":[{\"@type\":\"Article\",\"@id\":\"https:\\\/\\\/www.muyjujuy.com\\\/index.php\\\/2025\\\/07\\\/21\\\/asamblea-de-gremios-aeronauticos-podria-generar-demoras-en-los-vuelos-panorama-en-jujuy\\\/#article\",\"isPartOf\":{\"@id\":\"https:\\\/\\\/www.muyjujuy.com\\\/index.php\\\/2025\\\/07\\\/21\\\/asamblea-de-gremios-aeronauticos-podria-generar-demoras-en-los-vuelos-panorama-en-jujuy\\\/\"},\"author\":{\"name\":\"admin\",\"@id\":\"https:\\\/\\\/www.muyjujuy.com\\\/#\\\/schema\\\/person\\\/a3b63db1f387ec4149299954904c5bf0\"},\"headline\":\"Asamblea de gremios aeron\u00e1uticos podr\u00eda generar demoras en los vuelos: panorama en Jujuy\",\"datePublished\":\"2025-07-21T14:02:02+00:00\",\"mainEntityOfPage\":{\"@id\":\"https:\\\/\\\/www.muyjujuy.com\\\/index.php\\\/2025\\\/07\\\/21\\\/asamblea-de-gremios-aeronauticos-podria-generar-demoras-en-los-vuelos-panorama-en-jujuy\\\/\"},\"wordCount\":237,\"commentCount\":0,\"publisher\":{\"@id\":\"https:\\\/\\\/www.muyjujuy.com\\\/#organization\"},\"image\":{\"@id\":\"https:\\\/\\\/www.muyjujuy.com\\\/index.php\\\/2025\\\/07\\\/21\\\/asamblea-de-gremios-aeronauticos-podria-generar-demoras-en-los-vuelos-panorama-en-jujuy\\\/#primaryimage\"},\"thumbnailUrl\":\"https:\\\/\\\/www.muyjujuy.com\\\/wp-content\\\/uploads\\\/2025\\\/07\\\/AVION.jpg\",\"articleSection\":[\"JUJUY\",\"Sociedad\"],\"inLanguage\":\"es-AR\",\"potentialAction\":[{\"@type\":\"CommentAction\",\"name\":\"Comment\",\"target\":[\"https:\\\/\\\/www.muyjujuy.com\\\/index.php\\\/2025\\\/07\\\/21\\\/asamblea-de-gremios-aeronauticos-podria-generar-demoras-en-los-vuelos-panorama-en-jujuy\\\/#respond\"]}]},{\"@type\":\"WebPage\",\"@id\":\"https:\\\/\\\/www.muyjujuy.com\\\/index.php\\\/2025\\\/07\\\/21\\\/asamblea-de-gremios-aeronauticos-podria-generar-demoras-en-los-vuelos-panorama-en-jujuy\\\/\",\"url\":\"https:\\\/\\\/www.muyjujuy.com\\\/index.php\\\/2025\\\/07\\\/21\\\/asamblea-de-gremios-aeronauticos-podria-generar-demoras-en-los-vuelos-panorama-en-jujuy\\\/\",\"name\":\"Asamblea de gremios aeron\u00e1uticos podr\u00eda generar demoras en los vuelos: panorama en Jujuy - Muy Jujuy\",\"isPartOf\":{\"@id\":\"https:\\\/\\\/www.muyjujuy.com\\\/#website\"},\"primaryImageOfPage\":{\"@id\":\"https:\\\/\\\/www.muyjujuy.com\\\/index.php\\\/2025\\\/07\\\/21\\\/asamblea-de-gremios-aeronauticos-podria-generar-demoras-en-los-vuelos-panorama-en-jujuy\\\/#primaryimage\"},\"image\":{\"@id\":\"https:\\\/\\\/www.muyjujuy.com\\\/index.php\\\/2025\\\/07\\\/21\\\/asamblea-de-gremios-aeronauticos-podria-generar-demoras-en-los-vuelos-panorama-en-jujuy\\\/#primaryimage\"},\"thumbnailUrl\":\"https:\\\/\\\/www.muyjujuy.com\\\/wp-content\\\/uploads\\\/2025\\\/07\\\/AVION.jpg\",\"datePublished\":\"2025-07-21T14:02:02+00:00\",\"breadcrumb\":{\"@id\":\"https:\\\/\\\/www.muyjujuy.com\\\/index.php\\\/2025\\\/07\\\/21\\\/asamblea-de-gremios-aeronauticos-podria-generar-demoras-en-los-vuelos-panorama-en-jujuy\\\/#breadcrumb\"},\"inLanguage\":\"es-AR\",\"potentialAction\":[{\"@type\":\"ReadAction\",\"target\":[\"https:\\\/\\\/www.muyjujuy.com\\\/index.php\\\/2025\\\/07\\\/21\\\/asamblea-de-gremios-aeronauticos-podria-generar-demoras-en-los-vuelos-panorama-en-jujuy\\\/\"]}]},{\"@type\":\"ImageObject\",\"inLanguage\":\"es-AR\",\"@id\":\"https:\\\/\\\/www.muyjujuy.com\\\/index.php\\\/2025\\\/07\\\/21\\\/asamblea-de-gremios-aeronauticos-podria-generar-demoras-en-los-vuelos-panorama-en-jujuy\\\/#primaryimage\",\"url\":\"https:\\\/\\\/www.muyjujuy.com\\\/wp-content\\\/uploads\\\/2025\\\/07\\\/AVION.jpg\",\"contentUrl\":\"https:\\\/\\\/www.muyjujuy.com\\\/wp-content\\\/uploads\\\/2025\\\/07\\\/AVION.jpg\",\"width\":620,\"height\":354},{\"@type\":\"BreadcrumbList\",\"@id\":\"https:\\\/\\\/www.muyjujuy.com\\\/index.php\\\/2025\\\/07\\\/21\\\/asamblea-de-gremios-aeronauticos-podria-generar-demoras-en-los-vuelos-panorama-en-jujuy\\\/#breadcrumb\",\"itemListElement\":[{\"@type\":\"ListItem\",\"position\":1,\"name\":\"Inicio\",\"item\":\"https:\\\/\\\/www.muyjujuy.com\\\/\"},{\"@type\":\"ListItem\",\"position\":2,\"name\":\"Asamblea de gremios aeron\u00e1uticos podr\u00eda generar demoras en los vuelos: panorama en Jujuy\"}]},{\"@type\":\"WebSite\",\"@id\":\"https:\\\/\\\/www.muyjujuy.com\\\/#website\",\"url\":\"https:\\\/\\\/www.muyjujuy.com\\\/\",\"name\":\"Muy Jujuy\",\"description\":\"\",\"publisher\":{\"@id\":\"https:\\\/\\\/www.muyjujuy.com\\\/#organization\"},\"potentialAction\":[{\"@type\":\"SearchAction\",\"target\":{\"@type\":\"EntryPoint\",\"urlTemplate\":\"https:\\\/\\\/www.muyjujuy.com\\\/?s={search_term_string}\"},\"query-input\":{\"@type\":\"PropertyValueSpecification\",\"valueRequired\":true,\"valueName\":\"search_term_string\"}}],\"inLanguage\":\"es-AR\"},{\"@type\":\"Organization\",\"@id\":\"https:\\\/\\\/www.muyjujuy.com\\\/#organization\",\"name\":\"Muy Jujuy\",\"url\":\"https:\\\/\\\/www.muyjujuy.com\\\/\",\"logo\":{\"@type\":\"ImageObject\",\"inLanguage\":\"es-AR\",\"@id\":\"https:\\\/\\\/www.muyjujuy.com\\\/#\\\/schema\\\/logo\\\/image\\\/\",\"url\":\"http:\\\/\\\/www.muyjujuy.com\\\/wp-content\\\/uploads\\\/2022\\\/05\\\/logo-mobil-jujuy.png\",\"contentUrl\":\"http:\\\/\\\/www.muyjujuy.com\\\/wp-content\\\/uploads\\\/2022\\\/05\\\/logo-mobil-jujuy.png\",\"width\":174,\"height\":81,\"caption\":\"Muy Jujuy\"},\"image\":{\"@id\":\"https:\\\/\\\/www.muyjujuy.com\\\/#\\\/schema\\\/logo\\\/image\\\/\"},\"sameAs\":[\"https:\\\/\\\/www.facebook.com\\\/muyjujuycom\",\"https:\\\/\\\/x.com\\\/muyjujuy\",\"https:\\\/\\\/www.instagram.com\\\/muyjujuycom\"]},{\"@type\":\"Person\",\"@id\":\"https:\\\/\\\/www.muyjujuy.com\\\/#\\\/schema\\\/person\\\/a3b63db1f387ec4149299954904c5bf0\",\"name\":\"admin\",\"image\":{\"@type\":\"ImageObject\",\"inLanguage\":\"es-AR\",\"@id\":\"https:\\\/\\\/secure.gravatar.com\\\/avatar\\\/b6e63d8d3a73633362405a0ad27e9c28391755813b59886f19a99d6cef8a03fc?s=96&d=mm&r=g\",\"url\":\"https:\\\/\\\/secure.gravatar.com\\\/avatar\\\/b6e63d8d3a73633362405a0ad27e9c28391755813b59886f19a99d6cef8a03fc?s=96&d=mm&r=g\",\"contentUrl\":\"https:\\\/\\\/secure.gravatar.com\\\/avatar\\\/b6e63d8d3a73633362405a0ad27e9c28391755813b59886f19a99d6cef8a03fc?s=96&d=mm&r=g\",\"caption\":\"admin\"},\"url\":\"https:\\\/\\\/www.muyjujuy.com\\\/index.php\\\/author\\\/soyeleditor\\\/\"}]}<\/script>\n<!-- \/ Yoast SEO plugin. -->","yoast_head_json":{"title":"Asamblea de gremios aeron\u00e1uticos podr\u00eda generar demoras en los vuelos: panorama en Jujuy - Muy Jujuy","robots":{"index":"index","follow":"follow","max-snippet":"max-snippet:-1","max-image-preview":"max-image-preview:large","max-video-preview":"max-video-preview:-1"},"canonical":"https:\/\/www.muyjujuy.com\/index.php\/2025\/07\/21\/asamblea-de-gremios-aeronauticos-podria-generar-demoras-en-los-vuelos-panorama-en-jujuy\/","og_locale":"es_ES","og_type":"article","og_title":"Asamblea de gremios aeron\u00e1uticos podr\u00eda generar demoras en los vuelos: panorama en Jujuy - Muy Jujuy","og_description":"Durante la ma\u00f1ana de este lunes 21 de julio, cinco sindicatos aeron\u00e1uticos realizar\u00e1n una asamblea a partir de las 11 horas en el Aeroparque Metropolitano Jorge Newbery. Este encuentro coincide con el inicio del per\u00edodo de vacaciones de invierno en la Ciudad Aut\u00f3noma de Buenos Aires. Impacto de la asamblea en los vuelosAunque Aeropuertos Argentina, [&hellip;]","og_url":"https:\/\/www.muyjujuy.com\/index.php\/2025\/07\/21\/asamblea-de-gremios-aeronauticos-podria-generar-demoras-en-los-vuelos-panorama-en-jujuy\/","og_site_name":"Muy Jujuy","article_publisher":"https:\/\/www.facebook.com\/muyjujuycom","article_published_time":"2025-07-21T14:02:02+00:00","author":"admin","twitter_card":"summary_large_image","twitter_creator":"@muyjujuy","twitter_site":"@muyjujuy","twitter_misc":{"Escrito por":"admin","Tiempo de lectura":"1 minuto"},"schema":{"@context":"https:\/\/schema.org","@graph":[{"@type":"Article","@id":"https:\/\/www.muyjujuy.com\/index.php\/2025\/07\/21\/asamblea-de-gremios-aeronauticos-podria-generar-demoras-en-los-vuelos-panorama-en-jujuy\/#article","isPartOf":{"@id":"https:\/\/www.muyjujuy.com\/index.php\/2025\/07\/21\/asamblea-de-gremios-aeronauticos-podria-generar-demoras-en-los-vuelos-panorama-en-jujuy\/"},"author":{"name":"admin","@id":"https:\/\/www.muyjujuy.com\/#\/schema\/person\/a3b63db1f387ec4149299954904c5bf0"},"headline":"Asamblea de gremios aeron\u00e1uticos podr\u00eda generar demoras en los vuelos: panorama en Jujuy","datePublished":"2025-07-21T14:02:02+00:00","mainEntityOfPage":{"@id":"https:\/\/www.muyjujuy.com\/index.php\/2025\/07\/21\/asamblea-de-gremios-aeronauticos-podria-generar-demoras-en-los-vuelos-panorama-en-jujuy\/"},"wordCount":237,"commentCount":0,"publisher":{"@id":"https:\/\/www.muyjujuy.com\/#organization"},"image":{"@id":"https:\/\/www.muyjujuy.com\/index.php\/2025\/07\/21\/asamblea-de-gremios-aeronauticos-podria-generar-demoras-en-los-vuelos-panorama-en-jujuy\/#primaryimage"},"thumbnailUrl":"https:\/\/www.muyjujuy.com\/wp-content\/uploads\/2025\/07\/AVION.jpg","articleSection":["JUJUY","Sociedad"],"inLanguage":"es-AR","potentialAction":[{"@type":"CommentAction","name":"Comment","target":["https:\/\/www.muyjujuy.com\/index.php\/2025\/07\/21\/asamblea-de-gremios-aeronauticos-podria-generar-demoras-en-los-vuelos-panorama-en-jujuy\/#respond"]}]},{"@type":"WebPage","@id":"https:\/\/www.muyjujuy.com\/index.php\/2025\/07\/21\/asamblea-de-gremios-aeronauticos-podria-generar-demoras-en-los-vuelos-panorama-en-jujuy\/","url":"https:\/\/www.muyjujuy.com\/index.php\/2025\/07\/21\/asamblea-de-gremios-aeronauticos-podria-generar-demoras-en-los-vuelos-panorama-en-jujuy\/","name":"Asamblea de gremios aeron\u00e1uticos podr\u00eda generar demoras en los vuelos: panorama en Jujuy - Muy Jujuy","isPartOf":{"@id":"https:\/\/www.muyjujuy.com\/#website"},"primaryImageOfPage":{"@id":"https:\/\/www.muyjujuy.com\/index.php\/2025\/07\/21\/asamblea-de-gremios-aeronauticos-podria-generar-demoras-en-los-vuelos-panorama-en-jujuy\/#primaryimage"},"image":{"@id":"https:\/\/www.muyjujuy.com\/index.php\/2025\/07\/21\/asamblea-de-gremios-aeronauticos-podria-generar-demoras-en-los-vuelos-panorama-en-jujuy\/#primaryimage"},"thumbnailUrl":"https:\/\/www.muyjujuy.com\/wp-content\/uploads\/2025\/07\/AVION.jpg","datePublished":"2025-07-21T14:02:02+00:00","breadcrumb":{"@id":"https:\/\/www.muyjujuy.com\/index.php\/2025\/07\/21\/asamblea-de-gremios-aeronauticos-podria-generar-demoras-en-los-vuelos-panorama-en-jujuy\/#breadcrumb"},"inLanguage":"es-AR","potentialAction":[{"@type":"ReadAction","target":["https:\/\/www.muyjujuy.com\/index.php\/2025\/07\/21\/asamblea-de-gremios-aeronauticos-podria-generar-demoras-en-los-vuelos-panorama-en-jujuy\/"]}]},{"@type":"ImageObject","inLanguage":"es-AR","@id":"https:\/\/www.muyjujuy.com\/index.php\/2025\/07\/21\/asamblea-de-gremios-aeronauticos-podria-generar-demoras-en-los-vuelos-panorama-en-jujuy\/#primaryimage","url":"https:\/\/www.muyjujuy.com\/wp-content\/uploads\/2025\/07\/AVION.jpg","contentUrl":"https:\/\/www.muyjujuy.com\/wp-content\/uploads\/2025\/07\/AVION.jpg","width":620,"height":354},{"@type":"BreadcrumbList","@id":"https:\/\/www.muyjujuy.com\/index.php\/2025\/07\/21\/asamblea-de-gremios-aeronauticos-podria-generar-demoras-en-los-vuelos-panorama-en-jujuy\/#breadcrumb","itemListElement":[{"@type":"ListItem","position":1,"name":"Inicio","item":"https:\/\/www.muyjujuy.com\/"},{"@type":"ListItem","position":2,"name":"Asamblea de gremios aeron\u00e1uticos podr\u00eda generar demoras en los vuelos: panorama en Jujuy"}]},{"@type":"WebSite","@id":"https:\/\/www.muyjujuy.com\/#website","url":"https:\/\/www.muyjujuy.com\/","name":"Muy Jujuy","description":"","publisher":{"@id":"https:\/\/www.muyjujuy.com\/#organization"},"potentialAction":[{"@type":"SearchAction","target":{"@type":"EntryPoint","urlTemplate":"https:\/\/www.muyjujuy.com\/?s={search_term_string}"},"query-input":{"@type":"PropertyValueSpecification","valueRequired":true,"valueName":"search_term_string"}}],"inLanguage":"es-AR"},{"@type":"Organization","@id":"https:\/\/www.muyjujuy.com\/#organization","name":"Muy Jujuy","url":"https:\/\/www.muyjujuy.com\/","logo":{"@type":"ImageObject","inLanguage":"es-AR","@id":"https:\/\/www.muyjujuy.com\/#\/schema\/logo\/image\/","url":"http:\/\/www.muyjujuy.com\/wp-content\/uploads\/2022\/05\/logo-mobil-jujuy.png","contentUrl":"http:\/\/www.muyjujuy.com\/wp-content\/uploads\/2022\/05\/logo-mobil-jujuy.png","width":174,"height":81,"caption":"Muy Jujuy"},"image":{"@id":"https:\/\/www.muyjujuy.com\/#\/schema\/logo\/image\/"},"sameAs":["https:\/\/www.facebook.com\/muyjujuycom","https:\/\/x.com\/muyjujuy","https:\/\/www.instagram.com\/muyjujuycom"]},{"@type":"Person","@id":"https:\/\/www.muyjujuy.com\/#\/schema\/person\/a3b63db1f387ec4149299954904c5bf0","name":"admin","image":{"@type":"ImageObject","inLanguage":"es-AR","@id":"https:\/\/secure.gravatar.com\/avatar\/b6e63d8d3a73633362405a0ad27e9c28391755813b59886f19a99d6cef8a03fc?s=96&d=mm&r=g","url":"https:\/\/secure.gravatar.com\/avatar\/b6e63d8d3a73633362405a0ad27e9c28391755813b59886f19a99d6cef8a03fc?s=96&d=mm&r=g","contentUrl":"https:\/\/secure.gravatar.com\/avatar\/b6e63d8d3a73633362405a0ad27e9c28391755813b59886f19a99d6cef8a03fc?s=96&d=mm&r=g","caption":"admin"},"url":"https:\/\/www.muyjujuy.com\/index.php\/author\/soyeleditor\/"}]}},"_links":{"self":[{"href":"https:\/\/www.muyjujuy.com\/index.php\/wp-json\/wp\/v2\/posts\/2711","targetHints":{"allow":["GET"]}}],"collection":[{"href":"https:\/\/www.muyjujuy.com\/index.php\/wp-json\/wp\/v2\/posts"}],"about":[{"href":"https:\/\/www.muyjujuy.com\/index.php\/wp-json\/wp\/v2\/types\/post"}],"author":[{"embeddable":true,"href":"https:\/\/www.muyjujuy.com\/index.php\/wp-json\/wp\/v2\/users\/1"}],"replies":[{"embeddable":true,"href":"https:\/\/www.muyjujuy.com\/index.php\/wp-json\/wp\/v2\/comments?post=2711"}],"version-history":[{"count":1,"href":"https:\/\/www.muyjujuy.com\/index.php\/wp-json\/wp\/v2\/posts\/2711\/revisions"}],"predecessor-version":[{"id":2713,"href":"https:\/\/www.muyjujuy.com\/index.php\/wp-json\/wp\/v2\/posts\/2711\/revisions\/2713"}],"wp:featuredmedia":[{"embeddable":true,"href":"https:\/\/www.muyjujuy.com\/index.php\/wp-json\/wp\/v2\/media\/2712"}],"wp:attachment":[{"href":"https:\/\/www.muyjujuy.com\/index.php\/wp-json\/wp\/v2\/media?parent=2711"}],"wp:term":[{"taxonomy":"category","embeddable":true,"href":"https:\/\/www.muyjujuy.com\/index.php\/wp-json\/wp\/v2\/categories?post=2711"},{"taxonomy":"post_tag","embeddable":true,"href":"https:\/\/www.muyjujuy.com\/index.php\/wp-json\/wp\/v2\/tags?post=2711"}],"curies":[{"name":"wp","href":"https:\/\/api.w.org\/{rel}","templated":true}]}}