{"id":2721,"date":"2025-07-22T10:38:10","date_gmt":"2025-07-22T13:38:10","guid":{"rendered":"https:\/\/www.muyjujuy.com\/?p=2721"},"modified":"2025-07-22T10:38:10","modified_gmt":"2025-07-22T13:38:10","slug":"expo-policial-2025-conoce-el-programa-de-actividades-para-este-martes","status":"publish","type":"post","link":"https:\/\/www.muyjujuy.com\/index.php\/2025\/07\/22\/expo-policial-2025-conoce-el-programa-de-actividades-para-este-martes\/","title":{"rendered":"Expo Policial 2025: conoc\u00e9 el programa de actividades para este martes"},"content":{"rendered":"\n<p>La XIII edici\u00f3n de la <strong>Expo Policial<\/strong> comenz\u00f3 este lunes y continuar\u00e1 hasta el mi\u00e9rcoles, con <strong>entrada libre y gratuita<\/strong> en <strong>Ciudad Cultural<\/strong>.<br>Durante la jornada de ayer se dio inicio a la XIII Expo Policial en Ciudad Cultural. Este evento tradicional tiene como objetivo acercar a la comunidad el trabajo que realiza la <strong>fuerza policial<\/strong>, adem\u00e1s de constituirse en una propuesta recreativa durante el receso invernal.<\/p>\n\n\n\n<p>La <strong>Polic\u00eda de la Provincia de Jujuy<\/strong> invita a toda la ciudadan\u00eda a participar de esta nueva edici\u00f3n de la Expo Policial, que se desarrollar\u00e1 los d\u00edas <strong>21, 22 y 23 de julio<\/strong> en el predio de Ciudad Cultural, ubicado en el barrio Alto Padilla de la Capital.<\/p>\n\n\n\n<p>El horario de visita ser\u00e1 de <strong>10:00 a 21:00 horas<\/strong>, con acceso totalmente <strong>gratuito<\/strong>.<br><strong>Cronograma de actividades para este martes<\/strong><\/p>\n\n\n\n<ul class=\"wp-block-list\">\n<li><strong>10:00 a 20:00 horas:<\/strong> Exhibici\u00f3n en stands<\/li>\n\n\n\n<li><strong>15:00 a 15:45:<\/strong> Demostraci\u00f3n de la Polic\u00eda Ciclista<\/li>\n\n\n\n<li><strong>16:00 a 17:00:<\/strong> Presentaci\u00f3n del Cuerpo de Caballer\u00eda<\/li>\n\n\n\n<li><strong>17:00 a 17:30 horas:<\/strong> Exhibici\u00f3n de la Divisi\u00f3n Narcotr\u00e1fico (Canes)<\/li>\n\n\n\n<li><strong>17:30 a 17:45:<\/strong> Intervenci\u00f3n del I.U.P.S.<\/li>\n\n\n\n<li><strong>18:00 a 18:45:<\/strong> Demostraci\u00f3n de la Unidad K-9 (Canes)<\/li>\n\n\n\n<li><strong>19:00 a 20:00 horas:<\/strong> Presentaci\u00f3n del Grupo Motorizado (G.E.M.)<\/li>\n\n\n\n<li><strong>20:00 a 20:20 horas:<\/strong> Actuaci\u00f3n del grupo de baile \u201cJujuy Pasi\u00f3n Mix\u201d<\/li>\n\n\n\n<li><strong>20:30 horas:<\/strong> Cierre con espect\u00e1culo musical<\/li>\n<\/ul>\n\n\n\n<p><\/p>\n","protected":false},"excerpt":{"rendered":"<p>La XIII edici\u00f3n de la Expo Policial comenz\u00f3 este lunes y continuar\u00e1 hasta el mi\u00e9rcoles, con entrada libre y gratuita en Ciudad Cultural.Durante la jornada de ayer se dio inicio a la XIII Expo Policial en Ciudad Cultural. Este evento tradicional tiene como objetivo acercar a la comunidad el trabajo que realiza la fuerza policial, [&hellip;]<\/p>\n","protected":false},"author":1,"featured_media":2722,"comment_status":"open","ping_status":"open","sticky":false,"template":"","format":"standard","meta":{"footnotes":""},"categories":[863,25],"tags":[],"class_list":{"0":"post-2721","1":"post","2":"type-post","3":"status-publish","4":"format-standard","5":"has-post-thumbnail","7":"category-jujuy","8":"category-sociedad"},"yoast_head":"<!-- This site is optimized with the Yoast SEO plugin v27.5 - https:\/\/yoast.com\/product\/yoast-seo-wordpress\/ -->\n<title>Expo Policial 2025: conoc\u00e9 el programa de actividades para este martes - Muy Jujuy<\/title>\n<meta name=\"robots\" content=\"index, follow, max-snippet:-1, max-image-preview:large, max-video-preview:-1\" \/>\n<link rel=\"canonical\" href=\"https:\/\/www.muyjujuy.com\/index.php\/2025\/07\/22\/expo-policial-2025-conoce-el-programa-de-actividades-para-este-martes\/\" \/>\n<meta property=\"og:locale\" content=\"es_ES\" \/>\n<meta property=\"og:type\" content=\"article\" \/>\n<meta property=\"og:title\" content=\"Expo Policial 2025: conoc\u00e9 el programa de actividades para este martes - Muy Jujuy\" \/>\n<meta property=\"og:description\" content=\"La XIII edici\u00f3n de la Expo Policial comenz\u00f3 este lunes y continuar\u00e1 hasta el mi\u00e9rcoles, con entrada libre y gratuita en Ciudad Cultural.Durante la jornada de ayer se dio inicio a la XIII Expo Policial en Ciudad Cultural. Este evento tradicional tiene como objetivo acercar a la comunidad el trabajo que realiza la fuerza policial, [&hellip;]\" \/>\n<meta property=\"og:url\" content=\"https:\/\/www.muyjujuy.com\/index.php\/2025\/07\/22\/expo-policial-2025-conoce-el-programa-de-actividades-para-este-martes\/\" \/>\n<meta property=\"og:site_name\" content=\"Muy Jujuy\" \/>\n<meta property=\"article:publisher\" content=\"https:\/\/www.facebook.com\/muyjujuycom\" \/>\n<meta property=\"article:published_time\" content=\"2025-07-22T13:38:10+00:00\" \/>\n<meta name=\"author\" content=\"admin\" \/>\n<meta name=\"twitter:card\" content=\"summary_large_image\" \/>\n<meta name=\"twitter:creator\" content=\"@muyjujuy\" \/>\n<meta name=\"twitter:site\" content=\"@muyjujuy\" \/>\n<meta name=\"twitter:label1\" content=\"Escrito por\" \/>\n\t<meta name=\"twitter:data1\" content=\"admin\" \/>\n\t<meta name=\"twitter:label2\" content=\"Tiempo de lectura\" \/>\n\t<meta name=\"twitter:data2\" content=\"1 minuto\" \/>\n<script type=\"application\/ld+json\" class=\"yoast-schema-graph\">{\"@context\":\"https:\\\/\\\/schema.org\",\"@graph\":[{\"@type\":\"Article\",\"@id\":\"https:\\\/\\\/www.muyjujuy.com\\\/index.php\\\/2025\\\/07\\\/22\\\/expo-policial-2025-conoce-el-programa-de-actividades-para-este-martes\\\/#article\",\"isPartOf\":{\"@id\":\"https:\\\/\\\/www.muyjujuy.com\\\/index.php\\\/2025\\\/07\\\/22\\\/expo-policial-2025-conoce-el-programa-de-actividades-para-este-martes\\\/\"},\"author\":{\"name\":\"admin\",\"@id\":\"https:\\\/\\\/www.muyjujuy.com\\\/#\\\/schema\\\/person\\\/a3b63db1f387ec4149299954904c5bf0\"},\"headline\":\"Expo Policial 2025: conoc\u00e9 el programa de actividades para este martes\",\"datePublished\":\"2025-07-22T13:38:10+00:00\",\"mainEntityOfPage\":{\"@id\":\"https:\\\/\\\/www.muyjujuy.com\\\/index.php\\\/2025\\\/07\\\/22\\\/expo-policial-2025-conoce-el-programa-de-actividades-para-este-martes\\\/\"},\"wordCount\":224,\"commentCount\":0,\"publisher\":{\"@id\":\"https:\\\/\\\/www.muyjujuy.com\\\/#organization\"},\"image\":{\"@id\":\"https:\\\/\\\/www.muyjujuy.com\\\/index.php\\\/2025\\\/07\\\/22\\\/expo-policial-2025-conoce-el-programa-de-actividades-para-este-martes\\\/#primaryimage\"},\"thumbnailUrl\":\"https:\\\/\\\/www.muyjujuy.com\\\/wp-content\\\/uploads\\\/2025\\\/07\\\/EXPOSICION.jpg\",\"articleSection\":[\"JUJUY\",\"Sociedad\"],\"inLanguage\":\"es-AR\",\"potentialAction\":[{\"@type\":\"CommentAction\",\"name\":\"Comment\",\"target\":[\"https:\\\/\\\/www.muyjujuy.com\\\/index.php\\\/2025\\\/07\\\/22\\\/expo-policial-2025-conoce-el-programa-de-actividades-para-este-martes\\\/#respond\"]}]},{\"@type\":\"WebPage\",\"@id\":\"https:\\\/\\\/www.muyjujuy.com\\\/index.php\\\/2025\\\/07\\\/22\\\/expo-policial-2025-conoce-el-programa-de-actividades-para-este-martes\\\/\",\"url\":\"https:\\\/\\\/www.muyjujuy.com\\\/index.php\\\/2025\\\/07\\\/22\\\/expo-policial-2025-conoce-el-programa-de-actividades-para-este-martes\\\/\",\"name\":\"Expo Policial 2025: conoc\u00e9 el programa de actividades para este martes - Muy Jujuy\",\"isPartOf\":{\"@id\":\"https:\\\/\\\/www.muyjujuy.com\\\/#website\"},\"primaryImageOfPage\":{\"@id\":\"https:\\\/\\\/www.muyjujuy.com\\\/index.php\\\/2025\\\/07\\\/22\\\/expo-policial-2025-conoce-el-programa-de-actividades-para-este-martes\\\/#primaryimage\"},\"image\":{\"@id\":\"https:\\\/\\\/www.muyjujuy.com\\\/index.php\\\/2025\\\/07\\\/22\\\/expo-policial-2025-conoce-el-programa-de-actividades-para-este-martes\\\/#primaryimage\"},\"thumbnailUrl\":\"https:\\\/\\\/www.muyjujuy.com\\\/wp-content\\\/uploads\\\/2025\\\/07\\\/EXPOSICION.jpg\",\"datePublished\":\"2025-07-22T13:38:10+00:00\",\"breadcrumb\":{\"@id\":\"https:\\\/\\\/www.muyjujuy.com\\\/index.php\\\/2025\\\/07\\\/22\\\/expo-policial-2025-conoce-el-programa-de-actividades-para-este-martes\\\/#breadcrumb\"},\"inLanguage\":\"es-AR\",\"potentialAction\":[{\"@type\":\"ReadAction\",\"target\":[\"https:\\\/\\\/www.muyjujuy.com\\\/index.php\\\/2025\\\/07\\\/22\\\/expo-policial-2025-conoce-el-programa-de-actividades-para-este-martes\\\/\"]}]},{\"@type\":\"ImageObject\",\"inLanguage\":\"es-AR\",\"@id\":\"https:\\\/\\\/www.muyjujuy.com\\\/index.php\\\/2025\\\/07\\\/22\\\/expo-policial-2025-conoce-el-programa-de-actividades-para-este-martes\\\/#primaryimage\",\"url\":\"https:\\\/\\\/www.muyjujuy.com\\\/wp-content\\\/uploads\\\/2025\\\/07\\\/EXPOSICION.jpg\",\"contentUrl\":\"https:\\\/\\\/www.muyjujuy.com\\\/wp-content\\\/uploads\\\/2025\\\/07\\\/EXPOSICION.jpg\",\"width\":940,\"height\":535},{\"@type\":\"BreadcrumbList\",\"@id\":\"https:\\\/\\\/www.muyjujuy.com\\\/index.php\\\/2025\\\/07\\\/22\\\/expo-policial-2025-conoce-el-programa-de-actividades-para-este-martes\\\/#breadcrumb\",\"itemListElement\":[{\"@type\":\"ListItem\",\"position\":1,\"name\":\"Inicio\",\"item\":\"https:\\\/\\\/www.muyjujuy.com\\\/\"},{\"@type\":\"ListItem\",\"position\":2,\"name\":\"Expo Policial 2025: conoc\u00e9 el programa de actividades para este martes\"}]},{\"@type\":\"WebSite\",\"@id\":\"https:\\\/\\\/www.muyjujuy.com\\\/#website\",\"url\":\"https:\\\/\\\/www.muyjujuy.com\\\/\",\"name\":\"Muy Jujuy\",\"description\":\"\",\"publisher\":{\"@id\":\"https:\\\/\\\/www.muyjujuy.com\\\/#organization\"},\"potentialAction\":[{\"@type\":\"SearchAction\",\"target\":{\"@type\":\"EntryPoint\",\"urlTemplate\":\"https:\\\/\\\/www.muyjujuy.com\\\/?s={search_term_string}\"},\"query-input\":{\"@type\":\"PropertyValueSpecification\",\"valueRequired\":true,\"valueName\":\"search_term_string\"}}],\"inLanguage\":\"es-AR\"},{\"@type\":\"Organization\",\"@id\":\"https:\\\/\\\/www.muyjujuy.com\\\/#organization\",\"name\":\"Muy Jujuy\",\"url\":\"https:\\\/\\\/www.muyjujuy.com\\\/\",\"logo\":{\"@type\":\"ImageObject\",\"inLanguage\":\"es-AR\",\"@id\":\"https:\\\/\\\/www.muyjujuy.com\\\/#\\\/schema\\\/logo\\\/image\\\/\",\"url\":\"http:\\\/\\\/www.muyjujuy.com\\\/wp-content\\\/uploads\\\/2022\\\/05\\\/logo-mobil-jujuy.png\",\"contentUrl\":\"http:\\\/\\\/www.muyjujuy.com\\\/wp-content\\\/uploads\\\/2022\\\/05\\\/logo-mobil-jujuy.png\",\"width\":174,\"height\":81,\"caption\":\"Muy Jujuy\"},\"image\":{\"@id\":\"https:\\\/\\\/www.muyjujuy.com\\\/#\\\/schema\\\/logo\\\/image\\\/\"},\"sameAs\":[\"https:\\\/\\\/www.facebook.com\\\/muyjujuycom\",\"https:\\\/\\\/x.com\\\/muyjujuy\",\"https:\\\/\\\/www.instagram.com\\\/muyjujuycom\"]},{\"@type\":\"Person\",\"@id\":\"https:\\\/\\\/www.muyjujuy.com\\\/#\\\/schema\\\/person\\\/a3b63db1f387ec4149299954904c5bf0\",\"name\":\"admin\",\"image\":{\"@type\":\"ImageObject\",\"inLanguage\":\"es-AR\",\"@id\":\"https:\\\/\\\/secure.gravatar.com\\\/avatar\\\/b6e63d8d3a73633362405a0ad27e9c28391755813b59886f19a99d6cef8a03fc?s=96&d=mm&r=g\",\"url\":\"https:\\\/\\\/secure.gravatar.com\\\/avatar\\\/b6e63d8d3a73633362405a0ad27e9c28391755813b59886f19a99d6cef8a03fc?s=96&d=mm&r=g\",\"contentUrl\":\"https:\\\/\\\/secure.gravatar.com\\\/avatar\\\/b6e63d8d3a73633362405a0ad27e9c28391755813b59886f19a99d6cef8a03fc?s=96&d=mm&r=g\",\"caption\":\"admin\"},\"url\":\"https:\\\/\\\/www.muyjujuy.com\\\/index.php\\\/author\\\/soyeleditor\\\/\"}]}<\/script>\n<!-- \/ Yoast SEO plugin. -->","yoast_head_json":{"title":"Expo Policial 2025: conoc\u00e9 el programa de actividades para este martes - Muy Jujuy","robots":{"index":"index","follow":"follow","max-snippet":"max-snippet:-1","max-image-preview":"max-image-preview:large","max-video-preview":"max-video-preview:-1"},"canonical":"https:\/\/www.muyjujuy.com\/index.php\/2025\/07\/22\/expo-policial-2025-conoce-el-programa-de-actividades-para-este-martes\/","og_locale":"es_ES","og_type":"article","og_title":"Expo Policial 2025: conoc\u00e9 el programa de actividades para este martes - Muy Jujuy","og_description":"La XIII edici\u00f3n de la Expo Policial comenz\u00f3 este lunes y continuar\u00e1 hasta el mi\u00e9rcoles, con entrada libre y gratuita en Ciudad Cultural.Durante la jornada de ayer se dio inicio a la XIII Expo Policial en Ciudad Cultural. Este evento tradicional tiene como objetivo acercar a la comunidad el trabajo que realiza la fuerza policial, [&hellip;]","og_url":"https:\/\/www.muyjujuy.com\/index.php\/2025\/07\/22\/expo-policial-2025-conoce-el-programa-de-actividades-para-este-martes\/","og_site_name":"Muy Jujuy","article_publisher":"https:\/\/www.facebook.com\/muyjujuycom","article_published_time":"2025-07-22T13:38:10+00:00","author":"admin","twitter_card":"summary_large_image","twitter_creator":"@muyjujuy","twitter_site":"@muyjujuy","twitter_misc":{"Escrito por":"admin","Tiempo de lectura":"1 minuto"},"schema":{"@context":"https:\/\/schema.org","@graph":[{"@type":"Article","@id":"https:\/\/www.muyjujuy.com\/index.php\/2025\/07\/22\/expo-policial-2025-conoce-el-programa-de-actividades-para-este-martes\/#article","isPartOf":{"@id":"https:\/\/www.muyjujuy.com\/index.php\/2025\/07\/22\/expo-policial-2025-conoce-el-programa-de-actividades-para-este-martes\/"},"author":{"name":"admin","@id":"https:\/\/www.muyjujuy.com\/#\/schema\/person\/a3b63db1f387ec4149299954904c5bf0"},"headline":"Expo Policial 2025: conoc\u00e9 el programa de actividades para este martes","datePublished":"2025-07-22T13:38:10+00:00","mainEntityOfPage":{"@id":"https:\/\/www.muyjujuy.com\/index.php\/2025\/07\/22\/expo-policial-2025-conoce-el-programa-de-actividades-para-este-martes\/"},"wordCount":224,"commentCount":0,"publisher":{"@id":"https:\/\/www.muyjujuy.com\/#organization"},"image":{"@id":"https:\/\/www.muyjujuy.com\/index.php\/2025\/07\/22\/expo-policial-2025-conoce-el-programa-de-actividades-para-este-martes\/#primaryimage"},"thumbnailUrl":"https:\/\/www.muyjujuy.com\/wp-content\/uploads\/2025\/07\/EXPOSICION.jpg","articleSection":["JUJUY","Sociedad"],"inLanguage":"es-AR","potentialAction":[{"@type":"CommentAction","name":"Comment","target":["https:\/\/www.muyjujuy.com\/index.php\/2025\/07\/22\/expo-policial-2025-conoce-el-programa-de-actividades-para-este-martes\/#respond"]}]},{"@type":"WebPage","@id":"https:\/\/www.muyjujuy.com\/index.php\/2025\/07\/22\/expo-policial-2025-conoce-el-programa-de-actividades-para-este-martes\/","url":"https:\/\/www.muyjujuy.com\/index.php\/2025\/07\/22\/expo-policial-2025-conoce-el-programa-de-actividades-para-este-martes\/","name":"Expo Policial 2025: conoc\u00e9 el programa de actividades para este martes - Muy Jujuy","isPartOf":{"@id":"https:\/\/www.muyjujuy.com\/#website"},"primaryImageOfPage":{"@id":"https:\/\/www.muyjujuy.com\/index.php\/2025\/07\/22\/expo-policial-2025-conoce-el-programa-de-actividades-para-este-martes\/#primaryimage"},"image":{"@id":"https:\/\/www.muyjujuy.com\/index.php\/2025\/07\/22\/expo-policial-2025-conoce-el-programa-de-actividades-para-este-martes\/#primaryimage"},"thumbnailUrl":"https:\/\/www.muyjujuy.com\/wp-content\/uploads\/2025\/07\/EXPOSICION.jpg","datePublished":"2025-07-22T13:38:10+00:00","breadcrumb":{"@id":"https:\/\/www.muyjujuy.com\/index.php\/2025\/07\/22\/expo-policial-2025-conoce-el-programa-de-actividades-para-este-martes\/#breadcrumb"},"inLanguage":"es-AR","potentialAction":[{"@type":"ReadAction","target":["https:\/\/www.muyjujuy.com\/index.php\/2025\/07\/22\/expo-policial-2025-conoce-el-programa-de-actividades-para-este-martes\/"]}]},{"@type":"ImageObject","inLanguage":"es-AR","@id":"https:\/\/www.muyjujuy.com\/index.php\/2025\/07\/22\/expo-policial-2025-conoce-el-programa-de-actividades-para-este-martes\/#primaryimage","url":"https:\/\/www.muyjujuy.com\/wp-content\/uploads\/2025\/07\/EXPOSICION.jpg","contentUrl":"https:\/\/www.muyjujuy.com\/wp-content\/uploads\/2025\/07\/EXPOSICION.jpg","width":940,"height":535},{"@type":"BreadcrumbList","@id":"https:\/\/www.muyjujuy.com\/index.php\/2025\/07\/22\/expo-policial-2025-conoce-el-programa-de-actividades-para-este-martes\/#breadcrumb","itemListElement":[{"@type":"ListItem","position":1,"name":"Inicio","item":"https:\/\/www.muyjujuy.com\/"},{"@type":"ListItem","position":2,"name":"Expo Policial 2025: conoc\u00e9 el programa de actividades para este martes"}]},{"@type":"WebSite","@id":"https:\/\/www.muyjujuy.com\/#website","url":"https:\/\/www.muyjujuy.com\/","name":"Muy Jujuy","description":"","publisher":{"@id":"https:\/\/www.muyjujuy.com\/#organization"},"potentialAction":[{"@type":"SearchAction","target":{"@type":"EntryPoint","urlTemplate":"https:\/\/www.muyjujuy.com\/?s={search_term_string}"},"query-input":{"@type":"PropertyValueSpecification","valueRequired":true,"valueName":"search_term_string"}}],"inLanguage":"es-AR"},{"@type":"Organization","@id":"https:\/\/www.muyjujuy.com\/#organization","name":"Muy Jujuy","url":"https:\/\/www.muyjujuy.com\/","logo":{"@type":"ImageObject","inLanguage":"es-AR","@id":"https:\/\/www.muyjujuy.com\/#\/schema\/logo\/image\/","url":"http:\/\/www.muyjujuy.com\/wp-content\/uploads\/2022\/05\/logo-mobil-jujuy.png","contentUrl":"http:\/\/www.muyjujuy.com\/wp-content\/uploads\/2022\/05\/logo-mobil-jujuy.png","width":174,"height":81,"caption":"Muy Jujuy"},"image":{"@id":"https:\/\/www.muyjujuy.com\/#\/schema\/logo\/image\/"},"sameAs":["https:\/\/www.facebook.com\/muyjujuycom","https:\/\/x.com\/muyjujuy","https:\/\/www.instagram.com\/muyjujuycom"]},{"@type":"Person","@id":"https:\/\/www.muyjujuy.com\/#\/schema\/person\/a3b63db1f387ec4149299954904c5bf0","name":"admin","image":{"@type":"ImageObject","inLanguage":"es-AR","@id":"https:\/\/secure.gravatar.com\/avatar\/b6e63d8d3a73633362405a0ad27e9c28391755813b59886f19a99d6cef8a03fc?s=96&d=mm&r=g","url":"https:\/\/secure.gravatar.com\/avatar\/b6e63d8d3a73633362405a0ad27e9c28391755813b59886f19a99d6cef8a03fc?s=96&d=mm&r=g","contentUrl":"https:\/\/secure.gravatar.com\/avatar\/b6e63d8d3a73633362405a0ad27e9c28391755813b59886f19a99d6cef8a03fc?s=96&d=mm&r=g","caption":"admin"},"url":"https:\/\/www.muyjujuy.com\/index.php\/author\/soyeleditor\/"}]}},"_links":{"self":[{"href":"https:\/\/www.muyjujuy.com\/index.php\/wp-json\/wp\/v2\/posts\/2721","targetHints":{"allow":["GET"]}}],"collection":[{"href":"https:\/\/www.muyjujuy.com\/index.php\/wp-json\/wp\/v2\/posts"}],"about":[{"href":"https:\/\/www.muyjujuy.com\/index.php\/wp-json\/wp\/v2\/types\/post"}],"author":[{"embeddable":true,"href":"https:\/\/www.muyjujuy.com\/index.php\/wp-json\/wp\/v2\/users\/1"}],"replies":[{"embeddable":true,"href":"https:\/\/www.muyjujuy.com\/index.php\/wp-json\/wp\/v2\/comments?post=2721"}],"version-history":[{"count":1,"href":"https:\/\/www.muyjujuy.com\/index.php\/wp-json\/wp\/v2\/posts\/2721\/revisions"}],"predecessor-version":[{"id":2723,"href":"https:\/\/www.muyjujuy.com\/index.php\/wp-json\/wp\/v2\/posts\/2721\/revisions\/2723"}],"wp:featuredmedia":[{"embeddable":true,"href":"https:\/\/www.muyjujuy.com\/index.php\/wp-json\/wp\/v2\/media\/2722"}],"wp:attachment":[{"href":"https:\/\/www.muyjujuy.com\/index.php\/wp-json\/wp\/v2\/media?parent=2721"}],"wp:term":[{"taxonomy":"category","embeddable":true,"href":"https:\/\/www.muyjujuy.com\/index.php\/wp-json\/wp\/v2\/categories?post=2721"},{"taxonomy":"post_tag","embeddable":true,"href":"https:\/\/www.muyjujuy.com\/index.php\/wp-json\/wp\/v2\/tags?post=2721"}],"curies":[{"name":"wp","href":"https:\/\/api.w.org\/{rel}","templated":true}]}}