{"id":2725,"date":"2025-07-23T12:10:33","date_gmt":"2025-07-23T15:10:33","guid":{"rendered":"https:\/\/www.muyjujuy.com\/?p=2725"},"modified":"2025-07-23T12:10:33","modified_gmt":"2025-07-23T15:10:33","slug":"violencia-intrafamiliar-en-jujuy-mas-de-1-600-comunicaciones-a-la-linea-102-en-lo-que-va-del-ano","status":"publish","type":"post","link":"https:\/\/www.muyjujuy.com\/index.php\/2025\/07\/23\/violencia-intrafamiliar-en-jujuy-mas-de-1-600-comunicaciones-a-la-linea-102-en-lo-que-va-del-ano\/","title":{"rendered":"Violencia intrafamiliar en Jujuy: m\u00e1s de 1.600 comunicaciones a la L\u00ednea 102 en lo que va del a\u00f1o"},"content":{"rendered":"\n<p>Seg\u00fan datos del <strong>Observatorio de la Secretar\u00eda de Ni\u00f1ez, Adolescencia y Familia<\/strong>, dependiente del <strong>Ministerio de Desarrollo Humano<\/strong>, en lo que transcurre del a\u00f1o se registraron <strong>1.639 llamadas<\/strong> a la <strong>L\u00ednea 102<\/strong>, clasificadas como <strong>pertinentes<\/strong> y <strong>no pertinentes<\/strong>. Las primeras corresponden a situaciones que requieren la intervenci\u00f3n del equipo interdisciplinario, mientras que las no pertinentes implican acciones de <strong>contenci\u00f3n, orientaci\u00f3n, derivaci\u00f3n o asesoramiento<\/strong>.<\/p>\n\n\n\n<p>En di\u00e1logo con <strong>AM 630 Lw8<\/strong>, el <strong>Secretario de Ni\u00f1ez, Adolescencia y Familia, Dr. Sergio Vidaurre<\/strong>, explic\u00f3 que la mayor\u00eda de los reportes est\u00e1n vinculados a <strong>violencia intrafamiliar<\/strong>, identific\u00e1ndose principalmente casos de <strong>maltrato f\u00edsico y psicol\u00f3gico<\/strong> hacia <strong>Ni\u00f1os, Ni\u00f1as y Adolescentes<\/strong>. Le siguen situaciones de <strong>negligencia familiar<\/strong>, como abandono infantil o denuncias de menores que permanecen solos en sus hogares. En menor proporci\u00f3n, se registran <strong>abusos sexuales<\/strong> y otras problem\u00e1ticas.<br>\u201cEl equipo de la <strong>L\u00ednea 102<\/strong> est\u00e1 integrado por <strong>19 profesionales<\/strong>, adem\u00e1s de los operadores telef\u00f3nicos que trabajan en <strong>guardias permanentes con turnos rotativos durante las 24 horas<\/strong>. El plantel cuenta con <strong>abogados, trabajadores sociales y psic\u00f3logos<\/strong>\u201d, precis\u00f3.<\/p>\n\n\n\n<p>Cuando un operador recibe una llamada, se realiza una <strong>evaluaci\u00f3n interdisciplinaria<\/strong> para determinar la naturaleza del caso. A partir de ello, la <strong>L\u00ednea 102<\/strong> coordina acciones con otras \u00e1reas del <strong>Poder Ejecutivo<\/strong>, como <strong>Salud, Educaci\u00f3n o Seguridad<\/strong>, e incluso con la <strong>Justicia<\/strong> cuando la situaci\u00f3n lo requiere. En casos de riesgo, el equipo se traslada al lugar para efectuar un <strong>abordaje integral<\/strong>.<\/p>\n\n\n\n<p>El prop\u00f3sito principal de la l\u00ednea es <strong>brindar una respuesta inmediata<\/strong> ante situaciones de emergencia, ofreciendo <strong>asistencia y contenci\u00f3n tanto a las v\u00edctimas como a sus entornos familiares<\/strong>.<\/p>\n","protected":false},"excerpt":{"rendered":"<p>Seg\u00fan datos del Observatorio de la Secretar\u00eda de Ni\u00f1ez, Adolescencia y Familia, dependiente del Ministerio de Desarrollo Humano, en lo que transcurre del a\u00f1o se registraron 1.639 llamadas a la L\u00ednea 102, clasificadas como pertinentes y no pertinentes. Las primeras corresponden a situaciones que requieren la intervenci\u00f3n del equipo interdisciplinario, mientras que las no pertinentes [&hellip;]<\/p>\n","protected":false},"author":1,"featured_media":2726,"comment_status":"open","ping_status":"open","sticky":false,"template":"","format":"standard","meta":{"footnotes":""},"categories":[863,25],"tags":[],"class_list":{"0":"post-2725","1":"post","2":"type-post","3":"status-publish","4":"format-standard","5":"has-post-thumbnail","7":"category-jujuy","8":"category-sociedad"},"yoast_head":"<!-- This site is optimized with the Yoast SEO plugin v27.5 - https:\/\/yoast.com\/product\/yoast-seo-wordpress\/ -->\n<title>Violencia intrafamiliar en Jujuy: m\u00e1s de 1.600 comunicaciones a la L\u00ednea 102 en lo que va del a\u00f1o - Muy Jujuy<\/title>\n<meta name=\"robots\" content=\"index, follow, max-snippet:-1, max-image-preview:large, max-video-preview:-1\" \/>\n<link rel=\"canonical\" href=\"https:\/\/www.muyjujuy.com\/index.php\/2025\/07\/23\/violencia-intrafamiliar-en-jujuy-mas-de-1-600-comunicaciones-a-la-linea-102-en-lo-que-va-del-ano\/\" \/>\n<meta property=\"og:locale\" content=\"es_ES\" \/>\n<meta property=\"og:type\" content=\"article\" \/>\n<meta property=\"og:title\" content=\"Violencia intrafamiliar en Jujuy: m\u00e1s de 1.600 comunicaciones a la L\u00ednea 102 en lo que va del a\u00f1o - Muy Jujuy\" \/>\n<meta property=\"og:description\" content=\"Seg\u00fan datos del Observatorio de la Secretar\u00eda de Ni\u00f1ez, Adolescencia y Familia, dependiente del Ministerio de Desarrollo Humano, en lo que transcurre del a\u00f1o se registraron 1.639 llamadas a la L\u00ednea 102, clasificadas como pertinentes y no pertinentes. Las primeras corresponden a situaciones que requieren la intervenci\u00f3n del equipo interdisciplinario, mientras que las no pertinentes [&hellip;]\" \/>\n<meta property=\"og:url\" content=\"https:\/\/www.muyjujuy.com\/index.php\/2025\/07\/23\/violencia-intrafamiliar-en-jujuy-mas-de-1-600-comunicaciones-a-la-linea-102-en-lo-que-va-del-ano\/\" \/>\n<meta property=\"og:site_name\" content=\"Muy Jujuy\" \/>\n<meta property=\"article:publisher\" content=\"https:\/\/www.facebook.com\/muyjujuycom\" \/>\n<meta property=\"article:published_time\" content=\"2025-07-23T15:10:33+00:00\" \/>\n<meta name=\"author\" content=\"admin\" \/>\n<meta name=\"twitter:card\" content=\"summary_large_image\" \/>\n<meta name=\"twitter:creator\" content=\"@muyjujuy\" \/>\n<meta name=\"twitter:site\" content=\"@muyjujuy\" \/>\n<meta name=\"twitter:label1\" content=\"Escrito por\" \/>\n\t<meta name=\"twitter:data1\" content=\"admin\" \/>\n\t<meta name=\"twitter:label2\" content=\"Tiempo de lectura\" \/>\n\t<meta name=\"twitter:data2\" content=\"1 minuto\" \/>\n<script type=\"application\/ld+json\" class=\"yoast-schema-graph\">{\"@context\":\"https:\\\/\\\/schema.org\",\"@graph\":[{\"@type\":\"Article\",\"@id\":\"https:\\\/\\\/www.muyjujuy.com\\\/index.php\\\/2025\\\/07\\\/23\\\/violencia-intrafamiliar-en-jujuy-mas-de-1-600-comunicaciones-a-la-linea-102-en-lo-que-va-del-ano\\\/#article\",\"isPartOf\":{\"@id\":\"https:\\\/\\\/www.muyjujuy.com\\\/index.php\\\/2025\\\/07\\\/23\\\/violencia-intrafamiliar-en-jujuy-mas-de-1-600-comunicaciones-a-la-linea-102-en-lo-que-va-del-ano\\\/\"},\"author\":{\"name\":\"admin\",\"@id\":\"https:\\\/\\\/www.muyjujuy.com\\\/#\\\/schema\\\/person\\\/a3b63db1f387ec4149299954904c5bf0\"},\"headline\":\"Violencia intrafamiliar en Jujuy: m\u00e1s de 1.600 comunicaciones a la L\u00ednea 102 en lo que va del a\u00f1o\",\"datePublished\":\"2025-07-23T15:10:33+00:00\",\"mainEntityOfPage\":{\"@id\":\"https:\\\/\\\/www.muyjujuy.com\\\/index.php\\\/2025\\\/07\\\/23\\\/violencia-intrafamiliar-en-jujuy-mas-de-1-600-comunicaciones-a-la-linea-102-en-lo-que-va-del-ano\\\/\"},\"wordCount\":305,\"commentCount\":0,\"publisher\":{\"@id\":\"https:\\\/\\\/www.muyjujuy.com\\\/#organization\"},\"image\":{\"@id\":\"https:\\\/\\\/www.muyjujuy.com\\\/index.php\\\/2025\\\/07\\\/23\\\/violencia-intrafamiliar-en-jujuy-mas-de-1-600-comunicaciones-a-la-linea-102-en-lo-que-va-del-ano\\\/#primaryimage\"},\"thumbnailUrl\":\"https:\\\/\\\/www.muyjujuy.com\\\/wp-content\\\/uploads\\\/2025\\\/07\\\/violencia.jpg\",\"articleSection\":[\"JUJUY\",\"Sociedad\"],\"inLanguage\":\"es-AR\",\"potentialAction\":[{\"@type\":\"CommentAction\",\"name\":\"Comment\",\"target\":[\"https:\\\/\\\/www.muyjujuy.com\\\/index.php\\\/2025\\\/07\\\/23\\\/violencia-intrafamiliar-en-jujuy-mas-de-1-600-comunicaciones-a-la-linea-102-en-lo-que-va-del-ano\\\/#respond\"]}]},{\"@type\":\"WebPage\",\"@id\":\"https:\\\/\\\/www.muyjujuy.com\\\/index.php\\\/2025\\\/07\\\/23\\\/violencia-intrafamiliar-en-jujuy-mas-de-1-600-comunicaciones-a-la-linea-102-en-lo-que-va-del-ano\\\/\",\"url\":\"https:\\\/\\\/www.muyjujuy.com\\\/index.php\\\/2025\\\/07\\\/23\\\/violencia-intrafamiliar-en-jujuy-mas-de-1-600-comunicaciones-a-la-linea-102-en-lo-que-va-del-ano\\\/\",\"name\":\"Violencia intrafamiliar en Jujuy: m\u00e1s de 1.600 comunicaciones a la L\u00ednea 102 en lo que va del a\u00f1o - Muy Jujuy\",\"isPartOf\":{\"@id\":\"https:\\\/\\\/www.muyjujuy.com\\\/#website\"},\"primaryImageOfPage\":{\"@id\":\"https:\\\/\\\/www.muyjujuy.com\\\/index.php\\\/2025\\\/07\\\/23\\\/violencia-intrafamiliar-en-jujuy-mas-de-1-600-comunicaciones-a-la-linea-102-en-lo-que-va-del-ano\\\/#primaryimage\"},\"image\":{\"@id\":\"https:\\\/\\\/www.muyjujuy.com\\\/index.php\\\/2025\\\/07\\\/23\\\/violencia-intrafamiliar-en-jujuy-mas-de-1-600-comunicaciones-a-la-linea-102-en-lo-que-va-del-ano\\\/#primaryimage\"},\"thumbnailUrl\":\"https:\\\/\\\/www.muyjujuy.com\\\/wp-content\\\/uploads\\\/2025\\\/07\\\/violencia.jpg\",\"datePublished\":\"2025-07-23T15:10:33+00:00\",\"breadcrumb\":{\"@id\":\"https:\\\/\\\/www.muyjujuy.com\\\/index.php\\\/2025\\\/07\\\/23\\\/violencia-intrafamiliar-en-jujuy-mas-de-1-600-comunicaciones-a-la-linea-102-en-lo-que-va-del-ano\\\/#breadcrumb\"},\"inLanguage\":\"es-AR\",\"potentialAction\":[{\"@type\":\"ReadAction\",\"target\":[\"https:\\\/\\\/www.muyjujuy.com\\\/index.php\\\/2025\\\/07\\\/23\\\/violencia-intrafamiliar-en-jujuy-mas-de-1-600-comunicaciones-a-la-linea-102-en-lo-que-va-del-ano\\\/\"]}]},{\"@type\":\"ImageObject\",\"inLanguage\":\"es-AR\",\"@id\":\"https:\\\/\\\/www.muyjujuy.com\\\/index.php\\\/2025\\\/07\\\/23\\\/violencia-intrafamiliar-en-jujuy-mas-de-1-600-comunicaciones-a-la-linea-102-en-lo-que-va-del-ano\\\/#primaryimage\",\"url\":\"https:\\\/\\\/www.muyjujuy.com\\\/wp-content\\\/uploads\\\/2025\\\/07\\\/violencia.jpg\",\"contentUrl\":\"https:\\\/\\\/www.muyjujuy.com\\\/wp-content\\\/uploads\\\/2025\\\/07\\\/violencia.jpg\",\"width\":861,\"height\":528},{\"@type\":\"BreadcrumbList\",\"@id\":\"https:\\\/\\\/www.muyjujuy.com\\\/index.php\\\/2025\\\/07\\\/23\\\/violencia-intrafamiliar-en-jujuy-mas-de-1-600-comunicaciones-a-la-linea-102-en-lo-que-va-del-ano\\\/#breadcrumb\",\"itemListElement\":[{\"@type\":\"ListItem\",\"position\":1,\"name\":\"Inicio\",\"item\":\"https:\\\/\\\/www.muyjujuy.com\\\/\"},{\"@type\":\"ListItem\",\"position\":2,\"name\":\"Violencia intrafamiliar en Jujuy: m\u00e1s de 1.600 comunicaciones a la L\u00ednea 102 en lo que va del a\u00f1o\"}]},{\"@type\":\"WebSite\",\"@id\":\"https:\\\/\\\/www.muyjujuy.com\\\/#website\",\"url\":\"https:\\\/\\\/www.muyjujuy.com\\\/\",\"name\":\"Muy Jujuy\",\"description\":\"\",\"publisher\":{\"@id\":\"https:\\\/\\\/www.muyjujuy.com\\\/#organization\"},\"potentialAction\":[{\"@type\":\"SearchAction\",\"target\":{\"@type\":\"EntryPoint\",\"urlTemplate\":\"https:\\\/\\\/www.muyjujuy.com\\\/?s={search_term_string}\"},\"query-input\":{\"@type\":\"PropertyValueSpecification\",\"valueRequired\":true,\"valueName\":\"search_term_string\"}}],\"inLanguage\":\"es-AR\"},{\"@type\":\"Organization\",\"@id\":\"https:\\\/\\\/www.muyjujuy.com\\\/#organization\",\"name\":\"Muy Jujuy\",\"url\":\"https:\\\/\\\/www.muyjujuy.com\\\/\",\"logo\":{\"@type\":\"ImageObject\",\"inLanguage\":\"es-AR\",\"@id\":\"https:\\\/\\\/www.muyjujuy.com\\\/#\\\/schema\\\/logo\\\/image\\\/\",\"url\":\"http:\\\/\\\/www.muyjujuy.com\\\/wp-content\\\/uploads\\\/2022\\\/05\\\/logo-mobil-jujuy.png\",\"contentUrl\":\"http:\\\/\\\/www.muyjujuy.com\\\/wp-content\\\/uploads\\\/2022\\\/05\\\/logo-mobil-jujuy.png\",\"width\":174,\"height\":81,\"caption\":\"Muy Jujuy\"},\"image\":{\"@id\":\"https:\\\/\\\/www.muyjujuy.com\\\/#\\\/schema\\\/logo\\\/image\\\/\"},\"sameAs\":[\"https:\\\/\\\/www.facebook.com\\\/muyjujuycom\",\"https:\\\/\\\/x.com\\\/muyjujuy\",\"https:\\\/\\\/www.instagram.com\\\/muyjujuycom\"]},{\"@type\":\"Person\",\"@id\":\"https:\\\/\\\/www.muyjujuy.com\\\/#\\\/schema\\\/person\\\/a3b63db1f387ec4149299954904c5bf0\",\"name\":\"admin\",\"image\":{\"@type\":\"ImageObject\",\"inLanguage\":\"es-AR\",\"@id\":\"https:\\\/\\\/secure.gravatar.com\\\/avatar\\\/b6e63d8d3a73633362405a0ad27e9c28391755813b59886f19a99d6cef8a03fc?s=96&d=mm&r=g\",\"url\":\"https:\\\/\\\/secure.gravatar.com\\\/avatar\\\/b6e63d8d3a73633362405a0ad27e9c28391755813b59886f19a99d6cef8a03fc?s=96&d=mm&r=g\",\"contentUrl\":\"https:\\\/\\\/secure.gravatar.com\\\/avatar\\\/b6e63d8d3a73633362405a0ad27e9c28391755813b59886f19a99d6cef8a03fc?s=96&d=mm&r=g\",\"caption\":\"admin\"},\"url\":\"https:\\\/\\\/www.muyjujuy.com\\\/index.php\\\/author\\\/soyeleditor\\\/\"}]}<\/script>\n<!-- \/ Yoast SEO plugin. -->","yoast_head_json":{"title":"Violencia intrafamiliar en Jujuy: m\u00e1s de 1.600 comunicaciones a la L\u00ednea 102 en lo que va del a\u00f1o - Muy Jujuy","robots":{"index":"index","follow":"follow","max-snippet":"max-snippet:-1","max-image-preview":"max-image-preview:large","max-video-preview":"max-video-preview:-1"},"canonical":"https:\/\/www.muyjujuy.com\/index.php\/2025\/07\/23\/violencia-intrafamiliar-en-jujuy-mas-de-1-600-comunicaciones-a-la-linea-102-en-lo-que-va-del-ano\/","og_locale":"es_ES","og_type":"article","og_title":"Violencia intrafamiliar en Jujuy: m\u00e1s de 1.600 comunicaciones a la L\u00ednea 102 en lo que va del a\u00f1o - Muy Jujuy","og_description":"Seg\u00fan datos del Observatorio de la Secretar\u00eda de Ni\u00f1ez, Adolescencia y Familia, dependiente del Ministerio de Desarrollo Humano, en lo que transcurre del a\u00f1o se registraron 1.639 llamadas a la L\u00ednea 102, clasificadas como pertinentes y no pertinentes. Las primeras corresponden a situaciones que requieren la intervenci\u00f3n del equipo interdisciplinario, mientras que las no pertinentes [&hellip;]","og_url":"https:\/\/www.muyjujuy.com\/index.php\/2025\/07\/23\/violencia-intrafamiliar-en-jujuy-mas-de-1-600-comunicaciones-a-la-linea-102-en-lo-que-va-del-ano\/","og_site_name":"Muy Jujuy","article_publisher":"https:\/\/www.facebook.com\/muyjujuycom","article_published_time":"2025-07-23T15:10:33+00:00","author":"admin","twitter_card":"summary_large_image","twitter_creator":"@muyjujuy","twitter_site":"@muyjujuy","twitter_misc":{"Escrito por":"admin","Tiempo de lectura":"1 minuto"},"schema":{"@context":"https:\/\/schema.org","@graph":[{"@type":"Article","@id":"https:\/\/www.muyjujuy.com\/index.php\/2025\/07\/23\/violencia-intrafamiliar-en-jujuy-mas-de-1-600-comunicaciones-a-la-linea-102-en-lo-que-va-del-ano\/#article","isPartOf":{"@id":"https:\/\/www.muyjujuy.com\/index.php\/2025\/07\/23\/violencia-intrafamiliar-en-jujuy-mas-de-1-600-comunicaciones-a-la-linea-102-en-lo-que-va-del-ano\/"},"author":{"name":"admin","@id":"https:\/\/www.muyjujuy.com\/#\/schema\/person\/a3b63db1f387ec4149299954904c5bf0"},"headline":"Violencia intrafamiliar en Jujuy: m\u00e1s de 1.600 comunicaciones a la L\u00ednea 102 en lo que va del a\u00f1o","datePublished":"2025-07-23T15:10:33+00:00","mainEntityOfPage":{"@id":"https:\/\/www.muyjujuy.com\/index.php\/2025\/07\/23\/violencia-intrafamiliar-en-jujuy-mas-de-1-600-comunicaciones-a-la-linea-102-en-lo-que-va-del-ano\/"},"wordCount":305,"commentCount":0,"publisher":{"@id":"https:\/\/www.muyjujuy.com\/#organization"},"image":{"@id":"https:\/\/www.muyjujuy.com\/index.php\/2025\/07\/23\/violencia-intrafamiliar-en-jujuy-mas-de-1-600-comunicaciones-a-la-linea-102-en-lo-que-va-del-ano\/#primaryimage"},"thumbnailUrl":"https:\/\/www.muyjujuy.com\/wp-content\/uploads\/2025\/07\/violencia.jpg","articleSection":["JUJUY","Sociedad"],"inLanguage":"es-AR","potentialAction":[{"@type":"CommentAction","name":"Comment","target":["https:\/\/www.muyjujuy.com\/index.php\/2025\/07\/23\/violencia-intrafamiliar-en-jujuy-mas-de-1-600-comunicaciones-a-la-linea-102-en-lo-que-va-del-ano\/#respond"]}]},{"@type":"WebPage","@id":"https:\/\/www.muyjujuy.com\/index.php\/2025\/07\/23\/violencia-intrafamiliar-en-jujuy-mas-de-1-600-comunicaciones-a-la-linea-102-en-lo-que-va-del-ano\/","url":"https:\/\/www.muyjujuy.com\/index.php\/2025\/07\/23\/violencia-intrafamiliar-en-jujuy-mas-de-1-600-comunicaciones-a-la-linea-102-en-lo-que-va-del-ano\/","name":"Violencia intrafamiliar en Jujuy: m\u00e1s de 1.600 comunicaciones a la L\u00ednea 102 en lo que va del a\u00f1o - Muy Jujuy","isPartOf":{"@id":"https:\/\/www.muyjujuy.com\/#website"},"primaryImageOfPage":{"@id":"https:\/\/www.muyjujuy.com\/index.php\/2025\/07\/23\/violencia-intrafamiliar-en-jujuy-mas-de-1-600-comunicaciones-a-la-linea-102-en-lo-que-va-del-ano\/#primaryimage"},"image":{"@id":"https:\/\/www.muyjujuy.com\/index.php\/2025\/07\/23\/violencia-intrafamiliar-en-jujuy-mas-de-1-600-comunicaciones-a-la-linea-102-en-lo-que-va-del-ano\/#primaryimage"},"thumbnailUrl":"https:\/\/www.muyjujuy.com\/wp-content\/uploads\/2025\/07\/violencia.jpg","datePublished":"2025-07-23T15:10:33+00:00","breadcrumb":{"@id":"https:\/\/www.muyjujuy.com\/index.php\/2025\/07\/23\/violencia-intrafamiliar-en-jujuy-mas-de-1-600-comunicaciones-a-la-linea-102-en-lo-que-va-del-ano\/#breadcrumb"},"inLanguage":"es-AR","potentialAction":[{"@type":"ReadAction","target":["https:\/\/www.muyjujuy.com\/index.php\/2025\/07\/23\/violencia-intrafamiliar-en-jujuy-mas-de-1-600-comunicaciones-a-la-linea-102-en-lo-que-va-del-ano\/"]}]},{"@type":"ImageObject","inLanguage":"es-AR","@id":"https:\/\/www.muyjujuy.com\/index.php\/2025\/07\/23\/violencia-intrafamiliar-en-jujuy-mas-de-1-600-comunicaciones-a-la-linea-102-en-lo-que-va-del-ano\/#primaryimage","url":"https:\/\/www.muyjujuy.com\/wp-content\/uploads\/2025\/07\/violencia.jpg","contentUrl":"https:\/\/www.muyjujuy.com\/wp-content\/uploads\/2025\/07\/violencia.jpg","width":861,"height":528},{"@type":"BreadcrumbList","@id":"https:\/\/www.muyjujuy.com\/index.php\/2025\/07\/23\/violencia-intrafamiliar-en-jujuy-mas-de-1-600-comunicaciones-a-la-linea-102-en-lo-que-va-del-ano\/#breadcrumb","itemListElement":[{"@type":"ListItem","position":1,"name":"Inicio","item":"https:\/\/www.muyjujuy.com\/"},{"@type":"ListItem","position":2,"name":"Violencia intrafamiliar en Jujuy: m\u00e1s de 1.600 comunicaciones a la L\u00ednea 102 en lo que va del a\u00f1o"}]},{"@type":"WebSite","@id":"https:\/\/www.muyjujuy.com\/#website","url":"https:\/\/www.muyjujuy.com\/","name":"Muy Jujuy","description":"","publisher":{"@id":"https:\/\/www.muyjujuy.com\/#organization"},"potentialAction":[{"@type":"SearchAction","target":{"@type":"EntryPoint","urlTemplate":"https:\/\/www.muyjujuy.com\/?s={search_term_string}"},"query-input":{"@type":"PropertyValueSpecification","valueRequired":true,"valueName":"search_term_string"}}],"inLanguage":"es-AR"},{"@type":"Organization","@id":"https:\/\/www.muyjujuy.com\/#organization","name":"Muy Jujuy","url":"https:\/\/www.muyjujuy.com\/","logo":{"@type":"ImageObject","inLanguage":"es-AR","@id":"https:\/\/www.muyjujuy.com\/#\/schema\/logo\/image\/","url":"http:\/\/www.muyjujuy.com\/wp-content\/uploads\/2022\/05\/logo-mobil-jujuy.png","contentUrl":"http:\/\/www.muyjujuy.com\/wp-content\/uploads\/2022\/05\/logo-mobil-jujuy.png","width":174,"height":81,"caption":"Muy Jujuy"},"image":{"@id":"https:\/\/www.muyjujuy.com\/#\/schema\/logo\/image\/"},"sameAs":["https:\/\/www.facebook.com\/muyjujuycom","https:\/\/x.com\/muyjujuy","https:\/\/www.instagram.com\/muyjujuycom"]},{"@type":"Person","@id":"https:\/\/www.muyjujuy.com\/#\/schema\/person\/a3b63db1f387ec4149299954904c5bf0","name":"admin","image":{"@type":"ImageObject","inLanguage":"es-AR","@id":"https:\/\/secure.gravatar.com\/avatar\/b6e63d8d3a73633362405a0ad27e9c28391755813b59886f19a99d6cef8a03fc?s=96&d=mm&r=g","url":"https:\/\/secure.gravatar.com\/avatar\/b6e63d8d3a73633362405a0ad27e9c28391755813b59886f19a99d6cef8a03fc?s=96&d=mm&r=g","contentUrl":"https:\/\/secure.gravatar.com\/avatar\/b6e63d8d3a73633362405a0ad27e9c28391755813b59886f19a99d6cef8a03fc?s=96&d=mm&r=g","caption":"admin"},"url":"https:\/\/www.muyjujuy.com\/index.php\/author\/soyeleditor\/"}]}},"_links":{"self":[{"href":"https:\/\/www.muyjujuy.com\/index.php\/wp-json\/wp\/v2\/posts\/2725","targetHints":{"allow":["GET"]}}],"collection":[{"href":"https:\/\/www.muyjujuy.com\/index.php\/wp-json\/wp\/v2\/posts"}],"about":[{"href":"https:\/\/www.muyjujuy.com\/index.php\/wp-json\/wp\/v2\/types\/post"}],"author":[{"embeddable":true,"href":"https:\/\/www.muyjujuy.com\/index.php\/wp-json\/wp\/v2\/users\/1"}],"replies":[{"embeddable":true,"href":"https:\/\/www.muyjujuy.com\/index.php\/wp-json\/wp\/v2\/comments?post=2725"}],"version-history":[{"count":1,"href":"https:\/\/www.muyjujuy.com\/index.php\/wp-json\/wp\/v2\/posts\/2725\/revisions"}],"predecessor-version":[{"id":2727,"href":"https:\/\/www.muyjujuy.com\/index.php\/wp-json\/wp\/v2\/posts\/2725\/revisions\/2727"}],"wp:featuredmedia":[{"embeddable":true,"href":"https:\/\/www.muyjujuy.com\/index.php\/wp-json\/wp\/v2\/media\/2726"}],"wp:attachment":[{"href":"https:\/\/www.muyjujuy.com\/index.php\/wp-json\/wp\/v2\/media?parent=2725"}],"wp:term":[{"taxonomy":"category","embeddable":true,"href":"https:\/\/www.muyjujuy.com\/index.php\/wp-json\/wp\/v2\/categories?post=2725"},{"taxonomy":"post_tag","embeddable":true,"href":"https:\/\/www.muyjujuy.com\/index.php\/wp-json\/wp\/v2\/tags?post=2725"}],"curies":[{"name":"wp","href":"https:\/\/api.w.org\/{rel}","templated":true}]}}