{"id":2728,"date":"2025-07-23T12:16:56","date_gmt":"2025-07-23T15:16:56","guid":{"rendered":"https:\/\/www.muyjujuy.com\/?p=2728"},"modified":"2025-07-23T12:16:56","modified_gmt":"2025-07-23T15:16:56","slug":"una-pareja-trasladaba-de-forma-irregular-a-una-adolescente-la-joven-regreso-con-su-familia-de-origen","status":"publish","type":"post","link":"https:\/\/www.muyjujuy.com\/index.php\/2025\/07\/23\/una-pareja-trasladaba-de-forma-irregular-a-una-adolescente-la-joven-regreso-con-su-familia-de-origen\/","title":{"rendered":"Una pareja trasladaba de forma irregular a una adolescente: la joven regres\u00f3 con su familia de origen"},"content":{"rendered":"\n<p>Una <strong>adolescente de 16 a\u00f1os<\/strong> era transportada por una pareja en un veh\u00edculo de manera <strong>irregular<\/strong>. La menor, de <strong>nacionalidad boliviana<\/strong>, fue rescatada en la localidad juje\u00f1a de <strong>Tres Cruces<\/strong>.<\/p>\n\n\n\n<p>En di\u00e1logo con <strong>AM 630 Lw8<\/strong>, el <strong>doctor Sergio Vidaurre<\/strong>, <strong>Secretario de Ni\u00f1ez, Adolescencia y Familia de Jujuy<\/strong>, brind\u00f3 detalles sobre el hecho. Seg\u00fan explic\u00f3, la joven se trasladaba desde <strong>Bolivia<\/strong> con destino a <strong>Buenos Aires<\/strong>, motivo por el cual intervino la Secretar\u00eda para garantizar su resguardo. <strong>\u201cLa menor ya regres\u00f3 con su familia de origen en Bolivia; su madre vino a buscarla\u201d<\/strong>, precis\u00f3.<\/p>\n\n\n\n<p>Respecto a la funci\u00f3n del organismo, el funcionario indic\u00f3 que su tarea consiste en <strong>proteger a la adolescente y comunicarse con su n\u00facleo familiar<\/strong>, con el fin de conocer las razones por las que no permanec\u00eda en su hogar. <strong>\u201cHasta donde tenemos conocimiento, la menor se fue voluntariamente\u201d<\/strong>, agreg\u00f3.<\/p>\n\n\n\n<p>En relaci\u00f3n con los adultos que la acompa\u00f1aban, la intervenci\u00f3n correspondi\u00f3 a las <strong>Fuerzas de Seguridad<\/strong>.<\/p>\n\n\n\n<p><strong>\u201cTenemos intervenciones peri\u00f3dicas; no son habituales, pero anualmente registramos entre 10 y 15 casos de ni\u00f1os, ni\u00f1as y adolescentes en tr\u00e1nsito por la provincia, ya sean provenientes de otros pa\u00edses o provincias\u201d<\/strong>, se\u00f1al\u00f3 el funcionario. Sobre <strong>Alerta Sof\u00eda<\/strong>, asegur\u00f3 que en la provincia no se han presentado episodios de ese tipo, aunque no est\u00e1n exentos por tratarse de un territorio lim\u00edtrofe. <strong>\u201cTodas las Secretar\u00edas de Ni\u00f1ez del pa\u00eds estamos conectadas mediante un grupo oficial de WhatsApp\u201d<\/strong>, a\u00f1adi\u00f3.<\/p>\n\n\n\n<p><strong>L\u00ednea 102<\/strong><br>De acuerdo con el <strong>Observatorio de la Secretar\u00eda y del Ministerio de Desarrollo Humano<\/strong>, en lo que va del a\u00f1o se han recibido <strong>1.639 llamadas<\/strong> a la <strong>L\u00ednea 102<\/strong>, clasificadas como <strong>pertinentes<\/strong> y <strong>no pertinentes<\/strong>. Las primeras corresponden a situaciones que requieren intervenci\u00f3n del equipo interdisciplinario, mientras que las segundas est\u00e1n relacionadas con <strong>contenci\u00f3n, orientaci\u00f3n, derivaci\u00f3n o asesoramiento<\/strong>.<\/p>\n\n\n\n<p><strong>\u201cLa mayor\u00eda de las comunicaciones refieren a casos de violencia intrafamiliar, principalmente maltrato f\u00edsico y psicol\u00f3gico hacia Ni\u00f1os, Ni\u00f1as y Adolescentes. Luego siguen situaciones de negligencia familiar, como abandono infantil o denuncias de menores que permanecen solos en sus hogares. En menor proporci\u00f3n, se registran abusos sexuales y otras problem\u00e1ticas\u201d<\/strong>, explic\u00f3. El equipo de la <strong>L\u00ednea 102<\/strong> est\u00e1 compuesto por <strong>aproximadamente 19 profesionales<\/strong>, adem\u00e1s de los <strong>operadores telef\u00f3nicos<\/strong>, quienes cumplen <strong>guardias rotativas durante las 24 horas<\/strong>. El plantel incluye <strong>abogados, trabajadores sociales y psic\u00f3logos<\/strong>, destac\u00f3.<\/p>\n","protected":false},"excerpt":{"rendered":"<p>Una adolescente de 16 a\u00f1os era transportada por una pareja en un veh\u00edculo de manera irregular. La menor, de nacionalidad boliviana, fue rescatada en la localidad juje\u00f1a de Tres Cruces. En di\u00e1logo con AM 630 Lw8, el doctor Sergio Vidaurre, Secretario de Ni\u00f1ez, Adolescencia y Familia de Jujuy, brind\u00f3 detalles sobre el hecho. Seg\u00fan explic\u00f3, [&hellip;]<\/p>\n","protected":false},"author":1,"featured_media":2729,"comment_status":"open","ping_status":"open","sticky":false,"template":"","format":"standard","meta":{"footnotes":""},"categories":[863,25],"tags":[],"class_list":{"0":"post-2728","1":"post","2":"type-post","3":"status-publish","4":"format-standard","5":"has-post-thumbnail","7":"category-jujuy","8":"category-sociedad"},"yoast_head":"<!-- This site is optimized with the Yoast SEO plugin v27.5 - https:\/\/yoast.com\/product\/yoast-seo-wordpress\/ -->\n<title>Una pareja trasladaba de forma irregular a una adolescente: la joven regres\u00f3 con su familia de origen - Muy Jujuy<\/title>\n<meta name=\"robots\" content=\"index, follow, max-snippet:-1, max-image-preview:large, max-video-preview:-1\" \/>\n<link rel=\"canonical\" href=\"https:\/\/www.muyjujuy.com\/index.php\/2025\/07\/23\/una-pareja-trasladaba-de-forma-irregular-a-una-adolescente-la-joven-regreso-con-su-familia-de-origen\/\" \/>\n<meta property=\"og:locale\" content=\"es_ES\" \/>\n<meta property=\"og:type\" content=\"article\" \/>\n<meta property=\"og:title\" content=\"Una pareja trasladaba de forma irregular a una adolescente: la joven regres\u00f3 con su familia de origen - Muy Jujuy\" \/>\n<meta property=\"og:description\" content=\"Una adolescente de 16 a\u00f1os era transportada por una pareja en un veh\u00edculo de manera irregular. La menor, de nacionalidad boliviana, fue rescatada en la localidad juje\u00f1a de Tres Cruces. En di\u00e1logo con AM 630 Lw8, el doctor Sergio Vidaurre, Secretario de Ni\u00f1ez, Adolescencia y Familia de Jujuy, brind\u00f3 detalles sobre el hecho. Seg\u00fan explic\u00f3, [&hellip;]\" \/>\n<meta property=\"og:url\" content=\"https:\/\/www.muyjujuy.com\/index.php\/2025\/07\/23\/una-pareja-trasladaba-de-forma-irregular-a-una-adolescente-la-joven-regreso-con-su-familia-de-origen\/\" \/>\n<meta property=\"og:site_name\" content=\"Muy Jujuy\" \/>\n<meta property=\"article:publisher\" content=\"https:\/\/www.facebook.com\/muyjujuycom\" \/>\n<meta property=\"article:published_time\" content=\"2025-07-23T15:16:56+00:00\" \/>\n<meta name=\"author\" content=\"admin\" \/>\n<meta name=\"twitter:card\" content=\"summary_large_image\" \/>\n<meta name=\"twitter:creator\" content=\"@muyjujuy\" \/>\n<meta name=\"twitter:site\" content=\"@muyjujuy\" \/>\n<meta name=\"twitter:label1\" content=\"Escrito por\" \/>\n\t<meta name=\"twitter:data1\" content=\"admin\" \/>\n\t<meta name=\"twitter:label2\" content=\"Tiempo de lectura\" \/>\n\t<meta name=\"twitter:data2\" content=\"2 minutos\" \/>\n<script type=\"application\/ld+json\" class=\"yoast-schema-graph\">{\"@context\":\"https:\\\/\\\/schema.org\",\"@graph\":[{\"@type\":\"Article\",\"@id\":\"https:\\\/\\\/www.muyjujuy.com\\\/index.php\\\/2025\\\/07\\\/23\\\/una-pareja-trasladaba-de-forma-irregular-a-una-adolescente-la-joven-regreso-con-su-familia-de-origen\\\/#article\",\"isPartOf\":{\"@id\":\"https:\\\/\\\/www.muyjujuy.com\\\/index.php\\\/2025\\\/07\\\/23\\\/una-pareja-trasladaba-de-forma-irregular-a-una-adolescente-la-joven-regreso-con-su-familia-de-origen\\\/\"},\"author\":{\"name\":\"admin\",\"@id\":\"https:\\\/\\\/www.muyjujuy.com\\\/#\\\/schema\\\/person\\\/a3b63db1f387ec4149299954904c5bf0\"},\"headline\":\"Una pareja trasladaba de forma irregular a una adolescente: la joven regres\u00f3 con su familia de origen\",\"datePublished\":\"2025-07-23T15:16:56+00:00\",\"mainEntityOfPage\":{\"@id\":\"https:\\\/\\\/www.muyjujuy.com\\\/index.php\\\/2025\\\/07\\\/23\\\/una-pareja-trasladaba-de-forma-irregular-a-una-adolescente-la-joven-regreso-con-su-familia-de-origen\\\/\"},\"wordCount\":434,\"commentCount\":0,\"publisher\":{\"@id\":\"https:\\\/\\\/www.muyjujuy.com\\\/#organization\"},\"image\":{\"@id\":\"https:\\\/\\\/www.muyjujuy.com\\\/index.php\\\/2025\\\/07\\\/23\\\/una-pareja-trasladaba-de-forma-irregular-a-una-adolescente-la-joven-regreso-con-su-familia-de-origen\\\/#primaryimage\"},\"thumbnailUrl\":\"https:\\\/\\\/www.muyjujuy.com\\\/wp-content\\\/uploads\\\/2025\\\/07\\\/tres-cruces.jpg\",\"articleSection\":[\"JUJUY\",\"Sociedad\"],\"inLanguage\":\"es-AR\",\"potentialAction\":[{\"@type\":\"CommentAction\",\"name\":\"Comment\",\"target\":[\"https:\\\/\\\/www.muyjujuy.com\\\/index.php\\\/2025\\\/07\\\/23\\\/una-pareja-trasladaba-de-forma-irregular-a-una-adolescente-la-joven-regreso-con-su-familia-de-origen\\\/#respond\"]}]},{\"@type\":\"WebPage\",\"@id\":\"https:\\\/\\\/www.muyjujuy.com\\\/index.php\\\/2025\\\/07\\\/23\\\/una-pareja-trasladaba-de-forma-irregular-a-una-adolescente-la-joven-regreso-con-su-familia-de-origen\\\/\",\"url\":\"https:\\\/\\\/www.muyjujuy.com\\\/index.php\\\/2025\\\/07\\\/23\\\/una-pareja-trasladaba-de-forma-irregular-a-una-adolescente-la-joven-regreso-con-su-familia-de-origen\\\/\",\"name\":\"Una pareja trasladaba de forma irregular a una adolescente: la joven regres\u00f3 con su familia de origen - Muy Jujuy\",\"isPartOf\":{\"@id\":\"https:\\\/\\\/www.muyjujuy.com\\\/#website\"},\"primaryImageOfPage\":{\"@id\":\"https:\\\/\\\/www.muyjujuy.com\\\/index.php\\\/2025\\\/07\\\/23\\\/una-pareja-trasladaba-de-forma-irregular-a-una-adolescente-la-joven-regreso-con-su-familia-de-origen\\\/#primaryimage\"},\"image\":{\"@id\":\"https:\\\/\\\/www.muyjujuy.com\\\/index.php\\\/2025\\\/07\\\/23\\\/una-pareja-trasladaba-de-forma-irregular-a-una-adolescente-la-joven-regreso-con-su-familia-de-origen\\\/#primaryimage\"},\"thumbnailUrl\":\"https:\\\/\\\/www.muyjujuy.com\\\/wp-content\\\/uploads\\\/2025\\\/07\\\/tres-cruces.jpg\",\"datePublished\":\"2025-07-23T15:16:56+00:00\",\"breadcrumb\":{\"@id\":\"https:\\\/\\\/www.muyjujuy.com\\\/index.php\\\/2025\\\/07\\\/23\\\/una-pareja-trasladaba-de-forma-irregular-a-una-adolescente-la-joven-regreso-con-su-familia-de-origen\\\/#breadcrumb\"},\"inLanguage\":\"es-AR\",\"potentialAction\":[{\"@type\":\"ReadAction\",\"target\":[\"https:\\\/\\\/www.muyjujuy.com\\\/index.php\\\/2025\\\/07\\\/23\\\/una-pareja-trasladaba-de-forma-irregular-a-una-adolescente-la-joven-regreso-con-su-familia-de-origen\\\/\"]}]},{\"@type\":\"ImageObject\",\"inLanguage\":\"es-AR\",\"@id\":\"https:\\\/\\\/www.muyjujuy.com\\\/index.php\\\/2025\\\/07\\\/23\\\/una-pareja-trasladaba-de-forma-irregular-a-una-adolescente-la-joven-regreso-con-su-familia-de-origen\\\/#primaryimage\",\"url\":\"https:\\\/\\\/www.muyjujuy.com\\\/wp-content\\\/uploads\\\/2025\\\/07\\\/tres-cruces.jpg\",\"contentUrl\":\"https:\\\/\\\/www.muyjujuy.com\\\/wp-content\\\/uploads\\\/2025\\\/07\\\/tres-cruces.jpg\",\"width\":923,\"height\":513},{\"@type\":\"BreadcrumbList\",\"@id\":\"https:\\\/\\\/www.muyjujuy.com\\\/index.php\\\/2025\\\/07\\\/23\\\/una-pareja-trasladaba-de-forma-irregular-a-una-adolescente-la-joven-regreso-con-su-familia-de-origen\\\/#breadcrumb\",\"itemListElement\":[{\"@type\":\"ListItem\",\"position\":1,\"name\":\"Inicio\",\"item\":\"https:\\\/\\\/www.muyjujuy.com\\\/\"},{\"@type\":\"ListItem\",\"position\":2,\"name\":\"Una pareja trasladaba de forma irregular a una adolescente: la joven regres\u00f3 con su familia de origen\"}]},{\"@type\":\"WebSite\",\"@id\":\"https:\\\/\\\/www.muyjujuy.com\\\/#website\",\"url\":\"https:\\\/\\\/www.muyjujuy.com\\\/\",\"name\":\"Muy Jujuy\",\"description\":\"\",\"publisher\":{\"@id\":\"https:\\\/\\\/www.muyjujuy.com\\\/#organization\"},\"potentialAction\":[{\"@type\":\"SearchAction\",\"target\":{\"@type\":\"EntryPoint\",\"urlTemplate\":\"https:\\\/\\\/www.muyjujuy.com\\\/?s={search_term_string}\"},\"query-input\":{\"@type\":\"PropertyValueSpecification\",\"valueRequired\":true,\"valueName\":\"search_term_string\"}}],\"inLanguage\":\"es-AR\"},{\"@type\":\"Organization\",\"@id\":\"https:\\\/\\\/www.muyjujuy.com\\\/#organization\",\"name\":\"Muy Jujuy\",\"url\":\"https:\\\/\\\/www.muyjujuy.com\\\/\",\"logo\":{\"@type\":\"ImageObject\",\"inLanguage\":\"es-AR\",\"@id\":\"https:\\\/\\\/www.muyjujuy.com\\\/#\\\/schema\\\/logo\\\/image\\\/\",\"url\":\"http:\\\/\\\/www.muyjujuy.com\\\/wp-content\\\/uploads\\\/2022\\\/05\\\/logo-mobil-jujuy.png\",\"contentUrl\":\"http:\\\/\\\/www.muyjujuy.com\\\/wp-content\\\/uploads\\\/2022\\\/05\\\/logo-mobil-jujuy.png\",\"width\":174,\"height\":81,\"caption\":\"Muy Jujuy\"},\"image\":{\"@id\":\"https:\\\/\\\/www.muyjujuy.com\\\/#\\\/schema\\\/logo\\\/image\\\/\"},\"sameAs\":[\"https:\\\/\\\/www.facebook.com\\\/muyjujuycom\",\"https:\\\/\\\/x.com\\\/muyjujuy\",\"https:\\\/\\\/www.instagram.com\\\/muyjujuycom\"]},{\"@type\":\"Person\",\"@id\":\"https:\\\/\\\/www.muyjujuy.com\\\/#\\\/schema\\\/person\\\/a3b63db1f387ec4149299954904c5bf0\",\"name\":\"admin\",\"image\":{\"@type\":\"ImageObject\",\"inLanguage\":\"es-AR\",\"@id\":\"https:\\\/\\\/secure.gravatar.com\\\/avatar\\\/b6e63d8d3a73633362405a0ad27e9c28391755813b59886f19a99d6cef8a03fc?s=96&d=mm&r=g\",\"url\":\"https:\\\/\\\/secure.gravatar.com\\\/avatar\\\/b6e63d8d3a73633362405a0ad27e9c28391755813b59886f19a99d6cef8a03fc?s=96&d=mm&r=g\",\"contentUrl\":\"https:\\\/\\\/secure.gravatar.com\\\/avatar\\\/b6e63d8d3a73633362405a0ad27e9c28391755813b59886f19a99d6cef8a03fc?s=96&d=mm&r=g\",\"caption\":\"admin\"},\"url\":\"https:\\\/\\\/www.muyjujuy.com\\\/index.php\\\/author\\\/soyeleditor\\\/\"}]}<\/script>\n<!-- \/ Yoast SEO plugin. -->","yoast_head_json":{"title":"Una pareja trasladaba de forma irregular a una adolescente: la joven regres\u00f3 con su familia de origen - Muy Jujuy","robots":{"index":"index","follow":"follow","max-snippet":"max-snippet:-1","max-image-preview":"max-image-preview:large","max-video-preview":"max-video-preview:-1"},"canonical":"https:\/\/www.muyjujuy.com\/index.php\/2025\/07\/23\/una-pareja-trasladaba-de-forma-irregular-a-una-adolescente-la-joven-regreso-con-su-familia-de-origen\/","og_locale":"es_ES","og_type":"article","og_title":"Una pareja trasladaba de forma irregular a una adolescente: la joven regres\u00f3 con su familia de origen - Muy Jujuy","og_description":"Una adolescente de 16 a\u00f1os era transportada por una pareja en un veh\u00edculo de manera irregular. La menor, de nacionalidad boliviana, fue rescatada en la localidad juje\u00f1a de Tres Cruces. En di\u00e1logo con AM 630 Lw8, el doctor Sergio Vidaurre, Secretario de Ni\u00f1ez, Adolescencia y Familia de Jujuy, brind\u00f3 detalles sobre el hecho. Seg\u00fan explic\u00f3, [&hellip;]","og_url":"https:\/\/www.muyjujuy.com\/index.php\/2025\/07\/23\/una-pareja-trasladaba-de-forma-irregular-a-una-adolescente-la-joven-regreso-con-su-familia-de-origen\/","og_site_name":"Muy Jujuy","article_publisher":"https:\/\/www.facebook.com\/muyjujuycom","article_published_time":"2025-07-23T15:16:56+00:00","author":"admin","twitter_card":"summary_large_image","twitter_creator":"@muyjujuy","twitter_site":"@muyjujuy","twitter_misc":{"Escrito por":"admin","Tiempo de lectura":"2 minutos"},"schema":{"@context":"https:\/\/schema.org","@graph":[{"@type":"Article","@id":"https:\/\/www.muyjujuy.com\/index.php\/2025\/07\/23\/una-pareja-trasladaba-de-forma-irregular-a-una-adolescente-la-joven-regreso-con-su-familia-de-origen\/#article","isPartOf":{"@id":"https:\/\/www.muyjujuy.com\/index.php\/2025\/07\/23\/una-pareja-trasladaba-de-forma-irregular-a-una-adolescente-la-joven-regreso-con-su-familia-de-origen\/"},"author":{"name":"admin","@id":"https:\/\/www.muyjujuy.com\/#\/schema\/person\/a3b63db1f387ec4149299954904c5bf0"},"headline":"Una pareja trasladaba de forma irregular a una adolescente: la joven regres\u00f3 con su familia de origen","datePublished":"2025-07-23T15:16:56+00:00","mainEntityOfPage":{"@id":"https:\/\/www.muyjujuy.com\/index.php\/2025\/07\/23\/una-pareja-trasladaba-de-forma-irregular-a-una-adolescente-la-joven-regreso-con-su-familia-de-origen\/"},"wordCount":434,"commentCount":0,"publisher":{"@id":"https:\/\/www.muyjujuy.com\/#organization"},"image":{"@id":"https:\/\/www.muyjujuy.com\/index.php\/2025\/07\/23\/una-pareja-trasladaba-de-forma-irregular-a-una-adolescente-la-joven-regreso-con-su-familia-de-origen\/#primaryimage"},"thumbnailUrl":"https:\/\/www.muyjujuy.com\/wp-content\/uploads\/2025\/07\/tres-cruces.jpg","articleSection":["JUJUY","Sociedad"],"inLanguage":"es-AR","potentialAction":[{"@type":"CommentAction","name":"Comment","target":["https:\/\/www.muyjujuy.com\/index.php\/2025\/07\/23\/una-pareja-trasladaba-de-forma-irregular-a-una-adolescente-la-joven-regreso-con-su-familia-de-origen\/#respond"]}]},{"@type":"WebPage","@id":"https:\/\/www.muyjujuy.com\/index.php\/2025\/07\/23\/una-pareja-trasladaba-de-forma-irregular-a-una-adolescente-la-joven-regreso-con-su-familia-de-origen\/","url":"https:\/\/www.muyjujuy.com\/index.php\/2025\/07\/23\/una-pareja-trasladaba-de-forma-irregular-a-una-adolescente-la-joven-regreso-con-su-familia-de-origen\/","name":"Una pareja trasladaba de forma irregular a una adolescente: la joven regres\u00f3 con su familia de origen - Muy Jujuy","isPartOf":{"@id":"https:\/\/www.muyjujuy.com\/#website"},"primaryImageOfPage":{"@id":"https:\/\/www.muyjujuy.com\/index.php\/2025\/07\/23\/una-pareja-trasladaba-de-forma-irregular-a-una-adolescente-la-joven-regreso-con-su-familia-de-origen\/#primaryimage"},"image":{"@id":"https:\/\/www.muyjujuy.com\/index.php\/2025\/07\/23\/una-pareja-trasladaba-de-forma-irregular-a-una-adolescente-la-joven-regreso-con-su-familia-de-origen\/#primaryimage"},"thumbnailUrl":"https:\/\/www.muyjujuy.com\/wp-content\/uploads\/2025\/07\/tres-cruces.jpg","datePublished":"2025-07-23T15:16:56+00:00","breadcrumb":{"@id":"https:\/\/www.muyjujuy.com\/index.php\/2025\/07\/23\/una-pareja-trasladaba-de-forma-irregular-a-una-adolescente-la-joven-regreso-con-su-familia-de-origen\/#breadcrumb"},"inLanguage":"es-AR","potentialAction":[{"@type":"ReadAction","target":["https:\/\/www.muyjujuy.com\/index.php\/2025\/07\/23\/una-pareja-trasladaba-de-forma-irregular-a-una-adolescente-la-joven-regreso-con-su-familia-de-origen\/"]}]},{"@type":"ImageObject","inLanguage":"es-AR","@id":"https:\/\/www.muyjujuy.com\/index.php\/2025\/07\/23\/una-pareja-trasladaba-de-forma-irregular-a-una-adolescente-la-joven-regreso-con-su-familia-de-origen\/#primaryimage","url":"https:\/\/www.muyjujuy.com\/wp-content\/uploads\/2025\/07\/tres-cruces.jpg","contentUrl":"https:\/\/www.muyjujuy.com\/wp-content\/uploads\/2025\/07\/tres-cruces.jpg","width":923,"height":513},{"@type":"BreadcrumbList","@id":"https:\/\/www.muyjujuy.com\/index.php\/2025\/07\/23\/una-pareja-trasladaba-de-forma-irregular-a-una-adolescente-la-joven-regreso-con-su-familia-de-origen\/#breadcrumb","itemListElement":[{"@type":"ListItem","position":1,"name":"Inicio","item":"https:\/\/www.muyjujuy.com\/"},{"@type":"ListItem","position":2,"name":"Una pareja trasladaba de forma irregular a una adolescente: la joven regres\u00f3 con su familia de origen"}]},{"@type":"WebSite","@id":"https:\/\/www.muyjujuy.com\/#website","url":"https:\/\/www.muyjujuy.com\/","name":"Muy Jujuy","description":"","publisher":{"@id":"https:\/\/www.muyjujuy.com\/#organization"},"potentialAction":[{"@type":"SearchAction","target":{"@type":"EntryPoint","urlTemplate":"https:\/\/www.muyjujuy.com\/?s={search_term_string}"},"query-input":{"@type":"PropertyValueSpecification","valueRequired":true,"valueName":"search_term_string"}}],"inLanguage":"es-AR"},{"@type":"Organization","@id":"https:\/\/www.muyjujuy.com\/#organization","name":"Muy Jujuy","url":"https:\/\/www.muyjujuy.com\/","logo":{"@type":"ImageObject","inLanguage":"es-AR","@id":"https:\/\/www.muyjujuy.com\/#\/schema\/logo\/image\/","url":"http:\/\/www.muyjujuy.com\/wp-content\/uploads\/2022\/05\/logo-mobil-jujuy.png","contentUrl":"http:\/\/www.muyjujuy.com\/wp-content\/uploads\/2022\/05\/logo-mobil-jujuy.png","width":174,"height":81,"caption":"Muy Jujuy"},"image":{"@id":"https:\/\/www.muyjujuy.com\/#\/schema\/logo\/image\/"},"sameAs":["https:\/\/www.facebook.com\/muyjujuycom","https:\/\/x.com\/muyjujuy","https:\/\/www.instagram.com\/muyjujuycom"]},{"@type":"Person","@id":"https:\/\/www.muyjujuy.com\/#\/schema\/person\/a3b63db1f387ec4149299954904c5bf0","name":"admin","image":{"@type":"ImageObject","inLanguage":"es-AR","@id":"https:\/\/secure.gravatar.com\/avatar\/b6e63d8d3a73633362405a0ad27e9c28391755813b59886f19a99d6cef8a03fc?s=96&d=mm&r=g","url":"https:\/\/secure.gravatar.com\/avatar\/b6e63d8d3a73633362405a0ad27e9c28391755813b59886f19a99d6cef8a03fc?s=96&d=mm&r=g","contentUrl":"https:\/\/secure.gravatar.com\/avatar\/b6e63d8d3a73633362405a0ad27e9c28391755813b59886f19a99d6cef8a03fc?s=96&d=mm&r=g","caption":"admin"},"url":"https:\/\/www.muyjujuy.com\/index.php\/author\/soyeleditor\/"}]}},"_links":{"self":[{"href":"https:\/\/www.muyjujuy.com\/index.php\/wp-json\/wp\/v2\/posts\/2728","targetHints":{"allow":["GET"]}}],"collection":[{"href":"https:\/\/www.muyjujuy.com\/index.php\/wp-json\/wp\/v2\/posts"}],"about":[{"href":"https:\/\/www.muyjujuy.com\/index.php\/wp-json\/wp\/v2\/types\/post"}],"author":[{"embeddable":true,"href":"https:\/\/www.muyjujuy.com\/index.php\/wp-json\/wp\/v2\/users\/1"}],"replies":[{"embeddable":true,"href":"https:\/\/www.muyjujuy.com\/index.php\/wp-json\/wp\/v2\/comments?post=2728"}],"version-history":[{"count":1,"href":"https:\/\/www.muyjujuy.com\/index.php\/wp-json\/wp\/v2\/posts\/2728\/revisions"}],"predecessor-version":[{"id":2730,"href":"https:\/\/www.muyjujuy.com\/index.php\/wp-json\/wp\/v2\/posts\/2728\/revisions\/2730"}],"wp:featuredmedia":[{"embeddable":true,"href":"https:\/\/www.muyjujuy.com\/index.php\/wp-json\/wp\/v2\/media\/2729"}],"wp:attachment":[{"href":"https:\/\/www.muyjujuy.com\/index.php\/wp-json\/wp\/v2\/media?parent=2728"}],"wp:term":[{"taxonomy":"category","embeddable":true,"href":"https:\/\/www.muyjujuy.com\/index.php\/wp-json\/wp\/v2\/categories?post=2728"},{"taxonomy":"post_tag","embeddable":true,"href":"https:\/\/www.muyjujuy.com\/index.php\/wp-json\/wp\/v2\/tags?post=2728"}],"curies":[{"name":"wp","href":"https:\/\/api.w.org\/{rel}","templated":true}]}}