{"id":2734,"date":"2025-07-24T10:43:45","date_gmt":"2025-07-24T13:43:45","guid":{"rendered":"https:\/\/www.muyjujuy.com\/?p=2734"},"modified":"2025-07-24T10:43:45","modified_gmt":"2025-07-24T13:43:45","slug":"jujuy-experimenta-una-marcada-baja-en-la-natalidad-se-registran-un-50-menos-de-nacimientos-que-hace-diez-anos","status":"publish","type":"post","link":"https:\/\/www.muyjujuy.com\/index.php\/2025\/07\/24\/jujuy-experimenta-una-marcada-baja-en-la-natalidad-se-registran-un-50-menos-de-nacimientos-que-hace-diez-anos\/","title":{"rendered":"Jujuy experimenta una marcada baja en la natalidad: se registran un 50% menos de nacimientos que hace diez a\u00f1os"},"content":{"rendered":"\n<p>La provincia de <strong>Jujuy<\/strong> atraviesa un notable descenso en la tasa de natalidad, una tendencia que se replica tanto a nivel nacional como internacional. En la \u00faltima d\u00e9cada, la cantidad de nacimientos se redujo en un <strong>50%<\/strong>, seg\u00fan inform\u00f3 <strong>Claudia Castro<\/strong>, directora provincial de <strong>Maternidad e Infancia<\/strong>.<\/p>\n\n\n\n<p>\u201cEste dato se corresponde con lo que ocurre en el pa\u00eds y en el mundo, ya que es una tendencia que se viene sosteniendo desde hace varios a\u00f1os. En Jujuy, si comparamos los datos con los de hace una d\u00e9cada, los nacimientos se redujeron a la mitad\u201d, explic\u00f3 <strong>Castro<\/strong> en declaraciones a <strong>Canal 7<\/strong>.<\/p>\n\n\n\n<p>La funcionaria se\u00f1al\u00f3 que este fen\u00f3meno refleja un <strong>avance en el acceso a la salud y la planificaci\u00f3n familiar<\/strong>: \u201cEsto ocurre gracias al acceso a la atenci\u00f3n sanitaria y a los m\u00e9todos anticonceptivos, tanto gratuitos como los que proveen las obras sociales. Estos recursos, que no exist\u00edan hace tantos a\u00f1os, permiten a las personas planificar sus embarazos y mejorar su calidad de vida\u201d.<br>En la misma l\u00ednea, subray\u00f3 el impacto positivo que estos cambios tuvieron en otros indicadores, como la <strong>mortalidad infantil<\/strong>: \u201cToda esta informaci\u00f3n lleva a las familias a reflexionar sobre sus posibilidades de cuidado, realizar consultas y acceder a m\u00e9todos. Esto se vincula directamente con la reducci\u00f3n de la mortalidad infantil, que hoy es una cuarta parte de lo que era hace 10 a\u00f1os, porque los embarazos son m\u00e1s controlados y planificados, y se cumplen los controles m\u00e9dicos\u201d.<\/p>\n\n\n\n<p><strong>Acceso a anticonceptivos y planificaci\u00f3n familiar<\/strong><br>Uno de los factores determinantes en la disminuci\u00f3n de la natalidad es el <strong>mayor uso de m\u00e9todos anticonceptivos<\/strong> y el acompa\u00f1amiento en la planificaci\u00f3n. <strong>Castro<\/strong> precis\u00f3: \u201cEn 2020 ten\u00edamos registros de que el 80% de los embarazos no utilizaban m\u00e9todos anticonceptivos, mientras que en 2024 ese porcentaje baj\u00f3 al 48%, lo que indica que m\u00e1s personas planifican sus embarazos\u201d.<\/p>\n\n\n\n<p>Tambi\u00e9n destac\u00f3 que la anticoncepci\u00f3n dej\u00f3 de ser una tarea exclusiva de los ginec\u00f3logos: \u201cHoy la orientaci\u00f3n en anticoncepci\u00f3n no recae \u00fanicamente en los ginec\u00f3logos, sino que participan otros profesionales como <strong>enfermeros y licenciados en obstetricia<\/strong>, quienes se capacitan para brindar asesoramiento en planificaci\u00f3n\u201d.<\/p>\n","protected":false},"excerpt":{"rendered":"<p>La provincia de Jujuy atraviesa un notable descenso en la tasa de natalidad, una tendencia que se replica tanto a nivel nacional como internacional. En la \u00faltima d\u00e9cada, la cantidad de nacimientos se redujo en un 50%, seg\u00fan inform\u00f3 Claudia Castro, directora provincial de Maternidad e Infancia. \u201cEste dato se corresponde con lo que ocurre [&hellip;]<\/p>\n","protected":false},"author":1,"featured_media":2735,"comment_status":"open","ping_status":"open","sticky":false,"template":"","format":"standard","meta":{"footnotes":""},"categories":[863,25],"tags":[],"class_list":{"0":"post-2734","1":"post","2":"type-post","3":"status-publish","4":"format-standard","5":"has-post-thumbnail","7":"category-jujuy","8":"category-sociedad"},"yoast_head":"<!-- This site is optimized with the Yoast SEO plugin v27.5 - https:\/\/yoast.com\/product\/yoast-seo-wordpress\/ -->\n<title>Jujuy experimenta una marcada baja en la natalidad: se registran un 50% menos de nacimientos que hace diez a\u00f1os - Muy Jujuy<\/title>\n<meta name=\"robots\" content=\"index, follow, max-snippet:-1, max-image-preview:large, max-video-preview:-1\" \/>\n<link rel=\"canonical\" href=\"https:\/\/www.muyjujuy.com\/index.php\/2025\/07\/24\/jujuy-experimenta-una-marcada-baja-en-la-natalidad-se-registran-un-50-menos-de-nacimientos-que-hace-diez-anos\/\" \/>\n<meta property=\"og:locale\" content=\"es_ES\" \/>\n<meta property=\"og:type\" content=\"article\" \/>\n<meta property=\"og:title\" content=\"Jujuy experimenta una marcada baja en la natalidad: se registran un 50% menos de nacimientos que hace diez a\u00f1os - Muy Jujuy\" \/>\n<meta property=\"og:description\" content=\"La provincia de Jujuy atraviesa un notable descenso en la tasa de natalidad, una tendencia que se replica tanto a nivel nacional como internacional. En la \u00faltima d\u00e9cada, la cantidad de nacimientos se redujo en un 50%, seg\u00fan inform\u00f3 Claudia Castro, directora provincial de Maternidad e Infancia. \u201cEste dato se corresponde con lo que ocurre [&hellip;]\" \/>\n<meta property=\"og:url\" content=\"https:\/\/www.muyjujuy.com\/index.php\/2025\/07\/24\/jujuy-experimenta-una-marcada-baja-en-la-natalidad-se-registran-un-50-menos-de-nacimientos-que-hace-diez-anos\/\" \/>\n<meta property=\"og:site_name\" content=\"Muy Jujuy\" \/>\n<meta property=\"article:publisher\" content=\"https:\/\/www.facebook.com\/muyjujuycom\" \/>\n<meta property=\"article:published_time\" content=\"2025-07-24T13:43:45+00:00\" \/>\n<meta name=\"author\" content=\"admin\" \/>\n<meta name=\"twitter:card\" content=\"summary_large_image\" \/>\n<meta name=\"twitter:creator\" content=\"@muyjujuy\" \/>\n<meta name=\"twitter:site\" content=\"@muyjujuy\" \/>\n<meta name=\"twitter:label1\" content=\"Escrito por\" \/>\n\t<meta name=\"twitter:data1\" content=\"admin\" \/>\n\t<meta name=\"twitter:label2\" content=\"Tiempo de lectura\" \/>\n\t<meta name=\"twitter:data2\" content=\"2 minutos\" \/>\n<script type=\"application\/ld+json\" class=\"yoast-schema-graph\">{\"@context\":\"https:\\\/\\\/schema.org\",\"@graph\":[{\"@type\":\"Article\",\"@id\":\"https:\\\/\\\/www.muyjujuy.com\\\/index.php\\\/2025\\\/07\\\/24\\\/jujuy-experimenta-una-marcada-baja-en-la-natalidad-se-registran-un-50-menos-de-nacimientos-que-hace-diez-anos\\\/#article\",\"isPartOf\":{\"@id\":\"https:\\\/\\\/www.muyjujuy.com\\\/index.php\\\/2025\\\/07\\\/24\\\/jujuy-experimenta-una-marcada-baja-en-la-natalidad-se-registran-un-50-menos-de-nacimientos-que-hace-diez-anos\\\/\"},\"author\":{\"name\":\"admin\",\"@id\":\"https:\\\/\\\/www.muyjujuy.com\\\/#\\\/schema\\\/person\\\/a3b63db1f387ec4149299954904c5bf0\"},\"headline\":\"Jujuy experimenta una marcada baja en la natalidad: se registran un 50% menos de nacimientos que hace diez a\u00f1os\",\"datePublished\":\"2025-07-24T13:43:45+00:00\",\"mainEntityOfPage\":{\"@id\":\"https:\\\/\\\/www.muyjujuy.com\\\/index.php\\\/2025\\\/07\\\/24\\\/jujuy-experimenta-una-marcada-baja-en-la-natalidad-se-registran-un-50-menos-de-nacimientos-que-hace-diez-anos\\\/\"},\"wordCount\":396,\"commentCount\":0,\"publisher\":{\"@id\":\"https:\\\/\\\/www.muyjujuy.com\\\/#organization\"},\"image\":{\"@id\":\"https:\\\/\\\/www.muyjujuy.com\\\/index.php\\\/2025\\\/07\\\/24\\\/jujuy-experimenta-una-marcada-baja-en-la-natalidad-se-registran-un-50-menos-de-nacimientos-que-hace-diez-anos\\\/#primaryimage\"},\"thumbnailUrl\":\"https:\\\/\\\/www.muyjujuy.com\\\/wp-content\\\/uploads\\\/2025\\\/07\\\/remedios.jpg\",\"articleSection\":[\"JUJUY\",\"Sociedad\"],\"inLanguage\":\"es-AR\",\"potentialAction\":[{\"@type\":\"CommentAction\",\"name\":\"Comment\",\"target\":[\"https:\\\/\\\/www.muyjujuy.com\\\/index.php\\\/2025\\\/07\\\/24\\\/jujuy-experimenta-una-marcada-baja-en-la-natalidad-se-registran-un-50-menos-de-nacimientos-que-hace-diez-anos\\\/#respond\"]}]},{\"@type\":\"WebPage\",\"@id\":\"https:\\\/\\\/www.muyjujuy.com\\\/index.php\\\/2025\\\/07\\\/24\\\/jujuy-experimenta-una-marcada-baja-en-la-natalidad-se-registran-un-50-menos-de-nacimientos-que-hace-diez-anos\\\/\",\"url\":\"https:\\\/\\\/www.muyjujuy.com\\\/index.php\\\/2025\\\/07\\\/24\\\/jujuy-experimenta-una-marcada-baja-en-la-natalidad-se-registran-un-50-menos-de-nacimientos-que-hace-diez-anos\\\/\",\"name\":\"Jujuy experimenta una marcada baja en la natalidad: se registran un 50% menos de nacimientos que hace diez a\u00f1os - Muy Jujuy\",\"isPartOf\":{\"@id\":\"https:\\\/\\\/www.muyjujuy.com\\\/#website\"},\"primaryImageOfPage\":{\"@id\":\"https:\\\/\\\/www.muyjujuy.com\\\/index.php\\\/2025\\\/07\\\/24\\\/jujuy-experimenta-una-marcada-baja-en-la-natalidad-se-registran-un-50-menos-de-nacimientos-que-hace-diez-anos\\\/#primaryimage\"},\"image\":{\"@id\":\"https:\\\/\\\/www.muyjujuy.com\\\/index.php\\\/2025\\\/07\\\/24\\\/jujuy-experimenta-una-marcada-baja-en-la-natalidad-se-registran-un-50-menos-de-nacimientos-que-hace-diez-anos\\\/#primaryimage\"},\"thumbnailUrl\":\"https:\\\/\\\/www.muyjujuy.com\\\/wp-content\\\/uploads\\\/2025\\\/07\\\/remedios.jpg\",\"datePublished\":\"2025-07-24T13:43:45+00:00\",\"breadcrumb\":{\"@id\":\"https:\\\/\\\/www.muyjujuy.com\\\/index.php\\\/2025\\\/07\\\/24\\\/jujuy-experimenta-una-marcada-baja-en-la-natalidad-se-registran-un-50-menos-de-nacimientos-que-hace-diez-anos\\\/#breadcrumb\"},\"inLanguage\":\"es-AR\",\"potentialAction\":[{\"@type\":\"ReadAction\",\"target\":[\"https:\\\/\\\/www.muyjujuy.com\\\/index.php\\\/2025\\\/07\\\/24\\\/jujuy-experimenta-una-marcada-baja-en-la-natalidad-se-registran-un-50-menos-de-nacimientos-que-hace-diez-anos\\\/\"]}]},{\"@type\":\"ImageObject\",\"inLanguage\":\"es-AR\",\"@id\":\"https:\\\/\\\/www.muyjujuy.com\\\/index.php\\\/2025\\\/07\\\/24\\\/jujuy-experimenta-una-marcada-baja-en-la-natalidad-se-registran-un-50-menos-de-nacimientos-que-hace-diez-anos\\\/#primaryimage\",\"url\":\"https:\\\/\\\/www.muyjujuy.com\\\/wp-content\\\/uploads\\\/2025\\\/07\\\/remedios.jpg\",\"contentUrl\":\"https:\\\/\\\/www.muyjujuy.com\\\/wp-content\\\/uploads\\\/2025\\\/07\\\/remedios.jpg\",\"width\":864,\"height\":495},{\"@type\":\"BreadcrumbList\",\"@id\":\"https:\\\/\\\/www.muyjujuy.com\\\/index.php\\\/2025\\\/07\\\/24\\\/jujuy-experimenta-una-marcada-baja-en-la-natalidad-se-registran-un-50-menos-de-nacimientos-que-hace-diez-anos\\\/#breadcrumb\",\"itemListElement\":[{\"@type\":\"ListItem\",\"position\":1,\"name\":\"Inicio\",\"item\":\"https:\\\/\\\/www.muyjujuy.com\\\/\"},{\"@type\":\"ListItem\",\"position\":2,\"name\":\"Jujuy experimenta una marcada baja en la natalidad: se registran un 50% menos de nacimientos que hace diez a\u00f1os\"}]},{\"@type\":\"WebSite\",\"@id\":\"https:\\\/\\\/www.muyjujuy.com\\\/#website\",\"url\":\"https:\\\/\\\/www.muyjujuy.com\\\/\",\"name\":\"Muy Jujuy\",\"description\":\"\",\"publisher\":{\"@id\":\"https:\\\/\\\/www.muyjujuy.com\\\/#organization\"},\"potentialAction\":[{\"@type\":\"SearchAction\",\"target\":{\"@type\":\"EntryPoint\",\"urlTemplate\":\"https:\\\/\\\/www.muyjujuy.com\\\/?s={search_term_string}\"},\"query-input\":{\"@type\":\"PropertyValueSpecification\",\"valueRequired\":true,\"valueName\":\"search_term_string\"}}],\"inLanguage\":\"es-AR\"},{\"@type\":\"Organization\",\"@id\":\"https:\\\/\\\/www.muyjujuy.com\\\/#organization\",\"name\":\"Muy Jujuy\",\"url\":\"https:\\\/\\\/www.muyjujuy.com\\\/\",\"logo\":{\"@type\":\"ImageObject\",\"inLanguage\":\"es-AR\",\"@id\":\"https:\\\/\\\/www.muyjujuy.com\\\/#\\\/schema\\\/logo\\\/image\\\/\",\"url\":\"http:\\\/\\\/www.muyjujuy.com\\\/wp-content\\\/uploads\\\/2022\\\/05\\\/logo-mobil-jujuy.png\",\"contentUrl\":\"http:\\\/\\\/www.muyjujuy.com\\\/wp-content\\\/uploads\\\/2022\\\/05\\\/logo-mobil-jujuy.png\",\"width\":174,\"height\":81,\"caption\":\"Muy Jujuy\"},\"image\":{\"@id\":\"https:\\\/\\\/www.muyjujuy.com\\\/#\\\/schema\\\/logo\\\/image\\\/\"},\"sameAs\":[\"https:\\\/\\\/www.facebook.com\\\/muyjujuycom\",\"https:\\\/\\\/x.com\\\/muyjujuy\",\"https:\\\/\\\/www.instagram.com\\\/muyjujuycom\"]},{\"@type\":\"Person\",\"@id\":\"https:\\\/\\\/www.muyjujuy.com\\\/#\\\/schema\\\/person\\\/a3b63db1f387ec4149299954904c5bf0\",\"name\":\"admin\",\"image\":{\"@type\":\"ImageObject\",\"inLanguage\":\"es-AR\",\"@id\":\"https:\\\/\\\/secure.gravatar.com\\\/avatar\\\/b6e63d8d3a73633362405a0ad27e9c28391755813b59886f19a99d6cef8a03fc?s=96&d=mm&r=g\",\"url\":\"https:\\\/\\\/secure.gravatar.com\\\/avatar\\\/b6e63d8d3a73633362405a0ad27e9c28391755813b59886f19a99d6cef8a03fc?s=96&d=mm&r=g\",\"contentUrl\":\"https:\\\/\\\/secure.gravatar.com\\\/avatar\\\/b6e63d8d3a73633362405a0ad27e9c28391755813b59886f19a99d6cef8a03fc?s=96&d=mm&r=g\",\"caption\":\"admin\"},\"url\":\"https:\\\/\\\/www.muyjujuy.com\\\/index.php\\\/author\\\/soyeleditor\\\/\"}]}<\/script>\n<!-- \/ Yoast SEO plugin. -->","yoast_head_json":{"title":"Jujuy experimenta una marcada baja en la natalidad: se registran un 50% menos de nacimientos que hace diez a\u00f1os - Muy Jujuy","robots":{"index":"index","follow":"follow","max-snippet":"max-snippet:-1","max-image-preview":"max-image-preview:large","max-video-preview":"max-video-preview:-1"},"canonical":"https:\/\/www.muyjujuy.com\/index.php\/2025\/07\/24\/jujuy-experimenta-una-marcada-baja-en-la-natalidad-se-registran-un-50-menos-de-nacimientos-que-hace-diez-anos\/","og_locale":"es_ES","og_type":"article","og_title":"Jujuy experimenta una marcada baja en la natalidad: se registran un 50% menos de nacimientos que hace diez a\u00f1os - Muy Jujuy","og_description":"La provincia de Jujuy atraviesa un notable descenso en la tasa de natalidad, una tendencia que se replica tanto a nivel nacional como internacional. En la \u00faltima d\u00e9cada, la cantidad de nacimientos se redujo en un 50%, seg\u00fan inform\u00f3 Claudia Castro, directora provincial de Maternidad e Infancia. \u201cEste dato se corresponde con lo que ocurre [&hellip;]","og_url":"https:\/\/www.muyjujuy.com\/index.php\/2025\/07\/24\/jujuy-experimenta-una-marcada-baja-en-la-natalidad-se-registran-un-50-menos-de-nacimientos-que-hace-diez-anos\/","og_site_name":"Muy Jujuy","article_publisher":"https:\/\/www.facebook.com\/muyjujuycom","article_published_time":"2025-07-24T13:43:45+00:00","author":"admin","twitter_card":"summary_large_image","twitter_creator":"@muyjujuy","twitter_site":"@muyjujuy","twitter_misc":{"Escrito por":"admin","Tiempo de lectura":"2 minutos"},"schema":{"@context":"https:\/\/schema.org","@graph":[{"@type":"Article","@id":"https:\/\/www.muyjujuy.com\/index.php\/2025\/07\/24\/jujuy-experimenta-una-marcada-baja-en-la-natalidad-se-registran-un-50-menos-de-nacimientos-que-hace-diez-anos\/#article","isPartOf":{"@id":"https:\/\/www.muyjujuy.com\/index.php\/2025\/07\/24\/jujuy-experimenta-una-marcada-baja-en-la-natalidad-se-registran-un-50-menos-de-nacimientos-que-hace-diez-anos\/"},"author":{"name":"admin","@id":"https:\/\/www.muyjujuy.com\/#\/schema\/person\/a3b63db1f387ec4149299954904c5bf0"},"headline":"Jujuy experimenta una marcada baja en la natalidad: se registran un 50% menos de nacimientos que hace diez a\u00f1os","datePublished":"2025-07-24T13:43:45+00:00","mainEntityOfPage":{"@id":"https:\/\/www.muyjujuy.com\/index.php\/2025\/07\/24\/jujuy-experimenta-una-marcada-baja-en-la-natalidad-se-registran-un-50-menos-de-nacimientos-que-hace-diez-anos\/"},"wordCount":396,"commentCount":0,"publisher":{"@id":"https:\/\/www.muyjujuy.com\/#organization"},"image":{"@id":"https:\/\/www.muyjujuy.com\/index.php\/2025\/07\/24\/jujuy-experimenta-una-marcada-baja-en-la-natalidad-se-registran-un-50-menos-de-nacimientos-que-hace-diez-anos\/#primaryimage"},"thumbnailUrl":"https:\/\/www.muyjujuy.com\/wp-content\/uploads\/2025\/07\/remedios.jpg","articleSection":["JUJUY","Sociedad"],"inLanguage":"es-AR","potentialAction":[{"@type":"CommentAction","name":"Comment","target":["https:\/\/www.muyjujuy.com\/index.php\/2025\/07\/24\/jujuy-experimenta-una-marcada-baja-en-la-natalidad-se-registran-un-50-menos-de-nacimientos-que-hace-diez-anos\/#respond"]}]},{"@type":"WebPage","@id":"https:\/\/www.muyjujuy.com\/index.php\/2025\/07\/24\/jujuy-experimenta-una-marcada-baja-en-la-natalidad-se-registran-un-50-menos-de-nacimientos-que-hace-diez-anos\/","url":"https:\/\/www.muyjujuy.com\/index.php\/2025\/07\/24\/jujuy-experimenta-una-marcada-baja-en-la-natalidad-se-registran-un-50-menos-de-nacimientos-que-hace-diez-anos\/","name":"Jujuy experimenta una marcada baja en la natalidad: se registran un 50% menos de nacimientos que hace diez a\u00f1os - Muy Jujuy","isPartOf":{"@id":"https:\/\/www.muyjujuy.com\/#website"},"primaryImageOfPage":{"@id":"https:\/\/www.muyjujuy.com\/index.php\/2025\/07\/24\/jujuy-experimenta-una-marcada-baja-en-la-natalidad-se-registran-un-50-menos-de-nacimientos-que-hace-diez-anos\/#primaryimage"},"image":{"@id":"https:\/\/www.muyjujuy.com\/index.php\/2025\/07\/24\/jujuy-experimenta-una-marcada-baja-en-la-natalidad-se-registran-un-50-menos-de-nacimientos-que-hace-diez-anos\/#primaryimage"},"thumbnailUrl":"https:\/\/www.muyjujuy.com\/wp-content\/uploads\/2025\/07\/remedios.jpg","datePublished":"2025-07-24T13:43:45+00:00","breadcrumb":{"@id":"https:\/\/www.muyjujuy.com\/index.php\/2025\/07\/24\/jujuy-experimenta-una-marcada-baja-en-la-natalidad-se-registran-un-50-menos-de-nacimientos-que-hace-diez-anos\/#breadcrumb"},"inLanguage":"es-AR","potentialAction":[{"@type":"ReadAction","target":["https:\/\/www.muyjujuy.com\/index.php\/2025\/07\/24\/jujuy-experimenta-una-marcada-baja-en-la-natalidad-se-registran-un-50-menos-de-nacimientos-que-hace-diez-anos\/"]}]},{"@type":"ImageObject","inLanguage":"es-AR","@id":"https:\/\/www.muyjujuy.com\/index.php\/2025\/07\/24\/jujuy-experimenta-una-marcada-baja-en-la-natalidad-se-registran-un-50-menos-de-nacimientos-que-hace-diez-anos\/#primaryimage","url":"https:\/\/www.muyjujuy.com\/wp-content\/uploads\/2025\/07\/remedios.jpg","contentUrl":"https:\/\/www.muyjujuy.com\/wp-content\/uploads\/2025\/07\/remedios.jpg","width":864,"height":495},{"@type":"BreadcrumbList","@id":"https:\/\/www.muyjujuy.com\/index.php\/2025\/07\/24\/jujuy-experimenta-una-marcada-baja-en-la-natalidad-se-registran-un-50-menos-de-nacimientos-que-hace-diez-anos\/#breadcrumb","itemListElement":[{"@type":"ListItem","position":1,"name":"Inicio","item":"https:\/\/www.muyjujuy.com\/"},{"@type":"ListItem","position":2,"name":"Jujuy experimenta una marcada baja en la natalidad: se registran un 50% menos de nacimientos que hace diez a\u00f1os"}]},{"@type":"WebSite","@id":"https:\/\/www.muyjujuy.com\/#website","url":"https:\/\/www.muyjujuy.com\/","name":"Muy Jujuy","description":"","publisher":{"@id":"https:\/\/www.muyjujuy.com\/#organization"},"potentialAction":[{"@type":"SearchAction","target":{"@type":"EntryPoint","urlTemplate":"https:\/\/www.muyjujuy.com\/?s={search_term_string}"},"query-input":{"@type":"PropertyValueSpecification","valueRequired":true,"valueName":"search_term_string"}}],"inLanguage":"es-AR"},{"@type":"Organization","@id":"https:\/\/www.muyjujuy.com\/#organization","name":"Muy Jujuy","url":"https:\/\/www.muyjujuy.com\/","logo":{"@type":"ImageObject","inLanguage":"es-AR","@id":"https:\/\/www.muyjujuy.com\/#\/schema\/logo\/image\/","url":"http:\/\/www.muyjujuy.com\/wp-content\/uploads\/2022\/05\/logo-mobil-jujuy.png","contentUrl":"http:\/\/www.muyjujuy.com\/wp-content\/uploads\/2022\/05\/logo-mobil-jujuy.png","width":174,"height":81,"caption":"Muy Jujuy"},"image":{"@id":"https:\/\/www.muyjujuy.com\/#\/schema\/logo\/image\/"},"sameAs":["https:\/\/www.facebook.com\/muyjujuycom","https:\/\/x.com\/muyjujuy","https:\/\/www.instagram.com\/muyjujuycom"]},{"@type":"Person","@id":"https:\/\/www.muyjujuy.com\/#\/schema\/person\/a3b63db1f387ec4149299954904c5bf0","name":"admin","image":{"@type":"ImageObject","inLanguage":"es-AR","@id":"https:\/\/secure.gravatar.com\/avatar\/b6e63d8d3a73633362405a0ad27e9c28391755813b59886f19a99d6cef8a03fc?s=96&d=mm&r=g","url":"https:\/\/secure.gravatar.com\/avatar\/b6e63d8d3a73633362405a0ad27e9c28391755813b59886f19a99d6cef8a03fc?s=96&d=mm&r=g","contentUrl":"https:\/\/secure.gravatar.com\/avatar\/b6e63d8d3a73633362405a0ad27e9c28391755813b59886f19a99d6cef8a03fc?s=96&d=mm&r=g","caption":"admin"},"url":"https:\/\/www.muyjujuy.com\/index.php\/author\/soyeleditor\/"}]}},"_links":{"self":[{"href":"https:\/\/www.muyjujuy.com\/index.php\/wp-json\/wp\/v2\/posts\/2734","targetHints":{"allow":["GET"]}}],"collection":[{"href":"https:\/\/www.muyjujuy.com\/index.php\/wp-json\/wp\/v2\/posts"}],"about":[{"href":"https:\/\/www.muyjujuy.com\/index.php\/wp-json\/wp\/v2\/types\/post"}],"author":[{"embeddable":true,"href":"https:\/\/www.muyjujuy.com\/index.php\/wp-json\/wp\/v2\/users\/1"}],"replies":[{"embeddable":true,"href":"https:\/\/www.muyjujuy.com\/index.php\/wp-json\/wp\/v2\/comments?post=2734"}],"version-history":[{"count":1,"href":"https:\/\/www.muyjujuy.com\/index.php\/wp-json\/wp\/v2\/posts\/2734\/revisions"}],"predecessor-version":[{"id":2736,"href":"https:\/\/www.muyjujuy.com\/index.php\/wp-json\/wp\/v2\/posts\/2734\/revisions\/2736"}],"wp:featuredmedia":[{"embeddable":true,"href":"https:\/\/www.muyjujuy.com\/index.php\/wp-json\/wp\/v2\/media\/2735"}],"wp:attachment":[{"href":"https:\/\/www.muyjujuy.com\/index.php\/wp-json\/wp\/v2\/media?parent=2734"}],"wp:term":[{"taxonomy":"category","embeddable":true,"href":"https:\/\/www.muyjujuy.com\/index.php\/wp-json\/wp\/v2\/categories?post=2734"},{"taxonomy":"post_tag","embeddable":true,"href":"https:\/\/www.muyjujuy.com\/index.php\/wp-json\/wp\/v2\/tags?post=2734"}],"curies":[{"name":"wp","href":"https:\/\/api.w.org\/{rel}","templated":true}]}}