{"id":2737,"date":"2025-07-25T11:51:25","date_gmt":"2025-07-25T14:51:25","guid":{"rendered":"https:\/\/www.muyjujuy.com\/?p=2737"},"modified":"2025-07-25T11:51:25","modified_gmt":"2025-07-25T14:51:25","slug":"conciencia-animal-concreto-mas-de-4-mil-castraciones-desde-abril","status":"publish","type":"post","link":"https:\/\/www.muyjujuy.com\/index.php\/2025\/07\/25\/conciencia-animal-concreto-mas-de-4-mil-castraciones-desde-abril\/","title":{"rendered":"Conciencia Animal concret\u00f3 m\u00e1s de 4 mil castraciones desde abril"},"content":{"rendered":"\n<p>El proyecto <strong>Conciencia Animal<\/strong> inform\u00f3 los avances alcanzados en el marco de la iniciativa de <strong>castraciones y vacunaci\u00f3n antirr\u00e1bica masiva y gratuita<\/strong> para perros y gatos.<\/p>\n\n\n\n<p><strong>Raquel Moreno<\/strong>, integrante del proyecto, destac\u00f3 los resultados obtenidos desde el mes de abril en las distintas <strong>jornadas de esterilizaci\u00f3n y vacunaci\u00f3n antirr\u00e1bica<\/strong> realizadas en la provincia.<\/p>\n\n\n\n<p>\u201c<strong>Desde el 13 de abril, incluyendo s\u00e1bados, domingos y feriados, hemos llevado adelante 39 jornadas en diferentes localidades, en las cuales realizamos 4.202 castraciones y aplicamos 1.398 vacunas antirr\u00e1bicas gratuitas<\/strong>\u201d, afirm\u00f3.<\/p>\n\n\n\n<p>Tambi\u00e9n se\u00f1al\u00f3 que los equipos recorrieron <strong>El Piquete, Aguas Calientes, Monterrico, La Ovejer\u00eda, San Pedro, Las Pampitas, Palpal\u00e1, El Carmen, Perico, Santo Domingo, Puesto Viejo, Humahuaca, La Esperanza, Palma Sola, Volc\u00e1n y San Salvador<\/strong>.<br>Estas tareas se desarrollan en coordinaci\u00f3n con <strong>centros vecinales, municipios y la Direcci\u00f3n Provincial de Relaciones Institucionales<\/strong>, dependiente del <strong>Ministerio de Desarrollo Econ\u00f3mico y Producci\u00f3n<\/strong>.<\/p>\n\n\n\n<p>Cabe destacar que las jornadas organizadas por el proyecto <strong>Conciencia Animal<\/strong> se enmarcan en un <strong>plan integral del Gobierno Provincial<\/strong> orientado a <strong>controlar el crecimiento desmedido de la poblaci\u00f3n animal y sus consecuencias<\/strong>, como el abandono, la propagaci\u00f3n de enfermedades y la superpoblaci\u00f3n de animales en situaci\u00f3n de calle.<\/p>\n\n\n\n<p><\/p>\n","protected":false},"excerpt":{"rendered":"<p>El proyecto Conciencia Animal inform\u00f3 los avances alcanzados en el marco de la iniciativa de castraciones y vacunaci\u00f3n antirr\u00e1bica masiva y gratuita para perros y gatos. Raquel Moreno, integrante del proyecto, destac\u00f3 los resultados obtenidos desde el mes de abril en las distintas jornadas de esterilizaci\u00f3n y vacunaci\u00f3n antirr\u00e1bica realizadas en la provincia. \u201cDesde el [&hellip;]<\/p>\n","protected":false},"author":1,"featured_media":2738,"comment_status":"open","ping_status":"open","sticky":false,"template":"","format":"standard","meta":{"footnotes":""},"categories":[863,25],"tags":[],"class_list":{"0":"post-2737","1":"post","2":"type-post","3":"status-publish","4":"format-standard","5":"has-post-thumbnail","7":"category-jujuy","8":"category-sociedad"},"yoast_head":"<!-- This site is optimized with the Yoast SEO plugin v27.5 - https:\/\/yoast.com\/product\/yoast-seo-wordpress\/ -->\n<title>Conciencia Animal concret\u00f3 m\u00e1s de 4 mil castraciones desde abril - Muy Jujuy<\/title>\n<meta name=\"robots\" content=\"index, follow, max-snippet:-1, max-image-preview:large, max-video-preview:-1\" \/>\n<link rel=\"canonical\" href=\"https:\/\/www.muyjujuy.com\/index.php\/2025\/07\/25\/conciencia-animal-concreto-mas-de-4-mil-castraciones-desde-abril\/\" \/>\n<meta property=\"og:locale\" content=\"es_ES\" \/>\n<meta property=\"og:type\" content=\"article\" \/>\n<meta property=\"og:title\" content=\"Conciencia Animal concret\u00f3 m\u00e1s de 4 mil castraciones desde abril - Muy Jujuy\" \/>\n<meta property=\"og:description\" content=\"El proyecto Conciencia Animal inform\u00f3 los avances alcanzados en el marco de la iniciativa de castraciones y vacunaci\u00f3n antirr\u00e1bica masiva y gratuita para perros y gatos. Raquel Moreno, integrante del proyecto, destac\u00f3 los resultados obtenidos desde el mes de abril en las distintas jornadas de esterilizaci\u00f3n y vacunaci\u00f3n antirr\u00e1bica realizadas en la provincia. \u201cDesde el [&hellip;]\" \/>\n<meta property=\"og:url\" content=\"https:\/\/www.muyjujuy.com\/index.php\/2025\/07\/25\/conciencia-animal-concreto-mas-de-4-mil-castraciones-desde-abril\/\" \/>\n<meta property=\"og:site_name\" content=\"Muy Jujuy\" \/>\n<meta property=\"article:publisher\" content=\"https:\/\/www.facebook.com\/muyjujuycom\" \/>\n<meta property=\"article:published_time\" content=\"2025-07-25T14:51:25+00:00\" \/>\n<meta name=\"author\" content=\"admin\" \/>\n<meta name=\"twitter:card\" content=\"summary_large_image\" \/>\n<meta name=\"twitter:creator\" content=\"@muyjujuy\" \/>\n<meta name=\"twitter:site\" content=\"@muyjujuy\" \/>\n<meta name=\"twitter:label1\" content=\"Escrito por\" \/>\n\t<meta name=\"twitter:data1\" content=\"admin\" \/>\n\t<meta name=\"twitter:label2\" content=\"Tiempo de lectura\" \/>\n\t<meta name=\"twitter:data2\" content=\"1 minuto\" \/>\n<script type=\"application\/ld+json\" class=\"yoast-schema-graph\">{\"@context\":\"https:\\\/\\\/schema.org\",\"@graph\":[{\"@type\":\"Article\",\"@id\":\"https:\\\/\\\/www.muyjujuy.com\\\/index.php\\\/2025\\\/07\\\/25\\\/conciencia-animal-concreto-mas-de-4-mil-castraciones-desde-abril\\\/#article\",\"isPartOf\":{\"@id\":\"https:\\\/\\\/www.muyjujuy.com\\\/index.php\\\/2025\\\/07\\\/25\\\/conciencia-animal-concreto-mas-de-4-mil-castraciones-desde-abril\\\/\"},\"author\":{\"name\":\"admin\",\"@id\":\"https:\\\/\\\/www.muyjujuy.com\\\/#\\\/schema\\\/person\\\/a3b63db1f387ec4149299954904c5bf0\"},\"headline\":\"Conciencia Animal concret\u00f3 m\u00e1s de 4 mil castraciones desde abril\",\"datePublished\":\"2025-07-25T14:51:25+00:00\",\"mainEntityOfPage\":{\"@id\":\"https:\\\/\\\/www.muyjujuy.com\\\/index.php\\\/2025\\\/07\\\/25\\\/conciencia-animal-concreto-mas-de-4-mil-castraciones-desde-abril\\\/\"},\"wordCount\":217,\"commentCount\":0,\"publisher\":{\"@id\":\"https:\\\/\\\/www.muyjujuy.com\\\/#organization\"},\"image\":{\"@id\":\"https:\\\/\\\/www.muyjujuy.com\\\/index.php\\\/2025\\\/07\\\/25\\\/conciencia-animal-concreto-mas-de-4-mil-castraciones-desde-abril\\\/#primaryimage\"},\"thumbnailUrl\":\"https:\\\/\\\/www.muyjujuy.com\\\/wp-content\\\/uploads\\\/2025\\\/07\\\/CASTRACION.jpg\",\"articleSection\":[\"JUJUY\",\"Sociedad\"],\"inLanguage\":\"es-AR\",\"potentialAction\":[{\"@type\":\"CommentAction\",\"name\":\"Comment\",\"target\":[\"https:\\\/\\\/www.muyjujuy.com\\\/index.php\\\/2025\\\/07\\\/25\\\/conciencia-animal-concreto-mas-de-4-mil-castraciones-desde-abril\\\/#respond\"]}]},{\"@type\":\"WebPage\",\"@id\":\"https:\\\/\\\/www.muyjujuy.com\\\/index.php\\\/2025\\\/07\\\/25\\\/conciencia-animal-concreto-mas-de-4-mil-castraciones-desde-abril\\\/\",\"url\":\"https:\\\/\\\/www.muyjujuy.com\\\/index.php\\\/2025\\\/07\\\/25\\\/conciencia-animal-concreto-mas-de-4-mil-castraciones-desde-abril\\\/\",\"name\":\"Conciencia Animal concret\u00f3 m\u00e1s de 4 mil castraciones desde abril - Muy Jujuy\",\"isPartOf\":{\"@id\":\"https:\\\/\\\/www.muyjujuy.com\\\/#website\"},\"primaryImageOfPage\":{\"@id\":\"https:\\\/\\\/www.muyjujuy.com\\\/index.php\\\/2025\\\/07\\\/25\\\/conciencia-animal-concreto-mas-de-4-mil-castraciones-desde-abril\\\/#primaryimage\"},\"image\":{\"@id\":\"https:\\\/\\\/www.muyjujuy.com\\\/index.php\\\/2025\\\/07\\\/25\\\/conciencia-animal-concreto-mas-de-4-mil-castraciones-desde-abril\\\/#primaryimage\"},\"thumbnailUrl\":\"https:\\\/\\\/www.muyjujuy.com\\\/wp-content\\\/uploads\\\/2025\\\/07\\\/CASTRACION.jpg\",\"datePublished\":\"2025-07-25T14:51:25+00:00\",\"breadcrumb\":{\"@id\":\"https:\\\/\\\/www.muyjujuy.com\\\/index.php\\\/2025\\\/07\\\/25\\\/conciencia-animal-concreto-mas-de-4-mil-castraciones-desde-abril\\\/#breadcrumb\"},\"inLanguage\":\"es-AR\",\"potentialAction\":[{\"@type\":\"ReadAction\",\"target\":[\"https:\\\/\\\/www.muyjujuy.com\\\/index.php\\\/2025\\\/07\\\/25\\\/conciencia-animal-concreto-mas-de-4-mil-castraciones-desde-abril\\\/\"]}]},{\"@type\":\"ImageObject\",\"inLanguage\":\"es-AR\",\"@id\":\"https:\\\/\\\/www.muyjujuy.com\\\/index.php\\\/2025\\\/07\\\/25\\\/conciencia-animal-concreto-mas-de-4-mil-castraciones-desde-abril\\\/#primaryimage\",\"url\":\"https:\\\/\\\/www.muyjujuy.com\\\/wp-content\\\/uploads\\\/2025\\\/07\\\/CASTRACION.jpg\",\"contentUrl\":\"https:\\\/\\\/www.muyjujuy.com\\\/wp-content\\\/uploads\\\/2025\\\/07\\\/CASTRACION.jpg\",\"width\":955,\"height\":536},{\"@type\":\"BreadcrumbList\",\"@id\":\"https:\\\/\\\/www.muyjujuy.com\\\/index.php\\\/2025\\\/07\\\/25\\\/conciencia-animal-concreto-mas-de-4-mil-castraciones-desde-abril\\\/#breadcrumb\",\"itemListElement\":[{\"@type\":\"ListItem\",\"position\":1,\"name\":\"Inicio\",\"item\":\"https:\\\/\\\/www.muyjujuy.com\\\/\"},{\"@type\":\"ListItem\",\"position\":2,\"name\":\"Conciencia Animal concret\u00f3 m\u00e1s de 4 mil castraciones desde abril\"}]},{\"@type\":\"WebSite\",\"@id\":\"https:\\\/\\\/www.muyjujuy.com\\\/#website\",\"url\":\"https:\\\/\\\/www.muyjujuy.com\\\/\",\"name\":\"Muy Jujuy\",\"description\":\"\",\"publisher\":{\"@id\":\"https:\\\/\\\/www.muyjujuy.com\\\/#organization\"},\"potentialAction\":[{\"@type\":\"SearchAction\",\"target\":{\"@type\":\"EntryPoint\",\"urlTemplate\":\"https:\\\/\\\/www.muyjujuy.com\\\/?s={search_term_string}\"},\"query-input\":{\"@type\":\"PropertyValueSpecification\",\"valueRequired\":true,\"valueName\":\"search_term_string\"}}],\"inLanguage\":\"es-AR\"},{\"@type\":\"Organization\",\"@id\":\"https:\\\/\\\/www.muyjujuy.com\\\/#organization\",\"name\":\"Muy Jujuy\",\"url\":\"https:\\\/\\\/www.muyjujuy.com\\\/\",\"logo\":{\"@type\":\"ImageObject\",\"inLanguage\":\"es-AR\",\"@id\":\"https:\\\/\\\/www.muyjujuy.com\\\/#\\\/schema\\\/logo\\\/image\\\/\",\"url\":\"http:\\\/\\\/www.muyjujuy.com\\\/wp-content\\\/uploads\\\/2022\\\/05\\\/logo-mobil-jujuy.png\",\"contentUrl\":\"http:\\\/\\\/www.muyjujuy.com\\\/wp-content\\\/uploads\\\/2022\\\/05\\\/logo-mobil-jujuy.png\",\"width\":174,\"height\":81,\"caption\":\"Muy Jujuy\"},\"image\":{\"@id\":\"https:\\\/\\\/www.muyjujuy.com\\\/#\\\/schema\\\/logo\\\/image\\\/\"},\"sameAs\":[\"https:\\\/\\\/www.facebook.com\\\/muyjujuycom\",\"https:\\\/\\\/x.com\\\/muyjujuy\",\"https:\\\/\\\/www.instagram.com\\\/muyjujuycom\"]},{\"@type\":\"Person\",\"@id\":\"https:\\\/\\\/www.muyjujuy.com\\\/#\\\/schema\\\/person\\\/a3b63db1f387ec4149299954904c5bf0\",\"name\":\"admin\",\"image\":{\"@type\":\"ImageObject\",\"inLanguage\":\"es-AR\",\"@id\":\"https:\\\/\\\/secure.gravatar.com\\\/avatar\\\/b6e63d8d3a73633362405a0ad27e9c28391755813b59886f19a99d6cef8a03fc?s=96&d=mm&r=g\",\"url\":\"https:\\\/\\\/secure.gravatar.com\\\/avatar\\\/b6e63d8d3a73633362405a0ad27e9c28391755813b59886f19a99d6cef8a03fc?s=96&d=mm&r=g\",\"contentUrl\":\"https:\\\/\\\/secure.gravatar.com\\\/avatar\\\/b6e63d8d3a73633362405a0ad27e9c28391755813b59886f19a99d6cef8a03fc?s=96&d=mm&r=g\",\"caption\":\"admin\"},\"url\":\"https:\\\/\\\/www.muyjujuy.com\\\/index.php\\\/author\\\/soyeleditor\\\/\"}]}<\/script>\n<!-- \/ Yoast SEO plugin. -->","yoast_head_json":{"title":"Conciencia Animal concret\u00f3 m\u00e1s de 4 mil castraciones desde abril - Muy Jujuy","robots":{"index":"index","follow":"follow","max-snippet":"max-snippet:-1","max-image-preview":"max-image-preview:large","max-video-preview":"max-video-preview:-1"},"canonical":"https:\/\/www.muyjujuy.com\/index.php\/2025\/07\/25\/conciencia-animal-concreto-mas-de-4-mil-castraciones-desde-abril\/","og_locale":"es_ES","og_type":"article","og_title":"Conciencia Animal concret\u00f3 m\u00e1s de 4 mil castraciones desde abril - Muy Jujuy","og_description":"El proyecto Conciencia Animal inform\u00f3 los avances alcanzados en el marco de la iniciativa de castraciones y vacunaci\u00f3n antirr\u00e1bica masiva y gratuita para perros y gatos. Raquel Moreno, integrante del proyecto, destac\u00f3 los resultados obtenidos desde el mes de abril en las distintas jornadas de esterilizaci\u00f3n y vacunaci\u00f3n antirr\u00e1bica realizadas en la provincia. \u201cDesde el [&hellip;]","og_url":"https:\/\/www.muyjujuy.com\/index.php\/2025\/07\/25\/conciencia-animal-concreto-mas-de-4-mil-castraciones-desde-abril\/","og_site_name":"Muy Jujuy","article_publisher":"https:\/\/www.facebook.com\/muyjujuycom","article_published_time":"2025-07-25T14:51:25+00:00","author":"admin","twitter_card":"summary_large_image","twitter_creator":"@muyjujuy","twitter_site":"@muyjujuy","twitter_misc":{"Escrito por":"admin","Tiempo de lectura":"1 minuto"},"schema":{"@context":"https:\/\/schema.org","@graph":[{"@type":"Article","@id":"https:\/\/www.muyjujuy.com\/index.php\/2025\/07\/25\/conciencia-animal-concreto-mas-de-4-mil-castraciones-desde-abril\/#article","isPartOf":{"@id":"https:\/\/www.muyjujuy.com\/index.php\/2025\/07\/25\/conciencia-animal-concreto-mas-de-4-mil-castraciones-desde-abril\/"},"author":{"name":"admin","@id":"https:\/\/www.muyjujuy.com\/#\/schema\/person\/a3b63db1f387ec4149299954904c5bf0"},"headline":"Conciencia Animal concret\u00f3 m\u00e1s de 4 mil castraciones desde abril","datePublished":"2025-07-25T14:51:25+00:00","mainEntityOfPage":{"@id":"https:\/\/www.muyjujuy.com\/index.php\/2025\/07\/25\/conciencia-animal-concreto-mas-de-4-mil-castraciones-desde-abril\/"},"wordCount":217,"commentCount":0,"publisher":{"@id":"https:\/\/www.muyjujuy.com\/#organization"},"image":{"@id":"https:\/\/www.muyjujuy.com\/index.php\/2025\/07\/25\/conciencia-animal-concreto-mas-de-4-mil-castraciones-desde-abril\/#primaryimage"},"thumbnailUrl":"https:\/\/www.muyjujuy.com\/wp-content\/uploads\/2025\/07\/CASTRACION.jpg","articleSection":["JUJUY","Sociedad"],"inLanguage":"es-AR","potentialAction":[{"@type":"CommentAction","name":"Comment","target":["https:\/\/www.muyjujuy.com\/index.php\/2025\/07\/25\/conciencia-animal-concreto-mas-de-4-mil-castraciones-desde-abril\/#respond"]}]},{"@type":"WebPage","@id":"https:\/\/www.muyjujuy.com\/index.php\/2025\/07\/25\/conciencia-animal-concreto-mas-de-4-mil-castraciones-desde-abril\/","url":"https:\/\/www.muyjujuy.com\/index.php\/2025\/07\/25\/conciencia-animal-concreto-mas-de-4-mil-castraciones-desde-abril\/","name":"Conciencia Animal concret\u00f3 m\u00e1s de 4 mil castraciones desde abril - Muy Jujuy","isPartOf":{"@id":"https:\/\/www.muyjujuy.com\/#website"},"primaryImageOfPage":{"@id":"https:\/\/www.muyjujuy.com\/index.php\/2025\/07\/25\/conciencia-animal-concreto-mas-de-4-mil-castraciones-desde-abril\/#primaryimage"},"image":{"@id":"https:\/\/www.muyjujuy.com\/index.php\/2025\/07\/25\/conciencia-animal-concreto-mas-de-4-mil-castraciones-desde-abril\/#primaryimage"},"thumbnailUrl":"https:\/\/www.muyjujuy.com\/wp-content\/uploads\/2025\/07\/CASTRACION.jpg","datePublished":"2025-07-25T14:51:25+00:00","breadcrumb":{"@id":"https:\/\/www.muyjujuy.com\/index.php\/2025\/07\/25\/conciencia-animal-concreto-mas-de-4-mil-castraciones-desde-abril\/#breadcrumb"},"inLanguage":"es-AR","potentialAction":[{"@type":"ReadAction","target":["https:\/\/www.muyjujuy.com\/index.php\/2025\/07\/25\/conciencia-animal-concreto-mas-de-4-mil-castraciones-desde-abril\/"]}]},{"@type":"ImageObject","inLanguage":"es-AR","@id":"https:\/\/www.muyjujuy.com\/index.php\/2025\/07\/25\/conciencia-animal-concreto-mas-de-4-mil-castraciones-desde-abril\/#primaryimage","url":"https:\/\/www.muyjujuy.com\/wp-content\/uploads\/2025\/07\/CASTRACION.jpg","contentUrl":"https:\/\/www.muyjujuy.com\/wp-content\/uploads\/2025\/07\/CASTRACION.jpg","width":955,"height":536},{"@type":"BreadcrumbList","@id":"https:\/\/www.muyjujuy.com\/index.php\/2025\/07\/25\/conciencia-animal-concreto-mas-de-4-mil-castraciones-desde-abril\/#breadcrumb","itemListElement":[{"@type":"ListItem","position":1,"name":"Inicio","item":"https:\/\/www.muyjujuy.com\/"},{"@type":"ListItem","position":2,"name":"Conciencia Animal concret\u00f3 m\u00e1s de 4 mil castraciones desde abril"}]},{"@type":"WebSite","@id":"https:\/\/www.muyjujuy.com\/#website","url":"https:\/\/www.muyjujuy.com\/","name":"Muy Jujuy","description":"","publisher":{"@id":"https:\/\/www.muyjujuy.com\/#organization"},"potentialAction":[{"@type":"SearchAction","target":{"@type":"EntryPoint","urlTemplate":"https:\/\/www.muyjujuy.com\/?s={search_term_string}"},"query-input":{"@type":"PropertyValueSpecification","valueRequired":true,"valueName":"search_term_string"}}],"inLanguage":"es-AR"},{"@type":"Organization","@id":"https:\/\/www.muyjujuy.com\/#organization","name":"Muy Jujuy","url":"https:\/\/www.muyjujuy.com\/","logo":{"@type":"ImageObject","inLanguage":"es-AR","@id":"https:\/\/www.muyjujuy.com\/#\/schema\/logo\/image\/","url":"http:\/\/www.muyjujuy.com\/wp-content\/uploads\/2022\/05\/logo-mobil-jujuy.png","contentUrl":"http:\/\/www.muyjujuy.com\/wp-content\/uploads\/2022\/05\/logo-mobil-jujuy.png","width":174,"height":81,"caption":"Muy Jujuy"},"image":{"@id":"https:\/\/www.muyjujuy.com\/#\/schema\/logo\/image\/"},"sameAs":["https:\/\/www.facebook.com\/muyjujuycom","https:\/\/x.com\/muyjujuy","https:\/\/www.instagram.com\/muyjujuycom"]},{"@type":"Person","@id":"https:\/\/www.muyjujuy.com\/#\/schema\/person\/a3b63db1f387ec4149299954904c5bf0","name":"admin","image":{"@type":"ImageObject","inLanguage":"es-AR","@id":"https:\/\/secure.gravatar.com\/avatar\/b6e63d8d3a73633362405a0ad27e9c28391755813b59886f19a99d6cef8a03fc?s=96&d=mm&r=g","url":"https:\/\/secure.gravatar.com\/avatar\/b6e63d8d3a73633362405a0ad27e9c28391755813b59886f19a99d6cef8a03fc?s=96&d=mm&r=g","contentUrl":"https:\/\/secure.gravatar.com\/avatar\/b6e63d8d3a73633362405a0ad27e9c28391755813b59886f19a99d6cef8a03fc?s=96&d=mm&r=g","caption":"admin"},"url":"https:\/\/www.muyjujuy.com\/index.php\/author\/soyeleditor\/"}]}},"_links":{"self":[{"href":"https:\/\/www.muyjujuy.com\/index.php\/wp-json\/wp\/v2\/posts\/2737","targetHints":{"allow":["GET"]}}],"collection":[{"href":"https:\/\/www.muyjujuy.com\/index.php\/wp-json\/wp\/v2\/posts"}],"about":[{"href":"https:\/\/www.muyjujuy.com\/index.php\/wp-json\/wp\/v2\/types\/post"}],"author":[{"embeddable":true,"href":"https:\/\/www.muyjujuy.com\/index.php\/wp-json\/wp\/v2\/users\/1"}],"replies":[{"embeddable":true,"href":"https:\/\/www.muyjujuy.com\/index.php\/wp-json\/wp\/v2\/comments?post=2737"}],"version-history":[{"count":1,"href":"https:\/\/www.muyjujuy.com\/index.php\/wp-json\/wp\/v2\/posts\/2737\/revisions"}],"predecessor-version":[{"id":2739,"href":"https:\/\/www.muyjujuy.com\/index.php\/wp-json\/wp\/v2\/posts\/2737\/revisions\/2739"}],"wp:featuredmedia":[{"embeddable":true,"href":"https:\/\/www.muyjujuy.com\/index.php\/wp-json\/wp\/v2\/media\/2738"}],"wp:attachment":[{"href":"https:\/\/www.muyjujuy.com\/index.php\/wp-json\/wp\/v2\/media?parent=2737"}],"wp:term":[{"taxonomy":"category","embeddable":true,"href":"https:\/\/www.muyjujuy.com\/index.php\/wp-json\/wp\/v2\/categories?post=2737"},{"taxonomy":"post_tag","embeddable":true,"href":"https:\/\/www.muyjujuy.com\/index.php\/wp-json\/wp\/v2\/tags?post=2737"}],"curies":[{"name":"wp","href":"https:\/\/api.w.org\/{rel}","templated":true}]}}