{"id":2743,"date":"2025-07-28T12:13:34","date_gmt":"2025-07-28T15:13:34","guid":{"rendered":"https:\/\/www.muyjujuy.com\/?p=2743"},"modified":"2025-07-28T12:13:34","modified_gmt":"2025-07-28T15:13:34","slug":"el-cronograma-de-pago-para-la-administracion-publica-provincial-comienza-el-viernes-1-de-agosto","status":"publish","type":"post","link":"https:\/\/www.muyjujuy.com\/index.php\/2025\/07\/28\/el-cronograma-de-pago-para-la-administracion-publica-provincial-comienza-el-viernes-1-de-agosto\/","title":{"rendered":"El cronograma de pago para la administraci\u00f3n p\u00fablica provincial comienza el viernes 1 de agosto"},"content":{"rendered":"\n<p>El <strong>Gobierno de Jujuy<\/strong> inform\u00f3 el calendario de liquidaci\u00f3n de haberes correspondiente al mes de <strong>julio<\/strong> para los trabajadores de la <strong>administraci\u00f3n p\u00fablica provincial<\/strong>.<\/p>\n\n\n\n<p>El esquema dar\u00e1 inicio el <strong>viernes 1 de agosto<\/strong> con el pago a los <strong>Veteranos de la Guerra de Malvinas<\/strong>, <strong>Polic\u00eda de la Provincia<\/strong>, <strong>Servicio Penitenciario<\/strong> y <strong>Organismos Aut\u00e1rquicos<\/strong>.<\/p>\n\n\n\n<p>La continuidad del cronograma est\u00e1 prevista para el <strong>s\u00e1bado 2 de agosto<\/strong>, incluyendo a los <strong>Municipios<\/strong>, la <strong>Administraci\u00f3n Central<\/strong>, el <strong>Ministerio de Salud<\/strong> y el <strong>Ministerio de Desarrollo Humano<\/strong>.<\/p>\n\n\n\n<p>El lunes <strong>4 de agosto<\/strong> ser\u00e1 el turno del <strong>Nivel Inicial y Primario de Educaci\u00f3n<\/strong>, as\u00ed como del <strong>Nivel Secundario y Superior<\/strong>.<\/p>\n\n\n\n<p>Finalmente, el proceso concluir\u00e1 el <strong>martes 5 de agosto<\/strong> con los pagos correspondientes a los <strong>Organismos Descentralizados<\/strong>, el <strong>Poder Judicial<\/strong>, el <strong>Poder Legislativo<\/strong>, la <strong>Auditor\u00eda General<\/strong> y los <strong>Funcionarios<\/strong>.<\/p>\n\n\n\n<p>Preguntar a ChatGPT<\/p>\n","protected":false},"excerpt":{"rendered":"<p>El Gobierno de Jujuy inform\u00f3 el calendario de liquidaci\u00f3n de haberes correspondiente al mes de julio para los trabajadores de la administraci\u00f3n p\u00fablica provincial. El esquema dar\u00e1 inicio el viernes 1 de agosto con el pago a los Veteranos de la Guerra de Malvinas, Polic\u00eda de la Provincia, Servicio Penitenciario y Organismos Aut\u00e1rquicos. La continuidad [&hellip;]<\/p>\n","protected":false},"author":1,"featured_media":2744,"comment_status":"open","ping_status":"open","sticky":false,"template":"","format":"standard","meta":{"footnotes":""},"categories":[863,25],"tags":[],"class_list":{"0":"post-2743","1":"post","2":"type-post","3":"status-publish","4":"format-standard","5":"has-post-thumbnail","7":"category-jujuy","8":"category-sociedad"},"yoast_head":"<!-- This site is optimized with the Yoast SEO plugin v27.5 - https:\/\/yoast.com\/product\/yoast-seo-wordpress\/ -->\n<title>El cronograma de pago para la administraci\u00f3n p\u00fablica provincial comienza el viernes 1 de agosto - Muy Jujuy<\/title>\n<meta name=\"robots\" content=\"index, follow, max-snippet:-1, max-image-preview:large, max-video-preview:-1\" \/>\n<link rel=\"canonical\" href=\"https:\/\/www.muyjujuy.com\/index.php\/2025\/07\/28\/el-cronograma-de-pago-para-la-administracion-publica-provincial-comienza-el-viernes-1-de-agosto\/\" \/>\n<meta property=\"og:locale\" content=\"es_ES\" \/>\n<meta property=\"og:type\" content=\"article\" \/>\n<meta property=\"og:title\" content=\"El cronograma de pago para la administraci\u00f3n p\u00fablica provincial comienza el viernes 1 de agosto - Muy Jujuy\" \/>\n<meta property=\"og:description\" content=\"El Gobierno de Jujuy inform\u00f3 el calendario de liquidaci\u00f3n de haberes correspondiente al mes de julio para los trabajadores de la administraci\u00f3n p\u00fablica provincial. El esquema dar\u00e1 inicio el viernes 1 de agosto con el pago a los Veteranos de la Guerra de Malvinas, Polic\u00eda de la Provincia, Servicio Penitenciario y Organismos Aut\u00e1rquicos. La continuidad [&hellip;]\" \/>\n<meta property=\"og:url\" content=\"https:\/\/www.muyjujuy.com\/index.php\/2025\/07\/28\/el-cronograma-de-pago-para-la-administracion-publica-provincial-comienza-el-viernes-1-de-agosto\/\" \/>\n<meta property=\"og:site_name\" content=\"Muy Jujuy\" \/>\n<meta property=\"article:publisher\" content=\"https:\/\/www.facebook.com\/muyjujuycom\" \/>\n<meta property=\"article:published_time\" content=\"2025-07-28T15:13:34+00:00\" \/>\n<meta name=\"author\" content=\"admin\" \/>\n<meta name=\"twitter:card\" content=\"summary_large_image\" \/>\n<meta name=\"twitter:creator\" content=\"@muyjujuy\" \/>\n<meta name=\"twitter:site\" content=\"@muyjujuy\" \/>\n<meta name=\"twitter:label1\" content=\"Escrito por\" \/>\n\t<meta name=\"twitter:data1\" content=\"admin\" \/>\n\t<meta name=\"twitter:label2\" content=\"Tiempo de lectura\" \/>\n\t<meta name=\"twitter:data2\" content=\"1 minuto\" \/>\n<script type=\"application\/ld+json\" class=\"yoast-schema-graph\">{\"@context\":\"https:\\\/\\\/schema.org\",\"@graph\":[{\"@type\":\"Article\",\"@id\":\"https:\\\/\\\/www.muyjujuy.com\\\/index.php\\\/2025\\\/07\\\/28\\\/el-cronograma-de-pago-para-la-administracion-publica-provincial-comienza-el-viernes-1-de-agosto\\\/#article\",\"isPartOf\":{\"@id\":\"https:\\\/\\\/www.muyjujuy.com\\\/index.php\\\/2025\\\/07\\\/28\\\/el-cronograma-de-pago-para-la-administracion-publica-provincial-comienza-el-viernes-1-de-agosto\\\/\"},\"author\":{\"name\":\"admin\",\"@id\":\"https:\\\/\\\/www.muyjujuy.com\\\/#\\\/schema\\\/person\\\/a3b63db1f387ec4149299954904c5bf0\"},\"headline\":\"El cronograma de pago para la administraci\u00f3n p\u00fablica provincial comienza el viernes 1 de agosto\",\"datePublished\":\"2025-07-28T15:13:34+00:00\",\"mainEntityOfPage\":{\"@id\":\"https:\\\/\\\/www.muyjujuy.com\\\/index.php\\\/2025\\\/07\\\/28\\\/el-cronograma-de-pago-para-la-administracion-publica-provincial-comienza-el-viernes-1-de-agosto\\\/\"},\"wordCount\":157,\"commentCount\":0,\"publisher\":{\"@id\":\"https:\\\/\\\/www.muyjujuy.com\\\/#organization\"},\"image\":{\"@id\":\"https:\\\/\\\/www.muyjujuy.com\\\/index.php\\\/2025\\\/07\\\/28\\\/el-cronograma-de-pago-para-la-administracion-publica-provincial-comienza-el-viernes-1-de-agosto\\\/#primaryimage\"},\"thumbnailUrl\":\"https:\\\/\\\/www.muyjujuy.com\\\/wp-content\\\/uploads\\\/2025\\\/07\\\/JUJUY-5.jpg\",\"articleSection\":[\"JUJUY\",\"Sociedad\"],\"inLanguage\":\"es-AR\",\"potentialAction\":[{\"@type\":\"CommentAction\",\"name\":\"Comment\",\"target\":[\"https:\\\/\\\/www.muyjujuy.com\\\/index.php\\\/2025\\\/07\\\/28\\\/el-cronograma-de-pago-para-la-administracion-publica-provincial-comienza-el-viernes-1-de-agosto\\\/#respond\"]}]},{\"@type\":\"WebPage\",\"@id\":\"https:\\\/\\\/www.muyjujuy.com\\\/index.php\\\/2025\\\/07\\\/28\\\/el-cronograma-de-pago-para-la-administracion-publica-provincial-comienza-el-viernes-1-de-agosto\\\/\",\"url\":\"https:\\\/\\\/www.muyjujuy.com\\\/index.php\\\/2025\\\/07\\\/28\\\/el-cronograma-de-pago-para-la-administracion-publica-provincial-comienza-el-viernes-1-de-agosto\\\/\",\"name\":\"El cronograma de pago para la administraci\u00f3n p\u00fablica provincial comienza el viernes 1 de agosto - Muy Jujuy\",\"isPartOf\":{\"@id\":\"https:\\\/\\\/www.muyjujuy.com\\\/#website\"},\"primaryImageOfPage\":{\"@id\":\"https:\\\/\\\/www.muyjujuy.com\\\/index.php\\\/2025\\\/07\\\/28\\\/el-cronograma-de-pago-para-la-administracion-publica-provincial-comienza-el-viernes-1-de-agosto\\\/#primaryimage\"},\"image\":{\"@id\":\"https:\\\/\\\/www.muyjujuy.com\\\/index.php\\\/2025\\\/07\\\/28\\\/el-cronograma-de-pago-para-la-administracion-publica-provincial-comienza-el-viernes-1-de-agosto\\\/#primaryimage\"},\"thumbnailUrl\":\"https:\\\/\\\/www.muyjujuy.com\\\/wp-content\\\/uploads\\\/2025\\\/07\\\/JUJUY-5.jpg\",\"datePublished\":\"2025-07-28T15:13:34+00:00\",\"breadcrumb\":{\"@id\":\"https:\\\/\\\/www.muyjujuy.com\\\/index.php\\\/2025\\\/07\\\/28\\\/el-cronograma-de-pago-para-la-administracion-publica-provincial-comienza-el-viernes-1-de-agosto\\\/#breadcrumb\"},\"inLanguage\":\"es-AR\",\"potentialAction\":[{\"@type\":\"ReadAction\",\"target\":[\"https:\\\/\\\/www.muyjujuy.com\\\/index.php\\\/2025\\\/07\\\/28\\\/el-cronograma-de-pago-para-la-administracion-publica-provincial-comienza-el-viernes-1-de-agosto\\\/\"]}]},{\"@type\":\"ImageObject\",\"inLanguage\":\"es-AR\",\"@id\":\"https:\\\/\\\/www.muyjujuy.com\\\/index.php\\\/2025\\\/07\\\/28\\\/el-cronograma-de-pago-para-la-administracion-publica-provincial-comienza-el-viernes-1-de-agosto\\\/#primaryimage\",\"url\":\"https:\\\/\\\/www.muyjujuy.com\\\/wp-content\\\/uploads\\\/2025\\\/07\\\/JUJUY-5.jpg\",\"contentUrl\":\"https:\\\/\\\/www.muyjujuy.com\\\/wp-content\\\/uploads\\\/2025\\\/07\\\/JUJUY-5.jpg\",\"width\":929,\"height\":535},{\"@type\":\"BreadcrumbList\",\"@id\":\"https:\\\/\\\/www.muyjujuy.com\\\/index.php\\\/2025\\\/07\\\/28\\\/el-cronograma-de-pago-para-la-administracion-publica-provincial-comienza-el-viernes-1-de-agosto\\\/#breadcrumb\",\"itemListElement\":[{\"@type\":\"ListItem\",\"position\":1,\"name\":\"Inicio\",\"item\":\"https:\\\/\\\/www.muyjujuy.com\\\/\"},{\"@type\":\"ListItem\",\"position\":2,\"name\":\"El cronograma de pago para la administraci\u00f3n p\u00fablica provincial comienza el viernes 1 de agosto\"}]},{\"@type\":\"WebSite\",\"@id\":\"https:\\\/\\\/www.muyjujuy.com\\\/#website\",\"url\":\"https:\\\/\\\/www.muyjujuy.com\\\/\",\"name\":\"Muy Jujuy\",\"description\":\"\",\"publisher\":{\"@id\":\"https:\\\/\\\/www.muyjujuy.com\\\/#organization\"},\"potentialAction\":[{\"@type\":\"SearchAction\",\"target\":{\"@type\":\"EntryPoint\",\"urlTemplate\":\"https:\\\/\\\/www.muyjujuy.com\\\/?s={search_term_string}\"},\"query-input\":{\"@type\":\"PropertyValueSpecification\",\"valueRequired\":true,\"valueName\":\"search_term_string\"}}],\"inLanguage\":\"es-AR\"},{\"@type\":\"Organization\",\"@id\":\"https:\\\/\\\/www.muyjujuy.com\\\/#organization\",\"name\":\"Muy Jujuy\",\"url\":\"https:\\\/\\\/www.muyjujuy.com\\\/\",\"logo\":{\"@type\":\"ImageObject\",\"inLanguage\":\"es-AR\",\"@id\":\"https:\\\/\\\/www.muyjujuy.com\\\/#\\\/schema\\\/logo\\\/image\\\/\",\"url\":\"http:\\\/\\\/www.muyjujuy.com\\\/wp-content\\\/uploads\\\/2022\\\/05\\\/logo-mobil-jujuy.png\",\"contentUrl\":\"http:\\\/\\\/www.muyjujuy.com\\\/wp-content\\\/uploads\\\/2022\\\/05\\\/logo-mobil-jujuy.png\",\"width\":174,\"height\":81,\"caption\":\"Muy Jujuy\"},\"image\":{\"@id\":\"https:\\\/\\\/www.muyjujuy.com\\\/#\\\/schema\\\/logo\\\/image\\\/\"},\"sameAs\":[\"https:\\\/\\\/www.facebook.com\\\/muyjujuycom\",\"https:\\\/\\\/x.com\\\/muyjujuy\",\"https:\\\/\\\/www.instagram.com\\\/muyjujuycom\"]},{\"@type\":\"Person\",\"@id\":\"https:\\\/\\\/www.muyjujuy.com\\\/#\\\/schema\\\/person\\\/a3b63db1f387ec4149299954904c5bf0\",\"name\":\"admin\",\"image\":{\"@type\":\"ImageObject\",\"inLanguage\":\"es-AR\",\"@id\":\"https:\\\/\\\/secure.gravatar.com\\\/avatar\\\/b6e63d8d3a73633362405a0ad27e9c28391755813b59886f19a99d6cef8a03fc?s=96&d=mm&r=g\",\"url\":\"https:\\\/\\\/secure.gravatar.com\\\/avatar\\\/b6e63d8d3a73633362405a0ad27e9c28391755813b59886f19a99d6cef8a03fc?s=96&d=mm&r=g\",\"contentUrl\":\"https:\\\/\\\/secure.gravatar.com\\\/avatar\\\/b6e63d8d3a73633362405a0ad27e9c28391755813b59886f19a99d6cef8a03fc?s=96&d=mm&r=g\",\"caption\":\"admin\"},\"url\":\"https:\\\/\\\/www.muyjujuy.com\\\/index.php\\\/author\\\/soyeleditor\\\/\"}]}<\/script>\n<!-- \/ Yoast SEO plugin. -->","yoast_head_json":{"title":"El cronograma de pago para la administraci\u00f3n p\u00fablica provincial comienza el viernes 1 de agosto - Muy Jujuy","robots":{"index":"index","follow":"follow","max-snippet":"max-snippet:-1","max-image-preview":"max-image-preview:large","max-video-preview":"max-video-preview:-1"},"canonical":"https:\/\/www.muyjujuy.com\/index.php\/2025\/07\/28\/el-cronograma-de-pago-para-la-administracion-publica-provincial-comienza-el-viernes-1-de-agosto\/","og_locale":"es_ES","og_type":"article","og_title":"El cronograma de pago para la administraci\u00f3n p\u00fablica provincial comienza el viernes 1 de agosto - Muy Jujuy","og_description":"El Gobierno de Jujuy inform\u00f3 el calendario de liquidaci\u00f3n de haberes correspondiente al mes de julio para los trabajadores de la administraci\u00f3n p\u00fablica provincial. El esquema dar\u00e1 inicio el viernes 1 de agosto con el pago a los Veteranos de la Guerra de Malvinas, Polic\u00eda de la Provincia, Servicio Penitenciario y Organismos Aut\u00e1rquicos. La continuidad [&hellip;]","og_url":"https:\/\/www.muyjujuy.com\/index.php\/2025\/07\/28\/el-cronograma-de-pago-para-la-administracion-publica-provincial-comienza-el-viernes-1-de-agosto\/","og_site_name":"Muy Jujuy","article_publisher":"https:\/\/www.facebook.com\/muyjujuycom","article_published_time":"2025-07-28T15:13:34+00:00","author":"admin","twitter_card":"summary_large_image","twitter_creator":"@muyjujuy","twitter_site":"@muyjujuy","twitter_misc":{"Escrito por":"admin","Tiempo de lectura":"1 minuto"},"schema":{"@context":"https:\/\/schema.org","@graph":[{"@type":"Article","@id":"https:\/\/www.muyjujuy.com\/index.php\/2025\/07\/28\/el-cronograma-de-pago-para-la-administracion-publica-provincial-comienza-el-viernes-1-de-agosto\/#article","isPartOf":{"@id":"https:\/\/www.muyjujuy.com\/index.php\/2025\/07\/28\/el-cronograma-de-pago-para-la-administracion-publica-provincial-comienza-el-viernes-1-de-agosto\/"},"author":{"name":"admin","@id":"https:\/\/www.muyjujuy.com\/#\/schema\/person\/a3b63db1f387ec4149299954904c5bf0"},"headline":"El cronograma de pago para la administraci\u00f3n p\u00fablica provincial comienza el viernes 1 de agosto","datePublished":"2025-07-28T15:13:34+00:00","mainEntityOfPage":{"@id":"https:\/\/www.muyjujuy.com\/index.php\/2025\/07\/28\/el-cronograma-de-pago-para-la-administracion-publica-provincial-comienza-el-viernes-1-de-agosto\/"},"wordCount":157,"commentCount":0,"publisher":{"@id":"https:\/\/www.muyjujuy.com\/#organization"},"image":{"@id":"https:\/\/www.muyjujuy.com\/index.php\/2025\/07\/28\/el-cronograma-de-pago-para-la-administracion-publica-provincial-comienza-el-viernes-1-de-agosto\/#primaryimage"},"thumbnailUrl":"https:\/\/www.muyjujuy.com\/wp-content\/uploads\/2025\/07\/JUJUY-5.jpg","articleSection":["JUJUY","Sociedad"],"inLanguage":"es-AR","potentialAction":[{"@type":"CommentAction","name":"Comment","target":["https:\/\/www.muyjujuy.com\/index.php\/2025\/07\/28\/el-cronograma-de-pago-para-la-administracion-publica-provincial-comienza-el-viernes-1-de-agosto\/#respond"]}]},{"@type":"WebPage","@id":"https:\/\/www.muyjujuy.com\/index.php\/2025\/07\/28\/el-cronograma-de-pago-para-la-administracion-publica-provincial-comienza-el-viernes-1-de-agosto\/","url":"https:\/\/www.muyjujuy.com\/index.php\/2025\/07\/28\/el-cronograma-de-pago-para-la-administracion-publica-provincial-comienza-el-viernes-1-de-agosto\/","name":"El cronograma de pago para la administraci\u00f3n p\u00fablica provincial comienza el viernes 1 de agosto - Muy Jujuy","isPartOf":{"@id":"https:\/\/www.muyjujuy.com\/#website"},"primaryImageOfPage":{"@id":"https:\/\/www.muyjujuy.com\/index.php\/2025\/07\/28\/el-cronograma-de-pago-para-la-administracion-publica-provincial-comienza-el-viernes-1-de-agosto\/#primaryimage"},"image":{"@id":"https:\/\/www.muyjujuy.com\/index.php\/2025\/07\/28\/el-cronograma-de-pago-para-la-administracion-publica-provincial-comienza-el-viernes-1-de-agosto\/#primaryimage"},"thumbnailUrl":"https:\/\/www.muyjujuy.com\/wp-content\/uploads\/2025\/07\/JUJUY-5.jpg","datePublished":"2025-07-28T15:13:34+00:00","breadcrumb":{"@id":"https:\/\/www.muyjujuy.com\/index.php\/2025\/07\/28\/el-cronograma-de-pago-para-la-administracion-publica-provincial-comienza-el-viernes-1-de-agosto\/#breadcrumb"},"inLanguage":"es-AR","potentialAction":[{"@type":"ReadAction","target":["https:\/\/www.muyjujuy.com\/index.php\/2025\/07\/28\/el-cronograma-de-pago-para-la-administracion-publica-provincial-comienza-el-viernes-1-de-agosto\/"]}]},{"@type":"ImageObject","inLanguage":"es-AR","@id":"https:\/\/www.muyjujuy.com\/index.php\/2025\/07\/28\/el-cronograma-de-pago-para-la-administracion-publica-provincial-comienza-el-viernes-1-de-agosto\/#primaryimage","url":"https:\/\/www.muyjujuy.com\/wp-content\/uploads\/2025\/07\/JUJUY-5.jpg","contentUrl":"https:\/\/www.muyjujuy.com\/wp-content\/uploads\/2025\/07\/JUJUY-5.jpg","width":929,"height":535},{"@type":"BreadcrumbList","@id":"https:\/\/www.muyjujuy.com\/index.php\/2025\/07\/28\/el-cronograma-de-pago-para-la-administracion-publica-provincial-comienza-el-viernes-1-de-agosto\/#breadcrumb","itemListElement":[{"@type":"ListItem","position":1,"name":"Inicio","item":"https:\/\/www.muyjujuy.com\/"},{"@type":"ListItem","position":2,"name":"El cronograma de pago para la administraci\u00f3n p\u00fablica provincial comienza el viernes 1 de agosto"}]},{"@type":"WebSite","@id":"https:\/\/www.muyjujuy.com\/#website","url":"https:\/\/www.muyjujuy.com\/","name":"Muy Jujuy","description":"","publisher":{"@id":"https:\/\/www.muyjujuy.com\/#organization"},"potentialAction":[{"@type":"SearchAction","target":{"@type":"EntryPoint","urlTemplate":"https:\/\/www.muyjujuy.com\/?s={search_term_string}"},"query-input":{"@type":"PropertyValueSpecification","valueRequired":true,"valueName":"search_term_string"}}],"inLanguage":"es-AR"},{"@type":"Organization","@id":"https:\/\/www.muyjujuy.com\/#organization","name":"Muy Jujuy","url":"https:\/\/www.muyjujuy.com\/","logo":{"@type":"ImageObject","inLanguage":"es-AR","@id":"https:\/\/www.muyjujuy.com\/#\/schema\/logo\/image\/","url":"http:\/\/www.muyjujuy.com\/wp-content\/uploads\/2022\/05\/logo-mobil-jujuy.png","contentUrl":"http:\/\/www.muyjujuy.com\/wp-content\/uploads\/2022\/05\/logo-mobil-jujuy.png","width":174,"height":81,"caption":"Muy Jujuy"},"image":{"@id":"https:\/\/www.muyjujuy.com\/#\/schema\/logo\/image\/"},"sameAs":["https:\/\/www.facebook.com\/muyjujuycom","https:\/\/x.com\/muyjujuy","https:\/\/www.instagram.com\/muyjujuycom"]},{"@type":"Person","@id":"https:\/\/www.muyjujuy.com\/#\/schema\/person\/a3b63db1f387ec4149299954904c5bf0","name":"admin","image":{"@type":"ImageObject","inLanguage":"es-AR","@id":"https:\/\/secure.gravatar.com\/avatar\/b6e63d8d3a73633362405a0ad27e9c28391755813b59886f19a99d6cef8a03fc?s=96&d=mm&r=g","url":"https:\/\/secure.gravatar.com\/avatar\/b6e63d8d3a73633362405a0ad27e9c28391755813b59886f19a99d6cef8a03fc?s=96&d=mm&r=g","contentUrl":"https:\/\/secure.gravatar.com\/avatar\/b6e63d8d3a73633362405a0ad27e9c28391755813b59886f19a99d6cef8a03fc?s=96&d=mm&r=g","caption":"admin"},"url":"https:\/\/www.muyjujuy.com\/index.php\/author\/soyeleditor\/"}]}},"_links":{"self":[{"href":"https:\/\/www.muyjujuy.com\/index.php\/wp-json\/wp\/v2\/posts\/2743","targetHints":{"allow":["GET"]}}],"collection":[{"href":"https:\/\/www.muyjujuy.com\/index.php\/wp-json\/wp\/v2\/posts"}],"about":[{"href":"https:\/\/www.muyjujuy.com\/index.php\/wp-json\/wp\/v2\/types\/post"}],"author":[{"embeddable":true,"href":"https:\/\/www.muyjujuy.com\/index.php\/wp-json\/wp\/v2\/users\/1"}],"replies":[{"embeddable":true,"href":"https:\/\/www.muyjujuy.com\/index.php\/wp-json\/wp\/v2\/comments?post=2743"}],"version-history":[{"count":1,"href":"https:\/\/www.muyjujuy.com\/index.php\/wp-json\/wp\/v2\/posts\/2743\/revisions"}],"predecessor-version":[{"id":2745,"href":"https:\/\/www.muyjujuy.com\/index.php\/wp-json\/wp\/v2\/posts\/2743\/revisions\/2745"}],"wp:featuredmedia":[{"embeddable":true,"href":"https:\/\/www.muyjujuy.com\/index.php\/wp-json\/wp\/v2\/media\/2744"}],"wp:attachment":[{"href":"https:\/\/www.muyjujuy.com\/index.php\/wp-json\/wp\/v2\/media?parent=2743"}],"wp:term":[{"taxonomy":"category","embeddable":true,"href":"https:\/\/www.muyjujuy.com\/index.php\/wp-json\/wp\/v2\/categories?post=2743"},{"taxonomy":"post_tag","embeddable":true,"href":"https:\/\/www.muyjujuy.com\/index.php\/wp-json\/wp\/v2\/tags?post=2743"}],"curies":[{"name":"wp","href":"https:\/\/api.w.org\/{rel}","templated":true}]}}