{"id":2746,"date":"2025-07-28T12:34:54","date_gmt":"2025-07-28T15:34:54","guid":{"rendered":"https:\/\/www.muyjujuy.com\/?p=2746"},"modified":"2025-07-28T12:34:54","modified_gmt":"2025-07-28T15:34:54","slug":"el-carmen-joven-automovilista-eludio-un-control-colisiono-contra-un-poste-y-fallecio","status":"publish","type":"post","link":"https:\/\/www.muyjujuy.com\/index.php\/2025\/07\/28\/el-carmen-joven-automovilista-eludio-un-control-colisiono-contra-un-poste-y-fallecio\/","title":{"rendered":"El Carmen: joven automovilista eludi\u00f3 un control, colision\u00f3 contra un poste y falleci\u00f3"},"content":{"rendered":"\n<p>El hecho se registr\u00f3 durante la madrugada de este lunes sobre la <strong>Ruta Provincial 42<\/strong>. En su intento de escape, el conductor colision\u00f3 contra un <strong>poste de hormig\u00f3n<\/strong>, el veh\u00edculo volc\u00f3 y el joven <strong>perdi\u00f3 la vida en el lugar<\/strong>.<\/p>\n\n\n\n<p>Un joven de <strong>24 a\u00f1os<\/strong> falleci\u00f3 en la madrugada de este lunes tras verse involucrado en un <strong>accidente de tr\u00e1nsito<\/strong> ocurrido en la <strong>Ruta Provincial 42<\/strong>, en jurisdicci\u00f3n del departamento <strong>El Carmen<\/strong>.<\/p>\n\n\n\n<p>El episodio tuvo lugar alrededor de la <strong>1:30<\/strong>, cuando efectivos de la <strong>Seccional 29 de Monterrico<\/strong> fueron alertados sobre un grupo de j\u00f3venes que se encontraban consumiendo <strong>bebidas alcoh\u00f3licas<\/strong> y provocando disturbios en la intersecci\u00f3n de <strong>avenida C\u00f3rdoba y calle Hugo Wast<\/strong> de esa localidad.<\/p>\n\n\n\n<p>Al llegar al sitio, el personal policial orden\u00f3 a los ocupantes masculinos de un veh\u00edculo <strong>Renault Fluence blanco<\/strong> que descendieran del autom\u00f3vil y pusieran fin a su conducta. <strong>Tres de los involucrados acataron la indicaci\u00f3n y descendieron<\/strong>, mientras que el conductor opt\u00f3 por <strong>desobedecer la orden y escapar del lugar<\/strong>.<\/p>\n\n\n\n<p>Durante la fuga, el joven al volante embisti\u00f3 un <strong>m\u00f3vil policial<\/strong> y un <strong>autom\u00f3vil particular<\/strong>, un <strong>Volkswagen Gol gris<\/strong>.<\/p>\n\n\n\n<p>A ra\u00edz de esta situaci\u00f3n, se inici\u00f3 una <strong>persecuci\u00f3n<\/strong>. El conductor del <strong>Renault Fluence<\/strong> continu\u00f3 su huida por avenida C\u00f3rdoba en direcci\u00f3n a la <strong>Ruta Provincial 42<\/strong>, atravesando el puesto de control de <strong>Chamical<\/strong> a gran velocidad. En ese contexto, la polic\u00eda implement\u00f3 un <strong>operativo cerrojo<\/strong> para proteger tanto a peatones como a automovilistas, as\u00ed como al propio conductor fugitivo.<\/p>\n\n\n\n<p>Instantes m\u00e1s tarde, el joven perdi\u00f3 el control del veh\u00edculo e impact\u00f3 contra un <strong>poste de alumbrado p\u00fablico de hormig\u00f3n<\/strong>, a la altura del <strong>barrio San Ignacio<\/strong>, en el ingreso a la ciudad de <strong>El Carmen<\/strong>, siempre sobre la Ruta Provincial 42. A ra\u00edz del fuerte impacto, el auto <strong>termin\u00f3 volcando<\/strong>.<\/p>\n\n\n\n<p>Como consecuencia del siniestro, el conductor de <strong>24 a\u00f1os<\/strong> <strong>falleci\u00f3 en el acto<\/strong>, seg\u00fan constat\u00f3 el <strong>personal del Same<\/strong> que se hizo presente en el lugar.<\/p>\n\n\n\n<p>El hecho es investigado por el <strong>Ministerio P\u00fablico de la Acusaci\u00f3n<\/strong>, que durante la ma\u00f1ana de este lunes dispuso la realizaci\u00f3n de las <strong>pericias correspondientes<\/strong>.<\/p>\n\n\n\n<p>Preguntar a ChatGPT<\/p>\n","protected":false},"excerpt":{"rendered":"<p>El hecho se registr\u00f3 durante la madrugada de este lunes sobre la Ruta Provincial 42. En su intento de escape, el conductor colision\u00f3 contra un poste de hormig\u00f3n, el veh\u00edculo volc\u00f3 y el joven perdi\u00f3 la vida en el lugar. Un joven de 24 a\u00f1os falleci\u00f3 en la madrugada de este lunes tras verse involucrado [&hellip;]<\/p>\n","protected":false},"author":1,"featured_media":2747,"comment_status":"open","ping_status":"open","sticky":false,"template":"","format":"standard","meta":{"footnotes":""},"categories":[863,25],"tags":[],"class_list":{"0":"post-2746","1":"post","2":"type-post","3":"status-publish","4":"format-standard","5":"has-post-thumbnail","7":"category-jujuy","8":"category-sociedad"},"yoast_head":"<!-- This site is optimized with the Yoast SEO plugin v27.5 - https:\/\/yoast.com\/product\/yoast-seo-wordpress\/ -->\n<title>El Carmen: joven automovilista eludi\u00f3 un control, colision\u00f3 contra un poste y falleci\u00f3 - Muy Jujuy<\/title>\n<meta name=\"robots\" content=\"index, follow, max-snippet:-1, max-image-preview:large, max-video-preview:-1\" \/>\n<link rel=\"canonical\" href=\"https:\/\/www.muyjujuy.com\/index.php\/2025\/07\/28\/el-carmen-joven-automovilista-eludio-un-control-colisiono-contra-un-poste-y-fallecio\/\" \/>\n<meta property=\"og:locale\" content=\"es_ES\" \/>\n<meta property=\"og:type\" content=\"article\" \/>\n<meta property=\"og:title\" content=\"El Carmen: joven automovilista eludi\u00f3 un control, colision\u00f3 contra un poste y falleci\u00f3 - Muy Jujuy\" \/>\n<meta property=\"og:description\" content=\"El hecho se registr\u00f3 durante la madrugada de este lunes sobre la Ruta Provincial 42. En su intento de escape, el conductor colision\u00f3 contra un poste de hormig\u00f3n, el veh\u00edculo volc\u00f3 y el joven perdi\u00f3 la vida en el lugar. Un joven de 24 a\u00f1os falleci\u00f3 en la madrugada de este lunes tras verse involucrado [&hellip;]\" \/>\n<meta property=\"og:url\" content=\"https:\/\/www.muyjujuy.com\/index.php\/2025\/07\/28\/el-carmen-joven-automovilista-eludio-un-control-colisiono-contra-un-poste-y-fallecio\/\" \/>\n<meta property=\"og:site_name\" content=\"Muy Jujuy\" \/>\n<meta property=\"article:publisher\" content=\"https:\/\/www.facebook.com\/muyjujuycom\" \/>\n<meta property=\"article:published_time\" content=\"2025-07-28T15:34:54+00:00\" \/>\n<meta name=\"author\" content=\"admin\" \/>\n<meta name=\"twitter:card\" content=\"summary_large_image\" \/>\n<meta name=\"twitter:creator\" content=\"@muyjujuy\" \/>\n<meta name=\"twitter:site\" content=\"@muyjujuy\" \/>\n<meta name=\"twitter:label1\" content=\"Escrito por\" \/>\n\t<meta name=\"twitter:data1\" content=\"admin\" \/>\n\t<meta name=\"twitter:label2\" content=\"Tiempo de lectura\" \/>\n\t<meta name=\"twitter:data2\" content=\"2 minutos\" \/>\n<script type=\"application\/ld+json\" class=\"yoast-schema-graph\">{\"@context\":\"https:\\\/\\\/schema.org\",\"@graph\":[{\"@type\":\"Article\",\"@id\":\"https:\\\/\\\/www.muyjujuy.com\\\/index.php\\\/2025\\\/07\\\/28\\\/el-carmen-joven-automovilista-eludio-un-control-colisiono-contra-un-poste-y-fallecio\\\/#article\",\"isPartOf\":{\"@id\":\"https:\\\/\\\/www.muyjujuy.com\\\/index.php\\\/2025\\\/07\\\/28\\\/el-carmen-joven-automovilista-eludio-un-control-colisiono-contra-un-poste-y-fallecio\\\/\"},\"author\":{\"name\":\"admin\",\"@id\":\"https:\\\/\\\/www.muyjujuy.com\\\/#\\\/schema\\\/person\\\/a3b63db1f387ec4149299954904c5bf0\"},\"headline\":\"El Carmen: joven automovilista eludi\u00f3 un control, colision\u00f3 contra un poste y falleci\u00f3\",\"datePublished\":\"2025-07-28T15:34:54+00:00\",\"mainEntityOfPage\":{\"@id\":\"https:\\\/\\\/www.muyjujuy.com\\\/index.php\\\/2025\\\/07\\\/28\\\/el-carmen-joven-automovilista-eludio-un-control-colisiono-contra-un-poste-y-fallecio\\\/\"},\"wordCount\":387,\"commentCount\":0,\"publisher\":{\"@id\":\"https:\\\/\\\/www.muyjujuy.com\\\/#organization\"},\"image\":{\"@id\":\"https:\\\/\\\/www.muyjujuy.com\\\/index.php\\\/2025\\\/07\\\/28\\\/el-carmen-joven-automovilista-eludio-un-control-colisiono-contra-un-poste-y-fallecio\\\/#primaryimage\"},\"thumbnailUrl\":\"https:\\\/\\\/www.muyjujuy.com\\\/wp-content\\\/uploads\\\/2025\\\/07\\\/CHOQUE-3.jpg\",\"articleSection\":[\"JUJUY\",\"Sociedad\"],\"inLanguage\":\"es-AR\",\"potentialAction\":[{\"@type\":\"CommentAction\",\"name\":\"Comment\",\"target\":[\"https:\\\/\\\/www.muyjujuy.com\\\/index.php\\\/2025\\\/07\\\/28\\\/el-carmen-joven-automovilista-eludio-un-control-colisiono-contra-un-poste-y-fallecio\\\/#respond\"]}]},{\"@type\":\"WebPage\",\"@id\":\"https:\\\/\\\/www.muyjujuy.com\\\/index.php\\\/2025\\\/07\\\/28\\\/el-carmen-joven-automovilista-eludio-un-control-colisiono-contra-un-poste-y-fallecio\\\/\",\"url\":\"https:\\\/\\\/www.muyjujuy.com\\\/index.php\\\/2025\\\/07\\\/28\\\/el-carmen-joven-automovilista-eludio-un-control-colisiono-contra-un-poste-y-fallecio\\\/\",\"name\":\"El Carmen: joven automovilista eludi\u00f3 un control, colision\u00f3 contra un poste y falleci\u00f3 - Muy Jujuy\",\"isPartOf\":{\"@id\":\"https:\\\/\\\/www.muyjujuy.com\\\/#website\"},\"primaryImageOfPage\":{\"@id\":\"https:\\\/\\\/www.muyjujuy.com\\\/index.php\\\/2025\\\/07\\\/28\\\/el-carmen-joven-automovilista-eludio-un-control-colisiono-contra-un-poste-y-fallecio\\\/#primaryimage\"},\"image\":{\"@id\":\"https:\\\/\\\/www.muyjujuy.com\\\/index.php\\\/2025\\\/07\\\/28\\\/el-carmen-joven-automovilista-eludio-un-control-colisiono-contra-un-poste-y-fallecio\\\/#primaryimage\"},\"thumbnailUrl\":\"https:\\\/\\\/www.muyjujuy.com\\\/wp-content\\\/uploads\\\/2025\\\/07\\\/CHOQUE-3.jpg\",\"datePublished\":\"2025-07-28T15:34:54+00:00\",\"breadcrumb\":{\"@id\":\"https:\\\/\\\/www.muyjujuy.com\\\/index.php\\\/2025\\\/07\\\/28\\\/el-carmen-joven-automovilista-eludio-un-control-colisiono-contra-un-poste-y-fallecio\\\/#breadcrumb\"},\"inLanguage\":\"es-AR\",\"potentialAction\":[{\"@type\":\"ReadAction\",\"target\":[\"https:\\\/\\\/www.muyjujuy.com\\\/index.php\\\/2025\\\/07\\\/28\\\/el-carmen-joven-automovilista-eludio-un-control-colisiono-contra-un-poste-y-fallecio\\\/\"]}]},{\"@type\":\"ImageObject\",\"inLanguage\":\"es-AR\",\"@id\":\"https:\\\/\\\/www.muyjujuy.com\\\/index.php\\\/2025\\\/07\\\/28\\\/el-carmen-joven-automovilista-eludio-un-control-colisiono-contra-un-poste-y-fallecio\\\/#primaryimage\",\"url\":\"https:\\\/\\\/www.muyjujuy.com\\\/wp-content\\\/uploads\\\/2025\\\/07\\\/CHOQUE-3.jpg\",\"contentUrl\":\"https:\\\/\\\/www.muyjujuy.com\\\/wp-content\\\/uploads\\\/2025\\\/07\\\/CHOQUE-3.jpg\",\"width\":907,\"height\":484},{\"@type\":\"BreadcrumbList\",\"@id\":\"https:\\\/\\\/www.muyjujuy.com\\\/index.php\\\/2025\\\/07\\\/28\\\/el-carmen-joven-automovilista-eludio-un-control-colisiono-contra-un-poste-y-fallecio\\\/#breadcrumb\",\"itemListElement\":[{\"@type\":\"ListItem\",\"position\":1,\"name\":\"Inicio\",\"item\":\"https:\\\/\\\/www.muyjujuy.com\\\/\"},{\"@type\":\"ListItem\",\"position\":2,\"name\":\"El Carmen: joven automovilista eludi\u00f3 un control, colision\u00f3 contra un poste y falleci\u00f3\"}]},{\"@type\":\"WebSite\",\"@id\":\"https:\\\/\\\/www.muyjujuy.com\\\/#website\",\"url\":\"https:\\\/\\\/www.muyjujuy.com\\\/\",\"name\":\"Muy Jujuy\",\"description\":\"\",\"publisher\":{\"@id\":\"https:\\\/\\\/www.muyjujuy.com\\\/#organization\"},\"potentialAction\":[{\"@type\":\"SearchAction\",\"target\":{\"@type\":\"EntryPoint\",\"urlTemplate\":\"https:\\\/\\\/www.muyjujuy.com\\\/?s={search_term_string}\"},\"query-input\":{\"@type\":\"PropertyValueSpecification\",\"valueRequired\":true,\"valueName\":\"search_term_string\"}}],\"inLanguage\":\"es-AR\"},{\"@type\":\"Organization\",\"@id\":\"https:\\\/\\\/www.muyjujuy.com\\\/#organization\",\"name\":\"Muy Jujuy\",\"url\":\"https:\\\/\\\/www.muyjujuy.com\\\/\",\"logo\":{\"@type\":\"ImageObject\",\"inLanguage\":\"es-AR\",\"@id\":\"https:\\\/\\\/www.muyjujuy.com\\\/#\\\/schema\\\/logo\\\/image\\\/\",\"url\":\"http:\\\/\\\/www.muyjujuy.com\\\/wp-content\\\/uploads\\\/2022\\\/05\\\/logo-mobil-jujuy.png\",\"contentUrl\":\"http:\\\/\\\/www.muyjujuy.com\\\/wp-content\\\/uploads\\\/2022\\\/05\\\/logo-mobil-jujuy.png\",\"width\":174,\"height\":81,\"caption\":\"Muy Jujuy\"},\"image\":{\"@id\":\"https:\\\/\\\/www.muyjujuy.com\\\/#\\\/schema\\\/logo\\\/image\\\/\"},\"sameAs\":[\"https:\\\/\\\/www.facebook.com\\\/muyjujuycom\",\"https:\\\/\\\/x.com\\\/muyjujuy\",\"https:\\\/\\\/www.instagram.com\\\/muyjujuycom\"]},{\"@type\":\"Person\",\"@id\":\"https:\\\/\\\/www.muyjujuy.com\\\/#\\\/schema\\\/person\\\/a3b63db1f387ec4149299954904c5bf0\",\"name\":\"admin\",\"image\":{\"@type\":\"ImageObject\",\"inLanguage\":\"es-AR\",\"@id\":\"https:\\\/\\\/secure.gravatar.com\\\/avatar\\\/b6e63d8d3a73633362405a0ad27e9c28391755813b59886f19a99d6cef8a03fc?s=96&d=mm&r=g\",\"url\":\"https:\\\/\\\/secure.gravatar.com\\\/avatar\\\/b6e63d8d3a73633362405a0ad27e9c28391755813b59886f19a99d6cef8a03fc?s=96&d=mm&r=g\",\"contentUrl\":\"https:\\\/\\\/secure.gravatar.com\\\/avatar\\\/b6e63d8d3a73633362405a0ad27e9c28391755813b59886f19a99d6cef8a03fc?s=96&d=mm&r=g\",\"caption\":\"admin\"},\"url\":\"https:\\\/\\\/www.muyjujuy.com\\\/index.php\\\/author\\\/soyeleditor\\\/\"}]}<\/script>\n<!-- \/ Yoast SEO plugin. -->","yoast_head_json":{"title":"El Carmen: joven automovilista eludi\u00f3 un control, colision\u00f3 contra un poste y falleci\u00f3 - Muy Jujuy","robots":{"index":"index","follow":"follow","max-snippet":"max-snippet:-1","max-image-preview":"max-image-preview:large","max-video-preview":"max-video-preview:-1"},"canonical":"https:\/\/www.muyjujuy.com\/index.php\/2025\/07\/28\/el-carmen-joven-automovilista-eludio-un-control-colisiono-contra-un-poste-y-fallecio\/","og_locale":"es_ES","og_type":"article","og_title":"El Carmen: joven automovilista eludi\u00f3 un control, colision\u00f3 contra un poste y falleci\u00f3 - Muy Jujuy","og_description":"El hecho se registr\u00f3 durante la madrugada de este lunes sobre la Ruta Provincial 42. En su intento de escape, el conductor colision\u00f3 contra un poste de hormig\u00f3n, el veh\u00edculo volc\u00f3 y el joven perdi\u00f3 la vida en el lugar. Un joven de 24 a\u00f1os falleci\u00f3 en la madrugada de este lunes tras verse involucrado [&hellip;]","og_url":"https:\/\/www.muyjujuy.com\/index.php\/2025\/07\/28\/el-carmen-joven-automovilista-eludio-un-control-colisiono-contra-un-poste-y-fallecio\/","og_site_name":"Muy Jujuy","article_publisher":"https:\/\/www.facebook.com\/muyjujuycom","article_published_time":"2025-07-28T15:34:54+00:00","author":"admin","twitter_card":"summary_large_image","twitter_creator":"@muyjujuy","twitter_site":"@muyjujuy","twitter_misc":{"Escrito por":"admin","Tiempo de lectura":"2 minutos"},"schema":{"@context":"https:\/\/schema.org","@graph":[{"@type":"Article","@id":"https:\/\/www.muyjujuy.com\/index.php\/2025\/07\/28\/el-carmen-joven-automovilista-eludio-un-control-colisiono-contra-un-poste-y-fallecio\/#article","isPartOf":{"@id":"https:\/\/www.muyjujuy.com\/index.php\/2025\/07\/28\/el-carmen-joven-automovilista-eludio-un-control-colisiono-contra-un-poste-y-fallecio\/"},"author":{"name":"admin","@id":"https:\/\/www.muyjujuy.com\/#\/schema\/person\/a3b63db1f387ec4149299954904c5bf0"},"headline":"El Carmen: joven automovilista eludi\u00f3 un control, colision\u00f3 contra un poste y falleci\u00f3","datePublished":"2025-07-28T15:34:54+00:00","mainEntityOfPage":{"@id":"https:\/\/www.muyjujuy.com\/index.php\/2025\/07\/28\/el-carmen-joven-automovilista-eludio-un-control-colisiono-contra-un-poste-y-fallecio\/"},"wordCount":387,"commentCount":0,"publisher":{"@id":"https:\/\/www.muyjujuy.com\/#organization"},"image":{"@id":"https:\/\/www.muyjujuy.com\/index.php\/2025\/07\/28\/el-carmen-joven-automovilista-eludio-un-control-colisiono-contra-un-poste-y-fallecio\/#primaryimage"},"thumbnailUrl":"https:\/\/www.muyjujuy.com\/wp-content\/uploads\/2025\/07\/CHOQUE-3.jpg","articleSection":["JUJUY","Sociedad"],"inLanguage":"es-AR","potentialAction":[{"@type":"CommentAction","name":"Comment","target":["https:\/\/www.muyjujuy.com\/index.php\/2025\/07\/28\/el-carmen-joven-automovilista-eludio-un-control-colisiono-contra-un-poste-y-fallecio\/#respond"]}]},{"@type":"WebPage","@id":"https:\/\/www.muyjujuy.com\/index.php\/2025\/07\/28\/el-carmen-joven-automovilista-eludio-un-control-colisiono-contra-un-poste-y-fallecio\/","url":"https:\/\/www.muyjujuy.com\/index.php\/2025\/07\/28\/el-carmen-joven-automovilista-eludio-un-control-colisiono-contra-un-poste-y-fallecio\/","name":"El Carmen: joven automovilista eludi\u00f3 un control, colision\u00f3 contra un poste y falleci\u00f3 - Muy Jujuy","isPartOf":{"@id":"https:\/\/www.muyjujuy.com\/#website"},"primaryImageOfPage":{"@id":"https:\/\/www.muyjujuy.com\/index.php\/2025\/07\/28\/el-carmen-joven-automovilista-eludio-un-control-colisiono-contra-un-poste-y-fallecio\/#primaryimage"},"image":{"@id":"https:\/\/www.muyjujuy.com\/index.php\/2025\/07\/28\/el-carmen-joven-automovilista-eludio-un-control-colisiono-contra-un-poste-y-fallecio\/#primaryimage"},"thumbnailUrl":"https:\/\/www.muyjujuy.com\/wp-content\/uploads\/2025\/07\/CHOQUE-3.jpg","datePublished":"2025-07-28T15:34:54+00:00","breadcrumb":{"@id":"https:\/\/www.muyjujuy.com\/index.php\/2025\/07\/28\/el-carmen-joven-automovilista-eludio-un-control-colisiono-contra-un-poste-y-fallecio\/#breadcrumb"},"inLanguage":"es-AR","potentialAction":[{"@type":"ReadAction","target":["https:\/\/www.muyjujuy.com\/index.php\/2025\/07\/28\/el-carmen-joven-automovilista-eludio-un-control-colisiono-contra-un-poste-y-fallecio\/"]}]},{"@type":"ImageObject","inLanguage":"es-AR","@id":"https:\/\/www.muyjujuy.com\/index.php\/2025\/07\/28\/el-carmen-joven-automovilista-eludio-un-control-colisiono-contra-un-poste-y-fallecio\/#primaryimage","url":"https:\/\/www.muyjujuy.com\/wp-content\/uploads\/2025\/07\/CHOQUE-3.jpg","contentUrl":"https:\/\/www.muyjujuy.com\/wp-content\/uploads\/2025\/07\/CHOQUE-3.jpg","width":907,"height":484},{"@type":"BreadcrumbList","@id":"https:\/\/www.muyjujuy.com\/index.php\/2025\/07\/28\/el-carmen-joven-automovilista-eludio-un-control-colisiono-contra-un-poste-y-fallecio\/#breadcrumb","itemListElement":[{"@type":"ListItem","position":1,"name":"Inicio","item":"https:\/\/www.muyjujuy.com\/"},{"@type":"ListItem","position":2,"name":"El Carmen: joven automovilista eludi\u00f3 un control, colision\u00f3 contra un poste y falleci\u00f3"}]},{"@type":"WebSite","@id":"https:\/\/www.muyjujuy.com\/#website","url":"https:\/\/www.muyjujuy.com\/","name":"Muy Jujuy","description":"","publisher":{"@id":"https:\/\/www.muyjujuy.com\/#organization"},"potentialAction":[{"@type":"SearchAction","target":{"@type":"EntryPoint","urlTemplate":"https:\/\/www.muyjujuy.com\/?s={search_term_string}"},"query-input":{"@type":"PropertyValueSpecification","valueRequired":true,"valueName":"search_term_string"}}],"inLanguage":"es-AR"},{"@type":"Organization","@id":"https:\/\/www.muyjujuy.com\/#organization","name":"Muy Jujuy","url":"https:\/\/www.muyjujuy.com\/","logo":{"@type":"ImageObject","inLanguage":"es-AR","@id":"https:\/\/www.muyjujuy.com\/#\/schema\/logo\/image\/","url":"http:\/\/www.muyjujuy.com\/wp-content\/uploads\/2022\/05\/logo-mobil-jujuy.png","contentUrl":"http:\/\/www.muyjujuy.com\/wp-content\/uploads\/2022\/05\/logo-mobil-jujuy.png","width":174,"height":81,"caption":"Muy Jujuy"},"image":{"@id":"https:\/\/www.muyjujuy.com\/#\/schema\/logo\/image\/"},"sameAs":["https:\/\/www.facebook.com\/muyjujuycom","https:\/\/x.com\/muyjujuy","https:\/\/www.instagram.com\/muyjujuycom"]},{"@type":"Person","@id":"https:\/\/www.muyjujuy.com\/#\/schema\/person\/a3b63db1f387ec4149299954904c5bf0","name":"admin","image":{"@type":"ImageObject","inLanguage":"es-AR","@id":"https:\/\/secure.gravatar.com\/avatar\/b6e63d8d3a73633362405a0ad27e9c28391755813b59886f19a99d6cef8a03fc?s=96&d=mm&r=g","url":"https:\/\/secure.gravatar.com\/avatar\/b6e63d8d3a73633362405a0ad27e9c28391755813b59886f19a99d6cef8a03fc?s=96&d=mm&r=g","contentUrl":"https:\/\/secure.gravatar.com\/avatar\/b6e63d8d3a73633362405a0ad27e9c28391755813b59886f19a99d6cef8a03fc?s=96&d=mm&r=g","caption":"admin"},"url":"https:\/\/www.muyjujuy.com\/index.php\/author\/soyeleditor\/"}]}},"_links":{"self":[{"href":"https:\/\/www.muyjujuy.com\/index.php\/wp-json\/wp\/v2\/posts\/2746","targetHints":{"allow":["GET"]}}],"collection":[{"href":"https:\/\/www.muyjujuy.com\/index.php\/wp-json\/wp\/v2\/posts"}],"about":[{"href":"https:\/\/www.muyjujuy.com\/index.php\/wp-json\/wp\/v2\/types\/post"}],"author":[{"embeddable":true,"href":"https:\/\/www.muyjujuy.com\/index.php\/wp-json\/wp\/v2\/users\/1"}],"replies":[{"embeddable":true,"href":"https:\/\/www.muyjujuy.com\/index.php\/wp-json\/wp\/v2\/comments?post=2746"}],"version-history":[{"count":1,"href":"https:\/\/www.muyjujuy.com\/index.php\/wp-json\/wp\/v2\/posts\/2746\/revisions"}],"predecessor-version":[{"id":2748,"href":"https:\/\/www.muyjujuy.com\/index.php\/wp-json\/wp\/v2\/posts\/2746\/revisions\/2748"}],"wp:featuredmedia":[{"embeddable":true,"href":"https:\/\/www.muyjujuy.com\/index.php\/wp-json\/wp\/v2\/media\/2747"}],"wp:attachment":[{"href":"https:\/\/www.muyjujuy.com\/index.php\/wp-json\/wp\/v2\/media?parent=2746"}],"wp:term":[{"taxonomy":"category","embeddable":true,"href":"https:\/\/www.muyjujuy.com\/index.php\/wp-json\/wp\/v2\/categories?post=2746"},{"taxonomy":"post_tag","embeddable":true,"href":"https:\/\/www.muyjujuy.com\/index.php\/wp-json\/wp\/v2\/tags?post=2746"}],"curies":[{"name":"wp","href":"https:\/\/api.w.org\/{rel}","templated":true}]}}