{"id":2749,"date":"2025-07-29T10:38:44","date_gmt":"2025-07-29T13:38:44","guid":{"rendered":"https:\/\/www.muyjujuy.com\/?p=2749"},"modified":"2025-07-29T10:38:44","modified_gmt":"2025-07-29T13:38:44","slug":"se-inicio-el-escaneo-estructural-de-la-catedral-el-informe-tecnico-estara-listo-en-60-dias","status":"publish","type":"post","link":"https:\/\/www.muyjujuy.com\/index.php\/2025\/07\/29\/se-inicio-el-escaneo-estructural-de-la-catedral-el-informe-tecnico-estara-listo-en-60-dias\/","title":{"rendered":"Se inici\u00f3 el escaneo estructural de la Catedral: el informe t\u00e9cnico estar\u00e1 listo en 60 d\u00edas"},"content":{"rendered":"\n<p>La emblem\u00e1tica <strong>Catedral de San Salvador de Jujuy<\/strong> comenz\u00f3 a ser sometida a un estudio t\u00e9cnico por parte de especialistas del <strong>CONICET<\/strong> y de la <strong>Direcci\u00f3n de Arquitectura de la Provincia<\/strong>, luego del reciente desprendimiento de una parte de su estructura.<\/p>\n\n\n\n<p>Desde hace algunos d\u00edas, un equipo interdisciplinario de <strong>arquitectos e ingenieros<\/strong> del CONICET y t\u00e9cnicos provinciales trabajan en el interior de la <strong>Catedral Bas\u00edlica de San Salvador<\/strong> utilizando herramientas de medici\u00f3n y escaneo para determinar el estado real de las <strong>paredes de adobe<\/strong>, la cubierta y la base del edificio. Seg\u00fan explic\u00f3 el <strong>padre Manuel Alfaro<\/strong>, a cargo de la parroquia, el procedimiento es detallado y abarca toda la edificaci\u00f3n: <strong>&#8220;No se trata solo del sector donde se produjo el colapso en la recova, sino de revisar toda la estructura&#8221;<\/strong>.<\/p>\n\n\n\n<p><strong>&#8220;Estamos retirando im\u00e1genes y cuadros del interior para facilitar la labor de los ingenieros. El adobe alcanza casi dos metros de espesor, pero con el paso de los a\u00f1os y las filtraciones de agua ha perdido solidez. Aunque el derrumbe fue desafortunado, tambi\u00e9n fue un llamado de atenci\u00f3n: nos indica que el templo ya no es el mismo que fue siglos atr\u00e1s&#8221;<\/strong>, advirti\u00f3 el sacerdote.<\/p>\n\n\n\n<p>La Catedral, cuya construcci\u00f3n data del siglo XVIII y que fue declarada <strong>Patrimonio Nacional<\/strong>, no ha recibido una restauraci\u00f3n integral desde <strong>1890<\/strong>. <strong>&#8220;Es una edificaci\u00f3n antigua, dise\u00f1ada para un estilo de vida distinto al de hoy. Actualmente hay circulaci\u00f3n vehicular, vibraciones y otros factores que influyen en su deterioro&#8221;<\/strong>, se\u00f1al\u00f3 Alfaro en una entrevista con <strong>La Mejor Ma\u00f1ana<\/strong>.<\/p>\n\n\n\n<p>Entre los puntos cr\u00edticos que abarca el relevamiento figuran el estado de las <strong>cabriadas del techo<\/strong>, las filtraciones de agua en los sectores altos y tambi\u00e9n en \u00e1reas subterr\u00e1neas, lo que agrava la situaci\u00f3n. <strong>&#8220;Estamos ante una situaci\u00f3n complicada, hay m\u00faltiples factores en juego&#8221;<\/strong>, reconoci\u00f3 el p\u00e1rroco.<\/p>\n\n\n\n<p><strong>El futuro de la restauraci\u00f3n<\/strong><\/p>\n\n\n\n<p>Las tareas de evaluaci\u00f3n estructural se extender\u00e1n durante todo el mes de <strong>agosto<\/strong>, y se prev\u00e9 que el <strong>informe definitivo<\/strong> est\u00e9 disponible en un plazo de <strong>60 d\u00edas<\/strong>. Luego ser\u00e1 necesario iniciar el tr\u00e1mite ante el <strong>Gobierno Nacional<\/strong> para obtener la autorizaci\u00f3n de intervenci\u00f3n, dado que se trata de un inmueble bajo protecci\u00f3n patrimonial.<\/p>\n\n\n\n<p><strong>&#8220;El diagn\u00f3stico es apenas el comienzo. Luego habr\u00e1 que gestionar el permiso correspondiente y buscar el financiamiento necesario. Y en eso requerimos la colaboraci\u00f3n de todos: el Estado, las instituciones, los comercios y la ciudadan\u00eda. La Catedral no pertenece a una sola persona, es un bien de toda la comunidad. Es el primer lugar que quiere conocer un turista, pero tambi\u00e9n es un s\u00edmbolo de la historia juje\u00f1a&#8221;<\/strong>, afirm\u00f3 Alfaro.<\/p>\n\n\n\n<p>En el interior del templo se conservan valiosas piezas patrimoniales como el <strong>p\u00falpito tallado<\/strong>, <strong>pinturas e im\u00e1genes religiosas<\/strong>, <strong>cuadros al \u00f3leo<\/strong>, <strong>telas decorativas en el techo<\/strong> y las tradicionales <strong>ara\u00f1as de iluminaci\u00f3n<\/strong>. <strong>&#8220;Todo eso no representa solamente un valor est\u00e9tico o espiritual: es parte esencial de nuestra identidad. Si lo perdemos, tambi\u00e9n desaparece una parte importante de nuestra memoria colectiva&#8221;<\/strong>, concluy\u00f3 el sacerdote.<\/p>\n\n\n\n<p><\/p>\n","protected":false},"excerpt":{"rendered":"<p>La emblem\u00e1tica Catedral de San Salvador de Jujuy comenz\u00f3 a ser sometida a un estudio t\u00e9cnico por parte de especialistas del CONICET y de la Direcci\u00f3n de Arquitectura de la Provincia, luego del reciente desprendimiento de una parte de su estructura. Desde hace algunos d\u00edas, un equipo interdisciplinario de arquitectos e ingenieros del CONICET y [&hellip;]<\/p>\n","protected":false},"author":1,"featured_media":2750,"comment_status":"open","ping_status":"open","sticky":false,"template":"","format":"standard","meta":{"footnotes":""},"categories":[863,25],"tags":[],"class_list":{"0":"post-2749","1":"post","2":"type-post","3":"status-publish","4":"format-standard","5":"has-post-thumbnail","7":"category-jujuy","8":"category-sociedad"},"yoast_head":"<!-- This site is optimized with the Yoast SEO plugin v27.5 - https:\/\/yoast.com\/product\/yoast-seo-wordpress\/ -->\n<title>Se inici\u00f3 el escaneo estructural de la Catedral: el informe t\u00e9cnico estar\u00e1 listo en 60 d\u00edas - Muy Jujuy<\/title>\n<meta name=\"robots\" content=\"index, follow, max-snippet:-1, max-image-preview:large, max-video-preview:-1\" \/>\n<link rel=\"canonical\" href=\"https:\/\/www.muyjujuy.com\/index.php\/2025\/07\/29\/se-inicio-el-escaneo-estructural-de-la-catedral-el-informe-tecnico-estara-listo-en-60-dias\/\" \/>\n<meta property=\"og:locale\" content=\"es_ES\" \/>\n<meta property=\"og:type\" content=\"article\" \/>\n<meta property=\"og:title\" content=\"Se inici\u00f3 el escaneo estructural de la Catedral: el informe t\u00e9cnico estar\u00e1 listo en 60 d\u00edas - Muy Jujuy\" \/>\n<meta property=\"og:description\" content=\"La emblem\u00e1tica Catedral de San Salvador de Jujuy comenz\u00f3 a ser sometida a un estudio t\u00e9cnico por parte de especialistas del CONICET y de la Direcci\u00f3n de Arquitectura de la Provincia, luego del reciente desprendimiento de una parte de su estructura. Desde hace algunos d\u00edas, un equipo interdisciplinario de arquitectos e ingenieros del CONICET y [&hellip;]\" \/>\n<meta property=\"og:url\" content=\"https:\/\/www.muyjujuy.com\/index.php\/2025\/07\/29\/se-inicio-el-escaneo-estructural-de-la-catedral-el-informe-tecnico-estara-listo-en-60-dias\/\" \/>\n<meta property=\"og:site_name\" content=\"Muy Jujuy\" \/>\n<meta property=\"article:publisher\" content=\"https:\/\/www.facebook.com\/muyjujuycom\" \/>\n<meta property=\"article:published_time\" content=\"2025-07-29T13:38:44+00:00\" \/>\n<meta name=\"author\" content=\"admin\" \/>\n<meta name=\"twitter:card\" content=\"summary_large_image\" \/>\n<meta name=\"twitter:creator\" content=\"@muyjujuy\" \/>\n<meta name=\"twitter:site\" content=\"@muyjujuy\" \/>\n<meta name=\"twitter:label1\" content=\"Escrito por\" \/>\n\t<meta name=\"twitter:data1\" content=\"admin\" \/>\n\t<meta name=\"twitter:label2\" content=\"Tiempo de lectura\" \/>\n\t<meta name=\"twitter:data2\" content=\"3 minutos\" \/>\n<script type=\"application\/ld+json\" class=\"yoast-schema-graph\">{\"@context\":\"https:\\\/\\\/schema.org\",\"@graph\":[{\"@type\":\"Article\",\"@id\":\"https:\\\/\\\/www.muyjujuy.com\\\/index.php\\\/2025\\\/07\\\/29\\\/se-inicio-el-escaneo-estructural-de-la-catedral-el-informe-tecnico-estara-listo-en-60-dias\\\/#article\",\"isPartOf\":{\"@id\":\"https:\\\/\\\/www.muyjujuy.com\\\/index.php\\\/2025\\\/07\\\/29\\\/se-inicio-el-escaneo-estructural-de-la-catedral-el-informe-tecnico-estara-listo-en-60-dias\\\/\"},\"author\":{\"name\":\"admin\",\"@id\":\"https:\\\/\\\/www.muyjujuy.com\\\/#\\\/schema\\\/person\\\/a3b63db1f387ec4149299954904c5bf0\"},\"headline\":\"Se inici\u00f3 el escaneo estructural de la Catedral: el informe t\u00e9cnico estar\u00e1 listo en 60 d\u00edas\",\"datePublished\":\"2025-07-29T13:38:44+00:00\",\"mainEntityOfPage\":{\"@id\":\"https:\\\/\\\/www.muyjujuy.com\\\/index.php\\\/2025\\\/07\\\/29\\\/se-inicio-el-escaneo-estructural-de-la-catedral-el-informe-tecnico-estara-listo-en-60-dias\\\/\"},\"wordCount\":556,\"commentCount\":0,\"publisher\":{\"@id\":\"https:\\\/\\\/www.muyjujuy.com\\\/#organization\"},\"image\":{\"@id\":\"https:\\\/\\\/www.muyjujuy.com\\\/index.php\\\/2025\\\/07\\\/29\\\/se-inicio-el-escaneo-estructural-de-la-catedral-el-informe-tecnico-estara-listo-en-60-dias\\\/#primaryimage\"},\"thumbnailUrl\":\"https:\\\/\\\/www.muyjujuy.com\\\/wp-content\\\/uploads\\\/2025\\\/07\\\/JUJUY-6.jpg\",\"articleSection\":[\"JUJUY\",\"Sociedad\"],\"inLanguage\":\"es-AR\",\"potentialAction\":[{\"@type\":\"CommentAction\",\"name\":\"Comment\",\"target\":[\"https:\\\/\\\/www.muyjujuy.com\\\/index.php\\\/2025\\\/07\\\/29\\\/se-inicio-el-escaneo-estructural-de-la-catedral-el-informe-tecnico-estara-listo-en-60-dias\\\/#respond\"]}]},{\"@type\":\"WebPage\",\"@id\":\"https:\\\/\\\/www.muyjujuy.com\\\/index.php\\\/2025\\\/07\\\/29\\\/se-inicio-el-escaneo-estructural-de-la-catedral-el-informe-tecnico-estara-listo-en-60-dias\\\/\",\"url\":\"https:\\\/\\\/www.muyjujuy.com\\\/index.php\\\/2025\\\/07\\\/29\\\/se-inicio-el-escaneo-estructural-de-la-catedral-el-informe-tecnico-estara-listo-en-60-dias\\\/\",\"name\":\"Se inici\u00f3 el escaneo estructural de la Catedral: el informe t\u00e9cnico estar\u00e1 listo en 60 d\u00edas - Muy Jujuy\",\"isPartOf\":{\"@id\":\"https:\\\/\\\/www.muyjujuy.com\\\/#website\"},\"primaryImageOfPage\":{\"@id\":\"https:\\\/\\\/www.muyjujuy.com\\\/index.php\\\/2025\\\/07\\\/29\\\/se-inicio-el-escaneo-estructural-de-la-catedral-el-informe-tecnico-estara-listo-en-60-dias\\\/#primaryimage\"},\"image\":{\"@id\":\"https:\\\/\\\/www.muyjujuy.com\\\/index.php\\\/2025\\\/07\\\/29\\\/se-inicio-el-escaneo-estructural-de-la-catedral-el-informe-tecnico-estara-listo-en-60-dias\\\/#primaryimage\"},\"thumbnailUrl\":\"https:\\\/\\\/www.muyjujuy.com\\\/wp-content\\\/uploads\\\/2025\\\/07\\\/JUJUY-6.jpg\",\"datePublished\":\"2025-07-29T13:38:44+00:00\",\"breadcrumb\":{\"@id\":\"https:\\\/\\\/www.muyjujuy.com\\\/index.php\\\/2025\\\/07\\\/29\\\/se-inicio-el-escaneo-estructural-de-la-catedral-el-informe-tecnico-estara-listo-en-60-dias\\\/#breadcrumb\"},\"inLanguage\":\"es-AR\",\"potentialAction\":[{\"@type\":\"ReadAction\",\"target\":[\"https:\\\/\\\/www.muyjujuy.com\\\/index.php\\\/2025\\\/07\\\/29\\\/se-inicio-el-escaneo-estructural-de-la-catedral-el-informe-tecnico-estara-listo-en-60-dias\\\/\"]}]},{\"@type\":\"ImageObject\",\"inLanguage\":\"es-AR\",\"@id\":\"https:\\\/\\\/www.muyjujuy.com\\\/index.php\\\/2025\\\/07\\\/29\\\/se-inicio-el-escaneo-estructural-de-la-catedral-el-informe-tecnico-estara-listo-en-60-dias\\\/#primaryimage\",\"url\":\"https:\\\/\\\/www.muyjujuy.com\\\/wp-content\\\/uploads\\\/2025\\\/07\\\/JUJUY-6.jpg\",\"contentUrl\":\"https:\\\/\\\/www.muyjujuy.com\\\/wp-content\\\/uploads\\\/2025\\\/07\\\/JUJUY-6.jpg\",\"width\":953,\"height\":540},{\"@type\":\"BreadcrumbList\",\"@id\":\"https:\\\/\\\/www.muyjujuy.com\\\/index.php\\\/2025\\\/07\\\/29\\\/se-inicio-el-escaneo-estructural-de-la-catedral-el-informe-tecnico-estara-listo-en-60-dias\\\/#breadcrumb\",\"itemListElement\":[{\"@type\":\"ListItem\",\"position\":1,\"name\":\"Inicio\",\"item\":\"https:\\\/\\\/www.muyjujuy.com\\\/\"},{\"@type\":\"ListItem\",\"position\":2,\"name\":\"Se inici\u00f3 el escaneo estructural de la Catedral: el informe t\u00e9cnico estar\u00e1 listo en 60 d\u00edas\"}]},{\"@type\":\"WebSite\",\"@id\":\"https:\\\/\\\/www.muyjujuy.com\\\/#website\",\"url\":\"https:\\\/\\\/www.muyjujuy.com\\\/\",\"name\":\"Muy Jujuy\",\"description\":\"\",\"publisher\":{\"@id\":\"https:\\\/\\\/www.muyjujuy.com\\\/#organization\"},\"potentialAction\":[{\"@type\":\"SearchAction\",\"target\":{\"@type\":\"EntryPoint\",\"urlTemplate\":\"https:\\\/\\\/www.muyjujuy.com\\\/?s={search_term_string}\"},\"query-input\":{\"@type\":\"PropertyValueSpecification\",\"valueRequired\":true,\"valueName\":\"search_term_string\"}}],\"inLanguage\":\"es-AR\"},{\"@type\":\"Organization\",\"@id\":\"https:\\\/\\\/www.muyjujuy.com\\\/#organization\",\"name\":\"Muy Jujuy\",\"url\":\"https:\\\/\\\/www.muyjujuy.com\\\/\",\"logo\":{\"@type\":\"ImageObject\",\"inLanguage\":\"es-AR\",\"@id\":\"https:\\\/\\\/www.muyjujuy.com\\\/#\\\/schema\\\/logo\\\/image\\\/\",\"url\":\"http:\\\/\\\/www.muyjujuy.com\\\/wp-content\\\/uploads\\\/2022\\\/05\\\/logo-mobil-jujuy.png\",\"contentUrl\":\"http:\\\/\\\/www.muyjujuy.com\\\/wp-content\\\/uploads\\\/2022\\\/05\\\/logo-mobil-jujuy.png\",\"width\":174,\"height\":81,\"caption\":\"Muy Jujuy\"},\"image\":{\"@id\":\"https:\\\/\\\/www.muyjujuy.com\\\/#\\\/schema\\\/logo\\\/image\\\/\"},\"sameAs\":[\"https:\\\/\\\/www.facebook.com\\\/muyjujuycom\",\"https:\\\/\\\/x.com\\\/muyjujuy\",\"https:\\\/\\\/www.instagram.com\\\/muyjujuycom\"]},{\"@type\":\"Person\",\"@id\":\"https:\\\/\\\/www.muyjujuy.com\\\/#\\\/schema\\\/person\\\/a3b63db1f387ec4149299954904c5bf0\",\"name\":\"admin\",\"image\":{\"@type\":\"ImageObject\",\"inLanguage\":\"es-AR\",\"@id\":\"https:\\\/\\\/secure.gravatar.com\\\/avatar\\\/b6e63d8d3a73633362405a0ad27e9c28391755813b59886f19a99d6cef8a03fc?s=96&d=mm&r=g\",\"url\":\"https:\\\/\\\/secure.gravatar.com\\\/avatar\\\/b6e63d8d3a73633362405a0ad27e9c28391755813b59886f19a99d6cef8a03fc?s=96&d=mm&r=g\",\"contentUrl\":\"https:\\\/\\\/secure.gravatar.com\\\/avatar\\\/b6e63d8d3a73633362405a0ad27e9c28391755813b59886f19a99d6cef8a03fc?s=96&d=mm&r=g\",\"caption\":\"admin\"},\"url\":\"https:\\\/\\\/www.muyjujuy.com\\\/index.php\\\/author\\\/soyeleditor\\\/\"}]}<\/script>\n<!-- \/ Yoast SEO plugin. -->","yoast_head_json":{"title":"Se inici\u00f3 el escaneo estructural de la Catedral: el informe t\u00e9cnico estar\u00e1 listo en 60 d\u00edas - Muy Jujuy","robots":{"index":"index","follow":"follow","max-snippet":"max-snippet:-1","max-image-preview":"max-image-preview:large","max-video-preview":"max-video-preview:-1"},"canonical":"https:\/\/www.muyjujuy.com\/index.php\/2025\/07\/29\/se-inicio-el-escaneo-estructural-de-la-catedral-el-informe-tecnico-estara-listo-en-60-dias\/","og_locale":"es_ES","og_type":"article","og_title":"Se inici\u00f3 el escaneo estructural de la Catedral: el informe t\u00e9cnico estar\u00e1 listo en 60 d\u00edas - Muy Jujuy","og_description":"La emblem\u00e1tica Catedral de San Salvador de Jujuy comenz\u00f3 a ser sometida a un estudio t\u00e9cnico por parte de especialistas del CONICET y de la Direcci\u00f3n de Arquitectura de la Provincia, luego del reciente desprendimiento de una parte de su estructura. Desde hace algunos d\u00edas, un equipo interdisciplinario de arquitectos e ingenieros del CONICET y [&hellip;]","og_url":"https:\/\/www.muyjujuy.com\/index.php\/2025\/07\/29\/se-inicio-el-escaneo-estructural-de-la-catedral-el-informe-tecnico-estara-listo-en-60-dias\/","og_site_name":"Muy Jujuy","article_publisher":"https:\/\/www.facebook.com\/muyjujuycom","article_published_time":"2025-07-29T13:38:44+00:00","author":"admin","twitter_card":"summary_large_image","twitter_creator":"@muyjujuy","twitter_site":"@muyjujuy","twitter_misc":{"Escrito por":"admin","Tiempo de lectura":"3 minutos"},"schema":{"@context":"https:\/\/schema.org","@graph":[{"@type":"Article","@id":"https:\/\/www.muyjujuy.com\/index.php\/2025\/07\/29\/se-inicio-el-escaneo-estructural-de-la-catedral-el-informe-tecnico-estara-listo-en-60-dias\/#article","isPartOf":{"@id":"https:\/\/www.muyjujuy.com\/index.php\/2025\/07\/29\/se-inicio-el-escaneo-estructural-de-la-catedral-el-informe-tecnico-estara-listo-en-60-dias\/"},"author":{"name":"admin","@id":"https:\/\/www.muyjujuy.com\/#\/schema\/person\/a3b63db1f387ec4149299954904c5bf0"},"headline":"Se inici\u00f3 el escaneo estructural de la Catedral: el informe t\u00e9cnico estar\u00e1 listo en 60 d\u00edas","datePublished":"2025-07-29T13:38:44+00:00","mainEntityOfPage":{"@id":"https:\/\/www.muyjujuy.com\/index.php\/2025\/07\/29\/se-inicio-el-escaneo-estructural-de-la-catedral-el-informe-tecnico-estara-listo-en-60-dias\/"},"wordCount":556,"commentCount":0,"publisher":{"@id":"https:\/\/www.muyjujuy.com\/#organization"},"image":{"@id":"https:\/\/www.muyjujuy.com\/index.php\/2025\/07\/29\/se-inicio-el-escaneo-estructural-de-la-catedral-el-informe-tecnico-estara-listo-en-60-dias\/#primaryimage"},"thumbnailUrl":"https:\/\/www.muyjujuy.com\/wp-content\/uploads\/2025\/07\/JUJUY-6.jpg","articleSection":["JUJUY","Sociedad"],"inLanguage":"es-AR","potentialAction":[{"@type":"CommentAction","name":"Comment","target":["https:\/\/www.muyjujuy.com\/index.php\/2025\/07\/29\/se-inicio-el-escaneo-estructural-de-la-catedral-el-informe-tecnico-estara-listo-en-60-dias\/#respond"]}]},{"@type":"WebPage","@id":"https:\/\/www.muyjujuy.com\/index.php\/2025\/07\/29\/se-inicio-el-escaneo-estructural-de-la-catedral-el-informe-tecnico-estara-listo-en-60-dias\/","url":"https:\/\/www.muyjujuy.com\/index.php\/2025\/07\/29\/se-inicio-el-escaneo-estructural-de-la-catedral-el-informe-tecnico-estara-listo-en-60-dias\/","name":"Se inici\u00f3 el escaneo estructural de la Catedral: el informe t\u00e9cnico estar\u00e1 listo en 60 d\u00edas - Muy Jujuy","isPartOf":{"@id":"https:\/\/www.muyjujuy.com\/#website"},"primaryImageOfPage":{"@id":"https:\/\/www.muyjujuy.com\/index.php\/2025\/07\/29\/se-inicio-el-escaneo-estructural-de-la-catedral-el-informe-tecnico-estara-listo-en-60-dias\/#primaryimage"},"image":{"@id":"https:\/\/www.muyjujuy.com\/index.php\/2025\/07\/29\/se-inicio-el-escaneo-estructural-de-la-catedral-el-informe-tecnico-estara-listo-en-60-dias\/#primaryimage"},"thumbnailUrl":"https:\/\/www.muyjujuy.com\/wp-content\/uploads\/2025\/07\/JUJUY-6.jpg","datePublished":"2025-07-29T13:38:44+00:00","breadcrumb":{"@id":"https:\/\/www.muyjujuy.com\/index.php\/2025\/07\/29\/se-inicio-el-escaneo-estructural-de-la-catedral-el-informe-tecnico-estara-listo-en-60-dias\/#breadcrumb"},"inLanguage":"es-AR","potentialAction":[{"@type":"ReadAction","target":["https:\/\/www.muyjujuy.com\/index.php\/2025\/07\/29\/se-inicio-el-escaneo-estructural-de-la-catedral-el-informe-tecnico-estara-listo-en-60-dias\/"]}]},{"@type":"ImageObject","inLanguage":"es-AR","@id":"https:\/\/www.muyjujuy.com\/index.php\/2025\/07\/29\/se-inicio-el-escaneo-estructural-de-la-catedral-el-informe-tecnico-estara-listo-en-60-dias\/#primaryimage","url":"https:\/\/www.muyjujuy.com\/wp-content\/uploads\/2025\/07\/JUJUY-6.jpg","contentUrl":"https:\/\/www.muyjujuy.com\/wp-content\/uploads\/2025\/07\/JUJUY-6.jpg","width":953,"height":540},{"@type":"BreadcrumbList","@id":"https:\/\/www.muyjujuy.com\/index.php\/2025\/07\/29\/se-inicio-el-escaneo-estructural-de-la-catedral-el-informe-tecnico-estara-listo-en-60-dias\/#breadcrumb","itemListElement":[{"@type":"ListItem","position":1,"name":"Inicio","item":"https:\/\/www.muyjujuy.com\/"},{"@type":"ListItem","position":2,"name":"Se inici\u00f3 el escaneo estructural de la Catedral: el informe t\u00e9cnico estar\u00e1 listo en 60 d\u00edas"}]},{"@type":"WebSite","@id":"https:\/\/www.muyjujuy.com\/#website","url":"https:\/\/www.muyjujuy.com\/","name":"Muy Jujuy","description":"","publisher":{"@id":"https:\/\/www.muyjujuy.com\/#organization"},"potentialAction":[{"@type":"SearchAction","target":{"@type":"EntryPoint","urlTemplate":"https:\/\/www.muyjujuy.com\/?s={search_term_string}"},"query-input":{"@type":"PropertyValueSpecification","valueRequired":true,"valueName":"search_term_string"}}],"inLanguage":"es-AR"},{"@type":"Organization","@id":"https:\/\/www.muyjujuy.com\/#organization","name":"Muy Jujuy","url":"https:\/\/www.muyjujuy.com\/","logo":{"@type":"ImageObject","inLanguage":"es-AR","@id":"https:\/\/www.muyjujuy.com\/#\/schema\/logo\/image\/","url":"http:\/\/www.muyjujuy.com\/wp-content\/uploads\/2022\/05\/logo-mobil-jujuy.png","contentUrl":"http:\/\/www.muyjujuy.com\/wp-content\/uploads\/2022\/05\/logo-mobil-jujuy.png","width":174,"height":81,"caption":"Muy Jujuy"},"image":{"@id":"https:\/\/www.muyjujuy.com\/#\/schema\/logo\/image\/"},"sameAs":["https:\/\/www.facebook.com\/muyjujuycom","https:\/\/x.com\/muyjujuy","https:\/\/www.instagram.com\/muyjujuycom"]},{"@type":"Person","@id":"https:\/\/www.muyjujuy.com\/#\/schema\/person\/a3b63db1f387ec4149299954904c5bf0","name":"admin","image":{"@type":"ImageObject","inLanguage":"es-AR","@id":"https:\/\/secure.gravatar.com\/avatar\/b6e63d8d3a73633362405a0ad27e9c28391755813b59886f19a99d6cef8a03fc?s=96&d=mm&r=g","url":"https:\/\/secure.gravatar.com\/avatar\/b6e63d8d3a73633362405a0ad27e9c28391755813b59886f19a99d6cef8a03fc?s=96&d=mm&r=g","contentUrl":"https:\/\/secure.gravatar.com\/avatar\/b6e63d8d3a73633362405a0ad27e9c28391755813b59886f19a99d6cef8a03fc?s=96&d=mm&r=g","caption":"admin"},"url":"https:\/\/www.muyjujuy.com\/index.php\/author\/soyeleditor\/"}]}},"_links":{"self":[{"href":"https:\/\/www.muyjujuy.com\/index.php\/wp-json\/wp\/v2\/posts\/2749","targetHints":{"allow":["GET"]}}],"collection":[{"href":"https:\/\/www.muyjujuy.com\/index.php\/wp-json\/wp\/v2\/posts"}],"about":[{"href":"https:\/\/www.muyjujuy.com\/index.php\/wp-json\/wp\/v2\/types\/post"}],"author":[{"embeddable":true,"href":"https:\/\/www.muyjujuy.com\/index.php\/wp-json\/wp\/v2\/users\/1"}],"replies":[{"embeddable":true,"href":"https:\/\/www.muyjujuy.com\/index.php\/wp-json\/wp\/v2\/comments?post=2749"}],"version-history":[{"count":1,"href":"https:\/\/www.muyjujuy.com\/index.php\/wp-json\/wp\/v2\/posts\/2749\/revisions"}],"predecessor-version":[{"id":2751,"href":"https:\/\/www.muyjujuy.com\/index.php\/wp-json\/wp\/v2\/posts\/2749\/revisions\/2751"}],"wp:featuredmedia":[{"embeddable":true,"href":"https:\/\/www.muyjujuy.com\/index.php\/wp-json\/wp\/v2\/media\/2750"}],"wp:attachment":[{"href":"https:\/\/www.muyjujuy.com\/index.php\/wp-json\/wp\/v2\/media?parent=2749"}],"wp:term":[{"taxonomy":"category","embeddable":true,"href":"https:\/\/www.muyjujuy.com\/index.php\/wp-json\/wp\/v2\/categories?post=2749"},{"taxonomy":"post_tag","embeddable":true,"href":"https:\/\/www.muyjujuy.com\/index.php\/wp-json\/wp\/v2\/tags?post=2749"}],"curies":[{"name":"wp","href":"https:\/\/api.w.org\/{rel}","templated":true}]}}