{"id":2759,"date":"2025-07-30T11:56:03","date_gmt":"2025-07-30T14:56:03","guid":{"rendered":"https:\/\/www.muyjujuy.com\/?p=2759"},"modified":"2025-07-30T11:56:03","modified_gmt":"2025-07-30T14:56:03","slug":"violento-accidente-entre-una-camioneta-y-un-automovil-en-el-barrio-gorriti-se-registraron-importantes-danos-materiales","status":"publish","type":"post","link":"https:\/\/www.muyjujuy.com\/index.php\/2025\/07\/30\/violento-accidente-entre-una-camioneta-y-un-automovil-en-el-barrio-gorriti-se-registraron-importantes-danos-materiales\/","title":{"rendered":"Violento accidente entre una camioneta y un autom\u00f3vil en el barrio Gorriti: se registraron importantes da\u00f1os materiales"},"content":{"rendered":"\n<p>Durante la ma\u00f1ana de este mi\u00e9rcoles, alrededor de las <strong>9:30 horas<\/strong>, se produjo un <strong>siniestro vial<\/strong> entre una <strong>camioneta<\/strong> y un <strong>veh\u00edculo particular<\/strong> en la intersecci\u00f3n de <strong>Juana Manuela Gorriti y Rep\u00fablica de L\u00edbano<\/strong>.<\/p>\n\n\n\n<p>De acuerdo con el reporte policial, en calle <strong>Juana Manuela Gorriti<\/strong> hab\u00eda veh\u00edculos estacionados en <strong>doble fila<\/strong>, lo que reduc\u00eda la visibilidad de quienes circulaban. Fue en ese contexto que el conductor de un <strong>Renault 19 color gris<\/strong>, que transitaba por <strong>Rep\u00fablica de L\u00edbano<\/strong>, cruz\u00f3 detr\u00e1s de otro rodado y fue embestido por una <strong>camioneta Toyota Hilux blanca<\/strong>, que descend\u00eda por Gorriti a <strong>alta velocidad<\/strong>.<\/p>\n\n\n\n<p>Los controles de alcoholemia realizados a ambos conductores <strong>arrojaron resultados negativos<\/strong>, y solo se constat\u00f3 la existencia de <strong>da\u00f1os materiales significativos<\/strong>. Tanto el automovilista como el conductor de la camioneta, que se desplazaban sin acompa\u00f1antes, resultaron ilesos y no se registraron heridos de gravedad.<\/p>\n\n\n\n<p>Testigos presenciales y comerciantes de la zona indicaron que <strong>dos autos se encontraban en doble fila<\/strong> sobre Juana Manuela Gorriti, lo cual habr\u00eda dificultado la visi\u00f3n al conductor del Renault. Asimismo, se\u00f1alaron que ambos rodados <strong>circulaban a alta velocidad<\/strong>, dada la magnitud de los da\u00f1os ocasionados.<\/p>\n\n\n\n<p>En el operativo intervinieron efectivos de <strong>Bomberos de la Provincia<\/strong>, personal del <strong>SAME<\/strong> y agentes de <strong>Seguridad Vial<\/strong>, quienes trabajaron en la escena para asistir y ordenar el tr\u00e1nsito.<\/p>\n","protected":false},"excerpt":{"rendered":"<p>Durante la ma\u00f1ana de este mi\u00e9rcoles, alrededor de las 9:30 horas, se produjo un siniestro vial entre una camioneta y un veh\u00edculo particular en la intersecci\u00f3n de Juana Manuela Gorriti y Rep\u00fablica de L\u00edbano. De acuerdo con el reporte policial, en calle Juana Manuela Gorriti hab\u00eda veh\u00edculos estacionados en doble fila, lo que reduc\u00eda la [&hellip;]<\/p>\n","protected":false},"author":1,"featured_media":2760,"comment_status":"open","ping_status":"open","sticky":false,"template":"","format":"standard","meta":{"footnotes":""},"categories":[863,25],"tags":[],"class_list":{"0":"post-2759","1":"post","2":"type-post","3":"status-publish","4":"format-standard","5":"has-post-thumbnail","7":"category-jujuy","8":"category-sociedad"},"yoast_head":"<!-- This site is optimized with the Yoast SEO plugin v27.5 - https:\/\/yoast.com\/product\/yoast-seo-wordpress\/ -->\n<title>Violento accidente entre una camioneta y un autom\u00f3vil en el barrio Gorriti: se registraron importantes da\u00f1os materiales - Muy Jujuy<\/title>\n<meta name=\"robots\" content=\"index, follow, max-snippet:-1, max-image-preview:large, max-video-preview:-1\" \/>\n<link rel=\"canonical\" href=\"https:\/\/www.muyjujuy.com\/index.php\/2025\/07\/30\/violento-accidente-entre-una-camioneta-y-un-automovil-en-el-barrio-gorriti-se-registraron-importantes-danos-materiales\/\" \/>\n<meta property=\"og:locale\" content=\"es_ES\" \/>\n<meta property=\"og:type\" content=\"article\" \/>\n<meta property=\"og:title\" content=\"Violento accidente entre una camioneta y un autom\u00f3vil en el barrio Gorriti: se registraron importantes da\u00f1os materiales - Muy Jujuy\" \/>\n<meta property=\"og:description\" content=\"Durante la ma\u00f1ana de este mi\u00e9rcoles, alrededor de las 9:30 horas, se produjo un siniestro vial entre una camioneta y un veh\u00edculo particular en la intersecci\u00f3n de Juana Manuela Gorriti y Rep\u00fablica de L\u00edbano. De acuerdo con el reporte policial, en calle Juana Manuela Gorriti hab\u00eda veh\u00edculos estacionados en doble fila, lo que reduc\u00eda la [&hellip;]\" \/>\n<meta property=\"og:url\" content=\"https:\/\/www.muyjujuy.com\/index.php\/2025\/07\/30\/violento-accidente-entre-una-camioneta-y-un-automovil-en-el-barrio-gorriti-se-registraron-importantes-danos-materiales\/\" \/>\n<meta property=\"og:site_name\" content=\"Muy Jujuy\" \/>\n<meta property=\"article:publisher\" content=\"https:\/\/www.facebook.com\/muyjujuycom\" \/>\n<meta property=\"article:published_time\" content=\"2025-07-30T14:56:03+00:00\" \/>\n<meta name=\"author\" content=\"admin\" \/>\n<meta name=\"twitter:card\" content=\"summary_large_image\" \/>\n<meta name=\"twitter:creator\" content=\"@muyjujuy\" \/>\n<meta name=\"twitter:site\" content=\"@muyjujuy\" \/>\n<meta name=\"twitter:label1\" content=\"Escrito por\" \/>\n\t<meta name=\"twitter:data1\" content=\"admin\" \/>\n\t<meta name=\"twitter:label2\" content=\"Tiempo de lectura\" \/>\n\t<meta name=\"twitter:data2\" content=\"1 minuto\" \/>\n<script type=\"application\/ld+json\" class=\"yoast-schema-graph\">{\"@context\":\"https:\\\/\\\/schema.org\",\"@graph\":[{\"@type\":\"Article\",\"@id\":\"https:\\\/\\\/www.muyjujuy.com\\\/index.php\\\/2025\\\/07\\\/30\\\/violento-accidente-entre-una-camioneta-y-un-automovil-en-el-barrio-gorriti-se-registraron-importantes-danos-materiales\\\/#article\",\"isPartOf\":{\"@id\":\"https:\\\/\\\/www.muyjujuy.com\\\/index.php\\\/2025\\\/07\\\/30\\\/violento-accidente-entre-una-camioneta-y-un-automovil-en-el-barrio-gorriti-se-registraron-importantes-danos-materiales\\\/\"},\"author\":{\"name\":\"admin\",\"@id\":\"https:\\\/\\\/www.muyjujuy.com\\\/#\\\/schema\\\/person\\\/a3b63db1f387ec4149299954904c5bf0\"},\"headline\":\"Violento accidente entre una camioneta y un autom\u00f3vil en el barrio Gorriti: se registraron importantes da\u00f1os materiales\",\"datePublished\":\"2025-07-30T14:56:03+00:00\",\"mainEntityOfPage\":{\"@id\":\"https:\\\/\\\/www.muyjujuy.com\\\/index.php\\\/2025\\\/07\\\/30\\\/violento-accidente-entre-una-camioneta-y-un-automovil-en-el-barrio-gorriti-se-registraron-importantes-danos-materiales\\\/\"},\"wordCount\":255,\"commentCount\":0,\"publisher\":{\"@id\":\"https:\\\/\\\/www.muyjujuy.com\\\/#organization\"},\"image\":{\"@id\":\"https:\\\/\\\/www.muyjujuy.com\\\/index.php\\\/2025\\\/07\\\/30\\\/violento-accidente-entre-una-camioneta-y-un-automovil-en-el-barrio-gorriti-se-registraron-importantes-danos-materiales\\\/#primaryimage\"},\"thumbnailUrl\":\"https:\\\/\\\/www.muyjujuy.com\\\/wp-content\\\/uploads\\\/2025\\\/07\\\/JUJUY-2-1.jpg\",\"articleSection\":[\"JUJUY\",\"Sociedad\"],\"inLanguage\":\"es-AR\",\"potentialAction\":[{\"@type\":\"CommentAction\",\"name\":\"Comment\",\"target\":[\"https:\\\/\\\/www.muyjujuy.com\\\/index.php\\\/2025\\\/07\\\/30\\\/violento-accidente-entre-una-camioneta-y-un-automovil-en-el-barrio-gorriti-se-registraron-importantes-danos-materiales\\\/#respond\"]}]},{\"@type\":\"WebPage\",\"@id\":\"https:\\\/\\\/www.muyjujuy.com\\\/index.php\\\/2025\\\/07\\\/30\\\/violento-accidente-entre-una-camioneta-y-un-automovil-en-el-barrio-gorriti-se-registraron-importantes-danos-materiales\\\/\",\"url\":\"https:\\\/\\\/www.muyjujuy.com\\\/index.php\\\/2025\\\/07\\\/30\\\/violento-accidente-entre-una-camioneta-y-un-automovil-en-el-barrio-gorriti-se-registraron-importantes-danos-materiales\\\/\",\"name\":\"Violento accidente entre una camioneta y un autom\u00f3vil en el barrio Gorriti: se registraron importantes da\u00f1os materiales - Muy Jujuy\",\"isPartOf\":{\"@id\":\"https:\\\/\\\/www.muyjujuy.com\\\/#website\"},\"primaryImageOfPage\":{\"@id\":\"https:\\\/\\\/www.muyjujuy.com\\\/index.php\\\/2025\\\/07\\\/30\\\/violento-accidente-entre-una-camioneta-y-un-automovil-en-el-barrio-gorriti-se-registraron-importantes-danos-materiales\\\/#primaryimage\"},\"image\":{\"@id\":\"https:\\\/\\\/www.muyjujuy.com\\\/index.php\\\/2025\\\/07\\\/30\\\/violento-accidente-entre-una-camioneta-y-un-automovil-en-el-barrio-gorriti-se-registraron-importantes-danos-materiales\\\/#primaryimage\"},\"thumbnailUrl\":\"https:\\\/\\\/www.muyjujuy.com\\\/wp-content\\\/uploads\\\/2025\\\/07\\\/JUJUY-2-1.jpg\",\"datePublished\":\"2025-07-30T14:56:03+00:00\",\"breadcrumb\":{\"@id\":\"https:\\\/\\\/www.muyjujuy.com\\\/index.php\\\/2025\\\/07\\\/30\\\/violento-accidente-entre-una-camioneta-y-un-automovil-en-el-barrio-gorriti-se-registraron-importantes-danos-materiales\\\/#breadcrumb\"},\"inLanguage\":\"es-AR\",\"potentialAction\":[{\"@type\":\"ReadAction\",\"target\":[\"https:\\\/\\\/www.muyjujuy.com\\\/index.php\\\/2025\\\/07\\\/30\\\/violento-accidente-entre-una-camioneta-y-un-automovil-en-el-barrio-gorriti-se-registraron-importantes-danos-materiales\\\/\"]}]},{\"@type\":\"ImageObject\",\"inLanguage\":\"es-AR\",\"@id\":\"https:\\\/\\\/www.muyjujuy.com\\\/index.php\\\/2025\\\/07\\\/30\\\/violento-accidente-entre-una-camioneta-y-un-automovil-en-el-barrio-gorriti-se-registraron-importantes-danos-materiales\\\/#primaryimage\",\"url\":\"https:\\\/\\\/www.muyjujuy.com\\\/wp-content\\\/uploads\\\/2025\\\/07\\\/JUJUY-2-1.jpg\",\"contentUrl\":\"https:\\\/\\\/www.muyjujuy.com\\\/wp-content\\\/uploads\\\/2025\\\/07\\\/JUJUY-2-1.jpg\",\"width\":858,\"height\":525},{\"@type\":\"BreadcrumbList\",\"@id\":\"https:\\\/\\\/www.muyjujuy.com\\\/index.php\\\/2025\\\/07\\\/30\\\/violento-accidente-entre-una-camioneta-y-un-automovil-en-el-barrio-gorriti-se-registraron-importantes-danos-materiales\\\/#breadcrumb\",\"itemListElement\":[{\"@type\":\"ListItem\",\"position\":1,\"name\":\"Inicio\",\"item\":\"https:\\\/\\\/www.muyjujuy.com\\\/\"},{\"@type\":\"ListItem\",\"position\":2,\"name\":\"Violento accidente entre una camioneta y un autom\u00f3vil en el barrio Gorriti: se registraron importantes da\u00f1os materiales\"}]},{\"@type\":\"WebSite\",\"@id\":\"https:\\\/\\\/www.muyjujuy.com\\\/#website\",\"url\":\"https:\\\/\\\/www.muyjujuy.com\\\/\",\"name\":\"Muy Jujuy\",\"description\":\"\",\"publisher\":{\"@id\":\"https:\\\/\\\/www.muyjujuy.com\\\/#organization\"},\"potentialAction\":[{\"@type\":\"SearchAction\",\"target\":{\"@type\":\"EntryPoint\",\"urlTemplate\":\"https:\\\/\\\/www.muyjujuy.com\\\/?s={search_term_string}\"},\"query-input\":{\"@type\":\"PropertyValueSpecification\",\"valueRequired\":true,\"valueName\":\"search_term_string\"}}],\"inLanguage\":\"es-AR\"},{\"@type\":\"Organization\",\"@id\":\"https:\\\/\\\/www.muyjujuy.com\\\/#organization\",\"name\":\"Muy Jujuy\",\"url\":\"https:\\\/\\\/www.muyjujuy.com\\\/\",\"logo\":{\"@type\":\"ImageObject\",\"inLanguage\":\"es-AR\",\"@id\":\"https:\\\/\\\/www.muyjujuy.com\\\/#\\\/schema\\\/logo\\\/image\\\/\",\"url\":\"http:\\\/\\\/www.muyjujuy.com\\\/wp-content\\\/uploads\\\/2022\\\/05\\\/logo-mobil-jujuy.png\",\"contentUrl\":\"http:\\\/\\\/www.muyjujuy.com\\\/wp-content\\\/uploads\\\/2022\\\/05\\\/logo-mobil-jujuy.png\",\"width\":174,\"height\":81,\"caption\":\"Muy Jujuy\"},\"image\":{\"@id\":\"https:\\\/\\\/www.muyjujuy.com\\\/#\\\/schema\\\/logo\\\/image\\\/\"},\"sameAs\":[\"https:\\\/\\\/www.facebook.com\\\/muyjujuycom\",\"https:\\\/\\\/x.com\\\/muyjujuy\",\"https:\\\/\\\/www.instagram.com\\\/muyjujuycom\"]},{\"@type\":\"Person\",\"@id\":\"https:\\\/\\\/www.muyjujuy.com\\\/#\\\/schema\\\/person\\\/a3b63db1f387ec4149299954904c5bf0\",\"name\":\"admin\",\"image\":{\"@type\":\"ImageObject\",\"inLanguage\":\"es-AR\",\"@id\":\"https:\\\/\\\/secure.gravatar.com\\\/avatar\\\/b6e63d8d3a73633362405a0ad27e9c28391755813b59886f19a99d6cef8a03fc?s=96&d=mm&r=g\",\"url\":\"https:\\\/\\\/secure.gravatar.com\\\/avatar\\\/b6e63d8d3a73633362405a0ad27e9c28391755813b59886f19a99d6cef8a03fc?s=96&d=mm&r=g\",\"contentUrl\":\"https:\\\/\\\/secure.gravatar.com\\\/avatar\\\/b6e63d8d3a73633362405a0ad27e9c28391755813b59886f19a99d6cef8a03fc?s=96&d=mm&r=g\",\"caption\":\"admin\"},\"url\":\"https:\\\/\\\/www.muyjujuy.com\\\/index.php\\\/author\\\/soyeleditor\\\/\"}]}<\/script>\n<!-- \/ Yoast SEO plugin. -->","yoast_head_json":{"title":"Violento accidente entre una camioneta y un autom\u00f3vil en el barrio Gorriti: se registraron importantes da\u00f1os materiales - Muy Jujuy","robots":{"index":"index","follow":"follow","max-snippet":"max-snippet:-1","max-image-preview":"max-image-preview:large","max-video-preview":"max-video-preview:-1"},"canonical":"https:\/\/www.muyjujuy.com\/index.php\/2025\/07\/30\/violento-accidente-entre-una-camioneta-y-un-automovil-en-el-barrio-gorriti-se-registraron-importantes-danos-materiales\/","og_locale":"es_ES","og_type":"article","og_title":"Violento accidente entre una camioneta y un autom\u00f3vil en el barrio Gorriti: se registraron importantes da\u00f1os materiales - Muy Jujuy","og_description":"Durante la ma\u00f1ana de este mi\u00e9rcoles, alrededor de las 9:30 horas, se produjo un siniestro vial entre una camioneta y un veh\u00edculo particular en la intersecci\u00f3n de Juana Manuela Gorriti y Rep\u00fablica de L\u00edbano. De acuerdo con el reporte policial, en calle Juana Manuela Gorriti hab\u00eda veh\u00edculos estacionados en doble fila, lo que reduc\u00eda la [&hellip;]","og_url":"https:\/\/www.muyjujuy.com\/index.php\/2025\/07\/30\/violento-accidente-entre-una-camioneta-y-un-automovil-en-el-barrio-gorriti-se-registraron-importantes-danos-materiales\/","og_site_name":"Muy Jujuy","article_publisher":"https:\/\/www.facebook.com\/muyjujuycom","article_published_time":"2025-07-30T14:56:03+00:00","author":"admin","twitter_card":"summary_large_image","twitter_creator":"@muyjujuy","twitter_site":"@muyjujuy","twitter_misc":{"Escrito por":"admin","Tiempo de lectura":"1 minuto"},"schema":{"@context":"https:\/\/schema.org","@graph":[{"@type":"Article","@id":"https:\/\/www.muyjujuy.com\/index.php\/2025\/07\/30\/violento-accidente-entre-una-camioneta-y-un-automovil-en-el-barrio-gorriti-se-registraron-importantes-danos-materiales\/#article","isPartOf":{"@id":"https:\/\/www.muyjujuy.com\/index.php\/2025\/07\/30\/violento-accidente-entre-una-camioneta-y-un-automovil-en-el-barrio-gorriti-se-registraron-importantes-danos-materiales\/"},"author":{"name":"admin","@id":"https:\/\/www.muyjujuy.com\/#\/schema\/person\/a3b63db1f387ec4149299954904c5bf0"},"headline":"Violento accidente entre una camioneta y un autom\u00f3vil en el barrio Gorriti: se registraron importantes da\u00f1os materiales","datePublished":"2025-07-30T14:56:03+00:00","mainEntityOfPage":{"@id":"https:\/\/www.muyjujuy.com\/index.php\/2025\/07\/30\/violento-accidente-entre-una-camioneta-y-un-automovil-en-el-barrio-gorriti-se-registraron-importantes-danos-materiales\/"},"wordCount":255,"commentCount":0,"publisher":{"@id":"https:\/\/www.muyjujuy.com\/#organization"},"image":{"@id":"https:\/\/www.muyjujuy.com\/index.php\/2025\/07\/30\/violento-accidente-entre-una-camioneta-y-un-automovil-en-el-barrio-gorriti-se-registraron-importantes-danos-materiales\/#primaryimage"},"thumbnailUrl":"https:\/\/www.muyjujuy.com\/wp-content\/uploads\/2025\/07\/JUJUY-2-1.jpg","articleSection":["JUJUY","Sociedad"],"inLanguage":"es-AR","potentialAction":[{"@type":"CommentAction","name":"Comment","target":["https:\/\/www.muyjujuy.com\/index.php\/2025\/07\/30\/violento-accidente-entre-una-camioneta-y-un-automovil-en-el-barrio-gorriti-se-registraron-importantes-danos-materiales\/#respond"]}]},{"@type":"WebPage","@id":"https:\/\/www.muyjujuy.com\/index.php\/2025\/07\/30\/violento-accidente-entre-una-camioneta-y-un-automovil-en-el-barrio-gorriti-se-registraron-importantes-danos-materiales\/","url":"https:\/\/www.muyjujuy.com\/index.php\/2025\/07\/30\/violento-accidente-entre-una-camioneta-y-un-automovil-en-el-barrio-gorriti-se-registraron-importantes-danos-materiales\/","name":"Violento accidente entre una camioneta y un autom\u00f3vil en el barrio Gorriti: se registraron importantes da\u00f1os materiales - Muy Jujuy","isPartOf":{"@id":"https:\/\/www.muyjujuy.com\/#website"},"primaryImageOfPage":{"@id":"https:\/\/www.muyjujuy.com\/index.php\/2025\/07\/30\/violento-accidente-entre-una-camioneta-y-un-automovil-en-el-barrio-gorriti-se-registraron-importantes-danos-materiales\/#primaryimage"},"image":{"@id":"https:\/\/www.muyjujuy.com\/index.php\/2025\/07\/30\/violento-accidente-entre-una-camioneta-y-un-automovil-en-el-barrio-gorriti-se-registraron-importantes-danos-materiales\/#primaryimage"},"thumbnailUrl":"https:\/\/www.muyjujuy.com\/wp-content\/uploads\/2025\/07\/JUJUY-2-1.jpg","datePublished":"2025-07-30T14:56:03+00:00","breadcrumb":{"@id":"https:\/\/www.muyjujuy.com\/index.php\/2025\/07\/30\/violento-accidente-entre-una-camioneta-y-un-automovil-en-el-barrio-gorriti-se-registraron-importantes-danos-materiales\/#breadcrumb"},"inLanguage":"es-AR","potentialAction":[{"@type":"ReadAction","target":["https:\/\/www.muyjujuy.com\/index.php\/2025\/07\/30\/violento-accidente-entre-una-camioneta-y-un-automovil-en-el-barrio-gorriti-se-registraron-importantes-danos-materiales\/"]}]},{"@type":"ImageObject","inLanguage":"es-AR","@id":"https:\/\/www.muyjujuy.com\/index.php\/2025\/07\/30\/violento-accidente-entre-una-camioneta-y-un-automovil-en-el-barrio-gorriti-se-registraron-importantes-danos-materiales\/#primaryimage","url":"https:\/\/www.muyjujuy.com\/wp-content\/uploads\/2025\/07\/JUJUY-2-1.jpg","contentUrl":"https:\/\/www.muyjujuy.com\/wp-content\/uploads\/2025\/07\/JUJUY-2-1.jpg","width":858,"height":525},{"@type":"BreadcrumbList","@id":"https:\/\/www.muyjujuy.com\/index.php\/2025\/07\/30\/violento-accidente-entre-una-camioneta-y-un-automovil-en-el-barrio-gorriti-se-registraron-importantes-danos-materiales\/#breadcrumb","itemListElement":[{"@type":"ListItem","position":1,"name":"Inicio","item":"https:\/\/www.muyjujuy.com\/"},{"@type":"ListItem","position":2,"name":"Violento accidente entre una camioneta y un autom\u00f3vil en el barrio Gorriti: se registraron importantes da\u00f1os materiales"}]},{"@type":"WebSite","@id":"https:\/\/www.muyjujuy.com\/#website","url":"https:\/\/www.muyjujuy.com\/","name":"Muy Jujuy","description":"","publisher":{"@id":"https:\/\/www.muyjujuy.com\/#organization"},"potentialAction":[{"@type":"SearchAction","target":{"@type":"EntryPoint","urlTemplate":"https:\/\/www.muyjujuy.com\/?s={search_term_string}"},"query-input":{"@type":"PropertyValueSpecification","valueRequired":true,"valueName":"search_term_string"}}],"inLanguage":"es-AR"},{"@type":"Organization","@id":"https:\/\/www.muyjujuy.com\/#organization","name":"Muy Jujuy","url":"https:\/\/www.muyjujuy.com\/","logo":{"@type":"ImageObject","inLanguage":"es-AR","@id":"https:\/\/www.muyjujuy.com\/#\/schema\/logo\/image\/","url":"http:\/\/www.muyjujuy.com\/wp-content\/uploads\/2022\/05\/logo-mobil-jujuy.png","contentUrl":"http:\/\/www.muyjujuy.com\/wp-content\/uploads\/2022\/05\/logo-mobil-jujuy.png","width":174,"height":81,"caption":"Muy Jujuy"},"image":{"@id":"https:\/\/www.muyjujuy.com\/#\/schema\/logo\/image\/"},"sameAs":["https:\/\/www.facebook.com\/muyjujuycom","https:\/\/x.com\/muyjujuy","https:\/\/www.instagram.com\/muyjujuycom"]},{"@type":"Person","@id":"https:\/\/www.muyjujuy.com\/#\/schema\/person\/a3b63db1f387ec4149299954904c5bf0","name":"admin","image":{"@type":"ImageObject","inLanguage":"es-AR","@id":"https:\/\/secure.gravatar.com\/avatar\/b6e63d8d3a73633362405a0ad27e9c28391755813b59886f19a99d6cef8a03fc?s=96&d=mm&r=g","url":"https:\/\/secure.gravatar.com\/avatar\/b6e63d8d3a73633362405a0ad27e9c28391755813b59886f19a99d6cef8a03fc?s=96&d=mm&r=g","contentUrl":"https:\/\/secure.gravatar.com\/avatar\/b6e63d8d3a73633362405a0ad27e9c28391755813b59886f19a99d6cef8a03fc?s=96&d=mm&r=g","caption":"admin"},"url":"https:\/\/www.muyjujuy.com\/index.php\/author\/soyeleditor\/"}]}},"_links":{"self":[{"href":"https:\/\/www.muyjujuy.com\/index.php\/wp-json\/wp\/v2\/posts\/2759","targetHints":{"allow":["GET"]}}],"collection":[{"href":"https:\/\/www.muyjujuy.com\/index.php\/wp-json\/wp\/v2\/posts"}],"about":[{"href":"https:\/\/www.muyjujuy.com\/index.php\/wp-json\/wp\/v2\/types\/post"}],"author":[{"embeddable":true,"href":"https:\/\/www.muyjujuy.com\/index.php\/wp-json\/wp\/v2\/users\/1"}],"replies":[{"embeddable":true,"href":"https:\/\/www.muyjujuy.com\/index.php\/wp-json\/wp\/v2\/comments?post=2759"}],"version-history":[{"count":1,"href":"https:\/\/www.muyjujuy.com\/index.php\/wp-json\/wp\/v2\/posts\/2759\/revisions"}],"predecessor-version":[{"id":2761,"href":"https:\/\/www.muyjujuy.com\/index.php\/wp-json\/wp\/v2\/posts\/2759\/revisions\/2761"}],"wp:featuredmedia":[{"embeddable":true,"href":"https:\/\/www.muyjujuy.com\/index.php\/wp-json\/wp\/v2\/media\/2760"}],"wp:attachment":[{"href":"https:\/\/www.muyjujuy.com\/index.php\/wp-json\/wp\/v2\/media?parent=2759"}],"wp:term":[{"taxonomy":"category","embeddable":true,"href":"https:\/\/www.muyjujuy.com\/index.php\/wp-json\/wp\/v2\/categories?post=2759"},{"taxonomy":"post_tag","embeddable":true,"href":"https:\/\/www.muyjujuy.com\/index.php\/wp-json\/wp\/v2\/tags?post=2759"}],"curies":[{"name":"wp","href":"https:\/\/api.w.org\/{rel}","templated":true}]}}