{"id":2762,"date":"2025-07-31T10:20:22","date_gmt":"2025-07-31T13:20:22","guid":{"rendered":"https:\/\/www.muyjujuy.com\/?p=2762"},"modified":"2025-07-31T10:20:22","modified_gmt":"2025-07-31T13:20:22","slug":"manana-con-multiples-accidentes-en-la-capital-jujena-se-registraron-tres-choques-en-la-ruta-nacional-9","status":"publish","type":"post","link":"https:\/\/www.muyjujuy.com\/index.php\/2025\/07\/31\/manana-con-multiples-accidentes-en-la-capital-jujena-se-registraron-tres-choques-en-la-ruta-nacional-9\/","title":{"rendered":"Ma\u00f1ana con m\u00faltiples accidentes en la capital juje\u00f1a: se registraron tres choques en la Ruta Nacional 9"},"content":{"rendered":"\n<p>Con una diferencia de apenas <strong>tres horas<\/strong> y en un tramo de solo <strong>un kil\u00f3metro<\/strong>, se produjeron <strong>tres incidentes viales<\/strong> durante la ma\u00f1ana de hoy sobre la <strong>Ruta Nacional 9<\/strong>, en <strong>San Salvador de Jujuy<\/strong>.<\/p>\n\n\n\n<p>La jornada del <strong>31 de julio<\/strong> comenz\u00f3 con <strong>tres colisiones<\/strong> en distintos puntos de la capital provincial, que ocasionaron <strong>da\u00f1os materiales<\/strong> y complicaciones en la circulaci\u00f3n vehicular, pero <strong>sin v\u00edctimas fatales<\/strong>.<\/p>\n\n\n\n<p>El primer hecho ocurri\u00f3 alrededor de las <strong>5:30 de la madrugada<\/strong>, en la <strong>colectora de la Ruta Nacional 9<\/strong>, a la altura del <strong>barrio Coronel Arias<\/strong>, cuando el conductor de una camioneta, aparentemente <strong>bajo efectos del alcohol<\/strong>, perdi\u00f3 el control del veh\u00edculo y colision\u00f3 primero contra un <strong>poste de alumbrado<\/strong> y luego contra uno de <strong>servicios de internet<\/strong>.<\/p>\n\n\n\n<p>Por causas que a\u00fan se investigan, quien conduc\u00eda una <strong>camioneta blanca<\/strong> que se desplazaba en sentido <strong>norte-sur<\/strong>, perdi\u00f3 el dominio del rodado, se desvi\u00f3 de carril e impact\u00f3 contra <strong>dos columnas<\/strong> ubicadas en el margen de la colectora.<\/p>\n\n\n\n<p>El conductor, que viajaba solo, <strong>abandon\u00f3 el lugar<\/strong>, dejando la camioneta en el sitio del impacto.<\/p>\n\n\n\n<p>Seg\u00fan relataron <strong>testigos presenciales<\/strong>, que adem\u00e1s captaron im\u00e1genes del incidente, el sujeto presentaba signos de <strong>intoxicaci\u00f3n alcoh\u00f3lica<\/strong> en el momento del siniestro.<\/p>\n\n\n\n<p>En la zona quedaron esparcidos <strong>restos del material da\u00f1ado<\/strong> y <strong>cables sueltos<\/strong>, producto del fuerte impacto.<\/p>\n\n\n\n<p>M\u00e1s tarde, cerca de las <strong>8:15<\/strong>, se produjo otro accidente en la misma ruta, esta vez a la altura del <strong>barrio San Cayetano<\/strong>, en sentido <strong>sur-norte<\/strong>.<\/p>\n\n\n\n<p>En este segundo hecho, una <strong>Renault Oroch<\/strong> embisti\u00f3 por detr\u00e1s a un <strong>autom\u00f3vil Peugeot<\/strong>, lo que motiv\u00f3 la interrupci\u00f3n total del tr\u00e1nsito en ese sector y <strong>desv\u00edos hacia la colectora<\/strong>, a la altura de la <strong>YPF Milenium<\/strong>.<\/p>\n\n\n\n<p>Como consecuencia del choque, se activ\u00f3 el <strong>airbag de la camioneta<\/strong>, mientras que el <strong>veh\u00edculo afectado<\/strong> sufri\u00f3 importantes da\u00f1os en la parte posterior.<\/p>\n\n\n\n<p>El servicio de <strong>emergencias m\u00e9dicas (Same)<\/strong> atendi\u00f3 a uno de los ocupantes involucrados en el incidente.<\/p>\n\n\n\n<p>Minutos antes, en un tramo cercano de la <strong>Ruta Nacional 9<\/strong>, pero en direcci\u00f3n <strong>norte-sur<\/strong>, un <strong>remis color amarillo<\/strong> sufri\u00f3 la rotura de un neum\u00e1tico, lo que provoc\u00f3 un <strong>giro descontrolado<\/strong>, quedando detenido sobre la <strong>banquina<\/strong>.<\/p>\n\n\n\n<p>En los distintos siniestros intervino personal del <strong>Same<\/strong>, <strong>Polic\u00eda de la Provincia<\/strong> y <strong>Seguridad Vial<\/strong>, brindando asistencia y organizando el tr\u00e1nsito en las zonas afectadas.<\/p>\n","protected":false},"excerpt":{"rendered":"<p>Con una diferencia de apenas tres horas y en un tramo de solo un kil\u00f3metro, se produjeron tres incidentes viales durante la ma\u00f1ana de hoy sobre la Ruta Nacional 9, en San Salvador de Jujuy. La jornada del 31 de julio comenz\u00f3 con tres colisiones en distintos puntos de la capital provincial, que ocasionaron da\u00f1os [&hellip;]<\/p>\n","protected":false},"author":1,"featured_media":2763,"comment_status":"open","ping_status":"open","sticky":false,"template":"","format":"standard","meta":{"footnotes":""},"categories":[863,25],"tags":[],"class_list":{"0":"post-2762","1":"post","2":"type-post","3":"status-publish","4":"format-standard","5":"has-post-thumbnail","7":"category-jujuy","8":"category-sociedad"},"yoast_head":"<!-- This site is optimized with the Yoast SEO plugin v27.5 - https:\/\/yoast.com\/product\/yoast-seo-wordpress\/ -->\n<title>Ma\u00f1ana con m\u00faltiples accidentes en la capital juje\u00f1a: se registraron tres choques en la Ruta Nacional 9 - Muy Jujuy<\/title>\n<meta name=\"robots\" content=\"index, follow, max-snippet:-1, max-image-preview:large, max-video-preview:-1\" \/>\n<link rel=\"canonical\" href=\"https:\/\/www.muyjujuy.com\/index.php\/2025\/07\/31\/manana-con-multiples-accidentes-en-la-capital-jujena-se-registraron-tres-choques-en-la-ruta-nacional-9\/\" \/>\n<meta property=\"og:locale\" content=\"es_ES\" \/>\n<meta property=\"og:type\" content=\"article\" \/>\n<meta property=\"og:title\" content=\"Ma\u00f1ana con m\u00faltiples accidentes en la capital juje\u00f1a: se registraron tres choques en la Ruta Nacional 9 - Muy Jujuy\" \/>\n<meta property=\"og:description\" content=\"Con una diferencia de apenas tres horas y en un tramo de solo un kil\u00f3metro, se produjeron tres incidentes viales durante la ma\u00f1ana de hoy sobre la Ruta Nacional 9, en San Salvador de Jujuy. La jornada del 31 de julio comenz\u00f3 con tres colisiones en distintos puntos de la capital provincial, que ocasionaron da\u00f1os [&hellip;]\" \/>\n<meta property=\"og:url\" content=\"https:\/\/www.muyjujuy.com\/index.php\/2025\/07\/31\/manana-con-multiples-accidentes-en-la-capital-jujena-se-registraron-tres-choques-en-la-ruta-nacional-9\/\" \/>\n<meta property=\"og:site_name\" content=\"Muy Jujuy\" \/>\n<meta property=\"article:publisher\" content=\"https:\/\/www.facebook.com\/muyjujuycom\" \/>\n<meta property=\"article:published_time\" content=\"2025-07-31T13:20:22+00:00\" \/>\n<meta name=\"author\" content=\"admin\" \/>\n<meta name=\"twitter:card\" content=\"summary_large_image\" \/>\n<meta name=\"twitter:creator\" content=\"@muyjujuy\" \/>\n<meta name=\"twitter:site\" content=\"@muyjujuy\" \/>\n<meta name=\"twitter:label1\" content=\"Escrito por\" \/>\n\t<meta name=\"twitter:data1\" content=\"admin\" \/>\n\t<meta name=\"twitter:label2\" content=\"Tiempo de lectura\" \/>\n\t<meta name=\"twitter:data2\" content=\"2 minutos\" \/>\n<script type=\"application\/ld+json\" class=\"yoast-schema-graph\">{\"@context\":\"https:\\\/\\\/schema.org\",\"@graph\":[{\"@type\":\"Article\",\"@id\":\"https:\\\/\\\/www.muyjujuy.com\\\/index.php\\\/2025\\\/07\\\/31\\\/manana-con-multiples-accidentes-en-la-capital-jujena-se-registraron-tres-choques-en-la-ruta-nacional-9\\\/#article\",\"isPartOf\":{\"@id\":\"https:\\\/\\\/www.muyjujuy.com\\\/index.php\\\/2025\\\/07\\\/31\\\/manana-con-multiples-accidentes-en-la-capital-jujena-se-registraron-tres-choques-en-la-ruta-nacional-9\\\/\"},\"author\":{\"name\":\"admin\",\"@id\":\"https:\\\/\\\/www.muyjujuy.com\\\/#\\\/schema\\\/person\\\/a3b63db1f387ec4149299954904c5bf0\"},\"headline\":\"Ma\u00f1ana con m\u00faltiples accidentes en la capital juje\u00f1a: se registraron tres choques en la Ruta Nacional 9\",\"datePublished\":\"2025-07-31T13:20:22+00:00\",\"mainEntityOfPage\":{\"@id\":\"https:\\\/\\\/www.muyjujuy.com\\\/index.php\\\/2025\\\/07\\\/31\\\/manana-con-multiples-accidentes-en-la-capital-jujena-se-registraron-tres-choques-en-la-ruta-nacional-9\\\/\"},\"wordCount\":419,\"commentCount\":0,\"publisher\":{\"@id\":\"https:\\\/\\\/www.muyjujuy.com\\\/#organization\"},\"image\":{\"@id\":\"https:\\\/\\\/www.muyjujuy.com\\\/index.php\\\/2025\\\/07\\\/31\\\/manana-con-multiples-accidentes-en-la-capital-jujena-se-registraron-tres-choques-en-la-ruta-nacional-9\\\/#primaryimage\"},\"thumbnailUrl\":\"https:\\\/\\\/www.muyjujuy.com\\\/wp-content\\\/uploads\\\/2025\\\/07\\\/JUJUY-8.jpg\",\"articleSection\":[\"JUJUY\",\"Sociedad\"],\"inLanguage\":\"es-AR\",\"potentialAction\":[{\"@type\":\"CommentAction\",\"name\":\"Comment\",\"target\":[\"https:\\\/\\\/www.muyjujuy.com\\\/index.php\\\/2025\\\/07\\\/31\\\/manana-con-multiples-accidentes-en-la-capital-jujena-se-registraron-tres-choques-en-la-ruta-nacional-9\\\/#respond\"]}]},{\"@type\":\"WebPage\",\"@id\":\"https:\\\/\\\/www.muyjujuy.com\\\/index.php\\\/2025\\\/07\\\/31\\\/manana-con-multiples-accidentes-en-la-capital-jujena-se-registraron-tres-choques-en-la-ruta-nacional-9\\\/\",\"url\":\"https:\\\/\\\/www.muyjujuy.com\\\/index.php\\\/2025\\\/07\\\/31\\\/manana-con-multiples-accidentes-en-la-capital-jujena-se-registraron-tres-choques-en-la-ruta-nacional-9\\\/\",\"name\":\"Ma\u00f1ana con m\u00faltiples accidentes en la capital juje\u00f1a: se registraron tres choques en la Ruta Nacional 9 - Muy Jujuy\",\"isPartOf\":{\"@id\":\"https:\\\/\\\/www.muyjujuy.com\\\/#website\"},\"primaryImageOfPage\":{\"@id\":\"https:\\\/\\\/www.muyjujuy.com\\\/index.php\\\/2025\\\/07\\\/31\\\/manana-con-multiples-accidentes-en-la-capital-jujena-se-registraron-tres-choques-en-la-ruta-nacional-9\\\/#primaryimage\"},\"image\":{\"@id\":\"https:\\\/\\\/www.muyjujuy.com\\\/index.php\\\/2025\\\/07\\\/31\\\/manana-con-multiples-accidentes-en-la-capital-jujena-se-registraron-tres-choques-en-la-ruta-nacional-9\\\/#primaryimage\"},\"thumbnailUrl\":\"https:\\\/\\\/www.muyjujuy.com\\\/wp-content\\\/uploads\\\/2025\\\/07\\\/JUJUY-8.jpg\",\"datePublished\":\"2025-07-31T13:20:22+00:00\",\"breadcrumb\":{\"@id\":\"https:\\\/\\\/www.muyjujuy.com\\\/index.php\\\/2025\\\/07\\\/31\\\/manana-con-multiples-accidentes-en-la-capital-jujena-se-registraron-tres-choques-en-la-ruta-nacional-9\\\/#breadcrumb\"},\"inLanguage\":\"es-AR\",\"potentialAction\":[{\"@type\":\"ReadAction\",\"target\":[\"https:\\\/\\\/www.muyjujuy.com\\\/index.php\\\/2025\\\/07\\\/31\\\/manana-con-multiples-accidentes-en-la-capital-jujena-se-registraron-tres-choques-en-la-ruta-nacional-9\\\/\"]}]},{\"@type\":\"ImageObject\",\"inLanguage\":\"es-AR\",\"@id\":\"https:\\\/\\\/www.muyjujuy.com\\\/index.php\\\/2025\\\/07\\\/31\\\/manana-con-multiples-accidentes-en-la-capital-jujena-se-registraron-tres-choques-en-la-ruta-nacional-9\\\/#primaryimage\",\"url\":\"https:\\\/\\\/www.muyjujuy.com\\\/wp-content\\\/uploads\\\/2025\\\/07\\\/JUJUY-8.jpg\",\"contentUrl\":\"https:\\\/\\\/www.muyjujuy.com\\\/wp-content\\\/uploads\\\/2025\\\/07\\\/JUJUY-8.jpg\",\"width\":598,\"height\":534},{\"@type\":\"BreadcrumbList\",\"@id\":\"https:\\\/\\\/www.muyjujuy.com\\\/index.php\\\/2025\\\/07\\\/31\\\/manana-con-multiples-accidentes-en-la-capital-jujena-se-registraron-tres-choques-en-la-ruta-nacional-9\\\/#breadcrumb\",\"itemListElement\":[{\"@type\":\"ListItem\",\"position\":1,\"name\":\"Inicio\",\"item\":\"https:\\\/\\\/www.muyjujuy.com\\\/\"},{\"@type\":\"ListItem\",\"position\":2,\"name\":\"Ma\u00f1ana con m\u00faltiples accidentes en la capital juje\u00f1a: se registraron tres choques en la Ruta Nacional 9\"}]},{\"@type\":\"WebSite\",\"@id\":\"https:\\\/\\\/www.muyjujuy.com\\\/#website\",\"url\":\"https:\\\/\\\/www.muyjujuy.com\\\/\",\"name\":\"Muy Jujuy\",\"description\":\"\",\"publisher\":{\"@id\":\"https:\\\/\\\/www.muyjujuy.com\\\/#organization\"},\"potentialAction\":[{\"@type\":\"SearchAction\",\"target\":{\"@type\":\"EntryPoint\",\"urlTemplate\":\"https:\\\/\\\/www.muyjujuy.com\\\/?s={search_term_string}\"},\"query-input\":{\"@type\":\"PropertyValueSpecification\",\"valueRequired\":true,\"valueName\":\"search_term_string\"}}],\"inLanguage\":\"es-AR\"},{\"@type\":\"Organization\",\"@id\":\"https:\\\/\\\/www.muyjujuy.com\\\/#organization\",\"name\":\"Muy Jujuy\",\"url\":\"https:\\\/\\\/www.muyjujuy.com\\\/\",\"logo\":{\"@type\":\"ImageObject\",\"inLanguage\":\"es-AR\",\"@id\":\"https:\\\/\\\/www.muyjujuy.com\\\/#\\\/schema\\\/logo\\\/image\\\/\",\"url\":\"http:\\\/\\\/www.muyjujuy.com\\\/wp-content\\\/uploads\\\/2022\\\/05\\\/logo-mobil-jujuy.png\",\"contentUrl\":\"http:\\\/\\\/www.muyjujuy.com\\\/wp-content\\\/uploads\\\/2022\\\/05\\\/logo-mobil-jujuy.png\",\"width\":174,\"height\":81,\"caption\":\"Muy Jujuy\"},\"image\":{\"@id\":\"https:\\\/\\\/www.muyjujuy.com\\\/#\\\/schema\\\/logo\\\/image\\\/\"},\"sameAs\":[\"https:\\\/\\\/www.facebook.com\\\/muyjujuycom\",\"https:\\\/\\\/x.com\\\/muyjujuy\",\"https:\\\/\\\/www.instagram.com\\\/muyjujuycom\"]},{\"@type\":\"Person\",\"@id\":\"https:\\\/\\\/www.muyjujuy.com\\\/#\\\/schema\\\/person\\\/a3b63db1f387ec4149299954904c5bf0\",\"name\":\"admin\",\"image\":{\"@type\":\"ImageObject\",\"inLanguage\":\"es-AR\",\"@id\":\"https:\\\/\\\/secure.gravatar.com\\\/avatar\\\/b6e63d8d3a73633362405a0ad27e9c28391755813b59886f19a99d6cef8a03fc?s=96&d=mm&r=g\",\"url\":\"https:\\\/\\\/secure.gravatar.com\\\/avatar\\\/b6e63d8d3a73633362405a0ad27e9c28391755813b59886f19a99d6cef8a03fc?s=96&d=mm&r=g\",\"contentUrl\":\"https:\\\/\\\/secure.gravatar.com\\\/avatar\\\/b6e63d8d3a73633362405a0ad27e9c28391755813b59886f19a99d6cef8a03fc?s=96&d=mm&r=g\",\"caption\":\"admin\"},\"url\":\"https:\\\/\\\/www.muyjujuy.com\\\/index.php\\\/author\\\/soyeleditor\\\/\"}]}<\/script>\n<!-- \/ Yoast SEO plugin. -->","yoast_head_json":{"title":"Ma\u00f1ana con m\u00faltiples accidentes en la capital juje\u00f1a: se registraron tres choques en la Ruta Nacional 9 - Muy Jujuy","robots":{"index":"index","follow":"follow","max-snippet":"max-snippet:-1","max-image-preview":"max-image-preview:large","max-video-preview":"max-video-preview:-1"},"canonical":"https:\/\/www.muyjujuy.com\/index.php\/2025\/07\/31\/manana-con-multiples-accidentes-en-la-capital-jujena-se-registraron-tres-choques-en-la-ruta-nacional-9\/","og_locale":"es_ES","og_type":"article","og_title":"Ma\u00f1ana con m\u00faltiples accidentes en la capital juje\u00f1a: se registraron tres choques en la Ruta Nacional 9 - Muy Jujuy","og_description":"Con una diferencia de apenas tres horas y en un tramo de solo un kil\u00f3metro, se produjeron tres incidentes viales durante la ma\u00f1ana de hoy sobre la Ruta Nacional 9, en San Salvador de Jujuy. La jornada del 31 de julio comenz\u00f3 con tres colisiones en distintos puntos de la capital provincial, que ocasionaron da\u00f1os [&hellip;]","og_url":"https:\/\/www.muyjujuy.com\/index.php\/2025\/07\/31\/manana-con-multiples-accidentes-en-la-capital-jujena-se-registraron-tres-choques-en-la-ruta-nacional-9\/","og_site_name":"Muy Jujuy","article_publisher":"https:\/\/www.facebook.com\/muyjujuycom","article_published_time":"2025-07-31T13:20:22+00:00","author":"admin","twitter_card":"summary_large_image","twitter_creator":"@muyjujuy","twitter_site":"@muyjujuy","twitter_misc":{"Escrito por":"admin","Tiempo de lectura":"2 minutos"},"schema":{"@context":"https:\/\/schema.org","@graph":[{"@type":"Article","@id":"https:\/\/www.muyjujuy.com\/index.php\/2025\/07\/31\/manana-con-multiples-accidentes-en-la-capital-jujena-se-registraron-tres-choques-en-la-ruta-nacional-9\/#article","isPartOf":{"@id":"https:\/\/www.muyjujuy.com\/index.php\/2025\/07\/31\/manana-con-multiples-accidentes-en-la-capital-jujena-se-registraron-tres-choques-en-la-ruta-nacional-9\/"},"author":{"name":"admin","@id":"https:\/\/www.muyjujuy.com\/#\/schema\/person\/a3b63db1f387ec4149299954904c5bf0"},"headline":"Ma\u00f1ana con m\u00faltiples accidentes en la capital juje\u00f1a: se registraron tres choques en la Ruta Nacional 9","datePublished":"2025-07-31T13:20:22+00:00","mainEntityOfPage":{"@id":"https:\/\/www.muyjujuy.com\/index.php\/2025\/07\/31\/manana-con-multiples-accidentes-en-la-capital-jujena-se-registraron-tres-choques-en-la-ruta-nacional-9\/"},"wordCount":419,"commentCount":0,"publisher":{"@id":"https:\/\/www.muyjujuy.com\/#organization"},"image":{"@id":"https:\/\/www.muyjujuy.com\/index.php\/2025\/07\/31\/manana-con-multiples-accidentes-en-la-capital-jujena-se-registraron-tres-choques-en-la-ruta-nacional-9\/#primaryimage"},"thumbnailUrl":"https:\/\/www.muyjujuy.com\/wp-content\/uploads\/2025\/07\/JUJUY-8.jpg","articleSection":["JUJUY","Sociedad"],"inLanguage":"es-AR","potentialAction":[{"@type":"CommentAction","name":"Comment","target":["https:\/\/www.muyjujuy.com\/index.php\/2025\/07\/31\/manana-con-multiples-accidentes-en-la-capital-jujena-se-registraron-tres-choques-en-la-ruta-nacional-9\/#respond"]}]},{"@type":"WebPage","@id":"https:\/\/www.muyjujuy.com\/index.php\/2025\/07\/31\/manana-con-multiples-accidentes-en-la-capital-jujena-se-registraron-tres-choques-en-la-ruta-nacional-9\/","url":"https:\/\/www.muyjujuy.com\/index.php\/2025\/07\/31\/manana-con-multiples-accidentes-en-la-capital-jujena-se-registraron-tres-choques-en-la-ruta-nacional-9\/","name":"Ma\u00f1ana con m\u00faltiples accidentes en la capital juje\u00f1a: se registraron tres choques en la Ruta Nacional 9 - Muy Jujuy","isPartOf":{"@id":"https:\/\/www.muyjujuy.com\/#website"},"primaryImageOfPage":{"@id":"https:\/\/www.muyjujuy.com\/index.php\/2025\/07\/31\/manana-con-multiples-accidentes-en-la-capital-jujena-se-registraron-tres-choques-en-la-ruta-nacional-9\/#primaryimage"},"image":{"@id":"https:\/\/www.muyjujuy.com\/index.php\/2025\/07\/31\/manana-con-multiples-accidentes-en-la-capital-jujena-se-registraron-tres-choques-en-la-ruta-nacional-9\/#primaryimage"},"thumbnailUrl":"https:\/\/www.muyjujuy.com\/wp-content\/uploads\/2025\/07\/JUJUY-8.jpg","datePublished":"2025-07-31T13:20:22+00:00","breadcrumb":{"@id":"https:\/\/www.muyjujuy.com\/index.php\/2025\/07\/31\/manana-con-multiples-accidentes-en-la-capital-jujena-se-registraron-tres-choques-en-la-ruta-nacional-9\/#breadcrumb"},"inLanguage":"es-AR","potentialAction":[{"@type":"ReadAction","target":["https:\/\/www.muyjujuy.com\/index.php\/2025\/07\/31\/manana-con-multiples-accidentes-en-la-capital-jujena-se-registraron-tres-choques-en-la-ruta-nacional-9\/"]}]},{"@type":"ImageObject","inLanguage":"es-AR","@id":"https:\/\/www.muyjujuy.com\/index.php\/2025\/07\/31\/manana-con-multiples-accidentes-en-la-capital-jujena-se-registraron-tres-choques-en-la-ruta-nacional-9\/#primaryimage","url":"https:\/\/www.muyjujuy.com\/wp-content\/uploads\/2025\/07\/JUJUY-8.jpg","contentUrl":"https:\/\/www.muyjujuy.com\/wp-content\/uploads\/2025\/07\/JUJUY-8.jpg","width":598,"height":534},{"@type":"BreadcrumbList","@id":"https:\/\/www.muyjujuy.com\/index.php\/2025\/07\/31\/manana-con-multiples-accidentes-en-la-capital-jujena-se-registraron-tres-choques-en-la-ruta-nacional-9\/#breadcrumb","itemListElement":[{"@type":"ListItem","position":1,"name":"Inicio","item":"https:\/\/www.muyjujuy.com\/"},{"@type":"ListItem","position":2,"name":"Ma\u00f1ana con m\u00faltiples accidentes en la capital juje\u00f1a: se registraron tres choques en la Ruta Nacional 9"}]},{"@type":"WebSite","@id":"https:\/\/www.muyjujuy.com\/#website","url":"https:\/\/www.muyjujuy.com\/","name":"Muy Jujuy","description":"","publisher":{"@id":"https:\/\/www.muyjujuy.com\/#organization"},"potentialAction":[{"@type":"SearchAction","target":{"@type":"EntryPoint","urlTemplate":"https:\/\/www.muyjujuy.com\/?s={search_term_string}"},"query-input":{"@type":"PropertyValueSpecification","valueRequired":true,"valueName":"search_term_string"}}],"inLanguage":"es-AR"},{"@type":"Organization","@id":"https:\/\/www.muyjujuy.com\/#organization","name":"Muy Jujuy","url":"https:\/\/www.muyjujuy.com\/","logo":{"@type":"ImageObject","inLanguage":"es-AR","@id":"https:\/\/www.muyjujuy.com\/#\/schema\/logo\/image\/","url":"http:\/\/www.muyjujuy.com\/wp-content\/uploads\/2022\/05\/logo-mobil-jujuy.png","contentUrl":"http:\/\/www.muyjujuy.com\/wp-content\/uploads\/2022\/05\/logo-mobil-jujuy.png","width":174,"height":81,"caption":"Muy Jujuy"},"image":{"@id":"https:\/\/www.muyjujuy.com\/#\/schema\/logo\/image\/"},"sameAs":["https:\/\/www.facebook.com\/muyjujuycom","https:\/\/x.com\/muyjujuy","https:\/\/www.instagram.com\/muyjujuycom"]},{"@type":"Person","@id":"https:\/\/www.muyjujuy.com\/#\/schema\/person\/a3b63db1f387ec4149299954904c5bf0","name":"admin","image":{"@type":"ImageObject","inLanguage":"es-AR","@id":"https:\/\/secure.gravatar.com\/avatar\/b6e63d8d3a73633362405a0ad27e9c28391755813b59886f19a99d6cef8a03fc?s=96&d=mm&r=g","url":"https:\/\/secure.gravatar.com\/avatar\/b6e63d8d3a73633362405a0ad27e9c28391755813b59886f19a99d6cef8a03fc?s=96&d=mm&r=g","contentUrl":"https:\/\/secure.gravatar.com\/avatar\/b6e63d8d3a73633362405a0ad27e9c28391755813b59886f19a99d6cef8a03fc?s=96&d=mm&r=g","caption":"admin"},"url":"https:\/\/www.muyjujuy.com\/index.php\/author\/soyeleditor\/"}]}},"_links":{"self":[{"href":"https:\/\/www.muyjujuy.com\/index.php\/wp-json\/wp\/v2\/posts\/2762","targetHints":{"allow":["GET"]}}],"collection":[{"href":"https:\/\/www.muyjujuy.com\/index.php\/wp-json\/wp\/v2\/posts"}],"about":[{"href":"https:\/\/www.muyjujuy.com\/index.php\/wp-json\/wp\/v2\/types\/post"}],"author":[{"embeddable":true,"href":"https:\/\/www.muyjujuy.com\/index.php\/wp-json\/wp\/v2\/users\/1"}],"replies":[{"embeddable":true,"href":"https:\/\/www.muyjujuy.com\/index.php\/wp-json\/wp\/v2\/comments?post=2762"}],"version-history":[{"count":1,"href":"https:\/\/www.muyjujuy.com\/index.php\/wp-json\/wp\/v2\/posts\/2762\/revisions"}],"predecessor-version":[{"id":2764,"href":"https:\/\/www.muyjujuy.com\/index.php\/wp-json\/wp\/v2\/posts\/2762\/revisions\/2764"}],"wp:featuredmedia":[{"embeddable":true,"href":"https:\/\/www.muyjujuy.com\/index.php\/wp-json\/wp\/v2\/media\/2763"}],"wp:attachment":[{"href":"https:\/\/www.muyjujuy.com\/index.php\/wp-json\/wp\/v2\/media?parent=2762"}],"wp:term":[{"taxonomy":"category","embeddable":true,"href":"https:\/\/www.muyjujuy.com\/index.php\/wp-json\/wp\/v2\/categories?post=2762"},{"taxonomy":"post_tag","embeddable":true,"href":"https:\/\/www.muyjujuy.com\/index.php\/wp-json\/wp\/v2\/tags?post=2762"}],"curies":[{"name":"wp","href":"https:\/\/api.w.org\/{rel}","templated":true}]}}