{"id":277,"date":"2022-05-24T15:35:35","date_gmt":"2022-05-24T18:35:35","guid":{"rendered":"https:\/\/www.muyjujuy.com\/?p=277"},"modified":"2022-05-24T16:11:59","modified_gmt":"2022-05-24T19:11:59","slug":"25-de-mayo-la-comida-tipica-que-no-puede-faltar","status":"publish","type":"post","link":"https:\/\/www.muyjujuy.com\/index.php\/2022\/05\/24\/25-de-mayo-la-comida-tipica-que-no-puede-faltar\/","title":{"rendered":"25 de Mayo: la comida t\u00edpica que no puede faltar"},"content":{"rendered":"\n<p>Para esta fecha patria habr\u00e1 una oferta culinaria enfocada en la \u00e9poca colonial. Sabor, cultura y tradici\u00f3n: conoc\u00e9 la historia de la comida t\u00edpica que no puede faltar en tu mesa.<\/p>\n\n\n\n<figure class=\"wp-block-image size-full\"><img loading=\"lazy\" decoding=\"async\" width=\"850\" height=\"560\" src=\"https:\/\/www.muyjujuy.com\/wp-content\/uploads\/2022\/05\/marpla.jpg\" alt=\"\" class=\"wp-image-278\" srcset=\"https:\/\/www.muyjujuy.com\/wp-content\/uploads\/2022\/05\/marpla.jpg 850w, https:\/\/www.muyjujuy.com\/wp-content\/uploads\/2022\/05\/marpla-300x198.jpg 300w, https:\/\/www.muyjujuy.com\/wp-content\/uploads\/2022\/05\/marpla-768x506.jpg 768w, https:\/\/www.muyjujuy.com\/wp-content\/uploads\/2022\/05\/marpla-150x99.jpg 150w, https:\/\/www.muyjujuy.com\/wp-content\/uploads\/2022\/05\/marpla-696x459.jpg 696w\" sizes=\"auto, (max-width: 850px) 100vw, 850px\" \/><\/figure>\n\n\n\n<p>Se trata del plato que mayor referencia acumula si de remembrar tiempos revolucionarios se trata. Cuando el calendario marca una conmemoraci\u00f3n hist\u00f3rica, la familia argentina aprovecha para transitar el recordatorio degustando la gastronom\u00eda regional. Las elecciones var\u00edan entre las m\u00e1s ortodoxas y lo m\u00e1s pr\u00e1cticas: empanadas, asado, pizza, choripanes, guiso, buseca, entre otros. Sin embargo hay una comida t\u00edpica que no puede faltar para una jornada especial: el Locro.<\/p>\n\n\n\n<h2 class=\"wp-block-heading\">Un repaso sobre la historia de esta comida t\u00edpica<\/h2>\n\n\n\n<p>Esta tradicional oferta culinaria contiene los sabores de la regi\u00f3n, la vigencia del pasado y una invitaci\u00f3n constante a reflexionar sobre nuestros or\u00edgenes. El locro pertenec\u00eda a la dieta de los indios Quechuas, llamado \u201cluqru\u201d o \u201crucru\u201d. Se trataba de un guiso hecho a base de zapallo, ma\u00edz y porotos. Pese a su origen precolombino, en cada provincia argentina la preparaci\u00f3n var\u00eda. No obstante el procedimiento de cocci\u00f3n, a fuego lento por horas, y la base de vegetales que la componen, son los rasgos inmutables de este plato ic\u00f3nico. <\/p>\n\n\n\n<p>Los ingredientes principales del locro son: ma\u00edz blanco, tripa gorda, porotos, chorizo criollo, calabaza, cebolla blanca, papa, cuerito de cerdo. Tambi\u00e9n est\u00e1n quienes eligen por agregar chorizo colorado, panceta, pechito de cerdo, ajo, apio, puerro, morr\u00f3n, falda e inclusive salsa picante.<\/p>\n\n\n\n<p>Antiguamente se utilizaban escasos ingredientes algo que con el tiempo cambi\u00f3: se fueron sumando la panceta, el chorizo colorado, entre otros. En la actualidad se lo consume en casas de comida, festivales de folclore, ollas populares, bares de barrio. Ya sea en una cazuela, en un plato hondo, en un tupper, el locro no puede faltar. <br><\/p>\n\n\n\n<p>En la Semana de Mayo se recuerda a los proceres y heroinas que lideraron al pueblo en la liberaci\u00f3n e independencia de la corona espa\u00f1ola. El pa\u00eds se brinda homenaje con encuentros donde la m\u00fasica tel\u00farica, las historias y la comida convergen en un ritual sin igual.<\/p>\n\n\n\n<p> Se acerca el 25 de Mayo \u00bfvos qu\u00e9 vas a cocinar? Record\u00e1 informarte sobre todo lo que sucede en la provincia de Jujuy, en el pa\u00eds y en el mundo en <a href=\"http:\/\/www.muyjujuy.com\">MuyJujuy<\/a>. <\/p>\n","protected":false},"excerpt":{"rendered":"<p>Para esta fecha patria habr\u00e1 una oferta culinaria enfocada en la \u00e9poca colonial. Sabor, cultura y tradici\u00f3n: conoc\u00e9 la historia de la comida t\u00edpica que no puede faltar en tu mesa. Se trata del plato que mayor referencia acumula si de remembrar tiempos revolucionarios se trata. Cuando el calendario marca una conmemoraci\u00f3n hist\u00f3rica, la familia [&hellip;]<\/p>\n","protected":false},"author":3,"featured_media":281,"comment_status":"open","ping_status":"open","sticky":false,"template":"","format":"standard","meta":{"footnotes":""},"categories":[25],"tags":[],"class_list":{"0":"post-277","1":"post","2":"type-post","3":"status-publish","4":"format-standard","5":"has-post-thumbnail","7":"category-sociedad"},"yoast_head":"<!-- This site is optimized with the Yoast SEO plugin v27.5 - https:\/\/yoast.com\/product\/yoast-seo-wordpress\/ -->\n<title>25 de Mayo: la comida t\u00edpica que no puede faltar - Muy Jujuy<\/title>\n<meta name=\"description\" content=\"Sabor, cultura y tradici\u00f3n: conoc\u00e9 la historia de la comida t\u00edpica que no puede faltar en tu mesa. \u00bfvos que vas a cocinar?\" \/>\n<meta name=\"robots\" content=\"index, follow, max-snippet:-1, max-image-preview:large, max-video-preview:-1\" \/>\n<link rel=\"canonical\" href=\"https:\/\/www.muyjujuy.com\/index.php\/2022\/05\/24\/25-de-mayo-la-comida-tipica-que-no-puede-faltar\/\" \/>\n<meta property=\"og:locale\" content=\"es_ES\" \/>\n<meta property=\"og:type\" content=\"article\" \/>\n<meta property=\"og:title\" content=\"25 de Mayo: la comida t\u00edpica que no puede faltar - Muy Jujuy\" \/>\n<meta property=\"og:description\" content=\"Sabor, cultura y tradici\u00f3n: conoc\u00e9 la historia de la comida t\u00edpica que no puede faltar en tu mesa. \u00bfvos que vas a cocinar?\" \/>\n<meta property=\"og:url\" content=\"https:\/\/www.muyjujuy.com\/index.php\/2022\/05\/24\/25-de-mayo-la-comida-tipica-que-no-puede-faltar\/\" \/>\n<meta property=\"og:site_name\" content=\"Muy Jujuy\" \/>\n<meta property=\"article:publisher\" content=\"https:\/\/www.facebook.com\/muyjujuycom\" \/>\n<meta property=\"article:published_time\" content=\"2022-05-24T18:35:35+00:00\" \/>\n<meta property=\"article:modified_time\" content=\"2022-05-24T19:11:59+00:00\" \/>\n<meta property=\"og:image\" content=\"https:\/\/www.muyjujuy.com\/wp-content\/uploads\/2022\/05\/clar.webp\" \/>\n\t<meta property=\"og:image:width\" content=\"720\" \/>\n\t<meta property=\"og:image:height\" content=\"478\" \/>\n\t<meta property=\"og:image:type\" content=\"image\/webp\" \/>\n<meta name=\"author\" content=\"Redacci\u00f3n Muy Jujuy\" \/>\n<meta name=\"twitter:card\" content=\"summary_large_image\" \/>\n<meta name=\"twitter:creator\" content=\"@muyjujuy\" \/>\n<meta name=\"twitter:site\" content=\"@muyjujuy\" \/>\n<meta name=\"twitter:label1\" content=\"Escrito por\" \/>\n\t<meta name=\"twitter:data1\" content=\"Redacci\u00f3n Muy Jujuy\" \/>\n\t<meta name=\"twitter:label2\" content=\"Tiempo de lectura\" \/>\n\t<meta name=\"twitter:data2\" content=\"2 minutos\" \/>\n<script type=\"application\/ld+json\" class=\"yoast-schema-graph\">{\"@context\":\"https:\\\/\\\/schema.org\",\"@graph\":[{\"@type\":\"Article\",\"@id\":\"https:\\\/\\\/www.muyjujuy.com\\\/index.php\\\/2022\\\/05\\\/24\\\/25-de-mayo-la-comida-tipica-que-no-puede-faltar\\\/#article\",\"isPartOf\":{\"@id\":\"https:\\\/\\\/www.muyjujuy.com\\\/index.php\\\/2022\\\/05\\\/24\\\/25-de-mayo-la-comida-tipica-que-no-puede-faltar\\\/\"},\"author\":{\"name\":\"Redacci\u00f3n Muy Jujuy\",\"@id\":\"https:\\\/\\\/www.muyjujuy.com\\\/#\\\/schema\\\/person\\\/1d0f6e223ccea9e3f9034c1a5b683bf2\"},\"headline\":\"25 de Mayo: la comida t\u00edpica que no puede faltar\",\"datePublished\":\"2022-05-24T18:35:35+00:00\",\"dateModified\":\"2022-05-24T19:11:59+00:00\",\"mainEntityOfPage\":{\"@id\":\"https:\\\/\\\/www.muyjujuy.com\\\/index.php\\\/2022\\\/05\\\/24\\\/25-de-mayo-la-comida-tipica-que-no-puede-faltar\\\/\"},\"wordCount\":413,\"commentCount\":0,\"publisher\":{\"@id\":\"https:\\\/\\\/www.muyjujuy.com\\\/#organization\"},\"image\":{\"@id\":\"https:\\\/\\\/www.muyjujuy.com\\\/index.php\\\/2022\\\/05\\\/24\\\/25-de-mayo-la-comida-tipica-que-no-puede-faltar\\\/#primaryimage\"},\"thumbnailUrl\":\"https:\\\/\\\/www.muyjujuy.com\\\/wp-content\\\/uploads\\\/2022\\\/05\\\/clar.webp\",\"articleSection\":[\"Sociedad\"],\"inLanguage\":\"es-AR\",\"potentialAction\":[{\"@type\":\"CommentAction\",\"name\":\"Comment\",\"target\":[\"https:\\\/\\\/www.muyjujuy.com\\\/index.php\\\/2022\\\/05\\\/24\\\/25-de-mayo-la-comida-tipica-que-no-puede-faltar\\\/#respond\"]}]},{\"@type\":\"WebPage\",\"@id\":\"https:\\\/\\\/www.muyjujuy.com\\\/index.php\\\/2022\\\/05\\\/24\\\/25-de-mayo-la-comida-tipica-que-no-puede-faltar\\\/\",\"url\":\"https:\\\/\\\/www.muyjujuy.com\\\/index.php\\\/2022\\\/05\\\/24\\\/25-de-mayo-la-comida-tipica-que-no-puede-faltar\\\/\",\"name\":\"25 de Mayo: la comida t\u00edpica que no puede faltar - Muy Jujuy\",\"isPartOf\":{\"@id\":\"https:\\\/\\\/www.muyjujuy.com\\\/#website\"},\"primaryImageOfPage\":{\"@id\":\"https:\\\/\\\/www.muyjujuy.com\\\/index.php\\\/2022\\\/05\\\/24\\\/25-de-mayo-la-comida-tipica-que-no-puede-faltar\\\/#primaryimage\"},\"image\":{\"@id\":\"https:\\\/\\\/www.muyjujuy.com\\\/index.php\\\/2022\\\/05\\\/24\\\/25-de-mayo-la-comida-tipica-que-no-puede-faltar\\\/#primaryimage\"},\"thumbnailUrl\":\"https:\\\/\\\/www.muyjujuy.com\\\/wp-content\\\/uploads\\\/2022\\\/05\\\/clar.webp\",\"datePublished\":\"2022-05-24T18:35:35+00:00\",\"dateModified\":\"2022-05-24T19:11:59+00:00\",\"description\":\"Sabor, cultura y tradici\u00f3n: conoc\u00e9 la historia de la comida t\u00edpica que no puede faltar en tu mesa. \u00bfvos que vas a cocinar?\",\"breadcrumb\":{\"@id\":\"https:\\\/\\\/www.muyjujuy.com\\\/index.php\\\/2022\\\/05\\\/24\\\/25-de-mayo-la-comida-tipica-que-no-puede-faltar\\\/#breadcrumb\"},\"inLanguage\":\"es-AR\",\"potentialAction\":[{\"@type\":\"ReadAction\",\"target\":[\"https:\\\/\\\/www.muyjujuy.com\\\/index.php\\\/2022\\\/05\\\/24\\\/25-de-mayo-la-comida-tipica-que-no-puede-faltar\\\/\"]}]},{\"@type\":\"ImageObject\",\"inLanguage\":\"es-AR\",\"@id\":\"https:\\\/\\\/www.muyjujuy.com\\\/index.php\\\/2022\\\/05\\\/24\\\/25-de-mayo-la-comida-tipica-que-no-puede-faltar\\\/#primaryimage\",\"url\":\"https:\\\/\\\/www.muyjujuy.com\\\/wp-content\\\/uploads\\\/2022\\\/05\\\/clar.webp\",\"contentUrl\":\"https:\\\/\\\/www.muyjujuy.com\\\/wp-content\\\/uploads\\\/2022\\\/05\\\/clar.webp\",\"width\":720,\"height\":478,\"caption\":\"imagen: Clar\u00edn\"},{\"@type\":\"BreadcrumbList\",\"@id\":\"https:\\\/\\\/www.muyjujuy.com\\\/index.php\\\/2022\\\/05\\\/24\\\/25-de-mayo-la-comida-tipica-que-no-puede-faltar\\\/#breadcrumb\",\"itemListElement\":[{\"@type\":\"ListItem\",\"position\":1,\"name\":\"Inicio\",\"item\":\"https:\\\/\\\/www.muyjujuy.com\\\/\"},{\"@type\":\"ListItem\",\"position\":2,\"name\":\"25 de Mayo: la comida t\u00edpica que no puede faltar\"}]},{\"@type\":\"WebSite\",\"@id\":\"https:\\\/\\\/www.muyjujuy.com\\\/#website\",\"url\":\"https:\\\/\\\/www.muyjujuy.com\\\/\",\"name\":\"Muy Jujuy\",\"description\":\"\",\"publisher\":{\"@id\":\"https:\\\/\\\/www.muyjujuy.com\\\/#organization\"},\"potentialAction\":[{\"@type\":\"SearchAction\",\"target\":{\"@type\":\"EntryPoint\",\"urlTemplate\":\"https:\\\/\\\/www.muyjujuy.com\\\/?s={search_term_string}\"},\"query-input\":{\"@type\":\"PropertyValueSpecification\",\"valueRequired\":true,\"valueName\":\"search_term_string\"}}],\"inLanguage\":\"es-AR\"},{\"@type\":\"Organization\",\"@id\":\"https:\\\/\\\/www.muyjujuy.com\\\/#organization\",\"name\":\"Muy Jujuy\",\"url\":\"https:\\\/\\\/www.muyjujuy.com\\\/\",\"logo\":{\"@type\":\"ImageObject\",\"inLanguage\":\"es-AR\",\"@id\":\"https:\\\/\\\/www.muyjujuy.com\\\/#\\\/schema\\\/logo\\\/image\\\/\",\"url\":\"http:\\\/\\\/www.muyjujuy.com\\\/wp-content\\\/uploads\\\/2022\\\/05\\\/logo-mobil-jujuy.png\",\"contentUrl\":\"http:\\\/\\\/www.muyjujuy.com\\\/wp-content\\\/uploads\\\/2022\\\/05\\\/logo-mobil-jujuy.png\",\"width\":174,\"height\":81,\"caption\":\"Muy Jujuy\"},\"image\":{\"@id\":\"https:\\\/\\\/www.muyjujuy.com\\\/#\\\/schema\\\/logo\\\/image\\\/\"},\"sameAs\":[\"https:\\\/\\\/www.facebook.com\\\/muyjujuycom\",\"https:\\\/\\\/x.com\\\/muyjujuy\",\"https:\\\/\\\/www.instagram.com\\\/muyjujuycom\"]},{\"@type\":\"Person\",\"@id\":\"https:\\\/\\\/www.muyjujuy.com\\\/#\\\/schema\\\/person\\\/1d0f6e223ccea9e3f9034c1a5b683bf2\",\"name\":\"Redacci\u00f3n Muy Jujuy\",\"image\":{\"@type\":\"ImageObject\",\"inLanguage\":\"es-AR\",\"@id\":\"https:\\\/\\\/secure.gravatar.com\\\/avatar\\\/fec5f6f1893d741ed5eecccff109ce43e67a855411202a3212a058cb8e5c27d4?s=96&d=mm&r=g\",\"url\":\"https:\\\/\\\/secure.gravatar.com\\\/avatar\\\/fec5f6f1893d741ed5eecccff109ce43e67a855411202a3212a058cb8e5c27d4?s=96&d=mm&r=g\",\"contentUrl\":\"https:\\\/\\\/secure.gravatar.com\\\/avatar\\\/fec5f6f1893d741ed5eecccff109ce43e67a855411202a3212a058cb8e5c27d4?s=96&d=mm&r=g\",\"caption\":\"Redacci\u00f3n Muy Jujuy\"},\"url\":\"https:\\\/\\\/www.muyjujuy.com\\\/index.php\\\/author\\\/editor\\\/\"}]}<\/script>\n<!-- \/ Yoast SEO plugin. -->","yoast_head_json":{"title":"25 de Mayo: la comida t\u00edpica que no puede faltar - Muy Jujuy","description":"Sabor, cultura y tradici\u00f3n: conoc\u00e9 la historia de la comida t\u00edpica que no puede faltar en tu mesa. \u00bfvos que vas a cocinar?","robots":{"index":"index","follow":"follow","max-snippet":"max-snippet:-1","max-image-preview":"max-image-preview:large","max-video-preview":"max-video-preview:-1"},"canonical":"https:\/\/www.muyjujuy.com\/index.php\/2022\/05\/24\/25-de-mayo-la-comida-tipica-que-no-puede-faltar\/","og_locale":"es_ES","og_type":"article","og_title":"25 de Mayo: la comida t\u00edpica que no puede faltar - Muy Jujuy","og_description":"Sabor, cultura y tradici\u00f3n: conoc\u00e9 la historia de la comida t\u00edpica que no puede faltar en tu mesa. \u00bfvos que vas a cocinar?","og_url":"https:\/\/www.muyjujuy.com\/index.php\/2022\/05\/24\/25-de-mayo-la-comida-tipica-que-no-puede-faltar\/","og_site_name":"Muy Jujuy","article_publisher":"https:\/\/www.facebook.com\/muyjujuycom","article_published_time":"2022-05-24T18:35:35+00:00","article_modified_time":"2022-05-24T19:11:59+00:00","og_image":[{"width":720,"height":478,"url":"https:\/\/www.muyjujuy.com\/wp-content\/uploads\/2022\/05\/clar.webp","type":"image\/webp"}],"author":"Redacci\u00f3n Muy Jujuy","twitter_card":"summary_large_image","twitter_creator":"@muyjujuy","twitter_site":"@muyjujuy","twitter_misc":{"Escrito por":"Redacci\u00f3n Muy Jujuy","Tiempo de lectura":"2 minutos"},"schema":{"@context":"https:\/\/schema.org","@graph":[{"@type":"Article","@id":"https:\/\/www.muyjujuy.com\/index.php\/2022\/05\/24\/25-de-mayo-la-comida-tipica-que-no-puede-faltar\/#article","isPartOf":{"@id":"https:\/\/www.muyjujuy.com\/index.php\/2022\/05\/24\/25-de-mayo-la-comida-tipica-que-no-puede-faltar\/"},"author":{"name":"Redacci\u00f3n Muy Jujuy","@id":"https:\/\/www.muyjujuy.com\/#\/schema\/person\/1d0f6e223ccea9e3f9034c1a5b683bf2"},"headline":"25 de Mayo: la comida t\u00edpica que no puede faltar","datePublished":"2022-05-24T18:35:35+00:00","dateModified":"2022-05-24T19:11:59+00:00","mainEntityOfPage":{"@id":"https:\/\/www.muyjujuy.com\/index.php\/2022\/05\/24\/25-de-mayo-la-comida-tipica-que-no-puede-faltar\/"},"wordCount":413,"commentCount":0,"publisher":{"@id":"https:\/\/www.muyjujuy.com\/#organization"},"image":{"@id":"https:\/\/www.muyjujuy.com\/index.php\/2022\/05\/24\/25-de-mayo-la-comida-tipica-que-no-puede-faltar\/#primaryimage"},"thumbnailUrl":"https:\/\/www.muyjujuy.com\/wp-content\/uploads\/2022\/05\/clar.webp","articleSection":["Sociedad"],"inLanguage":"es-AR","potentialAction":[{"@type":"CommentAction","name":"Comment","target":["https:\/\/www.muyjujuy.com\/index.php\/2022\/05\/24\/25-de-mayo-la-comida-tipica-que-no-puede-faltar\/#respond"]}]},{"@type":"WebPage","@id":"https:\/\/www.muyjujuy.com\/index.php\/2022\/05\/24\/25-de-mayo-la-comida-tipica-que-no-puede-faltar\/","url":"https:\/\/www.muyjujuy.com\/index.php\/2022\/05\/24\/25-de-mayo-la-comida-tipica-que-no-puede-faltar\/","name":"25 de Mayo: la comida t\u00edpica que no puede faltar - Muy Jujuy","isPartOf":{"@id":"https:\/\/www.muyjujuy.com\/#website"},"primaryImageOfPage":{"@id":"https:\/\/www.muyjujuy.com\/index.php\/2022\/05\/24\/25-de-mayo-la-comida-tipica-que-no-puede-faltar\/#primaryimage"},"image":{"@id":"https:\/\/www.muyjujuy.com\/index.php\/2022\/05\/24\/25-de-mayo-la-comida-tipica-que-no-puede-faltar\/#primaryimage"},"thumbnailUrl":"https:\/\/www.muyjujuy.com\/wp-content\/uploads\/2022\/05\/clar.webp","datePublished":"2022-05-24T18:35:35+00:00","dateModified":"2022-05-24T19:11:59+00:00","description":"Sabor, cultura y tradici\u00f3n: conoc\u00e9 la historia de la comida t\u00edpica que no puede faltar en tu mesa. \u00bfvos que vas a cocinar?","breadcrumb":{"@id":"https:\/\/www.muyjujuy.com\/index.php\/2022\/05\/24\/25-de-mayo-la-comida-tipica-que-no-puede-faltar\/#breadcrumb"},"inLanguage":"es-AR","potentialAction":[{"@type":"ReadAction","target":["https:\/\/www.muyjujuy.com\/index.php\/2022\/05\/24\/25-de-mayo-la-comida-tipica-que-no-puede-faltar\/"]}]},{"@type":"ImageObject","inLanguage":"es-AR","@id":"https:\/\/www.muyjujuy.com\/index.php\/2022\/05\/24\/25-de-mayo-la-comida-tipica-que-no-puede-faltar\/#primaryimage","url":"https:\/\/www.muyjujuy.com\/wp-content\/uploads\/2022\/05\/clar.webp","contentUrl":"https:\/\/www.muyjujuy.com\/wp-content\/uploads\/2022\/05\/clar.webp","width":720,"height":478,"caption":"imagen: Clar\u00edn"},{"@type":"BreadcrumbList","@id":"https:\/\/www.muyjujuy.com\/index.php\/2022\/05\/24\/25-de-mayo-la-comida-tipica-que-no-puede-faltar\/#breadcrumb","itemListElement":[{"@type":"ListItem","position":1,"name":"Inicio","item":"https:\/\/www.muyjujuy.com\/"},{"@type":"ListItem","position":2,"name":"25 de Mayo: la comida t\u00edpica que no puede faltar"}]},{"@type":"WebSite","@id":"https:\/\/www.muyjujuy.com\/#website","url":"https:\/\/www.muyjujuy.com\/","name":"Muy Jujuy","description":"","publisher":{"@id":"https:\/\/www.muyjujuy.com\/#organization"},"potentialAction":[{"@type":"SearchAction","target":{"@type":"EntryPoint","urlTemplate":"https:\/\/www.muyjujuy.com\/?s={search_term_string}"},"query-input":{"@type":"PropertyValueSpecification","valueRequired":true,"valueName":"search_term_string"}}],"inLanguage":"es-AR"},{"@type":"Organization","@id":"https:\/\/www.muyjujuy.com\/#organization","name":"Muy Jujuy","url":"https:\/\/www.muyjujuy.com\/","logo":{"@type":"ImageObject","inLanguage":"es-AR","@id":"https:\/\/www.muyjujuy.com\/#\/schema\/logo\/image\/","url":"http:\/\/www.muyjujuy.com\/wp-content\/uploads\/2022\/05\/logo-mobil-jujuy.png","contentUrl":"http:\/\/www.muyjujuy.com\/wp-content\/uploads\/2022\/05\/logo-mobil-jujuy.png","width":174,"height":81,"caption":"Muy Jujuy"},"image":{"@id":"https:\/\/www.muyjujuy.com\/#\/schema\/logo\/image\/"},"sameAs":["https:\/\/www.facebook.com\/muyjujuycom","https:\/\/x.com\/muyjujuy","https:\/\/www.instagram.com\/muyjujuycom"]},{"@type":"Person","@id":"https:\/\/www.muyjujuy.com\/#\/schema\/person\/1d0f6e223ccea9e3f9034c1a5b683bf2","name":"Redacci\u00f3n Muy Jujuy","image":{"@type":"ImageObject","inLanguage":"es-AR","@id":"https:\/\/secure.gravatar.com\/avatar\/fec5f6f1893d741ed5eecccff109ce43e67a855411202a3212a058cb8e5c27d4?s=96&d=mm&r=g","url":"https:\/\/secure.gravatar.com\/avatar\/fec5f6f1893d741ed5eecccff109ce43e67a855411202a3212a058cb8e5c27d4?s=96&d=mm&r=g","contentUrl":"https:\/\/secure.gravatar.com\/avatar\/fec5f6f1893d741ed5eecccff109ce43e67a855411202a3212a058cb8e5c27d4?s=96&d=mm&r=g","caption":"Redacci\u00f3n Muy Jujuy"},"url":"https:\/\/www.muyjujuy.com\/index.php\/author\/editor\/"}]}},"_links":{"self":[{"href":"https:\/\/www.muyjujuy.com\/index.php\/wp-json\/wp\/v2\/posts\/277","targetHints":{"allow":["GET"]}}],"collection":[{"href":"https:\/\/www.muyjujuy.com\/index.php\/wp-json\/wp\/v2\/posts"}],"about":[{"href":"https:\/\/www.muyjujuy.com\/index.php\/wp-json\/wp\/v2\/types\/post"}],"author":[{"embeddable":true,"href":"https:\/\/www.muyjujuy.com\/index.php\/wp-json\/wp\/v2\/users\/3"}],"replies":[{"embeddable":true,"href":"https:\/\/www.muyjujuy.com\/index.php\/wp-json\/wp\/v2\/comments?post=277"}],"version-history":[{"count":1,"href":"https:\/\/www.muyjujuy.com\/index.php\/wp-json\/wp\/v2\/posts\/277\/revisions"}],"predecessor-version":[{"id":282,"href":"https:\/\/www.muyjujuy.com\/index.php\/wp-json\/wp\/v2\/posts\/277\/revisions\/282"}],"wp:featuredmedia":[{"embeddable":true,"href":"https:\/\/www.muyjujuy.com\/index.php\/wp-json\/wp\/v2\/media\/281"}],"wp:attachment":[{"href":"https:\/\/www.muyjujuy.com\/index.php\/wp-json\/wp\/v2\/media?parent=277"}],"wp:term":[{"taxonomy":"category","embeddable":true,"href":"https:\/\/www.muyjujuy.com\/index.php\/wp-json\/wp\/v2\/categories?post=277"},{"taxonomy":"post_tag","embeddable":true,"href":"https:\/\/www.muyjujuy.com\/index.php\/wp-json\/wp\/v2\/tags?post=277"}],"curies":[{"name":"wp","href":"https:\/\/api.w.org\/{rel}","templated":true}]}}