{"id":2774,"date":"2025-08-04T09:02:56","date_gmt":"2025-08-04T12:02:56","guid":{"rendered":"https:\/\/www.muyjujuy.com\/?p=2774"},"modified":"2025-08-04T09:02:56","modified_gmt":"2025-08-04T12:02:56","slug":"mas-de-20-mil-docentes-participaron-en-instancias-de-formacion-durante-el-ano","status":"publish","type":"post","link":"https:\/\/www.muyjujuy.com\/index.php\/2025\/08\/04\/mas-de-20-mil-docentes-participaron-en-instancias-de-formacion-durante-el-ano\/","title":{"rendered":"M\u00e1s de 20 mil docentes participaron en instancias de formaci\u00f3n durante el a\u00f1o"},"content":{"rendered":"\n<p><strong>Docentes, equipos directivos, supervisores y personal t\u00e9cnico<\/strong> de todos los niveles educativos tomaron parte en las distintas propuestas organizadas con el prop\u00f3sito de <strong>fortalecer las pr\u00e1cticas pedag\u00f3gicas<\/strong>, fomentar <strong>v\u00ednculos positivos<\/strong> y ofrecer <strong>nuevas herramientas<\/strong> para el trabajo en las aulas.<\/p>\n\n\n\n<p>Estos encuentros funcionaron como espacios para el <strong>intercambio, la reflexi\u00f3n y el aprendizaje<\/strong>, y se destac\u00f3 la <strong>activa participaci\u00f3n del cuerpo docente juje\u00f1o<\/strong>, reafirmando su <strong>compromiso con la formaci\u00f3n permanente<\/strong>.<\/p>\n\n\n\n<p>En ese sentido, la <strong>ministra de Educaci\u00f3n de Jujuy, Miriam Serrano<\/strong>, subray\u00f3 la relevancia de sostener nuevas iniciativas orientadas a construir colectivamente una <strong>educaci\u00f3n p\u00fablica transformadora y de calidad<\/strong> en toda la provincia.<\/p>\n\n\n\n<p>Entre las propuestas destacadas, se cont\u00f3 con la presencia de <strong>Laura Pitluk<\/strong>, quien desarroll\u00f3 en el <strong>Estadio Federaci\u00f3n<\/strong> el conversatorio \u201c<strong>Los irrenunciables de la educaci\u00f3n<\/strong>\u201d, dirigido a educadores del <strong>Nivel Inicial<\/strong> y jardines maternales; y tambi\u00e9n de la reconocida autora <strong>Mar\u00eda Zysman<\/strong>, que en el mismo escenario ofreci\u00f3 la conferencia \u201c<strong>Bullying y ciberbullying. Estrategias de prevenci\u00f3n, detecci\u00f3n e intervenci\u00f3n<\/strong>\u201d, abordando temas fundamentales junto a docentes de distintos niveles.<\/p>\n\n\n\n<p>Durante el mes anterior, una nueva y concurrida jornada de capacitaci\u00f3n recibi\u00f3 al especialista <strong>Hern\u00e1n Aldana<\/strong>, en el marco de los <strong>Ateneos de Alfabetizaci\u00f3n<\/strong>, donde abord\u00f3 la tem\u00e1tica \u201c<strong>Neurociencias y emoci\u00f3n para ense\u00f1ar<\/strong>\u201d.<\/p>\n\n\n\n<p>La semana pasada, en el gimnasio del <strong>Colegio Santa Teresita<\/strong>, la referente en <strong>Educaci\u00f3n Inclusiva, Silvana Corso<\/strong>, ofreci\u00f3 una charla ante <strong>dos mil docentes<\/strong>, centrada en <strong>nuevas estrategias de abordaje pedag\u00f3gico<\/strong>.<\/p>\n\n\n\n<p><strong>Lo que viene<\/strong><\/p>\n\n\n\n<p>A lo largo de este mes de <strong>agosto<\/strong>, se desarrollar\u00e1n nuevas actividades de formaci\u00f3n docente:<\/p>\n\n\n\n<p><strong>9\/8 \u2013 Festival Spark<\/strong>. Centro de Innovaci\u00f3n Educativa. Encuentro dirigido a docentes de <strong>Nivel Primario<\/strong>, con eje en <strong>ciencia, arte y tecnolog\u00eda<\/strong>.<\/p>\n\n\n\n<p><strong>13\/8 \u2013 Teatro Mitre<\/strong>. En el marco de la Feria del Libro, conferencia a cargo de <strong>Silvina del P\u00f3polo y Paula Campos<\/strong> titulada \u201c<strong>Jujuy Aprende: Estrategias actuales y caminos para potenciar la alfabetizaci\u00f3n<\/strong>\u201d.<\/p>\n\n\n\n<p><strong>14\/8 \u2013 Colegio del Salvador<\/strong>. Congreso sobre <strong>Inclusi\u00f3n Educativa<\/strong>: \u201c<strong>Desaf\u00edos y pr\u00e1cticas para transformar la escuela<\/strong>\u201d, con la participaci\u00f3n de <strong>Mar\u00eda Jos\u00e9 Borsani, Miriam Pekler y Celeste Fern\u00e1ndez<\/strong>.<\/p>\n\n\n\n<p><strong>30\/8 \u2013 Inicio del ciclo formativo para la segunda cohorte<\/strong> del trayecto en <strong>Alfabetizaci\u00f3n<\/strong>, destinado a cientos de docentes de toda la provincia que integran la <strong>Red Alfa<\/strong>.<\/p>\n","protected":false},"excerpt":{"rendered":"<p>Docentes, equipos directivos, supervisores y personal t\u00e9cnico de todos los niveles educativos tomaron parte en las distintas propuestas organizadas con el prop\u00f3sito de fortalecer las pr\u00e1cticas pedag\u00f3gicas, fomentar v\u00ednculos positivos y ofrecer nuevas herramientas para el trabajo en las aulas. Estos encuentros funcionaron como espacios para el intercambio, la reflexi\u00f3n y el aprendizaje, y se [&hellip;]<\/p>\n","protected":false},"author":1,"featured_media":2775,"comment_status":"open","ping_status":"open","sticky":false,"template":"","format":"standard","meta":{"footnotes":""},"categories":[863,25],"tags":[],"class_list":{"0":"post-2774","1":"post","2":"type-post","3":"status-publish","4":"format-standard","5":"has-post-thumbnail","7":"category-jujuy","8":"category-sociedad"},"yoast_head":"<!-- This site is optimized with the Yoast SEO plugin v27.5 - https:\/\/yoast.com\/product\/yoast-seo-wordpress\/ -->\n<title>M\u00e1s de 20 mil docentes participaron en instancias de formaci\u00f3n durante el a\u00f1o - Muy Jujuy<\/title>\n<meta name=\"robots\" content=\"index, follow, max-snippet:-1, max-image-preview:large, max-video-preview:-1\" \/>\n<link rel=\"canonical\" href=\"https:\/\/www.muyjujuy.com\/index.php\/2025\/08\/04\/mas-de-20-mil-docentes-participaron-en-instancias-de-formacion-durante-el-ano\/\" \/>\n<meta property=\"og:locale\" content=\"es_ES\" \/>\n<meta property=\"og:type\" content=\"article\" \/>\n<meta property=\"og:title\" content=\"M\u00e1s de 20 mil docentes participaron en instancias de formaci\u00f3n durante el a\u00f1o - Muy Jujuy\" \/>\n<meta property=\"og:description\" content=\"Docentes, equipos directivos, supervisores y personal t\u00e9cnico de todos los niveles educativos tomaron parte en las distintas propuestas organizadas con el prop\u00f3sito de fortalecer las pr\u00e1cticas pedag\u00f3gicas, fomentar v\u00ednculos positivos y ofrecer nuevas herramientas para el trabajo en las aulas. Estos encuentros funcionaron como espacios para el intercambio, la reflexi\u00f3n y el aprendizaje, y se [&hellip;]\" \/>\n<meta property=\"og:url\" content=\"https:\/\/www.muyjujuy.com\/index.php\/2025\/08\/04\/mas-de-20-mil-docentes-participaron-en-instancias-de-formacion-durante-el-ano\/\" \/>\n<meta property=\"og:site_name\" content=\"Muy Jujuy\" \/>\n<meta property=\"article:publisher\" content=\"https:\/\/www.facebook.com\/muyjujuycom\" \/>\n<meta property=\"article:published_time\" content=\"2025-08-04T12:02:56+00:00\" \/>\n<meta name=\"author\" content=\"admin\" \/>\n<meta name=\"twitter:card\" content=\"summary_large_image\" \/>\n<meta name=\"twitter:creator\" content=\"@muyjujuy\" \/>\n<meta name=\"twitter:site\" content=\"@muyjujuy\" \/>\n<meta name=\"twitter:label1\" content=\"Escrito por\" \/>\n\t<meta name=\"twitter:data1\" content=\"admin\" \/>\n\t<meta name=\"twitter:label2\" content=\"Tiempo de lectura\" \/>\n\t<meta name=\"twitter:data2\" content=\"2 minutos\" \/>\n<script type=\"application\/ld+json\" class=\"yoast-schema-graph\">{\"@context\":\"https:\\\/\\\/schema.org\",\"@graph\":[{\"@type\":\"Article\",\"@id\":\"https:\\\/\\\/www.muyjujuy.com\\\/index.php\\\/2025\\\/08\\\/04\\\/mas-de-20-mil-docentes-participaron-en-instancias-de-formacion-durante-el-ano\\\/#article\",\"isPartOf\":{\"@id\":\"https:\\\/\\\/www.muyjujuy.com\\\/index.php\\\/2025\\\/08\\\/04\\\/mas-de-20-mil-docentes-participaron-en-instancias-de-formacion-durante-el-ano\\\/\"},\"author\":{\"name\":\"admin\",\"@id\":\"https:\\\/\\\/www.muyjujuy.com\\\/#\\\/schema\\\/person\\\/a3b63db1f387ec4149299954904c5bf0\"},\"headline\":\"M\u00e1s de 20 mil docentes participaron en instancias de formaci\u00f3n durante el a\u00f1o\",\"datePublished\":\"2025-08-04T12:02:56+00:00\",\"mainEntityOfPage\":{\"@id\":\"https:\\\/\\\/www.muyjujuy.com\\\/index.php\\\/2025\\\/08\\\/04\\\/mas-de-20-mil-docentes-participaron-en-instancias-de-formacion-durante-el-ano\\\/\"},\"wordCount\":411,\"commentCount\":0,\"publisher\":{\"@id\":\"https:\\\/\\\/www.muyjujuy.com\\\/#organization\"},\"image\":{\"@id\":\"https:\\\/\\\/www.muyjujuy.com\\\/index.php\\\/2025\\\/08\\\/04\\\/mas-de-20-mil-docentes-participaron-en-instancias-de-formacion-durante-el-ano\\\/#primaryimage\"},\"thumbnailUrl\":\"https:\\\/\\\/www.muyjujuy.com\\\/wp-content\\\/uploads\\\/2025\\\/08\\\/jujuy-1.jpg\",\"articleSection\":[\"JUJUY\",\"Sociedad\"],\"inLanguage\":\"es-AR\",\"potentialAction\":[{\"@type\":\"CommentAction\",\"name\":\"Comment\",\"target\":[\"https:\\\/\\\/www.muyjujuy.com\\\/index.php\\\/2025\\\/08\\\/04\\\/mas-de-20-mil-docentes-participaron-en-instancias-de-formacion-durante-el-ano\\\/#respond\"]}]},{\"@type\":\"WebPage\",\"@id\":\"https:\\\/\\\/www.muyjujuy.com\\\/index.php\\\/2025\\\/08\\\/04\\\/mas-de-20-mil-docentes-participaron-en-instancias-de-formacion-durante-el-ano\\\/\",\"url\":\"https:\\\/\\\/www.muyjujuy.com\\\/index.php\\\/2025\\\/08\\\/04\\\/mas-de-20-mil-docentes-participaron-en-instancias-de-formacion-durante-el-ano\\\/\",\"name\":\"M\u00e1s de 20 mil docentes participaron en instancias de formaci\u00f3n durante el a\u00f1o - Muy Jujuy\",\"isPartOf\":{\"@id\":\"https:\\\/\\\/www.muyjujuy.com\\\/#website\"},\"primaryImageOfPage\":{\"@id\":\"https:\\\/\\\/www.muyjujuy.com\\\/index.php\\\/2025\\\/08\\\/04\\\/mas-de-20-mil-docentes-participaron-en-instancias-de-formacion-durante-el-ano\\\/#primaryimage\"},\"image\":{\"@id\":\"https:\\\/\\\/www.muyjujuy.com\\\/index.php\\\/2025\\\/08\\\/04\\\/mas-de-20-mil-docentes-participaron-en-instancias-de-formacion-durante-el-ano\\\/#primaryimage\"},\"thumbnailUrl\":\"https:\\\/\\\/www.muyjujuy.com\\\/wp-content\\\/uploads\\\/2025\\\/08\\\/jujuy-1.jpg\",\"datePublished\":\"2025-08-04T12:02:56+00:00\",\"breadcrumb\":{\"@id\":\"https:\\\/\\\/www.muyjujuy.com\\\/index.php\\\/2025\\\/08\\\/04\\\/mas-de-20-mil-docentes-participaron-en-instancias-de-formacion-durante-el-ano\\\/#breadcrumb\"},\"inLanguage\":\"es-AR\",\"potentialAction\":[{\"@type\":\"ReadAction\",\"target\":[\"https:\\\/\\\/www.muyjujuy.com\\\/index.php\\\/2025\\\/08\\\/04\\\/mas-de-20-mil-docentes-participaron-en-instancias-de-formacion-durante-el-ano\\\/\"]}]},{\"@type\":\"ImageObject\",\"inLanguage\":\"es-AR\",\"@id\":\"https:\\\/\\\/www.muyjujuy.com\\\/index.php\\\/2025\\\/08\\\/04\\\/mas-de-20-mil-docentes-participaron-en-instancias-de-formacion-durante-el-ano\\\/#primaryimage\",\"url\":\"https:\\\/\\\/www.muyjujuy.com\\\/wp-content\\\/uploads\\\/2025\\\/08\\\/jujuy-1.jpg\",\"contentUrl\":\"https:\\\/\\\/www.muyjujuy.com\\\/wp-content\\\/uploads\\\/2025\\\/08\\\/jujuy-1.jpg\",\"width\":863,\"height\":535},{\"@type\":\"BreadcrumbList\",\"@id\":\"https:\\\/\\\/www.muyjujuy.com\\\/index.php\\\/2025\\\/08\\\/04\\\/mas-de-20-mil-docentes-participaron-en-instancias-de-formacion-durante-el-ano\\\/#breadcrumb\",\"itemListElement\":[{\"@type\":\"ListItem\",\"position\":1,\"name\":\"Inicio\",\"item\":\"https:\\\/\\\/www.muyjujuy.com\\\/\"},{\"@type\":\"ListItem\",\"position\":2,\"name\":\"M\u00e1s de 20 mil docentes participaron en instancias de formaci\u00f3n durante el a\u00f1o\"}]},{\"@type\":\"WebSite\",\"@id\":\"https:\\\/\\\/www.muyjujuy.com\\\/#website\",\"url\":\"https:\\\/\\\/www.muyjujuy.com\\\/\",\"name\":\"Muy Jujuy\",\"description\":\"\",\"publisher\":{\"@id\":\"https:\\\/\\\/www.muyjujuy.com\\\/#organization\"},\"potentialAction\":[{\"@type\":\"SearchAction\",\"target\":{\"@type\":\"EntryPoint\",\"urlTemplate\":\"https:\\\/\\\/www.muyjujuy.com\\\/?s={search_term_string}\"},\"query-input\":{\"@type\":\"PropertyValueSpecification\",\"valueRequired\":true,\"valueName\":\"search_term_string\"}}],\"inLanguage\":\"es-AR\"},{\"@type\":\"Organization\",\"@id\":\"https:\\\/\\\/www.muyjujuy.com\\\/#organization\",\"name\":\"Muy Jujuy\",\"url\":\"https:\\\/\\\/www.muyjujuy.com\\\/\",\"logo\":{\"@type\":\"ImageObject\",\"inLanguage\":\"es-AR\",\"@id\":\"https:\\\/\\\/www.muyjujuy.com\\\/#\\\/schema\\\/logo\\\/image\\\/\",\"url\":\"http:\\\/\\\/www.muyjujuy.com\\\/wp-content\\\/uploads\\\/2022\\\/05\\\/logo-mobil-jujuy.png\",\"contentUrl\":\"http:\\\/\\\/www.muyjujuy.com\\\/wp-content\\\/uploads\\\/2022\\\/05\\\/logo-mobil-jujuy.png\",\"width\":174,\"height\":81,\"caption\":\"Muy Jujuy\"},\"image\":{\"@id\":\"https:\\\/\\\/www.muyjujuy.com\\\/#\\\/schema\\\/logo\\\/image\\\/\"},\"sameAs\":[\"https:\\\/\\\/www.facebook.com\\\/muyjujuycom\",\"https:\\\/\\\/x.com\\\/muyjujuy\",\"https:\\\/\\\/www.instagram.com\\\/muyjujuycom\"]},{\"@type\":\"Person\",\"@id\":\"https:\\\/\\\/www.muyjujuy.com\\\/#\\\/schema\\\/person\\\/a3b63db1f387ec4149299954904c5bf0\",\"name\":\"admin\",\"image\":{\"@type\":\"ImageObject\",\"inLanguage\":\"es-AR\",\"@id\":\"https:\\\/\\\/secure.gravatar.com\\\/avatar\\\/b6e63d8d3a73633362405a0ad27e9c28391755813b59886f19a99d6cef8a03fc?s=96&d=mm&r=g\",\"url\":\"https:\\\/\\\/secure.gravatar.com\\\/avatar\\\/b6e63d8d3a73633362405a0ad27e9c28391755813b59886f19a99d6cef8a03fc?s=96&d=mm&r=g\",\"contentUrl\":\"https:\\\/\\\/secure.gravatar.com\\\/avatar\\\/b6e63d8d3a73633362405a0ad27e9c28391755813b59886f19a99d6cef8a03fc?s=96&d=mm&r=g\",\"caption\":\"admin\"},\"url\":\"https:\\\/\\\/www.muyjujuy.com\\\/index.php\\\/author\\\/soyeleditor\\\/\"}]}<\/script>\n<!-- \/ Yoast SEO plugin. -->","yoast_head_json":{"title":"M\u00e1s de 20 mil docentes participaron en instancias de formaci\u00f3n durante el a\u00f1o - Muy Jujuy","robots":{"index":"index","follow":"follow","max-snippet":"max-snippet:-1","max-image-preview":"max-image-preview:large","max-video-preview":"max-video-preview:-1"},"canonical":"https:\/\/www.muyjujuy.com\/index.php\/2025\/08\/04\/mas-de-20-mil-docentes-participaron-en-instancias-de-formacion-durante-el-ano\/","og_locale":"es_ES","og_type":"article","og_title":"M\u00e1s de 20 mil docentes participaron en instancias de formaci\u00f3n durante el a\u00f1o - Muy Jujuy","og_description":"Docentes, equipos directivos, supervisores y personal t\u00e9cnico de todos los niveles educativos tomaron parte en las distintas propuestas organizadas con el prop\u00f3sito de fortalecer las pr\u00e1cticas pedag\u00f3gicas, fomentar v\u00ednculos positivos y ofrecer nuevas herramientas para el trabajo en las aulas. Estos encuentros funcionaron como espacios para el intercambio, la reflexi\u00f3n y el aprendizaje, y se [&hellip;]","og_url":"https:\/\/www.muyjujuy.com\/index.php\/2025\/08\/04\/mas-de-20-mil-docentes-participaron-en-instancias-de-formacion-durante-el-ano\/","og_site_name":"Muy Jujuy","article_publisher":"https:\/\/www.facebook.com\/muyjujuycom","article_published_time":"2025-08-04T12:02:56+00:00","author":"admin","twitter_card":"summary_large_image","twitter_creator":"@muyjujuy","twitter_site":"@muyjujuy","twitter_misc":{"Escrito por":"admin","Tiempo de lectura":"2 minutos"},"schema":{"@context":"https:\/\/schema.org","@graph":[{"@type":"Article","@id":"https:\/\/www.muyjujuy.com\/index.php\/2025\/08\/04\/mas-de-20-mil-docentes-participaron-en-instancias-de-formacion-durante-el-ano\/#article","isPartOf":{"@id":"https:\/\/www.muyjujuy.com\/index.php\/2025\/08\/04\/mas-de-20-mil-docentes-participaron-en-instancias-de-formacion-durante-el-ano\/"},"author":{"name":"admin","@id":"https:\/\/www.muyjujuy.com\/#\/schema\/person\/a3b63db1f387ec4149299954904c5bf0"},"headline":"M\u00e1s de 20 mil docentes participaron en instancias de formaci\u00f3n durante el a\u00f1o","datePublished":"2025-08-04T12:02:56+00:00","mainEntityOfPage":{"@id":"https:\/\/www.muyjujuy.com\/index.php\/2025\/08\/04\/mas-de-20-mil-docentes-participaron-en-instancias-de-formacion-durante-el-ano\/"},"wordCount":411,"commentCount":0,"publisher":{"@id":"https:\/\/www.muyjujuy.com\/#organization"},"image":{"@id":"https:\/\/www.muyjujuy.com\/index.php\/2025\/08\/04\/mas-de-20-mil-docentes-participaron-en-instancias-de-formacion-durante-el-ano\/#primaryimage"},"thumbnailUrl":"https:\/\/www.muyjujuy.com\/wp-content\/uploads\/2025\/08\/jujuy-1.jpg","articleSection":["JUJUY","Sociedad"],"inLanguage":"es-AR","potentialAction":[{"@type":"CommentAction","name":"Comment","target":["https:\/\/www.muyjujuy.com\/index.php\/2025\/08\/04\/mas-de-20-mil-docentes-participaron-en-instancias-de-formacion-durante-el-ano\/#respond"]}]},{"@type":"WebPage","@id":"https:\/\/www.muyjujuy.com\/index.php\/2025\/08\/04\/mas-de-20-mil-docentes-participaron-en-instancias-de-formacion-durante-el-ano\/","url":"https:\/\/www.muyjujuy.com\/index.php\/2025\/08\/04\/mas-de-20-mil-docentes-participaron-en-instancias-de-formacion-durante-el-ano\/","name":"M\u00e1s de 20 mil docentes participaron en instancias de formaci\u00f3n durante el a\u00f1o - Muy Jujuy","isPartOf":{"@id":"https:\/\/www.muyjujuy.com\/#website"},"primaryImageOfPage":{"@id":"https:\/\/www.muyjujuy.com\/index.php\/2025\/08\/04\/mas-de-20-mil-docentes-participaron-en-instancias-de-formacion-durante-el-ano\/#primaryimage"},"image":{"@id":"https:\/\/www.muyjujuy.com\/index.php\/2025\/08\/04\/mas-de-20-mil-docentes-participaron-en-instancias-de-formacion-durante-el-ano\/#primaryimage"},"thumbnailUrl":"https:\/\/www.muyjujuy.com\/wp-content\/uploads\/2025\/08\/jujuy-1.jpg","datePublished":"2025-08-04T12:02:56+00:00","breadcrumb":{"@id":"https:\/\/www.muyjujuy.com\/index.php\/2025\/08\/04\/mas-de-20-mil-docentes-participaron-en-instancias-de-formacion-durante-el-ano\/#breadcrumb"},"inLanguage":"es-AR","potentialAction":[{"@type":"ReadAction","target":["https:\/\/www.muyjujuy.com\/index.php\/2025\/08\/04\/mas-de-20-mil-docentes-participaron-en-instancias-de-formacion-durante-el-ano\/"]}]},{"@type":"ImageObject","inLanguage":"es-AR","@id":"https:\/\/www.muyjujuy.com\/index.php\/2025\/08\/04\/mas-de-20-mil-docentes-participaron-en-instancias-de-formacion-durante-el-ano\/#primaryimage","url":"https:\/\/www.muyjujuy.com\/wp-content\/uploads\/2025\/08\/jujuy-1.jpg","contentUrl":"https:\/\/www.muyjujuy.com\/wp-content\/uploads\/2025\/08\/jujuy-1.jpg","width":863,"height":535},{"@type":"BreadcrumbList","@id":"https:\/\/www.muyjujuy.com\/index.php\/2025\/08\/04\/mas-de-20-mil-docentes-participaron-en-instancias-de-formacion-durante-el-ano\/#breadcrumb","itemListElement":[{"@type":"ListItem","position":1,"name":"Inicio","item":"https:\/\/www.muyjujuy.com\/"},{"@type":"ListItem","position":2,"name":"M\u00e1s de 20 mil docentes participaron en instancias de formaci\u00f3n durante el a\u00f1o"}]},{"@type":"WebSite","@id":"https:\/\/www.muyjujuy.com\/#website","url":"https:\/\/www.muyjujuy.com\/","name":"Muy Jujuy","description":"","publisher":{"@id":"https:\/\/www.muyjujuy.com\/#organization"},"potentialAction":[{"@type":"SearchAction","target":{"@type":"EntryPoint","urlTemplate":"https:\/\/www.muyjujuy.com\/?s={search_term_string}"},"query-input":{"@type":"PropertyValueSpecification","valueRequired":true,"valueName":"search_term_string"}}],"inLanguage":"es-AR"},{"@type":"Organization","@id":"https:\/\/www.muyjujuy.com\/#organization","name":"Muy Jujuy","url":"https:\/\/www.muyjujuy.com\/","logo":{"@type":"ImageObject","inLanguage":"es-AR","@id":"https:\/\/www.muyjujuy.com\/#\/schema\/logo\/image\/","url":"http:\/\/www.muyjujuy.com\/wp-content\/uploads\/2022\/05\/logo-mobil-jujuy.png","contentUrl":"http:\/\/www.muyjujuy.com\/wp-content\/uploads\/2022\/05\/logo-mobil-jujuy.png","width":174,"height":81,"caption":"Muy Jujuy"},"image":{"@id":"https:\/\/www.muyjujuy.com\/#\/schema\/logo\/image\/"},"sameAs":["https:\/\/www.facebook.com\/muyjujuycom","https:\/\/x.com\/muyjujuy","https:\/\/www.instagram.com\/muyjujuycom"]},{"@type":"Person","@id":"https:\/\/www.muyjujuy.com\/#\/schema\/person\/a3b63db1f387ec4149299954904c5bf0","name":"admin","image":{"@type":"ImageObject","inLanguage":"es-AR","@id":"https:\/\/secure.gravatar.com\/avatar\/b6e63d8d3a73633362405a0ad27e9c28391755813b59886f19a99d6cef8a03fc?s=96&d=mm&r=g","url":"https:\/\/secure.gravatar.com\/avatar\/b6e63d8d3a73633362405a0ad27e9c28391755813b59886f19a99d6cef8a03fc?s=96&d=mm&r=g","contentUrl":"https:\/\/secure.gravatar.com\/avatar\/b6e63d8d3a73633362405a0ad27e9c28391755813b59886f19a99d6cef8a03fc?s=96&d=mm&r=g","caption":"admin"},"url":"https:\/\/www.muyjujuy.com\/index.php\/author\/soyeleditor\/"}]}},"_links":{"self":[{"href":"https:\/\/www.muyjujuy.com\/index.php\/wp-json\/wp\/v2\/posts\/2774","targetHints":{"allow":["GET"]}}],"collection":[{"href":"https:\/\/www.muyjujuy.com\/index.php\/wp-json\/wp\/v2\/posts"}],"about":[{"href":"https:\/\/www.muyjujuy.com\/index.php\/wp-json\/wp\/v2\/types\/post"}],"author":[{"embeddable":true,"href":"https:\/\/www.muyjujuy.com\/index.php\/wp-json\/wp\/v2\/users\/1"}],"replies":[{"embeddable":true,"href":"https:\/\/www.muyjujuy.com\/index.php\/wp-json\/wp\/v2\/comments?post=2774"}],"version-history":[{"count":1,"href":"https:\/\/www.muyjujuy.com\/index.php\/wp-json\/wp\/v2\/posts\/2774\/revisions"}],"predecessor-version":[{"id":2776,"href":"https:\/\/www.muyjujuy.com\/index.php\/wp-json\/wp\/v2\/posts\/2774\/revisions\/2776"}],"wp:featuredmedia":[{"embeddable":true,"href":"https:\/\/www.muyjujuy.com\/index.php\/wp-json\/wp\/v2\/media\/2775"}],"wp:attachment":[{"href":"https:\/\/www.muyjujuy.com\/index.php\/wp-json\/wp\/v2\/media?parent=2774"}],"wp:term":[{"taxonomy":"category","embeddable":true,"href":"https:\/\/www.muyjujuy.com\/index.php\/wp-json\/wp\/v2\/categories?post=2774"},{"taxonomy":"post_tag","embeddable":true,"href":"https:\/\/www.muyjujuy.com\/index.php\/wp-json\/wp\/v2\/tags?post=2774"}],"curies":[{"name":"wp","href":"https:\/\/api.w.org\/{rel}","templated":true}]}}