{"id":2777,"date":"2025-08-05T13:22:48","date_gmt":"2025-08-05T16:22:48","guid":{"rendered":"https:\/\/www.muyjujuy.com\/?p=2777"},"modified":"2025-08-05T13:22:48","modified_gmt":"2025-08-05T16:22:48","slug":"jujuy-investigan-si-el-acusado-de-asesinatos-utilizo-dos-machetes-contra-sus-victimas","status":"publish","type":"post","link":"https:\/\/www.muyjujuy.com\/index.php\/2025\/08\/05\/jujuy-investigan-si-el-acusado-de-asesinatos-utilizo-dos-machetes-contra-sus-victimas\/","title":{"rendered":"Jujuy | investigan si el acusado de asesinatos utiliz\u00f3 dos machetes contra sus v\u00edctimas"},"content":{"rendered":"\n<p>El Procurador General del <strong>Ministerio P\u00fablico de la Acusaci\u00f3n<\/strong>, <strong>Sergio Lello S\u00e1nchez<\/strong>, inform\u00f3 que en uno de los hechos investigados el imputado habr\u00eda actuado en soledad y que entre los elementos secuestrados se hallaron <strong>dos machetes<\/strong> que podr\u00edan haber sido utilizados en los homicidios. Tambi\u00e9n confirm\u00f3 que se analizan restos encontrados en su vivienda y en zonas cercanas.<\/p>\n\n\n\n<p>Seg\u00fan Lello S\u00e1nchez, la investigaci\u00f3n se encontraba en una etapa inicial y se evaluaba si los restos localizados correspond\u00edan a personas, as\u00ed como la posibilidad de obtener material gen\u00e9tico para su identificaci\u00f3n. En el domicilio del acusado se incautaron prendas de vestir y restos org\u00e1nicos, mientras que el <strong>Cuerpo Antropol\u00f3gico Forense<\/strong> colaborar\u00e1 en excavaciones para detectar m\u00e1s evidencias.<\/p>\n\n\n\n<p>La reconstrucci\u00f3n preliminar indicaba que el imputado frecuentaba la zona de la <strong>vieja terminal<\/strong> los d\u00edas viernes, donde establec\u00eda contacto con personas en situaci\u00f3n de vulnerabilidad, a quienes invitaba a su vivienda. All\u00ed, en un contexto de aparente confianza, se habr\u00edan cometido los cr\u00edmenes. El Procurador no descart\u00f3 que en otros hechos pudieran estar involucradas m\u00e1s personas y se\u00f1al\u00f3 que los an\u00e1lisis forenses ser\u00e1n decisivos para identificar v\u00edctimas y ampliar la causa.<\/p>\n","protected":false},"excerpt":{"rendered":"<p>El Procurador General del Ministerio P\u00fablico de la Acusaci\u00f3n, Sergio Lello S\u00e1nchez, inform\u00f3 que en uno de los hechos investigados el imputado habr\u00eda actuado en soledad y que entre los elementos secuestrados se hallaron dos machetes que podr\u00edan haber sido utilizados en los homicidios. Tambi\u00e9n confirm\u00f3 que se analizan restos encontrados en su vivienda y [&hellip;]<\/p>\n","protected":false},"author":1,"featured_media":2778,"comment_status":"open","ping_status":"open","sticky":false,"template":"","format":"standard","meta":{"footnotes":""},"categories":[863,25],"tags":[],"class_list":{"0":"post-2777","1":"post","2":"type-post","3":"status-publish","4":"format-standard","5":"has-post-thumbnail","7":"category-jujuy","8":"category-sociedad"},"yoast_head":"<!-- This site is optimized with the Yoast SEO plugin v27.5 - https:\/\/yoast.com\/product\/yoast-seo-wordpress\/ -->\n<title>Jujuy | investigan si el acusado de asesinatos utiliz\u00f3 dos machetes contra sus v\u00edctimas - Muy Jujuy<\/title>\n<meta name=\"robots\" content=\"index, follow, max-snippet:-1, max-image-preview:large, max-video-preview:-1\" \/>\n<link rel=\"canonical\" href=\"https:\/\/www.muyjujuy.com\/index.php\/2025\/08\/05\/jujuy-investigan-si-el-acusado-de-asesinatos-utilizo-dos-machetes-contra-sus-victimas\/\" \/>\n<meta property=\"og:locale\" content=\"es_ES\" \/>\n<meta property=\"og:type\" content=\"article\" \/>\n<meta property=\"og:title\" content=\"Jujuy | investigan si el acusado de asesinatos utiliz\u00f3 dos machetes contra sus v\u00edctimas - Muy Jujuy\" \/>\n<meta property=\"og:description\" content=\"El Procurador General del Ministerio P\u00fablico de la Acusaci\u00f3n, Sergio Lello S\u00e1nchez, inform\u00f3 que en uno de los hechos investigados el imputado habr\u00eda actuado en soledad y que entre los elementos secuestrados se hallaron dos machetes que podr\u00edan haber sido utilizados en los homicidios. Tambi\u00e9n confirm\u00f3 que se analizan restos encontrados en su vivienda y [&hellip;]\" \/>\n<meta property=\"og:url\" content=\"https:\/\/www.muyjujuy.com\/index.php\/2025\/08\/05\/jujuy-investigan-si-el-acusado-de-asesinatos-utilizo-dos-machetes-contra-sus-victimas\/\" \/>\n<meta property=\"og:site_name\" content=\"Muy Jujuy\" \/>\n<meta property=\"article:publisher\" content=\"https:\/\/www.facebook.com\/muyjujuycom\" \/>\n<meta property=\"article:published_time\" content=\"2025-08-05T16:22:48+00:00\" \/>\n<meta name=\"author\" content=\"admin\" \/>\n<meta name=\"twitter:card\" content=\"summary_large_image\" \/>\n<meta name=\"twitter:creator\" content=\"@muyjujuy\" \/>\n<meta name=\"twitter:site\" content=\"@muyjujuy\" \/>\n<meta name=\"twitter:label1\" content=\"Escrito por\" \/>\n\t<meta name=\"twitter:data1\" content=\"admin\" \/>\n\t<meta name=\"twitter:label2\" content=\"Tiempo de lectura\" \/>\n\t<meta name=\"twitter:data2\" content=\"1 minuto\" \/>\n<script type=\"application\/ld+json\" class=\"yoast-schema-graph\">{\"@context\":\"https:\\\/\\\/schema.org\",\"@graph\":[{\"@type\":\"Article\",\"@id\":\"https:\\\/\\\/www.muyjujuy.com\\\/index.php\\\/2025\\\/08\\\/05\\\/jujuy-investigan-si-el-acusado-de-asesinatos-utilizo-dos-machetes-contra-sus-victimas\\\/#article\",\"isPartOf\":{\"@id\":\"https:\\\/\\\/www.muyjujuy.com\\\/index.php\\\/2025\\\/08\\\/05\\\/jujuy-investigan-si-el-acusado-de-asesinatos-utilizo-dos-machetes-contra-sus-victimas\\\/\"},\"author\":{\"name\":\"admin\",\"@id\":\"https:\\\/\\\/www.muyjujuy.com\\\/#\\\/schema\\\/person\\\/a3b63db1f387ec4149299954904c5bf0\"},\"headline\":\"Jujuy | investigan si el acusado de asesinatos utiliz\u00f3 dos machetes contra sus v\u00edctimas\",\"datePublished\":\"2025-08-05T16:22:48+00:00\",\"mainEntityOfPage\":{\"@id\":\"https:\\\/\\\/www.muyjujuy.com\\\/index.php\\\/2025\\\/08\\\/05\\\/jujuy-investigan-si-el-acusado-de-asesinatos-utilizo-dos-machetes-contra-sus-victimas\\\/\"},\"wordCount\":228,\"commentCount\":0,\"publisher\":{\"@id\":\"https:\\\/\\\/www.muyjujuy.com\\\/#organization\"},\"image\":{\"@id\":\"https:\\\/\\\/www.muyjujuy.com\\\/index.php\\\/2025\\\/08\\\/05\\\/jujuy-investigan-si-el-acusado-de-asesinatos-utilizo-dos-machetes-contra-sus-victimas\\\/#primaryimage\"},\"thumbnailUrl\":\"https:\\\/\\\/www.muyjujuy.com\\\/wp-content\\\/uploads\\\/2025\\\/08\\\/JUJUY-3.jpg\",\"articleSection\":[\"JUJUY\",\"Sociedad\"],\"inLanguage\":\"es-AR\",\"potentialAction\":[{\"@type\":\"CommentAction\",\"name\":\"Comment\",\"target\":[\"https:\\\/\\\/www.muyjujuy.com\\\/index.php\\\/2025\\\/08\\\/05\\\/jujuy-investigan-si-el-acusado-de-asesinatos-utilizo-dos-machetes-contra-sus-victimas\\\/#respond\"]}]},{\"@type\":\"WebPage\",\"@id\":\"https:\\\/\\\/www.muyjujuy.com\\\/index.php\\\/2025\\\/08\\\/05\\\/jujuy-investigan-si-el-acusado-de-asesinatos-utilizo-dos-machetes-contra-sus-victimas\\\/\",\"url\":\"https:\\\/\\\/www.muyjujuy.com\\\/index.php\\\/2025\\\/08\\\/05\\\/jujuy-investigan-si-el-acusado-de-asesinatos-utilizo-dos-machetes-contra-sus-victimas\\\/\",\"name\":\"Jujuy | investigan si el acusado de asesinatos utiliz\u00f3 dos machetes contra sus v\u00edctimas - Muy Jujuy\",\"isPartOf\":{\"@id\":\"https:\\\/\\\/www.muyjujuy.com\\\/#website\"},\"primaryImageOfPage\":{\"@id\":\"https:\\\/\\\/www.muyjujuy.com\\\/index.php\\\/2025\\\/08\\\/05\\\/jujuy-investigan-si-el-acusado-de-asesinatos-utilizo-dos-machetes-contra-sus-victimas\\\/#primaryimage\"},\"image\":{\"@id\":\"https:\\\/\\\/www.muyjujuy.com\\\/index.php\\\/2025\\\/08\\\/05\\\/jujuy-investigan-si-el-acusado-de-asesinatos-utilizo-dos-machetes-contra-sus-victimas\\\/#primaryimage\"},\"thumbnailUrl\":\"https:\\\/\\\/www.muyjujuy.com\\\/wp-content\\\/uploads\\\/2025\\\/08\\\/JUJUY-3.jpg\",\"datePublished\":\"2025-08-05T16:22:48+00:00\",\"breadcrumb\":{\"@id\":\"https:\\\/\\\/www.muyjujuy.com\\\/index.php\\\/2025\\\/08\\\/05\\\/jujuy-investigan-si-el-acusado-de-asesinatos-utilizo-dos-machetes-contra-sus-victimas\\\/#breadcrumb\"},\"inLanguage\":\"es-AR\",\"potentialAction\":[{\"@type\":\"ReadAction\",\"target\":[\"https:\\\/\\\/www.muyjujuy.com\\\/index.php\\\/2025\\\/08\\\/05\\\/jujuy-investigan-si-el-acusado-de-asesinatos-utilizo-dos-machetes-contra-sus-victimas\\\/\"]}]},{\"@type\":\"ImageObject\",\"inLanguage\":\"es-AR\",\"@id\":\"https:\\\/\\\/www.muyjujuy.com\\\/index.php\\\/2025\\\/08\\\/05\\\/jujuy-investigan-si-el-acusado-de-asesinatos-utilizo-dos-machetes-contra-sus-victimas\\\/#primaryimage\",\"url\":\"https:\\\/\\\/www.muyjujuy.com\\\/wp-content\\\/uploads\\\/2025\\\/08\\\/JUJUY-3.jpg\",\"contentUrl\":\"https:\\\/\\\/www.muyjujuy.com\\\/wp-content\\\/uploads\\\/2025\\\/08\\\/JUJUY-3.jpg\",\"width\":937,\"height\":514},{\"@type\":\"BreadcrumbList\",\"@id\":\"https:\\\/\\\/www.muyjujuy.com\\\/index.php\\\/2025\\\/08\\\/05\\\/jujuy-investigan-si-el-acusado-de-asesinatos-utilizo-dos-machetes-contra-sus-victimas\\\/#breadcrumb\",\"itemListElement\":[{\"@type\":\"ListItem\",\"position\":1,\"name\":\"Inicio\",\"item\":\"https:\\\/\\\/www.muyjujuy.com\\\/\"},{\"@type\":\"ListItem\",\"position\":2,\"name\":\"Jujuy | investigan si el acusado de asesinatos utiliz\u00f3 dos machetes contra sus v\u00edctimas\"}]},{\"@type\":\"WebSite\",\"@id\":\"https:\\\/\\\/www.muyjujuy.com\\\/#website\",\"url\":\"https:\\\/\\\/www.muyjujuy.com\\\/\",\"name\":\"Muy Jujuy\",\"description\":\"\",\"publisher\":{\"@id\":\"https:\\\/\\\/www.muyjujuy.com\\\/#organization\"},\"potentialAction\":[{\"@type\":\"SearchAction\",\"target\":{\"@type\":\"EntryPoint\",\"urlTemplate\":\"https:\\\/\\\/www.muyjujuy.com\\\/?s={search_term_string}\"},\"query-input\":{\"@type\":\"PropertyValueSpecification\",\"valueRequired\":true,\"valueName\":\"search_term_string\"}}],\"inLanguage\":\"es-AR\"},{\"@type\":\"Organization\",\"@id\":\"https:\\\/\\\/www.muyjujuy.com\\\/#organization\",\"name\":\"Muy Jujuy\",\"url\":\"https:\\\/\\\/www.muyjujuy.com\\\/\",\"logo\":{\"@type\":\"ImageObject\",\"inLanguage\":\"es-AR\",\"@id\":\"https:\\\/\\\/www.muyjujuy.com\\\/#\\\/schema\\\/logo\\\/image\\\/\",\"url\":\"http:\\\/\\\/www.muyjujuy.com\\\/wp-content\\\/uploads\\\/2022\\\/05\\\/logo-mobil-jujuy.png\",\"contentUrl\":\"http:\\\/\\\/www.muyjujuy.com\\\/wp-content\\\/uploads\\\/2022\\\/05\\\/logo-mobil-jujuy.png\",\"width\":174,\"height\":81,\"caption\":\"Muy Jujuy\"},\"image\":{\"@id\":\"https:\\\/\\\/www.muyjujuy.com\\\/#\\\/schema\\\/logo\\\/image\\\/\"},\"sameAs\":[\"https:\\\/\\\/www.facebook.com\\\/muyjujuycom\",\"https:\\\/\\\/x.com\\\/muyjujuy\",\"https:\\\/\\\/www.instagram.com\\\/muyjujuycom\"]},{\"@type\":\"Person\",\"@id\":\"https:\\\/\\\/www.muyjujuy.com\\\/#\\\/schema\\\/person\\\/a3b63db1f387ec4149299954904c5bf0\",\"name\":\"admin\",\"image\":{\"@type\":\"ImageObject\",\"inLanguage\":\"es-AR\",\"@id\":\"https:\\\/\\\/secure.gravatar.com\\\/avatar\\\/b6e63d8d3a73633362405a0ad27e9c28391755813b59886f19a99d6cef8a03fc?s=96&d=mm&r=g\",\"url\":\"https:\\\/\\\/secure.gravatar.com\\\/avatar\\\/b6e63d8d3a73633362405a0ad27e9c28391755813b59886f19a99d6cef8a03fc?s=96&d=mm&r=g\",\"contentUrl\":\"https:\\\/\\\/secure.gravatar.com\\\/avatar\\\/b6e63d8d3a73633362405a0ad27e9c28391755813b59886f19a99d6cef8a03fc?s=96&d=mm&r=g\",\"caption\":\"admin\"},\"url\":\"https:\\\/\\\/www.muyjujuy.com\\\/index.php\\\/author\\\/soyeleditor\\\/\"}]}<\/script>\n<!-- \/ Yoast SEO plugin. -->","yoast_head_json":{"title":"Jujuy | investigan si el acusado de asesinatos utiliz\u00f3 dos machetes contra sus v\u00edctimas - Muy Jujuy","robots":{"index":"index","follow":"follow","max-snippet":"max-snippet:-1","max-image-preview":"max-image-preview:large","max-video-preview":"max-video-preview:-1"},"canonical":"https:\/\/www.muyjujuy.com\/index.php\/2025\/08\/05\/jujuy-investigan-si-el-acusado-de-asesinatos-utilizo-dos-machetes-contra-sus-victimas\/","og_locale":"es_ES","og_type":"article","og_title":"Jujuy | investigan si el acusado de asesinatos utiliz\u00f3 dos machetes contra sus v\u00edctimas - Muy Jujuy","og_description":"El Procurador General del Ministerio P\u00fablico de la Acusaci\u00f3n, Sergio Lello S\u00e1nchez, inform\u00f3 que en uno de los hechos investigados el imputado habr\u00eda actuado en soledad y que entre los elementos secuestrados se hallaron dos machetes que podr\u00edan haber sido utilizados en los homicidios. Tambi\u00e9n confirm\u00f3 que se analizan restos encontrados en su vivienda y [&hellip;]","og_url":"https:\/\/www.muyjujuy.com\/index.php\/2025\/08\/05\/jujuy-investigan-si-el-acusado-de-asesinatos-utilizo-dos-machetes-contra-sus-victimas\/","og_site_name":"Muy Jujuy","article_publisher":"https:\/\/www.facebook.com\/muyjujuycom","article_published_time":"2025-08-05T16:22:48+00:00","author":"admin","twitter_card":"summary_large_image","twitter_creator":"@muyjujuy","twitter_site":"@muyjujuy","twitter_misc":{"Escrito por":"admin","Tiempo de lectura":"1 minuto"},"schema":{"@context":"https:\/\/schema.org","@graph":[{"@type":"Article","@id":"https:\/\/www.muyjujuy.com\/index.php\/2025\/08\/05\/jujuy-investigan-si-el-acusado-de-asesinatos-utilizo-dos-machetes-contra-sus-victimas\/#article","isPartOf":{"@id":"https:\/\/www.muyjujuy.com\/index.php\/2025\/08\/05\/jujuy-investigan-si-el-acusado-de-asesinatos-utilizo-dos-machetes-contra-sus-victimas\/"},"author":{"name":"admin","@id":"https:\/\/www.muyjujuy.com\/#\/schema\/person\/a3b63db1f387ec4149299954904c5bf0"},"headline":"Jujuy | investigan si el acusado de asesinatos utiliz\u00f3 dos machetes contra sus v\u00edctimas","datePublished":"2025-08-05T16:22:48+00:00","mainEntityOfPage":{"@id":"https:\/\/www.muyjujuy.com\/index.php\/2025\/08\/05\/jujuy-investigan-si-el-acusado-de-asesinatos-utilizo-dos-machetes-contra-sus-victimas\/"},"wordCount":228,"commentCount":0,"publisher":{"@id":"https:\/\/www.muyjujuy.com\/#organization"},"image":{"@id":"https:\/\/www.muyjujuy.com\/index.php\/2025\/08\/05\/jujuy-investigan-si-el-acusado-de-asesinatos-utilizo-dos-machetes-contra-sus-victimas\/#primaryimage"},"thumbnailUrl":"https:\/\/www.muyjujuy.com\/wp-content\/uploads\/2025\/08\/JUJUY-3.jpg","articleSection":["JUJUY","Sociedad"],"inLanguage":"es-AR","potentialAction":[{"@type":"CommentAction","name":"Comment","target":["https:\/\/www.muyjujuy.com\/index.php\/2025\/08\/05\/jujuy-investigan-si-el-acusado-de-asesinatos-utilizo-dos-machetes-contra-sus-victimas\/#respond"]}]},{"@type":"WebPage","@id":"https:\/\/www.muyjujuy.com\/index.php\/2025\/08\/05\/jujuy-investigan-si-el-acusado-de-asesinatos-utilizo-dos-machetes-contra-sus-victimas\/","url":"https:\/\/www.muyjujuy.com\/index.php\/2025\/08\/05\/jujuy-investigan-si-el-acusado-de-asesinatos-utilizo-dos-machetes-contra-sus-victimas\/","name":"Jujuy | investigan si el acusado de asesinatos utiliz\u00f3 dos machetes contra sus v\u00edctimas - Muy Jujuy","isPartOf":{"@id":"https:\/\/www.muyjujuy.com\/#website"},"primaryImageOfPage":{"@id":"https:\/\/www.muyjujuy.com\/index.php\/2025\/08\/05\/jujuy-investigan-si-el-acusado-de-asesinatos-utilizo-dos-machetes-contra-sus-victimas\/#primaryimage"},"image":{"@id":"https:\/\/www.muyjujuy.com\/index.php\/2025\/08\/05\/jujuy-investigan-si-el-acusado-de-asesinatos-utilizo-dos-machetes-contra-sus-victimas\/#primaryimage"},"thumbnailUrl":"https:\/\/www.muyjujuy.com\/wp-content\/uploads\/2025\/08\/JUJUY-3.jpg","datePublished":"2025-08-05T16:22:48+00:00","breadcrumb":{"@id":"https:\/\/www.muyjujuy.com\/index.php\/2025\/08\/05\/jujuy-investigan-si-el-acusado-de-asesinatos-utilizo-dos-machetes-contra-sus-victimas\/#breadcrumb"},"inLanguage":"es-AR","potentialAction":[{"@type":"ReadAction","target":["https:\/\/www.muyjujuy.com\/index.php\/2025\/08\/05\/jujuy-investigan-si-el-acusado-de-asesinatos-utilizo-dos-machetes-contra-sus-victimas\/"]}]},{"@type":"ImageObject","inLanguage":"es-AR","@id":"https:\/\/www.muyjujuy.com\/index.php\/2025\/08\/05\/jujuy-investigan-si-el-acusado-de-asesinatos-utilizo-dos-machetes-contra-sus-victimas\/#primaryimage","url":"https:\/\/www.muyjujuy.com\/wp-content\/uploads\/2025\/08\/JUJUY-3.jpg","contentUrl":"https:\/\/www.muyjujuy.com\/wp-content\/uploads\/2025\/08\/JUJUY-3.jpg","width":937,"height":514},{"@type":"BreadcrumbList","@id":"https:\/\/www.muyjujuy.com\/index.php\/2025\/08\/05\/jujuy-investigan-si-el-acusado-de-asesinatos-utilizo-dos-machetes-contra-sus-victimas\/#breadcrumb","itemListElement":[{"@type":"ListItem","position":1,"name":"Inicio","item":"https:\/\/www.muyjujuy.com\/"},{"@type":"ListItem","position":2,"name":"Jujuy | investigan si el acusado de asesinatos utiliz\u00f3 dos machetes contra sus v\u00edctimas"}]},{"@type":"WebSite","@id":"https:\/\/www.muyjujuy.com\/#website","url":"https:\/\/www.muyjujuy.com\/","name":"Muy Jujuy","description":"","publisher":{"@id":"https:\/\/www.muyjujuy.com\/#organization"},"potentialAction":[{"@type":"SearchAction","target":{"@type":"EntryPoint","urlTemplate":"https:\/\/www.muyjujuy.com\/?s={search_term_string}"},"query-input":{"@type":"PropertyValueSpecification","valueRequired":true,"valueName":"search_term_string"}}],"inLanguage":"es-AR"},{"@type":"Organization","@id":"https:\/\/www.muyjujuy.com\/#organization","name":"Muy Jujuy","url":"https:\/\/www.muyjujuy.com\/","logo":{"@type":"ImageObject","inLanguage":"es-AR","@id":"https:\/\/www.muyjujuy.com\/#\/schema\/logo\/image\/","url":"http:\/\/www.muyjujuy.com\/wp-content\/uploads\/2022\/05\/logo-mobil-jujuy.png","contentUrl":"http:\/\/www.muyjujuy.com\/wp-content\/uploads\/2022\/05\/logo-mobil-jujuy.png","width":174,"height":81,"caption":"Muy Jujuy"},"image":{"@id":"https:\/\/www.muyjujuy.com\/#\/schema\/logo\/image\/"},"sameAs":["https:\/\/www.facebook.com\/muyjujuycom","https:\/\/x.com\/muyjujuy","https:\/\/www.instagram.com\/muyjujuycom"]},{"@type":"Person","@id":"https:\/\/www.muyjujuy.com\/#\/schema\/person\/a3b63db1f387ec4149299954904c5bf0","name":"admin","image":{"@type":"ImageObject","inLanguage":"es-AR","@id":"https:\/\/secure.gravatar.com\/avatar\/b6e63d8d3a73633362405a0ad27e9c28391755813b59886f19a99d6cef8a03fc?s=96&d=mm&r=g","url":"https:\/\/secure.gravatar.com\/avatar\/b6e63d8d3a73633362405a0ad27e9c28391755813b59886f19a99d6cef8a03fc?s=96&d=mm&r=g","contentUrl":"https:\/\/secure.gravatar.com\/avatar\/b6e63d8d3a73633362405a0ad27e9c28391755813b59886f19a99d6cef8a03fc?s=96&d=mm&r=g","caption":"admin"},"url":"https:\/\/www.muyjujuy.com\/index.php\/author\/soyeleditor\/"}]}},"_links":{"self":[{"href":"https:\/\/www.muyjujuy.com\/index.php\/wp-json\/wp\/v2\/posts\/2777","targetHints":{"allow":["GET"]}}],"collection":[{"href":"https:\/\/www.muyjujuy.com\/index.php\/wp-json\/wp\/v2\/posts"}],"about":[{"href":"https:\/\/www.muyjujuy.com\/index.php\/wp-json\/wp\/v2\/types\/post"}],"author":[{"embeddable":true,"href":"https:\/\/www.muyjujuy.com\/index.php\/wp-json\/wp\/v2\/users\/1"}],"replies":[{"embeddable":true,"href":"https:\/\/www.muyjujuy.com\/index.php\/wp-json\/wp\/v2\/comments?post=2777"}],"version-history":[{"count":1,"href":"https:\/\/www.muyjujuy.com\/index.php\/wp-json\/wp\/v2\/posts\/2777\/revisions"}],"predecessor-version":[{"id":2779,"href":"https:\/\/www.muyjujuy.com\/index.php\/wp-json\/wp\/v2\/posts\/2777\/revisions\/2779"}],"wp:featuredmedia":[{"embeddable":true,"href":"https:\/\/www.muyjujuy.com\/index.php\/wp-json\/wp\/v2\/media\/2778"}],"wp:attachment":[{"href":"https:\/\/www.muyjujuy.com\/index.php\/wp-json\/wp\/v2\/media?parent=2777"}],"wp:term":[{"taxonomy":"category","embeddable":true,"href":"https:\/\/www.muyjujuy.com\/index.php\/wp-json\/wp\/v2\/categories?post=2777"},{"taxonomy":"post_tag","embeddable":true,"href":"https:\/\/www.muyjujuy.com\/index.php\/wp-json\/wp\/v2\/tags?post=2777"}],"curies":[{"name":"wp","href":"https:\/\/api.w.org\/{rel}","templated":true}]}}