{"id":2795,"date":"2025-08-12T12:07:20","date_gmt":"2025-08-12T15:07:20","guid":{"rendered":"https:\/\/www.muyjujuy.com\/?p=2795"},"modified":"2025-08-12T12:07:20","modified_gmt":"2025-08-12T15:07:20","slug":"jenefes-analizo-el-escenario-politico-nacional-y-provincial","status":"publish","type":"post","link":"https:\/\/www.muyjujuy.com\/index.php\/2025\/08\/12\/jenefes-analizo-el-escenario-politico-nacional-y-provincial\/","title":{"rendered":"Jenefes analiz\u00f3 el escenario pol\u00edtico nacional y provincial"},"content":{"rendered":"\n<p>En su editorial de <em>Detr\u00e1s de las Noticias<\/em>, <strong>Guillermo Jenefes<\/strong> repas\u00f3 los hechos m\u00e1s relevantes de la \u00faltima semana, marcados por definiciones legislativas, vetos presidenciales y el impacto de las pr\u00f3ximas elecciones. Advirti\u00f3 sobre la necesidad de preservar el equilibrio fiscal sin profundizar el ajuste sobre los sectores de menores ingresos.<\/p>\n\n\n\n<p>El conductor destac\u00f3 que el <strong>Congreso Nacional<\/strong> aprob\u00f3 leyes como la moratoria y el aumento previsional, el incremento de asignaciones para personas con discapacidad y el financiamiento a la pediatr\u00eda y universidades. Tambi\u00e9n mencion\u00f3 iniciativas en tr\u00e1mite, como la coparticipaci\u00f3n, el impuesto a los combustibles y los aportes no reintegrables del <strong>Tesoro Nacional<\/strong>. En paralelo, la C\u00e1mara de Diputados rechaz\u00f3 varios decretos del Poder Ejecutivo y convoc\u00f3 comisiones para tratar proyectos reclamados por los gobernadores.<\/p>\n\n\n\n<p>Jenefes remarc\u00f3 que el presidente <strong>Javier Milei<\/strong> vet\u00f3 tres leyes y ratific\u00f3 que bloquear\u00eda cualquier norma que afectara el equilibrio fiscal. Se\u00f1al\u00f3 que el oficialismo y sus aliados del PRO no cuentan con los votos suficientes para sostener el veto sin negociar con mandatarios provinciales. Tambi\u00e9n analiz\u00f3 el clima pol\u00edtico previo a las elecciones bonaerenses del <strong>7 de septiembre<\/strong> y las nacionales de octubre, repasando el armado electoral entre <strong>La Libertad Avanza<\/strong> y el PRO, as\u00ed como las divisiones del justicialismo en <strong>Jujuy<\/strong>, donde distintos sectores competir\u00e1n por una banca en Diputados con estrategias diferenciadas frente a libertarios, kirchnerismo e izquierda.<\/p>\n","protected":false},"excerpt":{"rendered":"<p>En su editorial de Detr\u00e1s de las Noticias, Guillermo Jenefes repas\u00f3 los hechos m\u00e1s relevantes de la \u00faltima semana, marcados por definiciones legislativas, vetos presidenciales y el impacto de las pr\u00f3ximas elecciones. Advirti\u00f3 sobre la necesidad de preservar el equilibrio fiscal sin profundizar el ajuste sobre los sectores de menores ingresos. El conductor destac\u00f3 que [&hellip;]<\/p>\n","protected":false},"author":1,"featured_media":2796,"comment_status":"open","ping_status":"open","sticky":false,"template":"","format":"standard","meta":{"footnotes":""},"categories":[863,25],"tags":[],"class_list":{"0":"post-2795","1":"post","2":"type-post","3":"status-publish","4":"format-standard","5":"has-post-thumbnail","7":"category-jujuy","8":"category-sociedad"},"yoast_head":"<!-- This site is optimized with the Yoast SEO plugin v27.5 - https:\/\/yoast.com\/product\/yoast-seo-wordpress\/ -->\n<title>Jenefes analiz\u00f3 el escenario pol\u00edtico nacional y provincial - Muy Jujuy<\/title>\n<meta name=\"robots\" content=\"index, follow, max-snippet:-1, max-image-preview:large, max-video-preview:-1\" \/>\n<link rel=\"canonical\" href=\"https:\/\/www.muyjujuy.com\/index.php\/2025\/08\/12\/jenefes-analizo-el-escenario-politico-nacional-y-provincial\/\" \/>\n<meta property=\"og:locale\" content=\"es_ES\" \/>\n<meta property=\"og:type\" content=\"article\" \/>\n<meta property=\"og:title\" content=\"Jenefes analiz\u00f3 el escenario pol\u00edtico nacional y provincial - Muy Jujuy\" \/>\n<meta property=\"og:description\" content=\"En su editorial de Detr\u00e1s de las Noticias, Guillermo Jenefes repas\u00f3 los hechos m\u00e1s relevantes de la \u00faltima semana, marcados por definiciones legislativas, vetos presidenciales y el impacto de las pr\u00f3ximas elecciones. Advirti\u00f3 sobre la necesidad de preservar el equilibrio fiscal sin profundizar el ajuste sobre los sectores de menores ingresos. El conductor destac\u00f3 que [&hellip;]\" \/>\n<meta property=\"og:url\" content=\"https:\/\/www.muyjujuy.com\/index.php\/2025\/08\/12\/jenefes-analizo-el-escenario-politico-nacional-y-provincial\/\" \/>\n<meta property=\"og:site_name\" content=\"Muy Jujuy\" \/>\n<meta property=\"article:publisher\" content=\"https:\/\/www.facebook.com\/muyjujuycom\" \/>\n<meta property=\"article:published_time\" content=\"2025-08-12T15:07:20+00:00\" \/>\n<meta name=\"author\" content=\"admin\" \/>\n<meta name=\"twitter:card\" content=\"summary_large_image\" \/>\n<meta name=\"twitter:creator\" content=\"@muyjujuy\" \/>\n<meta name=\"twitter:site\" content=\"@muyjujuy\" \/>\n<meta name=\"twitter:label1\" content=\"Escrito por\" \/>\n\t<meta name=\"twitter:data1\" content=\"admin\" \/>\n\t<meta name=\"twitter:label2\" content=\"Tiempo de lectura\" \/>\n\t<meta name=\"twitter:data2\" content=\"1 minuto\" \/>\n<script type=\"application\/ld+json\" class=\"yoast-schema-graph\">{\"@context\":\"https:\\\/\\\/schema.org\",\"@graph\":[{\"@type\":\"Article\",\"@id\":\"https:\\\/\\\/www.muyjujuy.com\\\/index.php\\\/2025\\\/08\\\/12\\\/jenefes-analizo-el-escenario-politico-nacional-y-provincial\\\/#article\",\"isPartOf\":{\"@id\":\"https:\\\/\\\/www.muyjujuy.com\\\/index.php\\\/2025\\\/08\\\/12\\\/jenefes-analizo-el-escenario-politico-nacional-y-provincial\\\/\"},\"author\":{\"name\":\"admin\",\"@id\":\"https:\\\/\\\/www.muyjujuy.com\\\/#\\\/schema\\\/person\\\/a3b63db1f387ec4149299954904c5bf0\"},\"headline\":\"Jenefes analiz\u00f3 el escenario pol\u00edtico nacional y provincial\",\"datePublished\":\"2025-08-12T15:07:20+00:00\",\"mainEntityOfPage\":{\"@id\":\"https:\\\/\\\/www.muyjujuy.com\\\/index.php\\\/2025\\\/08\\\/12\\\/jenefes-analizo-el-escenario-politico-nacional-y-provincial\\\/\"},\"wordCount\":248,\"commentCount\":0,\"publisher\":{\"@id\":\"https:\\\/\\\/www.muyjujuy.com\\\/#organization\"},\"image\":{\"@id\":\"https:\\\/\\\/www.muyjujuy.com\\\/index.php\\\/2025\\\/08\\\/12\\\/jenefes-analizo-el-escenario-politico-nacional-y-provincial\\\/#primaryimage\"},\"thumbnailUrl\":\"https:\\\/\\\/www.muyjujuy.com\\\/wp-content\\\/uploads\\\/2025\\\/08\\\/JUJUY-8.jpg\",\"articleSection\":[\"JUJUY\",\"Sociedad\"],\"inLanguage\":\"es-AR\",\"potentialAction\":[{\"@type\":\"CommentAction\",\"name\":\"Comment\",\"target\":[\"https:\\\/\\\/www.muyjujuy.com\\\/index.php\\\/2025\\\/08\\\/12\\\/jenefes-analizo-el-escenario-politico-nacional-y-provincial\\\/#respond\"]}]},{\"@type\":\"WebPage\",\"@id\":\"https:\\\/\\\/www.muyjujuy.com\\\/index.php\\\/2025\\\/08\\\/12\\\/jenefes-analizo-el-escenario-politico-nacional-y-provincial\\\/\",\"url\":\"https:\\\/\\\/www.muyjujuy.com\\\/index.php\\\/2025\\\/08\\\/12\\\/jenefes-analizo-el-escenario-politico-nacional-y-provincial\\\/\",\"name\":\"Jenefes analiz\u00f3 el escenario pol\u00edtico nacional y provincial - Muy Jujuy\",\"isPartOf\":{\"@id\":\"https:\\\/\\\/www.muyjujuy.com\\\/#website\"},\"primaryImageOfPage\":{\"@id\":\"https:\\\/\\\/www.muyjujuy.com\\\/index.php\\\/2025\\\/08\\\/12\\\/jenefes-analizo-el-escenario-politico-nacional-y-provincial\\\/#primaryimage\"},\"image\":{\"@id\":\"https:\\\/\\\/www.muyjujuy.com\\\/index.php\\\/2025\\\/08\\\/12\\\/jenefes-analizo-el-escenario-politico-nacional-y-provincial\\\/#primaryimage\"},\"thumbnailUrl\":\"https:\\\/\\\/www.muyjujuy.com\\\/wp-content\\\/uploads\\\/2025\\\/08\\\/JUJUY-8.jpg\",\"datePublished\":\"2025-08-12T15:07:20+00:00\",\"breadcrumb\":{\"@id\":\"https:\\\/\\\/www.muyjujuy.com\\\/index.php\\\/2025\\\/08\\\/12\\\/jenefes-analizo-el-escenario-politico-nacional-y-provincial\\\/#breadcrumb\"},\"inLanguage\":\"es-AR\",\"potentialAction\":[{\"@type\":\"ReadAction\",\"target\":[\"https:\\\/\\\/www.muyjujuy.com\\\/index.php\\\/2025\\\/08\\\/12\\\/jenefes-analizo-el-escenario-politico-nacional-y-provincial\\\/\"]}]},{\"@type\":\"ImageObject\",\"inLanguage\":\"es-AR\",\"@id\":\"https:\\\/\\\/www.muyjujuy.com\\\/index.php\\\/2025\\\/08\\\/12\\\/jenefes-analizo-el-escenario-politico-nacional-y-provincial\\\/#primaryimage\",\"url\":\"https:\\\/\\\/www.muyjujuy.com\\\/wp-content\\\/uploads\\\/2025\\\/08\\\/JUJUY-8.jpg\",\"contentUrl\":\"https:\\\/\\\/www.muyjujuy.com\\\/wp-content\\\/uploads\\\/2025\\\/08\\\/JUJUY-8.jpg\",\"width\":851,\"height\":536},{\"@type\":\"BreadcrumbList\",\"@id\":\"https:\\\/\\\/www.muyjujuy.com\\\/index.php\\\/2025\\\/08\\\/12\\\/jenefes-analizo-el-escenario-politico-nacional-y-provincial\\\/#breadcrumb\",\"itemListElement\":[{\"@type\":\"ListItem\",\"position\":1,\"name\":\"Inicio\",\"item\":\"https:\\\/\\\/www.muyjujuy.com\\\/\"},{\"@type\":\"ListItem\",\"position\":2,\"name\":\"Jenefes analiz\u00f3 el escenario pol\u00edtico nacional y provincial\"}]},{\"@type\":\"WebSite\",\"@id\":\"https:\\\/\\\/www.muyjujuy.com\\\/#website\",\"url\":\"https:\\\/\\\/www.muyjujuy.com\\\/\",\"name\":\"Muy Jujuy\",\"description\":\"\",\"publisher\":{\"@id\":\"https:\\\/\\\/www.muyjujuy.com\\\/#organization\"},\"potentialAction\":[{\"@type\":\"SearchAction\",\"target\":{\"@type\":\"EntryPoint\",\"urlTemplate\":\"https:\\\/\\\/www.muyjujuy.com\\\/?s={search_term_string}\"},\"query-input\":{\"@type\":\"PropertyValueSpecification\",\"valueRequired\":true,\"valueName\":\"search_term_string\"}}],\"inLanguage\":\"es-AR\"},{\"@type\":\"Organization\",\"@id\":\"https:\\\/\\\/www.muyjujuy.com\\\/#organization\",\"name\":\"Muy Jujuy\",\"url\":\"https:\\\/\\\/www.muyjujuy.com\\\/\",\"logo\":{\"@type\":\"ImageObject\",\"inLanguage\":\"es-AR\",\"@id\":\"https:\\\/\\\/www.muyjujuy.com\\\/#\\\/schema\\\/logo\\\/image\\\/\",\"url\":\"http:\\\/\\\/www.muyjujuy.com\\\/wp-content\\\/uploads\\\/2022\\\/05\\\/logo-mobil-jujuy.png\",\"contentUrl\":\"http:\\\/\\\/www.muyjujuy.com\\\/wp-content\\\/uploads\\\/2022\\\/05\\\/logo-mobil-jujuy.png\",\"width\":174,\"height\":81,\"caption\":\"Muy Jujuy\"},\"image\":{\"@id\":\"https:\\\/\\\/www.muyjujuy.com\\\/#\\\/schema\\\/logo\\\/image\\\/\"},\"sameAs\":[\"https:\\\/\\\/www.facebook.com\\\/muyjujuycom\",\"https:\\\/\\\/x.com\\\/muyjujuy\",\"https:\\\/\\\/www.instagram.com\\\/muyjujuycom\"]},{\"@type\":\"Person\",\"@id\":\"https:\\\/\\\/www.muyjujuy.com\\\/#\\\/schema\\\/person\\\/a3b63db1f387ec4149299954904c5bf0\",\"name\":\"admin\",\"image\":{\"@type\":\"ImageObject\",\"inLanguage\":\"es-AR\",\"@id\":\"https:\\\/\\\/secure.gravatar.com\\\/avatar\\\/b6e63d8d3a73633362405a0ad27e9c28391755813b59886f19a99d6cef8a03fc?s=96&d=mm&r=g\",\"url\":\"https:\\\/\\\/secure.gravatar.com\\\/avatar\\\/b6e63d8d3a73633362405a0ad27e9c28391755813b59886f19a99d6cef8a03fc?s=96&d=mm&r=g\",\"contentUrl\":\"https:\\\/\\\/secure.gravatar.com\\\/avatar\\\/b6e63d8d3a73633362405a0ad27e9c28391755813b59886f19a99d6cef8a03fc?s=96&d=mm&r=g\",\"caption\":\"admin\"},\"url\":\"https:\\\/\\\/www.muyjujuy.com\\\/index.php\\\/author\\\/soyeleditor\\\/\"}]}<\/script>\n<!-- \/ Yoast SEO plugin. -->","yoast_head_json":{"title":"Jenefes analiz\u00f3 el escenario pol\u00edtico nacional y provincial - Muy Jujuy","robots":{"index":"index","follow":"follow","max-snippet":"max-snippet:-1","max-image-preview":"max-image-preview:large","max-video-preview":"max-video-preview:-1"},"canonical":"https:\/\/www.muyjujuy.com\/index.php\/2025\/08\/12\/jenefes-analizo-el-escenario-politico-nacional-y-provincial\/","og_locale":"es_ES","og_type":"article","og_title":"Jenefes analiz\u00f3 el escenario pol\u00edtico nacional y provincial - Muy Jujuy","og_description":"En su editorial de Detr\u00e1s de las Noticias, Guillermo Jenefes repas\u00f3 los hechos m\u00e1s relevantes de la \u00faltima semana, marcados por definiciones legislativas, vetos presidenciales y el impacto de las pr\u00f3ximas elecciones. Advirti\u00f3 sobre la necesidad de preservar el equilibrio fiscal sin profundizar el ajuste sobre los sectores de menores ingresos. El conductor destac\u00f3 que [&hellip;]","og_url":"https:\/\/www.muyjujuy.com\/index.php\/2025\/08\/12\/jenefes-analizo-el-escenario-politico-nacional-y-provincial\/","og_site_name":"Muy Jujuy","article_publisher":"https:\/\/www.facebook.com\/muyjujuycom","article_published_time":"2025-08-12T15:07:20+00:00","author":"admin","twitter_card":"summary_large_image","twitter_creator":"@muyjujuy","twitter_site":"@muyjujuy","twitter_misc":{"Escrito por":"admin","Tiempo de lectura":"1 minuto"},"schema":{"@context":"https:\/\/schema.org","@graph":[{"@type":"Article","@id":"https:\/\/www.muyjujuy.com\/index.php\/2025\/08\/12\/jenefes-analizo-el-escenario-politico-nacional-y-provincial\/#article","isPartOf":{"@id":"https:\/\/www.muyjujuy.com\/index.php\/2025\/08\/12\/jenefes-analizo-el-escenario-politico-nacional-y-provincial\/"},"author":{"name":"admin","@id":"https:\/\/www.muyjujuy.com\/#\/schema\/person\/a3b63db1f387ec4149299954904c5bf0"},"headline":"Jenefes analiz\u00f3 el escenario pol\u00edtico nacional y provincial","datePublished":"2025-08-12T15:07:20+00:00","mainEntityOfPage":{"@id":"https:\/\/www.muyjujuy.com\/index.php\/2025\/08\/12\/jenefes-analizo-el-escenario-politico-nacional-y-provincial\/"},"wordCount":248,"commentCount":0,"publisher":{"@id":"https:\/\/www.muyjujuy.com\/#organization"},"image":{"@id":"https:\/\/www.muyjujuy.com\/index.php\/2025\/08\/12\/jenefes-analizo-el-escenario-politico-nacional-y-provincial\/#primaryimage"},"thumbnailUrl":"https:\/\/www.muyjujuy.com\/wp-content\/uploads\/2025\/08\/JUJUY-8.jpg","articleSection":["JUJUY","Sociedad"],"inLanguage":"es-AR","potentialAction":[{"@type":"CommentAction","name":"Comment","target":["https:\/\/www.muyjujuy.com\/index.php\/2025\/08\/12\/jenefes-analizo-el-escenario-politico-nacional-y-provincial\/#respond"]}]},{"@type":"WebPage","@id":"https:\/\/www.muyjujuy.com\/index.php\/2025\/08\/12\/jenefes-analizo-el-escenario-politico-nacional-y-provincial\/","url":"https:\/\/www.muyjujuy.com\/index.php\/2025\/08\/12\/jenefes-analizo-el-escenario-politico-nacional-y-provincial\/","name":"Jenefes analiz\u00f3 el escenario pol\u00edtico nacional y provincial - Muy Jujuy","isPartOf":{"@id":"https:\/\/www.muyjujuy.com\/#website"},"primaryImageOfPage":{"@id":"https:\/\/www.muyjujuy.com\/index.php\/2025\/08\/12\/jenefes-analizo-el-escenario-politico-nacional-y-provincial\/#primaryimage"},"image":{"@id":"https:\/\/www.muyjujuy.com\/index.php\/2025\/08\/12\/jenefes-analizo-el-escenario-politico-nacional-y-provincial\/#primaryimage"},"thumbnailUrl":"https:\/\/www.muyjujuy.com\/wp-content\/uploads\/2025\/08\/JUJUY-8.jpg","datePublished":"2025-08-12T15:07:20+00:00","breadcrumb":{"@id":"https:\/\/www.muyjujuy.com\/index.php\/2025\/08\/12\/jenefes-analizo-el-escenario-politico-nacional-y-provincial\/#breadcrumb"},"inLanguage":"es-AR","potentialAction":[{"@type":"ReadAction","target":["https:\/\/www.muyjujuy.com\/index.php\/2025\/08\/12\/jenefes-analizo-el-escenario-politico-nacional-y-provincial\/"]}]},{"@type":"ImageObject","inLanguage":"es-AR","@id":"https:\/\/www.muyjujuy.com\/index.php\/2025\/08\/12\/jenefes-analizo-el-escenario-politico-nacional-y-provincial\/#primaryimage","url":"https:\/\/www.muyjujuy.com\/wp-content\/uploads\/2025\/08\/JUJUY-8.jpg","contentUrl":"https:\/\/www.muyjujuy.com\/wp-content\/uploads\/2025\/08\/JUJUY-8.jpg","width":851,"height":536},{"@type":"BreadcrumbList","@id":"https:\/\/www.muyjujuy.com\/index.php\/2025\/08\/12\/jenefes-analizo-el-escenario-politico-nacional-y-provincial\/#breadcrumb","itemListElement":[{"@type":"ListItem","position":1,"name":"Inicio","item":"https:\/\/www.muyjujuy.com\/"},{"@type":"ListItem","position":2,"name":"Jenefes analiz\u00f3 el escenario pol\u00edtico nacional y provincial"}]},{"@type":"WebSite","@id":"https:\/\/www.muyjujuy.com\/#website","url":"https:\/\/www.muyjujuy.com\/","name":"Muy Jujuy","description":"","publisher":{"@id":"https:\/\/www.muyjujuy.com\/#organization"},"potentialAction":[{"@type":"SearchAction","target":{"@type":"EntryPoint","urlTemplate":"https:\/\/www.muyjujuy.com\/?s={search_term_string}"},"query-input":{"@type":"PropertyValueSpecification","valueRequired":true,"valueName":"search_term_string"}}],"inLanguage":"es-AR"},{"@type":"Organization","@id":"https:\/\/www.muyjujuy.com\/#organization","name":"Muy Jujuy","url":"https:\/\/www.muyjujuy.com\/","logo":{"@type":"ImageObject","inLanguage":"es-AR","@id":"https:\/\/www.muyjujuy.com\/#\/schema\/logo\/image\/","url":"http:\/\/www.muyjujuy.com\/wp-content\/uploads\/2022\/05\/logo-mobil-jujuy.png","contentUrl":"http:\/\/www.muyjujuy.com\/wp-content\/uploads\/2022\/05\/logo-mobil-jujuy.png","width":174,"height":81,"caption":"Muy Jujuy"},"image":{"@id":"https:\/\/www.muyjujuy.com\/#\/schema\/logo\/image\/"},"sameAs":["https:\/\/www.facebook.com\/muyjujuycom","https:\/\/x.com\/muyjujuy","https:\/\/www.instagram.com\/muyjujuycom"]},{"@type":"Person","@id":"https:\/\/www.muyjujuy.com\/#\/schema\/person\/a3b63db1f387ec4149299954904c5bf0","name":"admin","image":{"@type":"ImageObject","inLanguage":"es-AR","@id":"https:\/\/secure.gravatar.com\/avatar\/b6e63d8d3a73633362405a0ad27e9c28391755813b59886f19a99d6cef8a03fc?s=96&d=mm&r=g","url":"https:\/\/secure.gravatar.com\/avatar\/b6e63d8d3a73633362405a0ad27e9c28391755813b59886f19a99d6cef8a03fc?s=96&d=mm&r=g","contentUrl":"https:\/\/secure.gravatar.com\/avatar\/b6e63d8d3a73633362405a0ad27e9c28391755813b59886f19a99d6cef8a03fc?s=96&d=mm&r=g","caption":"admin"},"url":"https:\/\/www.muyjujuy.com\/index.php\/author\/soyeleditor\/"}]}},"_links":{"self":[{"href":"https:\/\/www.muyjujuy.com\/index.php\/wp-json\/wp\/v2\/posts\/2795","targetHints":{"allow":["GET"]}}],"collection":[{"href":"https:\/\/www.muyjujuy.com\/index.php\/wp-json\/wp\/v2\/posts"}],"about":[{"href":"https:\/\/www.muyjujuy.com\/index.php\/wp-json\/wp\/v2\/types\/post"}],"author":[{"embeddable":true,"href":"https:\/\/www.muyjujuy.com\/index.php\/wp-json\/wp\/v2\/users\/1"}],"replies":[{"embeddable":true,"href":"https:\/\/www.muyjujuy.com\/index.php\/wp-json\/wp\/v2\/comments?post=2795"}],"version-history":[{"count":1,"href":"https:\/\/www.muyjujuy.com\/index.php\/wp-json\/wp\/v2\/posts\/2795\/revisions"}],"predecessor-version":[{"id":2797,"href":"https:\/\/www.muyjujuy.com\/index.php\/wp-json\/wp\/v2\/posts\/2795\/revisions\/2797"}],"wp:featuredmedia":[{"embeddable":true,"href":"https:\/\/www.muyjujuy.com\/index.php\/wp-json\/wp\/v2\/media\/2796"}],"wp:attachment":[{"href":"https:\/\/www.muyjujuy.com\/index.php\/wp-json\/wp\/v2\/media?parent=2795"}],"wp:term":[{"taxonomy":"category","embeddable":true,"href":"https:\/\/www.muyjujuy.com\/index.php\/wp-json\/wp\/v2\/categories?post=2795"},{"taxonomy":"post_tag","embeddable":true,"href":"https:\/\/www.muyjujuy.com\/index.php\/wp-json\/wp\/v2\/tags?post=2795"}],"curies":[{"name":"wp","href":"https:\/\/api.w.org\/{rel}","templated":true}]}}