{"id":2798,"date":"2025-08-13T11:54:13","date_gmt":"2025-08-13T14:54:13","guid":{"rendered":"https:\/\/www.muyjujuy.com\/?p=2798"},"modified":"2025-08-13T11:54:13","modified_gmt":"2025-08-13T14:54:13","slug":"jujuy-una-familia-recordo-el-crimen-de-2004-que-vinculaba-a-matias-jurado-con-el-asesinato-de-un-joven","status":"publish","type":"post","link":"https:\/\/www.muyjujuy.com\/index.php\/2025\/08\/13\/jujuy-una-familia-recordo-el-crimen-de-2004-que-vinculaba-a-matias-jurado-con-el-asesinato-de-un-joven\/","title":{"rendered":"Jujuy | una familia record\u00f3 el crimen de 2004 que vinculaba a Mat\u00edas Jurado con el asesinato de un joven"},"content":{"rendered":"\n<p><strong>Gloria Jorge<\/strong>, hermana de <strong>V\u00edctor Hugo Guti\u00e9rrez<\/strong>, relat\u00f3 el miedo que su familia padeci\u00f3 durante a\u00f1os al convivir cerca de <strong>Mat\u00edas Jurado<\/strong>, detenido actualmente como presunto asesino serial en Jujuy. Su hermano, de 18 a\u00f1os, muri\u00f3 apu\u00f1alado en 2004, hecho por el que Jurado estuvo preso unos meses, aunque fue liberado por falta de pruebas.<\/p>\n\n\n\n<p>La mujer cont\u00f3 que, seg\u00fan la versi\u00f3n familiar, su hermano fue atacado por Jurado y otra persona, y luego trasladado a caballo hasta su casa. Explic\u00f3 que, tras recuperar la libertad, el acusado viv\u00eda en las inmediaciones y manten\u00eda actitudes intimidatorias, lo que llev\u00f3 a que la familia permaneciera a\u00f1os encerrada por temor. \u201cNos miraba fijo, nos amenazaba con armas y cuchillos; hicimos denuncias, pero no pas\u00f3 nada\u201d, sostuvo, y agreg\u00f3 que sus hijas y nietos tambi\u00e9n fueron intimidados.<\/p>\n\n\n\n<p>Sobre la detenci\u00f3n actual de Jurado, Jorge expres\u00f3 un alivio parcial y pidi\u00f3 que no sea liberado, se\u00f1alando que tem\u00eda que irrumpiera en su vivienda. El fiscal regional <strong>Guillermo Beller<\/strong> confirm\u00f3 que Jurado fue investigado en su momento por el homicidio de Guti\u00e9rrez, aunque no se logr\u00f3 probar su responsabilidad y por ello qued\u00f3 en libertad.<\/p>\n","protected":false},"excerpt":{"rendered":"<p>Gloria Jorge, hermana de V\u00edctor Hugo Guti\u00e9rrez, relat\u00f3 el miedo que su familia padeci\u00f3 durante a\u00f1os al convivir cerca de Mat\u00edas Jurado, detenido actualmente como presunto asesino serial en Jujuy. Su hermano, de 18 a\u00f1os, muri\u00f3 apu\u00f1alado en 2004, hecho por el que Jurado estuvo preso unos meses, aunque fue liberado por falta de pruebas. [&hellip;]<\/p>\n","protected":false},"author":1,"featured_media":2799,"comment_status":"open","ping_status":"open","sticky":false,"template":"","format":"standard","meta":{"footnotes":""},"categories":[863,25],"tags":[],"class_list":{"0":"post-2798","1":"post","2":"type-post","3":"status-publish","4":"format-standard","5":"has-post-thumbnail","7":"category-jujuy","8":"category-sociedad"},"yoast_head":"<!-- This site is optimized with the Yoast SEO plugin v27.5 - https:\/\/yoast.com\/product\/yoast-seo-wordpress\/ -->\n<title>Jujuy | una familia record\u00f3 el crimen de 2004 que vinculaba a Mat\u00edas Jurado con el asesinato de un joven - Muy Jujuy<\/title>\n<meta name=\"robots\" content=\"index, follow, max-snippet:-1, max-image-preview:large, max-video-preview:-1\" \/>\n<link rel=\"canonical\" href=\"https:\/\/www.muyjujuy.com\/index.php\/2025\/08\/13\/jujuy-una-familia-recordo-el-crimen-de-2004-que-vinculaba-a-matias-jurado-con-el-asesinato-de-un-joven\/\" \/>\n<meta property=\"og:locale\" content=\"es_ES\" \/>\n<meta property=\"og:type\" content=\"article\" \/>\n<meta property=\"og:title\" content=\"Jujuy | una familia record\u00f3 el crimen de 2004 que vinculaba a Mat\u00edas Jurado con el asesinato de un joven - Muy Jujuy\" \/>\n<meta property=\"og:description\" content=\"Gloria Jorge, hermana de V\u00edctor Hugo Guti\u00e9rrez, relat\u00f3 el miedo que su familia padeci\u00f3 durante a\u00f1os al convivir cerca de Mat\u00edas Jurado, detenido actualmente como presunto asesino serial en Jujuy. Su hermano, de 18 a\u00f1os, muri\u00f3 apu\u00f1alado en 2004, hecho por el que Jurado estuvo preso unos meses, aunque fue liberado por falta de pruebas. [&hellip;]\" \/>\n<meta property=\"og:url\" content=\"https:\/\/www.muyjujuy.com\/index.php\/2025\/08\/13\/jujuy-una-familia-recordo-el-crimen-de-2004-que-vinculaba-a-matias-jurado-con-el-asesinato-de-un-joven\/\" \/>\n<meta property=\"og:site_name\" content=\"Muy Jujuy\" \/>\n<meta property=\"article:publisher\" content=\"https:\/\/www.facebook.com\/muyjujuycom\" \/>\n<meta property=\"article:published_time\" content=\"2025-08-13T14:54:13+00:00\" \/>\n<meta name=\"author\" content=\"admin\" \/>\n<meta name=\"twitter:card\" content=\"summary_large_image\" \/>\n<meta name=\"twitter:creator\" content=\"@muyjujuy\" \/>\n<meta name=\"twitter:site\" content=\"@muyjujuy\" \/>\n<meta name=\"twitter:label1\" content=\"Escrito por\" \/>\n\t<meta name=\"twitter:data1\" content=\"admin\" \/>\n\t<meta name=\"twitter:label2\" content=\"Tiempo de lectura\" \/>\n\t<meta name=\"twitter:data2\" content=\"1 minuto\" \/>\n<script type=\"application\/ld+json\" class=\"yoast-schema-graph\">{\"@context\":\"https:\\\/\\\/schema.org\",\"@graph\":[{\"@type\":\"Article\",\"@id\":\"https:\\\/\\\/www.muyjujuy.com\\\/index.php\\\/2025\\\/08\\\/13\\\/jujuy-una-familia-recordo-el-crimen-de-2004-que-vinculaba-a-matias-jurado-con-el-asesinato-de-un-joven\\\/#article\",\"isPartOf\":{\"@id\":\"https:\\\/\\\/www.muyjujuy.com\\\/index.php\\\/2025\\\/08\\\/13\\\/jujuy-una-familia-recordo-el-crimen-de-2004-que-vinculaba-a-matias-jurado-con-el-asesinato-de-un-joven\\\/\"},\"author\":{\"name\":\"admin\",\"@id\":\"https:\\\/\\\/www.muyjujuy.com\\\/#\\\/schema\\\/person\\\/a3b63db1f387ec4149299954904c5bf0\"},\"headline\":\"Jujuy | una familia record\u00f3 el crimen de 2004 que vinculaba a Mat\u00edas Jurado con el asesinato de un joven\",\"datePublished\":\"2025-08-13T14:54:13+00:00\",\"mainEntityOfPage\":{\"@id\":\"https:\\\/\\\/www.muyjujuy.com\\\/index.php\\\/2025\\\/08\\\/13\\\/jujuy-una-familia-recordo-el-crimen-de-2004-que-vinculaba-a-matias-jurado-con-el-asesinato-de-un-joven\\\/\"},\"wordCount\":223,\"commentCount\":0,\"publisher\":{\"@id\":\"https:\\\/\\\/www.muyjujuy.com\\\/#organization\"},\"image\":{\"@id\":\"https:\\\/\\\/www.muyjujuy.com\\\/index.php\\\/2025\\\/08\\\/13\\\/jujuy-una-familia-recordo-el-crimen-de-2004-que-vinculaba-a-matias-jurado-con-el-asesinato-de-un-joven\\\/#primaryimage\"},\"thumbnailUrl\":\"https:\\\/\\\/www.muyjujuy.com\\\/wp-content\\\/uploads\\\/2025\\\/08\\\/JUJUY-9.jpg\",\"articleSection\":[\"JUJUY\",\"Sociedad\"],\"inLanguage\":\"es-AR\",\"potentialAction\":[{\"@type\":\"CommentAction\",\"name\":\"Comment\",\"target\":[\"https:\\\/\\\/www.muyjujuy.com\\\/index.php\\\/2025\\\/08\\\/13\\\/jujuy-una-familia-recordo-el-crimen-de-2004-que-vinculaba-a-matias-jurado-con-el-asesinato-de-un-joven\\\/#respond\"]}]},{\"@type\":\"WebPage\",\"@id\":\"https:\\\/\\\/www.muyjujuy.com\\\/index.php\\\/2025\\\/08\\\/13\\\/jujuy-una-familia-recordo-el-crimen-de-2004-que-vinculaba-a-matias-jurado-con-el-asesinato-de-un-joven\\\/\",\"url\":\"https:\\\/\\\/www.muyjujuy.com\\\/index.php\\\/2025\\\/08\\\/13\\\/jujuy-una-familia-recordo-el-crimen-de-2004-que-vinculaba-a-matias-jurado-con-el-asesinato-de-un-joven\\\/\",\"name\":\"Jujuy | una familia record\u00f3 el crimen de 2004 que vinculaba a Mat\u00edas Jurado con el asesinato de un joven - Muy Jujuy\",\"isPartOf\":{\"@id\":\"https:\\\/\\\/www.muyjujuy.com\\\/#website\"},\"primaryImageOfPage\":{\"@id\":\"https:\\\/\\\/www.muyjujuy.com\\\/index.php\\\/2025\\\/08\\\/13\\\/jujuy-una-familia-recordo-el-crimen-de-2004-que-vinculaba-a-matias-jurado-con-el-asesinato-de-un-joven\\\/#primaryimage\"},\"image\":{\"@id\":\"https:\\\/\\\/www.muyjujuy.com\\\/index.php\\\/2025\\\/08\\\/13\\\/jujuy-una-familia-recordo-el-crimen-de-2004-que-vinculaba-a-matias-jurado-con-el-asesinato-de-un-joven\\\/#primaryimage\"},\"thumbnailUrl\":\"https:\\\/\\\/www.muyjujuy.com\\\/wp-content\\\/uploads\\\/2025\\\/08\\\/JUJUY-9.jpg\",\"datePublished\":\"2025-08-13T14:54:13+00:00\",\"breadcrumb\":{\"@id\":\"https:\\\/\\\/www.muyjujuy.com\\\/index.php\\\/2025\\\/08\\\/13\\\/jujuy-una-familia-recordo-el-crimen-de-2004-que-vinculaba-a-matias-jurado-con-el-asesinato-de-un-joven\\\/#breadcrumb\"},\"inLanguage\":\"es-AR\",\"potentialAction\":[{\"@type\":\"ReadAction\",\"target\":[\"https:\\\/\\\/www.muyjujuy.com\\\/index.php\\\/2025\\\/08\\\/13\\\/jujuy-una-familia-recordo-el-crimen-de-2004-que-vinculaba-a-matias-jurado-con-el-asesinato-de-un-joven\\\/\"]}]},{\"@type\":\"ImageObject\",\"inLanguage\":\"es-AR\",\"@id\":\"https:\\\/\\\/www.muyjujuy.com\\\/index.php\\\/2025\\\/08\\\/13\\\/jujuy-una-familia-recordo-el-crimen-de-2004-que-vinculaba-a-matias-jurado-con-el-asesinato-de-un-joven\\\/#primaryimage\",\"url\":\"https:\\\/\\\/www.muyjujuy.com\\\/wp-content\\\/uploads\\\/2025\\\/08\\\/JUJUY-9.jpg\",\"contentUrl\":\"https:\\\/\\\/www.muyjujuy.com\\\/wp-content\\\/uploads\\\/2025\\\/08\\\/JUJUY-9.jpg\",\"width\":749,\"height\":503},{\"@type\":\"BreadcrumbList\",\"@id\":\"https:\\\/\\\/www.muyjujuy.com\\\/index.php\\\/2025\\\/08\\\/13\\\/jujuy-una-familia-recordo-el-crimen-de-2004-que-vinculaba-a-matias-jurado-con-el-asesinato-de-un-joven\\\/#breadcrumb\",\"itemListElement\":[{\"@type\":\"ListItem\",\"position\":1,\"name\":\"Inicio\",\"item\":\"https:\\\/\\\/www.muyjujuy.com\\\/\"},{\"@type\":\"ListItem\",\"position\":2,\"name\":\"Jujuy | una familia record\u00f3 el crimen de 2004 que vinculaba a Mat\u00edas Jurado con el asesinato de un joven\"}]},{\"@type\":\"WebSite\",\"@id\":\"https:\\\/\\\/www.muyjujuy.com\\\/#website\",\"url\":\"https:\\\/\\\/www.muyjujuy.com\\\/\",\"name\":\"Muy Jujuy\",\"description\":\"\",\"publisher\":{\"@id\":\"https:\\\/\\\/www.muyjujuy.com\\\/#organization\"},\"potentialAction\":[{\"@type\":\"SearchAction\",\"target\":{\"@type\":\"EntryPoint\",\"urlTemplate\":\"https:\\\/\\\/www.muyjujuy.com\\\/?s={search_term_string}\"},\"query-input\":{\"@type\":\"PropertyValueSpecification\",\"valueRequired\":true,\"valueName\":\"search_term_string\"}}],\"inLanguage\":\"es-AR\"},{\"@type\":\"Organization\",\"@id\":\"https:\\\/\\\/www.muyjujuy.com\\\/#organization\",\"name\":\"Muy Jujuy\",\"url\":\"https:\\\/\\\/www.muyjujuy.com\\\/\",\"logo\":{\"@type\":\"ImageObject\",\"inLanguage\":\"es-AR\",\"@id\":\"https:\\\/\\\/www.muyjujuy.com\\\/#\\\/schema\\\/logo\\\/image\\\/\",\"url\":\"http:\\\/\\\/www.muyjujuy.com\\\/wp-content\\\/uploads\\\/2022\\\/05\\\/logo-mobil-jujuy.png\",\"contentUrl\":\"http:\\\/\\\/www.muyjujuy.com\\\/wp-content\\\/uploads\\\/2022\\\/05\\\/logo-mobil-jujuy.png\",\"width\":174,\"height\":81,\"caption\":\"Muy Jujuy\"},\"image\":{\"@id\":\"https:\\\/\\\/www.muyjujuy.com\\\/#\\\/schema\\\/logo\\\/image\\\/\"},\"sameAs\":[\"https:\\\/\\\/www.facebook.com\\\/muyjujuycom\",\"https:\\\/\\\/x.com\\\/muyjujuy\",\"https:\\\/\\\/www.instagram.com\\\/muyjujuycom\"]},{\"@type\":\"Person\",\"@id\":\"https:\\\/\\\/www.muyjujuy.com\\\/#\\\/schema\\\/person\\\/a3b63db1f387ec4149299954904c5bf0\",\"name\":\"admin\",\"image\":{\"@type\":\"ImageObject\",\"inLanguage\":\"es-AR\",\"@id\":\"https:\\\/\\\/secure.gravatar.com\\\/avatar\\\/b6e63d8d3a73633362405a0ad27e9c28391755813b59886f19a99d6cef8a03fc?s=96&d=mm&r=g\",\"url\":\"https:\\\/\\\/secure.gravatar.com\\\/avatar\\\/b6e63d8d3a73633362405a0ad27e9c28391755813b59886f19a99d6cef8a03fc?s=96&d=mm&r=g\",\"contentUrl\":\"https:\\\/\\\/secure.gravatar.com\\\/avatar\\\/b6e63d8d3a73633362405a0ad27e9c28391755813b59886f19a99d6cef8a03fc?s=96&d=mm&r=g\",\"caption\":\"admin\"},\"url\":\"https:\\\/\\\/www.muyjujuy.com\\\/index.php\\\/author\\\/soyeleditor\\\/\"}]}<\/script>\n<!-- \/ Yoast SEO plugin. -->","yoast_head_json":{"title":"Jujuy | una familia record\u00f3 el crimen de 2004 que vinculaba a Mat\u00edas Jurado con el asesinato de un joven - Muy Jujuy","robots":{"index":"index","follow":"follow","max-snippet":"max-snippet:-1","max-image-preview":"max-image-preview:large","max-video-preview":"max-video-preview:-1"},"canonical":"https:\/\/www.muyjujuy.com\/index.php\/2025\/08\/13\/jujuy-una-familia-recordo-el-crimen-de-2004-que-vinculaba-a-matias-jurado-con-el-asesinato-de-un-joven\/","og_locale":"es_ES","og_type":"article","og_title":"Jujuy | una familia record\u00f3 el crimen de 2004 que vinculaba a Mat\u00edas Jurado con el asesinato de un joven - Muy Jujuy","og_description":"Gloria Jorge, hermana de V\u00edctor Hugo Guti\u00e9rrez, relat\u00f3 el miedo que su familia padeci\u00f3 durante a\u00f1os al convivir cerca de Mat\u00edas Jurado, detenido actualmente como presunto asesino serial en Jujuy. Su hermano, de 18 a\u00f1os, muri\u00f3 apu\u00f1alado en 2004, hecho por el que Jurado estuvo preso unos meses, aunque fue liberado por falta de pruebas. [&hellip;]","og_url":"https:\/\/www.muyjujuy.com\/index.php\/2025\/08\/13\/jujuy-una-familia-recordo-el-crimen-de-2004-que-vinculaba-a-matias-jurado-con-el-asesinato-de-un-joven\/","og_site_name":"Muy Jujuy","article_publisher":"https:\/\/www.facebook.com\/muyjujuycom","article_published_time":"2025-08-13T14:54:13+00:00","author":"admin","twitter_card":"summary_large_image","twitter_creator":"@muyjujuy","twitter_site":"@muyjujuy","twitter_misc":{"Escrito por":"admin","Tiempo de lectura":"1 minuto"},"schema":{"@context":"https:\/\/schema.org","@graph":[{"@type":"Article","@id":"https:\/\/www.muyjujuy.com\/index.php\/2025\/08\/13\/jujuy-una-familia-recordo-el-crimen-de-2004-que-vinculaba-a-matias-jurado-con-el-asesinato-de-un-joven\/#article","isPartOf":{"@id":"https:\/\/www.muyjujuy.com\/index.php\/2025\/08\/13\/jujuy-una-familia-recordo-el-crimen-de-2004-que-vinculaba-a-matias-jurado-con-el-asesinato-de-un-joven\/"},"author":{"name":"admin","@id":"https:\/\/www.muyjujuy.com\/#\/schema\/person\/a3b63db1f387ec4149299954904c5bf0"},"headline":"Jujuy | una familia record\u00f3 el crimen de 2004 que vinculaba a Mat\u00edas Jurado con el asesinato de un joven","datePublished":"2025-08-13T14:54:13+00:00","mainEntityOfPage":{"@id":"https:\/\/www.muyjujuy.com\/index.php\/2025\/08\/13\/jujuy-una-familia-recordo-el-crimen-de-2004-que-vinculaba-a-matias-jurado-con-el-asesinato-de-un-joven\/"},"wordCount":223,"commentCount":0,"publisher":{"@id":"https:\/\/www.muyjujuy.com\/#organization"},"image":{"@id":"https:\/\/www.muyjujuy.com\/index.php\/2025\/08\/13\/jujuy-una-familia-recordo-el-crimen-de-2004-que-vinculaba-a-matias-jurado-con-el-asesinato-de-un-joven\/#primaryimage"},"thumbnailUrl":"https:\/\/www.muyjujuy.com\/wp-content\/uploads\/2025\/08\/JUJUY-9.jpg","articleSection":["JUJUY","Sociedad"],"inLanguage":"es-AR","potentialAction":[{"@type":"CommentAction","name":"Comment","target":["https:\/\/www.muyjujuy.com\/index.php\/2025\/08\/13\/jujuy-una-familia-recordo-el-crimen-de-2004-que-vinculaba-a-matias-jurado-con-el-asesinato-de-un-joven\/#respond"]}]},{"@type":"WebPage","@id":"https:\/\/www.muyjujuy.com\/index.php\/2025\/08\/13\/jujuy-una-familia-recordo-el-crimen-de-2004-que-vinculaba-a-matias-jurado-con-el-asesinato-de-un-joven\/","url":"https:\/\/www.muyjujuy.com\/index.php\/2025\/08\/13\/jujuy-una-familia-recordo-el-crimen-de-2004-que-vinculaba-a-matias-jurado-con-el-asesinato-de-un-joven\/","name":"Jujuy | una familia record\u00f3 el crimen de 2004 que vinculaba a Mat\u00edas Jurado con el asesinato de un joven - Muy Jujuy","isPartOf":{"@id":"https:\/\/www.muyjujuy.com\/#website"},"primaryImageOfPage":{"@id":"https:\/\/www.muyjujuy.com\/index.php\/2025\/08\/13\/jujuy-una-familia-recordo-el-crimen-de-2004-que-vinculaba-a-matias-jurado-con-el-asesinato-de-un-joven\/#primaryimage"},"image":{"@id":"https:\/\/www.muyjujuy.com\/index.php\/2025\/08\/13\/jujuy-una-familia-recordo-el-crimen-de-2004-que-vinculaba-a-matias-jurado-con-el-asesinato-de-un-joven\/#primaryimage"},"thumbnailUrl":"https:\/\/www.muyjujuy.com\/wp-content\/uploads\/2025\/08\/JUJUY-9.jpg","datePublished":"2025-08-13T14:54:13+00:00","breadcrumb":{"@id":"https:\/\/www.muyjujuy.com\/index.php\/2025\/08\/13\/jujuy-una-familia-recordo-el-crimen-de-2004-que-vinculaba-a-matias-jurado-con-el-asesinato-de-un-joven\/#breadcrumb"},"inLanguage":"es-AR","potentialAction":[{"@type":"ReadAction","target":["https:\/\/www.muyjujuy.com\/index.php\/2025\/08\/13\/jujuy-una-familia-recordo-el-crimen-de-2004-que-vinculaba-a-matias-jurado-con-el-asesinato-de-un-joven\/"]}]},{"@type":"ImageObject","inLanguage":"es-AR","@id":"https:\/\/www.muyjujuy.com\/index.php\/2025\/08\/13\/jujuy-una-familia-recordo-el-crimen-de-2004-que-vinculaba-a-matias-jurado-con-el-asesinato-de-un-joven\/#primaryimage","url":"https:\/\/www.muyjujuy.com\/wp-content\/uploads\/2025\/08\/JUJUY-9.jpg","contentUrl":"https:\/\/www.muyjujuy.com\/wp-content\/uploads\/2025\/08\/JUJUY-9.jpg","width":749,"height":503},{"@type":"BreadcrumbList","@id":"https:\/\/www.muyjujuy.com\/index.php\/2025\/08\/13\/jujuy-una-familia-recordo-el-crimen-de-2004-que-vinculaba-a-matias-jurado-con-el-asesinato-de-un-joven\/#breadcrumb","itemListElement":[{"@type":"ListItem","position":1,"name":"Inicio","item":"https:\/\/www.muyjujuy.com\/"},{"@type":"ListItem","position":2,"name":"Jujuy | una familia record\u00f3 el crimen de 2004 que vinculaba a Mat\u00edas Jurado con el asesinato de un joven"}]},{"@type":"WebSite","@id":"https:\/\/www.muyjujuy.com\/#website","url":"https:\/\/www.muyjujuy.com\/","name":"Muy Jujuy","description":"","publisher":{"@id":"https:\/\/www.muyjujuy.com\/#organization"},"potentialAction":[{"@type":"SearchAction","target":{"@type":"EntryPoint","urlTemplate":"https:\/\/www.muyjujuy.com\/?s={search_term_string}"},"query-input":{"@type":"PropertyValueSpecification","valueRequired":true,"valueName":"search_term_string"}}],"inLanguage":"es-AR"},{"@type":"Organization","@id":"https:\/\/www.muyjujuy.com\/#organization","name":"Muy Jujuy","url":"https:\/\/www.muyjujuy.com\/","logo":{"@type":"ImageObject","inLanguage":"es-AR","@id":"https:\/\/www.muyjujuy.com\/#\/schema\/logo\/image\/","url":"http:\/\/www.muyjujuy.com\/wp-content\/uploads\/2022\/05\/logo-mobil-jujuy.png","contentUrl":"http:\/\/www.muyjujuy.com\/wp-content\/uploads\/2022\/05\/logo-mobil-jujuy.png","width":174,"height":81,"caption":"Muy Jujuy"},"image":{"@id":"https:\/\/www.muyjujuy.com\/#\/schema\/logo\/image\/"},"sameAs":["https:\/\/www.facebook.com\/muyjujuycom","https:\/\/x.com\/muyjujuy","https:\/\/www.instagram.com\/muyjujuycom"]},{"@type":"Person","@id":"https:\/\/www.muyjujuy.com\/#\/schema\/person\/a3b63db1f387ec4149299954904c5bf0","name":"admin","image":{"@type":"ImageObject","inLanguage":"es-AR","@id":"https:\/\/secure.gravatar.com\/avatar\/b6e63d8d3a73633362405a0ad27e9c28391755813b59886f19a99d6cef8a03fc?s=96&d=mm&r=g","url":"https:\/\/secure.gravatar.com\/avatar\/b6e63d8d3a73633362405a0ad27e9c28391755813b59886f19a99d6cef8a03fc?s=96&d=mm&r=g","contentUrl":"https:\/\/secure.gravatar.com\/avatar\/b6e63d8d3a73633362405a0ad27e9c28391755813b59886f19a99d6cef8a03fc?s=96&d=mm&r=g","caption":"admin"},"url":"https:\/\/www.muyjujuy.com\/index.php\/author\/soyeleditor\/"}]}},"_links":{"self":[{"href":"https:\/\/www.muyjujuy.com\/index.php\/wp-json\/wp\/v2\/posts\/2798","targetHints":{"allow":["GET"]}}],"collection":[{"href":"https:\/\/www.muyjujuy.com\/index.php\/wp-json\/wp\/v2\/posts"}],"about":[{"href":"https:\/\/www.muyjujuy.com\/index.php\/wp-json\/wp\/v2\/types\/post"}],"author":[{"embeddable":true,"href":"https:\/\/www.muyjujuy.com\/index.php\/wp-json\/wp\/v2\/users\/1"}],"replies":[{"embeddable":true,"href":"https:\/\/www.muyjujuy.com\/index.php\/wp-json\/wp\/v2\/comments?post=2798"}],"version-history":[{"count":1,"href":"https:\/\/www.muyjujuy.com\/index.php\/wp-json\/wp\/v2\/posts\/2798\/revisions"}],"predecessor-version":[{"id":2800,"href":"https:\/\/www.muyjujuy.com\/index.php\/wp-json\/wp\/v2\/posts\/2798\/revisions\/2800"}],"wp:featuredmedia":[{"embeddable":true,"href":"https:\/\/www.muyjujuy.com\/index.php\/wp-json\/wp\/v2\/media\/2799"}],"wp:attachment":[{"href":"https:\/\/www.muyjujuy.com\/index.php\/wp-json\/wp\/v2\/media?parent=2798"}],"wp:term":[{"taxonomy":"category","embeddable":true,"href":"https:\/\/www.muyjujuy.com\/index.php\/wp-json\/wp\/v2\/categories?post=2798"},{"taxonomy":"post_tag","embeddable":true,"href":"https:\/\/www.muyjujuy.com\/index.php\/wp-json\/wp\/v2\/tags?post=2798"}],"curies":[{"name":"wp","href":"https:\/\/api.w.org\/{rel}","templated":true}]}}