{"id":2801,"date":"2025-08-14T11:58:19","date_gmt":"2025-08-14T14:58:19","guid":{"rendered":"https:\/\/www.muyjujuy.com\/?p=2801"},"modified":"2025-08-14T11:58:19","modified_gmt":"2025-08-14T14:58:19","slug":"jujuy-adelantan-obras-preventivas-ante-lluvias-intensas-previstas-desde-septiembre","status":"publish","type":"post","link":"https:\/\/www.muyjujuy.com\/index.php\/2025\/08\/14\/jujuy-adelantan-obras-preventivas-ante-lluvias-intensas-previstas-desde-septiembre\/","title":{"rendered":"Jujuy: adelantan obras preventivas ante lluvias intensas previstas desde septiembre"},"content":{"rendered":"\n<p><strong>El pron\u00f3stico advierte que las precipitaciones llegar\u00e1n antes de lo habitual y con alta intensidad. El Gobierno provincial refuerza intervenciones en zonas cr\u00edticas y llama a evitar asentamientos en \u00e1reas de riesgo.<\/strong><\/p>\n\n\n\n<p>El director provincial de <strong>Recursos H\u00eddricos<\/strong>, <strong>Guillermo Sadir<\/strong>, anticip\u00f3 que las lluvias de la pr\u00f3xima temporada se presentar\u00edan desde <strong>septiembre<\/strong>, con vol\u00famenes importantes y picos de mayor intensidad en <strong>febrero<\/strong> y <strong>marzo<\/strong>. Se\u00f1al\u00f3 que, aunque habr\u00e1 buena provisi\u00f3n de agua, la fuerza de las precipitaciones podr\u00eda provocar crecidas en distintos puntos de la provincia, por lo que se decidi\u00f3 acelerar las tareas preventivas.<\/p>\n\n\n\n<p>Las obras incluyen la <strong>limpieza y estabilizaci\u00f3n<\/strong> del fondo del <strong>R\u00edo Grande<\/strong> en la zona de <strong>Volc\u00e1n<\/strong>, intervenciones en <strong>Tilcara<\/strong> y la desembocadura del <strong>Huasamayo<\/strong>, y trabajos en <strong>Palpal\u00e1<\/strong>, <strong>Alto Comedero<\/strong> y <strong>Villa Jard\u00edn de Reyes<\/strong>. Sadir indic\u00f3 que estas acciones buscan evitar saturaciones del suelo como en temporadas anteriores y destac\u00f3 la coordinaci\u00f3n con <strong>Defensa Civil<\/strong> para reforzar la comunicaci\u00f3n y la prevenci\u00f3n en barrios en riesgo.<\/p>\n\n\n\n<p>En la capital provincial, el funcionario advirti\u00f3 sobre sectores como <strong>9 de Julio<\/strong> y <strong>Campo Verde<\/strong>, donde viviendas se encuentran dentro del cauce del <strong>R\u00edo Chijra<\/strong>. Explic\u00f3 que la provincia clasifica el territorio en <strong>zonas verdes, amarillas y rojas<\/strong>, siendo estas \u00faltimas inhabitables por la imposibilidad de garantizar obras que eliminen el peligro. \u201cEl riesgo ante una crecida es inminente\u201d, subray\u00f3.<\/p>\n","protected":false},"excerpt":{"rendered":"<p>El pron\u00f3stico advierte que las precipitaciones llegar\u00e1n antes de lo habitual y con alta intensidad. El Gobierno provincial refuerza intervenciones en zonas cr\u00edticas y llama a evitar asentamientos en \u00e1reas de riesgo. El director provincial de Recursos H\u00eddricos, Guillermo Sadir, anticip\u00f3 que las lluvias de la pr\u00f3xima temporada se presentar\u00edan desde septiembre, con vol\u00famenes importantes [&hellip;]<\/p>\n","protected":false},"author":1,"featured_media":2802,"comment_status":"open","ping_status":"open","sticky":false,"template":"","format":"standard","meta":{"footnotes":""},"categories":[863,25],"tags":[],"class_list":{"0":"post-2801","1":"post","2":"type-post","3":"status-publish","4":"format-standard","5":"has-post-thumbnail","7":"category-jujuy","8":"category-sociedad"},"yoast_head":"<!-- This site is optimized with the Yoast SEO plugin v27.5 - https:\/\/yoast.com\/product\/yoast-seo-wordpress\/ -->\n<title>Jujuy: adelantan obras preventivas ante lluvias intensas previstas desde septiembre - Muy Jujuy<\/title>\n<meta name=\"robots\" content=\"index, follow, max-snippet:-1, max-image-preview:large, max-video-preview:-1\" \/>\n<link rel=\"canonical\" href=\"https:\/\/www.muyjujuy.com\/index.php\/2025\/08\/14\/jujuy-adelantan-obras-preventivas-ante-lluvias-intensas-previstas-desde-septiembre\/\" \/>\n<meta property=\"og:locale\" content=\"es_ES\" \/>\n<meta property=\"og:type\" content=\"article\" \/>\n<meta property=\"og:title\" content=\"Jujuy: adelantan obras preventivas ante lluvias intensas previstas desde septiembre - Muy Jujuy\" \/>\n<meta property=\"og:description\" content=\"El pron\u00f3stico advierte que las precipitaciones llegar\u00e1n antes de lo habitual y con alta intensidad. El Gobierno provincial refuerza intervenciones en zonas cr\u00edticas y llama a evitar asentamientos en \u00e1reas de riesgo. El director provincial de Recursos H\u00eddricos, Guillermo Sadir, anticip\u00f3 que las lluvias de la pr\u00f3xima temporada se presentar\u00edan desde septiembre, con vol\u00famenes importantes [&hellip;]\" \/>\n<meta property=\"og:url\" content=\"https:\/\/www.muyjujuy.com\/index.php\/2025\/08\/14\/jujuy-adelantan-obras-preventivas-ante-lluvias-intensas-previstas-desde-septiembre\/\" \/>\n<meta property=\"og:site_name\" content=\"Muy Jujuy\" \/>\n<meta property=\"article:publisher\" content=\"https:\/\/www.facebook.com\/muyjujuycom\" \/>\n<meta property=\"article:published_time\" content=\"2025-08-14T14:58:19+00:00\" \/>\n<meta name=\"author\" content=\"admin\" \/>\n<meta name=\"twitter:card\" content=\"summary_large_image\" \/>\n<meta name=\"twitter:creator\" content=\"@muyjujuy\" \/>\n<meta name=\"twitter:site\" content=\"@muyjujuy\" \/>\n<meta name=\"twitter:label1\" content=\"Escrito por\" \/>\n\t<meta name=\"twitter:data1\" content=\"admin\" \/>\n\t<meta name=\"twitter:label2\" content=\"Tiempo de lectura\" \/>\n\t<meta name=\"twitter:data2\" content=\"1 minuto\" \/>\n<script type=\"application\/ld+json\" class=\"yoast-schema-graph\">{\"@context\":\"https:\\\/\\\/schema.org\",\"@graph\":[{\"@type\":\"Article\",\"@id\":\"https:\\\/\\\/www.muyjujuy.com\\\/index.php\\\/2025\\\/08\\\/14\\\/jujuy-adelantan-obras-preventivas-ante-lluvias-intensas-previstas-desde-septiembre\\\/#article\",\"isPartOf\":{\"@id\":\"https:\\\/\\\/www.muyjujuy.com\\\/index.php\\\/2025\\\/08\\\/14\\\/jujuy-adelantan-obras-preventivas-ante-lluvias-intensas-previstas-desde-septiembre\\\/\"},\"author\":{\"name\":\"admin\",\"@id\":\"https:\\\/\\\/www.muyjujuy.com\\\/#\\\/schema\\\/person\\\/a3b63db1f387ec4149299954904c5bf0\"},\"headline\":\"Jujuy: adelantan obras preventivas ante lluvias intensas previstas desde septiembre\",\"datePublished\":\"2025-08-14T14:58:19+00:00\",\"mainEntityOfPage\":{\"@id\":\"https:\\\/\\\/www.muyjujuy.com\\\/index.php\\\/2025\\\/08\\\/14\\\/jujuy-adelantan-obras-preventivas-ante-lluvias-intensas-previstas-desde-septiembre\\\/\"},\"wordCount\":251,\"commentCount\":0,\"publisher\":{\"@id\":\"https:\\\/\\\/www.muyjujuy.com\\\/#organization\"},\"image\":{\"@id\":\"https:\\\/\\\/www.muyjujuy.com\\\/index.php\\\/2025\\\/08\\\/14\\\/jujuy-adelantan-obras-preventivas-ante-lluvias-intensas-previstas-desde-septiembre\\\/#primaryimage\"},\"thumbnailUrl\":\"https:\\\/\\\/www.muyjujuy.com\\\/wp-content\\\/uploads\\\/2025\\\/08\\\/jujuy-10.jpg\",\"articleSection\":[\"JUJUY\",\"Sociedad\"],\"inLanguage\":\"es-AR\",\"potentialAction\":[{\"@type\":\"CommentAction\",\"name\":\"Comment\",\"target\":[\"https:\\\/\\\/www.muyjujuy.com\\\/index.php\\\/2025\\\/08\\\/14\\\/jujuy-adelantan-obras-preventivas-ante-lluvias-intensas-previstas-desde-septiembre\\\/#respond\"]}]},{\"@type\":\"WebPage\",\"@id\":\"https:\\\/\\\/www.muyjujuy.com\\\/index.php\\\/2025\\\/08\\\/14\\\/jujuy-adelantan-obras-preventivas-ante-lluvias-intensas-previstas-desde-septiembre\\\/\",\"url\":\"https:\\\/\\\/www.muyjujuy.com\\\/index.php\\\/2025\\\/08\\\/14\\\/jujuy-adelantan-obras-preventivas-ante-lluvias-intensas-previstas-desde-septiembre\\\/\",\"name\":\"Jujuy: adelantan obras preventivas ante lluvias intensas previstas desde septiembre - Muy Jujuy\",\"isPartOf\":{\"@id\":\"https:\\\/\\\/www.muyjujuy.com\\\/#website\"},\"primaryImageOfPage\":{\"@id\":\"https:\\\/\\\/www.muyjujuy.com\\\/index.php\\\/2025\\\/08\\\/14\\\/jujuy-adelantan-obras-preventivas-ante-lluvias-intensas-previstas-desde-septiembre\\\/#primaryimage\"},\"image\":{\"@id\":\"https:\\\/\\\/www.muyjujuy.com\\\/index.php\\\/2025\\\/08\\\/14\\\/jujuy-adelantan-obras-preventivas-ante-lluvias-intensas-previstas-desde-septiembre\\\/#primaryimage\"},\"thumbnailUrl\":\"https:\\\/\\\/www.muyjujuy.com\\\/wp-content\\\/uploads\\\/2025\\\/08\\\/jujuy-10.jpg\",\"datePublished\":\"2025-08-14T14:58:19+00:00\",\"breadcrumb\":{\"@id\":\"https:\\\/\\\/www.muyjujuy.com\\\/index.php\\\/2025\\\/08\\\/14\\\/jujuy-adelantan-obras-preventivas-ante-lluvias-intensas-previstas-desde-septiembre\\\/#breadcrumb\"},\"inLanguage\":\"es-AR\",\"potentialAction\":[{\"@type\":\"ReadAction\",\"target\":[\"https:\\\/\\\/www.muyjujuy.com\\\/index.php\\\/2025\\\/08\\\/14\\\/jujuy-adelantan-obras-preventivas-ante-lluvias-intensas-previstas-desde-septiembre\\\/\"]}]},{\"@type\":\"ImageObject\",\"inLanguage\":\"es-AR\",\"@id\":\"https:\\\/\\\/www.muyjujuy.com\\\/index.php\\\/2025\\\/08\\\/14\\\/jujuy-adelantan-obras-preventivas-ante-lluvias-intensas-previstas-desde-septiembre\\\/#primaryimage\",\"url\":\"https:\\\/\\\/www.muyjujuy.com\\\/wp-content\\\/uploads\\\/2025\\\/08\\\/jujuy-10.jpg\",\"contentUrl\":\"https:\\\/\\\/www.muyjujuy.com\\\/wp-content\\\/uploads\\\/2025\\\/08\\\/jujuy-10.jpg\",\"width\":866,\"height\":497},{\"@type\":\"BreadcrumbList\",\"@id\":\"https:\\\/\\\/www.muyjujuy.com\\\/index.php\\\/2025\\\/08\\\/14\\\/jujuy-adelantan-obras-preventivas-ante-lluvias-intensas-previstas-desde-septiembre\\\/#breadcrumb\",\"itemListElement\":[{\"@type\":\"ListItem\",\"position\":1,\"name\":\"Inicio\",\"item\":\"https:\\\/\\\/www.muyjujuy.com\\\/\"},{\"@type\":\"ListItem\",\"position\":2,\"name\":\"Jujuy: adelantan obras preventivas ante lluvias intensas previstas desde septiembre\"}]},{\"@type\":\"WebSite\",\"@id\":\"https:\\\/\\\/www.muyjujuy.com\\\/#website\",\"url\":\"https:\\\/\\\/www.muyjujuy.com\\\/\",\"name\":\"Muy Jujuy\",\"description\":\"\",\"publisher\":{\"@id\":\"https:\\\/\\\/www.muyjujuy.com\\\/#organization\"},\"potentialAction\":[{\"@type\":\"SearchAction\",\"target\":{\"@type\":\"EntryPoint\",\"urlTemplate\":\"https:\\\/\\\/www.muyjujuy.com\\\/?s={search_term_string}\"},\"query-input\":{\"@type\":\"PropertyValueSpecification\",\"valueRequired\":true,\"valueName\":\"search_term_string\"}}],\"inLanguage\":\"es-AR\"},{\"@type\":\"Organization\",\"@id\":\"https:\\\/\\\/www.muyjujuy.com\\\/#organization\",\"name\":\"Muy Jujuy\",\"url\":\"https:\\\/\\\/www.muyjujuy.com\\\/\",\"logo\":{\"@type\":\"ImageObject\",\"inLanguage\":\"es-AR\",\"@id\":\"https:\\\/\\\/www.muyjujuy.com\\\/#\\\/schema\\\/logo\\\/image\\\/\",\"url\":\"http:\\\/\\\/www.muyjujuy.com\\\/wp-content\\\/uploads\\\/2022\\\/05\\\/logo-mobil-jujuy.png\",\"contentUrl\":\"http:\\\/\\\/www.muyjujuy.com\\\/wp-content\\\/uploads\\\/2022\\\/05\\\/logo-mobil-jujuy.png\",\"width\":174,\"height\":81,\"caption\":\"Muy Jujuy\"},\"image\":{\"@id\":\"https:\\\/\\\/www.muyjujuy.com\\\/#\\\/schema\\\/logo\\\/image\\\/\"},\"sameAs\":[\"https:\\\/\\\/www.facebook.com\\\/muyjujuycom\",\"https:\\\/\\\/x.com\\\/muyjujuy\",\"https:\\\/\\\/www.instagram.com\\\/muyjujuycom\"]},{\"@type\":\"Person\",\"@id\":\"https:\\\/\\\/www.muyjujuy.com\\\/#\\\/schema\\\/person\\\/a3b63db1f387ec4149299954904c5bf0\",\"name\":\"admin\",\"image\":{\"@type\":\"ImageObject\",\"inLanguage\":\"es-AR\",\"@id\":\"https:\\\/\\\/secure.gravatar.com\\\/avatar\\\/b6e63d8d3a73633362405a0ad27e9c28391755813b59886f19a99d6cef8a03fc?s=96&d=mm&r=g\",\"url\":\"https:\\\/\\\/secure.gravatar.com\\\/avatar\\\/b6e63d8d3a73633362405a0ad27e9c28391755813b59886f19a99d6cef8a03fc?s=96&d=mm&r=g\",\"contentUrl\":\"https:\\\/\\\/secure.gravatar.com\\\/avatar\\\/b6e63d8d3a73633362405a0ad27e9c28391755813b59886f19a99d6cef8a03fc?s=96&d=mm&r=g\",\"caption\":\"admin\"},\"url\":\"https:\\\/\\\/www.muyjujuy.com\\\/index.php\\\/author\\\/soyeleditor\\\/\"}]}<\/script>\n<!-- \/ Yoast SEO plugin. -->","yoast_head_json":{"title":"Jujuy: adelantan obras preventivas ante lluvias intensas previstas desde septiembre - Muy Jujuy","robots":{"index":"index","follow":"follow","max-snippet":"max-snippet:-1","max-image-preview":"max-image-preview:large","max-video-preview":"max-video-preview:-1"},"canonical":"https:\/\/www.muyjujuy.com\/index.php\/2025\/08\/14\/jujuy-adelantan-obras-preventivas-ante-lluvias-intensas-previstas-desde-septiembre\/","og_locale":"es_ES","og_type":"article","og_title":"Jujuy: adelantan obras preventivas ante lluvias intensas previstas desde septiembre - Muy Jujuy","og_description":"El pron\u00f3stico advierte que las precipitaciones llegar\u00e1n antes de lo habitual y con alta intensidad. El Gobierno provincial refuerza intervenciones en zonas cr\u00edticas y llama a evitar asentamientos en \u00e1reas de riesgo. El director provincial de Recursos H\u00eddricos, Guillermo Sadir, anticip\u00f3 que las lluvias de la pr\u00f3xima temporada se presentar\u00edan desde septiembre, con vol\u00famenes importantes [&hellip;]","og_url":"https:\/\/www.muyjujuy.com\/index.php\/2025\/08\/14\/jujuy-adelantan-obras-preventivas-ante-lluvias-intensas-previstas-desde-septiembre\/","og_site_name":"Muy Jujuy","article_publisher":"https:\/\/www.facebook.com\/muyjujuycom","article_published_time":"2025-08-14T14:58:19+00:00","author":"admin","twitter_card":"summary_large_image","twitter_creator":"@muyjujuy","twitter_site":"@muyjujuy","twitter_misc":{"Escrito por":"admin","Tiempo de lectura":"1 minuto"},"schema":{"@context":"https:\/\/schema.org","@graph":[{"@type":"Article","@id":"https:\/\/www.muyjujuy.com\/index.php\/2025\/08\/14\/jujuy-adelantan-obras-preventivas-ante-lluvias-intensas-previstas-desde-septiembre\/#article","isPartOf":{"@id":"https:\/\/www.muyjujuy.com\/index.php\/2025\/08\/14\/jujuy-adelantan-obras-preventivas-ante-lluvias-intensas-previstas-desde-septiembre\/"},"author":{"name":"admin","@id":"https:\/\/www.muyjujuy.com\/#\/schema\/person\/a3b63db1f387ec4149299954904c5bf0"},"headline":"Jujuy: adelantan obras preventivas ante lluvias intensas previstas desde septiembre","datePublished":"2025-08-14T14:58:19+00:00","mainEntityOfPage":{"@id":"https:\/\/www.muyjujuy.com\/index.php\/2025\/08\/14\/jujuy-adelantan-obras-preventivas-ante-lluvias-intensas-previstas-desde-septiembre\/"},"wordCount":251,"commentCount":0,"publisher":{"@id":"https:\/\/www.muyjujuy.com\/#organization"},"image":{"@id":"https:\/\/www.muyjujuy.com\/index.php\/2025\/08\/14\/jujuy-adelantan-obras-preventivas-ante-lluvias-intensas-previstas-desde-septiembre\/#primaryimage"},"thumbnailUrl":"https:\/\/www.muyjujuy.com\/wp-content\/uploads\/2025\/08\/jujuy-10.jpg","articleSection":["JUJUY","Sociedad"],"inLanguage":"es-AR","potentialAction":[{"@type":"CommentAction","name":"Comment","target":["https:\/\/www.muyjujuy.com\/index.php\/2025\/08\/14\/jujuy-adelantan-obras-preventivas-ante-lluvias-intensas-previstas-desde-septiembre\/#respond"]}]},{"@type":"WebPage","@id":"https:\/\/www.muyjujuy.com\/index.php\/2025\/08\/14\/jujuy-adelantan-obras-preventivas-ante-lluvias-intensas-previstas-desde-septiembre\/","url":"https:\/\/www.muyjujuy.com\/index.php\/2025\/08\/14\/jujuy-adelantan-obras-preventivas-ante-lluvias-intensas-previstas-desde-septiembre\/","name":"Jujuy: adelantan obras preventivas ante lluvias intensas previstas desde septiembre - Muy Jujuy","isPartOf":{"@id":"https:\/\/www.muyjujuy.com\/#website"},"primaryImageOfPage":{"@id":"https:\/\/www.muyjujuy.com\/index.php\/2025\/08\/14\/jujuy-adelantan-obras-preventivas-ante-lluvias-intensas-previstas-desde-septiembre\/#primaryimage"},"image":{"@id":"https:\/\/www.muyjujuy.com\/index.php\/2025\/08\/14\/jujuy-adelantan-obras-preventivas-ante-lluvias-intensas-previstas-desde-septiembre\/#primaryimage"},"thumbnailUrl":"https:\/\/www.muyjujuy.com\/wp-content\/uploads\/2025\/08\/jujuy-10.jpg","datePublished":"2025-08-14T14:58:19+00:00","breadcrumb":{"@id":"https:\/\/www.muyjujuy.com\/index.php\/2025\/08\/14\/jujuy-adelantan-obras-preventivas-ante-lluvias-intensas-previstas-desde-septiembre\/#breadcrumb"},"inLanguage":"es-AR","potentialAction":[{"@type":"ReadAction","target":["https:\/\/www.muyjujuy.com\/index.php\/2025\/08\/14\/jujuy-adelantan-obras-preventivas-ante-lluvias-intensas-previstas-desde-septiembre\/"]}]},{"@type":"ImageObject","inLanguage":"es-AR","@id":"https:\/\/www.muyjujuy.com\/index.php\/2025\/08\/14\/jujuy-adelantan-obras-preventivas-ante-lluvias-intensas-previstas-desde-septiembre\/#primaryimage","url":"https:\/\/www.muyjujuy.com\/wp-content\/uploads\/2025\/08\/jujuy-10.jpg","contentUrl":"https:\/\/www.muyjujuy.com\/wp-content\/uploads\/2025\/08\/jujuy-10.jpg","width":866,"height":497},{"@type":"BreadcrumbList","@id":"https:\/\/www.muyjujuy.com\/index.php\/2025\/08\/14\/jujuy-adelantan-obras-preventivas-ante-lluvias-intensas-previstas-desde-septiembre\/#breadcrumb","itemListElement":[{"@type":"ListItem","position":1,"name":"Inicio","item":"https:\/\/www.muyjujuy.com\/"},{"@type":"ListItem","position":2,"name":"Jujuy: adelantan obras preventivas ante lluvias intensas previstas desde septiembre"}]},{"@type":"WebSite","@id":"https:\/\/www.muyjujuy.com\/#website","url":"https:\/\/www.muyjujuy.com\/","name":"Muy Jujuy","description":"","publisher":{"@id":"https:\/\/www.muyjujuy.com\/#organization"},"potentialAction":[{"@type":"SearchAction","target":{"@type":"EntryPoint","urlTemplate":"https:\/\/www.muyjujuy.com\/?s={search_term_string}"},"query-input":{"@type":"PropertyValueSpecification","valueRequired":true,"valueName":"search_term_string"}}],"inLanguage":"es-AR"},{"@type":"Organization","@id":"https:\/\/www.muyjujuy.com\/#organization","name":"Muy Jujuy","url":"https:\/\/www.muyjujuy.com\/","logo":{"@type":"ImageObject","inLanguage":"es-AR","@id":"https:\/\/www.muyjujuy.com\/#\/schema\/logo\/image\/","url":"http:\/\/www.muyjujuy.com\/wp-content\/uploads\/2022\/05\/logo-mobil-jujuy.png","contentUrl":"http:\/\/www.muyjujuy.com\/wp-content\/uploads\/2022\/05\/logo-mobil-jujuy.png","width":174,"height":81,"caption":"Muy Jujuy"},"image":{"@id":"https:\/\/www.muyjujuy.com\/#\/schema\/logo\/image\/"},"sameAs":["https:\/\/www.facebook.com\/muyjujuycom","https:\/\/x.com\/muyjujuy","https:\/\/www.instagram.com\/muyjujuycom"]},{"@type":"Person","@id":"https:\/\/www.muyjujuy.com\/#\/schema\/person\/a3b63db1f387ec4149299954904c5bf0","name":"admin","image":{"@type":"ImageObject","inLanguage":"es-AR","@id":"https:\/\/secure.gravatar.com\/avatar\/b6e63d8d3a73633362405a0ad27e9c28391755813b59886f19a99d6cef8a03fc?s=96&d=mm&r=g","url":"https:\/\/secure.gravatar.com\/avatar\/b6e63d8d3a73633362405a0ad27e9c28391755813b59886f19a99d6cef8a03fc?s=96&d=mm&r=g","contentUrl":"https:\/\/secure.gravatar.com\/avatar\/b6e63d8d3a73633362405a0ad27e9c28391755813b59886f19a99d6cef8a03fc?s=96&d=mm&r=g","caption":"admin"},"url":"https:\/\/www.muyjujuy.com\/index.php\/author\/soyeleditor\/"}]}},"_links":{"self":[{"href":"https:\/\/www.muyjujuy.com\/index.php\/wp-json\/wp\/v2\/posts\/2801","targetHints":{"allow":["GET"]}}],"collection":[{"href":"https:\/\/www.muyjujuy.com\/index.php\/wp-json\/wp\/v2\/posts"}],"about":[{"href":"https:\/\/www.muyjujuy.com\/index.php\/wp-json\/wp\/v2\/types\/post"}],"author":[{"embeddable":true,"href":"https:\/\/www.muyjujuy.com\/index.php\/wp-json\/wp\/v2\/users\/1"}],"replies":[{"embeddable":true,"href":"https:\/\/www.muyjujuy.com\/index.php\/wp-json\/wp\/v2\/comments?post=2801"}],"version-history":[{"count":1,"href":"https:\/\/www.muyjujuy.com\/index.php\/wp-json\/wp\/v2\/posts\/2801\/revisions"}],"predecessor-version":[{"id":2803,"href":"https:\/\/www.muyjujuy.com\/index.php\/wp-json\/wp\/v2\/posts\/2801\/revisions\/2803"}],"wp:featuredmedia":[{"embeddable":true,"href":"https:\/\/www.muyjujuy.com\/index.php\/wp-json\/wp\/v2\/media\/2802"}],"wp:attachment":[{"href":"https:\/\/www.muyjujuy.com\/index.php\/wp-json\/wp\/v2\/media?parent=2801"}],"wp:term":[{"taxonomy":"category","embeddable":true,"href":"https:\/\/www.muyjujuy.com\/index.php\/wp-json\/wp\/v2\/categories?post=2801"},{"taxonomy":"post_tag","embeddable":true,"href":"https:\/\/www.muyjujuy.com\/index.php\/wp-json\/wp\/v2\/tags?post=2801"}],"curies":[{"name":"wp","href":"https:\/\/api.w.org\/{rel}","templated":true}]}}