{"id":2805,"date":"2025-08-15T12:11:10","date_gmt":"2025-08-15T15:11:10","guid":{"rendered":"https:\/\/www.muyjujuy.com\/?p=2805"},"modified":"2025-08-15T12:11:10","modified_gmt":"2025-08-15T15:11:10","slug":"jujuy-alertan-por-suspension-de-pensiones-por-discapacidad-a-menores-de-edad","status":"publish","type":"post","link":"https:\/\/www.muyjujuy.com\/index.php\/2025\/08\/15\/jujuy-alertan-por-suspension-de-pensiones-por-discapacidad-a-menores-de-edad\/","title":{"rendered":"Jujuy: alertan por suspensi\u00f3n de pensiones por discapacidad a menores de edad"},"content":{"rendered":"\n<p><strong>La directora provincial de Inclusi\u00f3n de Personas con Discapacidad, Claudia Choque, advirti\u00f3 que las auditor\u00edas nacionales sobre pensiones por invalidez laboral tambi\u00e9n alcanzaban a ni\u00f1os y adolescentes. En la provincia, m\u00e1s de 2 mil beneficiarios comenzaron a recibir notificaciones desde abril.<\/strong><\/p>\n\n\n\n<p>La funcionaria explic\u00f3 que el <strong>proceso de revisi\u00f3n iniciado por el Gobierno Nacional<\/strong> generaba suspensiones indebidas de beneficios, incluso en casos de menores con <strong>certificado de discapacidad<\/strong>. Record\u00f3 que en Jujuy hab\u00eda cerca de <strong>32 mil personas con discapacidad<\/strong>, de las cuales unas <strong>2 mil percib\u00edan pensiones<\/strong>. Desde abril, varios beneficiarios recib\u00edan cartas documento para someterse a auditor\u00edas que originalmente se anunciaron solo para adultos.<\/p>\n\n\n\n<p>En el interior provincial se detectaban problemas adicionales, ya que <strong>las direcciones indicadas para presentarse no exist\u00edan o no contaban con oficinas operativas<\/strong>. Choque se\u00f1al\u00f3 que, en esos casos, se trabajaba con los municipios para que el juez de paz certificara la ausencia de personal. Otros beneficiarios, directamente, recib\u00edan la notificaci\u00f3n de suspensi\u00f3n sin aviso previo. Ante esta situaci\u00f3n, inst\u00f3 a comunicarse de inmediato con el \u00e1rea de Inclusi\u00f3n a trav\u00e9s del <strong>WhatsApp 388-4564026<\/strong>, donde se entregaban instructivos y requisitos.<\/p>\n\n\n\n<p>La medida tambi\u00e9n afectaba a <strong>menores de edad<\/strong>, pese a que la ley no los considera dentro de la invalidez laboral. Choque aclar\u00f3 que no era necesario tramitar un nuevo <strong>CMO<\/strong>, sino presentar estudios m\u00e9dicos actualizados junto con el certificado vigente. Adem\u00e1s, advirti\u00f3 sobre <strong>posibles estafas<\/strong>, ya que se detectaron abogados que cobraban hasta <strong>300 mil pesos<\/strong> por gestiones que pod\u00edan realizarse gratuitamente en las oficinas oficiales.<\/p>\n","protected":false},"excerpt":{"rendered":"<p>La directora provincial de Inclusi\u00f3n de Personas con Discapacidad, Claudia Choque, advirti\u00f3 que las auditor\u00edas nacionales sobre pensiones por invalidez laboral tambi\u00e9n alcanzaban a ni\u00f1os y adolescentes. En la provincia, m\u00e1s de 2 mil beneficiarios comenzaron a recibir notificaciones desde abril. La funcionaria explic\u00f3 que el proceso de revisi\u00f3n iniciado por el Gobierno Nacional generaba [&hellip;]<\/p>\n","protected":false},"author":1,"featured_media":2806,"comment_status":"open","ping_status":"open","sticky":false,"template":"","format":"standard","meta":{"footnotes":""},"categories":[863,24],"tags":[],"class_list":{"0":"post-2805","1":"post","2":"type-post","3":"status-publish","4":"format-standard","5":"has-post-thumbnail","7":"category-jujuy","8":"category-politica"},"yoast_head":"<!-- This site is optimized with the Yoast SEO plugin v27.5 - https:\/\/yoast.com\/product\/yoast-seo-wordpress\/ -->\n<title>Jujuy: alertan por suspensi\u00f3n de pensiones por discapacidad a menores de edad - Muy Jujuy<\/title>\n<meta name=\"robots\" content=\"index, follow, max-snippet:-1, max-image-preview:large, max-video-preview:-1\" \/>\n<link rel=\"canonical\" href=\"https:\/\/www.muyjujuy.com\/index.php\/2025\/08\/15\/jujuy-alertan-por-suspension-de-pensiones-por-discapacidad-a-menores-de-edad\/\" \/>\n<meta property=\"og:locale\" content=\"es_ES\" \/>\n<meta property=\"og:type\" content=\"article\" \/>\n<meta property=\"og:title\" content=\"Jujuy: alertan por suspensi\u00f3n de pensiones por discapacidad a menores de edad - Muy Jujuy\" \/>\n<meta property=\"og:description\" content=\"La directora provincial de Inclusi\u00f3n de Personas con Discapacidad, Claudia Choque, advirti\u00f3 que las auditor\u00edas nacionales sobre pensiones por invalidez laboral tambi\u00e9n alcanzaban a ni\u00f1os y adolescentes. En la provincia, m\u00e1s de 2 mil beneficiarios comenzaron a recibir notificaciones desde abril. La funcionaria explic\u00f3 que el proceso de revisi\u00f3n iniciado por el Gobierno Nacional generaba [&hellip;]\" \/>\n<meta property=\"og:url\" content=\"https:\/\/www.muyjujuy.com\/index.php\/2025\/08\/15\/jujuy-alertan-por-suspension-de-pensiones-por-discapacidad-a-menores-de-edad\/\" \/>\n<meta property=\"og:site_name\" content=\"Muy Jujuy\" \/>\n<meta property=\"article:publisher\" content=\"https:\/\/www.facebook.com\/muyjujuycom\" \/>\n<meta property=\"article:published_time\" content=\"2025-08-15T15:11:10+00:00\" \/>\n<meta name=\"author\" content=\"admin\" \/>\n<meta name=\"twitter:card\" content=\"summary_large_image\" \/>\n<meta name=\"twitter:creator\" content=\"@muyjujuy\" \/>\n<meta name=\"twitter:site\" content=\"@muyjujuy\" \/>\n<meta name=\"twitter:label1\" content=\"Escrito por\" \/>\n\t<meta name=\"twitter:data1\" content=\"admin\" \/>\n\t<meta name=\"twitter:label2\" content=\"Tiempo de lectura\" \/>\n\t<meta name=\"twitter:data2\" content=\"1 minuto\" \/>\n<script type=\"application\/ld+json\" class=\"yoast-schema-graph\">{\"@context\":\"https:\\\/\\\/schema.org\",\"@graph\":[{\"@type\":\"Article\",\"@id\":\"https:\\\/\\\/www.muyjujuy.com\\\/index.php\\\/2025\\\/08\\\/15\\\/jujuy-alertan-por-suspension-de-pensiones-por-discapacidad-a-menores-de-edad\\\/#article\",\"isPartOf\":{\"@id\":\"https:\\\/\\\/www.muyjujuy.com\\\/index.php\\\/2025\\\/08\\\/15\\\/jujuy-alertan-por-suspension-de-pensiones-por-discapacidad-a-menores-de-edad\\\/\"},\"author\":{\"name\":\"admin\",\"@id\":\"https:\\\/\\\/www.muyjujuy.com\\\/#\\\/schema\\\/person\\\/a3b63db1f387ec4149299954904c5bf0\"},\"headline\":\"Jujuy: alertan por suspensi\u00f3n de pensiones por discapacidad a menores de edad\",\"datePublished\":\"2025-08-15T15:11:10+00:00\",\"mainEntityOfPage\":{\"@id\":\"https:\\\/\\\/www.muyjujuy.com\\\/index.php\\\/2025\\\/08\\\/15\\\/jujuy-alertan-por-suspension-de-pensiones-por-discapacidad-a-menores-de-edad\\\/\"},\"wordCount\":284,\"commentCount\":0,\"publisher\":{\"@id\":\"https:\\\/\\\/www.muyjujuy.com\\\/#organization\"},\"image\":{\"@id\":\"https:\\\/\\\/www.muyjujuy.com\\\/index.php\\\/2025\\\/08\\\/15\\\/jujuy-alertan-por-suspension-de-pensiones-por-discapacidad-a-menores-de-edad\\\/#primaryimage\"},\"thumbnailUrl\":\"https:\\\/\\\/www.muyjujuy.com\\\/wp-content\\\/uploads\\\/2025\\\/08\\\/JUJUY-11.jpg\",\"articleSection\":[\"JUJUY\",\"Pol\u00edtica\"],\"inLanguage\":\"es-AR\",\"potentialAction\":[{\"@type\":\"CommentAction\",\"name\":\"Comment\",\"target\":[\"https:\\\/\\\/www.muyjujuy.com\\\/index.php\\\/2025\\\/08\\\/15\\\/jujuy-alertan-por-suspension-de-pensiones-por-discapacidad-a-menores-de-edad\\\/#respond\"]}]},{\"@type\":\"WebPage\",\"@id\":\"https:\\\/\\\/www.muyjujuy.com\\\/index.php\\\/2025\\\/08\\\/15\\\/jujuy-alertan-por-suspension-de-pensiones-por-discapacidad-a-menores-de-edad\\\/\",\"url\":\"https:\\\/\\\/www.muyjujuy.com\\\/index.php\\\/2025\\\/08\\\/15\\\/jujuy-alertan-por-suspension-de-pensiones-por-discapacidad-a-menores-de-edad\\\/\",\"name\":\"Jujuy: alertan por suspensi\u00f3n de pensiones por discapacidad a menores de edad - Muy Jujuy\",\"isPartOf\":{\"@id\":\"https:\\\/\\\/www.muyjujuy.com\\\/#website\"},\"primaryImageOfPage\":{\"@id\":\"https:\\\/\\\/www.muyjujuy.com\\\/index.php\\\/2025\\\/08\\\/15\\\/jujuy-alertan-por-suspension-de-pensiones-por-discapacidad-a-menores-de-edad\\\/#primaryimage\"},\"image\":{\"@id\":\"https:\\\/\\\/www.muyjujuy.com\\\/index.php\\\/2025\\\/08\\\/15\\\/jujuy-alertan-por-suspension-de-pensiones-por-discapacidad-a-menores-de-edad\\\/#primaryimage\"},\"thumbnailUrl\":\"https:\\\/\\\/www.muyjujuy.com\\\/wp-content\\\/uploads\\\/2025\\\/08\\\/JUJUY-11.jpg\",\"datePublished\":\"2025-08-15T15:11:10+00:00\",\"breadcrumb\":{\"@id\":\"https:\\\/\\\/www.muyjujuy.com\\\/index.php\\\/2025\\\/08\\\/15\\\/jujuy-alertan-por-suspension-de-pensiones-por-discapacidad-a-menores-de-edad\\\/#breadcrumb\"},\"inLanguage\":\"es-AR\",\"potentialAction\":[{\"@type\":\"ReadAction\",\"target\":[\"https:\\\/\\\/www.muyjujuy.com\\\/index.php\\\/2025\\\/08\\\/15\\\/jujuy-alertan-por-suspension-de-pensiones-por-discapacidad-a-menores-de-edad\\\/\"]}]},{\"@type\":\"ImageObject\",\"inLanguage\":\"es-AR\",\"@id\":\"https:\\\/\\\/www.muyjujuy.com\\\/index.php\\\/2025\\\/08\\\/15\\\/jujuy-alertan-por-suspension-de-pensiones-por-discapacidad-a-menores-de-edad\\\/#primaryimage\",\"url\":\"https:\\\/\\\/www.muyjujuy.com\\\/wp-content\\\/uploads\\\/2025\\\/08\\\/JUJUY-11.jpg\",\"contentUrl\":\"https:\\\/\\\/www.muyjujuy.com\\\/wp-content\\\/uploads\\\/2025\\\/08\\\/JUJUY-11.jpg\",\"width\":952,\"height\":528},{\"@type\":\"BreadcrumbList\",\"@id\":\"https:\\\/\\\/www.muyjujuy.com\\\/index.php\\\/2025\\\/08\\\/15\\\/jujuy-alertan-por-suspension-de-pensiones-por-discapacidad-a-menores-de-edad\\\/#breadcrumb\",\"itemListElement\":[{\"@type\":\"ListItem\",\"position\":1,\"name\":\"Inicio\",\"item\":\"https:\\\/\\\/www.muyjujuy.com\\\/\"},{\"@type\":\"ListItem\",\"position\":2,\"name\":\"Jujuy: alertan por suspensi\u00f3n de pensiones por discapacidad a menores de edad\"}]},{\"@type\":\"WebSite\",\"@id\":\"https:\\\/\\\/www.muyjujuy.com\\\/#website\",\"url\":\"https:\\\/\\\/www.muyjujuy.com\\\/\",\"name\":\"Muy Jujuy\",\"description\":\"\",\"publisher\":{\"@id\":\"https:\\\/\\\/www.muyjujuy.com\\\/#organization\"},\"potentialAction\":[{\"@type\":\"SearchAction\",\"target\":{\"@type\":\"EntryPoint\",\"urlTemplate\":\"https:\\\/\\\/www.muyjujuy.com\\\/?s={search_term_string}\"},\"query-input\":{\"@type\":\"PropertyValueSpecification\",\"valueRequired\":true,\"valueName\":\"search_term_string\"}}],\"inLanguage\":\"es-AR\"},{\"@type\":\"Organization\",\"@id\":\"https:\\\/\\\/www.muyjujuy.com\\\/#organization\",\"name\":\"Muy Jujuy\",\"url\":\"https:\\\/\\\/www.muyjujuy.com\\\/\",\"logo\":{\"@type\":\"ImageObject\",\"inLanguage\":\"es-AR\",\"@id\":\"https:\\\/\\\/www.muyjujuy.com\\\/#\\\/schema\\\/logo\\\/image\\\/\",\"url\":\"http:\\\/\\\/www.muyjujuy.com\\\/wp-content\\\/uploads\\\/2022\\\/05\\\/logo-mobil-jujuy.png\",\"contentUrl\":\"http:\\\/\\\/www.muyjujuy.com\\\/wp-content\\\/uploads\\\/2022\\\/05\\\/logo-mobil-jujuy.png\",\"width\":174,\"height\":81,\"caption\":\"Muy Jujuy\"},\"image\":{\"@id\":\"https:\\\/\\\/www.muyjujuy.com\\\/#\\\/schema\\\/logo\\\/image\\\/\"},\"sameAs\":[\"https:\\\/\\\/www.facebook.com\\\/muyjujuycom\",\"https:\\\/\\\/x.com\\\/muyjujuy\",\"https:\\\/\\\/www.instagram.com\\\/muyjujuycom\"]},{\"@type\":\"Person\",\"@id\":\"https:\\\/\\\/www.muyjujuy.com\\\/#\\\/schema\\\/person\\\/a3b63db1f387ec4149299954904c5bf0\",\"name\":\"admin\",\"image\":{\"@type\":\"ImageObject\",\"inLanguage\":\"es-AR\",\"@id\":\"https:\\\/\\\/secure.gravatar.com\\\/avatar\\\/b6e63d8d3a73633362405a0ad27e9c28391755813b59886f19a99d6cef8a03fc?s=96&d=mm&r=g\",\"url\":\"https:\\\/\\\/secure.gravatar.com\\\/avatar\\\/b6e63d8d3a73633362405a0ad27e9c28391755813b59886f19a99d6cef8a03fc?s=96&d=mm&r=g\",\"contentUrl\":\"https:\\\/\\\/secure.gravatar.com\\\/avatar\\\/b6e63d8d3a73633362405a0ad27e9c28391755813b59886f19a99d6cef8a03fc?s=96&d=mm&r=g\",\"caption\":\"admin\"},\"url\":\"https:\\\/\\\/www.muyjujuy.com\\\/index.php\\\/author\\\/soyeleditor\\\/\"}]}<\/script>\n<!-- \/ Yoast SEO plugin. -->","yoast_head_json":{"title":"Jujuy: alertan por suspensi\u00f3n de pensiones por discapacidad a menores de edad - Muy Jujuy","robots":{"index":"index","follow":"follow","max-snippet":"max-snippet:-1","max-image-preview":"max-image-preview:large","max-video-preview":"max-video-preview:-1"},"canonical":"https:\/\/www.muyjujuy.com\/index.php\/2025\/08\/15\/jujuy-alertan-por-suspension-de-pensiones-por-discapacidad-a-menores-de-edad\/","og_locale":"es_ES","og_type":"article","og_title":"Jujuy: alertan por suspensi\u00f3n de pensiones por discapacidad a menores de edad - Muy Jujuy","og_description":"La directora provincial de Inclusi\u00f3n de Personas con Discapacidad, Claudia Choque, advirti\u00f3 que las auditor\u00edas nacionales sobre pensiones por invalidez laboral tambi\u00e9n alcanzaban a ni\u00f1os y adolescentes. En la provincia, m\u00e1s de 2 mil beneficiarios comenzaron a recibir notificaciones desde abril. La funcionaria explic\u00f3 que el proceso de revisi\u00f3n iniciado por el Gobierno Nacional generaba [&hellip;]","og_url":"https:\/\/www.muyjujuy.com\/index.php\/2025\/08\/15\/jujuy-alertan-por-suspension-de-pensiones-por-discapacidad-a-menores-de-edad\/","og_site_name":"Muy Jujuy","article_publisher":"https:\/\/www.facebook.com\/muyjujuycom","article_published_time":"2025-08-15T15:11:10+00:00","author":"admin","twitter_card":"summary_large_image","twitter_creator":"@muyjujuy","twitter_site":"@muyjujuy","twitter_misc":{"Escrito por":"admin","Tiempo de lectura":"1 minuto"},"schema":{"@context":"https:\/\/schema.org","@graph":[{"@type":"Article","@id":"https:\/\/www.muyjujuy.com\/index.php\/2025\/08\/15\/jujuy-alertan-por-suspension-de-pensiones-por-discapacidad-a-menores-de-edad\/#article","isPartOf":{"@id":"https:\/\/www.muyjujuy.com\/index.php\/2025\/08\/15\/jujuy-alertan-por-suspension-de-pensiones-por-discapacidad-a-menores-de-edad\/"},"author":{"name":"admin","@id":"https:\/\/www.muyjujuy.com\/#\/schema\/person\/a3b63db1f387ec4149299954904c5bf0"},"headline":"Jujuy: alertan por suspensi\u00f3n de pensiones por discapacidad a menores de edad","datePublished":"2025-08-15T15:11:10+00:00","mainEntityOfPage":{"@id":"https:\/\/www.muyjujuy.com\/index.php\/2025\/08\/15\/jujuy-alertan-por-suspension-de-pensiones-por-discapacidad-a-menores-de-edad\/"},"wordCount":284,"commentCount":0,"publisher":{"@id":"https:\/\/www.muyjujuy.com\/#organization"},"image":{"@id":"https:\/\/www.muyjujuy.com\/index.php\/2025\/08\/15\/jujuy-alertan-por-suspension-de-pensiones-por-discapacidad-a-menores-de-edad\/#primaryimage"},"thumbnailUrl":"https:\/\/www.muyjujuy.com\/wp-content\/uploads\/2025\/08\/JUJUY-11.jpg","articleSection":["JUJUY","Pol\u00edtica"],"inLanguage":"es-AR","potentialAction":[{"@type":"CommentAction","name":"Comment","target":["https:\/\/www.muyjujuy.com\/index.php\/2025\/08\/15\/jujuy-alertan-por-suspension-de-pensiones-por-discapacidad-a-menores-de-edad\/#respond"]}]},{"@type":"WebPage","@id":"https:\/\/www.muyjujuy.com\/index.php\/2025\/08\/15\/jujuy-alertan-por-suspension-de-pensiones-por-discapacidad-a-menores-de-edad\/","url":"https:\/\/www.muyjujuy.com\/index.php\/2025\/08\/15\/jujuy-alertan-por-suspension-de-pensiones-por-discapacidad-a-menores-de-edad\/","name":"Jujuy: alertan por suspensi\u00f3n de pensiones por discapacidad a menores de edad - Muy Jujuy","isPartOf":{"@id":"https:\/\/www.muyjujuy.com\/#website"},"primaryImageOfPage":{"@id":"https:\/\/www.muyjujuy.com\/index.php\/2025\/08\/15\/jujuy-alertan-por-suspension-de-pensiones-por-discapacidad-a-menores-de-edad\/#primaryimage"},"image":{"@id":"https:\/\/www.muyjujuy.com\/index.php\/2025\/08\/15\/jujuy-alertan-por-suspension-de-pensiones-por-discapacidad-a-menores-de-edad\/#primaryimage"},"thumbnailUrl":"https:\/\/www.muyjujuy.com\/wp-content\/uploads\/2025\/08\/JUJUY-11.jpg","datePublished":"2025-08-15T15:11:10+00:00","breadcrumb":{"@id":"https:\/\/www.muyjujuy.com\/index.php\/2025\/08\/15\/jujuy-alertan-por-suspension-de-pensiones-por-discapacidad-a-menores-de-edad\/#breadcrumb"},"inLanguage":"es-AR","potentialAction":[{"@type":"ReadAction","target":["https:\/\/www.muyjujuy.com\/index.php\/2025\/08\/15\/jujuy-alertan-por-suspension-de-pensiones-por-discapacidad-a-menores-de-edad\/"]}]},{"@type":"ImageObject","inLanguage":"es-AR","@id":"https:\/\/www.muyjujuy.com\/index.php\/2025\/08\/15\/jujuy-alertan-por-suspension-de-pensiones-por-discapacidad-a-menores-de-edad\/#primaryimage","url":"https:\/\/www.muyjujuy.com\/wp-content\/uploads\/2025\/08\/JUJUY-11.jpg","contentUrl":"https:\/\/www.muyjujuy.com\/wp-content\/uploads\/2025\/08\/JUJUY-11.jpg","width":952,"height":528},{"@type":"BreadcrumbList","@id":"https:\/\/www.muyjujuy.com\/index.php\/2025\/08\/15\/jujuy-alertan-por-suspension-de-pensiones-por-discapacidad-a-menores-de-edad\/#breadcrumb","itemListElement":[{"@type":"ListItem","position":1,"name":"Inicio","item":"https:\/\/www.muyjujuy.com\/"},{"@type":"ListItem","position":2,"name":"Jujuy: alertan por suspensi\u00f3n de pensiones por discapacidad a menores de edad"}]},{"@type":"WebSite","@id":"https:\/\/www.muyjujuy.com\/#website","url":"https:\/\/www.muyjujuy.com\/","name":"Muy Jujuy","description":"","publisher":{"@id":"https:\/\/www.muyjujuy.com\/#organization"},"potentialAction":[{"@type":"SearchAction","target":{"@type":"EntryPoint","urlTemplate":"https:\/\/www.muyjujuy.com\/?s={search_term_string}"},"query-input":{"@type":"PropertyValueSpecification","valueRequired":true,"valueName":"search_term_string"}}],"inLanguage":"es-AR"},{"@type":"Organization","@id":"https:\/\/www.muyjujuy.com\/#organization","name":"Muy Jujuy","url":"https:\/\/www.muyjujuy.com\/","logo":{"@type":"ImageObject","inLanguage":"es-AR","@id":"https:\/\/www.muyjujuy.com\/#\/schema\/logo\/image\/","url":"http:\/\/www.muyjujuy.com\/wp-content\/uploads\/2022\/05\/logo-mobil-jujuy.png","contentUrl":"http:\/\/www.muyjujuy.com\/wp-content\/uploads\/2022\/05\/logo-mobil-jujuy.png","width":174,"height":81,"caption":"Muy Jujuy"},"image":{"@id":"https:\/\/www.muyjujuy.com\/#\/schema\/logo\/image\/"},"sameAs":["https:\/\/www.facebook.com\/muyjujuycom","https:\/\/x.com\/muyjujuy","https:\/\/www.instagram.com\/muyjujuycom"]},{"@type":"Person","@id":"https:\/\/www.muyjujuy.com\/#\/schema\/person\/a3b63db1f387ec4149299954904c5bf0","name":"admin","image":{"@type":"ImageObject","inLanguage":"es-AR","@id":"https:\/\/secure.gravatar.com\/avatar\/b6e63d8d3a73633362405a0ad27e9c28391755813b59886f19a99d6cef8a03fc?s=96&d=mm&r=g","url":"https:\/\/secure.gravatar.com\/avatar\/b6e63d8d3a73633362405a0ad27e9c28391755813b59886f19a99d6cef8a03fc?s=96&d=mm&r=g","contentUrl":"https:\/\/secure.gravatar.com\/avatar\/b6e63d8d3a73633362405a0ad27e9c28391755813b59886f19a99d6cef8a03fc?s=96&d=mm&r=g","caption":"admin"},"url":"https:\/\/www.muyjujuy.com\/index.php\/author\/soyeleditor\/"}]}},"_links":{"self":[{"href":"https:\/\/www.muyjujuy.com\/index.php\/wp-json\/wp\/v2\/posts\/2805","targetHints":{"allow":["GET"]}}],"collection":[{"href":"https:\/\/www.muyjujuy.com\/index.php\/wp-json\/wp\/v2\/posts"}],"about":[{"href":"https:\/\/www.muyjujuy.com\/index.php\/wp-json\/wp\/v2\/types\/post"}],"author":[{"embeddable":true,"href":"https:\/\/www.muyjujuy.com\/index.php\/wp-json\/wp\/v2\/users\/1"}],"replies":[{"embeddable":true,"href":"https:\/\/www.muyjujuy.com\/index.php\/wp-json\/wp\/v2\/comments?post=2805"}],"version-history":[{"count":1,"href":"https:\/\/www.muyjujuy.com\/index.php\/wp-json\/wp\/v2\/posts\/2805\/revisions"}],"predecessor-version":[{"id":2807,"href":"https:\/\/www.muyjujuy.com\/index.php\/wp-json\/wp\/v2\/posts\/2805\/revisions\/2807"}],"wp:featuredmedia":[{"embeddable":true,"href":"https:\/\/www.muyjujuy.com\/index.php\/wp-json\/wp\/v2\/media\/2806"}],"wp:attachment":[{"href":"https:\/\/www.muyjujuy.com\/index.php\/wp-json\/wp\/v2\/media?parent=2805"}],"wp:term":[{"taxonomy":"category","embeddable":true,"href":"https:\/\/www.muyjujuy.com\/index.php\/wp-json\/wp\/v2\/categories?post=2805"},{"taxonomy":"post_tag","embeddable":true,"href":"https:\/\/www.muyjujuy.com\/index.php\/wp-json\/wp\/v2\/tags?post=2805"}],"curies":[{"name":"wp","href":"https:\/\/api.w.org\/{rel}","templated":true}]}}