{"id":2811,"date":"2025-08-19T10:59:09","date_gmt":"2025-08-19T13:59:09","guid":{"rendered":"https:\/\/www.muyjujuy.com\/?p=2811"},"modified":"2025-08-19T10:59:09","modified_gmt":"2025-08-19T13:59:09","slug":"jujuy-la-provincia-superara-los-100-kilometros-de-rutas-mejoradas-antes-de-fin-de-ano","status":"publish","type":"post","link":"https:\/\/www.muyjujuy.com\/index.php\/2025\/08\/19\/jujuy-la-provincia-superara-los-100-kilometros-de-rutas-mejoradas-antes-de-fin-de-ano\/","title":{"rendered":"Jujuy: la provincia superar\u00e1 los 100 kil\u00f3metros de rutas mejoradas antes de fin de a\u00f1o"},"content":{"rendered":"\n<h2 class=\"wp-block-heading\">El ministro Carlos Stanic inform\u00f3 que, con las obras en las rutas provinciales 56 y 4 y la optimizaci\u00f3n de recursos, se alcanzar\u00e1 una red vial m\u00e1s extensa y se reducir\u00e1 la presi\u00f3n sobre la Ruta Nacional 66.<\/h2>\n\n\n\n<p>El ministro de Infraestructura de <strong>Jujuy<\/strong>, <strong>Carlos Stanic<\/strong>, adelantaba que el plan provincial de obras viales permitir\u00eda superar los <strong>100 kil\u00f3metros de rutas refaccionadas y mejoradas antes de fin de a\u00f1o<\/strong>. Seg\u00fan explic\u00f3, el proyecto inicial contemplaba 60 km, que luego se ampliaron a 66 y, tras ajustes t\u00e9cnicos y financieros, se proyectaba alcanzar el centenar de kil\u00f3metros con la finalizaci\u00f3n de la <strong>Ruta Provincial 56<\/strong>.<\/p>\n\n\n\n<p>Los trabajos se concentraban en el tramo que va hasta el cuartel de <strong>Caraunco<\/strong>, con la intenci\u00f3n de extenderlos hacia <strong>La Mendieta<\/strong>, mientras que en la <strong>Ruta Provincial 4<\/strong>, en la zona de <strong>Huaico<\/strong>, se ejecutaban obras de urbanizaci\u00f3n que inclu\u00edan un puente, d\u00e1rsenas, cord\u00f3n cuneta y veredas. El ministro se\u00f1alaba que ese sector, aunque con caracter\u00edsticas urbanas, formaba parte de la red provincial y respond\u00eda a un pedido sostenido de los vecinos.<\/p>\n\n\n\n<p>Stanic subrayaba que la <strong>optimizaci\u00f3n de recursos<\/strong> hab\u00eda permitido ampliar las metas previstas: en algunos tramos se aplicaba bacheo profundo en lugar de escarificado, lo que reduc\u00eda costos y extend\u00eda los fondos disponibles. Adem\u00e1s, destacaba que la mejora de la Ruta 56 tendr\u00eda un efecto directo en la <strong>Ruta Nacional 66<\/strong>, una de las m\u00e1s transitadas de la regi\u00f3n, aliviando la saturaci\u00f3n del tr\u00e1fico y consolidando un cambio significativo en la red vial provincial.<\/p>\n\n\n\n<figure class=\"wp-block-image size-large\"><img decoding=\"async\" src=\"https:\/\/statics.somosjujuy.com.ar\/2025\/08\/crop\/68a4713fe2c0a__912x912.webp\" alt=\"\"\/><\/figure>\n","protected":false},"excerpt":{"rendered":"<p>El ministro Carlos Stanic inform\u00f3 que, con las obras en las rutas provinciales 56 y 4 y la optimizaci\u00f3n de recursos, se alcanzar\u00e1 una red vial m\u00e1s extensa y se reducir\u00e1 la presi\u00f3n sobre la Ruta Nacional 66. El ministro de Infraestructura de Jujuy, Carlos Stanic, adelantaba que el plan provincial de obras viales permitir\u00eda [&hellip;]<\/p>\n","protected":false},"author":1,"featured_media":2812,"comment_status":"open","ping_status":"open","sticky":false,"template":"","format":"standard","meta":{"footnotes":""},"categories":[863,24],"tags":[],"class_list":{"0":"post-2811","1":"post","2":"type-post","3":"status-publish","4":"format-standard","5":"has-post-thumbnail","7":"category-jujuy","8":"category-politica"},"yoast_head":"<!-- This site is optimized with the Yoast SEO plugin v27.5 - https:\/\/yoast.com\/product\/yoast-seo-wordpress\/ -->\n<title>Jujuy: la provincia superar\u00e1 los 100 kil\u00f3metros de rutas mejoradas antes de fin de a\u00f1o - Muy Jujuy<\/title>\n<meta name=\"robots\" content=\"index, follow, max-snippet:-1, max-image-preview:large, max-video-preview:-1\" \/>\n<link rel=\"canonical\" href=\"https:\/\/www.muyjujuy.com\/index.php\/2025\/08\/19\/jujuy-la-provincia-superara-los-100-kilometros-de-rutas-mejoradas-antes-de-fin-de-ano\/\" \/>\n<meta property=\"og:locale\" content=\"es_ES\" \/>\n<meta property=\"og:type\" content=\"article\" \/>\n<meta property=\"og:title\" content=\"Jujuy: la provincia superar\u00e1 los 100 kil\u00f3metros de rutas mejoradas antes de fin de a\u00f1o - Muy Jujuy\" \/>\n<meta property=\"og:description\" content=\"El ministro Carlos Stanic inform\u00f3 que, con las obras en las rutas provinciales 56 y 4 y la optimizaci\u00f3n de recursos, se alcanzar\u00e1 una red vial m\u00e1s extensa y se reducir\u00e1 la presi\u00f3n sobre la Ruta Nacional 66. El ministro de Infraestructura de Jujuy, Carlos Stanic, adelantaba que el plan provincial de obras viales permitir\u00eda [&hellip;]\" \/>\n<meta property=\"og:url\" content=\"https:\/\/www.muyjujuy.com\/index.php\/2025\/08\/19\/jujuy-la-provincia-superara-los-100-kilometros-de-rutas-mejoradas-antes-de-fin-de-ano\/\" \/>\n<meta property=\"og:site_name\" content=\"Muy Jujuy\" \/>\n<meta property=\"article:publisher\" content=\"https:\/\/www.facebook.com\/muyjujuycom\" \/>\n<meta property=\"article:published_time\" content=\"2025-08-19T13:59:09+00:00\" \/>\n<meta property=\"og:image\" content=\"https:\/\/statics.somosjujuy.com.ar\/2025\/08\/crop\/68a4713fe2c0a__912x912.webp\" \/>\n<meta name=\"author\" content=\"admin\" \/>\n<meta name=\"twitter:card\" content=\"summary_large_image\" \/>\n<meta name=\"twitter:creator\" content=\"@muyjujuy\" \/>\n<meta name=\"twitter:site\" content=\"@muyjujuy\" \/>\n<meta name=\"twitter:label1\" content=\"Escrito por\" \/>\n\t<meta name=\"twitter:data1\" content=\"admin\" \/>\n\t<meta name=\"twitter:label2\" content=\"Tiempo de lectura\" \/>\n\t<meta name=\"twitter:data2\" content=\"1 minuto\" \/>\n<script type=\"application\/ld+json\" class=\"yoast-schema-graph\">{\"@context\":\"https:\\\/\\\/schema.org\",\"@graph\":[{\"@type\":\"Article\",\"@id\":\"https:\\\/\\\/www.muyjujuy.com\\\/index.php\\\/2025\\\/08\\\/19\\\/jujuy-la-provincia-superara-los-100-kilometros-de-rutas-mejoradas-antes-de-fin-de-ano\\\/#article\",\"isPartOf\":{\"@id\":\"https:\\\/\\\/www.muyjujuy.com\\\/index.php\\\/2025\\\/08\\\/19\\\/jujuy-la-provincia-superara-los-100-kilometros-de-rutas-mejoradas-antes-de-fin-de-ano\\\/\"},\"author\":{\"name\":\"admin\",\"@id\":\"https:\\\/\\\/www.muyjujuy.com\\\/#\\\/schema\\\/person\\\/a3b63db1f387ec4149299954904c5bf0\"},\"headline\":\"Jujuy: la provincia superar\u00e1 los 100 kil\u00f3metros de rutas mejoradas antes de fin de a\u00f1o\",\"datePublished\":\"2025-08-19T13:59:09+00:00\",\"mainEntityOfPage\":{\"@id\":\"https:\\\/\\\/www.muyjujuy.com\\\/index.php\\\/2025\\\/08\\\/19\\\/jujuy-la-provincia-superara-los-100-kilometros-de-rutas-mejoradas-antes-de-fin-de-ano\\\/\"},\"wordCount\":285,\"commentCount\":0,\"publisher\":{\"@id\":\"https:\\\/\\\/www.muyjujuy.com\\\/#organization\"},\"image\":{\"@id\":\"https:\\\/\\\/www.muyjujuy.com\\\/index.php\\\/2025\\\/08\\\/19\\\/jujuy-la-provincia-superara-los-100-kilometros-de-rutas-mejoradas-antes-de-fin-de-ano\\\/#primaryimage\"},\"thumbnailUrl\":\"https:\\\/\\\/www.muyjujuy.com\\\/wp-content\\\/uploads\\\/2025\\\/08\\\/JUJUY-13.jpg\",\"articleSection\":[\"JUJUY\",\"Pol\u00edtica\"],\"inLanguage\":\"es-AR\",\"potentialAction\":[{\"@type\":\"CommentAction\",\"name\":\"Comment\",\"target\":[\"https:\\\/\\\/www.muyjujuy.com\\\/index.php\\\/2025\\\/08\\\/19\\\/jujuy-la-provincia-superara-los-100-kilometros-de-rutas-mejoradas-antes-de-fin-de-ano\\\/#respond\"]}]},{\"@type\":\"WebPage\",\"@id\":\"https:\\\/\\\/www.muyjujuy.com\\\/index.php\\\/2025\\\/08\\\/19\\\/jujuy-la-provincia-superara-los-100-kilometros-de-rutas-mejoradas-antes-de-fin-de-ano\\\/\",\"url\":\"https:\\\/\\\/www.muyjujuy.com\\\/index.php\\\/2025\\\/08\\\/19\\\/jujuy-la-provincia-superara-los-100-kilometros-de-rutas-mejoradas-antes-de-fin-de-ano\\\/\",\"name\":\"Jujuy: la provincia superar\u00e1 los 100 kil\u00f3metros de rutas mejoradas antes de fin de a\u00f1o - Muy Jujuy\",\"isPartOf\":{\"@id\":\"https:\\\/\\\/www.muyjujuy.com\\\/#website\"},\"primaryImageOfPage\":{\"@id\":\"https:\\\/\\\/www.muyjujuy.com\\\/index.php\\\/2025\\\/08\\\/19\\\/jujuy-la-provincia-superara-los-100-kilometros-de-rutas-mejoradas-antes-de-fin-de-ano\\\/#primaryimage\"},\"image\":{\"@id\":\"https:\\\/\\\/www.muyjujuy.com\\\/index.php\\\/2025\\\/08\\\/19\\\/jujuy-la-provincia-superara-los-100-kilometros-de-rutas-mejoradas-antes-de-fin-de-ano\\\/#primaryimage\"},\"thumbnailUrl\":\"https:\\\/\\\/www.muyjujuy.com\\\/wp-content\\\/uploads\\\/2025\\\/08\\\/JUJUY-13.jpg\",\"datePublished\":\"2025-08-19T13:59:09+00:00\",\"breadcrumb\":{\"@id\":\"https:\\\/\\\/www.muyjujuy.com\\\/index.php\\\/2025\\\/08\\\/19\\\/jujuy-la-provincia-superara-los-100-kilometros-de-rutas-mejoradas-antes-de-fin-de-ano\\\/#breadcrumb\"},\"inLanguage\":\"es-AR\",\"potentialAction\":[{\"@type\":\"ReadAction\",\"target\":[\"https:\\\/\\\/www.muyjujuy.com\\\/index.php\\\/2025\\\/08\\\/19\\\/jujuy-la-provincia-superara-los-100-kilometros-de-rutas-mejoradas-antes-de-fin-de-ano\\\/\"]}]},{\"@type\":\"ImageObject\",\"inLanguage\":\"es-AR\",\"@id\":\"https:\\\/\\\/www.muyjujuy.com\\\/index.php\\\/2025\\\/08\\\/19\\\/jujuy-la-provincia-superara-los-100-kilometros-de-rutas-mejoradas-antes-de-fin-de-ano\\\/#primaryimage\",\"url\":\"https:\\\/\\\/www.muyjujuy.com\\\/wp-content\\\/uploads\\\/2025\\\/08\\\/JUJUY-13.jpg\",\"contentUrl\":\"https:\\\/\\\/www.muyjujuy.com\\\/wp-content\\\/uploads\\\/2025\\\/08\\\/JUJUY-13.jpg\",\"width\":935,\"height\":538},{\"@type\":\"BreadcrumbList\",\"@id\":\"https:\\\/\\\/www.muyjujuy.com\\\/index.php\\\/2025\\\/08\\\/19\\\/jujuy-la-provincia-superara-los-100-kilometros-de-rutas-mejoradas-antes-de-fin-de-ano\\\/#breadcrumb\",\"itemListElement\":[{\"@type\":\"ListItem\",\"position\":1,\"name\":\"Inicio\",\"item\":\"https:\\\/\\\/www.muyjujuy.com\\\/\"},{\"@type\":\"ListItem\",\"position\":2,\"name\":\"Jujuy: la provincia superar\u00e1 los 100 kil\u00f3metros de rutas mejoradas antes de fin de a\u00f1o\"}]},{\"@type\":\"WebSite\",\"@id\":\"https:\\\/\\\/www.muyjujuy.com\\\/#website\",\"url\":\"https:\\\/\\\/www.muyjujuy.com\\\/\",\"name\":\"Muy Jujuy\",\"description\":\"\",\"publisher\":{\"@id\":\"https:\\\/\\\/www.muyjujuy.com\\\/#organization\"},\"potentialAction\":[{\"@type\":\"SearchAction\",\"target\":{\"@type\":\"EntryPoint\",\"urlTemplate\":\"https:\\\/\\\/www.muyjujuy.com\\\/?s={search_term_string}\"},\"query-input\":{\"@type\":\"PropertyValueSpecification\",\"valueRequired\":true,\"valueName\":\"search_term_string\"}}],\"inLanguage\":\"es-AR\"},{\"@type\":\"Organization\",\"@id\":\"https:\\\/\\\/www.muyjujuy.com\\\/#organization\",\"name\":\"Muy Jujuy\",\"url\":\"https:\\\/\\\/www.muyjujuy.com\\\/\",\"logo\":{\"@type\":\"ImageObject\",\"inLanguage\":\"es-AR\",\"@id\":\"https:\\\/\\\/www.muyjujuy.com\\\/#\\\/schema\\\/logo\\\/image\\\/\",\"url\":\"http:\\\/\\\/www.muyjujuy.com\\\/wp-content\\\/uploads\\\/2022\\\/05\\\/logo-mobil-jujuy.png\",\"contentUrl\":\"http:\\\/\\\/www.muyjujuy.com\\\/wp-content\\\/uploads\\\/2022\\\/05\\\/logo-mobil-jujuy.png\",\"width\":174,\"height\":81,\"caption\":\"Muy Jujuy\"},\"image\":{\"@id\":\"https:\\\/\\\/www.muyjujuy.com\\\/#\\\/schema\\\/logo\\\/image\\\/\"},\"sameAs\":[\"https:\\\/\\\/www.facebook.com\\\/muyjujuycom\",\"https:\\\/\\\/x.com\\\/muyjujuy\",\"https:\\\/\\\/www.instagram.com\\\/muyjujuycom\"]},{\"@type\":\"Person\",\"@id\":\"https:\\\/\\\/www.muyjujuy.com\\\/#\\\/schema\\\/person\\\/a3b63db1f387ec4149299954904c5bf0\",\"name\":\"admin\",\"image\":{\"@type\":\"ImageObject\",\"inLanguage\":\"es-AR\",\"@id\":\"https:\\\/\\\/secure.gravatar.com\\\/avatar\\\/b6e63d8d3a73633362405a0ad27e9c28391755813b59886f19a99d6cef8a03fc?s=96&d=mm&r=g\",\"url\":\"https:\\\/\\\/secure.gravatar.com\\\/avatar\\\/b6e63d8d3a73633362405a0ad27e9c28391755813b59886f19a99d6cef8a03fc?s=96&d=mm&r=g\",\"contentUrl\":\"https:\\\/\\\/secure.gravatar.com\\\/avatar\\\/b6e63d8d3a73633362405a0ad27e9c28391755813b59886f19a99d6cef8a03fc?s=96&d=mm&r=g\",\"caption\":\"admin\"},\"url\":\"https:\\\/\\\/www.muyjujuy.com\\\/index.php\\\/author\\\/soyeleditor\\\/\"}]}<\/script>\n<!-- \/ Yoast SEO plugin. -->","yoast_head_json":{"title":"Jujuy: la provincia superar\u00e1 los 100 kil\u00f3metros de rutas mejoradas antes de fin de a\u00f1o - Muy Jujuy","robots":{"index":"index","follow":"follow","max-snippet":"max-snippet:-1","max-image-preview":"max-image-preview:large","max-video-preview":"max-video-preview:-1"},"canonical":"https:\/\/www.muyjujuy.com\/index.php\/2025\/08\/19\/jujuy-la-provincia-superara-los-100-kilometros-de-rutas-mejoradas-antes-de-fin-de-ano\/","og_locale":"es_ES","og_type":"article","og_title":"Jujuy: la provincia superar\u00e1 los 100 kil\u00f3metros de rutas mejoradas antes de fin de a\u00f1o - Muy Jujuy","og_description":"El ministro Carlos Stanic inform\u00f3 que, con las obras en las rutas provinciales 56 y 4 y la optimizaci\u00f3n de recursos, se alcanzar\u00e1 una red vial m\u00e1s extensa y se reducir\u00e1 la presi\u00f3n sobre la Ruta Nacional 66. El ministro de Infraestructura de Jujuy, Carlos Stanic, adelantaba que el plan provincial de obras viales permitir\u00eda [&hellip;]","og_url":"https:\/\/www.muyjujuy.com\/index.php\/2025\/08\/19\/jujuy-la-provincia-superara-los-100-kilometros-de-rutas-mejoradas-antes-de-fin-de-ano\/","og_site_name":"Muy Jujuy","article_publisher":"https:\/\/www.facebook.com\/muyjujuycom","article_published_time":"2025-08-19T13:59:09+00:00","og_image":[{"url":"https:\/\/statics.somosjujuy.com.ar\/2025\/08\/crop\/68a4713fe2c0a__912x912.webp","type":"","width":"","height":""}],"author":"admin","twitter_card":"summary_large_image","twitter_creator":"@muyjujuy","twitter_site":"@muyjujuy","twitter_misc":{"Escrito por":"admin","Tiempo de lectura":"1 minuto"},"schema":{"@context":"https:\/\/schema.org","@graph":[{"@type":"Article","@id":"https:\/\/www.muyjujuy.com\/index.php\/2025\/08\/19\/jujuy-la-provincia-superara-los-100-kilometros-de-rutas-mejoradas-antes-de-fin-de-ano\/#article","isPartOf":{"@id":"https:\/\/www.muyjujuy.com\/index.php\/2025\/08\/19\/jujuy-la-provincia-superara-los-100-kilometros-de-rutas-mejoradas-antes-de-fin-de-ano\/"},"author":{"name":"admin","@id":"https:\/\/www.muyjujuy.com\/#\/schema\/person\/a3b63db1f387ec4149299954904c5bf0"},"headline":"Jujuy: la provincia superar\u00e1 los 100 kil\u00f3metros de rutas mejoradas antes de fin de a\u00f1o","datePublished":"2025-08-19T13:59:09+00:00","mainEntityOfPage":{"@id":"https:\/\/www.muyjujuy.com\/index.php\/2025\/08\/19\/jujuy-la-provincia-superara-los-100-kilometros-de-rutas-mejoradas-antes-de-fin-de-ano\/"},"wordCount":285,"commentCount":0,"publisher":{"@id":"https:\/\/www.muyjujuy.com\/#organization"},"image":{"@id":"https:\/\/www.muyjujuy.com\/index.php\/2025\/08\/19\/jujuy-la-provincia-superara-los-100-kilometros-de-rutas-mejoradas-antes-de-fin-de-ano\/#primaryimage"},"thumbnailUrl":"https:\/\/www.muyjujuy.com\/wp-content\/uploads\/2025\/08\/JUJUY-13.jpg","articleSection":["JUJUY","Pol\u00edtica"],"inLanguage":"es-AR","potentialAction":[{"@type":"CommentAction","name":"Comment","target":["https:\/\/www.muyjujuy.com\/index.php\/2025\/08\/19\/jujuy-la-provincia-superara-los-100-kilometros-de-rutas-mejoradas-antes-de-fin-de-ano\/#respond"]}]},{"@type":"WebPage","@id":"https:\/\/www.muyjujuy.com\/index.php\/2025\/08\/19\/jujuy-la-provincia-superara-los-100-kilometros-de-rutas-mejoradas-antes-de-fin-de-ano\/","url":"https:\/\/www.muyjujuy.com\/index.php\/2025\/08\/19\/jujuy-la-provincia-superara-los-100-kilometros-de-rutas-mejoradas-antes-de-fin-de-ano\/","name":"Jujuy: la provincia superar\u00e1 los 100 kil\u00f3metros de rutas mejoradas antes de fin de a\u00f1o - Muy Jujuy","isPartOf":{"@id":"https:\/\/www.muyjujuy.com\/#website"},"primaryImageOfPage":{"@id":"https:\/\/www.muyjujuy.com\/index.php\/2025\/08\/19\/jujuy-la-provincia-superara-los-100-kilometros-de-rutas-mejoradas-antes-de-fin-de-ano\/#primaryimage"},"image":{"@id":"https:\/\/www.muyjujuy.com\/index.php\/2025\/08\/19\/jujuy-la-provincia-superara-los-100-kilometros-de-rutas-mejoradas-antes-de-fin-de-ano\/#primaryimage"},"thumbnailUrl":"https:\/\/www.muyjujuy.com\/wp-content\/uploads\/2025\/08\/JUJUY-13.jpg","datePublished":"2025-08-19T13:59:09+00:00","breadcrumb":{"@id":"https:\/\/www.muyjujuy.com\/index.php\/2025\/08\/19\/jujuy-la-provincia-superara-los-100-kilometros-de-rutas-mejoradas-antes-de-fin-de-ano\/#breadcrumb"},"inLanguage":"es-AR","potentialAction":[{"@type":"ReadAction","target":["https:\/\/www.muyjujuy.com\/index.php\/2025\/08\/19\/jujuy-la-provincia-superara-los-100-kilometros-de-rutas-mejoradas-antes-de-fin-de-ano\/"]}]},{"@type":"ImageObject","inLanguage":"es-AR","@id":"https:\/\/www.muyjujuy.com\/index.php\/2025\/08\/19\/jujuy-la-provincia-superara-los-100-kilometros-de-rutas-mejoradas-antes-de-fin-de-ano\/#primaryimage","url":"https:\/\/www.muyjujuy.com\/wp-content\/uploads\/2025\/08\/JUJUY-13.jpg","contentUrl":"https:\/\/www.muyjujuy.com\/wp-content\/uploads\/2025\/08\/JUJUY-13.jpg","width":935,"height":538},{"@type":"BreadcrumbList","@id":"https:\/\/www.muyjujuy.com\/index.php\/2025\/08\/19\/jujuy-la-provincia-superara-los-100-kilometros-de-rutas-mejoradas-antes-de-fin-de-ano\/#breadcrumb","itemListElement":[{"@type":"ListItem","position":1,"name":"Inicio","item":"https:\/\/www.muyjujuy.com\/"},{"@type":"ListItem","position":2,"name":"Jujuy: la provincia superar\u00e1 los 100 kil\u00f3metros de rutas mejoradas antes de fin de a\u00f1o"}]},{"@type":"WebSite","@id":"https:\/\/www.muyjujuy.com\/#website","url":"https:\/\/www.muyjujuy.com\/","name":"Muy Jujuy","description":"","publisher":{"@id":"https:\/\/www.muyjujuy.com\/#organization"},"potentialAction":[{"@type":"SearchAction","target":{"@type":"EntryPoint","urlTemplate":"https:\/\/www.muyjujuy.com\/?s={search_term_string}"},"query-input":{"@type":"PropertyValueSpecification","valueRequired":true,"valueName":"search_term_string"}}],"inLanguage":"es-AR"},{"@type":"Organization","@id":"https:\/\/www.muyjujuy.com\/#organization","name":"Muy Jujuy","url":"https:\/\/www.muyjujuy.com\/","logo":{"@type":"ImageObject","inLanguage":"es-AR","@id":"https:\/\/www.muyjujuy.com\/#\/schema\/logo\/image\/","url":"http:\/\/www.muyjujuy.com\/wp-content\/uploads\/2022\/05\/logo-mobil-jujuy.png","contentUrl":"http:\/\/www.muyjujuy.com\/wp-content\/uploads\/2022\/05\/logo-mobil-jujuy.png","width":174,"height":81,"caption":"Muy Jujuy"},"image":{"@id":"https:\/\/www.muyjujuy.com\/#\/schema\/logo\/image\/"},"sameAs":["https:\/\/www.facebook.com\/muyjujuycom","https:\/\/x.com\/muyjujuy","https:\/\/www.instagram.com\/muyjujuycom"]},{"@type":"Person","@id":"https:\/\/www.muyjujuy.com\/#\/schema\/person\/a3b63db1f387ec4149299954904c5bf0","name":"admin","image":{"@type":"ImageObject","inLanguage":"es-AR","@id":"https:\/\/secure.gravatar.com\/avatar\/b6e63d8d3a73633362405a0ad27e9c28391755813b59886f19a99d6cef8a03fc?s=96&d=mm&r=g","url":"https:\/\/secure.gravatar.com\/avatar\/b6e63d8d3a73633362405a0ad27e9c28391755813b59886f19a99d6cef8a03fc?s=96&d=mm&r=g","contentUrl":"https:\/\/secure.gravatar.com\/avatar\/b6e63d8d3a73633362405a0ad27e9c28391755813b59886f19a99d6cef8a03fc?s=96&d=mm&r=g","caption":"admin"},"url":"https:\/\/www.muyjujuy.com\/index.php\/author\/soyeleditor\/"}]}},"_links":{"self":[{"href":"https:\/\/www.muyjujuy.com\/index.php\/wp-json\/wp\/v2\/posts\/2811","targetHints":{"allow":["GET"]}}],"collection":[{"href":"https:\/\/www.muyjujuy.com\/index.php\/wp-json\/wp\/v2\/posts"}],"about":[{"href":"https:\/\/www.muyjujuy.com\/index.php\/wp-json\/wp\/v2\/types\/post"}],"author":[{"embeddable":true,"href":"https:\/\/www.muyjujuy.com\/index.php\/wp-json\/wp\/v2\/users\/1"}],"replies":[{"embeddable":true,"href":"https:\/\/www.muyjujuy.com\/index.php\/wp-json\/wp\/v2\/comments?post=2811"}],"version-history":[{"count":1,"href":"https:\/\/www.muyjujuy.com\/index.php\/wp-json\/wp\/v2\/posts\/2811\/revisions"}],"predecessor-version":[{"id":2813,"href":"https:\/\/www.muyjujuy.com\/index.php\/wp-json\/wp\/v2\/posts\/2811\/revisions\/2813"}],"wp:featuredmedia":[{"embeddable":true,"href":"https:\/\/www.muyjujuy.com\/index.php\/wp-json\/wp\/v2\/media\/2812"}],"wp:attachment":[{"href":"https:\/\/www.muyjujuy.com\/index.php\/wp-json\/wp\/v2\/media?parent=2811"}],"wp:term":[{"taxonomy":"category","embeddable":true,"href":"https:\/\/www.muyjujuy.com\/index.php\/wp-json\/wp\/v2\/categories?post=2811"},{"taxonomy":"post_tag","embeddable":true,"href":"https:\/\/www.muyjujuy.com\/index.php\/wp-json\/wp\/v2\/tags?post=2811"}],"curies":[{"name":"wp","href":"https:\/\/api.w.org\/{rel}","templated":true}]}}