{"id":2827,"date":"2025-08-25T11:07:05","date_gmt":"2025-08-25T14:07:05","guid":{"rendered":"https:\/\/www.muyjujuy.com\/?p=2827"},"modified":"2025-08-25T11:07:05","modified_gmt":"2025-08-25T14:07:05","slug":"jujuy-un-taxista-alcoholizado-en-contramano-un-incendio-en-san-pedro-y-el-hallazgo-de-un-cuerpo-en-perico","status":"publish","type":"post","link":"https:\/\/www.muyjujuy.com\/index.php\/2025\/08\/25\/jujuy-un-taxista-alcoholizado-en-contramano-un-incendio-en-san-pedro-y-el-hallazgo-de-un-cuerpo-en-perico\/","title":{"rendered":"Jujuy | un taxista alcoholizado en contramano, un incendio en San Pedro y el hallazgo de un cuerpo en Perico"},"content":{"rendered":"\n<h2 class=\"wp-block-heading\"><strong>Durante el fin de semana la Polic\u00eda provincial registr\u00f3 distintos hechos, entre ellos un conductor con 2,04 de alcohol en sangre, un incendio en el que vecinos rescataron a un hombre con discapacidad y el hallazgo de un cad\u00e1ver en Perico. No se reportaron v\u00edctimas fatales en siniestros viales.<\/strong><br><\/h2>\n\n\n\n<p>El <strong>comisario Pablo Herrera Silvetti<\/strong>, jefe de prensa de la <strong>Polic\u00eda de Jujuy<\/strong>, inform\u00f3 que entre s\u00e1bado y domingo se labraron m\u00e1s de <strong>700 actas de tr\u00e1nsito<\/strong>, de las cuales <strong>112 correspondieron a alcoholemia positiva<\/strong> y 29 a exceso de velocidad. En paralelo, las fuerzas intervinieron en hechos de inseguridad y en accidentes que requirieron asistencia m\u00e9dica y judicial.<\/p>\n\n\n\n<p>Uno de los episodios m\u00e1s graves se registr\u00f3 el s\u00e1bado por la noche sobre la <strong>Ruta Nacional 9<\/strong>, donde un <strong>taxi Fiat Cronos<\/strong> circulaba en contramano. El conductor, que no era el titular del veh\u00edculo, presentaba <strong>2,04 gramos de alcohol en sangre<\/strong>. Fue demorado y qued\u00f3 a disposici\u00f3n de la Justicia, mientras que el rodado permanece secuestrado. Ese mismo d\u00eda al mediod\u00eda, en <strong>Palpal\u00e1<\/strong>, una motocicleta choc\u00f3 de frente contra un auto en la avenida Juan Jos\u00e9 Paso: la acompa\u00f1ante result\u00f3 con <strong>fracturas m\u00faltiples y traumatismos de cr\u00e1neo<\/strong>, y fue trasladada al Hospital Pablo Soria.<\/p>\n\n\n\n<p>El domingo, personal de la <strong>Seccional 35<\/strong> intervino en un <strong>incendio de vivienda en San Pedro de Jujuy<\/strong>, donde un hombre de 51 a\u00f1os con discapacidad motriz fue rescatado por vecinos antes de que llegaran los bomberos. Tambi\u00e9n se tom\u00f3 conocimiento del <strong>hallazgo de un cuerpo en un canal de riego en Perico<\/strong>, a la altura de la Ruta Provincial 46. El hombre presentaba el rostro deteriorado y fue trasladado a la morgue de Alto Comedero para la autopsia, bajo investigaci\u00f3n de la Fiscal\u00eda.<\/p>\n\n\n\n<p>Pese a la magnitud de los hechos, Silvetti subray\u00f3 que durante el fin de semana <strong>no se registraron v\u00edctimas fatales en accidentes viales<\/strong>, lo que consider\u00f3 un resultado favorable de los controles realizados en rutas y accesos de la provincia.<\/p>\n","protected":false},"excerpt":{"rendered":"<p>Durante el fin de semana la Polic\u00eda provincial registr\u00f3 distintos hechos, entre ellos un conductor con 2,04 de alcohol en sangre, un incendio en el que vecinos rescataron a un hombre con discapacidad y el hallazgo de un cad\u00e1ver en Perico. No se reportaron v\u00edctimas fatales en siniestros viales. El comisario Pablo Herrera Silvetti, jefe [&hellip;]<\/p>\n","protected":false},"author":1,"featured_media":2828,"comment_status":"open","ping_status":"open","sticky":false,"template":"","format":"standard","meta":{"footnotes":""},"categories":[863,27],"tags":[],"class_list":{"0":"post-2827","1":"post","2":"type-post","3":"status-publish","4":"format-standard","5":"has-post-thumbnail","7":"category-jujuy","8":"category-seguridad"},"yoast_head":"<!-- This site is optimized with the Yoast SEO plugin v27.5 - https:\/\/yoast.com\/product\/yoast-seo-wordpress\/ -->\n<title>Jujuy | un taxista alcoholizado en contramano, un incendio en San Pedro y el hallazgo de un cuerpo en Perico - Muy Jujuy<\/title>\n<meta name=\"robots\" content=\"index, follow, max-snippet:-1, max-image-preview:large, max-video-preview:-1\" \/>\n<link rel=\"canonical\" href=\"https:\/\/www.muyjujuy.com\/index.php\/2025\/08\/25\/jujuy-un-taxista-alcoholizado-en-contramano-un-incendio-en-san-pedro-y-el-hallazgo-de-un-cuerpo-en-perico\/\" \/>\n<meta property=\"og:locale\" content=\"es_ES\" \/>\n<meta property=\"og:type\" content=\"article\" \/>\n<meta property=\"og:title\" content=\"Jujuy | un taxista alcoholizado en contramano, un incendio en San Pedro y el hallazgo de un cuerpo en Perico - Muy Jujuy\" \/>\n<meta property=\"og:description\" content=\"Durante el fin de semana la Polic\u00eda provincial registr\u00f3 distintos hechos, entre ellos un conductor con 2,04 de alcohol en sangre, un incendio en el que vecinos rescataron a un hombre con discapacidad y el hallazgo de un cad\u00e1ver en Perico. No se reportaron v\u00edctimas fatales en siniestros viales. El comisario Pablo Herrera Silvetti, jefe [&hellip;]\" \/>\n<meta property=\"og:url\" content=\"https:\/\/www.muyjujuy.com\/index.php\/2025\/08\/25\/jujuy-un-taxista-alcoholizado-en-contramano-un-incendio-en-san-pedro-y-el-hallazgo-de-un-cuerpo-en-perico\/\" \/>\n<meta property=\"og:site_name\" content=\"Muy Jujuy\" \/>\n<meta property=\"article:publisher\" content=\"https:\/\/www.facebook.com\/muyjujuycom\" \/>\n<meta property=\"article:published_time\" content=\"2025-08-25T14:07:05+00:00\" \/>\n<meta name=\"author\" content=\"admin\" \/>\n<meta name=\"twitter:card\" content=\"summary_large_image\" \/>\n<meta name=\"twitter:creator\" content=\"@muyjujuy\" \/>\n<meta name=\"twitter:site\" content=\"@muyjujuy\" \/>\n<meta name=\"twitter:label1\" content=\"Escrito por\" \/>\n\t<meta name=\"twitter:data1\" content=\"admin\" \/>\n\t<meta name=\"twitter:label2\" content=\"Tiempo de lectura\" \/>\n\t<meta name=\"twitter:data2\" content=\"2 minutos\" \/>\n<script type=\"application\/ld+json\" class=\"yoast-schema-graph\">{\"@context\":\"https:\\\/\\\/schema.org\",\"@graph\":[{\"@type\":\"Article\",\"@id\":\"https:\\\/\\\/www.muyjujuy.com\\\/index.php\\\/2025\\\/08\\\/25\\\/jujuy-un-taxista-alcoholizado-en-contramano-un-incendio-en-san-pedro-y-el-hallazgo-de-un-cuerpo-en-perico\\\/#article\",\"isPartOf\":{\"@id\":\"https:\\\/\\\/www.muyjujuy.com\\\/index.php\\\/2025\\\/08\\\/25\\\/jujuy-un-taxista-alcoholizado-en-contramano-un-incendio-en-san-pedro-y-el-hallazgo-de-un-cuerpo-en-perico\\\/\"},\"author\":{\"name\":\"admin\",\"@id\":\"https:\\\/\\\/www.muyjujuy.com\\\/#\\\/schema\\\/person\\\/a3b63db1f387ec4149299954904c5bf0\"},\"headline\":\"Jujuy | un taxista alcoholizado en contramano, un incendio en San Pedro y el hallazgo de un cuerpo en Perico\",\"datePublished\":\"2025-08-25T14:07:05+00:00\",\"mainEntityOfPage\":{\"@id\":\"https:\\\/\\\/www.muyjujuy.com\\\/index.php\\\/2025\\\/08\\\/25\\\/jujuy-un-taxista-alcoholizado-en-contramano-un-incendio-en-san-pedro-y-el-hallazgo-de-un-cuerpo-en-perico\\\/\"},\"wordCount\":359,\"commentCount\":0,\"publisher\":{\"@id\":\"https:\\\/\\\/www.muyjujuy.com\\\/#organization\"},\"image\":{\"@id\":\"https:\\\/\\\/www.muyjujuy.com\\\/index.php\\\/2025\\\/08\\\/25\\\/jujuy-un-taxista-alcoholizado-en-contramano-un-incendio-en-san-pedro-y-el-hallazgo-de-un-cuerpo-en-perico\\\/#primaryimage\"},\"thumbnailUrl\":\"https:\\\/\\\/www.muyjujuy.com\\\/wp-content\\\/uploads\\\/2025\\\/08\\\/jujuy-17.jpg\",\"articleSection\":[\"JUJUY\",\"Seguridad\"],\"inLanguage\":\"es-AR\",\"potentialAction\":[{\"@type\":\"CommentAction\",\"name\":\"Comment\",\"target\":[\"https:\\\/\\\/www.muyjujuy.com\\\/index.php\\\/2025\\\/08\\\/25\\\/jujuy-un-taxista-alcoholizado-en-contramano-un-incendio-en-san-pedro-y-el-hallazgo-de-un-cuerpo-en-perico\\\/#respond\"]}]},{\"@type\":\"WebPage\",\"@id\":\"https:\\\/\\\/www.muyjujuy.com\\\/index.php\\\/2025\\\/08\\\/25\\\/jujuy-un-taxista-alcoholizado-en-contramano-un-incendio-en-san-pedro-y-el-hallazgo-de-un-cuerpo-en-perico\\\/\",\"url\":\"https:\\\/\\\/www.muyjujuy.com\\\/index.php\\\/2025\\\/08\\\/25\\\/jujuy-un-taxista-alcoholizado-en-contramano-un-incendio-en-san-pedro-y-el-hallazgo-de-un-cuerpo-en-perico\\\/\",\"name\":\"Jujuy | un taxista alcoholizado en contramano, un incendio en San Pedro y el hallazgo de un cuerpo en Perico - Muy Jujuy\",\"isPartOf\":{\"@id\":\"https:\\\/\\\/www.muyjujuy.com\\\/#website\"},\"primaryImageOfPage\":{\"@id\":\"https:\\\/\\\/www.muyjujuy.com\\\/index.php\\\/2025\\\/08\\\/25\\\/jujuy-un-taxista-alcoholizado-en-contramano-un-incendio-en-san-pedro-y-el-hallazgo-de-un-cuerpo-en-perico\\\/#primaryimage\"},\"image\":{\"@id\":\"https:\\\/\\\/www.muyjujuy.com\\\/index.php\\\/2025\\\/08\\\/25\\\/jujuy-un-taxista-alcoholizado-en-contramano-un-incendio-en-san-pedro-y-el-hallazgo-de-un-cuerpo-en-perico\\\/#primaryimage\"},\"thumbnailUrl\":\"https:\\\/\\\/www.muyjujuy.com\\\/wp-content\\\/uploads\\\/2025\\\/08\\\/jujuy-17.jpg\",\"datePublished\":\"2025-08-25T14:07:05+00:00\",\"breadcrumb\":{\"@id\":\"https:\\\/\\\/www.muyjujuy.com\\\/index.php\\\/2025\\\/08\\\/25\\\/jujuy-un-taxista-alcoholizado-en-contramano-un-incendio-en-san-pedro-y-el-hallazgo-de-un-cuerpo-en-perico\\\/#breadcrumb\"},\"inLanguage\":\"es-AR\",\"potentialAction\":[{\"@type\":\"ReadAction\",\"target\":[\"https:\\\/\\\/www.muyjujuy.com\\\/index.php\\\/2025\\\/08\\\/25\\\/jujuy-un-taxista-alcoholizado-en-contramano-un-incendio-en-san-pedro-y-el-hallazgo-de-un-cuerpo-en-perico\\\/\"]}]},{\"@type\":\"ImageObject\",\"inLanguage\":\"es-AR\",\"@id\":\"https:\\\/\\\/www.muyjujuy.com\\\/index.php\\\/2025\\\/08\\\/25\\\/jujuy-un-taxista-alcoholizado-en-contramano-un-incendio-en-san-pedro-y-el-hallazgo-de-un-cuerpo-en-perico\\\/#primaryimage\",\"url\":\"https:\\\/\\\/www.muyjujuy.com\\\/wp-content\\\/uploads\\\/2025\\\/08\\\/jujuy-17.jpg\",\"contentUrl\":\"https:\\\/\\\/www.muyjujuy.com\\\/wp-content\\\/uploads\\\/2025\\\/08\\\/jujuy-17.jpg\",\"width\":948,\"height\":498},{\"@type\":\"BreadcrumbList\",\"@id\":\"https:\\\/\\\/www.muyjujuy.com\\\/index.php\\\/2025\\\/08\\\/25\\\/jujuy-un-taxista-alcoholizado-en-contramano-un-incendio-en-san-pedro-y-el-hallazgo-de-un-cuerpo-en-perico\\\/#breadcrumb\",\"itemListElement\":[{\"@type\":\"ListItem\",\"position\":1,\"name\":\"Inicio\",\"item\":\"https:\\\/\\\/www.muyjujuy.com\\\/\"},{\"@type\":\"ListItem\",\"position\":2,\"name\":\"Jujuy | un taxista alcoholizado en contramano, un incendio en San Pedro y el hallazgo de un cuerpo en Perico\"}]},{\"@type\":\"WebSite\",\"@id\":\"https:\\\/\\\/www.muyjujuy.com\\\/#website\",\"url\":\"https:\\\/\\\/www.muyjujuy.com\\\/\",\"name\":\"Muy Jujuy\",\"description\":\"\",\"publisher\":{\"@id\":\"https:\\\/\\\/www.muyjujuy.com\\\/#organization\"},\"potentialAction\":[{\"@type\":\"SearchAction\",\"target\":{\"@type\":\"EntryPoint\",\"urlTemplate\":\"https:\\\/\\\/www.muyjujuy.com\\\/?s={search_term_string}\"},\"query-input\":{\"@type\":\"PropertyValueSpecification\",\"valueRequired\":true,\"valueName\":\"search_term_string\"}}],\"inLanguage\":\"es-AR\"},{\"@type\":\"Organization\",\"@id\":\"https:\\\/\\\/www.muyjujuy.com\\\/#organization\",\"name\":\"Muy Jujuy\",\"url\":\"https:\\\/\\\/www.muyjujuy.com\\\/\",\"logo\":{\"@type\":\"ImageObject\",\"inLanguage\":\"es-AR\",\"@id\":\"https:\\\/\\\/www.muyjujuy.com\\\/#\\\/schema\\\/logo\\\/image\\\/\",\"url\":\"http:\\\/\\\/www.muyjujuy.com\\\/wp-content\\\/uploads\\\/2022\\\/05\\\/logo-mobil-jujuy.png\",\"contentUrl\":\"http:\\\/\\\/www.muyjujuy.com\\\/wp-content\\\/uploads\\\/2022\\\/05\\\/logo-mobil-jujuy.png\",\"width\":174,\"height\":81,\"caption\":\"Muy Jujuy\"},\"image\":{\"@id\":\"https:\\\/\\\/www.muyjujuy.com\\\/#\\\/schema\\\/logo\\\/image\\\/\"},\"sameAs\":[\"https:\\\/\\\/www.facebook.com\\\/muyjujuycom\",\"https:\\\/\\\/x.com\\\/muyjujuy\",\"https:\\\/\\\/www.instagram.com\\\/muyjujuycom\"]},{\"@type\":\"Person\",\"@id\":\"https:\\\/\\\/www.muyjujuy.com\\\/#\\\/schema\\\/person\\\/a3b63db1f387ec4149299954904c5bf0\",\"name\":\"admin\",\"image\":{\"@type\":\"ImageObject\",\"inLanguage\":\"es-AR\",\"@id\":\"https:\\\/\\\/secure.gravatar.com\\\/avatar\\\/b6e63d8d3a73633362405a0ad27e9c28391755813b59886f19a99d6cef8a03fc?s=96&d=mm&r=g\",\"url\":\"https:\\\/\\\/secure.gravatar.com\\\/avatar\\\/b6e63d8d3a73633362405a0ad27e9c28391755813b59886f19a99d6cef8a03fc?s=96&d=mm&r=g\",\"contentUrl\":\"https:\\\/\\\/secure.gravatar.com\\\/avatar\\\/b6e63d8d3a73633362405a0ad27e9c28391755813b59886f19a99d6cef8a03fc?s=96&d=mm&r=g\",\"caption\":\"admin\"},\"url\":\"https:\\\/\\\/www.muyjujuy.com\\\/index.php\\\/author\\\/soyeleditor\\\/\"}]}<\/script>\n<!-- \/ Yoast SEO plugin. -->","yoast_head_json":{"title":"Jujuy | un taxista alcoholizado en contramano, un incendio en San Pedro y el hallazgo de un cuerpo en Perico - Muy Jujuy","robots":{"index":"index","follow":"follow","max-snippet":"max-snippet:-1","max-image-preview":"max-image-preview:large","max-video-preview":"max-video-preview:-1"},"canonical":"https:\/\/www.muyjujuy.com\/index.php\/2025\/08\/25\/jujuy-un-taxista-alcoholizado-en-contramano-un-incendio-en-san-pedro-y-el-hallazgo-de-un-cuerpo-en-perico\/","og_locale":"es_ES","og_type":"article","og_title":"Jujuy | un taxista alcoholizado en contramano, un incendio en San Pedro y el hallazgo de un cuerpo en Perico - Muy Jujuy","og_description":"Durante el fin de semana la Polic\u00eda provincial registr\u00f3 distintos hechos, entre ellos un conductor con 2,04 de alcohol en sangre, un incendio en el que vecinos rescataron a un hombre con discapacidad y el hallazgo de un cad\u00e1ver en Perico. No se reportaron v\u00edctimas fatales en siniestros viales. El comisario Pablo Herrera Silvetti, jefe [&hellip;]","og_url":"https:\/\/www.muyjujuy.com\/index.php\/2025\/08\/25\/jujuy-un-taxista-alcoholizado-en-contramano-un-incendio-en-san-pedro-y-el-hallazgo-de-un-cuerpo-en-perico\/","og_site_name":"Muy Jujuy","article_publisher":"https:\/\/www.facebook.com\/muyjujuycom","article_published_time":"2025-08-25T14:07:05+00:00","author":"admin","twitter_card":"summary_large_image","twitter_creator":"@muyjujuy","twitter_site":"@muyjujuy","twitter_misc":{"Escrito por":"admin","Tiempo de lectura":"2 minutos"},"schema":{"@context":"https:\/\/schema.org","@graph":[{"@type":"Article","@id":"https:\/\/www.muyjujuy.com\/index.php\/2025\/08\/25\/jujuy-un-taxista-alcoholizado-en-contramano-un-incendio-en-san-pedro-y-el-hallazgo-de-un-cuerpo-en-perico\/#article","isPartOf":{"@id":"https:\/\/www.muyjujuy.com\/index.php\/2025\/08\/25\/jujuy-un-taxista-alcoholizado-en-contramano-un-incendio-en-san-pedro-y-el-hallazgo-de-un-cuerpo-en-perico\/"},"author":{"name":"admin","@id":"https:\/\/www.muyjujuy.com\/#\/schema\/person\/a3b63db1f387ec4149299954904c5bf0"},"headline":"Jujuy | un taxista alcoholizado en contramano, un incendio en San Pedro y el hallazgo de un cuerpo en Perico","datePublished":"2025-08-25T14:07:05+00:00","mainEntityOfPage":{"@id":"https:\/\/www.muyjujuy.com\/index.php\/2025\/08\/25\/jujuy-un-taxista-alcoholizado-en-contramano-un-incendio-en-san-pedro-y-el-hallazgo-de-un-cuerpo-en-perico\/"},"wordCount":359,"commentCount":0,"publisher":{"@id":"https:\/\/www.muyjujuy.com\/#organization"},"image":{"@id":"https:\/\/www.muyjujuy.com\/index.php\/2025\/08\/25\/jujuy-un-taxista-alcoholizado-en-contramano-un-incendio-en-san-pedro-y-el-hallazgo-de-un-cuerpo-en-perico\/#primaryimage"},"thumbnailUrl":"https:\/\/www.muyjujuy.com\/wp-content\/uploads\/2025\/08\/jujuy-17.jpg","articleSection":["JUJUY","Seguridad"],"inLanguage":"es-AR","potentialAction":[{"@type":"CommentAction","name":"Comment","target":["https:\/\/www.muyjujuy.com\/index.php\/2025\/08\/25\/jujuy-un-taxista-alcoholizado-en-contramano-un-incendio-en-san-pedro-y-el-hallazgo-de-un-cuerpo-en-perico\/#respond"]}]},{"@type":"WebPage","@id":"https:\/\/www.muyjujuy.com\/index.php\/2025\/08\/25\/jujuy-un-taxista-alcoholizado-en-contramano-un-incendio-en-san-pedro-y-el-hallazgo-de-un-cuerpo-en-perico\/","url":"https:\/\/www.muyjujuy.com\/index.php\/2025\/08\/25\/jujuy-un-taxista-alcoholizado-en-contramano-un-incendio-en-san-pedro-y-el-hallazgo-de-un-cuerpo-en-perico\/","name":"Jujuy | un taxista alcoholizado en contramano, un incendio en San Pedro y el hallazgo de un cuerpo en Perico - Muy Jujuy","isPartOf":{"@id":"https:\/\/www.muyjujuy.com\/#website"},"primaryImageOfPage":{"@id":"https:\/\/www.muyjujuy.com\/index.php\/2025\/08\/25\/jujuy-un-taxista-alcoholizado-en-contramano-un-incendio-en-san-pedro-y-el-hallazgo-de-un-cuerpo-en-perico\/#primaryimage"},"image":{"@id":"https:\/\/www.muyjujuy.com\/index.php\/2025\/08\/25\/jujuy-un-taxista-alcoholizado-en-contramano-un-incendio-en-san-pedro-y-el-hallazgo-de-un-cuerpo-en-perico\/#primaryimage"},"thumbnailUrl":"https:\/\/www.muyjujuy.com\/wp-content\/uploads\/2025\/08\/jujuy-17.jpg","datePublished":"2025-08-25T14:07:05+00:00","breadcrumb":{"@id":"https:\/\/www.muyjujuy.com\/index.php\/2025\/08\/25\/jujuy-un-taxista-alcoholizado-en-contramano-un-incendio-en-san-pedro-y-el-hallazgo-de-un-cuerpo-en-perico\/#breadcrumb"},"inLanguage":"es-AR","potentialAction":[{"@type":"ReadAction","target":["https:\/\/www.muyjujuy.com\/index.php\/2025\/08\/25\/jujuy-un-taxista-alcoholizado-en-contramano-un-incendio-en-san-pedro-y-el-hallazgo-de-un-cuerpo-en-perico\/"]}]},{"@type":"ImageObject","inLanguage":"es-AR","@id":"https:\/\/www.muyjujuy.com\/index.php\/2025\/08\/25\/jujuy-un-taxista-alcoholizado-en-contramano-un-incendio-en-san-pedro-y-el-hallazgo-de-un-cuerpo-en-perico\/#primaryimage","url":"https:\/\/www.muyjujuy.com\/wp-content\/uploads\/2025\/08\/jujuy-17.jpg","contentUrl":"https:\/\/www.muyjujuy.com\/wp-content\/uploads\/2025\/08\/jujuy-17.jpg","width":948,"height":498},{"@type":"BreadcrumbList","@id":"https:\/\/www.muyjujuy.com\/index.php\/2025\/08\/25\/jujuy-un-taxista-alcoholizado-en-contramano-un-incendio-en-san-pedro-y-el-hallazgo-de-un-cuerpo-en-perico\/#breadcrumb","itemListElement":[{"@type":"ListItem","position":1,"name":"Inicio","item":"https:\/\/www.muyjujuy.com\/"},{"@type":"ListItem","position":2,"name":"Jujuy | un taxista alcoholizado en contramano, un incendio en San Pedro y el hallazgo de un cuerpo en Perico"}]},{"@type":"WebSite","@id":"https:\/\/www.muyjujuy.com\/#website","url":"https:\/\/www.muyjujuy.com\/","name":"Muy Jujuy","description":"","publisher":{"@id":"https:\/\/www.muyjujuy.com\/#organization"},"potentialAction":[{"@type":"SearchAction","target":{"@type":"EntryPoint","urlTemplate":"https:\/\/www.muyjujuy.com\/?s={search_term_string}"},"query-input":{"@type":"PropertyValueSpecification","valueRequired":true,"valueName":"search_term_string"}}],"inLanguage":"es-AR"},{"@type":"Organization","@id":"https:\/\/www.muyjujuy.com\/#organization","name":"Muy Jujuy","url":"https:\/\/www.muyjujuy.com\/","logo":{"@type":"ImageObject","inLanguage":"es-AR","@id":"https:\/\/www.muyjujuy.com\/#\/schema\/logo\/image\/","url":"http:\/\/www.muyjujuy.com\/wp-content\/uploads\/2022\/05\/logo-mobil-jujuy.png","contentUrl":"http:\/\/www.muyjujuy.com\/wp-content\/uploads\/2022\/05\/logo-mobil-jujuy.png","width":174,"height":81,"caption":"Muy Jujuy"},"image":{"@id":"https:\/\/www.muyjujuy.com\/#\/schema\/logo\/image\/"},"sameAs":["https:\/\/www.facebook.com\/muyjujuycom","https:\/\/x.com\/muyjujuy","https:\/\/www.instagram.com\/muyjujuycom"]},{"@type":"Person","@id":"https:\/\/www.muyjujuy.com\/#\/schema\/person\/a3b63db1f387ec4149299954904c5bf0","name":"admin","image":{"@type":"ImageObject","inLanguage":"es-AR","@id":"https:\/\/secure.gravatar.com\/avatar\/b6e63d8d3a73633362405a0ad27e9c28391755813b59886f19a99d6cef8a03fc?s=96&d=mm&r=g","url":"https:\/\/secure.gravatar.com\/avatar\/b6e63d8d3a73633362405a0ad27e9c28391755813b59886f19a99d6cef8a03fc?s=96&d=mm&r=g","contentUrl":"https:\/\/secure.gravatar.com\/avatar\/b6e63d8d3a73633362405a0ad27e9c28391755813b59886f19a99d6cef8a03fc?s=96&d=mm&r=g","caption":"admin"},"url":"https:\/\/www.muyjujuy.com\/index.php\/author\/soyeleditor\/"}]}},"_links":{"self":[{"href":"https:\/\/www.muyjujuy.com\/index.php\/wp-json\/wp\/v2\/posts\/2827","targetHints":{"allow":["GET"]}}],"collection":[{"href":"https:\/\/www.muyjujuy.com\/index.php\/wp-json\/wp\/v2\/posts"}],"about":[{"href":"https:\/\/www.muyjujuy.com\/index.php\/wp-json\/wp\/v2\/types\/post"}],"author":[{"embeddable":true,"href":"https:\/\/www.muyjujuy.com\/index.php\/wp-json\/wp\/v2\/users\/1"}],"replies":[{"embeddable":true,"href":"https:\/\/www.muyjujuy.com\/index.php\/wp-json\/wp\/v2\/comments?post=2827"}],"version-history":[{"count":1,"href":"https:\/\/www.muyjujuy.com\/index.php\/wp-json\/wp\/v2\/posts\/2827\/revisions"}],"predecessor-version":[{"id":2829,"href":"https:\/\/www.muyjujuy.com\/index.php\/wp-json\/wp\/v2\/posts\/2827\/revisions\/2829"}],"wp:featuredmedia":[{"embeddable":true,"href":"https:\/\/www.muyjujuy.com\/index.php\/wp-json\/wp\/v2\/media\/2828"}],"wp:attachment":[{"href":"https:\/\/www.muyjujuy.com\/index.php\/wp-json\/wp\/v2\/media?parent=2827"}],"wp:term":[{"taxonomy":"category","embeddable":true,"href":"https:\/\/www.muyjujuy.com\/index.php\/wp-json\/wp\/v2\/categories?post=2827"},{"taxonomy":"post_tag","embeddable":true,"href":"https:\/\/www.muyjujuy.com\/index.php\/wp-json\/wp\/v2\/tags?post=2827"}],"curies":[{"name":"wp","href":"https:\/\/api.w.org\/{rel}","templated":true}]}}