{"id":2842,"date":"2025-09-01T10:48:00","date_gmt":"2025-09-01T13:48:00","guid":{"rendered":"https:\/\/www.muyjujuy.com\/?p=2842"},"modified":"2025-09-01T10:48:00","modified_gmt":"2025-09-01T13:48:00","slug":"jujuy-la-provincia-destina-360-millones-por-mes-para-sostener-el-transporte","status":"publish","type":"post","link":"https:\/\/www.muyjujuy.com\/index.php\/2025\/09\/01\/jujuy-la-provincia-destina-360-millones-por-mes-para-sostener-el-transporte\/","title":{"rendered":"Jujuy | la Provincia destina $360 millones por mes para sostener el transporte"},"content":{"rendered":"\n<h2 class=\"wp-block-heading\">El gobierno provincial financiaba con recursos propios a las empresas de media distancia, ante la falta de subsidios nacionales. La tarifa m\u00ednima se manten\u00eda en $1100 desde junio.<\/h2>\n\n\n\n<p>El secretario de Transporte <strong>Pablo Giachino<\/strong> explic\u00f3 que las tarifas registraban un aumento del 5% promedio, aunque el boleto m\u00ednimo segu\u00eda en <strong>$1100<\/strong>, sin cambios desde junio. Indic\u00f3 que los ajustes respond\u00edan al incremento del <strong>combustible<\/strong>, que en agosto hab\u00eda subido cuatro veces consecutivas entre un 6 y 8%, y al impacto del d\u00f3lar sobre insumos y repuestos.<\/p>\n\n\n\n<p>Seg\u00fan el funcionario, las compa\u00f1\u00edas del interior ya no recib\u00edan aportes de la Naci\u00f3n, que concentraba los subsidios \u00fanicamente en el <strong>AMBA<\/strong>. Mientras los usuarios continuaban accediendo al beneficio de la <strong>SUBE<\/strong>, los operadores percib\u00edan \u201ccero\u201d fondos nacionales. Ante esta situaci\u00f3n, la <strong>Provincia destinaba alrededor de $360 millones mensuales<\/strong> para sostener el sistema, con actualizaciones sujetas a la disponibilidad presupuestaria.<\/p>\n\n\n\n<p>Giachino aclar\u00f3 que la llamada \u201cemergencia del transporte\u201d de 2016 hab\u00eda dejado de reflejar una crisis, aunque la ley segu\u00eda vigente. Se\u00f1al\u00f3 que el esquema actual funcionaba como un <strong>sistema de protecci\u00f3n<\/strong> que regulaba la antig\u00fcedad de las unidades y limitaba el ingreso de nuevos operadores. Pese a ello, reconoc\u00eda que el escenario segu\u00eda siendo complejo y que el esfuerzo provincial resultaba clave para garantizar la movilidad de los usuarios del interior.<\/p>\n\n\n\n<figure class=\"wp-block-image size-large\"><img decoding=\"async\" src=\"https:\/\/statics.somosjujuy.com.ar\/2024\/09\/crop\/66dad7784ebfc__912x912.webp\" alt=\"\"\/><\/figure>\n","protected":false},"excerpt":{"rendered":"<p>El gobierno provincial financiaba con recursos propios a las empresas de media distancia, ante la falta de subsidios nacionales. La tarifa m\u00ednima se manten\u00eda en $1100 desde junio. El secretario de Transporte Pablo Giachino explic\u00f3 que las tarifas registraban un aumento del 5% promedio, aunque el boleto m\u00ednimo segu\u00eda en $1100, sin cambios desde junio. [&hellip;]<\/p>\n","protected":false},"author":1,"featured_media":2843,"comment_status":"open","ping_status":"open","sticky":false,"template":"","format":"standard","meta":{"footnotes":""},"categories":[863,24],"tags":[],"class_list":{"0":"post-2842","1":"post","2":"type-post","3":"status-publish","4":"format-standard","5":"has-post-thumbnail","7":"category-jujuy","8":"category-politica"},"yoast_head":"<!-- This site is optimized with the Yoast SEO plugin v27.5 - https:\/\/yoast.com\/product\/yoast-seo-wordpress\/ -->\n<title>Jujuy | la Provincia destina $360 millones por mes para sostener el transporte - Muy Jujuy<\/title>\n<meta name=\"robots\" content=\"index, follow, max-snippet:-1, max-image-preview:large, max-video-preview:-1\" \/>\n<link rel=\"canonical\" href=\"https:\/\/www.muyjujuy.com\/index.php\/2025\/09\/01\/jujuy-la-provincia-destina-360-millones-por-mes-para-sostener-el-transporte\/\" \/>\n<meta property=\"og:locale\" content=\"es_ES\" \/>\n<meta property=\"og:type\" content=\"article\" \/>\n<meta property=\"og:title\" content=\"Jujuy | la Provincia destina $360 millones por mes para sostener el transporte - Muy Jujuy\" \/>\n<meta property=\"og:description\" content=\"El gobierno provincial financiaba con recursos propios a las empresas de media distancia, ante la falta de subsidios nacionales. La tarifa m\u00ednima se manten\u00eda en $1100 desde junio. El secretario de Transporte Pablo Giachino explic\u00f3 que las tarifas registraban un aumento del 5% promedio, aunque el boleto m\u00ednimo segu\u00eda en $1100, sin cambios desde junio. [&hellip;]\" \/>\n<meta property=\"og:url\" content=\"https:\/\/www.muyjujuy.com\/index.php\/2025\/09\/01\/jujuy-la-provincia-destina-360-millones-por-mes-para-sostener-el-transporte\/\" \/>\n<meta property=\"og:site_name\" content=\"Muy Jujuy\" \/>\n<meta property=\"article:publisher\" content=\"https:\/\/www.facebook.com\/muyjujuycom\" \/>\n<meta property=\"article:published_time\" content=\"2025-09-01T13:48:00+00:00\" \/>\n<meta property=\"og:image\" content=\"https:\/\/statics.somosjujuy.com.ar\/2024\/09\/crop\/66dad7784ebfc__912x912.webp\" \/>\n<meta name=\"author\" content=\"admin\" \/>\n<meta name=\"twitter:card\" content=\"summary_large_image\" \/>\n<meta name=\"twitter:creator\" content=\"@muyjujuy\" \/>\n<meta name=\"twitter:site\" content=\"@muyjujuy\" \/>\n<meta name=\"twitter:label1\" content=\"Escrito por\" \/>\n\t<meta name=\"twitter:data1\" content=\"admin\" \/>\n\t<meta name=\"twitter:label2\" content=\"Tiempo de lectura\" \/>\n\t<meta name=\"twitter:data2\" content=\"1 minuto\" \/>\n<script type=\"application\/ld+json\" class=\"yoast-schema-graph\">{\"@context\":\"https:\\\/\\\/schema.org\",\"@graph\":[{\"@type\":\"Article\",\"@id\":\"https:\\\/\\\/www.muyjujuy.com\\\/index.php\\\/2025\\\/09\\\/01\\\/jujuy-la-provincia-destina-360-millones-por-mes-para-sostener-el-transporte\\\/#article\",\"isPartOf\":{\"@id\":\"https:\\\/\\\/www.muyjujuy.com\\\/index.php\\\/2025\\\/09\\\/01\\\/jujuy-la-provincia-destina-360-millones-por-mes-para-sostener-el-transporte\\\/\"},\"author\":{\"name\":\"admin\",\"@id\":\"https:\\\/\\\/www.muyjujuy.com\\\/#\\\/schema\\\/person\\\/a3b63db1f387ec4149299954904c5bf0\"},\"headline\":\"Jujuy | la Provincia destina $360 millones por mes para sostener el transporte\",\"datePublished\":\"2025-09-01T13:48:00+00:00\",\"mainEntityOfPage\":{\"@id\":\"https:\\\/\\\/www.muyjujuy.com\\\/index.php\\\/2025\\\/09\\\/01\\\/jujuy-la-provincia-destina-360-millones-por-mes-para-sostener-el-transporte\\\/\"},\"wordCount\":242,\"commentCount\":0,\"publisher\":{\"@id\":\"https:\\\/\\\/www.muyjujuy.com\\\/#organization\"},\"image\":{\"@id\":\"https:\\\/\\\/www.muyjujuy.com\\\/index.php\\\/2025\\\/09\\\/01\\\/jujuy-la-provincia-destina-360-millones-por-mes-para-sostener-el-transporte\\\/#primaryimage\"},\"thumbnailUrl\":\"https:\\\/\\\/www.muyjujuy.com\\\/wp-content\\\/uploads\\\/2025\\\/09\\\/jujuy.jpg\",\"articleSection\":[\"JUJUY\",\"Pol\u00edtica\"],\"inLanguage\":\"es-AR\",\"potentialAction\":[{\"@type\":\"CommentAction\",\"name\":\"Comment\",\"target\":[\"https:\\\/\\\/www.muyjujuy.com\\\/index.php\\\/2025\\\/09\\\/01\\\/jujuy-la-provincia-destina-360-millones-por-mes-para-sostener-el-transporte\\\/#respond\"]}]},{\"@type\":\"WebPage\",\"@id\":\"https:\\\/\\\/www.muyjujuy.com\\\/index.php\\\/2025\\\/09\\\/01\\\/jujuy-la-provincia-destina-360-millones-por-mes-para-sostener-el-transporte\\\/\",\"url\":\"https:\\\/\\\/www.muyjujuy.com\\\/index.php\\\/2025\\\/09\\\/01\\\/jujuy-la-provincia-destina-360-millones-por-mes-para-sostener-el-transporte\\\/\",\"name\":\"Jujuy | la Provincia destina $360 millones por mes para sostener el transporte - Muy Jujuy\",\"isPartOf\":{\"@id\":\"https:\\\/\\\/www.muyjujuy.com\\\/#website\"},\"primaryImageOfPage\":{\"@id\":\"https:\\\/\\\/www.muyjujuy.com\\\/index.php\\\/2025\\\/09\\\/01\\\/jujuy-la-provincia-destina-360-millones-por-mes-para-sostener-el-transporte\\\/#primaryimage\"},\"image\":{\"@id\":\"https:\\\/\\\/www.muyjujuy.com\\\/index.php\\\/2025\\\/09\\\/01\\\/jujuy-la-provincia-destina-360-millones-por-mes-para-sostener-el-transporte\\\/#primaryimage\"},\"thumbnailUrl\":\"https:\\\/\\\/www.muyjujuy.com\\\/wp-content\\\/uploads\\\/2025\\\/09\\\/jujuy.jpg\",\"datePublished\":\"2025-09-01T13:48:00+00:00\",\"breadcrumb\":{\"@id\":\"https:\\\/\\\/www.muyjujuy.com\\\/index.php\\\/2025\\\/09\\\/01\\\/jujuy-la-provincia-destina-360-millones-por-mes-para-sostener-el-transporte\\\/#breadcrumb\"},\"inLanguage\":\"es-AR\",\"potentialAction\":[{\"@type\":\"ReadAction\",\"target\":[\"https:\\\/\\\/www.muyjujuy.com\\\/index.php\\\/2025\\\/09\\\/01\\\/jujuy-la-provincia-destina-360-millones-por-mes-para-sostener-el-transporte\\\/\"]}]},{\"@type\":\"ImageObject\",\"inLanguage\":\"es-AR\",\"@id\":\"https:\\\/\\\/www.muyjujuy.com\\\/index.php\\\/2025\\\/09\\\/01\\\/jujuy-la-provincia-destina-360-millones-por-mes-para-sostener-el-transporte\\\/#primaryimage\",\"url\":\"https:\\\/\\\/www.muyjujuy.com\\\/wp-content\\\/uploads\\\/2025\\\/09\\\/jujuy.jpg\",\"contentUrl\":\"https:\\\/\\\/www.muyjujuy.com\\\/wp-content\\\/uploads\\\/2025\\\/09\\\/jujuy.jpg\",\"width\":948,\"height\":531},{\"@type\":\"BreadcrumbList\",\"@id\":\"https:\\\/\\\/www.muyjujuy.com\\\/index.php\\\/2025\\\/09\\\/01\\\/jujuy-la-provincia-destina-360-millones-por-mes-para-sostener-el-transporte\\\/#breadcrumb\",\"itemListElement\":[{\"@type\":\"ListItem\",\"position\":1,\"name\":\"Inicio\",\"item\":\"https:\\\/\\\/www.muyjujuy.com\\\/\"},{\"@type\":\"ListItem\",\"position\":2,\"name\":\"Jujuy | la Provincia destina $360 millones por mes para sostener el transporte\"}]},{\"@type\":\"WebSite\",\"@id\":\"https:\\\/\\\/www.muyjujuy.com\\\/#website\",\"url\":\"https:\\\/\\\/www.muyjujuy.com\\\/\",\"name\":\"Muy Jujuy\",\"description\":\"\",\"publisher\":{\"@id\":\"https:\\\/\\\/www.muyjujuy.com\\\/#organization\"},\"potentialAction\":[{\"@type\":\"SearchAction\",\"target\":{\"@type\":\"EntryPoint\",\"urlTemplate\":\"https:\\\/\\\/www.muyjujuy.com\\\/?s={search_term_string}\"},\"query-input\":{\"@type\":\"PropertyValueSpecification\",\"valueRequired\":true,\"valueName\":\"search_term_string\"}}],\"inLanguage\":\"es-AR\"},{\"@type\":\"Organization\",\"@id\":\"https:\\\/\\\/www.muyjujuy.com\\\/#organization\",\"name\":\"Muy Jujuy\",\"url\":\"https:\\\/\\\/www.muyjujuy.com\\\/\",\"logo\":{\"@type\":\"ImageObject\",\"inLanguage\":\"es-AR\",\"@id\":\"https:\\\/\\\/www.muyjujuy.com\\\/#\\\/schema\\\/logo\\\/image\\\/\",\"url\":\"http:\\\/\\\/www.muyjujuy.com\\\/wp-content\\\/uploads\\\/2022\\\/05\\\/logo-mobil-jujuy.png\",\"contentUrl\":\"http:\\\/\\\/www.muyjujuy.com\\\/wp-content\\\/uploads\\\/2022\\\/05\\\/logo-mobil-jujuy.png\",\"width\":174,\"height\":81,\"caption\":\"Muy Jujuy\"},\"image\":{\"@id\":\"https:\\\/\\\/www.muyjujuy.com\\\/#\\\/schema\\\/logo\\\/image\\\/\"},\"sameAs\":[\"https:\\\/\\\/www.facebook.com\\\/muyjujuycom\",\"https:\\\/\\\/x.com\\\/muyjujuy\",\"https:\\\/\\\/www.instagram.com\\\/muyjujuycom\"]},{\"@type\":\"Person\",\"@id\":\"https:\\\/\\\/www.muyjujuy.com\\\/#\\\/schema\\\/person\\\/a3b63db1f387ec4149299954904c5bf0\",\"name\":\"admin\",\"image\":{\"@type\":\"ImageObject\",\"inLanguage\":\"es-AR\",\"@id\":\"https:\\\/\\\/secure.gravatar.com\\\/avatar\\\/b6e63d8d3a73633362405a0ad27e9c28391755813b59886f19a99d6cef8a03fc?s=96&d=mm&r=g\",\"url\":\"https:\\\/\\\/secure.gravatar.com\\\/avatar\\\/b6e63d8d3a73633362405a0ad27e9c28391755813b59886f19a99d6cef8a03fc?s=96&d=mm&r=g\",\"contentUrl\":\"https:\\\/\\\/secure.gravatar.com\\\/avatar\\\/b6e63d8d3a73633362405a0ad27e9c28391755813b59886f19a99d6cef8a03fc?s=96&d=mm&r=g\",\"caption\":\"admin\"},\"url\":\"https:\\\/\\\/www.muyjujuy.com\\\/index.php\\\/author\\\/soyeleditor\\\/\"}]}<\/script>\n<!-- \/ Yoast SEO plugin. -->","yoast_head_json":{"title":"Jujuy | la Provincia destina $360 millones por mes para sostener el transporte - Muy Jujuy","robots":{"index":"index","follow":"follow","max-snippet":"max-snippet:-1","max-image-preview":"max-image-preview:large","max-video-preview":"max-video-preview:-1"},"canonical":"https:\/\/www.muyjujuy.com\/index.php\/2025\/09\/01\/jujuy-la-provincia-destina-360-millones-por-mes-para-sostener-el-transporte\/","og_locale":"es_ES","og_type":"article","og_title":"Jujuy | la Provincia destina $360 millones por mes para sostener el transporte - Muy Jujuy","og_description":"El gobierno provincial financiaba con recursos propios a las empresas de media distancia, ante la falta de subsidios nacionales. La tarifa m\u00ednima se manten\u00eda en $1100 desde junio. El secretario de Transporte Pablo Giachino explic\u00f3 que las tarifas registraban un aumento del 5% promedio, aunque el boleto m\u00ednimo segu\u00eda en $1100, sin cambios desde junio. [&hellip;]","og_url":"https:\/\/www.muyjujuy.com\/index.php\/2025\/09\/01\/jujuy-la-provincia-destina-360-millones-por-mes-para-sostener-el-transporte\/","og_site_name":"Muy Jujuy","article_publisher":"https:\/\/www.facebook.com\/muyjujuycom","article_published_time":"2025-09-01T13:48:00+00:00","og_image":[{"url":"https:\/\/statics.somosjujuy.com.ar\/2024\/09\/crop\/66dad7784ebfc__912x912.webp","type":"","width":"","height":""}],"author":"admin","twitter_card":"summary_large_image","twitter_creator":"@muyjujuy","twitter_site":"@muyjujuy","twitter_misc":{"Escrito por":"admin","Tiempo de lectura":"1 minuto"},"schema":{"@context":"https:\/\/schema.org","@graph":[{"@type":"Article","@id":"https:\/\/www.muyjujuy.com\/index.php\/2025\/09\/01\/jujuy-la-provincia-destina-360-millones-por-mes-para-sostener-el-transporte\/#article","isPartOf":{"@id":"https:\/\/www.muyjujuy.com\/index.php\/2025\/09\/01\/jujuy-la-provincia-destina-360-millones-por-mes-para-sostener-el-transporte\/"},"author":{"name":"admin","@id":"https:\/\/www.muyjujuy.com\/#\/schema\/person\/a3b63db1f387ec4149299954904c5bf0"},"headline":"Jujuy | la Provincia destina $360 millones por mes para sostener el transporte","datePublished":"2025-09-01T13:48:00+00:00","mainEntityOfPage":{"@id":"https:\/\/www.muyjujuy.com\/index.php\/2025\/09\/01\/jujuy-la-provincia-destina-360-millones-por-mes-para-sostener-el-transporte\/"},"wordCount":242,"commentCount":0,"publisher":{"@id":"https:\/\/www.muyjujuy.com\/#organization"},"image":{"@id":"https:\/\/www.muyjujuy.com\/index.php\/2025\/09\/01\/jujuy-la-provincia-destina-360-millones-por-mes-para-sostener-el-transporte\/#primaryimage"},"thumbnailUrl":"https:\/\/www.muyjujuy.com\/wp-content\/uploads\/2025\/09\/jujuy.jpg","articleSection":["JUJUY","Pol\u00edtica"],"inLanguage":"es-AR","potentialAction":[{"@type":"CommentAction","name":"Comment","target":["https:\/\/www.muyjujuy.com\/index.php\/2025\/09\/01\/jujuy-la-provincia-destina-360-millones-por-mes-para-sostener-el-transporte\/#respond"]}]},{"@type":"WebPage","@id":"https:\/\/www.muyjujuy.com\/index.php\/2025\/09\/01\/jujuy-la-provincia-destina-360-millones-por-mes-para-sostener-el-transporte\/","url":"https:\/\/www.muyjujuy.com\/index.php\/2025\/09\/01\/jujuy-la-provincia-destina-360-millones-por-mes-para-sostener-el-transporte\/","name":"Jujuy | la Provincia destina $360 millones por mes para sostener el transporte - Muy Jujuy","isPartOf":{"@id":"https:\/\/www.muyjujuy.com\/#website"},"primaryImageOfPage":{"@id":"https:\/\/www.muyjujuy.com\/index.php\/2025\/09\/01\/jujuy-la-provincia-destina-360-millones-por-mes-para-sostener-el-transporte\/#primaryimage"},"image":{"@id":"https:\/\/www.muyjujuy.com\/index.php\/2025\/09\/01\/jujuy-la-provincia-destina-360-millones-por-mes-para-sostener-el-transporte\/#primaryimage"},"thumbnailUrl":"https:\/\/www.muyjujuy.com\/wp-content\/uploads\/2025\/09\/jujuy.jpg","datePublished":"2025-09-01T13:48:00+00:00","breadcrumb":{"@id":"https:\/\/www.muyjujuy.com\/index.php\/2025\/09\/01\/jujuy-la-provincia-destina-360-millones-por-mes-para-sostener-el-transporte\/#breadcrumb"},"inLanguage":"es-AR","potentialAction":[{"@type":"ReadAction","target":["https:\/\/www.muyjujuy.com\/index.php\/2025\/09\/01\/jujuy-la-provincia-destina-360-millones-por-mes-para-sostener-el-transporte\/"]}]},{"@type":"ImageObject","inLanguage":"es-AR","@id":"https:\/\/www.muyjujuy.com\/index.php\/2025\/09\/01\/jujuy-la-provincia-destina-360-millones-por-mes-para-sostener-el-transporte\/#primaryimage","url":"https:\/\/www.muyjujuy.com\/wp-content\/uploads\/2025\/09\/jujuy.jpg","contentUrl":"https:\/\/www.muyjujuy.com\/wp-content\/uploads\/2025\/09\/jujuy.jpg","width":948,"height":531},{"@type":"BreadcrumbList","@id":"https:\/\/www.muyjujuy.com\/index.php\/2025\/09\/01\/jujuy-la-provincia-destina-360-millones-por-mes-para-sostener-el-transporte\/#breadcrumb","itemListElement":[{"@type":"ListItem","position":1,"name":"Inicio","item":"https:\/\/www.muyjujuy.com\/"},{"@type":"ListItem","position":2,"name":"Jujuy | la Provincia destina $360 millones por mes para sostener el transporte"}]},{"@type":"WebSite","@id":"https:\/\/www.muyjujuy.com\/#website","url":"https:\/\/www.muyjujuy.com\/","name":"Muy Jujuy","description":"","publisher":{"@id":"https:\/\/www.muyjujuy.com\/#organization"},"potentialAction":[{"@type":"SearchAction","target":{"@type":"EntryPoint","urlTemplate":"https:\/\/www.muyjujuy.com\/?s={search_term_string}"},"query-input":{"@type":"PropertyValueSpecification","valueRequired":true,"valueName":"search_term_string"}}],"inLanguage":"es-AR"},{"@type":"Organization","@id":"https:\/\/www.muyjujuy.com\/#organization","name":"Muy Jujuy","url":"https:\/\/www.muyjujuy.com\/","logo":{"@type":"ImageObject","inLanguage":"es-AR","@id":"https:\/\/www.muyjujuy.com\/#\/schema\/logo\/image\/","url":"http:\/\/www.muyjujuy.com\/wp-content\/uploads\/2022\/05\/logo-mobil-jujuy.png","contentUrl":"http:\/\/www.muyjujuy.com\/wp-content\/uploads\/2022\/05\/logo-mobil-jujuy.png","width":174,"height":81,"caption":"Muy Jujuy"},"image":{"@id":"https:\/\/www.muyjujuy.com\/#\/schema\/logo\/image\/"},"sameAs":["https:\/\/www.facebook.com\/muyjujuycom","https:\/\/x.com\/muyjujuy","https:\/\/www.instagram.com\/muyjujuycom"]},{"@type":"Person","@id":"https:\/\/www.muyjujuy.com\/#\/schema\/person\/a3b63db1f387ec4149299954904c5bf0","name":"admin","image":{"@type":"ImageObject","inLanguage":"es-AR","@id":"https:\/\/secure.gravatar.com\/avatar\/b6e63d8d3a73633362405a0ad27e9c28391755813b59886f19a99d6cef8a03fc?s=96&d=mm&r=g","url":"https:\/\/secure.gravatar.com\/avatar\/b6e63d8d3a73633362405a0ad27e9c28391755813b59886f19a99d6cef8a03fc?s=96&d=mm&r=g","contentUrl":"https:\/\/secure.gravatar.com\/avatar\/b6e63d8d3a73633362405a0ad27e9c28391755813b59886f19a99d6cef8a03fc?s=96&d=mm&r=g","caption":"admin"},"url":"https:\/\/www.muyjujuy.com\/index.php\/author\/soyeleditor\/"}]}},"_links":{"self":[{"href":"https:\/\/www.muyjujuy.com\/index.php\/wp-json\/wp\/v2\/posts\/2842","targetHints":{"allow":["GET"]}}],"collection":[{"href":"https:\/\/www.muyjujuy.com\/index.php\/wp-json\/wp\/v2\/posts"}],"about":[{"href":"https:\/\/www.muyjujuy.com\/index.php\/wp-json\/wp\/v2\/types\/post"}],"author":[{"embeddable":true,"href":"https:\/\/www.muyjujuy.com\/index.php\/wp-json\/wp\/v2\/users\/1"}],"replies":[{"embeddable":true,"href":"https:\/\/www.muyjujuy.com\/index.php\/wp-json\/wp\/v2\/comments?post=2842"}],"version-history":[{"count":1,"href":"https:\/\/www.muyjujuy.com\/index.php\/wp-json\/wp\/v2\/posts\/2842\/revisions"}],"predecessor-version":[{"id":2844,"href":"https:\/\/www.muyjujuy.com\/index.php\/wp-json\/wp\/v2\/posts\/2842\/revisions\/2844"}],"wp:featuredmedia":[{"embeddable":true,"href":"https:\/\/www.muyjujuy.com\/index.php\/wp-json\/wp\/v2\/media\/2843"}],"wp:attachment":[{"href":"https:\/\/www.muyjujuy.com\/index.php\/wp-json\/wp\/v2\/media?parent=2842"}],"wp:term":[{"taxonomy":"category","embeddable":true,"href":"https:\/\/www.muyjujuy.com\/index.php\/wp-json\/wp\/v2\/categories?post=2842"},{"taxonomy":"post_tag","embeddable":true,"href":"https:\/\/www.muyjujuy.com\/index.php\/wp-json\/wp\/v2\/tags?post=2842"}],"curies":[{"name":"wp","href":"https:\/\/api.w.org\/{rel}","templated":true}]}}