{"id":2914,"date":"2025-09-22T10:45:26","date_gmt":"2025-09-22T13:45:26","guid":{"rendered":"https:\/\/www.muyjujuy.com\/?p=2914"},"modified":"2025-09-22T10:45:27","modified_gmt":"2025-09-22T13:45:27","slug":"jujuy-16-candidatas-competiran-por-la-representacion-estudiantil-este-lunes-en-ciudad-cultural","status":"publish","type":"post","link":"https:\/\/www.muyjujuy.com\/index.php\/2025\/09\/22\/jujuy-16-candidatas-competiran-por-la-representacion-estudiantil-este-lunes-en-ciudad-cultural\/","title":{"rendered":"Jujuy | 16 candidatas competir\u00e1n por la Representaci\u00f3n Estudiantil este lunes en Ciudad Cultural"},"content":{"rendered":"\n<h2 class=\"wp-block-heading\">La elecci\u00f3n provincial comenzar\u00e1 a las 19 con entrada libre y gratuita. Habr\u00e1 shows musicales de La Yugular y Los Cafres, mientras que se implementar\u00e1 un operativo especial de tr\u00e1nsito y seguridad en la zona.<\/h2>\n\n\n\n<p>La <strong>Ciudad Cultural de San Salvador de Jujuy<\/strong> recibir\u00e1 este lunes desde las <strong>19 horas<\/strong> la <strong>Elecci\u00f3n de la Representante Estudiantil Provincial<\/strong>, donde 16 j\u00f3venes competir\u00e1n por suceder a <strong>Josefina Blanco<\/strong>, actual portadora de la capa y el cetro. El encuentro contar\u00e1 con acceso libre y gratuito y se espera una amplia concurrencia.<\/p>\n\n\n\n<p>Adem\u00e1s de la elecci\u00f3n, el p\u00fablico podr\u00e1 disfrutar de espect\u00e1culos musicales que se extender\u00e1n tras la coronaci\u00f3n. En el escenario se presentar\u00e1n <strong>La Yugular<\/strong> y <strong>Los Cafres<\/strong>, con un show que promete una noche de m\u00fasica y color en uno de los eventos centrales de la Fiesta Nacional de los Estudiantes.<\/p>\n\n\n\n<p>El <strong>Servicio Meteorol\u00f3gico Nacional<\/strong> anticip\u00f3 una jornada con <strong>m\u00ednima de 8\u00b0 y m\u00e1xima de 21\u00b0<\/strong>. Durante la ma\u00f1ana podr\u00eda registrarse llovizna, aunque por la tarde y la noche el cielo se mantendr\u00e1 parcialmente nublado, sin probabilidad de lluvia. Como el evento ser\u00e1 al aire libre, se recomienda asistir con abrigo.<\/p>\n\n\n\n<p>Para garantizar el orden, el municipio dispuso un <strong>operativo especial de tr\u00e1nsito<\/strong>. Se aplicar\u00e1n cortes y desv\u00edos en calles aleda\u00f1as, con restricci\u00f3n de estacionamiento en <strong>Suipacha entre Pedro del Portal y Colectora Pila Sol\u00e1 desde las 18 horas<\/strong>. Los colectivos modificar\u00e1n su recorrido y se habilitar\u00e1n paradas espec\u00edficas en la <strong>Avenida de las Carrozas<\/strong>. Tambi\u00e9n habr\u00e1 ingreso controlado a <strong>Alto Padilla<\/strong>, con acreditaci\u00f3n de domicilio, y estacionamiento permitido a 45\u00b0 en <strong>Avenida Bolivia<\/strong>.<\/p>\n\n\n\n<figure class=\"wp-block-image size-large\"><img decoding=\"async\" src=\"https:\/\/statics.somosjujuy.com.ar\/2025\/09\/crop\/68cb1138db4fe__912x912.webp\" alt=\"\"\/><\/figure>\n","protected":false},"excerpt":{"rendered":"<p>La elecci\u00f3n provincial comenzar\u00e1 a las 19 con entrada libre y gratuita. Habr\u00e1 shows musicales de La Yugular y Los Cafres, mientras que se implementar\u00e1 un operativo especial de tr\u00e1nsito y seguridad en la zona. La Ciudad Cultural de San Salvador de Jujuy recibir\u00e1 este lunes desde las 19 horas la Elecci\u00f3n de la Representante [&hellip;]<\/p>\n","protected":false},"author":1,"featured_media":2915,"comment_status":"open","ping_status":"open","sticky":false,"template":"","format":"standard","meta":{"footnotes":""},"categories":[863,25],"tags":[],"class_list":{"0":"post-2914","1":"post","2":"type-post","3":"status-publish","4":"format-standard","5":"has-post-thumbnail","7":"category-jujuy","8":"category-sociedad"},"yoast_head":"<!-- This site is optimized with the Yoast SEO plugin v27.5 - https:\/\/yoast.com\/product\/yoast-seo-wordpress\/ -->\n<title>Jujuy | 16 candidatas competir\u00e1n por la Representaci\u00f3n Estudiantil este lunes en Ciudad Cultural - Muy Jujuy<\/title>\n<meta name=\"robots\" content=\"index, follow, max-snippet:-1, max-image-preview:large, max-video-preview:-1\" \/>\n<link rel=\"canonical\" href=\"https:\/\/www.muyjujuy.com\/index.php\/2025\/09\/22\/jujuy-16-candidatas-competiran-por-la-representacion-estudiantil-este-lunes-en-ciudad-cultural\/\" \/>\n<meta property=\"og:locale\" content=\"es_ES\" \/>\n<meta property=\"og:type\" content=\"article\" \/>\n<meta property=\"og:title\" content=\"Jujuy | 16 candidatas competir\u00e1n por la Representaci\u00f3n Estudiantil este lunes en Ciudad Cultural - Muy Jujuy\" \/>\n<meta property=\"og:description\" content=\"La elecci\u00f3n provincial comenzar\u00e1 a las 19 con entrada libre y gratuita. Habr\u00e1 shows musicales de La Yugular y Los Cafres, mientras que se implementar\u00e1 un operativo especial de tr\u00e1nsito y seguridad en la zona. La Ciudad Cultural de San Salvador de Jujuy recibir\u00e1 este lunes desde las 19 horas la Elecci\u00f3n de la Representante [&hellip;]\" \/>\n<meta property=\"og:url\" content=\"https:\/\/www.muyjujuy.com\/index.php\/2025\/09\/22\/jujuy-16-candidatas-competiran-por-la-representacion-estudiantil-este-lunes-en-ciudad-cultural\/\" \/>\n<meta property=\"og:site_name\" content=\"Muy Jujuy\" \/>\n<meta property=\"article:publisher\" content=\"https:\/\/www.facebook.com\/muyjujuycom\" \/>\n<meta property=\"article:published_time\" content=\"2025-09-22T13:45:26+00:00\" \/>\n<meta property=\"article:modified_time\" content=\"2025-09-22T13:45:27+00:00\" \/>\n<meta property=\"og:image\" content=\"https:\/\/www.muyjujuy.com\/wp-content\/uploads\/2025\/09\/jujuy-15.jpg\" \/>\n\t<meta property=\"og:image:width\" content=\"961\" \/>\n\t<meta property=\"og:image:height\" content=\"519\" \/>\n\t<meta property=\"og:image:type\" content=\"image\/jpeg\" \/>\n<meta name=\"author\" content=\"admin\" \/>\n<meta name=\"twitter:card\" content=\"summary_large_image\" \/>\n<meta name=\"twitter:creator\" content=\"@muyjujuy\" \/>\n<meta name=\"twitter:site\" content=\"@muyjujuy\" \/>\n<meta name=\"twitter:label1\" content=\"Escrito por\" \/>\n\t<meta name=\"twitter:data1\" content=\"admin\" \/>\n\t<meta name=\"twitter:label2\" content=\"Tiempo de lectura\" \/>\n\t<meta name=\"twitter:data2\" content=\"2 minutos\" \/>\n<script type=\"application\/ld+json\" class=\"yoast-schema-graph\">{\"@context\":\"https:\\\/\\\/schema.org\",\"@graph\":[{\"@type\":\"Article\",\"@id\":\"https:\\\/\\\/www.muyjujuy.com\\\/index.php\\\/2025\\\/09\\\/22\\\/jujuy-16-candidatas-competiran-por-la-representacion-estudiantil-este-lunes-en-ciudad-cultural\\\/#article\",\"isPartOf\":{\"@id\":\"https:\\\/\\\/www.muyjujuy.com\\\/index.php\\\/2025\\\/09\\\/22\\\/jujuy-16-candidatas-competiran-por-la-representacion-estudiantil-este-lunes-en-ciudad-cultural\\\/\"},\"author\":{\"name\":\"admin\",\"@id\":\"https:\\\/\\\/www.muyjujuy.com\\\/#\\\/schema\\\/person\\\/a3b63db1f387ec4149299954904c5bf0\"},\"headline\":\"Jujuy | 16 candidatas competir\u00e1n por la Representaci\u00f3n Estudiantil este lunes en Ciudad Cultural\",\"datePublished\":\"2025-09-22T13:45:26+00:00\",\"dateModified\":\"2025-09-22T13:45:27+00:00\",\"mainEntityOfPage\":{\"@id\":\"https:\\\/\\\/www.muyjujuy.com\\\/index.php\\\/2025\\\/09\\\/22\\\/jujuy-16-candidatas-competiran-por-la-representacion-estudiantil-este-lunes-en-ciudad-cultural\\\/\"},\"wordCount\":297,\"commentCount\":0,\"publisher\":{\"@id\":\"https:\\\/\\\/www.muyjujuy.com\\\/#organization\"},\"image\":{\"@id\":\"https:\\\/\\\/www.muyjujuy.com\\\/index.php\\\/2025\\\/09\\\/22\\\/jujuy-16-candidatas-competiran-por-la-representacion-estudiantil-este-lunes-en-ciudad-cultural\\\/#primaryimage\"},\"thumbnailUrl\":\"https:\\\/\\\/www.muyjujuy.com\\\/wp-content\\\/uploads\\\/2025\\\/09\\\/jujuy-15.jpg\",\"articleSection\":[\"JUJUY\",\"Sociedad\"],\"inLanguage\":\"es-AR\",\"potentialAction\":[{\"@type\":\"CommentAction\",\"name\":\"Comment\",\"target\":[\"https:\\\/\\\/www.muyjujuy.com\\\/index.php\\\/2025\\\/09\\\/22\\\/jujuy-16-candidatas-competiran-por-la-representacion-estudiantil-este-lunes-en-ciudad-cultural\\\/#respond\"]}]},{\"@type\":\"WebPage\",\"@id\":\"https:\\\/\\\/www.muyjujuy.com\\\/index.php\\\/2025\\\/09\\\/22\\\/jujuy-16-candidatas-competiran-por-la-representacion-estudiantil-este-lunes-en-ciudad-cultural\\\/\",\"url\":\"https:\\\/\\\/www.muyjujuy.com\\\/index.php\\\/2025\\\/09\\\/22\\\/jujuy-16-candidatas-competiran-por-la-representacion-estudiantil-este-lunes-en-ciudad-cultural\\\/\",\"name\":\"Jujuy | 16 candidatas competir\u00e1n por la Representaci\u00f3n Estudiantil este lunes en Ciudad Cultural - Muy Jujuy\",\"isPartOf\":{\"@id\":\"https:\\\/\\\/www.muyjujuy.com\\\/#website\"},\"primaryImageOfPage\":{\"@id\":\"https:\\\/\\\/www.muyjujuy.com\\\/index.php\\\/2025\\\/09\\\/22\\\/jujuy-16-candidatas-competiran-por-la-representacion-estudiantil-este-lunes-en-ciudad-cultural\\\/#primaryimage\"},\"image\":{\"@id\":\"https:\\\/\\\/www.muyjujuy.com\\\/index.php\\\/2025\\\/09\\\/22\\\/jujuy-16-candidatas-competiran-por-la-representacion-estudiantil-este-lunes-en-ciudad-cultural\\\/#primaryimage\"},\"thumbnailUrl\":\"https:\\\/\\\/www.muyjujuy.com\\\/wp-content\\\/uploads\\\/2025\\\/09\\\/jujuy-15.jpg\",\"datePublished\":\"2025-09-22T13:45:26+00:00\",\"dateModified\":\"2025-09-22T13:45:27+00:00\",\"breadcrumb\":{\"@id\":\"https:\\\/\\\/www.muyjujuy.com\\\/index.php\\\/2025\\\/09\\\/22\\\/jujuy-16-candidatas-competiran-por-la-representacion-estudiantil-este-lunes-en-ciudad-cultural\\\/#breadcrumb\"},\"inLanguage\":\"es-AR\",\"potentialAction\":[{\"@type\":\"ReadAction\",\"target\":[\"https:\\\/\\\/www.muyjujuy.com\\\/index.php\\\/2025\\\/09\\\/22\\\/jujuy-16-candidatas-competiran-por-la-representacion-estudiantil-este-lunes-en-ciudad-cultural\\\/\"]}]},{\"@type\":\"ImageObject\",\"inLanguage\":\"es-AR\",\"@id\":\"https:\\\/\\\/www.muyjujuy.com\\\/index.php\\\/2025\\\/09\\\/22\\\/jujuy-16-candidatas-competiran-por-la-representacion-estudiantil-este-lunes-en-ciudad-cultural\\\/#primaryimage\",\"url\":\"https:\\\/\\\/www.muyjujuy.com\\\/wp-content\\\/uploads\\\/2025\\\/09\\\/jujuy-15.jpg\",\"contentUrl\":\"https:\\\/\\\/www.muyjujuy.com\\\/wp-content\\\/uploads\\\/2025\\\/09\\\/jujuy-15.jpg\",\"width\":961,\"height\":519},{\"@type\":\"BreadcrumbList\",\"@id\":\"https:\\\/\\\/www.muyjujuy.com\\\/index.php\\\/2025\\\/09\\\/22\\\/jujuy-16-candidatas-competiran-por-la-representacion-estudiantil-este-lunes-en-ciudad-cultural\\\/#breadcrumb\",\"itemListElement\":[{\"@type\":\"ListItem\",\"position\":1,\"name\":\"Inicio\",\"item\":\"https:\\\/\\\/www.muyjujuy.com\\\/\"},{\"@type\":\"ListItem\",\"position\":2,\"name\":\"Jujuy | 16 candidatas competir\u00e1n por la Representaci\u00f3n Estudiantil este lunes en Ciudad Cultural\"}]},{\"@type\":\"WebSite\",\"@id\":\"https:\\\/\\\/www.muyjujuy.com\\\/#website\",\"url\":\"https:\\\/\\\/www.muyjujuy.com\\\/\",\"name\":\"Muy Jujuy\",\"description\":\"\",\"publisher\":{\"@id\":\"https:\\\/\\\/www.muyjujuy.com\\\/#organization\"},\"potentialAction\":[{\"@type\":\"SearchAction\",\"target\":{\"@type\":\"EntryPoint\",\"urlTemplate\":\"https:\\\/\\\/www.muyjujuy.com\\\/?s={search_term_string}\"},\"query-input\":{\"@type\":\"PropertyValueSpecification\",\"valueRequired\":true,\"valueName\":\"search_term_string\"}}],\"inLanguage\":\"es-AR\"},{\"@type\":\"Organization\",\"@id\":\"https:\\\/\\\/www.muyjujuy.com\\\/#organization\",\"name\":\"Muy Jujuy\",\"url\":\"https:\\\/\\\/www.muyjujuy.com\\\/\",\"logo\":{\"@type\":\"ImageObject\",\"inLanguage\":\"es-AR\",\"@id\":\"https:\\\/\\\/www.muyjujuy.com\\\/#\\\/schema\\\/logo\\\/image\\\/\",\"url\":\"http:\\\/\\\/www.muyjujuy.com\\\/wp-content\\\/uploads\\\/2022\\\/05\\\/logo-mobil-jujuy.png\",\"contentUrl\":\"http:\\\/\\\/www.muyjujuy.com\\\/wp-content\\\/uploads\\\/2022\\\/05\\\/logo-mobil-jujuy.png\",\"width\":174,\"height\":81,\"caption\":\"Muy Jujuy\"},\"image\":{\"@id\":\"https:\\\/\\\/www.muyjujuy.com\\\/#\\\/schema\\\/logo\\\/image\\\/\"},\"sameAs\":[\"https:\\\/\\\/www.facebook.com\\\/muyjujuycom\",\"https:\\\/\\\/x.com\\\/muyjujuy\",\"https:\\\/\\\/www.instagram.com\\\/muyjujuycom\"]},{\"@type\":\"Person\",\"@id\":\"https:\\\/\\\/www.muyjujuy.com\\\/#\\\/schema\\\/person\\\/a3b63db1f387ec4149299954904c5bf0\",\"name\":\"admin\",\"image\":{\"@type\":\"ImageObject\",\"inLanguage\":\"es-AR\",\"@id\":\"https:\\\/\\\/secure.gravatar.com\\\/avatar\\\/b6e63d8d3a73633362405a0ad27e9c28391755813b59886f19a99d6cef8a03fc?s=96&d=mm&r=g\",\"url\":\"https:\\\/\\\/secure.gravatar.com\\\/avatar\\\/b6e63d8d3a73633362405a0ad27e9c28391755813b59886f19a99d6cef8a03fc?s=96&d=mm&r=g\",\"contentUrl\":\"https:\\\/\\\/secure.gravatar.com\\\/avatar\\\/b6e63d8d3a73633362405a0ad27e9c28391755813b59886f19a99d6cef8a03fc?s=96&d=mm&r=g\",\"caption\":\"admin\"},\"url\":\"https:\\\/\\\/www.muyjujuy.com\\\/index.php\\\/author\\\/soyeleditor\\\/\"}]}<\/script>\n<!-- \/ Yoast SEO plugin. -->","yoast_head_json":{"title":"Jujuy | 16 candidatas competir\u00e1n por la Representaci\u00f3n Estudiantil este lunes en Ciudad Cultural - Muy Jujuy","robots":{"index":"index","follow":"follow","max-snippet":"max-snippet:-1","max-image-preview":"max-image-preview:large","max-video-preview":"max-video-preview:-1"},"canonical":"https:\/\/www.muyjujuy.com\/index.php\/2025\/09\/22\/jujuy-16-candidatas-competiran-por-la-representacion-estudiantil-este-lunes-en-ciudad-cultural\/","og_locale":"es_ES","og_type":"article","og_title":"Jujuy | 16 candidatas competir\u00e1n por la Representaci\u00f3n Estudiantil este lunes en Ciudad Cultural - Muy Jujuy","og_description":"La elecci\u00f3n provincial comenzar\u00e1 a las 19 con entrada libre y gratuita. Habr\u00e1 shows musicales de La Yugular y Los Cafres, mientras que se implementar\u00e1 un operativo especial de tr\u00e1nsito y seguridad en la zona. La Ciudad Cultural de San Salvador de Jujuy recibir\u00e1 este lunes desde las 19 horas la Elecci\u00f3n de la Representante [&hellip;]","og_url":"https:\/\/www.muyjujuy.com\/index.php\/2025\/09\/22\/jujuy-16-candidatas-competiran-por-la-representacion-estudiantil-este-lunes-en-ciudad-cultural\/","og_site_name":"Muy Jujuy","article_publisher":"https:\/\/www.facebook.com\/muyjujuycom","article_published_time":"2025-09-22T13:45:26+00:00","article_modified_time":"2025-09-22T13:45:27+00:00","og_image":[{"width":961,"height":519,"url":"https:\/\/www.muyjujuy.com\/wp-content\/uploads\/2025\/09\/jujuy-15.jpg","type":"image\/jpeg"}],"author":"admin","twitter_card":"summary_large_image","twitter_creator":"@muyjujuy","twitter_site":"@muyjujuy","twitter_misc":{"Escrito por":"admin","Tiempo de lectura":"2 minutos"},"schema":{"@context":"https:\/\/schema.org","@graph":[{"@type":"Article","@id":"https:\/\/www.muyjujuy.com\/index.php\/2025\/09\/22\/jujuy-16-candidatas-competiran-por-la-representacion-estudiantil-este-lunes-en-ciudad-cultural\/#article","isPartOf":{"@id":"https:\/\/www.muyjujuy.com\/index.php\/2025\/09\/22\/jujuy-16-candidatas-competiran-por-la-representacion-estudiantil-este-lunes-en-ciudad-cultural\/"},"author":{"name":"admin","@id":"https:\/\/www.muyjujuy.com\/#\/schema\/person\/a3b63db1f387ec4149299954904c5bf0"},"headline":"Jujuy | 16 candidatas competir\u00e1n por la Representaci\u00f3n Estudiantil este lunes en Ciudad Cultural","datePublished":"2025-09-22T13:45:26+00:00","dateModified":"2025-09-22T13:45:27+00:00","mainEntityOfPage":{"@id":"https:\/\/www.muyjujuy.com\/index.php\/2025\/09\/22\/jujuy-16-candidatas-competiran-por-la-representacion-estudiantil-este-lunes-en-ciudad-cultural\/"},"wordCount":297,"commentCount":0,"publisher":{"@id":"https:\/\/www.muyjujuy.com\/#organization"},"image":{"@id":"https:\/\/www.muyjujuy.com\/index.php\/2025\/09\/22\/jujuy-16-candidatas-competiran-por-la-representacion-estudiantil-este-lunes-en-ciudad-cultural\/#primaryimage"},"thumbnailUrl":"https:\/\/www.muyjujuy.com\/wp-content\/uploads\/2025\/09\/jujuy-15.jpg","articleSection":["JUJUY","Sociedad"],"inLanguage":"es-AR","potentialAction":[{"@type":"CommentAction","name":"Comment","target":["https:\/\/www.muyjujuy.com\/index.php\/2025\/09\/22\/jujuy-16-candidatas-competiran-por-la-representacion-estudiantil-este-lunes-en-ciudad-cultural\/#respond"]}]},{"@type":"WebPage","@id":"https:\/\/www.muyjujuy.com\/index.php\/2025\/09\/22\/jujuy-16-candidatas-competiran-por-la-representacion-estudiantil-este-lunes-en-ciudad-cultural\/","url":"https:\/\/www.muyjujuy.com\/index.php\/2025\/09\/22\/jujuy-16-candidatas-competiran-por-la-representacion-estudiantil-este-lunes-en-ciudad-cultural\/","name":"Jujuy | 16 candidatas competir\u00e1n por la Representaci\u00f3n Estudiantil este lunes en Ciudad Cultural - Muy Jujuy","isPartOf":{"@id":"https:\/\/www.muyjujuy.com\/#website"},"primaryImageOfPage":{"@id":"https:\/\/www.muyjujuy.com\/index.php\/2025\/09\/22\/jujuy-16-candidatas-competiran-por-la-representacion-estudiantil-este-lunes-en-ciudad-cultural\/#primaryimage"},"image":{"@id":"https:\/\/www.muyjujuy.com\/index.php\/2025\/09\/22\/jujuy-16-candidatas-competiran-por-la-representacion-estudiantil-este-lunes-en-ciudad-cultural\/#primaryimage"},"thumbnailUrl":"https:\/\/www.muyjujuy.com\/wp-content\/uploads\/2025\/09\/jujuy-15.jpg","datePublished":"2025-09-22T13:45:26+00:00","dateModified":"2025-09-22T13:45:27+00:00","breadcrumb":{"@id":"https:\/\/www.muyjujuy.com\/index.php\/2025\/09\/22\/jujuy-16-candidatas-competiran-por-la-representacion-estudiantil-este-lunes-en-ciudad-cultural\/#breadcrumb"},"inLanguage":"es-AR","potentialAction":[{"@type":"ReadAction","target":["https:\/\/www.muyjujuy.com\/index.php\/2025\/09\/22\/jujuy-16-candidatas-competiran-por-la-representacion-estudiantil-este-lunes-en-ciudad-cultural\/"]}]},{"@type":"ImageObject","inLanguage":"es-AR","@id":"https:\/\/www.muyjujuy.com\/index.php\/2025\/09\/22\/jujuy-16-candidatas-competiran-por-la-representacion-estudiantil-este-lunes-en-ciudad-cultural\/#primaryimage","url":"https:\/\/www.muyjujuy.com\/wp-content\/uploads\/2025\/09\/jujuy-15.jpg","contentUrl":"https:\/\/www.muyjujuy.com\/wp-content\/uploads\/2025\/09\/jujuy-15.jpg","width":961,"height":519},{"@type":"BreadcrumbList","@id":"https:\/\/www.muyjujuy.com\/index.php\/2025\/09\/22\/jujuy-16-candidatas-competiran-por-la-representacion-estudiantil-este-lunes-en-ciudad-cultural\/#breadcrumb","itemListElement":[{"@type":"ListItem","position":1,"name":"Inicio","item":"https:\/\/www.muyjujuy.com\/"},{"@type":"ListItem","position":2,"name":"Jujuy | 16 candidatas competir\u00e1n por la Representaci\u00f3n Estudiantil este lunes en Ciudad Cultural"}]},{"@type":"WebSite","@id":"https:\/\/www.muyjujuy.com\/#website","url":"https:\/\/www.muyjujuy.com\/","name":"Muy Jujuy","description":"","publisher":{"@id":"https:\/\/www.muyjujuy.com\/#organization"},"potentialAction":[{"@type":"SearchAction","target":{"@type":"EntryPoint","urlTemplate":"https:\/\/www.muyjujuy.com\/?s={search_term_string}"},"query-input":{"@type":"PropertyValueSpecification","valueRequired":true,"valueName":"search_term_string"}}],"inLanguage":"es-AR"},{"@type":"Organization","@id":"https:\/\/www.muyjujuy.com\/#organization","name":"Muy Jujuy","url":"https:\/\/www.muyjujuy.com\/","logo":{"@type":"ImageObject","inLanguage":"es-AR","@id":"https:\/\/www.muyjujuy.com\/#\/schema\/logo\/image\/","url":"http:\/\/www.muyjujuy.com\/wp-content\/uploads\/2022\/05\/logo-mobil-jujuy.png","contentUrl":"http:\/\/www.muyjujuy.com\/wp-content\/uploads\/2022\/05\/logo-mobil-jujuy.png","width":174,"height":81,"caption":"Muy Jujuy"},"image":{"@id":"https:\/\/www.muyjujuy.com\/#\/schema\/logo\/image\/"},"sameAs":["https:\/\/www.facebook.com\/muyjujuycom","https:\/\/x.com\/muyjujuy","https:\/\/www.instagram.com\/muyjujuycom"]},{"@type":"Person","@id":"https:\/\/www.muyjujuy.com\/#\/schema\/person\/a3b63db1f387ec4149299954904c5bf0","name":"admin","image":{"@type":"ImageObject","inLanguage":"es-AR","@id":"https:\/\/secure.gravatar.com\/avatar\/b6e63d8d3a73633362405a0ad27e9c28391755813b59886f19a99d6cef8a03fc?s=96&d=mm&r=g","url":"https:\/\/secure.gravatar.com\/avatar\/b6e63d8d3a73633362405a0ad27e9c28391755813b59886f19a99d6cef8a03fc?s=96&d=mm&r=g","contentUrl":"https:\/\/secure.gravatar.com\/avatar\/b6e63d8d3a73633362405a0ad27e9c28391755813b59886f19a99d6cef8a03fc?s=96&d=mm&r=g","caption":"admin"},"url":"https:\/\/www.muyjujuy.com\/index.php\/author\/soyeleditor\/"}]}},"_links":{"self":[{"href":"https:\/\/www.muyjujuy.com\/index.php\/wp-json\/wp\/v2\/posts\/2914","targetHints":{"allow":["GET"]}}],"collection":[{"href":"https:\/\/www.muyjujuy.com\/index.php\/wp-json\/wp\/v2\/posts"}],"about":[{"href":"https:\/\/www.muyjujuy.com\/index.php\/wp-json\/wp\/v2\/types\/post"}],"author":[{"embeddable":true,"href":"https:\/\/www.muyjujuy.com\/index.php\/wp-json\/wp\/v2\/users\/1"}],"replies":[{"embeddable":true,"href":"https:\/\/www.muyjujuy.com\/index.php\/wp-json\/wp\/v2\/comments?post=2914"}],"version-history":[{"count":1,"href":"https:\/\/www.muyjujuy.com\/index.php\/wp-json\/wp\/v2\/posts\/2914\/revisions"}],"predecessor-version":[{"id":2916,"href":"https:\/\/www.muyjujuy.com\/index.php\/wp-json\/wp\/v2\/posts\/2914\/revisions\/2916"}],"wp:featuredmedia":[{"embeddable":true,"href":"https:\/\/www.muyjujuy.com\/index.php\/wp-json\/wp\/v2\/media\/2915"}],"wp:attachment":[{"href":"https:\/\/www.muyjujuy.com\/index.php\/wp-json\/wp\/v2\/media?parent=2914"}],"wp:term":[{"taxonomy":"category","embeddable":true,"href":"https:\/\/www.muyjujuy.com\/index.php\/wp-json\/wp\/v2\/categories?post=2914"},{"taxonomy":"post_tag","embeddable":true,"href":"https:\/\/www.muyjujuy.com\/index.php\/wp-json\/wp\/v2\/tags?post=2914"}],"curies":[{"name":"wp","href":"https:\/\/api.w.org\/{rel}","templated":true}]}}