{"id":2917,"date":"2025-09-23T10:37:06","date_gmt":"2025-09-23T13:37:06","guid":{"rendered":"https:\/\/www.muyjujuy.com\/?p=2917"},"modified":"2025-09-23T10:37:08","modified_gmt":"2025-09-23T13:37:08","slug":"jujuy-un-infectologo-pidio-reforzar-los-cuidados-tras-los-casos-de-viruela-simica-en-salta","status":"publish","type":"post","link":"https:\/\/www.muyjujuy.com\/index.php\/2025\/09\/23\/jujuy-un-infectologo-pidio-reforzar-los-cuidados-tras-los-casos-de-viruela-simica-en-salta\/","title":{"rendered":"Jujuy | un infect\u00f3logo pidi\u00f3 reforzar los cuidados tras los casos de viruela s\u00edmica en Salta"},"content":{"rendered":"\n<h2 class=\"wp-block-heading\">El m\u00e9dico Gustavo Echenique, del Colegio M\u00e9dico de Jujuy, advirti\u00f3 sobre la importancia de la consulta temprana ante fiebre y lesiones en la piel. Record\u00f3 que el pa\u00eds registr\u00f3 m\u00e1s de mil casos en 2022 y hoy el promedio ronda los 100 contagios.<\/h2>\n\n\n\n<p>El infect\u00f3logo <strong>Gustavo Echenique<\/strong> llam\u00f3 a extremar precauciones luego de los dos casos confirmados de <strong>viruela s\u00edmica<\/strong> en la provincia de <strong>Salta<\/strong>. Si bien sostuvo que no corresponde generar alarma, recomend\u00f3 acudir de inmediato al m\u00e9dico ante s\u00edntomas compatibles, como fiebre alta y erupciones cut\u00e1neas.<\/p>\n\n\n\n<p>El especialista explic\u00f3 que la forma de transmisi\u00f3n m\u00e1s frecuente se produce por <strong>contacto estrecho piel con piel<\/strong> con las lesiones, en particular durante relaciones sexuales sin protecci\u00f3n. Agreg\u00f3 que la enfermedad puede agravarse en personas con defensas bajas o patolog\u00edas cr\u00f3nicas, y que quienes resulten sospechosos deben cumplir <strong>aislamiento de hasta 20 d\u00edas<\/strong>.<\/p>\n\n\n\n<p>En cuanto a la prevenci\u00f3n, Echenique record\u00f3 que existe la vacuna <strong>Imvamune<\/strong>, aplicada en grupos de riesgo en otros pa\u00edses pero no disponible masivamente en Argentina. \u201cLo fundamental es no alarmarse, pero s\u00ed actuar r\u00e1pido: una consulta temprana permite cortar la cadena de contagios y evitar complicaciones\u201d, concluy\u00f3.<\/p>\n","protected":false},"excerpt":{"rendered":"<p>El m\u00e9dico Gustavo Echenique, del Colegio M\u00e9dico de Jujuy, advirti\u00f3 sobre la importancia de la consulta temprana ante fiebre y lesiones en la piel. Record\u00f3 que el pa\u00eds registr\u00f3 m\u00e1s de mil casos en 2022 y hoy el promedio ronda los 100 contagios. El infect\u00f3logo Gustavo Echenique llam\u00f3 a extremar precauciones luego de los dos [&hellip;]<\/p>\n","protected":false},"author":1,"featured_media":2918,"comment_status":"open","ping_status":"open","sticky":false,"template":"","format":"standard","meta":{"footnotes":""},"categories":[863,25],"tags":[],"class_list":{"0":"post-2917","1":"post","2":"type-post","3":"status-publish","4":"format-standard","5":"has-post-thumbnail","7":"category-jujuy","8":"category-sociedad"},"yoast_head":"<!-- This site is optimized with the Yoast SEO plugin v27.5 - https:\/\/yoast.com\/product\/yoast-seo-wordpress\/ -->\n<title>Jujuy | un infect\u00f3logo pidi\u00f3 reforzar los cuidados tras los casos de viruela s\u00edmica en Salta - Muy Jujuy<\/title>\n<meta name=\"robots\" content=\"index, follow, max-snippet:-1, max-image-preview:large, max-video-preview:-1\" \/>\n<link rel=\"canonical\" href=\"https:\/\/www.muyjujuy.com\/index.php\/2025\/09\/23\/jujuy-un-infectologo-pidio-reforzar-los-cuidados-tras-los-casos-de-viruela-simica-en-salta\/\" \/>\n<meta property=\"og:locale\" content=\"es_ES\" \/>\n<meta property=\"og:type\" content=\"article\" \/>\n<meta property=\"og:title\" content=\"Jujuy | un infect\u00f3logo pidi\u00f3 reforzar los cuidados tras los casos de viruela s\u00edmica en Salta - Muy Jujuy\" \/>\n<meta property=\"og:description\" content=\"El m\u00e9dico Gustavo Echenique, del Colegio M\u00e9dico de Jujuy, advirti\u00f3 sobre la importancia de la consulta temprana ante fiebre y lesiones en la piel. Record\u00f3 que el pa\u00eds registr\u00f3 m\u00e1s de mil casos en 2022 y hoy el promedio ronda los 100 contagios. El infect\u00f3logo Gustavo Echenique llam\u00f3 a extremar precauciones luego de los dos [&hellip;]\" \/>\n<meta property=\"og:url\" content=\"https:\/\/www.muyjujuy.com\/index.php\/2025\/09\/23\/jujuy-un-infectologo-pidio-reforzar-los-cuidados-tras-los-casos-de-viruela-simica-en-salta\/\" \/>\n<meta property=\"og:site_name\" content=\"Muy Jujuy\" \/>\n<meta property=\"article:publisher\" content=\"https:\/\/www.facebook.com\/muyjujuycom\" \/>\n<meta property=\"article:published_time\" content=\"2025-09-23T13:37:06+00:00\" \/>\n<meta property=\"article:modified_time\" content=\"2025-09-23T13:37:08+00:00\" \/>\n<meta property=\"og:image\" content=\"https:\/\/www.muyjujuy.com\/wp-content\/uploads\/2025\/09\/jujuy-16.jpg\" \/>\n\t<meta property=\"og:image:width\" content=\"907\" \/>\n\t<meta property=\"og:image:height\" content=\"538\" \/>\n\t<meta property=\"og:image:type\" content=\"image\/jpeg\" \/>\n<meta name=\"author\" content=\"admin\" \/>\n<meta name=\"twitter:card\" content=\"summary_large_image\" \/>\n<meta name=\"twitter:creator\" content=\"@muyjujuy\" \/>\n<meta name=\"twitter:site\" content=\"@muyjujuy\" \/>\n<meta name=\"twitter:label1\" content=\"Escrito por\" \/>\n\t<meta name=\"twitter:data1\" content=\"admin\" \/>\n\t<meta name=\"twitter:label2\" content=\"Tiempo de lectura\" \/>\n\t<meta name=\"twitter:data2\" content=\"2 minutos\" \/>\n<script type=\"application\/ld+json\" class=\"yoast-schema-graph\">{\"@context\":\"https:\\\/\\\/schema.org\",\"@graph\":[{\"@type\":\"Article\",\"@id\":\"https:\\\/\\\/www.muyjujuy.com\\\/index.php\\\/2025\\\/09\\\/23\\\/jujuy-un-infectologo-pidio-reforzar-los-cuidados-tras-los-casos-de-viruela-simica-en-salta\\\/#article\",\"isPartOf\":{\"@id\":\"https:\\\/\\\/www.muyjujuy.com\\\/index.php\\\/2025\\\/09\\\/23\\\/jujuy-un-infectologo-pidio-reforzar-los-cuidados-tras-los-casos-de-viruela-simica-en-salta\\\/\"},\"author\":{\"name\":\"admin\",\"@id\":\"https:\\\/\\\/www.muyjujuy.com\\\/#\\\/schema\\\/person\\\/a3b63db1f387ec4149299954904c5bf0\"},\"headline\":\"Jujuy | un infect\u00f3logo pidi\u00f3 reforzar los cuidados tras los casos de viruela s\u00edmica en Salta\",\"datePublished\":\"2025-09-23T13:37:06+00:00\",\"dateModified\":\"2025-09-23T13:37:08+00:00\",\"mainEntityOfPage\":{\"@id\":\"https:\\\/\\\/www.muyjujuy.com\\\/index.php\\\/2025\\\/09\\\/23\\\/jujuy-un-infectologo-pidio-reforzar-los-cuidados-tras-los-casos-de-viruela-simica-en-salta\\\/\"},\"wordCount\":222,\"commentCount\":0,\"publisher\":{\"@id\":\"https:\\\/\\\/www.muyjujuy.com\\\/#organization\"},\"image\":{\"@id\":\"https:\\\/\\\/www.muyjujuy.com\\\/index.php\\\/2025\\\/09\\\/23\\\/jujuy-un-infectologo-pidio-reforzar-los-cuidados-tras-los-casos-de-viruela-simica-en-salta\\\/#primaryimage\"},\"thumbnailUrl\":\"https:\\\/\\\/www.muyjujuy.com\\\/wp-content\\\/uploads\\\/2025\\\/09\\\/jujuy-16.jpg\",\"articleSection\":[\"JUJUY\",\"Sociedad\"],\"inLanguage\":\"es-AR\",\"potentialAction\":[{\"@type\":\"CommentAction\",\"name\":\"Comment\",\"target\":[\"https:\\\/\\\/www.muyjujuy.com\\\/index.php\\\/2025\\\/09\\\/23\\\/jujuy-un-infectologo-pidio-reforzar-los-cuidados-tras-los-casos-de-viruela-simica-en-salta\\\/#respond\"]}]},{\"@type\":\"WebPage\",\"@id\":\"https:\\\/\\\/www.muyjujuy.com\\\/index.php\\\/2025\\\/09\\\/23\\\/jujuy-un-infectologo-pidio-reforzar-los-cuidados-tras-los-casos-de-viruela-simica-en-salta\\\/\",\"url\":\"https:\\\/\\\/www.muyjujuy.com\\\/index.php\\\/2025\\\/09\\\/23\\\/jujuy-un-infectologo-pidio-reforzar-los-cuidados-tras-los-casos-de-viruela-simica-en-salta\\\/\",\"name\":\"Jujuy | un infect\u00f3logo pidi\u00f3 reforzar los cuidados tras los casos de viruela s\u00edmica en Salta - Muy Jujuy\",\"isPartOf\":{\"@id\":\"https:\\\/\\\/www.muyjujuy.com\\\/#website\"},\"primaryImageOfPage\":{\"@id\":\"https:\\\/\\\/www.muyjujuy.com\\\/index.php\\\/2025\\\/09\\\/23\\\/jujuy-un-infectologo-pidio-reforzar-los-cuidados-tras-los-casos-de-viruela-simica-en-salta\\\/#primaryimage\"},\"image\":{\"@id\":\"https:\\\/\\\/www.muyjujuy.com\\\/index.php\\\/2025\\\/09\\\/23\\\/jujuy-un-infectologo-pidio-reforzar-los-cuidados-tras-los-casos-de-viruela-simica-en-salta\\\/#primaryimage\"},\"thumbnailUrl\":\"https:\\\/\\\/www.muyjujuy.com\\\/wp-content\\\/uploads\\\/2025\\\/09\\\/jujuy-16.jpg\",\"datePublished\":\"2025-09-23T13:37:06+00:00\",\"dateModified\":\"2025-09-23T13:37:08+00:00\",\"breadcrumb\":{\"@id\":\"https:\\\/\\\/www.muyjujuy.com\\\/index.php\\\/2025\\\/09\\\/23\\\/jujuy-un-infectologo-pidio-reforzar-los-cuidados-tras-los-casos-de-viruela-simica-en-salta\\\/#breadcrumb\"},\"inLanguage\":\"es-AR\",\"potentialAction\":[{\"@type\":\"ReadAction\",\"target\":[\"https:\\\/\\\/www.muyjujuy.com\\\/index.php\\\/2025\\\/09\\\/23\\\/jujuy-un-infectologo-pidio-reforzar-los-cuidados-tras-los-casos-de-viruela-simica-en-salta\\\/\"]}]},{\"@type\":\"ImageObject\",\"inLanguage\":\"es-AR\",\"@id\":\"https:\\\/\\\/www.muyjujuy.com\\\/index.php\\\/2025\\\/09\\\/23\\\/jujuy-un-infectologo-pidio-reforzar-los-cuidados-tras-los-casos-de-viruela-simica-en-salta\\\/#primaryimage\",\"url\":\"https:\\\/\\\/www.muyjujuy.com\\\/wp-content\\\/uploads\\\/2025\\\/09\\\/jujuy-16.jpg\",\"contentUrl\":\"https:\\\/\\\/www.muyjujuy.com\\\/wp-content\\\/uploads\\\/2025\\\/09\\\/jujuy-16.jpg\",\"width\":907,\"height\":538},{\"@type\":\"BreadcrumbList\",\"@id\":\"https:\\\/\\\/www.muyjujuy.com\\\/index.php\\\/2025\\\/09\\\/23\\\/jujuy-un-infectologo-pidio-reforzar-los-cuidados-tras-los-casos-de-viruela-simica-en-salta\\\/#breadcrumb\",\"itemListElement\":[{\"@type\":\"ListItem\",\"position\":1,\"name\":\"Inicio\",\"item\":\"https:\\\/\\\/www.muyjujuy.com\\\/\"},{\"@type\":\"ListItem\",\"position\":2,\"name\":\"Jujuy | un infect\u00f3logo pidi\u00f3 reforzar los cuidados tras los casos de viruela s\u00edmica en Salta\"}]},{\"@type\":\"WebSite\",\"@id\":\"https:\\\/\\\/www.muyjujuy.com\\\/#website\",\"url\":\"https:\\\/\\\/www.muyjujuy.com\\\/\",\"name\":\"Muy Jujuy\",\"description\":\"\",\"publisher\":{\"@id\":\"https:\\\/\\\/www.muyjujuy.com\\\/#organization\"},\"potentialAction\":[{\"@type\":\"SearchAction\",\"target\":{\"@type\":\"EntryPoint\",\"urlTemplate\":\"https:\\\/\\\/www.muyjujuy.com\\\/?s={search_term_string}\"},\"query-input\":{\"@type\":\"PropertyValueSpecification\",\"valueRequired\":true,\"valueName\":\"search_term_string\"}}],\"inLanguage\":\"es-AR\"},{\"@type\":\"Organization\",\"@id\":\"https:\\\/\\\/www.muyjujuy.com\\\/#organization\",\"name\":\"Muy Jujuy\",\"url\":\"https:\\\/\\\/www.muyjujuy.com\\\/\",\"logo\":{\"@type\":\"ImageObject\",\"inLanguage\":\"es-AR\",\"@id\":\"https:\\\/\\\/www.muyjujuy.com\\\/#\\\/schema\\\/logo\\\/image\\\/\",\"url\":\"http:\\\/\\\/www.muyjujuy.com\\\/wp-content\\\/uploads\\\/2022\\\/05\\\/logo-mobil-jujuy.png\",\"contentUrl\":\"http:\\\/\\\/www.muyjujuy.com\\\/wp-content\\\/uploads\\\/2022\\\/05\\\/logo-mobil-jujuy.png\",\"width\":174,\"height\":81,\"caption\":\"Muy Jujuy\"},\"image\":{\"@id\":\"https:\\\/\\\/www.muyjujuy.com\\\/#\\\/schema\\\/logo\\\/image\\\/\"},\"sameAs\":[\"https:\\\/\\\/www.facebook.com\\\/muyjujuycom\",\"https:\\\/\\\/x.com\\\/muyjujuy\",\"https:\\\/\\\/www.instagram.com\\\/muyjujuycom\"]},{\"@type\":\"Person\",\"@id\":\"https:\\\/\\\/www.muyjujuy.com\\\/#\\\/schema\\\/person\\\/a3b63db1f387ec4149299954904c5bf0\",\"name\":\"admin\",\"image\":{\"@type\":\"ImageObject\",\"inLanguage\":\"es-AR\",\"@id\":\"https:\\\/\\\/secure.gravatar.com\\\/avatar\\\/b6e63d8d3a73633362405a0ad27e9c28391755813b59886f19a99d6cef8a03fc?s=96&d=mm&r=g\",\"url\":\"https:\\\/\\\/secure.gravatar.com\\\/avatar\\\/b6e63d8d3a73633362405a0ad27e9c28391755813b59886f19a99d6cef8a03fc?s=96&d=mm&r=g\",\"contentUrl\":\"https:\\\/\\\/secure.gravatar.com\\\/avatar\\\/b6e63d8d3a73633362405a0ad27e9c28391755813b59886f19a99d6cef8a03fc?s=96&d=mm&r=g\",\"caption\":\"admin\"},\"url\":\"https:\\\/\\\/www.muyjujuy.com\\\/index.php\\\/author\\\/soyeleditor\\\/\"}]}<\/script>\n<!-- \/ Yoast SEO plugin. -->","yoast_head_json":{"title":"Jujuy | un infect\u00f3logo pidi\u00f3 reforzar los cuidados tras los casos de viruela s\u00edmica en Salta - Muy Jujuy","robots":{"index":"index","follow":"follow","max-snippet":"max-snippet:-1","max-image-preview":"max-image-preview:large","max-video-preview":"max-video-preview:-1"},"canonical":"https:\/\/www.muyjujuy.com\/index.php\/2025\/09\/23\/jujuy-un-infectologo-pidio-reforzar-los-cuidados-tras-los-casos-de-viruela-simica-en-salta\/","og_locale":"es_ES","og_type":"article","og_title":"Jujuy | un infect\u00f3logo pidi\u00f3 reforzar los cuidados tras los casos de viruela s\u00edmica en Salta - Muy Jujuy","og_description":"El m\u00e9dico Gustavo Echenique, del Colegio M\u00e9dico de Jujuy, advirti\u00f3 sobre la importancia de la consulta temprana ante fiebre y lesiones en la piel. Record\u00f3 que el pa\u00eds registr\u00f3 m\u00e1s de mil casos en 2022 y hoy el promedio ronda los 100 contagios. El infect\u00f3logo Gustavo Echenique llam\u00f3 a extremar precauciones luego de los dos [&hellip;]","og_url":"https:\/\/www.muyjujuy.com\/index.php\/2025\/09\/23\/jujuy-un-infectologo-pidio-reforzar-los-cuidados-tras-los-casos-de-viruela-simica-en-salta\/","og_site_name":"Muy Jujuy","article_publisher":"https:\/\/www.facebook.com\/muyjujuycom","article_published_time":"2025-09-23T13:37:06+00:00","article_modified_time":"2025-09-23T13:37:08+00:00","og_image":[{"width":907,"height":538,"url":"https:\/\/www.muyjujuy.com\/wp-content\/uploads\/2025\/09\/jujuy-16.jpg","type":"image\/jpeg"}],"author":"admin","twitter_card":"summary_large_image","twitter_creator":"@muyjujuy","twitter_site":"@muyjujuy","twitter_misc":{"Escrito por":"admin","Tiempo de lectura":"2 minutos"},"schema":{"@context":"https:\/\/schema.org","@graph":[{"@type":"Article","@id":"https:\/\/www.muyjujuy.com\/index.php\/2025\/09\/23\/jujuy-un-infectologo-pidio-reforzar-los-cuidados-tras-los-casos-de-viruela-simica-en-salta\/#article","isPartOf":{"@id":"https:\/\/www.muyjujuy.com\/index.php\/2025\/09\/23\/jujuy-un-infectologo-pidio-reforzar-los-cuidados-tras-los-casos-de-viruela-simica-en-salta\/"},"author":{"name":"admin","@id":"https:\/\/www.muyjujuy.com\/#\/schema\/person\/a3b63db1f387ec4149299954904c5bf0"},"headline":"Jujuy | un infect\u00f3logo pidi\u00f3 reforzar los cuidados tras los casos de viruela s\u00edmica en Salta","datePublished":"2025-09-23T13:37:06+00:00","dateModified":"2025-09-23T13:37:08+00:00","mainEntityOfPage":{"@id":"https:\/\/www.muyjujuy.com\/index.php\/2025\/09\/23\/jujuy-un-infectologo-pidio-reforzar-los-cuidados-tras-los-casos-de-viruela-simica-en-salta\/"},"wordCount":222,"commentCount":0,"publisher":{"@id":"https:\/\/www.muyjujuy.com\/#organization"},"image":{"@id":"https:\/\/www.muyjujuy.com\/index.php\/2025\/09\/23\/jujuy-un-infectologo-pidio-reforzar-los-cuidados-tras-los-casos-de-viruela-simica-en-salta\/#primaryimage"},"thumbnailUrl":"https:\/\/www.muyjujuy.com\/wp-content\/uploads\/2025\/09\/jujuy-16.jpg","articleSection":["JUJUY","Sociedad"],"inLanguage":"es-AR","potentialAction":[{"@type":"CommentAction","name":"Comment","target":["https:\/\/www.muyjujuy.com\/index.php\/2025\/09\/23\/jujuy-un-infectologo-pidio-reforzar-los-cuidados-tras-los-casos-de-viruela-simica-en-salta\/#respond"]}]},{"@type":"WebPage","@id":"https:\/\/www.muyjujuy.com\/index.php\/2025\/09\/23\/jujuy-un-infectologo-pidio-reforzar-los-cuidados-tras-los-casos-de-viruela-simica-en-salta\/","url":"https:\/\/www.muyjujuy.com\/index.php\/2025\/09\/23\/jujuy-un-infectologo-pidio-reforzar-los-cuidados-tras-los-casos-de-viruela-simica-en-salta\/","name":"Jujuy | un infect\u00f3logo pidi\u00f3 reforzar los cuidados tras los casos de viruela s\u00edmica en Salta - Muy Jujuy","isPartOf":{"@id":"https:\/\/www.muyjujuy.com\/#website"},"primaryImageOfPage":{"@id":"https:\/\/www.muyjujuy.com\/index.php\/2025\/09\/23\/jujuy-un-infectologo-pidio-reforzar-los-cuidados-tras-los-casos-de-viruela-simica-en-salta\/#primaryimage"},"image":{"@id":"https:\/\/www.muyjujuy.com\/index.php\/2025\/09\/23\/jujuy-un-infectologo-pidio-reforzar-los-cuidados-tras-los-casos-de-viruela-simica-en-salta\/#primaryimage"},"thumbnailUrl":"https:\/\/www.muyjujuy.com\/wp-content\/uploads\/2025\/09\/jujuy-16.jpg","datePublished":"2025-09-23T13:37:06+00:00","dateModified":"2025-09-23T13:37:08+00:00","breadcrumb":{"@id":"https:\/\/www.muyjujuy.com\/index.php\/2025\/09\/23\/jujuy-un-infectologo-pidio-reforzar-los-cuidados-tras-los-casos-de-viruela-simica-en-salta\/#breadcrumb"},"inLanguage":"es-AR","potentialAction":[{"@type":"ReadAction","target":["https:\/\/www.muyjujuy.com\/index.php\/2025\/09\/23\/jujuy-un-infectologo-pidio-reforzar-los-cuidados-tras-los-casos-de-viruela-simica-en-salta\/"]}]},{"@type":"ImageObject","inLanguage":"es-AR","@id":"https:\/\/www.muyjujuy.com\/index.php\/2025\/09\/23\/jujuy-un-infectologo-pidio-reforzar-los-cuidados-tras-los-casos-de-viruela-simica-en-salta\/#primaryimage","url":"https:\/\/www.muyjujuy.com\/wp-content\/uploads\/2025\/09\/jujuy-16.jpg","contentUrl":"https:\/\/www.muyjujuy.com\/wp-content\/uploads\/2025\/09\/jujuy-16.jpg","width":907,"height":538},{"@type":"BreadcrumbList","@id":"https:\/\/www.muyjujuy.com\/index.php\/2025\/09\/23\/jujuy-un-infectologo-pidio-reforzar-los-cuidados-tras-los-casos-de-viruela-simica-en-salta\/#breadcrumb","itemListElement":[{"@type":"ListItem","position":1,"name":"Inicio","item":"https:\/\/www.muyjujuy.com\/"},{"@type":"ListItem","position":2,"name":"Jujuy | un infect\u00f3logo pidi\u00f3 reforzar los cuidados tras los casos de viruela s\u00edmica en Salta"}]},{"@type":"WebSite","@id":"https:\/\/www.muyjujuy.com\/#website","url":"https:\/\/www.muyjujuy.com\/","name":"Muy Jujuy","description":"","publisher":{"@id":"https:\/\/www.muyjujuy.com\/#organization"},"potentialAction":[{"@type":"SearchAction","target":{"@type":"EntryPoint","urlTemplate":"https:\/\/www.muyjujuy.com\/?s={search_term_string}"},"query-input":{"@type":"PropertyValueSpecification","valueRequired":true,"valueName":"search_term_string"}}],"inLanguage":"es-AR"},{"@type":"Organization","@id":"https:\/\/www.muyjujuy.com\/#organization","name":"Muy Jujuy","url":"https:\/\/www.muyjujuy.com\/","logo":{"@type":"ImageObject","inLanguage":"es-AR","@id":"https:\/\/www.muyjujuy.com\/#\/schema\/logo\/image\/","url":"http:\/\/www.muyjujuy.com\/wp-content\/uploads\/2022\/05\/logo-mobil-jujuy.png","contentUrl":"http:\/\/www.muyjujuy.com\/wp-content\/uploads\/2022\/05\/logo-mobil-jujuy.png","width":174,"height":81,"caption":"Muy Jujuy"},"image":{"@id":"https:\/\/www.muyjujuy.com\/#\/schema\/logo\/image\/"},"sameAs":["https:\/\/www.facebook.com\/muyjujuycom","https:\/\/x.com\/muyjujuy","https:\/\/www.instagram.com\/muyjujuycom"]},{"@type":"Person","@id":"https:\/\/www.muyjujuy.com\/#\/schema\/person\/a3b63db1f387ec4149299954904c5bf0","name":"admin","image":{"@type":"ImageObject","inLanguage":"es-AR","@id":"https:\/\/secure.gravatar.com\/avatar\/b6e63d8d3a73633362405a0ad27e9c28391755813b59886f19a99d6cef8a03fc?s=96&d=mm&r=g","url":"https:\/\/secure.gravatar.com\/avatar\/b6e63d8d3a73633362405a0ad27e9c28391755813b59886f19a99d6cef8a03fc?s=96&d=mm&r=g","contentUrl":"https:\/\/secure.gravatar.com\/avatar\/b6e63d8d3a73633362405a0ad27e9c28391755813b59886f19a99d6cef8a03fc?s=96&d=mm&r=g","caption":"admin"},"url":"https:\/\/www.muyjujuy.com\/index.php\/author\/soyeleditor\/"}]}},"_links":{"self":[{"href":"https:\/\/www.muyjujuy.com\/index.php\/wp-json\/wp\/v2\/posts\/2917","targetHints":{"allow":["GET"]}}],"collection":[{"href":"https:\/\/www.muyjujuy.com\/index.php\/wp-json\/wp\/v2\/posts"}],"about":[{"href":"https:\/\/www.muyjujuy.com\/index.php\/wp-json\/wp\/v2\/types\/post"}],"author":[{"embeddable":true,"href":"https:\/\/www.muyjujuy.com\/index.php\/wp-json\/wp\/v2\/users\/1"}],"replies":[{"embeddable":true,"href":"https:\/\/www.muyjujuy.com\/index.php\/wp-json\/wp\/v2\/comments?post=2917"}],"version-history":[{"count":1,"href":"https:\/\/www.muyjujuy.com\/index.php\/wp-json\/wp\/v2\/posts\/2917\/revisions"}],"predecessor-version":[{"id":2919,"href":"https:\/\/www.muyjujuy.com\/index.php\/wp-json\/wp\/v2\/posts\/2917\/revisions\/2919"}],"wp:featuredmedia":[{"embeddable":true,"href":"https:\/\/www.muyjujuy.com\/index.php\/wp-json\/wp\/v2\/media\/2918"}],"wp:attachment":[{"href":"https:\/\/www.muyjujuy.com\/index.php\/wp-json\/wp\/v2\/media?parent=2917"}],"wp:term":[{"taxonomy":"category","embeddable":true,"href":"https:\/\/www.muyjujuy.com\/index.php\/wp-json\/wp\/v2\/categories?post=2917"},{"taxonomy":"post_tag","embeddable":true,"href":"https:\/\/www.muyjujuy.com\/index.php\/wp-json\/wp\/v2\/tags?post=2917"}],"curies":[{"name":"wp","href":"https:\/\/api.w.org\/{rel}","templated":true}]}}