{"id":2920,"date":"2025-09-24T10:50:37","date_gmt":"2025-09-24T13:50:37","guid":{"rendered":"https:\/\/www.muyjujuy.com\/?p=2920"},"modified":"2025-09-24T10:50:39","modified_gmt":"2025-09-24T13:50:39","slug":"jujuy-esta-noche-desfila-el-grupo-b-en-la-fiesta-nacional-de-los-estudiantes","status":"publish","type":"post","link":"https:\/\/www.muyjujuy.com\/index.php\/2025\/09\/24\/jujuy-esta-noche-desfila-el-grupo-b-en-la-fiesta-nacional-de-los-estudiantes\/","title":{"rendered":"Jujuy | esta noche desfila el Grupo B en la Fiesta Nacional de los Estudiantes"},"content":{"rendered":"\n<h2 class=\"wp-block-heading\">El mi\u00e9rcoles 24 de septiembre desde las 20 horas ser\u00e1 el turno del Grupo B, con 6 carrozas t\u00e9cnicas, 11 no t\u00e9cnicas y 23 carruajes. Habr\u00e1 cortes de tr\u00e1nsito desde las 17 y transmisi\u00f3n en vivo por Canal 7 Jujuy.<\/h2>\n\n\n\n<p>La <strong>Fiesta Nacional de los Estudiantes 2025<\/strong> continuar\u00e1 este mi\u00e9rcoles en <strong>Ciudad Cultural<\/strong> con el desfile del <strong>Grupo B<\/strong>, integrado por 6 carrozas t\u00e9cnicas, 11 no t\u00e9cnicas y 23 carruajes. El recorrido se iniciar\u00e1 a las 20 horas y podr\u00e1 seguirse en directo por la se\u00f1al de <strong>Canal 7 Jujuy<\/strong>. En esta ocasi\u00f3n, el orden de pasada ser\u00e1 invertido: el <strong>Colegio Nueva Generaci\u00f3n<\/strong> abrir\u00e1 el desfile y la <strong>E.E.T N\u00b0 1 de Maimar\u00e1<\/strong> cerrar\u00e1 la jornada.<\/p>\n\n\n\n<p>Desde las 17 se aplicar\u00e1n cortes de tr\u00e1nsito en distintos accesos a Ciudad Cultural, entre ellos <strong>avenida Bolivia, avenida de los Estudiantes, Curupait\u00ed, colectora Pila Sol\u00e1 y rotonda de ingreso a la zona<\/strong>. Tambi\u00e9n regir\u00e1n restricciones de estacionamiento en <strong>Suipacha<\/strong>, entre Pedro del Portal y colectora Pila Sol\u00e1, a partir de las 18. El transporte urbano modificar\u00e1 su recorrido con paradas en la avenida de las Carrozas.<\/p>\n\n\n\n<p>Los vecinos de <strong>Alto Padilla<\/strong> podr\u00e1n ingresar al barrio acreditando domicilio mediante DNI, boletas de servicios o contrato de alquiler. Las autoridades recomendaron utilizar transporte p\u00fablico y respetar las indicaciones del personal de tr\u00e1nsito para facilitar el acceso y garantizar la seguridad de los asistentes. La agenda de la FNE continuar\u00e1 el jueves 25 con el <strong>desfile doble desde las 18 horas<\/strong> en Ciudad Cultural.<\/p>\n","protected":false},"excerpt":{"rendered":"<p>El mi\u00e9rcoles 24 de septiembre desde las 20 horas ser\u00e1 el turno del Grupo B, con 6 carrozas t\u00e9cnicas, 11 no t\u00e9cnicas y 23 carruajes. Habr\u00e1 cortes de tr\u00e1nsito desde las 17 y transmisi\u00f3n en vivo por Canal 7 Jujuy. La Fiesta Nacional de los Estudiantes 2025 continuar\u00e1 este mi\u00e9rcoles en Ciudad Cultural con el [&hellip;]<\/p>\n","protected":false},"author":1,"featured_media":2921,"comment_status":"open","ping_status":"open","sticky":false,"template":"","format":"standard","meta":{"footnotes":""},"categories":[863,25],"tags":[],"class_list":{"0":"post-2920","1":"post","2":"type-post","3":"status-publish","4":"format-standard","5":"has-post-thumbnail","7":"category-jujuy","8":"category-sociedad"},"yoast_head":"<!-- This site is optimized with the Yoast SEO plugin v27.5 - https:\/\/yoast.com\/product\/yoast-seo-wordpress\/ -->\n<title>Jujuy | esta noche desfila el Grupo B en la Fiesta Nacional de los Estudiantes - Muy Jujuy<\/title>\n<meta name=\"robots\" content=\"index, follow, max-snippet:-1, max-image-preview:large, max-video-preview:-1\" \/>\n<link rel=\"canonical\" href=\"https:\/\/www.muyjujuy.com\/index.php\/2025\/09\/24\/jujuy-esta-noche-desfila-el-grupo-b-en-la-fiesta-nacional-de-los-estudiantes\/\" \/>\n<meta property=\"og:locale\" content=\"es_ES\" \/>\n<meta property=\"og:type\" content=\"article\" \/>\n<meta property=\"og:title\" content=\"Jujuy | esta noche desfila el Grupo B en la Fiesta Nacional de los Estudiantes - Muy Jujuy\" \/>\n<meta property=\"og:description\" content=\"El mi\u00e9rcoles 24 de septiembre desde las 20 horas ser\u00e1 el turno del Grupo B, con 6 carrozas t\u00e9cnicas, 11 no t\u00e9cnicas y 23 carruajes. Habr\u00e1 cortes de tr\u00e1nsito desde las 17 y transmisi\u00f3n en vivo por Canal 7 Jujuy. La Fiesta Nacional de los Estudiantes 2025 continuar\u00e1 este mi\u00e9rcoles en Ciudad Cultural con el [&hellip;]\" \/>\n<meta property=\"og:url\" content=\"https:\/\/www.muyjujuy.com\/index.php\/2025\/09\/24\/jujuy-esta-noche-desfila-el-grupo-b-en-la-fiesta-nacional-de-los-estudiantes\/\" \/>\n<meta property=\"og:site_name\" content=\"Muy Jujuy\" \/>\n<meta property=\"article:publisher\" content=\"https:\/\/www.facebook.com\/muyjujuycom\" \/>\n<meta property=\"article:published_time\" content=\"2025-09-24T13:50:37+00:00\" \/>\n<meta property=\"article:modified_time\" content=\"2025-09-24T13:50:39+00:00\" \/>\n<meta property=\"og:image\" content=\"https:\/\/www.muyjujuy.com\/wp-content\/uploads\/2025\/09\/jujuy-17.jpg\" \/>\n\t<meta property=\"og:image:width\" content=\"953\" \/>\n\t<meta property=\"og:image:height\" content=\"535\" \/>\n\t<meta property=\"og:image:type\" content=\"image\/jpeg\" \/>\n<meta name=\"author\" content=\"admin\" \/>\n<meta name=\"twitter:card\" content=\"summary_large_image\" \/>\n<meta name=\"twitter:creator\" content=\"@muyjujuy\" \/>\n<meta name=\"twitter:site\" content=\"@muyjujuy\" \/>\n<meta name=\"twitter:label1\" content=\"Escrito por\" \/>\n\t<meta name=\"twitter:data1\" content=\"admin\" \/>\n\t<meta name=\"twitter:label2\" content=\"Tiempo de lectura\" \/>\n\t<meta name=\"twitter:data2\" content=\"2 minutos\" \/>\n<script type=\"application\/ld+json\" class=\"yoast-schema-graph\">{\"@context\":\"https:\\\/\\\/schema.org\",\"@graph\":[{\"@type\":\"Article\",\"@id\":\"https:\\\/\\\/www.muyjujuy.com\\\/index.php\\\/2025\\\/09\\\/24\\\/jujuy-esta-noche-desfila-el-grupo-b-en-la-fiesta-nacional-de-los-estudiantes\\\/#article\",\"isPartOf\":{\"@id\":\"https:\\\/\\\/www.muyjujuy.com\\\/index.php\\\/2025\\\/09\\\/24\\\/jujuy-esta-noche-desfila-el-grupo-b-en-la-fiesta-nacional-de-los-estudiantes\\\/\"},\"author\":{\"name\":\"admin\",\"@id\":\"https:\\\/\\\/www.muyjujuy.com\\\/#\\\/schema\\\/person\\\/a3b63db1f387ec4149299954904c5bf0\"},\"headline\":\"Jujuy | esta noche desfila el Grupo B en la Fiesta Nacional de los Estudiantes\",\"datePublished\":\"2025-09-24T13:50:37+00:00\",\"dateModified\":\"2025-09-24T13:50:39+00:00\",\"mainEntityOfPage\":{\"@id\":\"https:\\\/\\\/www.muyjujuy.com\\\/index.php\\\/2025\\\/09\\\/24\\\/jujuy-esta-noche-desfila-el-grupo-b-en-la-fiesta-nacional-de-los-estudiantes\\\/\"},\"wordCount\":264,\"commentCount\":0,\"publisher\":{\"@id\":\"https:\\\/\\\/www.muyjujuy.com\\\/#organization\"},\"image\":{\"@id\":\"https:\\\/\\\/www.muyjujuy.com\\\/index.php\\\/2025\\\/09\\\/24\\\/jujuy-esta-noche-desfila-el-grupo-b-en-la-fiesta-nacional-de-los-estudiantes\\\/#primaryimage\"},\"thumbnailUrl\":\"https:\\\/\\\/www.muyjujuy.com\\\/wp-content\\\/uploads\\\/2025\\\/09\\\/jujuy-17.jpg\",\"articleSection\":[\"JUJUY\",\"Sociedad\"],\"inLanguage\":\"es-AR\",\"potentialAction\":[{\"@type\":\"CommentAction\",\"name\":\"Comment\",\"target\":[\"https:\\\/\\\/www.muyjujuy.com\\\/index.php\\\/2025\\\/09\\\/24\\\/jujuy-esta-noche-desfila-el-grupo-b-en-la-fiesta-nacional-de-los-estudiantes\\\/#respond\"]}]},{\"@type\":\"WebPage\",\"@id\":\"https:\\\/\\\/www.muyjujuy.com\\\/index.php\\\/2025\\\/09\\\/24\\\/jujuy-esta-noche-desfila-el-grupo-b-en-la-fiesta-nacional-de-los-estudiantes\\\/\",\"url\":\"https:\\\/\\\/www.muyjujuy.com\\\/index.php\\\/2025\\\/09\\\/24\\\/jujuy-esta-noche-desfila-el-grupo-b-en-la-fiesta-nacional-de-los-estudiantes\\\/\",\"name\":\"Jujuy | esta noche desfila el Grupo B en la Fiesta Nacional de los Estudiantes - Muy Jujuy\",\"isPartOf\":{\"@id\":\"https:\\\/\\\/www.muyjujuy.com\\\/#website\"},\"primaryImageOfPage\":{\"@id\":\"https:\\\/\\\/www.muyjujuy.com\\\/index.php\\\/2025\\\/09\\\/24\\\/jujuy-esta-noche-desfila-el-grupo-b-en-la-fiesta-nacional-de-los-estudiantes\\\/#primaryimage\"},\"image\":{\"@id\":\"https:\\\/\\\/www.muyjujuy.com\\\/index.php\\\/2025\\\/09\\\/24\\\/jujuy-esta-noche-desfila-el-grupo-b-en-la-fiesta-nacional-de-los-estudiantes\\\/#primaryimage\"},\"thumbnailUrl\":\"https:\\\/\\\/www.muyjujuy.com\\\/wp-content\\\/uploads\\\/2025\\\/09\\\/jujuy-17.jpg\",\"datePublished\":\"2025-09-24T13:50:37+00:00\",\"dateModified\":\"2025-09-24T13:50:39+00:00\",\"breadcrumb\":{\"@id\":\"https:\\\/\\\/www.muyjujuy.com\\\/index.php\\\/2025\\\/09\\\/24\\\/jujuy-esta-noche-desfila-el-grupo-b-en-la-fiesta-nacional-de-los-estudiantes\\\/#breadcrumb\"},\"inLanguage\":\"es-AR\",\"potentialAction\":[{\"@type\":\"ReadAction\",\"target\":[\"https:\\\/\\\/www.muyjujuy.com\\\/index.php\\\/2025\\\/09\\\/24\\\/jujuy-esta-noche-desfila-el-grupo-b-en-la-fiesta-nacional-de-los-estudiantes\\\/\"]}]},{\"@type\":\"ImageObject\",\"inLanguage\":\"es-AR\",\"@id\":\"https:\\\/\\\/www.muyjujuy.com\\\/index.php\\\/2025\\\/09\\\/24\\\/jujuy-esta-noche-desfila-el-grupo-b-en-la-fiesta-nacional-de-los-estudiantes\\\/#primaryimage\",\"url\":\"https:\\\/\\\/www.muyjujuy.com\\\/wp-content\\\/uploads\\\/2025\\\/09\\\/jujuy-17.jpg\",\"contentUrl\":\"https:\\\/\\\/www.muyjujuy.com\\\/wp-content\\\/uploads\\\/2025\\\/09\\\/jujuy-17.jpg\",\"width\":953,\"height\":535},{\"@type\":\"BreadcrumbList\",\"@id\":\"https:\\\/\\\/www.muyjujuy.com\\\/index.php\\\/2025\\\/09\\\/24\\\/jujuy-esta-noche-desfila-el-grupo-b-en-la-fiesta-nacional-de-los-estudiantes\\\/#breadcrumb\",\"itemListElement\":[{\"@type\":\"ListItem\",\"position\":1,\"name\":\"Inicio\",\"item\":\"https:\\\/\\\/www.muyjujuy.com\\\/\"},{\"@type\":\"ListItem\",\"position\":2,\"name\":\"Jujuy | esta noche desfila el Grupo B en la Fiesta Nacional de los Estudiantes\"}]},{\"@type\":\"WebSite\",\"@id\":\"https:\\\/\\\/www.muyjujuy.com\\\/#website\",\"url\":\"https:\\\/\\\/www.muyjujuy.com\\\/\",\"name\":\"Muy Jujuy\",\"description\":\"\",\"publisher\":{\"@id\":\"https:\\\/\\\/www.muyjujuy.com\\\/#organization\"},\"potentialAction\":[{\"@type\":\"SearchAction\",\"target\":{\"@type\":\"EntryPoint\",\"urlTemplate\":\"https:\\\/\\\/www.muyjujuy.com\\\/?s={search_term_string}\"},\"query-input\":{\"@type\":\"PropertyValueSpecification\",\"valueRequired\":true,\"valueName\":\"search_term_string\"}}],\"inLanguage\":\"es-AR\"},{\"@type\":\"Organization\",\"@id\":\"https:\\\/\\\/www.muyjujuy.com\\\/#organization\",\"name\":\"Muy Jujuy\",\"url\":\"https:\\\/\\\/www.muyjujuy.com\\\/\",\"logo\":{\"@type\":\"ImageObject\",\"inLanguage\":\"es-AR\",\"@id\":\"https:\\\/\\\/www.muyjujuy.com\\\/#\\\/schema\\\/logo\\\/image\\\/\",\"url\":\"http:\\\/\\\/www.muyjujuy.com\\\/wp-content\\\/uploads\\\/2022\\\/05\\\/logo-mobil-jujuy.png\",\"contentUrl\":\"http:\\\/\\\/www.muyjujuy.com\\\/wp-content\\\/uploads\\\/2022\\\/05\\\/logo-mobil-jujuy.png\",\"width\":174,\"height\":81,\"caption\":\"Muy Jujuy\"},\"image\":{\"@id\":\"https:\\\/\\\/www.muyjujuy.com\\\/#\\\/schema\\\/logo\\\/image\\\/\"},\"sameAs\":[\"https:\\\/\\\/www.facebook.com\\\/muyjujuycom\",\"https:\\\/\\\/x.com\\\/muyjujuy\",\"https:\\\/\\\/www.instagram.com\\\/muyjujuycom\"]},{\"@type\":\"Person\",\"@id\":\"https:\\\/\\\/www.muyjujuy.com\\\/#\\\/schema\\\/person\\\/a3b63db1f387ec4149299954904c5bf0\",\"name\":\"admin\",\"image\":{\"@type\":\"ImageObject\",\"inLanguage\":\"es-AR\",\"@id\":\"https:\\\/\\\/secure.gravatar.com\\\/avatar\\\/b6e63d8d3a73633362405a0ad27e9c28391755813b59886f19a99d6cef8a03fc?s=96&d=mm&r=g\",\"url\":\"https:\\\/\\\/secure.gravatar.com\\\/avatar\\\/b6e63d8d3a73633362405a0ad27e9c28391755813b59886f19a99d6cef8a03fc?s=96&d=mm&r=g\",\"contentUrl\":\"https:\\\/\\\/secure.gravatar.com\\\/avatar\\\/b6e63d8d3a73633362405a0ad27e9c28391755813b59886f19a99d6cef8a03fc?s=96&d=mm&r=g\",\"caption\":\"admin\"},\"url\":\"https:\\\/\\\/www.muyjujuy.com\\\/index.php\\\/author\\\/soyeleditor\\\/\"}]}<\/script>\n<!-- \/ Yoast SEO plugin. -->","yoast_head_json":{"title":"Jujuy | esta noche desfila el Grupo B en la Fiesta Nacional de los Estudiantes - Muy Jujuy","robots":{"index":"index","follow":"follow","max-snippet":"max-snippet:-1","max-image-preview":"max-image-preview:large","max-video-preview":"max-video-preview:-1"},"canonical":"https:\/\/www.muyjujuy.com\/index.php\/2025\/09\/24\/jujuy-esta-noche-desfila-el-grupo-b-en-la-fiesta-nacional-de-los-estudiantes\/","og_locale":"es_ES","og_type":"article","og_title":"Jujuy | esta noche desfila el Grupo B en la Fiesta Nacional de los Estudiantes - Muy Jujuy","og_description":"El mi\u00e9rcoles 24 de septiembre desde las 20 horas ser\u00e1 el turno del Grupo B, con 6 carrozas t\u00e9cnicas, 11 no t\u00e9cnicas y 23 carruajes. Habr\u00e1 cortes de tr\u00e1nsito desde las 17 y transmisi\u00f3n en vivo por Canal 7 Jujuy. La Fiesta Nacional de los Estudiantes 2025 continuar\u00e1 este mi\u00e9rcoles en Ciudad Cultural con el [&hellip;]","og_url":"https:\/\/www.muyjujuy.com\/index.php\/2025\/09\/24\/jujuy-esta-noche-desfila-el-grupo-b-en-la-fiesta-nacional-de-los-estudiantes\/","og_site_name":"Muy Jujuy","article_publisher":"https:\/\/www.facebook.com\/muyjujuycom","article_published_time":"2025-09-24T13:50:37+00:00","article_modified_time":"2025-09-24T13:50:39+00:00","og_image":[{"width":953,"height":535,"url":"https:\/\/www.muyjujuy.com\/wp-content\/uploads\/2025\/09\/jujuy-17.jpg","type":"image\/jpeg"}],"author":"admin","twitter_card":"summary_large_image","twitter_creator":"@muyjujuy","twitter_site":"@muyjujuy","twitter_misc":{"Escrito por":"admin","Tiempo de lectura":"2 minutos"},"schema":{"@context":"https:\/\/schema.org","@graph":[{"@type":"Article","@id":"https:\/\/www.muyjujuy.com\/index.php\/2025\/09\/24\/jujuy-esta-noche-desfila-el-grupo-b-en-la-fiesta-nacional-de-los-estudiantes\/#article","isPartOf":{"@id":"https:\/\/www.muyjujuy.com\/index.php\/2025\/09\/24\/jujuy-esta-noche-desfila-el-grupo-b-en-la-fiesta-nacional-de-los-estudiantes\/"},"author":{"name":"admin","@id":"https:\/\/www.muyjujuy.com\/#\/schema\/person\/a3b63db1f387ec4149299954904c5bf0"},"headline":"Jujuy | esta noche desfila el Grupo B en la Fiesta Nacional de los Estudiantes","datePublished":"2025-09-24T13:50:37+00:00","dateModified":"2025-09-24T13:50:39+00:00","mainEntityOfPage":{"@id":"https:\/\/www.muyjujuy.com\/index.php\/2025\/09\/24\/jujuy-esta-noche-desfila-el-grupo-b-en-la-fiesta-nacional-de-los-estudiantes\/"},"wordCount":264,"commentCount":0,"publisher":{"@id":"https:\/\/www.muyjujuy.com\/#organization"},"image":{"@id":"https:\/\/www.muyjujuy.com\/index.php\/2025\/09\/24\/jujuy-esta-noche-desfila-el-grupo-b-en-la-fiesta-nacional-de-los-estudiantes\/#primaryimage"},"thumbnailUrl":"https:\/\/www.muyjujuy.com\/wp-content\/uploads\/2025\/09\/jujuy-17.jpg","articleSection":["JUJUY","Sociedad"],"inLanguage":"es-AR","potentialAction":[{"@type":"CommentAction","name":"Comment","target":["https:\/\/www.muyjujuy.com\/index.php\/2025\/09\/24\/jujuy-esta-noche-desfila-el-grupo-b-en-la-fiesta-nacional-de-los-estudiantes\/#respond"]}]},{"@type":"WebPage","@id":"https:\/\/www.muyjujuy.com\/index.php\/2025\/09\/24\/jujuy-esta-noche-desfila-el-grupo-b-en-la-fiesta-nacional-de-los-estudiantes\/","url":"https:\/\/www.muyjujuy.com\/index.php\/2025\/09\/24\/jujuy-esta-noche-desfila-el-grupo-b-en-la-fiesta-nacional-de-los-estudiantes\/","name":"Jujuy | esta noche desfila el Grupo B en la Fiesta Nacional de los Estudiantes - Muy Jujuy","isPartOf":{"@id":"https:\/\/www.muyjujuy.com\/#website"},"primaryImageOfPage":{"@id":"https:\/\/www.muyjujuy.com\/index.php\/2025\/09\/24\/jujuy-esta-noche-desfila-el-grupo-b-en-la-fiesta-nacional-de-los-estudiantes\/#primaryimage"},"image":{"@id":"https:\/\/www.muyjujuy.com\/index.php\/2025\/09\/24\/jujuy-esta-noche-desfila-el-grupo-b-en-la-fiesta-nacional-de-los-estudiantes\/#primaryimage"},"thumbnailUrl":"https:\/\/www.muyjujuy.com\/wp-content\/uploads\/2025\/09\/jujuy-17.jpg","datePublished":"2025-09-24T13:50:37+00:00","dateModified":"2025-09-24T13:50:39+00:00","breadcrumb":{"@id":"https:\/\/www.muyjujuy.com\/index.php\/2025\/09\/24\/jujuy-esta-noche-desfila-el-grupo-b-en-la-fiesta-nacional-de-los-estudiantes\/#breadcrumb"},"inLanguage":"es-AR","potentialAction":[{"@type":"ReadAction","target":["https:\/\/www.muyjujuy.com\/index.php\/2025\/09\/24\/jujuy-esta-noche-desfila-el-grupo-b-en-la-fiesta-nacional-de-los-estudiantes\/"]}]},{"@type":"ImageObject","inLanguage":"es-AR","@id":"https:\/\/www.muyjujuy.com\/index.php\/2025\/09\/24\/jujuy-esta-noche-desfila-el-grupo-b-en-la-fiesta-nacional-de-los-estudiantes\/#primaryimage","url":"https:\/\/www.muyjujuy.com\/wp-content\/uploads\/2025\/09\/jujuy-17.jpg","contentUrl":"https:\/\/www.muyjujuy.com\/wp-content\/uploads\/2025\/09\/jujuy-17.jpg","width":953,"height":535},{"@type":"BreadcrumbList","@id":"https:\/\/www.muyjujuy.com\/index.php\/2025\/09\/24\/jujuy-esta-noche-desfila-el-grupo-b-en-la-fiesta-nacional-de-los-estudiantes\/#breadcrumb","itemListElement":[{"@type":"ListItem","position":1,"name":"Inicio","item":"https:\/\/www.muyjujuy.com\/"},{"@type":"ListItem","position":2,"name":"Jujuy | esta noche desfila el Grupo B en la Fiesta Nacional de los Estudiantes"}]},{"@type":"WebSite","@id":"https:\/\/www.muyjujuy.com\/#website","url":"https:\/\/www.muyjujuy.com\/","name":"Muy Jujuy","description":"","publisher":{"@id":"https:\/\/www.muyjujuy.com\/#organization"},"potentialAction":[{"@type":"SearchAction","target":{"@type":"EntryPoint","urlTemplate":"https:\/\/www.muyjujuy.com\/?s={search_term_string}"},"query-input":{"@type":"PropertyValueSpecification","valueRequired":true,"valueName":"search_term_string"}}],"inLanguage":"es-AR"},{"@type":"Organization","@id":"https:\/\/www.muyjujuy.com\/#organization","name":"Muy Jujuy","url":"https:\/\/www.muyjujuy.com\/","logo":{"@type":"ImageObject","inLanguage":"es-AR","@id":"https:\/\/www.muyjujuy.com\/#\/schema\/logo\/image\/","url":"http:\/\/www.muyjujuy.com\/wp-content\/uploads\/2022\/05\/logo-mobil-jujuy.png","contentUrl":"http:\/\/www.muyjujuy.com\/wp-content\/uploads\/2022\/05\/logo-mobil-jujuy.png","width":174,"height":81,"caption":"Muy Jujuy"},"image":{"@id":"https:\/\/www.muyjujuy.com\/#\/schema\/logo\/image\/"},"sameAs":["https:\/\/www.facebook.com\/muyjujuycom","https:\/\/x.com\/muyjujuy","https:\/\/www.instagram.com\/muyjujuycom"]},{"@type":"Person","@id":"https:\/\/www.muyjujuy.com\/#\/schema\/person\/a3b63db1f387ec4149299954904c5bf0","name":"admin","image":{"@type":"ImageObject","inLanguage":"es-AR","@id":"https:\/\/secure.gravatar.com\/avatar\/b6e63d8d3a73633362405a0ad27e9c28391755813b59886f19a99d6cef8a03fc?s=96&d=mm&r=g","url":"https:\/\/secure.gravatar.com\/avatar\/b6e63d8d3a73633362405a0ad27e9c28391755813b59886f19a99d6cef8a03fc?s=96&d=mm&r=g","contentUrl":"https:\/\/secure.gravatar.com\/avatar\/b6e63d8d3a73633362405a0ad27e9c28391755813b59886f19a99d6cef8a03fc?s=96&d=mm&r=g","caption":"admin"},"url":"https:\/\/www.muyjujuy.com\/index.php\/author\/soyeleditor\/"}]}},"_links":{"self":[{"href":"https:\/\/www.muyjujuy.com\/index.php\/wp-json\/wp\/v2\/posts\/2920","targetHints":{"allow":["GET"]}}],"collection":[{"href":"https:\/\/www.muyjujuy.com\/index.php\/wp-json\/wp\/v2\/posts"}],"about":[{"href":"https:\/\/www.muyjujuy.com\/index.php\/wp-json\/wp\/v2\/types\/post"}],"author":[{"embeddable":true,"href":"https:\/\/www.muyjujuy.com\/index.php\/wp-json\/wp\/v2\/users\/1"}],"replies":[{"embeddable":true,"href":"https:\/\/www.muyjujuy.com\/index.php\/wp-json\/wp\/v2\/comments?post=2920"}],"version-history":[{"count":1,"href":"https:\/\/www.muyjujuy.com\/index.php\/wp-json\/wp\/v2\/posts\/2920\/revisions"}],"predecessor-version":[{"id":2922,"href":"https:\/\/www.muyjujuy.com\/index.php\/wp-json\/wp\/v2\/posts\/2920\/revisions\/2922"}],"wp:featuredmedia":[{"embeddable":true,"href":"https:\/\/www.muyjujuy.com\/index.php\/wp-json\/wp\/v2\/media\/2921"}],"wp:attachment":[{"href":"https:\/\/www.muyjujuy.com\/index.php\/wp-json\/wp\/v2\/media?parent=2920"}],"wp:term":[{"taxonomy":"category","embeddable":true,"href":"https:\/\/www.muyjujuy.com\/index.php\/wp-json\/wp\/v2\/categories?post=2920"},{"taxonomy":"post_tag","embeddable":true,"href":"https:\/\/www.muyjujuy.com\/index.php\/wp-json\/wp\/v2\/tags?post=2920"}],"curies":[{"name":"wp","href":"https:\/\/api.w.org\/{rel}","templated":true}]}}