{"id":2923,"date":"2025-09-25T10:54:29","date_gmt":"2025-09-25T13:54:29","guid":{"rendered":"https:\/\/www.muyjujuy.com\/?p=2923"},"modified":"2025-09-25T10:54:30","modified_gmt":"2025-09-25T13:54:30","slug":"jujuy-esta-tarde-sera-el-ultimo-desfile-doble-de-carrozas-y-carruajes-en-ciudad-cultural","status":"publish","type":"post","link":"https:\/\/www.muyjujuy.com\/index.php\/2025\/09\/25\/jujuy-esta-tarde-sera-el-ultimo-desfile-doble-de-carrozas-y-carruajes-en-ciudad-cultural\/","title":{"rendered":"Jujuy | esta tarde ser\u00e1 el \u00faltimo desfile doble de carrozas y carruajes en Ciudad Cultural"},"content":{"rendered":"\n<h2 class=\"wp-block-heading\">El evento comenzar\u00e1 a las 18 en la Avenida de los Estudiantes y contar\u00e1 con 80 carrozas y carruajes. La pasada ser\u00e1 la \u00faltima por puntaje antes de la entrega de premios del s\u00e1bado.<\/h2>\n\n\n\n<p>La <strong>74\u00aa Fiesta Nacional de los Estudiantes<\/strong> transita sus \u00faltimos d\u00edas y este jueves tendr\u00e1 lugar el \u00faltimo <strong>desfile doble de carrozas y carruajes<\/strong> en la <strong>Ciudad Cultural<\/strong>. Desde las 18, un total de <strong>80 formaciones<\/strong> \u201411 t\u00e9cnicas, 22 no t\u00e9cnicas, 46 carruajes y la participaci\u00f3n de la asociaci\u00f3n <strong>ARENI<\/strong>\u2014 desfilar\u00e1n en la Avenida de los Estudiantes. Esta presentaci\u00f3n ser\u00e1 la \u00faltima por puntaje, previa a la ceremonia de premiaci\u00f3n del s\u00e1bado.<\/p>\n\n\n\n<p>Durante la jornada, el <strong>grupo B<\/strong> abrir\u00e1 la pasada en orden invertido, encabezado por el <strong>Colegio Nueva Generaci\u00f3n<\/strong>, mientras que el <strong>grupo A<\/strong> desfilar\u00e1 en orden normal. El operativo de tr\u00e1nsito se activar\u00e1 desde las 17, con cortes en los accesos principales a la Ciudad Cultural y restricciones de estacionamiento en calles como <strong>Suipacha<\/strong>, entre Pedro del Portal y Colectora Pila Sol\u00e1.<\/p>\n\n\n\n<p>Las autoridades informaron que el transporte p\u00fablico modificar\u00e1 recorridos y paradas sobre la <strong>Avenida de las Carrozas<\/strong> durante todo el evento. Los vecinos de <strong>Alto Padilla<\/strong> podr\u00e1n ingresar al barrio con acreditaci\u00f3n de domicilio en los accesos habilitados. Se recomend\u00f3 al p\u00fablico asistir en transporte p\u00fablico y respetar las se\u00f1alizaciones de la Direcci\u00f3n de Tr\u00e1nsito para facilitar el orden y la seguridad durante el desfile.<\/p>\n","protected":false},"excerpt":{"rendered":"<p>El evento comenzar\u00e1 a las 18 en la Avenida de los Estudiantes y contar\u00e1 con 80 carrozas y carruajes. La pasada ser\u00e1 la \u00faltima por puntaje antes de la entrega de premios del s\u00e1bado. La 74\u00aa Fiesta Nacional de los Estudiantes transita sus \u00faltimos d\u00edas y este jueves tendr\u00e1 lugar el \u00faltimo desfile doble de [&hellip;]<\/p>\n","protected":false},"author":1,"featured_media":2924,"comment_status":"open","ping_status":"open","sticky":false,"template":"","format":"standard","meta":{"footnotes":""},"categories":[863,25],"tags":[],"class_list":{"0":"post-2923","1":"post","2":"type-post","3":"status-publish","4":"format-standard","5":"has-post-thumbnail","7":"category-jujuy","8":"category-sociedad"},"yoast_head":"<!-- This site is optimized with the Yoast SEO plugin v27.5 - https:\/\/yoast.com\/product\/yoast-seo-wordpress\/ -->\n<title>Jujuy | esta tarde ser\u00e1 el \u00faltimo desfile doble de carrozas y carruajes en Ciudad Cultural - Muy Jujuy<\/title>\n<meta name=\"robots\" content=\"index, follow, max-snippet:-1, max-image-preview:large, max-video-preview:-1\" \/>\n<link rel=\"canonical\" href=\"https:\/\/www.muyjujuy.com\/index.php\/2025\/09\/25\/jujuy-esta-tarde-sera-el-ultimo-desfile-doble-de-carrozas-y-carruajes-en-ciudad-cultural\/\" \/>\n<meta property=\"og:locale\" content=\"es_ES\" \/>\n<meta property=\"og:type\" content=\"article\" \/>\n<meta property=\"og:title\" content=\"Jujuy | esta tarde ser\u00e1 el \u00faltimo desfile doble de carrozas y carruajes en Ciudad Cultural - Muy Jujuy\" \/>\n<meta property=\"og:description\" content=\"El evento comenzar\u00e1 a las 18 en la Avenida de los Estudiantes y contar\u00e1 con 80 carrozas y carruajes. La pasada ser\u00e1 la \u00faltima por puntaje antes de la entrega de premios del s\u00e1bado. La 74\u00aa Fiesta Nacional de los Estudiantes transita sus \u00faltimos d\u00edas y este jueves tendr\u00e1 lugar el \u00faltimo desfile doble de [&hellip;]\" \/>\n<meta property=\"og:url\" content=\"https:\/\/www.muyjujuy.com\/index.php\/2025\/09\/25\/jujuy-esta-tarde-sera-el-ultimo-desfile-doble-de-carrozas-y-carruajes-en-ciudad-cultural\/\" \/>\n<meta property=\"og:site_name\" content=\"Muy Jujuy\" \/>\n<meta property=\"article:publisher\" content=\"https:\/\/www.facebook.com\/muyjujuycom\" \/>\n<meta property=\"article:published_time\" content=\"2025-09-25T13:54:29+00:00\" \/>\n<meta property=\"article:modified_time\" content=\"2025-09-25T13:54:30+00:00\" \/>\n<meta property=\"og:image\" content=\"https:\/\/www.muyjujuy.com\/wp-content\/uploads\/2025\/09\/jujuy-18.jpg\" \/>\n\t<meta property=\"og:image:width\" content=\"940\" \/>\n\t<meta property=\"og:image:height\" content=\"528\" \/>\n\t<meta property=\"og:image:type\" content=\"image\/jpeg\" \/>\n<meta name=\"author\" content=\"admin\" \/>\n<meta name=\"twitter:card\" content=\"summary_large_image\" \/>\n<meta name=\"twitter:creator\" content=\"@muyjujuy\" \/>\n<meta name=\"twitter:site\" content=\"@muyjujuy\" \/>\n<meta name=\"twitter:label1\" content=\"Escrito por\" \/>\n\t<meta name=\"twitter:data1\" content=\"admin\" \/>\n\t<meta name=\"twitter:label2\" content=\"Tiempo de lectura\" \/>\n\t<meta name=\"twitter:data2\" content=\"2 minutos\" \/>\n<script type=\"application\/ld+json\" class=\"yoast-schema-graph\">{\"@context\":\"https:\\\/\\\/schema.org\",\"@graph\":[{\"@type\":\"Article\",\"@id\":\"https:\\\/\\\/www.muyjujuy.com\\\/index.php\\\/2025\\\/09\\\/25\\\/jujuy-esta-tarde-sera-el-ultimo-desfile-doble-de-carrozas-y-carruajes-en-ciudad-cultural\\\/#article\",\"isPartOf\":{\"@id\":\"https:\\\/\\\/www.muyjujuy.com\\\/index.php\\\/2025\\\/09\\\/25\\\/jujuy-esta-tarde-sera-el-ultimo-desfile-doble-de-carrozas-y-carruajes-en-ciudad-cultural\\\/\"},\"author\":{\"name\":\"admin\",\"@id\":\"https:\\\/\\\/www.muyjujuy.com\\\/#\\\/schema\\\/person\\\/a3b63db1f387ec4149299954904c5bf0\"},\"headline\":\"Jujuy | esta tarde ser\u00e1 el \u00faltimo desfile doble de carrozas y carruajes en Ciudad Cultural\",\"datePublished\":\"2025-09-25T13:54:29+00:00\",\"dateModified\":\"2025-09-25T13:54:30+00:00\",\"mainEntityOfPage\":{\"@id\":\"https:\\\/\\\/www.muyjujuy.com\\\/index.php\\\/2025\\\/09\\\/25\\\/jujuy-esta-tarde-sera-el-ultimo-desfile-doble-de-carrozas-y-carruajes-en-ciudad-cultural\\\/\"},\"wordCount\":259,\"commentCount\":0,\"publisher\":{\"@id\":\"https:\\\/\\\/www.muyjujuy.com\\\/#organization\"},\"image\":{\"@id\":\"https:\\\/\\\/www.muyjujuy.com\\\/index.php\\\/2025\\\/09\\\/25\\\/jujuy-esta-tarde-sera-el-ultimo-desfile-doble-de-carrozas-y-carruajes-en-ciudad-cultural\\\/#primaryimage\"},\"thumbnailUrl\":\"https:\\\/\\\/www.muyjujuy.com\\\/wp-content\\\/uploads\\\/2025\\\/09\\\/jujuy-18.jpg\",\"articleSection\":[\"JUJUY\",\"Sociedad\"],\"inLanguage\":\"es-AR\",\"potentialAction\":[{\"@type\":\"CommentAction\",\"name\":\"Comment\",\"target\":[\"https:\\\/\\\/www.muyjujuy.com\\\/index.php\\\/2025\\\/09\\\/25\\\/jujuy-esta-tarde-sera-el-ultimo-desfile-doble-de-carrozas-y-carruajes-en-ciudad-cultural\\\/#respond\"]}]},{\"@type\":\"WebPage\",\"@id\":\"https:\\\/\\\/www.muyjujuy.com\\\/index.php\\\/2025\\\/09\\\/25\\\/jujuy-esta-tarde-sera-el-ultimo-desfile-doble-de-carrozas-y-carruajes-en-ciudad-cultural\\\/\",\"url\":\"https:\\\/\\\/www.muyjujuy.com\\\/index.php\\\/2025\\\/09\\\/25\\\/jujuy-esta-tarde-sera-el-ultimo-desfile-doble-de-carrozas-y-carruajes-en-ciudad-cultural\\\/\",\"name\":\"Jujuy | esta tarde ser\u00e1 el \u00faltimo desfile doble de carrozas y carruajes en Ciudad Cultural - Muy Jujuy\",\"isPartOf\":{\"@id\":\"https:\\\/\\\/www.muyjujuy.com\\\/#website\"},\"primaryImageOfPage\":{\"@id\":\"https:\\\/\\\/www.muyjujuy.com\\\/index.php\\\/2025\\\/09\\\/25\\\/jujuy-esta-tarde-sera-el-ultimo-desfile-doble-de-carrozas-y-carruajes-en-ciudad-cultural\\\/#primaryimage\"},\"image\":{\"@id\":\"https:\\\/\\\/www.muyjujuy.com\\\/index.php\\\/2025\\\/09\\\/25\\\/jujuy-esta-tarde-sera-el-ultimo-desfile-doble-de-carrozas-y-carruajes-en-ciudad-cultural\\\/#primaryimage\"},\"thumbnailUrl\":\"https:\\\/\\\/www.muyjujuy.com\\\/wp-content\\\/uploads\\\/2025\\\/09\\\/jujuy-18.jpg\",\"datePublished\":\"2025-09-25T13:54:29+00:00\",\"dateModified\":\"2025-09-25T13:54:30+00:00\",\"breadcrumb\":{\"@id\":\"https:\\\/\\\/www.muyjujuy.com\\\/index.php\\\/2025\\\/09\\\/25\\\/jujuy-esta-tarde-sera-el-ultimo-desfile-doble-de-carrozas-y-carruajes-en-ciudad-cultural\\\/#breadcrumb\"},\"inLanguage\":\"es-AR\",\"potentialAction\":[{\"@type\":\"ReadAction\",\"target\":[\"https:\\\/\\\/www.muyjujuy.com\\\/index.php\\\/2025\\\/09\\\/25\\\/jujuy-esta-tarde-sera-el-ultimo-desfile-doble-de-carrozas-y-carruajes-en-ciudad-cultural\\\/\"]}]},{\"@type\":\"ImageObject\",\"inLanguage\":\"es-AR\",\"@id\":\"https:\\\/\\\/www.muyjujuy.com\\\/index.php\\\/2025\\\/09\\\/25\\\/jujuy-esta-tarde-sera-el-ultimo-desfile-doble-de-carrozas-y-carruajes-en-ciudad-cultural\\\/#primaryimage\",\"url\":\"https:\\\/\\\/www.muyjujuy.com\\\/wp-content\\\/uploads\\\/2025\\\/09\\\/jujuy-18.jpg\",\"contentUrl\":\"https:\\\/\\\/www.muyjujuy.com\\\/wp-content\\\/uploads\\\/2025\\\/09\\\/jujuy-18.jpg\",\"width\":940,\"height\":528},{\"@type\":\"BreadcrumbList\",\"@id\":\"https:\\\/\\\/www.muyjujuy.com\\\/index.php\\\/2025\\\/09\\\/25\\\/jujuy-esta-tarde-sera-el-ultimo-desfile-doble-de-carrozas-y-carruajes-en-ciudad-cultural\\\/#breadcrumb\",\"itemListElement\":[{\"@type\":\"ListItem\",\"position\":1,\"name\":\"Inicio\",\"item\":\"https:\\\/\\\/www.muyjujuy.com\\\/\"},{\"@type\":\"ListItem\",\"position\":2,\"name\":\"Jujuy | esta tarde ser\u00e1 el \u00faltimo desfile doble de carrozas y carruajes en Ciudad Cultural\"}]},{\"@type\":\"WebSite\",\"@id\":\"https:\\\/\\\/www.muyjujuy.com\\\/#website\",\"url\":\"https:\\\/\\\/www.muyjujuy.com\\\/\",\"name\":\"Muy Jujuy\",\"description\":\"\",\"publisher\":{\"@id\":\"https:\\\/\\\/www.muyjujuy.com\\\/#organization\"},\"potentialAction\":[{\"@type\":\"SearchAction\",\"target\":{\"@type\":\"EntryPoint\",\"urlTemplate\":\"https:\\\/\\\/www.muyjujuy.com\\\/?s={search_term_string}\"},\"query-input\":{\"@type\":\"PropertyValueSpecification\",\"valueRequired\":true,\"valueName\":\"search_term_string\"}}],\"inLanguage\":\"es-AR\"},{\"@type\":\"Organization\",\"@id\":\"https:\\\/\\\/www.muyjujuy.com\\\/#organization\",\"name\":\"Muy Jujuy\",\"url\":\"https:\\\/\\\/www.muyjujuy.com\\\/\",\"logo\":{\"@type\":\"ImageObject\",\"inLanguage\":\"es-AR\",\"@id\":\"https:\\\/\\\/www.muyjujuy.com\\\/#\\\/schema\\\/logo\\\/image\\\/\",\"url\":\"http:\\\/\\\/www.muyjujuy.com\\\/wp-content\\\/uploads\\\/2022\\\/05\\\/logo-mobil-jujuy.png\",\"contentUrl\":\"http:\\\/\\\/www.muyjujuy.com\\\/wp-content\\\/uploads\\\/2022\\\/05\\\/logo-mobil-jujuy.png\",\"width\":174,\"height\":81,\"caption\":\"Muy Jujuy\"},\"image\":{\"@id\":\"https:\\\/\\\/www.muyjujuy.com\\\/#\\\/schema\\\/logo\\\/image\\\/\"},\"sameAs\":[\"https:\\\/\\\/www.facebook.com\\\/muyjujuycom\",\"https:\\\/\\\/x.com\\\/muyjujuy\",\"https:\\\/\\\/www.instagram.com\\\/muyjujuycom\"]},{\"@type\":\"Person\",\"@id\":\"https:\\\/\\\/www.muyjujuy.com\\\/#\\\/schema\\\/person\\\/a3b63db1f387ec4149299954904c5bf0\",\"name\":\"admin\",\"image\":{\"@type\":\"ImageObject\",\"inLanguage\":\"es-AR\",\"@id\":\"https:\\\/\\\/secure.gravatar.com\\\/avatar\\\/b6e63d8d3a73633362405a0ad27e9c28391755813b59886f19a99d6cef8a03fc?s=96&d=mm&r=g\",\"url\":\"https:\\\/\\\/secure.gravatar.com\\\/avatar\\\/b6e63d8d3a73633362405a0ad27e9c28391755813b59886f19a99d6cef8a03fc?s=96&d=mm&r=g\",\"contentUrl\":\"https:\\\/\\\/secure.gravatar.com\\\/avatar\\\/b6e63d8d3a73633362405a0ad27e9c28391755813b59886f19a99d6cef8a03fc?s=96&d=mm&r=g\",\"caption\":\"admin\"},\"url\":\"https:\\\/\\\/www.muyjujuy.com\\\/index.php\\\/author\\\/soyeleditor\\\/\"}]}<\/script>\n<!-- \/ Yoast SEO plugin. -->","yoast_head_json":{"title":"Jujuy | esta tarde ser\u00e1 el \u00faltimo desfile doble de carrozas y carruajes en Ciudad Cultural - Muy Jujuy","robots":{"index":"index","follow":"follow","max-snippet":"max-snippet:-1","max-image-preview":"max-image-preview:large","max-video-preview":"max-video-preview:-1"},"canonical":"https:\/\/www.muyjujuy.com\/index.php\/2025\/09\/25\/jujuy-esta-tarde-sera-el-ultimo-desfile-doble-de-carrozas-y-carruajes-en-ciudad-cultural\/","og_locale":"es_ES","og_type":"article","og_title":"Jujuy | esta tarde ser\u00e1 el \u00faltimo desfile doble de carrozas y carruajes en Ciudad Cultural - Muy Jujuy","og_description":"El evento comenzar\u00e1 a las 18 en la Avenida de los Estudiantes y contar\u00e1 con 80 carrozas y carruajes. La pasada ser\u00e1 la \u00faltima por puntaje antes de la entrega de premios del s\u00e1bado. La 74\u00aa Fiesta Nacional de los Estudiantes transita sus \u00faltimos d\u00edas y este jueves tendr\u00e1 lugar el \u00faltimo desfile doble de [&hellip;]","og_url":"https:\/\/www.muyjujuy.com\/index.php\/2025\/09\/25\/jujuy-esta-tarde-sera-el-ultimo-desfile-doble-de-carrozas-y-carruajes-en-ciudad-cultural\/","og_site_name":"Muy Jujuy","article_publisher":"https:\/\/www.facebook.com\/muyjujuycom","article_published_time":"2025-09-25T13:54:29+00:00","article_modified_time":"2025-09-25T13:54:30+00:00","og_image":[{"width":940,"height":528,"url":"https:\/\/www.muyjujuy.com\/wp-content\/uploads\/2025\/09\/jujuy-18.jpg","type":"image\/jpeg"}],"author":"admin","twitter_card":"summary_large_image","twitter_creator":"@muyjujuy","twitter_site":"@muyjujuy","twitter_misc":{"Escrito por":"admin","Tiempo de lectura":"2 minutos"},"schema":{"@context":"https:\/\/schema.org","@graph":[{"@type":"Article","@id":"https:\/\/www.muyjujuy.com\/index.php\/2025\/09\/25\/jujuy-esta-tarde-sera-el-ultimo-desfile-doble-de-carrozas-y-carruajes-en-ciudad-cultural\/#article","isPartOf":{"@id":"https:\/\/www.muyjujuy.com\/index.php\/2025\/09\/25\/jujuy-esta-tarde-sera-el-ultimo-desfile-doble-de-carrozas-y-carruajes-en-ciudad-cultural\/"},"author":{"name":"admin","@id":"https:\/\/www.muyjujuy.com\/#\/schema\/person\/a3b63db1f387ec4149299954904c5bf0"},"headline":"Jujuy | esta tarde ser\u00e1 el \u00faltimo desfile doble de carrozas y carruajes en Ciudad Cultural","datePublished":"2025-09-25T13:54:29+00:00","dateModified":"2025-09-25T13:54:30+00:00","mainEntityOfPage":{"@id":"https:\/\/www.muyjujuy.com\/index.php\/2025\/09\/25\/jujuy-esta-tarde-sera-el-ultimo-desfile-doble-de-carrozas-y-carruajes-en-ciudad-cultural\/"},"wordCount":259,"commentCount":0,"publisher":{"@id":"https:\/\/www.muyjujuy.com\/#organization"},"image":{"@id":"https:\/\/www.muyjujuy.com\/index.php\/2025\/09\/25\/jujuy-esta-tarde-sera-el-ultimo-desfile-doble-de-carrozas-y-carruajes-en-ciudad-cultural\/#primaryimage"},"thumbnailUrl":"https:\/\/www.muyjujuy.com\/wp-content\/uploads\/2025\/09\/jujuy-18.jpg","articleSection":["JUJUY","Sociedad"],"inLanguage":"es-AR","potentialAction":[{"@type":"CommentAction","name":"Comment","target":["https:\/\/www.muyjujuy.com\/index.php\/2025\/09\/25\/jujuy-esta-tarde-sera-el-ultimo-desfile-doble-de-carrozas-y-carruajes-en-ciudad-cultural\/#respond"]}]},{"@type":"WebPage","@id":"https:\/\/www.muyjujuy.com\/index.php\/2025\/09\/25\/jujuy-esta-tarde-sera-el-ultimo-desfile-doble-de-carrozas-y-carruajes-en-ciudad-cultural\/","url":"https:\/\/www.muyjujuy.com\/index.php\/2025\/09\/25\/jujuy-esta-tarde-sera-el-ultimo-desfile-doble-de-carrozas-y-carruajes-en-ciudad-cultural\/","name":"Jujuy | esta tarde ser\u00e1 el \u00faltimo desfile doble de carrozas y carruajes en Ciudad Cultural - Muy Jujuy","isPartOf":{"@id":"https:\/\/www.muyjujuy.com\/#website"},"primaryImageOfPage":{"@id":"https:\/\/www.muyjujuy.com\/index.php\/2025\/09\/25\/jujuy-esta-tarde-sera-el-ultimo-desfile-doble-de-carrozas-y-carruajes-en-ciudad-cultural\/#primaryimage"},"image":{"@id":"https:\/\/www.muyjujuy.com\/index.php\/2025\/09\/25\/jujuy-esta-tarde-sera-el-ultimo-desfile-doble-de-carrozas-y-carruajes-en-ciudad-cultural\/#primaryimage"},"thumbnailUrl":"https:\/\/www.muyjujuy.com\/wp-content\/uploads\/2025\/09\/jujuy-18.jpg","datePublished":"2025-09-25T13:54:29+00:00","dateModified":"2025-09-25T13:54:30+00:00","breadcrumb":{"@id":"https:\/\/www.muyjujuy.com\/index.php\/2025\/09\/25\/jujuy-esta-tarde-sera-el-ultimo-desfile-doble-de-carrozas-y-carruajes-en-ciudad-cultural\/#breadcrumb"},"inLanguage":"es-AR","potentialAction":[{"@type":"ReadAction","target":["https:\/\/www.muyjujuy.com\/index.php\/2025\/09\/25\/jujuy-esta-tarde-sera-el-ultimo-desfile-doble-de-carrozas-y-carruajes-en-ciudad-cultural\/"]}]},{"@type":"ImageObject","inLanguage":"es-AR","@id":"https:\/\/www.muyjujuy.com\/index.php\/2025\/09\/25\/jujuy-esta-tarde-sera-el-ultimo-desfile-doble-de-carrozas-y-carruajes-en-ciudad-cultural\/#primaryimage","url":"https:\/\/www.muyjujuy.com\/wp-content\/uploads\/2025\/09\/jujuy-18.jpg","contentUrl":"https:\/\/www.muyjujuy.com\/wp-content\/uploads\/2025\/09\/jujuy-18.jpg","width":940,"height":528},{"@type":"BreadcrumbList","@id":"https:\/\/www.muyjujuy.com\/index.php\/2025\/09\/25\/jujuy-esta-tarde-sera-el-ultimo-desfile-doble-de-carrozas-y-carruajes-en-ciudad-cultural\/#breadcrumb","itemListElement":[{"@type":"ListItem","position":1,"name":"Inicio","item":"https:\/\/www.muyjujuy.com\/"},{"@type":"ListItem","position":2,"name":"Jujuy | esta tarde ser\u00e1 el \u00faltimo desfile doble de carrozas y carruajes en Ciudad Cultural"}]},{"@type":"WebSite","@id":"https:\/\/www.muyjujuy.com\/#website","url":"https:\/\/www.muyjujuy.com\/","name":"Muy Jujuy","description":"","publisher":{"@id":"https:\/\/www.muyjujuy.com\/#organization"},"potentialAction":[{"@type":"SearchAction","target":{"@type":"EntryPoint","urlTemplate":"https:\/\/www.muyjujuy.com\/?s={search_term_string}"},"query-input":{"@type":"PropertyValueSpecification","valueRequired":true,"valueName":"search_term_string"}}],"inLanguage":"es-AR"},{"@type":"Organization","@id":"https:\/\/www.muyjujuy.com\/#organization","name":"Muy Jujuy","url":"https:\/\/www.muyjujuy.com\/","logo":{"@type":"ImageObject","inLanguage":"es-AR","@id":"https:\/\/www.muyjujuy.com\/#\/schema\/logo\/image\/","url":"http:\/\/www.muyjujuy.com\/wp-content\/uploads\/2022\/05\/logo-mobil-jujuy.png","contentUrl":"http:\/\/www.muyjujuy.com\/wp-content\/uploads\/2022\/05\/logo-mobil-jujuy.png","width":174,"height":81,"caption":"Muy Jujuy"},"image":{"@id":"https:\/\/www.muyjujuy.com\/#\/schema\/logo\/image\/"},"sameAs":["https:\/\/www.facebook.com\/muyjujuycom","https:\/\/x.com\/muyjujuy","https:\/\/www.instagram.com\/muyjujuycom"]},{"@type":"Person","@id":"https:\/\/www.muyjujuy.com\/#\/schema\/person\/a3b63db1f387ec4149299954904c5bf0","name":"admin","image":{"@type":"ImageObject","inLanguage":"es-AR","@id":"https:\/\/secure.gravatar.com\/avatar\/b6e63d8d3a73633362405a0ad27e9c28391755813b59886f19a99d6cef8a03fc?s=96&d=mm&r=g","url":"https:\/\/secure.gravatar.com\/avatar\/b6e63d8d3a73633362405a0ad27e9c28391755813b59886f19a99d6cef8a03fc?s=96&d=mm&r=g","contentUrl":"https:\/\/secure.gravatar.com\/avatar\/b6e63d8d3a73633362405a0ad27e9c28391755813b59886f19a99d6cef8a03fc?s=96&d=mm&r=g","caption":"admin"},"url":"https:\/\/www.muyjujuy.com\/index.php\/author\/soyeleditor\/"}]}},"_links":{"self":[{"href":"https:\/\/www.muyjujuy.com\/index.php\/wp-json\/wp\/v2\/posts\/2923","targetHints":{"allow":["GET"]}}],"collection":[{"href":"https:\/\/www.muyjujuy.com\/index.php\/wp-json\/wp\/v2\/posts"}],"about":[{"href":"https:\/\/www.muyjujuy.com\/index.php\/wp-json\/wp\/v2\/types\/post"}],"author":[{"embeddable":true,"href":"https:\/\/www.muyjujuy.com\/index.php\/wp-json\/wp\/v2\/users\/1"}],"replies":[{"embeddable":true,"href":"https:\/\/www.muyjujuy.com\/index.php\/wp-json\/wp\/v2\/comments?post=2923"}],"version-history":[{"count":1,"href":"https:\/\/www.muyjujuy.com\/index.php\/wp-json\/wp\/v2\/posts\/2923\/revisions"}],"predecessor-version":[{"id":2925,"href":"https:\/\/www.muyjujuy.com\/index.php\/wp-json\/wp\/v2\/posts\/2923\/revisions\/2925"}],"wp:featuredmedia":[{"embeddable":true,"href":"https:\/\/www.muyjujuy.com\/index.php\/wp-json\/wp\/v2\/media\/2924"}],"wp:attachment":[{"href":"https:\/\/www.muyjujuy.com\/index.php\/wp-json\/wp\/v2\/media?parent=2923"}],"wp:term":[{"taxonomy":"category","embeddable":true,"href":"https:\/\/www.muyjujuy.com\/index.php\/wp-json\/wp\/v2\/categories?post=2923"},{"taxonomy":"post_tag","embeddable":true,"href":"https:\/\/www.muyjujuy.com\/index.php\/wp-json\/wp\/v2\/tags?post=2923"}],"curies":[{"name":"wp","href":"https:\/\/api.w.org\/{rel}","templated":true}]}}