{"id":2970,"date":"2025-10-14T09:47:00","date_gmt":"2025-10-14T12:47:00","guid":{"rendered":"https:\/\/www.muyjujuy.com\/?p=2970"},"modified":"2025-10-14T09:47:03","modified_gmt":"2025-10-14T12:47:03","slug":"jujuy-realizara-la-expo-formacion-para-el-trabajo-con-muestras-y-talleres-en-la-ciudad-cultural","status":"publish","type":"post","link":"https:\/\/www.muyjujuy.com\/index.php\/2025\/10\/14\/jujuy-realizara-la-expo-formacion-para-el-trabajo-con-muestras-y-talleres-en-la-ciudad-cultural\/","title":{"rendered":"Jujuy realizar\u00e1 la Expo Formaci\u00f3n para el Trabajo con muestras y talleres en la Ciudad Cultural"},"content":{"rendered":"\n<h2 class=\"wp-block-heading\">El pr\u00f3ximo 22 de octubre, la Ciudad Cultural de Jujuy ser\u00e1 sede de la Expo Formaci\u00f3n para el Trabajo, un encuentro organizado por el Ministerio de Gobierno, Justicia, Derechos Humanos y Trabajo para mostrar el trabajo de emprendedores que completaron los cursos de la Academia de Oficios. La jornada tendr\u00e1 entrada libre y gratuita.<\/h2>\n\n\n\n<p>La exposici\u00f3n incluir\u00e1 presentaciones en <strong>alba\u00f1iler\u00eda, gastronom\u00eda, electricidad y refrigeraci\u00f3n<\/strong>, entre otras capacitaciones dictadas por la Secretar\u00eda de Trabajo. Seg\u00fan adelant\u00f3 el ministro <strong>Normando \u00c1lvarez Garc\u00eda<\/strong>, la iniciativa buscar\u00e1 ser un puente entre los egresados y <strong>oportunidades reales de empleo<\/strong>. Tambi\u00e9n se exhibir\u00e1 un <strong>simulador de camiones de \u00faltima tecnolog\u00eda<\/strong>, que permitir\u00e1 capacitarse en maquinaria pesada y manejo vial.<\/p>\n\n\n\n<p>Adem\u00e1s, la propuesta sumar\u00e1 <strong>charlas y talleres sobre Inteligencia Artificial, competencias laborales, armado de curr\u00edculum, emprendedurismo y orientaci\u00f3n laboral<\/strong>, con el objetivo de brindar herramientas para el acceso al mercado de trabajo.<\/p>\n\n\n\n<p>Durante la jornada, los asistentes tambi\u00e9n podr\u00e1n realizar <strong>tr\u00e1mites de DNI, planilla prontuarial y gestiones registrales<\/strong> a trav\u00e9s de puestos del <strong>Registro Civil, la Polic\u00eda de la Provincia y otras \u00e1reas de gobierno<\/strong>, que acompa\u00f1ar\u00e1n la muestra.<\/p>\n\n\n\n<figure class=\"wp-block-image size-large\"><img decoding=\"async\" src=\"https:\/\/media.prensa.jujuy.gob.ar\/p\/40b06e4f72bab2eab8116ffc2689aa89\/adjuntos\/301\/imagenes\/000\/418\/0000418582\/1200x0\/smart\/expomuestra.jpg\" alt=\"\"\/><\/figure>\n","protected":false},"excerpt":{"rendered":"<p>El pr\u00f3ximo 22 de octubre, la Ciudad Cultural de Jujuy ser\u00e1 sede de la Expo Formaci\u00f3n para el Trabajo, un encuentro organizado por el Ministerio de Gobierno, Justicia, Derechos Humanos y Trabajo para mostrar el trabajo de emprendedores que completaron los cursos de la Academia de Oficios. La jornada tendr\u00e1 entrada libre y gratuita. La [&hellip;]<\/p>\n","protected":false},"author":1,"featured_media":2971,"comment_status":"open","ping_status":"open","sticky":false,"template":"","format":"standard","meta":{"footnotes":""},"categories":[863,25],"tags":[],"class_list":{"0":"post-2970","1":"post","2":"type-post","3":"status-publish","4":"format-standard","5":"has-post-thumbnail","7":"category-jujuy","8":"category-sociedad"},"yoast_head":"<!-- This site is optimized with the Yoast SEO plugin v27.5 - https:\/\/yoast.com\/product\/yoast-seo-wordpress\/ -->\n<title>Jujuy realizar\u00e1 la Expo Formaci\u00f3n para el Trabajo con muestras y talleres en la Ciudad Cultural - Muy Jujuy<\/title>\n<meta name=\"robots\" content=\"index, follow, max-snippet:-1, max-image-preview:large, max-video-preview:-1\" \/>\n<link rel=\"canonical\" href=\"https:\/\/www.muyjujuy.com\/index.php\/2025\/10\/14\/jujuy-realizara-la-expo-formacion-para-el-trabajo-con-muestras-y-talleres-en-la-ciudad-cultural\/\" \/>\n<meta property=\"og:locale\" content=\"es_ES\" \/>\n<meta property=\"og:type\" content=\"article\" \/>\n<meta property=\"og:title\" content=\"Jujuy realizar\u00e1 la Expo Formaci\u00f3n para el Trabajo con muestras y talleres en la Ciudad Cultural - Muy Jujuy\" \/>\n<meta property=\"og:description\" content=\"El pr\u00f3ximo 22 de octubre, la Ciudad Cultural de Jujuy ser\u00e1 sede de la Expo Formaci\u00f3n para el Trabajo, un encuentro organizado por el Ministerio de Gobierno, Justicia, Derechos Humanos y Trabajo para mostrar el trabajo de emprendedores que completaron los cursos de la Academia de Oficios. La jornada tendr\u00e1 entrada libre y gratuita. La [&hellip;]\" \/>\n<meta property=\"og:url\" content=\"https:\/\/www.muyjujuy.com\/index.php\/2025\/10\/14\/jujuy-realizara-la-expo-formacion-para-el-trabajo-con-muestras-y-talleres-en-la-ciudad-cultural\/\" \/>\n<meta property=\"og:site_name\" content=\"Muy Jujuy\" \/>\n<meta property=\"article:publisher\" content=\"https:\/\/www.facebook.com\/muyjujuycom\" \/>\n<meta property=\"article:published_time\" content=\"2025-10-14T12:47:00+00:00\" \/>\n<meta property=\"article:modified_time\" content=\"2025-10-14T12:47:03+00:00\" \/>\n<meta property=\"og:image\" content=\"https:\/\/www.muyjujuy.com\/wp-content\/uploads\/2025\/10\/jujuy-8.jpg\" \/>\n\t<meta property=\"og:image:width\" content=\"955\" \/>\n\t<meta property=\"og:image:height\" content=\"503\" \/>\n\t<meta property=\"og:image:type\" content=\"image\/jpeg\" \/>\n<meta name=\"author\" content=\"admin\" \/>\n<meta name=\"twitter:card\" content=\"summary_large_image\" \/>\n<meta name=\"twitter:creator\" content=\"@muyjujuy\" \/>\n<meta name=\"twitter:site\" content=\"@muyjujuy\" \/>\n<meta name=\"twitter:label1\" content=\"Escrito por\" \/>\n\t<meta name=\"twitter:data1\" content=\"admin\" \/>\n\t<meta name=\"twitter:label2\" content=\"Tiempo de lectura\" \/>\n\t<meta name=\"twitter:data2\" content=\"2 minutos\" \/>\n<script type=\"application\/ld+json\" class=\"yoast-schema-graph\">{\"@context\":\"https:\\\/\\\/schema.org\",\"@graph\":[{\"@type\":\"Article\",\"@id\":\"https:\\\/\\\/www.muyjujuy.com\\\/index.php\\\/2025\\\/10\\\/14\\\/jujuy-realizara-la-expo-formacion-para-el-trabajo-con-muestras-y-talleres-en-la-ciudad-cultural\\\/#article\",\"isPartOf\":{\"@id\":\"https:\\\/\\\/www.muyjujuy.com\\\/index.php\\\/2025\\\/10\\\/14\\\/jujuy-realizara-la-expo-formacion-para-el-trabajo-con-muestras-y-talleres-en-la-ciudad-cultural\\\/\"},\"author\":{\"name\":\"admin\",\"@id\":\"https:\\\/\\\/www.muyjujuy.com\\\/#\\\/schema\\\/person\\\/a3b63db1f387ec4149299954904c5bf0\"},\"headline\":\"Jujuy realizar\u00e1 la Expo Formaci\u00f3n para el Trabajo con muestras y talleres en la Ciudad Cultural\",\"datePublished\":\"2025-10-14T12:47:00+00:00\",\"dateModified\":\"2025-10-14T12:47:03+00:00\",\"mainEntityOfPage\":{\"@id\":\"https:\\\/\\\/www.muyjujuy.com\\\/index.php\\\/2025\\\/10\\\/14\\\/jujuy-realizara-la-expo-formacion-para-el-trabajo-con-muestras-y-talleres-en-la-ciudad-cultural\\\/\"},\"wordCount\":220,\"commentCount\":0,\"publisher\":{\"@id\":\"https:\\\/\\\/www.muyjujuy.com\\\/#organization\"},\"image\":{\"@id\":\"https:\\\/\\\/www.muyjujuy.com\\\/index.php\\\/2025\\\/10\\\/14\\\/jujuy-realizara-la-expo-formacion-para-el-trabajo-con-muestras-y-talleres-en-la-ciudad-cultural\\\/#primaryimage\"},\"thumbnailUrl\":\"https:\\\/\\\/www.muyjujuy.com\\\/wp-content\\\/uploads\\\/2025\\\/10\\\/jujuy-8.jpg\",\"articleSection\":[\"JUJUY\",\"Sociedad\"],\"inLanguage\":\"es-AR\",\"potentialAction\":[{\"@type\":\"CommentAction\",\"name\":\"Comment\",\"target\":[\"https:\\\/\\\/www.muyjujuy.com\\\/index.php\\\/2025\\\/10\\\/14\\\/jujuy-realizara-la-expo-formacion-para-el-trabajo-con-muestras-y-talleres-en-la-ciudad-cultural\\\/#respond\"]}]},{\"@type\":\"WebPage\",\"@id\":\"https:\\\/\\\/www.muyjujuy.com\\\/index.php\\\/2025\\\/10\\\/14\\\/jujuy-realizara-la-expo-formacion-para-el-trabajo-con-muestras-y-talleres-en-la-ciudad-cultural\\\/\",\"url\":\"https:\\\/\\\/www.muyjujuy.com\\\/index.php\\\/2025\\\/10\\\/14\\\/jujuy-realizara-la-expo-formacion-para-el-trabajo-con-muestras-y-talleres-en-la-ciudad-cultural\\\/\",\"name\":\"Jujuy realizar\u00e1 la Expo Formaci\u00f3n para el Trabajo con muestras y talleres en la Ciudad Cultural - Muy Jujuy\",\"isPartOf\":{\"@id\":\"https:\\\/\\\/www.muyjujuy.com\\\/#website\"},\"primaryImageOfPage\":{\"@id\":\"https:\\\/\\\/www.muyjujuy.com\\\/index.php\\\/2025\\\/10\\\/14\\\/jujuy-realizara-la-expo-formacion-para-el-trabajo-con-muestras-y-talleres-en-la-ciudad-cultural\\\/#primaryimage\"},\"image\":{\"@id\":\"https:\\\/\\\/www.muyjujuy.com\\\/index.php\\\/2025\\\/10\\\/14\\\/jujuy-realizara-la-expo-formacion-para-el-trabajo-con-muestras-y-talleres-en-la-ciudad-cultural\\\/#primaryimage\"},\"thumbnailUrl\":\"https:\\\/\\\/www.muyjujuy.com\\\/wp-content\\\/uploads\\\/2025\\\/10\\\/jujuy-8.jpg\",\"datePublished\":\"2025-10-14T12:47:00+00:00\",\"dateModified\":\"2025-10-14T12:47:03+00:00\",\"breadcrumb\":{\"@id\":\"https:\\\/\\\/www.muyjujuy.com\\\/index.php\\\/2025\\\/10\\\/14\\\/jujuy-realizara-la-expo-formacion-para-el-trabajo-con-muestras-y-talleres-en-la-ciudad-cultural\\\/#breadcrumb\"},\"inLanguage\":\"es-AR\",\"potentialAction\":[{\"@type\":\"ReadAction\",\"target\":[\"https:\\\/\\\/www.muyjujuy.com\\\/index.php\\\/2025\\\/10\\\/14\\\/jujuy-realizara-la-expo-formacion-para-el-trabajo-con-muestras-y-talleres-en-la-ciudad-cultural\\\/\"]}]},{\"@type\":\"ImageObject\",\"inLanguage\":\"es-AR\",\"@id\":\"https:\\\/\\\/www.muyjujuy.com\\\/index.php\\\/2025\\\/10\\\/14\\\/jujuy-realizara-la-expo-formacion-para-el-trabajo-con-muestras-y-talleres-en-la-ciudad-cultural\\\/#primaryimage\",\"url\":\"https:\\\/\\\/www.muyjujuy.com\\\/wp-content\\\/uploads\\\/2025\\\/10\\\/jujuy-8.jpg\",\"contentUrl\":\"https:\\\/\\\/www.muyjujuy.com\\\/wp-content\\\/uploads\\\/2025\\\/10\\\/jujuy-8.jpg\",\"width\":955,\"height\":503},{\"@type\":\"BreadcrumbList\",\"@id\":\"https:\\\/\\\/www.muyjujuy.com\\\/index.php\\\/2025\\\/10\\\/14\\\/jujuy-realizara-la-expo-formacion-para-el-trabajo-con-muestras-y-talleres-en-la-ciudad-cultural\\\/#breadcrumb\",\"itemListElement\":[{\"@type\":\"ListItem\",\"position\":1,\"name\":\"Inicio\",\"item\":\"https:\\\/\\\/www.muyjujuy.com\\\/\"},{\"@type\":\"ListItem\",\"position\":2,\"name\":\"Jujuy realizar\u00e1 la Expo Formaci\u00f3n para el Trabajo con muestras y talleres en la Ciudad Cultural\"}]},{\"@type\":\"WebSite\",\"@id\":\"https:\\\/\\\/www.muyjujuy.com\\\/#website\",\"url\":\"https:\\\/\\\/www.muyjujuy.com\\\/\",\"name\":\"Muy Jujuy\",\"description\":\"\",\"publisher\":{\"@id\":\"https:\\\/\\\/www.muyjujuy.com\\\/#organization\"},\"potentialAction\":[{\"@type\":\"SearchAction\",\"target\":{\"@type\":\"EntryPoint\",\"urlTemplate\":\"https:\\\/\\\/www.muyjujuy.com\\\/?s={search_term_string}\"},\"query-input\":{\"@type\":\"PropertyValueSpecification\",\"valueRequired\":true,\"valueName\":\"search_term_string\"}}],\"inLanguage\":\"es-AR\"},{\"@type\":\"Organization\",\"@id\":\"https:\\\/\\\/www.muyjujuy.com\\\/#organization\",\"name\":\"Muy Jujuy\",\"url\":\"https:\\\/\\\/www.muyjujuy.com\\\/\",\"logo\":{\"@type\":\"ImageObject\",\"inLanguage\":\"es-AR\",\"@id\":\"https:\\\/\\\/www.muyjujuy.com\\\/#\\\/schema\\\/logo\\\/image\\\/\",\"url\":\"http:\\\/\\\/www.muyjujuy.com\\\/wp-content\\\/uploads\\\/2022\\\/05\\\/logo-mobil-jujuy.png\",\"contentUrl\":\"http:\\\/\\\/www.muyjujuy.com\\\/wp-content\\\/uploads\\\/2022\\\/05\\\/logo-mobil-jujuy.png\",\"width\":174,\"height\":81,\"caption\":\"Muy Jujuy\"},\"image\":{\"@id\":\"https:\\\/\\\/www.muyjujuy.com\\\/#\\\/schema\\\/logo\\\/image\\\/\"},\"sameAs\":[\"https:\\\/\\\/www.facebook.com\\\/muyjujuycom\",\"https:\\\/\\\/x.com\\\/muyjujuy\",\"https:\\\/\\\/www.instagram.com\\\/muyjujuycom\"]},{\"@type\":\"Person\",\"@id\":\"https:\\\/\\\/www.muyjujuy.com\\\/#\\\/schema\\\/person\\\/a3b63db1f387ec4149299954904c5bf0\",\"name\":\"admin\",\"image\":{\"@type\":\"ImageObject\",\"inLanguage\":\"es-AR\",\"@id\":\"https:\\\/\\\/secure.gravatar.com\\\/avatar\\\/b6e63d8d3a73633362405a0ad27e9c28391755813b59886f19a99d6cef8a03fc?s=96&d=mm&r=g\",\"url\":\"https:\\\/\\\/secure.gravatar.com\\\/avatar\\\/b6e63d8d3a73633362405a0ad27e9c28391755813b59886f19a99d6cef8a03fc?s=96&d=mm&r=g\",\"contentUrl\":\"https:\\\/\\\/secure.gravatar.com\\\/avatar\\\/b6e63d8d3a73633362405a0ad27e9c28391755813b59886f19a99d6cef8a03fc?s=96&d=mm&r=g\",\"caption\":\"admin\"},\"url\":\"https:\\\/\\\/www.muyjujuy.com\\\/index.php\\\/author\\\/soyeleditor\\\/\"}]}<\/script>\n<!-- \/ Yoast SEO plugin. -->","yoast_head_json":{"title":"Jujuy realizar\u00e1 la Expo Formaci\u00f3n para el Trabajo con muestras y talleres en la Ciudad Cultural - Muy Jujuy","robots":{"index":"index","follow":"follow","max-snippet":"max-snippet:-1","max-image-preview":"max-image-preview:large","max-video-preview":"max-video-preview:-1"},"canonical":"https:\/\/www.muyjujuy.com\/index.php\/2025\/10\/14\/jujuy-realizara-la-expo-formacion-para-el-trabajo-con-muestras-y-talleres-en-la-ciudad-cultural\/","og_locale":"es_ES","og_type":"article","og_title":"Jujuy realizar\u00e1 la Expo Formaci\u00f3n para el Trabajo con muestras y talleres en la Ciudad Cultural - Muy Jujuy","og_description":"El pr\u00f3ximo 22 de octubre, la Ciudad Cultural de Jujuy ser\u00e1 sede de la Expo Formaci\u00f3n para el Trabajo, un encuentro organizado por el Ministerio de Gobierno, Justicia, Derechos Humanos y Trabajo para mostrar el trabajo de emprendedores que completaron los cursos de la Academia de Oficios. La jornada tendr\u00e1 entrada libre y gratuita. La [&hellip;]","og_url":"https:\/\/www.muyjujuy.com\/index.php\/2025\/10\/14\/jujuy-realizara-la-expo-formacion-para-el-trabajo-con-muestras-y-talleres-en-la-ciudad-cultural\/","og_site_name":"Muy Jujuy","article_publisher":"https:\/\/www.facebook.com\/muyjujuycom","article_published_time":"2025-10-14T12:47:00+00:00","article_modified_time":"2025-10-14T12:47:03+00:00","og_image":[{"width":955,"height":503,"url":"https:\/\/www.muyjujuy.com\/wp-content\/uploads\/2025\/10\/jujuy-8.jpg","type":"image\/jpeg"}],"author":"admin","twitter_card":"summary_large_image","twitter_creator":"@muyjujuy","twitter_site":"@muyjujuy","twitter_misc":{"Escrito por":"admin","Tiempo de lectura":"2 minutos"},"schema":{"@context":"https:\/\/schema.org","@graph":[{"@type":"Article","@id":"https:\/\/www.muyjujuy.com\/index.php\/2025\/10\/14\/jujuy-realizara-la-expo-formacion-para-el-trabajo-con-muestras-y-talleres-en-la-ciudad-cultural\/#article","isPartOf":{"@id":"https:\/\/www.muyjujuy.com\/index.php\/2025\/10\/14\/jujuy-realizara-la-expo-formacion-para-el-trabajo-con-muestras-y-talleres-en-la-ciudad-cultural\/"},"author":{"name":"admin","@id":"https:\/\/www.muyjujuy.com\/#\/schema\/person\/a3b63db1f387ec4149299954904c5bf0"},"headline":"Jujuy realizar\u00e1 la Expo Formaci\u00f3n para el Trabajo con muestras y talleres en la Ciudad Cultural","datePublished":"2025-10-14T12:47:00+00:00","dateModified":"2025-10-14T12:47:03+00:00","mainEntityOfPage":{"@id":"https:\/\/www.muyjujuy.com\/index.php\/2025\/10\/14\/jujuy-realizara-la-expo-formacion-para-el-trabajo-con-muestras-y-talleres-en-la-ciudad-cultural\/"},"wordCount":220,"commentCount":0,"publisher":{"@id":"https:\/\/www.muyjujuy.com\/#organization"},"image":{"@id":"https:\/\/www.muyjujuy.com\/index.php\/2025\/10\/14\/jujuy-realizara-la-expo-formacion-para-el-trabajo-con-muestras-y-talleres-en-la-ciudad-cultural\/#primaryimage"},"thumbnailUrl":"https:\/\/www.muyjujuy.com\/wp-content\/uploads\/2025\/10\/jujuy-8.jpg","articleSection":["JUJUY","Sociedad"],"inLanguage":"es-AR","potentialAction":[{"@type":"CommentAction","name":"Comment","target":["https:\/\/www.muyjujuy.com\/index.php\/2025\/10\/14\/jujuy-realizara-la-expo-formacion-para-el-trabajo-con-muestras-y-talleres-en-la-ciudad-cultural\/#respond"]}]},{"@type":"WebPage","@id":"https:\/\/www.muyjujuy.com\/index.php\/2025\/10\/14\/jujuy-realizara-la-expo-formacion-para-el-trabajo-con-muestras-y-talleres-en-la-ciudad-cultural\/","url":"https:\/\/www.muyjujuy.com\/index.php\/2025\/10\/14\/jujuy-realizara-la-expo-formacion-para-el-trabajo-con-muestras-y-talleres-en-la-ciudad-cultural\/","name":"Jujuy realizar\u00e1 la Expo Formaci\u00f3n para el Trabajo con muestras y talleres en la Ciudad Cultural - Muy Jujuy","isPartOf":{"@id":"https:\/\/www.muyjujuy.com\/#website"},"primaryImageOfPage":{"@id":"https:\/\/www.muyjujuy.com\/index.php\/2025\/10\/14\/jujuy-realizara-la-expo-formacion-para-el-trabajo-con-muestras-y-talleres-en-la-ciudad-cultural\/#primaryimage"},"image":{"@id":"https:\/\/www.muyjujuy.com\/index.php\/2025\/10\/14\/jujuy-realizara-la-expo-formacion-para-el-trabajo-con-muestras-y-talleres-en-la-ciudad-cultural\/#primaryimage"},"thumbnailUrl":"https:\/\/www.muyjujuy.com\/wp-content\/uploads\/2025\/10\/jujuy-8.jpg","datePublished":"2025-10-14T12:47:00+00:00","dateModified":"2025-10-14T12:47:03+00:00","breadcrumb":{"@id":"https:\/\/www.muyjujuy.com\/index.php\/2025\/10\/14\/jujuy-realizara-la-expo-formacion-para-el-trabajo-con-muestras-y-talleres-en-la-ciudad-cultural\/#breadcrumb"},"inLanguage":"es-AR","potentialAction":[{"@type":"ReadAction","target":["https:\/\/www.muyjujuy.com\/index.php\/2025\/10\/14\/jujuy-realizara-la-expo-formacion-para-el-trabajo-con-muestras-y-talleres-en-la-ciudad-cultural\/"]}]},{"@type":"ImageObject","inLanguage":"es-AR","@id":"https:\/\/www.muyjujuy.com\/index.php\/2025\/10\/14\/jujuy-realizara-la-expo-formacion-para-el-trabajo-con-muestras-y-talleres-en-la-ciudad-cultural\/#primaryimage","url":"https:\/\/www.muyjujuy.com\/wp-content\/uploads\/2025\/10\/jujuy-8.jpg","contentUrl":"https:\/\/www.muyjujuy.com\/wp-content\/uploads\/2025\/10\/jujuy-8.jpg","width":955,"height":503},{"@type":"BreadcrumbList","@id":"https:\/\/www.muyjujuy.com\/index.php\/2025\/10\/14\/jujuy-realizara-la-expo-formacion-para-el-trabajo-con-muestras-y-talleres-en-la-ciudad-cultural\/#breadcrumb","itemListElement":[{"@type":"ListItem","position":1,"name":"Inicio","item":"https:\/\/www.muyjujuy.com\/"},{"@type":"ListItem","position":2,"name":"Jujuy realizar\u00e1 la Expo Formaci\u00f3n para el Trabajo con muestras y talleres en la Ciudad Cultural"}]},{"@type":"WebSite","@id":"https:\/\/www.muyjujuy.com\/#website","url":"https:\/\/www.muyjujuy.com\/","name":"Muy Jujuy","description":"","publisher":{"@id":"https:\/\/www.muyjujuy.com\/#organization"},"potentialAction":[{"@type":"SearchAction","target":{"@type":"EntryPoint","urlTemplate":"https:\/\/www.muyjujuy.com\/?s={search_term_string}"},"query-input":{"@type":"PropertyValueSpecification","valueRequired":true,"valueName":"search_term_string"}}],"inLanguage":"es-AR"},{"@type":"Organization","@id":"https:\/\/www.muyjujuy.com\/#organization","name":"Muy Jujuy","url":"https:\/\/www.muyjujuy.com\/","logo":{"@type":"ImageObject","inLanguage":"es-AR","@id":"https:\/\/www.muyjujuy.com\/#\/schema\/logo\/image\/","url":"http:\/\/www.muyjujuy.com\/wp-content\/uploads\/2022\/05\/logo-mobil-jujuy.png","contentUrl":"http:\/\/www.muyjujuy.com\/wp-content\/uploads\/2022\/05\/logo-mobil-jujuy.png","width":174,"height":81,"caption":"Muy Jujuy"},"image":{"@id":"https:\/\/www.muyjujuy.com\/#\/schema\/logo\/image\/"},"sameAs":["https:\/\/www.facebook.com\/muyjujuycom","https:\/\/x.com\/muyjujuy","https:\/\/www.instagram.com\/muyjujuycom"]},{"@type":"Person","@id":"https:\/\/www.muyjujuy.com\/#\/schema\/person\/a3b63db1f387ec4149299954904c5bf0","name":"admin","image":{"@type":"ImageObject","inLanguage":"es-AR","@id":"https:\/\/secure.gravatar.com\/avatar\/b6e63d8d3a73633362405a0ad27e9c28391755813b59886f19a99d6cef8a03fc?s=96&d=mm&r=g","url":"https:\/\/secure.gravatar.com\/avatar\/b6e63d8d3a73633362405a0ad27e9c28391755813b59886f19a99d6cef8a03fc?s=96&d=mm&r=g","contentUrl":"https:\/\/secure.gravatar.com\/avatar\/b6e63d8d3a73633362405a0ad27e9c28391755813b59886f19a99d6cef8a03fc?s=96&d=mm&r=g","caption":"admin"},"url":"https:\/\/www.muyjujuy.com\/index.php\/author\/soyeleditor\/"}]}},"_links":{"self":[{"href":"https:\/\/www.muyjujuy.com\/index.php\/wp-json\/wp\/v2\/posts\/2970","targetHints":{"allow":["GET"]}}],"collection":[{"href":"https:\/\/www.muyjujuy.com\/index.php\/wp-json\/wp\/v2\/posts"}],"about":[{"href":"https:\/\/www.muyjujuy.com\/index.php\/wp-json\/wp\/v2\/types\/post"}],"author":[{"embeddable":true,"href":"https:\/\/www.muyjujuy.com\/index.php\/wp-json\/wp\/v2\/users\/1"}],"replies":[{"embeddable":true,"href":"https:\/\/www.muyjujuy.com\/index.php\/wp-json\/wp\/v2\/comments?post=2970"}],"version-history":[{"count":1,"href":"https:\/\/www.muyjujuy.com\/index.php\/wp-json\/wp\/v2\/posts\/2970\/revisions"}],"predecessor-version":[{"id":2972,"href":"https:\/\/www.muyjujuy.com\/index.php\/wp-json\/wp\/v2\/posts\/2970\/revisions\/2972"}],"wp:featuredmedia":[{"embeddable":true,"href":"https:\/\/www.muyjujuy.com\/index.php\/wp-json\/wp\/v2\/media\/2971"}],"wp:attachment":[{"href":"https:\/\/www.muyjujuy.com\/index.php\/wp-json\/wp\/v2\/media?parent=2970"}],"wp:term":[{"taxonomy":"category","embeddable":true,"href":"https:\/\/www.muyjujuy.com\/index.php\/wp-json\/wp\/v2\/categories?post=2970"},{"taxonomy":"post_tag","embeddable":true,"href":"https:\/\/www.muyjujuy.com\/index.php\/wp-json\/wp\/v2\/tags?post=2970"}],"curies":[{"name":"wp","href":"https:\/\/api.w.org\/{rel}","templated":true}]}}