{"id":2973,"date":"2025-10-15T10:40:44","date_gmt":"2025-10-15T13:40:44","guid":{"rendered":"https:\/\/www.muyjujuy.com\/?p=2973"},"modified":"2025-10-15T10:40:46","modified_gmt":"2025-10-15T13:40:46","slug":"jujuy-comerciantes-esperan-repunte-por-el-dia-de-la-madre-pese-a-la-crisis-del-sector","status":"publish","type":"post","link":"https:\/\/www.muyjujuy.com\/index.php\/2025\/10\/15\/jujuy-comerciantes-esperan-repunte-por-el-dia-de-la-madre-pese-a-la-crisis-del-sector\/","title":{"rendered":"Jujuy: comerciantes esperan repunte por el D\u00eda de la Madre pese a la crisis del sector"},"content":{"rendered":"\n<h2 class=\"wp-block-heading\">La C\u00e1mara de Comercio advirti\u00f3 que las ventas siguen en niveles bajos y que los locales formales compiten con el comercio informal y las plataformas online. La fecha representa una oportunidad clave para sostener la actividad.<\/h2>\n\n\n\n<p>De cara al <strong>D\u00eda de la Madre<\/strong>, los comerciantes juje\u00f1os mantienen expectativas moderadas. El presidente de la <strong>C\u00e1mara de Comercio y Servicios de Jujuy, Alejandro Bustamante<\/strong>, reconoci\u00f3 que la situaci\u00f3n general del sector contin\u00faa complicada, marcada por la ca\u00edda del consumo, la falta de liquidez y la presi\u00f3n de la econom\u00eda informal.<\/p>\n\n\n\n<p>El dirigente explic\u00f3 que muchos locales no logran cubrir sus obligaciones mensuales y que esta fecha suele superar incluso a las fiestas de fin de a\u00f1o en volumen de ventas. Sin embargo, remarc\u00f3 que el avance de las <strong>compras online<\/strong> y la <strong>proliferaci\u00f3n de comercios informales<\/strong> generan una competencia desleal para los negocios que tributan impuestos y tienen personal registrado.<\/p>\n\n\n\n<p>Bustamante se\u00f1al\u00f3 que la recuperaci\u00f3n del consumo depender\u00e1 de una mejora en el poder adquisitivo de los asalariados, hoy fuertemente deteriorado. Tambi\u00e9n reconoci\u00f3 que varios comerciantes est\u00e1n al l\u00edmite de su capacidad de pago, priorizando alquileres o sueldos por sobre impuestos. \u201cEsperamos que los pr\u00f3ximos meses traigan algo de alivio y podamos trabajar con mayor tranquilidad\u201d, sostuvo.<\/p>\n\n\n\n<p><\/p>\n","protected":false},"excerpt":{"rendered":"<p>La C\u00e1mara de Comercio advirti\u00f3 que las ventas siguen en niveles bajos y que los locales formales compiten con el comercio informal y las plataformas online. La fecha representa una oportunidad clave para sostener la actividad. De cara al D\u00eda de la Madre, los comerciantes juje\u00f1os mantienen expectativas moderadas. El presidente de la C\u00e1mara de [&hellip;]<\/p>\n","protected":false},"author":1,"featured_media":2974,"comment_status":"open","ping_status":"open","sticky":false,"template":"","format":"standard","meta":{"footnotes":""},"categories":[863,25],"tags":[],"class_list":{"0":"post-2973","1":"post","2":"type-post","3":"status-publish","4":"format-standard","5":"has-post-thumbnail","7":"category-jujuy","8":"category-sociedad"},"yoast_head":"<!-- This site is optimized with the Yoast SEO plugin v27.5 - https:\/\/yoast.com\/product\/yoast-seo-wordpress\/ -->\n<title>Jujuy: comerciantes esperan repunte por el D\u00eda de la Madre pese a la crisis del sector - Muy Jujuy<\/title>\n<meta name=\"robots\" content=\"index, follow, max-snippet:-1, max-image-preview:large, max-video-preview:-1\" \/>\n<link rel=\"canonical\" href=\"https:\/\/www.muyjujuy.com\/index.php\/2025\/10\/15\/jujuy-comerciantes-esperan-repunte-por-el-dia-de-la-madre-pese-a-la-crisis-del-sector\/\" \/>\n<meta property=\"og:locale\" content=\"es_ES\" \/>\n<meta property=\"og:type\" content=\"article\" \/>\n<meta property=\"og:title\" content=\"Jujuy: comerciantes esperan repunte por el D\u00eda de la Madre pese a la crisis del sector - Muy Jujuy\" \/>\n<meta property=\"og:description\" content=\"La C\u00e1mara de Comercio advirti\u00f3 que las ventas siguen en niveles bajos y que los locales formales compiten con el comercio informal y las plataformas online. La fecha representa una oportunidad clave para sostener la actividad. De cara al D\u00eda de la Madre, los comerciantes juje\u00f1os mantienen expectativas moderadas. El presidente de la C\u00e1mara de [&hellip;]\" \/>\n<meta property=\"og:url\" content=\"https:\/\/www.muyjujuy.com\/index.php\/2025\/10\/15\/jujuy-comerciantes-esperan-repunte-por-el-dia-de-la-madre-pese-a-la-crisis-del-sector\/\" \/>\n<meta property=\"og:site_name\" content=\"Muy Jujuy\" \/>\n<meta property=\"article:publisher\" content=\"https:\/\/www.facebook.com\/muyjujuycom\" \/>\n<meta property=\"article:published_time\" content=\"2025-10-15T13:40:44+00:00\" \/>\n<meta property=\"article:modified_time\" content=\"2025-10-15T13:40:46+00:00\" \/>\n<meta property=\"og:image\" content=\"https:\/\/www.muyjujuy.com\/wp-content\/uploads\/2025\/10\/jujuy-9.jpg\" \/>\n\t<meta property=\"og:image:width\" content=\"957\" \/>\n\t<meta property=\"og:image:height\" content=\"529\" \/>\n\t<meta property=\"og:image:type\" content=\"image\/jpeg\" \/>\n<meta name=\"author\" content=\"admin\" \/>\n<meta name=\"twitter:card\" content=\"summary_large_image\" \/>\n<meta name=\"twitter:creator\" content=\"@muyjujuy\" \/>\n<meta name=\"twitter:site\" content=\"@muyjujuy\" \/>\n<meta name=\"twitter:label1\" content=\"Escrito por\" \/>\n\t<meta name=\"twitter:data1\" content=\"admin\" \/>\n\t<meta name=\"twitter:label2\" content=\"Tiempo de lectura\" \/>\n\t<meta name=\"twitter:data2\" content=\"2 minutos\" \/>\n<script type=\"application\/ld+json\" class=\"yoast-schema-graph\">{\"@context\":\"https:\\\/\\\/schema.org\",\"@graph\":[{\"@type\":\"Article\",\"@id\":\"https:\\\/\\\/www.muyjujuy.com\\\/index.php\\\/2025\\\/10\\\/15\\\/jujuy-comerciantes-esperan-repunte-por-el-dia-de-la-madre-pese-a-la-crisis-del-sector\\\/#article\",\"isPartOf\":{\"@id\":\"https:\\\/\\\/www.muyjujuy.com\\\/index.php\\\/2025\\\/10\\\/15\\\/jujuy-comerciantes-esperan-repunte-por-el-dia-de-la-madre-pese-a-la-crisis-del-sector\\\/\"},\"author\":{\"name\":\"admin\",\"@id\":\"https:\\\/\\\/www.muyjujuy.com\\\/#\\\/schema\\\/person\\\/a3b63db1f387ec4149299954904c5bf0\"},\"headline\":\"Jujuy: comerciantes esperan repunte por el D\u00eda de la Madre pese a la crisis del sector\",\"datePublished\":\"2025-10-15T13:40:44+00:00\",\"dateModified\":\"2025-10-15T13:40:46+00:00\",\"mainEntityOfPage\":{\"@id\":\"https:\\\/\\\/www.muyjujuy.com\\\/index.php\\\/2025\\\/10\\\/15\\\/jujuy-comerciantes-esperan-repunte-por-el-dia-de-la-madre-pese-a-la-crisis-del-sector\\\/\"},\"wordCount\":239,\"commentCount\":0,\"publisher\":{\"@id\":\"https:\\\/\\\/www.muyjujuy.com\\\/#organization\"},\"image\":{\"@id\":\"https:\\\/\\\/www.muyjujuy.com\\\/index.php\\\/2025\\\/10\\\/15\\\/jujuy-comerciantes-esperan-repunte-por-el-dia-de-la-madre-pese-a-la-crisis-del-sector\\\/#primaryimage\"},\"thumbnailUrl\":\"https:\\\/\\\/www.muyjujuy.com\\\/wp-content\\\/uploads\\\/2025\\\/10\\\/jujuy-9.jpg\",\"articleSection\":[\"JUJUY\",\"Sociedad\"],\"inLanguage\":\"es-AR\",\"potentialAction\":[{\"@type\":\"CommentAction\",\"name\":\"Comment\",\"target\":[\"https:\\\/\\\/www.muyjujuy.com\\\/index.php\\\/2025\\\/10\\\/15\\\/jujuy-comerciantes-esperan-repunte-por-el-dia-de-la-madre-pese-a-la-crisis-del-sector\\\/#respond\"]}]},{\"@type\":\"WebPage\",\"@id\":\"https:\\\/\\\/www.muyjujuy.com\\\/index.php\\\/2025\\\/10\\\/15\\\/jujuy-comerciantes-esperan-repunte-por-el-dia-de-la-madre-pese-a-la-crisis-del-sector\\\/\",\"url\":\"https:\\\/\\\/www.muyjujuy.com\\\/index.php\\\/2025\\\/10\\\/15\\\/jujuy-comerciantes-esperan-repunte-por-el-dia-de-la-madre-pese-a-la-crisis-del-sector\\\/\",\"name\":\"Jujuy: comerciantes esperan repunte por el D\u00eda de la Madre pese a la crisis del sector - Muy Jujuy\",\"isPartOf\":{\"@id\":\"https:\\\/\\\/www.muyjujuy.com\\\/#website\"},\"primaryImageOfPage\":{\"@id\":\"https:\\\/\\\/www.muyjujuy.com\\\/index.php\\\/2025\\\/10\\\/15\\\/jujuy-comerciantes-esperan-repunte-por-el-dia-de-la-madre-pese-a-la-crisis-del-sector\\\/#primaryimage\"},\"image\":{\"@id\":\"https:\\\/\\\/www.muyjujuy.com\\\/index.php\\\/2025\\\/10\\\/15\\\/jujuy-comerciantes-esperan-repunte-por-el-dia-de-la-madre-pese-a-la-crisis-del-sector\\\/#primaryimage\"},\"thumbnailUrl\":\"https:\\\/\\\/www.muyjujuy.com\\\/wp-content\\\/uploads\\\/2025\\\/10\\\/jujuy-9.jpg\",\"datePublished\":\"2025-10-15T13:40:44+00:00\",\"dateModified\":\"2025-10-15T13:40:46+00:00\",\"breadcrumb\":{\"@id\":\"https:\\\/\\\/www.muyjujuy.com\\\/index.php\\\/2025\\\/10\\\/15\\\/jujuy-comerciantes-esperan-repunte-por-el-dia-de-la-madre-pese-a-la-crisis-del-sector\\\/#breadcrumb\"},\"inLanguage\":\"es-AR\",\"potentialAction\":[{\"@type\":\"ReadAction\",\"target\":[\"https:\\\/\\\/www.muyjujuy.com\\\/index.php\\\/2025\\\/10\\\/15\\\/jujuy-comerciantes-esperan-repunte-por-el-dia-de-la-madre-pese-a-la-crisis-del-sector\\\/\"]}]},{\"@type\":\"ImageObject\",\"inLanguage\":\"es-AR\",\"@id\":\"https:\\\/\\\/www.muyjujuy.com\\\/index.php\\\/2025\\\/10\\\/15\\\/jujuy-comerciantes-esperan-repunte-por-el-dia-de-la-madre-pese-a-la-crisis-del-sector\\\/#primaryimage\",\"url\":\"https:\\\/\\\/www.muyjujuy.com\\\/wp-content\\\/uploads\\\/2025\\\/10\\\/jujuy-9.jpg\",\"contentUrl\":\"https:\\\/\\\/www.muyjujuy.com\\\/wp-content\\\/uploads\\\/2025\\\/10\\\/jujuy-9.jpg\",\"width\":957,\"height\":529},{\"@type\":\"BreadcrumbList\",\"@id\":\"https:\\\/\\\/www.muyjujuy.com\\\/index.php\\\/2025\\\/10\\\/15\\\/jujuy-comerciantes-esperan-repunte-por-el-dia-de-la-madre-pese-a-la-crisis-del-sector\\\/#breadcrumb\",\"itemListElement\":[{\"@type\":\"ListItem\",\"position\":1,\"name\":\"Inicio\",\"item\":\"https:\\\/\\\/www.muyjujuy.com\\\/\"},{\"@type\":\"ListItem\",\"position\":2,\"name\":\"Jujuy: comerciantes esperan repunte por el D\u00eda de la Madre pese a la crisis del sector\"}]},{\"@type\":\"WebSite\",\"@id\":\"https:\\\/\\\/www.muyjujuy.com\\\/#website\",\"url\":\"https:\\\/\\\/www.muyjujuy.com\\\/\",\"name\":\"Muy Jujuy\",\"description\":\"\",\"publisher\":{\"@id\":\"https:\\\/\\\/www.muyjujuy.com\\\/#organization\"},\"potentialAction\":[{\"@type\":\"SearchAction\",\"target\":{\"@type\":\"EntryPoint\",\"urlTemplate\":\"https:\\\/\\\/www.muyjujuy.com\\\/?s={search_term_string}\"},\"query-input\":{\"@type\":\"PropertyValueSpecification\",\"valueRequired\":true,\"valueName\":\"search_term_string\"}}],\"inLanguage\":\"es-AR\"},{\"@type\":\"Organization\",\"@id\":\"https:\\\/\\\/www.muyjujuy.com\\\/#organization\",\"name\":\"Muy Jujuy\",\"url\":\"https:\\\/\\\/www.muyjujuy.com\\\/\",\"logo\":{\"@type\":\"ImageObject\",\"inLanguage\":\"es-AR\",\"@id\":\"https:\\\/\\\/www.muyjujuy.com\\\/#\\\/schema\\\/logo\\\/image\\\/\",\"url\":\"http:\\\/\\\/www.muyjujuy.com\\\/wp-content\\\/uploads\\\/2022\\\/05\\\/logo-mobil-jujuy.png\",\"contentUrl\":\"http:\\\/\\\/www.muyjujuy.com\\\/wp-content\\\/uploads\\\/2022\\\/05\\\/logo-mobil-jujuy.png\",\"width\":174,\"height\":81,\"caption\":\"Muy Jujuy\"},\"image\":{\"@id\":\"https:\\\/\\\/www.muyjujuy.com\\\/#\\\/schema\\\/logo\\\/image\\\/\"},\"sameAs\":[\"https:\\\/\\\/www.facebook.com\\\/muyjujuycom\",\"https:\\\/\\\/x.com\\\/muyjujuy\",\"https:\\\/\\\/www.instagram.com\\\/muyjujuycom\"]},{\"@type\":\"Person\",\"@id\":\"https:\\\/\\\/www.muyjujuy.com\\\/#\\\/schema\\\/person\\\/a3b63db1f387ec4149299954904c5bf0\",\"name\":\"admin\",\"image\":{\"@type\":\"ImageObject\",\"inLanguage\":\"es-AR\",\"@id\":\"https:\\\/\\\/secure.gravatar.com\\\/avatar\\\/b6e63d8d3a73633362405a0ad27e9c28391755813b59886f19a99d6cef8a03fc?s=96&d=mm&r=g\",\"url\":\"https:\\\/\\\/secure.gravatar.com\\\/avatar\\\/b6e63d8d3a73633362405a0ad27e9c28391755813b59886f19a99d6cef8a03fc?s=96&d=mm&r=g\",\"contentUrl\":\"https:\\\/\\\/secure.gravatar.com\\\/avatar\\\/b6e63d8d3a73633362405a0ad27e9c28391755813b59886f19a99d6cef8a03fc?s=96&d=mm&r=g\",\"caption\":\"admin\"},\"url\":\"https:\\\/\\\/www.muyjujuy.com\\\/index.php\\\/author\\\/soyeleditor\\\/\"}]}<\/script>\n<!-- \/ Yoast SEO plugin. -->","yoast_head_json":{"title":"Jujuy: comerciantes esperan repunte por el D\u00eda de la Madre pese a la crisis del sector - Muy Jujuy","robots":{"index":"index","follow":"follow","max-snippet":"max-snippet:-1","max-image-preview":"max-image-preview:large","max-video-preview":"max-video-preview:-1"},"canonical":"https:\/\/www.muyjujuy.com\/index.php\/2025\/10\/15\/jujuy-comerciantes-esperan-repunte-por-el-dia-de-la-madre-pese-a-la-crisis-del-sector\/","og_locale":"es_ES","og_type":"article","og_title":"Jujuy: comerciantes esperan repunte por el D\u00eda de la Madre pese a la crisis del sector - Muy Jujuy","og_description":"La C\u00e1mara de Comercio advirti\u00f3 que las ventas siguen en niveles bajos y que los locales formales compiten con el comercio informal y las plataformas online. La fecha representa una oportunidad clave para sostener la actividad. De cara al D\u00eda de la Madre, los comerciantes juje\u00f1os mantienen expectativas moderadas. El presidente de la C\u00e1mara de [&hellip;]","og_url":"https:\/\/www.muyjujuy.com\/index.php\/2025\/10\/15\/jujuy-comerciantes-esperan-repunte-por-el-dia-de-la-madre-pese-a-la-crisis-del-sector\/","og_site_name":"Muy Jujuy","article_publisher":"https:\/\/www.facebook.com\/muyjujuycom","article_published_time":"2025-10-15T13:40:44+00:00","article_modified_time":"2025-10-15T13:40:46+00:00","og_image":[{"width":957,"height":529,"url":"https:\/\/www.muyjujuy.com\/wp-content\/uploads\/2025\/10\/jujuy-9.jpg","type":"image\/jpeg"}],"author":"admin","twitter_card":"summary_large_image","twitter_creator":"@muyjujuy","twitter_site":"@muyjujuy","twitter_misc":{"Escrito por":"admin","Tiempo de lectura":"2 minutos"},"schema":{"@context":"https:\/\/schema.org","@graph":[{"@type":"Article","@id":"https:\/\/www.muyjujuy.com\/index.php\/2025\/10\/15\/jujuy-comerciantes-esperan-repunte-por-el-dia-de-la-madre-pese-a-la-crisis-del-sector\/#article","isPartOf":{"@id":"https:\/\/www.muyjujuy.com\/index.php\/2025\/10\/15\/jujuy-comerciantes-esperan-repunte-por-el-dia-de-la-madre-pese-a-la-crisis-del-sector\/"},"author":{"name":"admin","@id":"https:\/\/www.muyjujuy.com\/#\/schema\/person\/a3b63db1f387ec4149299954904c5bf0"},"headline":"Jujuy: comerciantes esperan repunte por el D\u00eda de la Madre pese a la crisis del sector","datePublished":"2025-10-15T13:40:44+00:00","dateModified":"2025-10-15T13:40:46+00:00","mainEntityOfPage":{"@id":"https:\/\/www.muyjujuy.com\/index.php\/2025\/10\/15\/jujuy-comerciantes-esperan-repunte-por-el-dia-de-la-madre-pese-a-la-crisis-del-sector\/"},"wordCount":239,"commentCount":0,"publisher":{"@id":"https:\/\/www.muyjujuy.com\/#organization"},"image":{"@id":"https:\/\/www.muyjujuy.com\/index.php\/2025\/10\/15\/jujuy-comerciantes-esperan-repunte-por-el-dia-de-la-madre-pese-a-la-crisis-del-sector\/#primaryimage"},"thumbnailUrl":"https:\/\/www.muyjujuy.com\/wp-content\/uploads\/2025\/10\/jujuy-9.jpg","articleSection":["JUJUY","Sociedad"],"inLanguage":"es-AR","potentialAction":[{"@type":"CommentAction","name":"Comment","target":["https:\/\/www.muyjujuy.com\/index.php\/2025\/10\/15\/jujuy-comerciantes-esperan-repunte-por-el-dia-de-la-madre-pese-a-la-crisis-del-sector\/#respond"]}]},{"@type":"WebPage","@id":"https:\/\/www.muyjujuy.com\/index.php\/2025\/10\/15\/jujuy-comerciantes-esperan-repunte-por-el-dia-de-la-madre-pese-a-la-crisis-del-sector\/","url":"https:\/\/www.muyjujuy.com\/index.php\/2025\/10\/15\/jujuy-comerciantes-esperan-repunte-por-el-dia-de-la-madre-pese-a-la-crisis-del-sector\/","name":"Jujuy: comerciantes esperan repunte por el D\u00eda de la Madre pese a la crisis del sector - Muy Jujuy","isPartOf":{"@id":"https:\/\/www.muyjujuy.com\/#website"},"primaryImageOfPage":{"@id":"https:\/\/www.muyjujuy.com\/index.php\/2025\/10\/15\/jujuy-comerciantes-esperan-repunte-por-el-dia-de-la-madre-pese-a-la-crisis-del-sector\/#primaryimage"},"image":{"@id":"https:\/\/www.muyjujuy.com\/index.php\/2025\/10\/15\/jujuy-comerciantes-esperan-repunte-por-el-dia-de-la-madre-pese-a-la-crisis-del-sector\/#primaryimage"},"thumbnailUrl":"https:\/\/www.muyjujuy.com\/wp-content\/uploads\/2025\/10\/jujuy-9.jpg","datePublished":"2025-10-15T13:40:44+00:00","dateModified":"2025-10-15T13:40:46+00:00","breadcrumb":{"@id":"https:\/\/www.muyjujuy.com\/index.php\/2025\/10\/15\/jujuy-comerciantes-esperan-repunte-por-el-dia-de-la-madre-pese-a-la-crisis-del-sector\/#breadcrumb"},"inLanguage":"es-AR","potentialAction":[{"@type":"ReadAction","target":["https:\/\/www.muyjujuy.com\/index.php\/2025\/10\/15\/jujuy-comerciantes-esperan-repunte-por-el-dia-de-la-madre-pese-a-la-crisis-del-sector\/"]}]},{"@type":"ImageObject","inLanguage":"es-AR","@id":"https:\/\/www.muyjujuy.com\/index.php\/2025\/10\/15\/jujuy-comerciantes-esperan-repunte-por-el-dia-de-la-madre-pese-a-la-crisis-del-sector\/#primaryimage","url":"https:\/\/www.muyjujuy.com\/wp-content\/uploads\/2025\/10\/jujuy-9.jpg","contentUrl":"https:\/\/www.muyjujuy.com\/wp-content\/uploads\/2025\/10\/jujuy-9.jpg","width":957,"height":529},{"@type":"BreadcrumbList","@id":"https:\/\/www.muyjujuy.com\/index.php\/2025\/10\/15\/jujuy-comerciantes-esperan-repunte-por-el-dia-de-la-madre-pese-a-la-crisis-del-sector\/#breadcrumb","itemListElement":[{"@type":"ListItem","position":1,"name":"Inicio","item":"https:\/\/www.muyjujuy.com\/"},{"@type":"ListItem","position":2,"name":"Jujuy: comerciantes esperan repunte por el D\u00eda de la Madre pese a la crisis del sector"}]},{"@type":"WebSite","@id":"https:\/\/www.muyjujuy.com\/#website","url":"https:\/\/www.muyjujuy.com\/","name":"Muy Jujuy","description":"","publisher":{"@id":"https:\/\/www.muyjujuy.com\/#organization"},"potentialAction":[{"@type":"SearchAction","target":{"@type":"EntryPoint","urlTemplate":"https:\/\/www.muyjujuy.com\/?s={search_term_string}"},"query-input":{"@type":"PropertyValueSpecification","valueRequired":true,"valueName":"search_term_string"}}],"inLanguage":"es-AR"},{"@type":"Organization","@id":"https:\/\/www.muyjujuy.com\/#organization","name":"Muy Jujuy","url":"https:\/\/www.muyjujuy.com\/","logo":{"@type":"ImageObject","inLanguage":"es-AR","@id":"https:\/\/www.muyjujuy.com\/#\/schema\/logo\/image\/","url":"http:\/\/www.muyjujuy.com\/wp-content\/uploads\/2022\/05\/logo-mobil-jujuy.png","contentUrl":"http:\/\/www.muyjujuy.com\/wp-content\/uploads\/2022\/05\/logo-mobil-jujuy.png","width":174,"height":81,"caption":"Muy Jujuy"},"image":{"@id":"https:\/\/www.muyjujuy.com\/#\/schema\/logo\/image\/"},"sameAs":["https:\/\/www.facebook.com\/muyjujuycom","https:\/\/x.com\/muyjujuy","https:\/\/www.instagram.com\/muyjujuycom"]},{"@type":"Person","@id":"https:\/\/www.muyjujuy.com\/#\/schema\/person\/a3b63db1f387ec4149299954904c5bf0","name":"admin","image":{"@type":"ImageObject","inLanguage":"es-AR","@id":"https:\/\/secure.gravatar.com\/avatar\/b6e63d8d3a73633362405a0ad27e9c28391755813b59886f19a99d6cef8a03fc?s=96&d=mm&r=g","url":"https:\/\/secure.gravatar.com\/avatar\/b6e63d8d3a73633362405a0ad27e9c28391755813b59886f19a99d6cef8a03fc?s=96&d=mm&r=g","contentUrl":"https:\/\/secure.gravatar.com\/avatar\/b6e63d8d3a73633362405a0ad27e9c28391755813b59886f19a99d6cef8a03fc?s=96&d=mm&r=g","caption":"admin"},"url":"https:\/\/www.muyjujuy.com\/index.php\/author\/soyeleditor\/"}]}},"_links":{"self":[{"href":"https:\/\/www.muyjujuy.com\/index.php\/wp-json\/wp\/v2\/posts\/2973","targetHints":{"allow":["GET"]}}],"collection":[{"href":"https:\/\/www.muyjujuy.com\/index.php\/wp-json\/wp\/v2\/posts"}],"about":[{"href":"https:\/\/www.muyjujuy.com\/index.php\/wp-json\/wp\/v2\/types\/post"}],"author":[{"embeddable":true,"href":"https:\/\/www.muyjujuy.com\/index.php\/wp-json\/wp\/v2\/users\/1"}],"replies":[{"embeddable":true,"href":"https:\/\/www.muyjujuy.com\/index.php\/wp-json\/wp\/v2\/comments?post=2973"}],"version-history":[{"count":1,"href":"https:\/\/www.muyjujuy.com\/index.php\/wp-json\/wp\/v2\/posts\/2973\/revisions"}],"predecessor-version":[{"id":2975,"href":"https:\/\/www.muyjujuy.com\/index.php\/wp-json\/wp\/v2\/posts\/2973\/revisions\/2975"}],"wp:featuredmedia":[{"embeddable":true,"href":"https:\/\/www.muyjujuy.com\/index.php\/wp-json\/wp\/v2\/media\/2974"}],"wp:attachment":[{"href":"https:\/\/www.muyjujuy.com\/index.php\/wp-json\/wp\/v2\/media?parent=2973"}],"wp:term":[{"taxonomy":"category","embeddable":true,"href":"https:\/\/www.muyjujuy.com\/index.php\/wp-json\/wp\/v2\/categories?post=2973"},{"taxonomy":"post_tag","embeddable":true,"href":"https:\/\/www.muyjujuy.com\/index.php\/wp-json\/wp\/v2\/tags?post=2973"}],"curies":[{"name":"wp","href":"https:\/\/api.w.org\/{rel}","templated":true}]}}