{"id":2999,"date":"2025-10-24T11:53:18","date_gmt":"2025-10-24T14:53:18","guid":{"rendered":"https:\/\/www.muyjujuy.com\/?p=2999"},"modified":"2025-10-24T11:53:20","modified_gmt":"2025-10-24T14:53:20","slug":"rio-blanco-celebrara-misas-este-domingo-pese-a-la-suspension-de-la-peregrinacion-oficial","status":"publish","type":"post","link":"https:\/\/www.muyjujuy.com\/index.php\/2025\/10\/24\/rio-blanco-celebrara-misas-este-domingo-pese-a-la-suspension-de-la-peregrinacion-oficial\/","title":{"rendered":"R\u00edo Blanco celebrar\u00e1 misas este domingo pese a la suspensi\u00f3n de la peregrinaci\u00f3n oficial"},"content":{"rendered":"\n<h2 class=\"wp-block-heading\">El santuario confirm\u00f3 que los oficios religiosos se realizar\u00e1n en los horarios habituales y llam\u00f3 a combinar la pr\u00e1ctica de la fe con el deber c\u00edvico de votar en las elecciones.<\/h2>\n\n\n\n<p>El <strong>Santuario de la Virgen de R\u00edo Blanco y Paypaya<\/strong> inform\u00f3 que este domingo 26 de octubre no se realizar\u00e1 la peregrinaci\u00f3n oficial debido a la veda electoral, aunque s\u00ed se mantendr\u00e1n las misas en los horarios habituales: <strong>8.30, 11.00 y 19.30<\/strong>. El padre <strong>Germ\u00e1n Macagno<\/strong> se\u00f1al\u00f3 que los fieles podr\u00e1n acercarse libremente al templo y participar de las celebraciones, a pesar de la suspensi\u00f3n de la marcha organizada.<\/p>\n\n\n\n<p>El sacerdote subray\u00f3 que la jornada coincidir\u00e1 con un momento clave para el pa\u00eds e inst\u00f3 a los fieles a unir fe y responsabilidad c\u00edvica. \u201cRecomendamos participar de misa y luego cumplir con el deber democr\u00e1tico. Hay que peregrinar tambi\u00e9n a las urnas\u201d, expres\u00f3. Adem\u00e1s, invit\u00f3 a emitir el voto con reflexi\u00f3n y coherencia, remarcando que debe representar valores vinculados al bien com\u00fan.<\/p>\n\n\n\n<p>Las actividades del mes patronal se retomar\u00e1n el pr\u00f3ximo fin de semana, cuando se concreten las tradicionales peregrinaciones. Este viernes, en tanto, la Polic\u00eda de Jujuy realiz\u00f3 su caminata hacia el santuario con m\u00e1s de <strong>200 efectivos<\/strong> de distintas unidades regionales, acompa\u00f1ados por las im\u00e1genes de <strong>San Sebasti\u00e1n<\/strong> y la <strong>Virgen del Rosario<\/strong>. En noviembre, las celebraciones continuar\u00e1n con la procesi\u00f3n de gauchos y paisanas el d\u00eda 1 y la fiesta patronal del pueblo de R\u00edo Blanco el d\u00eda 2.<\/p>\n\n\n\n<figure class=\"wp-block-image size-large\"><img decoding=\"async\" src=\"https:\/\/statics.somosjujuy.com.ar\/2025\/10\/crop\/68fb73f641566__912x912.webp\" alt=\"\"\/><\/figure>\n","protected":false},"excerpt":{"rendered":"<p>El santuario confirm\u00f3 que los oficios religiosos se realizar\u00e1n en los horarios habituales y llam\u00f3 a combinar la pr\u00e1ctica de la fe con el deber c\u00edvico de votar en las elecciones. El Santuario de la Virgen de R\u00edo Blanco y Paypaya inform\u00f3 que este domingo 26 de octubre no se realizar\u00e1 la peregrinaci\u00f3n oficial debido [&hellip;]<\/p>\n","protected":false},"author":1,"featured_media":3000,"comment_status":"open","ping_status":"open","sticky":false,"template":"","format":"standard","meta":{"footnotes":""},"categories":[863,25],"tags":[],"class_list":{"0":"post-2999","1":"post","2":"type-post","3":"status-publish","4":"format-standard","5":"has-post-thumbnail","7":"category-jujuy","8":"category-sociedad"},"yoast_head":"<!-- This site is optimized with the Yoast SEO plugin v27.5 - https:\/\/yoast.com\/product\/yoast-seo-wordpress\/ -->\n<title>R\u00edo Blanco celebrar\u00e1 misas este domingo pese a la suspensi\u00f3n de la peregrinaci\u00f3n oficial - Muy Jujuy<\/title>\n<meta name=\"robots\" content=\"index, follow, max-snippet:-1, max-image-preview:large, max-video-preview:-1\" \/>\n<link rel=\"canonical\" href=\"https:\/\/www.muyjujuy.com\/index.php\/2025\/10\/24\/rio-blanco-celebrara-misas-este-domingo-pese-a-la-suspension-de-la-peregrinacion-oficial\/\" \/>\n<meta property=\"og:locale\" content=\"es_ES\" \/>\n<meta property=\"og:type\" content=\"article\" \/>\n<meta property=\"og:title\" content=\"R\u00edo Blanco celebrar\u00e1 misas este domingo pese a la suspensi\u00f3n de la peregrinaci\u00f3n oficial - Muy Jujuy\" \/>\n<meta property=\"og:description\" content=\"El santuario confirm\u00f3 que los oficios religiosos se realizar\u00e1n en los horarios habituales y llam\u00f3 a combinar la pr\u00e1ctica de la fe con el deber c\u00edvico de votar en las elecciones. El Santuario de la Virgen de R\u00edo Blanco y Paypaya inform\u00f3 que este domingo 26 de octubre no se realizar\u00e1 la peregrinaci\u00f3n oficial debido [&hellip;]\" \/>\n<meta property=\"og:url\" content=\"https:\/\/www.muyjujuy.com\/index.php\/2025\/10\/24\/rio-blanco-celebrara-misas-este-domingo-pese-a-la-suspension-de-la-peregrinacion-oficial\/\" \/>\n<meta property=\"og:site_name\" content=\"Muy Jujuy\" \/>\n<meta property=\"article:publisher\" content=\"https:\/\/www.facebook.com\/muyjujuycom\" \/>\n<meta property=\"article:published_time\" content=\"2025-10-24T14:53:18+00:00\" \/>\n<meta property=\"article:modified_time\" content=\"2025-10-24T14:53:20+00:00\" \/>\n<meta property=\"og:image\" content=\"https:\/\/www.muyjujuy.com\/wp-content\/uploads\/2025\/10\/jujuy-16.jpg\" \/>\n\t<meta property=\"og:image:width\" content=\"958\" \/>\n\t<meta property=\"og:image:height\" content=\"534\" \/>\n\t<meta property=\"og:image:type\" content=\"image\/jpeg\" \/>\n<meta name=\"author\" content=\"admin\" \/>\n<meta name=\"twitter:card\" content=\"summary_large_image\" \/>\n<meta name=\"twitter:creator\" content=\"@muyjujuy\" \/>\n<meta name=\"twitter:site\" content=\"@muyjujuy\" \/>\n<meta name=\"twitter:label1\" content=\"Escrito por\" \/>\n\t<meta name=\"twitter:data1\" content=\"admin\" \/>\n\t<meta name=\"twitter:label2\" content=\"Tiempo de lectura\" \/>\n\t<meta name=\"twitter:data2\" content=\"2 minutos\" \/>\n<script type=\"application\/ld+json\" class=\"yoast-schema-graph\">{\"@context\":\"https:\\\/\\\/schema.org\",\"@graph\":[{\"@type\":\"Article\",\"@id\":\"https:\\\/\\\/www.muyjujuy.com\\\/index.php\\\/2025\\\/10\\\/24\\\/rio-blanco-celebrara-misas-este-domingo-pese-a-la-suspension-de-la-peregrinacion-oficial\\\/#article\",\"isPartOf\":{\"@id\":\"https:\\\/\\\/www.muyjujuy.com\\\/index.php\\\/2025\\\/10\\\/24\\\/rio-blanco-celebrara-misas-este-domingo-pese-a-la-suspension-de-la-peregrinacion-oficial\\\/\"},\"author\":{\"name\":\"admin\",\"@id\":\"https:\\\/\\\/www.muyjujuy.com\\\/#\\\/schema\\\/person\\\/a3b63db1f387ec4149299954904c5bf0\"},\"headline\":\"R\u00edo Blanco celebrar\u00e1 misas este domingo pese a la suspensi\u00f3n de la peregrinaci\u00f3n oficial\",\"datePublished\":\"2025-10-24T14:53:18+00:00\",\"dateModified\":\"2025-10-24T14:53:20+00:00\",\"mainEntityOfPage\":{\"@id\":\"https:\\\/\\\/www.muyjujuy.com\\\/index.php\\\/2025\\\/10\\\/24\\\/rio-blanco-celebrara-misas-este-domingo-pese-a-la-suspension-de-la-peregrinacion-oficial\\\/\"},\"wordCount\":282,\"commentCount\":0,\"publisher\":{\"@id\":\"https:\\\/\\\/www.muyjujuy.com\\\/#organization\"},\"image\":{\"@id\":\"https:\\\/\\\/www.muyjujuy.com\\\/index.php\\\/2025\\\/10\\\/24\\\/rio-blanco-celebrara-misas-este-domingo-pese-a-la-suspension-de-la-peregrinacion-oficial\\\/#primaryimage\"},\"thumbnailUrl\":\"https:\\\/\\\/www.muyjujuy.com\\\/wp-content\\\/uploads\\\/2025\\\/10\\\/jujuy-16.jpg\",\"articleSection\":[\"JUJUY\",\"Sociedad\"],\"inLanguage\":\"es-AR\",\"potentialAction\":[{\"@type\":\"CommentAction\",\"name\":\"Comment\",\"target\":[\"https:\\\/\\\/www.muyjujuy.com\\\/index.php\\\/2025\\\/10\\\/24\\\/rio-blanco-celebrara-misas-este-domingo-pese-a-la-suspension-de-la-peregrinacion-oficial\\\/#respond\"]}]},{\"@type\":\"WebPage\",\"@id\":\"https:\\\/\\\/www.muyjujuy.com\\\/index.php\\\/2025\\\/10\\\/24\\\/rio-blanco-celebrara-misas-este-domingo-pese-a-la-suspension-de-la-peregrinacion-oficial\\\/\",\"url\":\"https:\\\/\\\/www.muyjujuy.com\\\/index.php\\\/2025\\\/10\\\/24\\\/rio-blanco-celebrara-misas-este-domingo-pese-a-la-suspension-de-la-peregrinacion-oficial\\\/\",\"name\":\"R\u00edo Blanco celebrar\u00e1 misas este domingo pese a la suspensi\u00f3n de la peregrinaci\u00f3n oficial - Muy Jujuy\",\"isPartOf\":{\"@id\":\"https:\\\/\\\/www.muyjujuy.com\\\/#website\"},\"primaryImageOfPage\":{\"@id\":\"https:\\\/\\\/www.muyjujuy.com\\\/index.php\\\/2025\\\/10\\\/24\\\/rio-blanco-celebrara-misas-este-domingo-pese-a-la-suspension-de-la-peregrinacion-oficial\\\/#primaryimage\"},\"image\":{\"@id\":\"https:\\\/\\\/www.muyjujuy.com\\\/index.php\\\/2025\\\/10\\\/24\\\/rio-blanco-celebrara-misas-este-domingo-pese-a-la-suspension-de-la-peregrinacion-oficial\\\/#primaryimage\"},\"thumbnailUrl\":\"https:\\\/\\\/www.muyjujuy.com\\\/wp-content\\\/uploads\\\/2025\\\/10\\\/jujuy-16.jpg\",\"datePublished\":\"2025-10-24T14:53:18+00:00\",\"dateModified\":\"2025-10-24T14:53:20+00:00\",\"breadcrumb\":{\"@id\":\"https:\\\/\\\/www.muyjujuy.com\\\/index.php\\\/2025\\\/10\\\/24\\\/rio-blanco-celebrara-misas-este-domingo-pese-a-la-suspension-de-la-peregrinacion-oficial\\\/#breadcrumb\"},\"inLanguage\":\"es-AR\",\"potentialAction\":[{\"@type\":\"ReadAction\",\"target\":[\"https:\\\/\\\/www.muyjujuy.com\\\/index.php\\\/2025\\\/10\\\/24\\\/rio-blanco-celebrara-misas-este-domingo-pese-a-la-suspension-de-la-peregrinacion-oficial\\\/\"]}]},{\"@type\":\"ImageObject\",\"inLanguage\":\"es-AR\",\"@id\":\"https:\\\/\\\/www.muyjujuy.com\\\/index.php\\\/2025\\\/10\\\/24\\\/rio-blanco-celebrara-misas-este-domingo-pese-a-la-suspension-de-la-peregrinacion-oficial\\\/#primaryimage\",\"url\":\"https:\\\/\\\/www.muyjujuy.com\\\/wp-content\\\/uploads\\\/2025\\\/10\\\/jujuy-16.jpg\",\"contentUrl\":\"https:\\\/\\\/www.muyjujuy.com\\\/wp-content\\\/uploads\\\/2025\\\/10\\\/jujuy-16.jpg\",\"width\":958,\"height\":534},{\"@type\":\"BreadcrumbList\",\"@id\":\"https:\\\/\\\/www.muyjujuy.com\\\/index.php\\\/2025\\\/10\\\/24\\\/rio-blanco-celebrara-misas-este-domingo-pese-a-la-suspension-de-la-peregrinacion-oficial\\\/#breadcrumb\",\"itemListElement\":[{\"@type\":\"ListItem\",\"position\":1,\"name\":\"Inicio\",\"item\":\"https:\\\/\\\/www.muyjujuy.com\\\/\"},{\"@type\":\"ListItem\",\"position\":2,\"name\":\"R\u00edo Blanco celebrar\u00e1 misas este domingo pese a la suspensi\u00f3n de la peregrinaci\u00f3n oficial\"}]},{\"@type\":\"WebSite\",\"@id\":\"https:\\\/\\\/www.muyjujuy.com\\\/#website\",\"url\":\"https:\\\/\\\/www.muyjujuy.com\\\/\",\"name\":\"Muy Jujuy\",\"description\":\"\",\"publisher\":{\"@id\":\"https:\\\/\\\/www.muyjujuy.com\\\/#organization\"},\"potentialAction\":[{\"@type\":\"SearchAction\",\"target\":{\"@type\":\"EntryPoint\",\"urlTemplate\":\"https:\\\/\\\/www.muyjujuy.com\\\/?s={search_term_string}\"},\"query-input\":{\"@type\":\"PropertyValueSpecification\",\"valueRequired\":true,\"valueName\":\"search_term_string\"}}],\"inLanguage\":\"es-AR\"},{\"@type\":\"Organization\",\"@id\":\"https:\\\/\\\/www.muyjujuy.com\\\/#organization\",\"name\":\"Muy Jujuy\",\"url\":\"https:\\\/\\\/www.muyjujuy.com\\\/\",\"logo\":{\"@type\":\"ImageObject\",\"inLanguage\":\"es-AR\",\"@id\":\"https:\\\/\\\/www.muyjujuy.com\\\/#\\\/schema\\\/logo\\\/image\\\/\",\"url\":\"http:\\\/\\\/www.muyjujuy.com\\\/wp-content\\\/uploads\\\/2022\\\/05\\\/logo-mobil-jujuy.png\",\"contentUrl\":\"http:\\\/\\\/www.muyjujuy.com\\\/wp-content\\\/uploads\\\/2022\\\/05\\\/logo-mobil-jujuy.png\",\"width\":174,\"height\":81,\"caption\":\"Muy Jujuy\"},\"image\":{\"@id\":\"https:\\\/\\\/www.muyjujuy.com\\\/#\\\/schema\\\/logo\\\/image\\\/\"},\"sameAs\":[\"https:\\\/\\\/www.facebook.com\\\/muyjujuycom\",\"https:\\\/\\\/x.com\\\/muyjujuy\",\"https:\\\/\\\/www.instagram.com\\\/muyjujuycom\"]},{\"@type\":\"Person\",\"@id\":\"https:\\\/\\\/www.muyjujuy.com\\\/#\\\/schema\\\/person\\\/a3b63db1f387ec4149299954904c5bf0\",\"name\":\"admin\",\"image\":{\"@type\":\"ImageObject\",\"inLanguage\":\"es-AR\",\"@id\":\"https:\\\/\\\/secure.gravatar.com\\\/avatar\\\/b6e63d8d3a73633362405a0ad27e9c28391755813b59886f19a99d6cef8a03fc?s=96&d=mm&r=g\",\"url\":\"https:\\\/\\\/secure.gravatar.com\\\/avatar\\\/b6e63d8d3a73633362405a0ad27e9c28391755813b59886f19a99d6cef8a03fc?s=96&d=mm&r=g\",\"contentUrl\":\"https:\\\/\\\/secure.gravatar.com\\\/avatar\\\/b6e63d8d3a73633362405a0ad27e9c28391755813b59886f19a99d6cef8a03fc?s=96&d=mm&r=g\",\"caption\":\"admin\"},\"url\":\"https:\\\/\\\/www.muyjujuy.com\\\/index.php\\\/author\\\/soyeleditor\\\/\"}]}<\/script>\n<!-- \/ Yoast SEO plugin. -->","yoast_head_json":{"title":"R\u00edo Blanco celebrar\u00e1 misas este domingo pese a la suspensi\u00f3n de la peregrinaci\u00f3n oficial - Muy Jujuy","robots":{"index":"index","follow":"follow","max-snippet":"max-snippet:-1","max-image-preview":"max-image-preview:large","max-video-preview":"max-video-preview:-1"},"canonical":"https:\/\/www.muyjujuy.com\/index.php\/2025\/10\/24\/rio-blanco-celebrara-misas-este-domingo-pese-a-la-suspension-de-la-peregrinacion-oficial\/","og_locale":"es_ES","og_type":"article","og_title":"R\u00edo Blanco celebrar\u00e1 misas este domingo pese a la suspensi\u00f3n de la peregrinaci\u00f3n oficial - Muy Jujuy","og_description":"El santuario confirm\u00f3 que los oficios religiosos se realizar\u00e1n en los horarios habituales y llam\u00f3 a combinar la pr\u00e1ctica de la fe con el deber c\u00edvico de votar en las elecciones. El Santuario de la Virgen de R\u00edo Blanco y Paypaya inform\u00f3 que este domingo 26 de octubre no se realizar\u00e1 la peregrinaci\u00f3n oficial debido [&hellip;]","og_url":"https:\/\/www.muyjujuy.com\/index.php\/2025\/10\/24\/rio-blanco-celebrara-misas-este-domingo-pese-a-la-suspension-de-la-peregrinacion-oficial\/","og_site_name":"Muy Jujuy","article_publisher":"https:\/\/www.facebook.com\/muyjujuycom","article_published_time":"2025-10-24T14:53:18+00:00","article_modified_time":"2025-10-24T14:53:20+00:00","og_image":[{"width":958,"height":534,"url":"https:\/\/www.muyjujuy.com\/wp-content\/uploads\/2025\/10\/jujuy-16.jpg","type":"image\/jpeg"}],"author":"admin","twitter_card":"summary_large_image","twitter_creator":"@muyjujuy","twitter_site":"@muyjujuy","twitter_misc":{"Escrito por":"admin","Tiempo de lectura":"2 minutos"},"schema":{"@context":"https:\/\/schema.org","@graph":[{"@type":"Article","@id":"https:\/\/www.muyjujuy.com\/index.php\/2025\/10\/24\/rio-blanco-celebrara-misas-este-domingo-pese-a-la-suspension-de-la-peregrinacion-oficial\/#article","isPartOf":{"@id":"https:\/\/www.muyjujuy.com\/index.php\/2025\/10\/24\/rio-blanco-celebrara-misas-este-domingo-pese-a-la-suspension-de-la-peregrinacion-oficial\/"},"author":{"name":"admin","@id":"https:\/\/www.muyjujuy.com\/#\/schema\/person\/a3b63db1f387ec4149299954904c5bf0"},"headline":"R\u00edo Blanco celebrar\u00e1 misas este domingo pese a la suspensi\u00f3n de la peregrinaci\u00f3n oficial","datePublished":"2025-10-24T14:53:18+00:00","dateModified":"2025-10-24T14:53:20+00:00","mainEntityOfPage":{"@id":"https:\/\/www.muyjujuy.com\/index.php\/2025\/10\/24\/rio-blanco-celebrara-misas-este-domingo-pese-a-la-suspension-de-la-peregrinacion-oficial\/"},"wordCount":282,"commentCount":0,"publisher":{"@id":"https:\/\/www.muyjujuy.com\/#organization"},"image":{"@id":"https:\/\/www.muyjujuy.com\/index.php\/2025\/10\/24\/rio-blanco-celebrara-misas-este-domingo-pese-a-la-suspension-de-la-peregrinacion-oficial\/#primaryimage"},"thumbnailUrl":"https:\/\/www.muyjujuy.com\/wp-content\/uploads\/2025\/10\/jujuy-16.jpg","articleSection":["JUJUY","Sociedad"],"inLanguage":"es-AR","potentialAction":[{"@type":"CommentAction","name":"Comment","target":["https:\/\/www.muyjujuy.com\/index.php\/2025\/10\/24\/rio-blanco-celebrara-misas-este-domingo-pese-a-la-suspension-de-la-peregrinacion-oficial\/#respond"]}]},{"@type":"WebPage","@id":"https:\/\/www.muyjujuy.com\/index.php\/2025\/10\/24\/rio-blanco-celebrara-misas-este-domingo-pese-a-la-suspension-de-la-peregrinacion-oficial\/","url":"https:\/\/www.muyjujuy.com\/index.php\/2025\/10\/24\/rio-blanco-celebrara-misas-este-domingo-pese-a-la-suspension-de-la-peregrinacion-oficial\/","name":"R\u00edo Blanco celebrar\u00e1 misas este domingo pese a la suspensi\u00f3n de la peregrinaci\u00f3n oficial - Muy Jujuy","isPartOf":{"@id":"https:\/\/www.muyjujuy.com\/#website"},"primaryImageOfPage":{"@id":"https:\/\/www.muyjujuy.com\/index.php\/2025\/10\/24\/rio-blanco-celebrara-misas-este-domingo-pese-a-la-suspension-de-la-peregrinacion-oficial\/#primaryimage"},"image":{"@id":"https:\/\/www.muyjujuy.com\/index.php\/2025\/10\/24\/rio-blanco-celebrara-misas-este-domingo-pese-a-la-suspension-de-la-peregrinacion-oficial\/#primaryimage"},"thumbnailUrl":"https:\/\/www.muyjujuy.com\/wp-content\/uploads\/2025\/10\/jujuy-16.jpg","datePublished":"2025-10-24T14:53:18+00:00","dateModified":"2025-10-24T14:53:20+00:00","breadcrumb":{"@id":"https:\/\/www.muyjujuy.com\/index.php\/2025\/10\/24\/rio-blanco-celebrara-misas-este-domingo-pese-a-la-suspension-de-la-peregrinacion-oficial\/#breadcrumb"},"inLanguage":"es-AR","potentialAction":[{"@type":"ReadAction","target":["https:\/\/www.muyjujuy.com\/index.php\/2025\/10\/24\/rio-blanco-celebrara-misas-este-domingo-pese-a-la-suspension-de-la-peregrinacion-oficial\/"]}]},{"@type":"ImageObject","inLanguage":"es-AR","@id":"https:\/\/www.muyjujuy.com\/index.php\/2025\/10\/24\/rio-blanco-celebrara-misas-este-domingo-pese-a-la-suspension-de-la-peregrinacion-oficial\/#primaryimage","url":"https:\/\/www.muyjujuy.com\/wp-content\/uploads\/2025\/10\/jujuy-16.jpg","contentUrl":"https:\/\/www.muyjujuy.com\/wp-content\/uploads\/2025\/10\/jujuy-16.jpg","width":958,"height":534},{"@type":"BreadcrumbList","@id":"https:\/\/www.muyjujuy.com\/index.php\/2025\/10\/24\/rio-blanco-celebrara-misas-este-domingo-pese-a-la-suspension-de-la-peregrinacion-oficial\/#breadcrumb","itemListElement":[{"@type":"ListItem","position":1,"name":"Inicio","item":"https:\/\/www.muyjujuy.com\/"},{"@type":"ListItem","position":2,"name":"R\u00edo Blanco celebrar\u00e1 misas este domingo pese a la suspensi\u00f3n de la peregrinaci\u00f3n oficial"}]},{"@type":"WebSite","@id":"https:\/\/www.muyjujuy.com\/#website","url":"https:\/\/www.muyjujuy.com\/","name":"Muy Jujuy","description":"","publisher":{"@id":"https:\/\/www.muyjujuy.com\/#organization"},"potentialAction":[{"@type":"SearchAction","target":{"@type":"EntryPoint","urlTemplate":"https:\/\/www.muyjujuy.com\/?s={search_term_string}"},"query-input":{"@type":"PropertyValueSpecification","valueRequired":true,"valueName":"search_term_string"}}],"inLanguage":"es-AR"},{"@type":"Organization","@id":"https:\/\/www.muyjujuy.com\/#organization","name":"Muy Jujuy","url":"https:\/\/www.muyjujuy.com\/","logo":{"@type":"ImageObject","inLanguage":"es-AR","@id":"https:\/\/www.muyjujuy.com\/#\/schema\/logo\/image\/","url":"http:\/\/www.muyjujuy.com\/wp-content\/uploads\/2022\/05\/logo-mobil-jujuy.png","contentUrl":"http:\/\/www.muyjujuy.com\/wp-content\/uploads\/2022\/05\/logo-mobil-jujuy.png","width":174,"height":81,"caption":"Muy Jujuy"},"image":{"@id":"https:\/\/www.muyjujuy.com\/#\/schema\/logo\/image\/"},"sameAs":["https:\/\/www.facebook.com\/muyjujuycom","https:\/\/x.com\/muyjujuy","https:\/\/www.instagram.com\/muyjujuycom"]},{"@type":"Person","@id":"https:\/\/www.muyjujuy.com\/#\/schema\/person\/a3b63db1f387ec4149299954904c5bf0","name":"admin","image":{"@type":"ImageObject","inLanguage":"es-AR","@id":"https:\/\/secure.gravatar.com\/avatar\/b6e63d8d3a73633362405a0ad27e9c28391755813b59886f19a99d6cef8a03fc?s=96&d=mm&r=g","url":"https:\/\/secure.gravatar.com\/avatar\/b6e63d8d3a73633362405a0ad27e9c28391755813b59886f19a99d6cef8a03fc?s=96&d=mm&r=g","contentUrl":"https:\/\/secure.gravatar.com\/avatar\/b6e63d8d3a73633362405a0ad27e9c28391755813b59886f19a99d6cef8a03fc?s=96&d=mm&r=g","caption":"admin"},"url":"https:\/\/www.muyjujuy.com\/index.php\/author\/soyeleditor\/"}]}},"_links":{"self":[{"href":"https:\/\/www.muyjujuy.com\/index.php\/wp-json\/wp\/v2\/posts\/2999","targetHints":{"allow":["GET"]}}],"collection":[{"href":"https:\/\/www.muyjujuy.com\/index.php\/wp-json\/wp\/v2\/posts"}],"about":[{"href":"https:\/\/www.muyjujuy.com\/index.php\/wp-json\/wp\/v2\/types\/post"}],"author":[{"embeddable":true,"href":"https:\/\/www.muyjujuy.com\/index.php\/wp-json\/wp\/v2\/users\/1"}],"replies":[{"embeddable":true,"href":"https:\/\/www.muyjujuy.com\/index.php\/wp-json\/wp\/v2\/comments?post=2999"}],"version-history":[{"count":1,"href":"https:\/\/www.muyjujuy.com\/index.php\/wp-json\/wp\/v2\/posts\/2999\/revisions"}],"predecessor-version":[{"id":3001,"href":"https:\/\/www.muyjujuy.com\/index.php\/wp-json\/wp\/v2\/posts\/2999\/revisions\/3001"}],"wp:featuredmedia":[{"embeddable":true,"href":"https:\/\/www.muyjujuy.com\/index.php\/wp-json\/wp\/v2\/media\/3000"}],"wp:attachment":[{"href":"https:\/\/www.muyjujuy.com\/index.php\/wp-json\/wp\/v2\/media?parent=2999"}],"wp:term":[{"taxonomy":"category","embeddable":true,"href":"https:\/\/www.muyjujuy.com\/index.php\/wp-json\/wp\/v2\/categories?post=2999"},{"taxonomy":"post_tag","embeddable":true,"href":"https:\/\/www.muyjujuy.com\/index.php\/wp-json\/wp\/v2\/tags?post=2999"}],"curies":[{"name":"wp","href":"https:\/\/api.w.org\/{rel}","templated":true}]}}