{"id":3074,"date":"2025-12-05T12:46:00","date_gmt":"2025-12-05T15:46:00","guid":{"rendered":"https:\/\/www.muyjujuy.com\/?p=3074"},"modified":"2025-12-05T12:46:03","modified_gmt":"2025-12-05T15:46:03","slug":"jujuy-juraron-los-24-diputados-provinciales-y-asumiran-sus-bancas-el-10-de-diciembre","status":"publish","type":"post","link":"https:\/\/www.muyjujuy.com\/index.php\/2025\/12\/05\/jujuy-juraron-los-24-diputados-provinciales-y-asumiran-sus-bancas-el-10-de-diciembre\/","title":{"rendered":"Jujuy: juraron los 24 diputados provinciales y asumir\u00e1n sus bancas el 10 de diciembre"},"content":{"rendered":"\n<h2 class=\"wp-block-heading\">La Legislatura tom\u00f3 juramento a los 24 diputados electos en mayo, en una sesi\u00f3n preparatoria encabezada por el vicegobernador Alberto Bernis. Los legisladores asumir\u00e1n formalmente el 10 de diciembre, cuando concluyan los mandatos vigentes.<\/h2>\n\n\n\n<p>El acto comenz\u00f3 pasadas las 10 y reuni\u00f3 a familiares y militantes que acompa\u00f1aron a los nuevos representantes. La ceremonia incluy\u00f3 el izamiento de banderas y la jura de los integrantes de cada bloque. Por <strong>Jujuy Crece (UCR)<\/strong> ingresaron <strong>12 diputados<\/strong>; por <strong>La Libertad Avanza<\/strong>, <strong>7<\/strong>; por el <strong>Peronismo<\/strong>, <strong>3<\/strong>; y por la <strong>izquierda<\/strong>, <strong>2<\/strong>. Cinco de ellos renovaron mandato: <strong>Adriano Morone<\/strong>, <strong>Gisel Bravo<\/strong>, <strong>Omar Guti\u00e9rrez<\/strong>, <strong>Luciano Angelini<\/strong> y <strong>Daniela V\u00e9lez<\/strong>. La aparici\u00f3n del bloque libertario marc\u00f3 una de las novedades pol\u00edticas de la jornada.<\/p>\n\n\n\n<p>Con la sesi\u00f3n preparatoria completada, la Legislatura qued\u00f3 en condiciones de debatir el <strong>Presupuesto<\/strong> en un encuentro extraordinario convocado para el martes a las 9. El 10 de diciembre, los diputados asumir\u00e1n plenamente sus funciones para iniciar el per\u00edodo <strong>2024-2028<\/strong>. La nueva composici\u00f3n deja <strong>25 bancas<\/strong> para el oficialismo radical, <strong>9<\/strong> para el Partido Justicialista, <strong>7<\/strong> para La Libertad Avanza, <strong>5<\/strong> para la izquierda y <strong>2<\/strong> para Primero Jujuy.<\/p>\n\n\n\n<figure class=\"wp-block-embed is-type-video is-provider-youtube wp-block-embed-youtube wp-embed-aspect-4-3 wp-has-aspect-ratio\"><div class=\"wp-block-embed__wrapper\">\n<iframe loading=\"lazy\" title=\"\ud83d\udd34EN VIVO | Legislatura de Jujuy | SESI\u00d3N PREPARATORIA   05-12-2025\" width=\"696\" height=\"522\" src=\"https:\/\/www.youtube.com\/embed\/1Q3DjK3CkUY?feature=oembed\" frameborder=\"0\" allow=\"accelerometer; autoplay; clipboard-write; encrypted-media; gyroscope; picture-in-picture; web-share\" referrerpolicy=\"strict-origin-when-cross-origin\" allowfullscreen><\/iframe>\n<\/div><\/figure>\n","protected":false},"excerpt":{"rendered":"<p>La Legislatura tom\u00f3 juramento a los 24 diputados electos en mayo, en una sesi\u00f3n preparatoria encabezada por el vicegobernador Alberto Bernis. Los legisladores asumir\u00e1n formalmente el 10 de diciembre, cuando concluyan los mandatos vigentes. El acto comenz\u00f3 pasadas las 10 y reuni\u00f3 a familiares y militantes que acompa\u00f1aron a los nuevos representantes. La ceremonia incluy\u00f3 [&hellip;]<\/p>\n","protected":false},"author":1,"featured_media":3075,"comment_status":"open","ping_status":"open","sticky":false,"template":"","format":"standard","meta":{"footnotes":""},"categories":[863,24],"tags":[],"class_list":{"0":"post-3074","1":"post","2":"type-post","3":"status-publish","4":"format-standard","5":"has-post-thumbnail","7":"category-jujuy","8":"category-politica"},"yoast_head":"<!-- This site is optimized with the Yoast SEO plugin v27.5 - https:\/\/yoast.com\/product\/yoast-seo-wordpress\/ -->\n<title>Jujuy: juraron los 24 diputados provinciales y asumir\u00e1n sus bancas el 10 de diciembre - Muy Jujuy<\/title>\n<meta name=\"robots\" content=\"index, follow, max-snippet:-1, max-image-preview:large, max-video-preview:-1\" \/>\n<link rel=\"canonical\" href=\"https:\/\/www.muyjujuy.com\/index.php\/2025\/12\/05\/jujuy-juraron-los-24-diputados-provinciales-y-asumiran-sus-bancas-el-10-de-diciembre\/\" \/>\n<meta property=\"og:locale\" content=\"es_ES\" \/>\n<meta property=\"og:type\" content=\"article\" \/>\n<meta property=\"og:title\" content=\"Jujuy: juraron los 24 diputados provinciales y asumir\u00e1n sus bancas el 10 de diciembre - Muy Jujuy\" \/>\n<meta property=\"og:description\" content=\"La Legislatura tom\u00f3 juramento a los 24 diputados electos en mayo, en una sesi\u00f3n preparatoria encabezada por el vicegobernador Alberto Bernis. Los legisladores asumir\u00e1n formalmente el 10 de diciembre, cuando concluyan los mandatos vigentes. El acto comenz\u00f3 pasadas las 10 y reuni\u00f3 a familiares y militantes que acompa\u00f1aron a los nuevos representantes. La ceremonia incluy\u00f3 [&hellip;]\" \/>\n<meta property=\"og:url\" content=\"https:\/\/www.muyjujuy.com\/index.php\/2025\/12\/05\/jujuy-juraron-los-24-diputados-provinciales-y-asumiran-sus-bancas-el-10-de-diciembre\/\" \/>\n<meta property=\"og:site_name\" content=\"Muy Jujuy\" \/>\n<meta property=\"article:publisher\" content=\"https:\/\/www.facebook.com\/muyjujuycom\" \/>\n<meta property=\"article:published_time\" content=\"2025-12-05T15:46:00+00:00\" \/>\n<meta property=\"article:modified_time\" content=\"2025-12-05T15:46:03+00:00\" \/>\n<meta property=\"og:image\" content=\"https:\/\/www.muyjujuy.com\/wp-content\/uploads\/2025\/12\/jujuy-2.jpg\" \/>\n\t<meta property=\"og:image:width\" content=\"945\" \/>\n\t<meta property=\"og:image:height\" content=\"531\" \/>\n\t<meta property=\"og:image:type\" content=\"image\/jpeg\" \/>\n<meta name=\"author\" content=\"admin\" \/>\n<meta name=\"twitter:card\" content=\"summary_large_image\" \/>\n<meta name=\"twitter:creator\" content=\"@muyjujuy\" \/>\n<meta name=\"twitter:site\" content=\"@muyjujuy\" \/>\n<meta name=\"twitter:label1\" content=\"Escrito por\" \/>\n\t<meta name=\"twitter:data1\" content=\"admin\" \/>\n\t<meta name=\"twitter:label2\" content=\"Tiempo de lectura\" \/>\n\t<meta name=\"twitter:data2\" content=\"2 minutos\" \/>\n<script type=\"application\/ld+json\" class=\"yoast-schema-graph\">{\"@context\":\"https:\\\/\\\/schema.org\",\"@graph\":[{\"@type\":\"Article\",\"@id\":\"https:\\\/\\\/www.muyjujuy.com\\\/index.php\\\/2025\\\/12\\\/05\\\/jujuy-juraron-los-24-diputados-provinciales-y-asumiran-sus-bancas-el-10-de-diciembre\\\/#article\",\"isPartOf\":{\"@id\":\"https:\\\/\\\/www.muyjujuy.com\\\/index.php\\\/2025\\\/12\\\/05\\\/jujuy-juraron-los-24-diputados-provinciales-y-asumiran-sus-bancas-el-10-de-diciembre\\\/\"},\"author\":{\"name\":\"admin\",\"@id\":\"https:\\\/\\\/www.muyjujuy.com\\\/#\\\/schema\\\/person\\\/a3b63db1f387ec4149299954904c5bf0\"},\"headline\":\"Jujuy: juraron los 24 diputados provinciales y asumir\u00e1n sus bancas el 10 de diciembre\",\"datePublished\":\"2025-12-05T15:46:00+00:00\",\"dateModified\":\"2025-12-05T15:46:03+00:00\",\"mainEntityOfPage\":{\"@id\":\"https:\\\/\\\/www.muyjujuy.com\\\/index.php\\\/2025\\\/12\\\/05\\\/jujuy-juraron-los-24-diputados-provinciales-y-asumiran-sus-bancas-el-10-de-diciembre\\\/\"},\"wordCount\":204,\"commentCount\":0,\"publisher\":{\"@id\":\"https:\\\/\\\/www.muyjujuy.com\\\/#organization\"},\"image\":{\"@id\":\"https:\\\/\\\/www.muyjujuy.com\\\/index.php\\\/2025\\\/12\\\/05\\\/jujuy-juraron-los-24-diputados-provinciales-y-asumiran-sus-bancas-el-10-de-diciembre\\\/#primaryimage\"},\"thumbnailUrl\":\"https:\\\/\\\/www.muyjujuy.com\\\/wp-content\\\/uploads\\\/2025\\\/12\\\/jujuy-2.jpg\",\"articleSection\":[\"JUJUY\",\"Pol\u00edtica\"],\"inLanguage\":\"es-AR\",\"potentialAction\":[{\"@type\":\"CommentAction\",\"name\":\"Comment\",\"target\":[\"https:\\\/\\\/www.muyjujuy.com\\\/index.php\\\/2025\\\/12\\\/05\\\/jujuy-juraron-los-24-diputados-provinciales-y-asumiran-sus-bancas-el-10-de-diciembre\\\/#respond\"]}]},{\"@type\":\"WebPage\",\"@id\":\"https:\\\/\\\/www.muyjujuy.com\\\/index.php\\\/2025\\\/12\\\/05\\\/jujuy-juraron-los-24-diputados-provinciales-y-asumiran-sus-bancas-el-10-de-diciembre\\\/\",\"url\":\"https:\\\/\\\/www.muyjujuy.com\\\/index.php\\\/2025\\\/12\\\/05\\\/jujuy-juraron-los-24-diputados-provinciales-y-asumiran-sus-bancas-el-10-de-diciembre\\\/\",\"name\":\"Jujuy: juraron los 24 diputados provinciales y asumir\u00e1n sus bancas el 10 de diciembre - Muy Jujuy\",\"isPartOf\":{\"@id\":\"https:\\\/\\\/www.muyjujuy.com\\\/#website\"},\"primaryImageOfPage\":{\"@id\":\"https:\\\/\\\/www.muyjujuy.com\\\/index.php\\\/2025\\\/12\\\/05\\\/jujuy-juraron-los-24-diputados-provinciales-y-asumiran-sus-bancas-el-10-de-diciembre\\\/#primaryimage\"},\"image\":{\"@id\":\"https:\\\/\\\/www.muyjujuy.com\\\/index.php\\\/2025\\\/12\\\/05\\\/jujuy-juraron-los-24-diputados-provinciales-y-asumiran-sus-bancas-el-10-de-diciembre\\\/#primaryimage\"},\"thumbnailUrl\":\"https:\\\/\\\/www.muyjujuy.com\\\/wp-content\\\/uploads\\\/2025\\\/12\\\/jujuy-2.jpg\",\"datePublished\":\"2025-12-05T15:46:00+00:00\",\"dateModified\":\"2025-12-05T15:46:03+00:00\",\"breadcrumb\":{\"@id\":\"https:\\\/\\\/www.muyjujuy.com\\\/index.php\\\/2025\\\/12\\\/05\\\/jujuy-juraron-los-24-diputados-provinciales-y-asumiran-sus-bancas-el-10-de-diciembre\\\/#breadcrumb\"},\"inLanguage\":\"es-AR\",\"potentialAction\":[{\"@type\":\"ReadAction\",\"target\":[\"https:\\\/\\\/www.muyjujuy.com\\\/index.php\\\/2025\\\/12\\\/05\\\/jujuy-juraron-los-24-diputados-provinciales-y-asumiran-sus-bancas-el-10-de-diciembre\\\/\"]}]},{\"@type\":\"ImageObject\",\"inLanguage\":\"es-AR\",\"@id\":\"https:\\\/\\\/www.muyjujuy.com\\\/index.php\\\/2025\\\/12\\\/05\\\/jujuy-juraron-los-24-diputados-provinciales-y-asumiran-sus-bancas-el-10-de-diciembre\\\/#primaryimage\",\"url\":\"https:\\\/\\\/www.muyjujuy.com\\\/wp-content\\\/uploads\\\/2025\\\/12\\\/jujuy-2.jpg\",\"contentUrl\":\"https:\\\/\\\/www.muyjujuy.com\\\/wp-content\\\/uploads\\\/2025\\\/12\\\/jujuy-2.jpg\",\"width\":945,\"height\":531},{\"@type\":\"BreadcrumbList\",\"@id\":\"https:\\\/\\\/www.muyjujuy.com\\\/index.php\\\/2025\\\/12\\\/05\\\/jujuy-juraron-los-24-diputados-provinciales-y-asumiran-sus-bancas-el-10-de-diciembre\\\/#breadcrumb\",\"itemListElement\":[{\"@type\":\"ListItem\",\"position\":1,\"name\":\"Inicio\",\"item\":\"https:\\\/\\\/www.muyjujuy.com\\\/\"},{\"@type\":\"ListItem\",\"position\":2,\"name\":\"Jujuy: juraron los 24 diputados provinciales y asumir\u00e1n sus bancas el 10 de diciembre\"}]},{\"@type\":\"WebSite\",\"@id\":\"https:\\\/\\\/www.muyjujuy.com\\\/#website\",\"url\":\"https:\\\/\\\/www.muyjujuy.com\\\/\",\"name\":\"Muy Jujuy\",\"description\":\"\",\"publisher\":{\"@id\":\"https:\\\/\\\/www.muyjujuy.com\\\/#organization\"},\"potentialAction\":[{\"@type\":\"SearchAction\",\"target\":{\"@type\":\"EntryPoint\",\"urlTemplate\":\"https:\\\/\\\/www.muyjujuy.com\\\/?s={search_term_string}\"},\"query-input\":{\"@type\":\"PropertyValueSpecification\",\"valueRequired\":true,\"valueName\":\"search_term_string\"}}],\"inLanguage\":\"es-AR\"},{\"@type\":\"Organization\",\"@id\":\"https:\\\/\\\/www.muyjujuy.com\\\/#organization\",\"name\":\"Muy Jujuy\",\"url\":\"https:\\\/\\\/www.muyjujuy.com\\\/\",\"logo\":{\"@type\":\"ImageObject\",\"inLanguage\":\"es-AR\",\"@id\":\"https:\\\/\\\/www.muyjujuy.com\\\/#\\\/schema\\\/logo\\\/image\\\/\",\"url\":\"http:\\\/\\\/www.muyjujuy.com\\\/wp-content\\\/uploads\\\/2022\\\/05\\\/logo-mobil-jujuy.png\",\"contentUrl\":\"http:\\\/\\\/www.muyjujuy.com\\\/wp-content\\\/uploads\\\/2022\\\/05\\\/logo-mobil-jujuy.png\",\"width\":174,\"height\":81,\"caption\":\"Muy Jujuy\"},\"image\":{\"@id\":\"https:\\\/\\\/www.muyjujuy.com\\\/#\\\/schema\\\/logo\\\/image\\\/\"},\"sameAs\":[\"https:\\\/\\\/www.facebook.com\\\/muyjujuycom\",\"https:\\\/\\\/x.com\\\/muyjujuy\",\"https:\\\/\\\/www.instagram.com\\\/muyjujuycom\"]},{\"@type\":\"Person\",\"@id\":\"https:\\\/\\\/www.muyjujuy.com\\\/#\\\/schema\\\/person\\\/a3b63db1f387ec4149299954904c5bf0\",\"name\":\"admin\",\"image\":{\"@type\":\"ImageObject\",\"inLanguage\":\"es-AR\",\"@id\":\"https:\\\/\\\/secure.gravatar.com\\\/avatar\\\/b6e63d8d3a73633362405a0ad27e9c28391755813b59886f19a99d6cef8a03fc?s=96&d=mm&r=g\",\"url\":\"https:\\\/\\\/secure.gravatar.com\\\/avatar\\\/b6e63d8d3a73633362405a0ad27e9c28391755813b59886f19a99d6cef8a03fc?s=96&d=mm&r=g\",\"contentUrl\":\"https:\\\/\\\/secure.gravatar.com\\\/avatar\\\/b6e63d8d3a73633362405a0ad27e9c28391755813b59886f19a99d6cef8a03fc?s=96&d=mm&r=g\",\"caption\":\"admin\"},\"url\":\"https:\\\/\\\/www.muyjujuy.com\\\/index.php\\\/author\\\/soyeleditor\\\/\"}]}<\/script>\n<!-- \/ Yoast SEO plugin. -->","yoast_head_json":{"title":"Jujuy: juraron los 24 diputados provinciales y asumir\u00e1n sus bancas el 10 de diciembre - Muy Jujuy","robots":{"index":"index","follow":"follow","max-snippet":"max-snippet:-1","max-image-preview":"max-image-preview:large","max-video-preview":"max-video-preview:-1"},"canonical":"https:\/\/www.muyjujuy.com\/index.php\/2025\/12\/05\/jujuy-juraron-los-24-diputados-provinciales-y-asumiran-sus-bancas-el-10-de-diciembre\/","og_locale":"es_ES","og_type":"article","og_title":"Jujuy: juraron los 24 diputados provinciales y asumir\u00e1n sus bancas el 10 de diciembre - Muy Jujuy","og_description":"La Legislatura tom\u00f3 juramento a los 24 diputados electos en mayo, en una sesi\u00f3n preparatoria encabezada por el vicegobernador Alberto Bernis. Los legisladores asumir\u00e1n formalmente el 10 de diciembre, cuando concluyan los mandatos vigentes. El acto comenz\u00f3 pasadas las 10 y reuni\u00f3 a familiares y militantes que acompa\u00f1aron a los nuevos representantes. La ceremonia incluy\u00f3 [&hellip;]","og_url":"https:\/\/www.muyjujuy.com\/index.php\/2025\/12\/05\/jujuy-juraron-los-24-diputados-provinciales-y-asumiran-sus-bancas-el-10-de-diciembre\/","og_site_name":"Muy Jujuy","article_publisher":"https:\/\/www.facebook.com\/muyjujuycom","article_published_time":"2025-12-05T15:46:00+00:00","article_modified_time":"2025-12-05T15:46:03+00:00","og_image":[{"width":945,"height":531,"url":"https:\/\/www.muyjujuy.com\/wp-content\/uploads\/2025\/12\/jujuy-2.jpg","type":"image\/jpeg"}],"author":"admin","twitter_card":"summary_large_image","twitter_creator":"@muyjujuy","twitter_site":"@muyjujuy","twitter_misc":{"Escrito por":"admin","Tiempo de lectura":"2 minutos"},"schema":{"@context":"https:\/\/schema.org","@graph":[{"@type":"Article","@id":"https:\/\/www.muyjujuy.com\/index.php\/2025\/12\/05\/jujuy-juraron-los-24-diputados-provinciales-y-asumiran-sus-bancas-el-10-de-diciembre\/#article","isPartOf":{"@id":"https:\/\/www.muyjujuy.com\/index.php\/2025\/12\/05\/jujuy-juraron-los-24-diputados-provinciales-y-asumiran-sus-bancas-el-10-de-diciembre\/"},"author":{"name":"admin","@id":"https:\/\/www.muyjujuy.com\/#\/schema\/person\/a3b63db1f387ec4149299954904c5bf0"},"headline":"Jujuy: juraron los 24 diputados provinciales y asumir\u00e1n sus bancas el 10 de diciembre","datePublished":"2025-12-05T15:46:00+00:00","dateModified":"2025-12-05T15:46:03+00:00","mainEntityOfPage":{"@id":"https:\/\/www.muyjujuy.com\/index.php\/2025\/12\/05\/jujuy-juraron-los-24-diputados-provinciales-y-asumiran-sus-bancas-el-10-de-diciembre\/"},"wordCount":204,"commentCount":0,"publisher":{"@id":"https:\/\/www.muyjujuy.com\/#organization"},"image":{"@id":"https:\/\/www.muyjujuy.com\/index.php\/2025\/12\/05\/jujuy-juraron-los-24-diputados-provinciales-y-asumiran-sus-bancas-el-10-de-diciembre\/#primaryimage"},"thumbnailUrl":"https:\/\/www.muyjujuy.com\/wp-content\/uploads\/2025\/12\/jujuy-2.jpg","articleSection":["JUJUY","Pol\u00edtica"],"inLanguage":"es-AR","potentialAction":[{"@type":"CommentAction","name":"Comment","target":["https:\/\/www.muyjujuy.com\/index.php\/2025\/12\/05\/jujuy-juraron-los-24-diputados-provinciales-y-asumiran-sus-bancas-el-10-de-diciembre\/#respond"]}]},{"@type":"WebPage","@id":"https:\/\/www.muyjujuy.com\/index.php\/2025\/12\/05\/jujuy-juraron-los-24-diputados-provinciales-y-asumiran-sus-bancas-el-10-de-diciembre\/","url":"https:\/\/www.muyjujuy.com\/index.php\/2025\/12\/05\/jujuy-juraron-los-24-diputados-provinciales-y-asumiran-sus-bancas-el-10-de-diciembre\/","name":"Jujuy: juraron los 24 diputados provinciales y asumir\u00e1n sus bancas el 10 de diciembre - Muy Jujuy","isPartOf":{"@id":"https:\/\/www.muyjujuy.com\/#website"},"primaryImageOfPage":{"@id":"https:\/\/www.muyjujuy.com\/index.php\/2025\/12\/05\/jujuy-juraron-los-24-diputados-provinciales-y-asumiran-sus-bancas-el-10-de-diciembre\/#primaryimage"},"image":{"@id":"https:\/\/www.muyjujuy.com\/index.php\/2025\/12\/05\/jujuy-juraron-los-24-diputados-provinciales-y-asumiran-sus-bancas-el-10-de-diciembre\/#primaryimage"},"thumbnailUrl":"https:\/\/www.muyjujuy.com\/wp-content\/uploads\/2025\/12\/jujuy-2.jpg","datePublished":"2025-12-05T15:46:00+00:00","dateModified":"2025-12-05T15:46:03+00:00","breadcrumb":{"@id":"https:\/\/www.muyjujuy.com\/index.php\/2025\/12\/05\/jujuy-juraron-los-24-diputados-provinciales-y-asumiran-sus-bancas-el-10-de-diciembre\/#breadcrumb"},"inLanguage":"es-AR","potentialAction":[{"@type":"ReadAction","target":["https:\/\/www.muyjujuy.com\/index.php\/2025\/12\/05\/jujuy-juraron-los-24-diputados-provinciales-y-asumiran-sus-bancas-el-10-de-diciembre\/"]}]},{"@type":"ImageObject","inLanguage":"es-AR","@id":"https:\/\/www.muyjujuy.com\/index.php\/2025\/12\/05\/jujuy-juraron-los-24-diputados-provinciales-y-asumiran-sus-bancas-el-10-de-diciembre\/#primaryimage","url":"https:\/\/www.muyjujuy.com\/wp-content\/uploads\/2025\/12\/jujuy-2.jpg","contentUrl":"https:\/\/www.muyjujuy.com\/wp-content\/uploads\/2025\/12\/jujuy-2.jpg","width":945,"height":531},{"@type":"BreadcrumbList","@id":"https:\/\/www.muyjujuy.com\/index.php\/2025\/12\/05\/jujuy-juraron-los-24-diputados-provinciales-y-asumiran-sus-bancas-el-10-de-diciembre\/#breadcrumb","itemListElement":[{"@type":"ListItem","position":1,"name":"Inicio","item":"https:\/\/www.muyjujuy.com\/"},{"@type":"ListItem","position":2,"name":"Jujuy: juraron los 24 diputados provinciales y asumir\u00e1n sus bancas el 10 de diciembre"}]},{"@type":"WebSite","@id":"https:\/\/www.muyjujuy.com\/#website","url":"https:\/\/www.muyjujuy.com\/","name":"Muy Jujuy","description":"","publisher":{"@id":"https:\/\/www.muyjujuy.com\/#organization"},"potentialAction":[{"@type":"SearchAction","target":{"@type":"EntryPoint","urlTemplate":"https:\/\/www.muyjujuy.com\/?s={search_term_string}"},"query-input":{"@type":"PropertyValueSpecification","valueRequired":true,"valueName":"search_term_string"}}],"inLanguage":"es-AR"},{"@type":"Organization","@id":"https:\/\/www.muyjujuy.com\/#organization","name":"Muy Jujuy","url":"https:\/\/www.muyjujuy.com\/","logo":{"@type":"ImageObject","inLanguage":"es-AR","@id":"https:\/\/www.muyjujuy.com\/#\/schema\/logo\/image\/","url":"http:\/\/www.muyjujuy.com\/wp-content\/uploads\/2022\/05\/logo-mobil-jujuy.png","contentUrl":"http:\/\/www.muyjujuy.com\/wp-content\/uploads\/2022\/05\/logo-mobil-jujuy.png","width":174,"height":81,"caption":"Muy Jujuy"},"image":{"@id":"https:\/\/www.muyjujuy.com\/#\/schema\/logo\/image\/"},"sameAs":["https:\/\/www.facebook.com\/muyjujuycom","https:\/\/x.com\/muyjujuy","https:\/\/www.instagram.com\/muyjujuycom"]},{"@type":"Person","@id":"https:\/\/www.muyjujuy.com\/#\/schema\/person\/a3b63db1f387ec4149299954904c5bf0","name":"admin","image":{"@type":"ImageObject","inLanguage":"es-AR","@id":"https:\/\/secure.gravatar.com\/avatar\/b6e63d8d3a73633362405a0ad27e9c28391755813b59886f19a99d6cef8a03fc?s=96&d=mm&r=g","url":"https:\/\/secure.gravatar.com\/avatar\/b6e63d8d3a73633362405a0ad27e9c28391755813b59886f19a99d6cef8a03fc?s=96&d=mm&r=g","contentUrl":"https:\/\/secure.gravatar.com\/avatar\/b6e63d8d3a73633362405a0ad27e9c28391755813b59886f19a99d6cef8a03fc?s=96&d=mm&r=g","caption":"admin"},"url":"https:\/\/www.muyjujuy.com\/index.php\/author\/soyeleditor\/"}]}},"_links":{"self":[{"href":"https:\/\/www.muyjujuy.com\/index.php\/wp-json\/wp\/v2\/posts\/3074","targetHints":{"allow":["GET"]}}],"collection":[{"href":"https:\/\/www.muyjujuy.com\/index.php\/wp-json\/wp\/v2\/posts"}],"about":[{"href":"https:\/\/www.muyjujuy.com\/index.php\/wp-json\/wp\/v2\/types\/post"}],"author":[{"embeddable":true,"href":"https:\/\/www.muyjujuy.com\/index.php\/wp-json\/wp\/v2\/users\/1"}],"replies":[{"embeddable":true,"href":"https:\/\/www.muyjujuy.com\/index.php\/wp-json\/wp\/v2\/comments?post=3074"}],"version-history":[{"count":1,"href":"https:\/\/www.muyjujuy.com\/index.php\/wp-json\/wp\/v2\/posts\/3074\/revisions"}],"predecessor-version":[{"id":3076,"href":"https:\/\/www.muyjujuy.com\/index.php\/wp-json\/wp\/v2\/posts\/3074\/revisions\/3076"}],"wp:featuredmedia":[{"embeddable":true,"href":"https:\/\/www.muyjujuy.com\/index.php\/wp-json\/wp\/v2\/media\/3075"}],"wp:attachment":[{"href":"https:\/\/www.muyjujuy.com\/index.php\/wp-json\/wp\/v2\/media?parent=3074"}],"wp:term":[{"taxonomy":"category","embeddable":true,"href":"https:\/\/www.muyjujuy.com\/index.php\/wp-json\/wp\/v2\/categories?post=3074"},{"taxonomy":"post_tag","embeddable":true,"href":"https:\/\/www.muyjujuy.com\/index.php\/wp-json\/wp\/v2\/tags?post=3074"}],"curies":[{"name":"wp","href":"https:\/\/api.w.org\/{rel}","templated":true}]}}