{"id":3171,"date":"2026-01-23T10:08:36","date_gmt":"2026-01-23T13:08:36","guid":{"rendered":"https:\/\/www.muyjujuy.com\/?p=3171"},"modified":"2026-01-23T10:08:38","modified_gmt":"2026-01-23T13:08:38","slug":"jujuy-realizaron-por-primera-vez-una-reconstruccion-total-de-mandibula-en-el-hospital-pablo-soria","status":"publish","type":"post","link":"https:\/\/www.muyjujuy.com\/index.php\/2026\/01\/23\/jujuy-realizaron-por-primera-vez-una-reconstruccion-total-de-mandibula-en-el-hospital-pablo-soria\/","title":{"rendered":"Jujuy: realizaron por primera vez una reconstrucci\u00f3n total de mand\u00edbula en el hospital Pablo Soria"},"content":{"rendered":"\n<h2 class=\"wp-block-heading\">La cirug\u00eda se realiz\u00f3 el 2 de enero con t\u00e9cnica microquir\u00fargica y utiliz\u00f3 hueso peron\u00e9 del propio paciente. Intervinieron equipos de Cabeza y Cuello, anestesiolog\u00eda y terapia intensiva.<\/h2>\n\n\n\n<p>El <strong>Hospital Pablo Soria<\/strong> concret\u00f3 por primera vez en <strong>Jujuy<\/strong> una <strong>cirug\u00eda de alta complejidad<\/strong> para la reconstrucci\u00f3n total de mand\u00edbula mediante <strong>microcirug\u00eda<\/strong>, en un paciente de <strong>24 a\u00f1os<\/strong> oriundo de <strong>Perico<\/strong> con diagn\u00f3stico de <strong>tumor gigante mandibular<\/strong>. La intervenci\u00f3n demand\u00f3 <strong>casi 16 horas de quir\u00f3fano<\/strong> y se desarroll\u00f3 \u00edntegramente en el <strong>sistema p\u00fablico<\/strong>.<\/p>\n\n\n\n<p>El procedimiento incluy\u00f3 la <strong>resecci\u00f3n completa del hueso afectado<\/strong> y la posterior reconstrucci\u00f3n con un fragmento de <strong>hueso peron\u00e9<\/strong> extra\u00eddo de la pierna del propio paciente. Para planificar la cirug\u00eda, el equipo utiliz\u00f3 <strong>modelos 3D<\/strong> y <strong>gu\u00edas personalizadas<\/strong> elaboradas a partir de estudios tomogr\u00e1ficos, lo que permiti\u00f3 una intervenci\u00f3n de <strong>m\u00e1xima precisi\u00f3n<\/strong>.<\/p>\n\n\n\n<p>Durante la operaci\u00f3n, los cirujanos fijaron los segmentos \u00f3seos con una <strong>placa de titanio<\/strong> y realizaron la <strong>anastomosis de arterias y venas<\/strong> mediante microcirug\u00eda con microscopio de alta magnificaci\u00f3n. El paciente evolucion\u00f3 de manera <strong>satisfactoria<\/strong> y continu\u00f3 su recuperaci\u00f3n con <strong>rehabilitaci\u00f3n fonoaudiol\u00f3gica y nutricional<\/strong> en forma ambulatoria.<\/p>\n\n\n\n<p>El m\u00e9dico <strong>Enrique Armella<\/strong> explic\u00f3 que el joven presentaba <strong>dificultades para masticar<\/strong> y <strong>deformaci\u00f3n dentaria<\/strong>, y afirm\u00f3 que el hospital \u201cest\u00e1 preparado para este tipo de intervenciones\u201d. El equipo estuvo integrado por <strong>Guillermo Loza, Eduardo Huertas, Enrique Armella<\/strong> y el cirujano pl\u00e1stico <strong>Lucas Mazars<\/strong>, junto a profesionales de <strong>anestesiolog\u00eda, instrumentaci\u00f3n, terapia intensiva y enfermer\u00eda<\/strong>.<\/p>\n","protected":false},"excerpt":{"rendered":"<p>La cirug\u00eda se realiz\u00f3 el 2 de enero con t\u00e9cnica microquir\u00fargica y utiliz\u00f3 hueso peron\u00e9 del propio paciente. Intervinieron equipos de Cabeza y Cuello, anestesiolog\u00eda y terapia intensiva. El Hospital Pablo Soria concret\u00f3 por primera vez en Jujuy una cirug\u00eda de alta complejidad para la reconstrucci\u00f3n total de mand\u00edbula mediante microcirug\u00eda, en un paciente de [&hellip;]<\/p>\n","protected":false},"author":1,"featured_media":3172,"comment_status":"open","ping_status":"open","sticky":false,"template":"","format":"standard","meta":{"footnotes":""},"categories":[863,25],"tags":[],"class_list":{"0":"post-3171","1":"post","2":"type-post","3":"status-publish","4":"format-standard","5":"has-post-thumbnail","7":"category-jujuy","8":"category-sociedad"},"yoast_head":"<!-- This site is optimized with the Yoast SEO plugin v27.5 - https:\/\/yoast.com\/product\/yoast-seo-wordpress\/ -->\n<title>Jujuy: realizaron por primera vez una reconstrucci\u00f3n total de mand\u00edbula en el hospital Pablo Soria - Muy Jujuy<\/title>\n<meta name=\"robots\" content=\"index, follow, max-snippet:-1, max-image-preview:large, max-video-preview:-1\" \/>\n<link rel=\"canonical\" href=\"https:\/\/www.muyjujuy.com\/index.php\/2026\/01\/23\/jujuy-realizaron-por-primera-vez-una-reconstruccion-total-de-mandibula-en-el-hospital-pablo-soria\/\" \/>\n<meta property=\"og:locale\" content=\"es_ES\" \/>\n<meta property=\"og:type\" content=\"article\" \/>\n<meta property=\"og:title\" content=\"Jujuy: realizaron por primera vez una reconstrucci\u00f3n total de mand\u00edbula en el hospital Pablo Soria - Muy Jujuy\" \/>\n<meta property=\"og:description\" content=\"La cirug\u00eda se realiz\u00f3 el 2 de enero con t\u00e9cnica microquir\u00fargica y utiliz\u00f3 hueso peron\u00e9 del propio paciente. Intervinieron equipos de Cabeza y Cuello, anestesiolog\u00eda y terapia intensiva. El Hospital Pablo Soria concret\u00f3 por primera vez en Jujuy una cirug\u00eda de alta complejidad para la reconstrucci\u00f3n total de mand\u00edbula mediante microcirug\u00eda, en un paciente de [&hellip;]\" \/>\n<meta property=\"og:url\" content=\"https:\/\/www.muyjujuy.com\/index.php\/2026\/01\/23\/jujuy-realizaron-por-primera-vez-una-reconstruccion-total-de-mandibula-en-el-hospital-pablo-soria\/\" \/>\n<meta property=\"og:site_name\" content=\"Muy Jujuy\" \/>\n<meta property=\"article:publisher\" content=\"https:\/\/www.facebook.com\/muyjujuycom\" \/>\n<meta property=\"article:published_time\" content=\"2026-01-23T13:08:36+00:00\" \/>\n<meta property=\"article:modified_time\" content=\"2026-01-23T13:08:38+00:00\" \/>\n<meta property=\"og:image\" content=\"https:\/\/www.muyjujuy.com\/wp-content\/uploads\/2026\/01\/jujuy-12.jpg\" \/>\n\t<meta property=\"og:image:width\" content=\"950\" \/>\n\t<meta property=\"og:image:height\" content=\"537\" \/>\n\t<meta property=\"og:image:type\" content=\"image\/jpeg\" \/>\n<meta name=\"author\" content=\"admin\" \/>\n<meta name=\"twitter:card\" content=\"summary_large_image\" \/>\n<meta name=\"twitter:creator\" content=\"@muyjujuy\" \/>\n<meta name=\"twitter:site\" content=\"@muyjujuy\" \/>\n<meta name=\"twitter:label1\" content=\"Escrito por\" \/>\n\t<meta name=\"twitter:data1\" content=\"admin\" \/>\n\t<meta name=\"twitter:label2\" content=\"Tiempo de lectura\" \/>\n\t<meta name=\"twitter:data2\" content=\"2 minutos\" \/>\n<script type=\"application\/ld+json\" class=\"yoast-schema-graph\">{\"@context\":\"https:\\\/\\\/schema.org\",\"@graph\":[{\"@type\":\"Article\",\"@id\":\"https:\\\/\\\/www.muyjujuy.com\\\/index.php\\\/2026\\\/01\\\/23\\\/jujuy-realizaron-por-primera-vez-una-reconstruccion-total-de-mandibula-en-el-hospital-pablo-soria\\\/#article\",\"isPartOf\":{\"@id\":\"https:\\\/\\\/www.muyjujuy.com\\\/index.php\\\/2026\\\/01\\\/23\\\/jujuy-realizaron-por-primera-vez-una-reconstruccion-total-de-mandibula-en-el-hospital-pablo-soria\\\/\"},\"author\":{\"name\":\"admin\",\"@id\":\"https:\\\/\\\/www.muyjujuy.com\\\/#\\\/schema\\\/person\\\/a3b63db1f387ec4149299954904c5bf0\"},\"headline\":\"Jujuy: realizaron por primera vez una reconstrucci\u00f3n total de mand\u00edbula en el hospital Pablo Soria\",\"datePublished\":\"2026-01-23T13:08:36+00:00\",\"dateModified\":\"2026-01-23T13:08:38+00:00\",\"mainEntityOfPage\":{\"@id\":\"https:\\\/\\\/www.muyjujuy.com\\\/index.php\\\/2026\\\/01\\\/23\\\/jujuy-realizaron-por-primera-vez-una-reconstruccion-total-de-mandibula-en-el-hospital-pablo-soria\\\/\"},\"wordCount\":283,\"commentCount\":0,\"publisher\":{\"@id\":\"https:\\\/\\\/www.muyjujuy.com\\\/#organization\"},\"image\":{\"@id\":\"https:\\\/\\\/www.muyjujuy.com\\\/index.php\\\/2026\\\/01\\\/23\\\/jujuy-realizaron-por-primera-vez-una-reconstruccion-total-de-mandibula-en-el-hospital-pablo-soria\\\/#primaryimage\"},\"thumbnailUrl\":\"https:\\\/\\\/www.muyjujuy.com\\\/wp-content\\\/uploads\\\/2026\\\/01\\\/jujuy-12.jpg\",\"articleSection\":[\"JUJUY\",\"Sociedad\"],\"inLanguage\":\"es-AR\",\"potentialAction\":[{\"@type\":\"CommentAction\",\"name\":\"Comment\",\"target\":[\"https:\\\/\\\/www.muyjujuy.com\\\/index.php\\\/2026\\\/01\\\/23\\\/jujuy-realizaron-por-primera-vez-una-reconstruccion-total-de-mandibula-en-el-hospital-pablo-soria\\\/#respond\"]}]},{\"@type\":\"WebPage\",\"@id\":\"https:\\\/\\\/www.muyjujuy.com\\\/index.php\\\/2026\\\/01\\\/23\\\/jujuy-realizaron-por-primera-vez-una-reconstruccion-total-de-mandibula-en-el-hospital-pablo-soria\\\/\",\"url\":\"https:\\\/\\\/www.muyjujuy.com\\\/index.php\\\/2026\\\/01\\\/23\\\/jujuy-realizaron-por-primera-vez-una-reconstruccion-total-de-mandibula-en-el-hospital-pablo-soria\\\/\",\"name\":\"Jujuy: realizaron por primera vez una reconstrucci\u00f3n total de mand\u00edbula en el hospital Pablo Soria - Muy Jujuy\",\"isPartOf\":{\"@id\":\"https:\\\/\\\/www.muyjujuy.com\\\/#website\"},\"primaryImageOfPage\":{\"@id\":\"https:\\\/\\\/www.muyjujuy.com\\\/index.php\\\/2026\\\/01\\\/23\\\/jujuy-realizaron-por-primera-vez-una-reconstruccion-total-de-mandibula-en-el-hospital-pablo-soria\\\/#primaryimage\"},\"image\":{\"@id\":\"https:\\\/\\\/www.muyjujuy.com\\\/index.php\\\/2026\\\/01\\\/23\\\/jujuy-realizaron-por-primera-vez-una-reconstruccion-total-de-mandibula-en-el-hospital-pablo-soria\\\/#primaryimage\"},\"thumbnailUrl\":\"https:\\\/\\\/www.muyjujuy.com\\\/wp-content\\\/uploads\\\/2026\\\/01\\\/jujuy-12.jpg\",\"datePublished\":\"2026-01-23T13:08:36+00:00\",\"dateModified\":\"2026-01-23T13:08:38+00:00\",\"breadcrumb\":{\"@id\":\"https:\\\/\\\/www.muyjujuy.com\\\/index.php\\\/2026\\\/01\\\/23\\\/jujuy-realizaron-por-primera-vez-una-reconstruccion-total-de-mandibula-en-el-hospital-pablo-soria\\\/#breadcrumb\"},\"inLanguage\":\"es-AR\",\"potentialAction\":[{\"@type\":\"ReadAction\",\"target\":[\"https:\\\/\\\/www.muyjujuy.com\\\/index.php\\\/2026\\\/01\\\/23\\\/jujuy-realizaron-por-primera-vez-una-reconstruccion-total-de-mandibula-en-el-hospital-pablo-soria\\\/\"]}]},{\"@type\":\"ImageObject\",\"inLanguage\":\"es-AR\",\"@id\":\"https:\\\/\\\/www.muyjujuy.com\\\/index.php\\\/2026\\\/01\\\/23\\\/jujuy-realizaron-por-primera-vez-una-reconstruccion-total-de-mandibula-en-el-hospital-pablo-soria\\\/#primaryimage\",\"url\":\"https:\\\/\\\/www.muyjujuy.com\\\/wp-content\\\/uploads\\\/2026\\\/01\\\/jujuy-12.jpg\",\"contentUrl\":\"https:\\\/\\\/www.muyjujuy.com\\\/wp-content\\\/uploads\\\/2026\\\/01\\\/jujuy-12.jpg\",\"width\":950,\"height\":537},{\"@type\":\"BreadcrumbList\",\"@id\":\"https:\\\/\\\/www.muyjujuy.com\\\/index.php\\\/2026\\\/01\\\/23\\\/jujuy-realizaron-por-primera-vez-una-reconstruccion-total-de-mandibula-en-el-hospital-pablo-soria\\\/#breadcrumb\",\"itemListElement\":[{\"@type\":\"ListItem\",\"position\":1,\"name\":\"Inicio\",\"item\":\"https:\\\/\\\/www.muyjujuy.com\\\/\"},{\"@type\":\"ListItem\",\"position\":2,\"name\":\"Jujuy: realizaron por primera vez una reconstrucci\u00f3n total de mand\u00edbula en el hospital Pablo Soria\"}]},{\"@type\":\"WebSite\",\"@id\":\"https:\\\/\\\/www.muyjujuy.com\\\/#website\",\"url\":\"https:\\\/\\\/www.muyjujuy.com\\\/\",\"name\":\"Muy Jujuy\",\"description\":\"\",\"publisher\":{\"@id\":\"https:\\\/\\\/www.muyjujuy.com\\\/#organization\"},\"potentialAction\":[{\"@type\":\"SearchAction\",\"target\":{\"@type\":\"EntryPoint\",\"urlTemplate\":\"https:\\\/\\\/www.muyjujuy.com\\\/?s={search_term_string}\"},\"query-input\":{\"@type\":\"PropertyValueSpecification\",\"valueRequired\":true,\"valueName\":\"search_term_string\"}}],\"inLanguage\":\"es-AR\"},{\"@type\":\"Organization\",\"@id\":\"https:\\\/\\\/www.muyjujuy.com\\\/#organization\",\"name\":\"Muy Jujuy\",\"url\":\"https:\\\/\\\/www.muyjujuy.com\\\/\",\"logo\":{\"@type\":\"ImageObject\",\"inLanguage\":\"es-AR\",\"@id\":\"https:\\\/\\\/www.muyjujuy.com\\\/#\\\/schema\\\/logo\\\/image\\\/\",\"url\":\"http:\\\/\\\/www.muyjujuy.com\\\/wp-content\\\/uploads\\\/2022\\\/05\\\/logo-mobil-jujuy.png\",\"contentUrl\":\"http:\\\/\\\/www.muyjujuy.com\\\/wp-content\\\/uploads\\\/2022\\\/05\\\/logo-mobil-jujuy.png\",\"width\":174,\"height\":81,\"caption\":\"Muy Jujuy\"},\"image\":{\"@id\":\"https:\\\/\\\/www.muyjujuy.com\\\/#\\\/schema\\\/logo\\\/image\\\/\"},\"sameAs\":[\"https:\\\/\\\/www.facebook.com\\\/muyjujuycom\",\"https:\\\/\\\/x.com\\\/muyjujuy\",\"https:\\\/\\\/www.instagram.com\\\/muyjujuycom\"]},{\"@type\":\"Person\",\"@id\":\"https:\\\/\\\/www.muyjujuy.com\\\/#\\\/schema\\\/person\\\/a3b63db1f387ec4149299954904c5bf0\",\"name\":\"admin\",\"image\":{\"@type\":\"ImageObject\",\"inLanguage\":\"es-AR\",\"@id\":\"https:\\\/\\\/secure.gravatar.com\\\/avatar\\\/b6e63d8d3a73633362405a0ad27e9c28391755813b59886f19a99d6cef8a03fc?s=96&d=mm&r=g\",\"url\":\"https:\\\/\\\/secure.gravatar.com\\\/avatar\\\/b6e63d8d3a73633362405a0ad27e9c28391755813b59886f19a99d6cef8a03fc?s=96&d=mm&r=g\",\"contentUrl\":\"https:\\\/\\\/secure.gravatar.com\\\/avatar\\\/b6e63d8d3a73633362405a0ad27e9c28391755813b59886f19a99d6cef8a03fc?s=96&d=mm&r=g\",\"caption\":\"admin\"},\"url\":\"https:\\\/\\\/www.muyjujuy.com\\\/index.php\\\/author\\\/soyeleditor\\\/\"}]}<\/script>\n<!-- \/ Yoast SEO plugin. -->","yoast_head_json":{"title":"Jujuy: realizaron por primera vez una reconstrucci\u00f3n total de mand\u00edbula en el hospital Pablo Soria - Muy Jujuy","robots":{"index":"index","follow":"follow","max-snippet":"max-snippet:-1","max-image-preview":"max-image-preview:large","max-video-preview":"max-video-preview:-1"},"canonical":"https:\/\/www.muyjujuy.com\/index.php\/2026\/01\/23\/jujuy-realizaron-por-primera-vez-una-reconstruccion-total-de-mandibula-en-el-hospital-pablo-soria\/","og_locale":"es_ES","og_type":"article","og_title":"Jujuy: realizaron por primera vez una reconstrucci\u00f3n total de mand\u00edbula en el hospital Pablo Soria - Muy Jujuy","og_description":"La cirug\u00eda se realiz\u00f3 el 2 de enero con t\u00e9cnica microquir\u00fargica y utiliz\u00f3 hueso peron\u00e9 del propio paciente. Intervinieron equipos de Cabeza y Cuello, anestesiolog\u00eda y terapia intensiva. El Hospital Pablo Soria concret\u00f3 por primera vez en Jujuy una cirug\u00eda de alta complejidad para la reconstrucci\u00f3n total de mand\u00edbula mediante microcirug\u00eda, en un paciente de [&hellip;]","og_url":"https:\/\/www.muyjujuy.com\/index.php\/2026\/01\/23\/jujuy-realizaron-por-primera-vez-una-reconstruccion-total-de-mandibula-en-el-hospital-pablo-soria\/","og_site_name":"Muy Jujuy","article_publisher":"https:\/\/www.facebook.com\/muyjujuycom","article_published_time":"2026-01-23T13:08:36+00:00","article_modified_time":"2026-01-23T13:08:38+00:00","og_image":[{"width":950,"height":537,"url":"https:\/\/www.muyjujuy.com\/wp-content\/uploads\/2026\/01\/jujuy-12.jpg","type":"image\/jpeg"}],"author":"admin","twitter_card":"summary_large_image","twitter_creator":"@muyjujuy","twitter_site":"@muyjujuy","twitter_misc":{"Escrito por":"admin","Tiempo de lectura":"2 minutos"},"schema":{"@context":"https:\/\/schema.org","@graph":[{"@type":"Article","@id":"https:\/\/www.muyjujuy.com\/index.php\/2026\/01\/23\/jujuy-realizaron-por-primera-vez-una-reconstruccion-total-de-mandibula-en-el-hospital-pablo-soria\/#article","isPartOf":{"@id":"https:\/\/www.muyjujuy.com\/index.php\/2026\/01\/23\/jujuy-realizaron-por-primera-vez-una-reconstruccion-total-de-mandibula-en-el-hospital-pablo-soria\/"},"author":{"name":"admin","@id":"https:\/\/www.muyjujuy.com\/#\/schema\/person\/a3b63db1f387ec4149299954904c5bf0"},"headline":"Jujuy: realizaron por primera vez una reconstrucci\u00f3n total de mand\u00edbula en el hospital Pablo Soria","datePublished":"2026-01-23T13:08:36+00:00","dateModified":"2026-01-23T13:08:38+00:00","mainEntityOfPage":{"@id":"https:\/\/www.muyjujuy.com\/index.php\/2026\/01\/23\/jujuy-realizaron-por-primera-vez-una-reconstruccion-total-de-mandibula-en-el-hospital-pablo-soria\/"},"wordCount":283,"commentCount":0,"publisher":{"@id":"https:\/\/www.muyjujuy.com\/#organization"},"image":{"@id":"https:\/\/www.muyjujuy.com\/index.php\/2026\/01\/23\/jujuy-realizaron-por-primera-vez-una-reconstruccion-total-de-mandibula-en-el-hospital-pablo-soria\/#primaryimage"},"thumbnailUrl":"https:\/\/www.muyjujuy.com\/wp-content\/uploads\/2026\/01\/jujuy-12.jpg","articleSection":["JUJUY","Sociedad"],"inLanguage":"es-AR","potentialAction":[{"@type":"CommentAction","name":"Comment","target":["https:\/\/www.muyjujuy.com\/index.php\/2026\/01\/23\/jujuy-realizaron-por-primera-vez-una-reconstruccion-total-de-mandibula-en-el-hospital-pablo-soria\/#respond"]}]},{"@type":"WebPage","@id":"https:\/\/www.muyjujuy.com\/index.php\/2026\/01\/23\/jujuy-realizaron-por-primera-vez-una-reconstruccion-total-de-mandibula-en-el-hospital-pablo-soria\/","url":"https:\/\/www.muyjujuy.com\/index.php\/2026\/01\/23\/jujuy-realizaron-por-primera-vez-una-reconstruccion-total-de-mandibula-en-el-hospital-pablo-soria\/","name":"Jujuy: realizaron por primera vez una reconstrucci\u00f3n total de mand\u00edbula en el hospital Pablo Soria - Muy Jujuy","isPartOf":{"@id":"https:\/\/www.muyjujuy.com\/#website"},"primaryImageOfPage":{"@id":"https:\/\/www.muyjujuy.com\/index.php\/2026\/01\/23\/jujuy-realizaron-por-primera-vez-una-reconstruccion-total-de-mandibula-en-el-hospital-pablo-soria\/#primaryimage"},"image":{"@id":"https:\/\/www.muyjujuy.com\/index.php\/2026\/01\/23\/jujuy-realizaron-por-primera-vez-una-reconstruccion-total-de-mandibula-en-el-hospital-pablo-soria\/#primaryimage"},"thumbnailUrl":"https:\/\/www.muyjujuy.com\/wp-content\/uploads\/2026\/01\/jujuy-12.jpg","datePublished":"2026-01-23T13:08:36+00:00","dateModified":"2026-01-23T13:08:38+00:00","breadcrumb":{"@id":"https:\/\/www.muyjujuy.com\/index.php\/2026\/01\/23\/jujuy-realizaron-por-primera-vez-una-reconstruccion-total-de-mandibula-en-el-hospital-pablo-soria\/#breadcrumb"},"inLanguage":"es-AR","potentialAction":[{"@type":"ReadAction","target":["https:\/\/www.muyjujuy.com\/index.php\/2026\/01\/23\/jujuy-realizaron-por-primera-vez-una-reconstruccion-total-de-mandibula-en-el-hospital-pablo-soria\/"]}]},{"@type":"ImageObject","inLanguage":"es-AR","@id":"https:\/\/www.muyjujuy.com\/index.php\/2026\/01\/23\/jujuy-realizaron-por-primera-vez-una-reconstruccion-total-de-mandibula-en-el-hospital-pablo-soria\/#primaryimage","url":"https:\/\/www.muyjujuy.com\/wp-content\/uploads\/2026\/01\/jujuy-12.jpg","contentUrl":"https:\/\/www.muyjujuy.com\/wp-content\/uploads\/2026\/01\/jujuy-12.jpg","width":950,"height":537},{"@type":"BreadcrumbList","@id":"https:\/\/www.muyjujuy.com\/index.php\/2026\/01\/23\/jujuy-realizaron-por-primera-vez-una-reconstruccion-total-de-mandibula-en-el-hospital-pablo-soria\/#breadcrumb","itemListElement":[{"@type":"ListItem","position":1,"name":"Inicio","item":"https:\/\/www.muyjujuy.com\/"},{"@type":"ListItem","position":2,"name":"Jujuy: realizaron por primera vez una reconstrucci\u00f3n total de mand\u00edbula en el hospital Pablo Soria"}]},{"@type":"WebSite","@id":"https:\/\/www.muyjujuy.com\/#website","url":"https:\/\/www.muyjujuy.com\/","name":"Muy Jujuy","description":"","publisher":{"@id":"https:\/\/www.muyjujuy.com\/#organization"},"potentialAction":[{"@type":"SearchAction","target":{"@type":"EntryPoint","urlTemplate":"https:\/\/www.muyjujuy.com\/?s={search_term_string}"},"query-input":{"@type":"PropertyValueSpecification","valueRequired":true,"valueName":"search_term_string"}}],"inLanguage":"es-AR"},{"@type":"Organization","@id":"https:\/\/www.muyjujuy.com\/#organization","name":"Muy Jujuy","url":"https:\/\/www.muyjujuy.com\/","logo":{"@type":"ImageObject","inLanguage":"es-AR","@id":"https:\/\/www.muyjujuy.com\/#\/schema\/logo\/image\/","url":"http:\/\/www.muyjujuy.com\/wp-content\/uploads\/2022\/05\/logo-mobil-jujuy.png","contentUrl":"http:\/\/www.muyjujuy.com\/wp-content\/uploads\/2022\/05\/logo-mobil-jujuy.png","width":174,"height":81,"caption":"Muy Jujuy"},"image":{"@id":"https:\/\/www.muyjujuy.com\/#\/schema\/logo\/image\/"},"sameAs":["https:\/\/www.facebook.com\/muyjujuycom","https:\/\/x.com\/muyjujuy","https:\/\/www.instagram.com\/muyjujuycom"]},{"@type":"Person","@id":"https:\/\/www.muyjujuy.com\/#\/schema\/person\/a3b63db1f387ec4149299954904c5bf0","name":"admin","image":{"@type":"ImageObject","inLanguage":"es-AR","@id":"https:\/\/secure.gravatar.com\/avatar\/b6e63d8d3a73633362405a0ad27e9c28391755813b59886f19a99d6cef8a03fc?s=96&d=mm&r=g","url":"https:\/\/secure.gravatar.com\/avatar\/b6e63d8d3a73633362405a0ad27e9c28391755813b59886f19a99d6cef8a03fc?s=96&d=mm&r=g","contentUrl":"https:\/\/secure.gravatar.com\/avatar\/b6e63d8d3a73633362405a0ad27e9c28391755813b59886f19a99d6cef8a03fc?s=96&d=mm&r=g","caption":"admin"},"url":"https:\/\/www.muyjujuy.com\/index.php\/author\/soyeleditor\/"}]}},"_links":{"self":[{"href":"https:\/\/www.muyjujuy.com\/index.php\/wp-json\/wp\/v2\/posts\/3171","targetHints":{"allow":["GET"]}}],"collection":[{"href":"https:\/\/www.muyjujuy.com\/index.php\/wp-json\/wp\/v2\/posts"}],"about":[{"href":"https:\/\/www.muyjujuy.com\/index.php\/wp-json\/wp\/v2\/types\/post"}],"author":[{"embeddable":true,"href":"https:\/\/www.muyjujuy.com\/index.php\/wp-json\/wp\/v2\/users\/1"}],"replies":[{"embeddable":true,"href":"https:\/\/www.muyjujuy.com\/index.php\/wp-json\/wp\/v2\/comments?post=3171"}],"version-history":[{"count":1,"href":"https:\/\/www.muyjujuy.com\/index.php\/wp-json\/wp\/v2\/posts\/3171\/revisions"}],"predecessor-version":[{"id":3173,"href":"https:\/\/www.muyjujuy.com\/index.php\/wp-json\/wp\/v2\/posts\/3171\/revisions\/3173"}],"wp:featuredmedia":[{"embeddable":true,"href":"https:\/\/www.muyjujuy.com\/index.php\/wp-json\/wp\/v2\/media\/3172"}],"wp:attachment":[{"href":"https:\/\/www.muyjujuy.com\/index.php\/wp-json\/wp\/v2\/media?parent=3171"}],"wp:term":[{"taxonomy":"category","embeddable":true,"href":"https:\/\/www.muyjujuy.com\/index.php\/wp-json\/wp\/v2\/categories?post=3171"},{"taxonomy":"post_tag","embeddable":true,"href":"https:\/\/www.muyjujuy.com\/index.php\/wp-json\/wp\/v2\/tags?post=3171"}],"curies":[{"name":"wp","href":"https:\/\/api.w.org\/{rel}","templated":true}]}}