{"id":3174,"date":"2026-01-28T11:44:54","date_gmt":"2026-01-28T14:44:54","guid":{"rendered":"https:\/\/www.muyjujuy.com\/?p=3174"},"modified":"2026-01-28T11:44:57","modified_gmt":"2026-01-28T14:44:57","slug":"san-salvador-de-jujuy-el-ballet-municipal-juventud-prolongada-competira-en-un-certamen-internacional-en-brasil","status":"publish","type":"post","link":"https:\/\/www.muyjujuy.com\/index.php\/2026\/01\/28\/san-salvador-de-jujuy-el-ballet-municipal-juventud-prolongada-competira-en-un-certamen-internacional-en-brasil\/","title":{"rendered":"San Salvador de Jujuy: el Ballet Municipal Juventud Prolongada competir\u00e1 en un certamen internacional en Brasil"},"content":{"rendered":"\n<h2 class=\"wp-block-heading\">La delegaci\u00f3n viajar\u00e1 a Florian\u00f3polis para representar a Jujuy y la Argentina con coreograf\u00edas identitarias. Participar\u00e1n 40 integrantes y habr\u00e1 jurado internacional.<\/h2>\n\n\n\n<p>El <strong>Ballet Municipal \u201cJuventud Prolongada\u201d<\/strong> participar\u00e1 de un <strong>certamen internacional<\/strong> que se desarrollar\u00e1 en <strong>Florian\u00f3polis<\/strong>, donde compartir\u00e1 escenario con delegaciones de distintos pa\u00edses de <strong>Sudam\u00e9rica<\/strong>. La representaci\u00f3n juje\u00f1a llevar\u00e1 una propuesta art\u00edstica basada en <strong>danzas tradicionales<\/strong> y expresiones culturales locales.<\/p>\n\n\n\n<p>El director del elenco, <strong>Gustavo Aybar<\/strong>, explic\u00f3 que el grupo accedi\u00f3 a la competencia por su condici\u00f3n de <strong>ganador del Mart\u00edn Fierro<\/strong>, lo que habilit\u00f3 su presencia a nivel internacional. Precis\u00f3 que el encuentro tendr\u00e1 car\u00e1cter <strong>competitivo<\/strong>, con <strong>premios en efectivo<\/strong> y <strong>posibilidades de contratos<\/strong> en producciones y espect\u00e1culos.<\/p>\n\n\n\n<p>La delegaci\u00f3n presentar\u00e1 coreograf\u00edas <strong>netamente juje\u00f1as<\/strong>, entre ellas <strong>\u201cLas Bordadoras de Caspal\u00e1\u201d<\/strong> y el <strong>\u201cCarnaval juje\u00f1o\u201d<\/strong>, con \u00e9nfasis en el <strong>colorido y la algarab\u00eda<\/strong> caracter\u00edsticos de la provincia. El grupo estar\u00e1 integrado por <strong>40 adultos mayores<\/strong> de <strong>barrios de San Salvador de Jujuy<\/strong> y de <strong>departamentos del interior<\/strong>, con el objetivo de <strong>mostrar identidad<\/strong> y <strong>representar a la provincia y al pa\u00eds<\/strong> en el m\u00e1ximo nivel.<\/p>\n\n\n\n<p><\/p>\n","protected":false},"excerpt":{"rendered":"<p>La delegaci\u00f3n viajar\u00e1 a Florian\u00f3polis para representar a Jujuy y la Argentina con coreograf\u00edas identitarias. Participar\u00e1n 40 integrantes y habr\u00e1 jurado internacional. El Ballet Municipal \u201cJuventud Prolongada\u201d participar\u00e1 de un certamen internacional que se desarrollar\u00e1 en Florian\u00f3polis, donde compartir\u00e1 escenario con delegaciones de distintos pa\u00edses de Sudam\u00e9rica. La representaci\u00f3n juje\u00f1a llevar\u00e1 una propuesta art\u00edstica basada [&hellip;]<\/p>\n","protected":false},"author":1,"featured_media":3175,"comment_status":"open","ping_status":"open","sticky":false,"template":"","format":"standard","meta":{"footnotes":""},"categories":[863,25],"tags":[],"class_list":{"0":"post-3174","1":"post","2":"type-post","3":"status-publish","4":"format-standard","5":"has-post-thumbnail","7":"category-jujuy","8":"category-sociedad"},"yoast_head":"<!-- This site is optimized with the Yoast SEO plugin v27.5 - https:\/\/yoast.com\/product\/yoast-seo-wordpress\/ -->\n<title>San Salvador de Jujuy: el Ballet Municipal Juventud Prolongada competir\u00e1 en un certamen internacional en Brasil - Muy Jujuy<\/title>\n<meta name=\"robots\" content=\"index, follow, max-snippet:-1, max-image-preview:large, max-video-preview:-1\" \/>\n<link rel=\"canonical\" href=\"https:\/\/www.muyjujuy.com\/index.php\/2026\/01\/28\/san-salvador-de-jujuy-el-ballet-municipal-juventud-prolongada-competira-en-un-certamen-internacional-en-brasil\/\" \/>\n<meta property=\"og:locale\" content=\"es_ES\" \/>\n<meta property=\"og:type\" content=\"article\" \/>\n<meta property=\"og:title\" content=\"San Salvador de Jujuy: el Ballet Municipal Juventud Prolongada competir\u00e1 en un certamen internacional en Brasil - Muy Jujuy\" \/>\n<meta property=\"og:description\" content=\"La delegaci\u00f3n viajar\u00e1 a Florian\u00f3polis para representar a Jujuy y la Argentina con coreograf\u00edas identitarias. Participar\u00e1n 40 integrantes y habr\u00e1 jurado internacional. El Ballet Municipal \u201cJuventud Prolongada\u201d participar\u00e1 de un certamen internacional que se desarrollar\u00e1 en Florian\u00f3polis, donde compartir\u00e1 escenario con delegaciones de distintos pa\u00edses de Sudam\u00e9rica. La representaci\u00f3n juje\u00f1a llevar\u00e1 una propuesta art\u00edstica basada [&hellip;]\" \/>\n<meta property=\"og:url\" content=\"https:\/\/www.muyjujuy.com\/index.php\/2026\/01\/28\/san-salvador-de-jujuy-el-ballet-municipal-juventud-prolongada-competira-en-un-certamen-internacional-en-brasil\/\" \/>\n<meta property=\"og:site_name\" content=\"Muy Jujuy\" \/>\n<meta property=\"article:publisher\" content=\"https:\/\/www.facebook.com\/muyjujuycom\" \/>\n<meta property=\"article:published_time\" content=\"2026-01-28T14:44:54+00:00\" \/>\n<meta property=\"article:modified_time\" content=\"2026-01-28T14:44:57+00:00\" \/>\n<meta property=\"og:image\" content=\"https:\/\/www.muyjujuy.com\/wp-content\/uploads\/2026\/01\/jujuy-13.jpg\" \/>\n\t<meta property=\"og:image:width\" content=\"951\" \/>\n\t<meta property=\"og:image:height\" content=\"530\" \/>\n\t<meta property=\"og:image:type\" content=\"image\/jpeg\" \/>\n<meta name=\"author\" content=\"admin\" \/>\n<meta name=\"twitter:card\" content=\"summary_large_image\" \/>\n<meta name=\"twitter:creator\" content=\"@muyjujuy\" \/>\n<meta name=\"twitter:site\" content=\"@muyjujuy\" \/>\n<meta name=\"twitter:label1\" content=\"Escrito por\" \/>\n\t<meta name=\"twitter:data1\" content=\"admin\" \/>\n\t<meta name=\"twitter:label2\" content=\"Tiempo de lectura\" \/>\n\t<meta name=\"twitter:data2\" content=\"2 minutos\" \/>\n<script type=\"application\/ld+json\" class=\"yoast-schema-graph\">{\"@context\":\"https:\\\/\\\/schema.org\",\"@graph\":[{\"@type\":\"Article\",\"@id\":\"https:\\\/\\\/www.muyjujuy.com\\\/index.php\\\/2026\\\/01\\\/28\\\/san-salvador-de-jujuy-el-ballet-municipal-juventud-prolongada-competira-en-un-certamen-internacional-en-brasil\\\/#article\",\"isPartOf\":{\"@id\":\"https:\\\/\\\/www.muyjujuy.com\\\/index.php\\\/2026\\\/01\\\/28\\\/san-salvador-de-jujuy-el-ballet-municipal-juventud-prolongada-competira-en-un-certamen-internacional-en-brasil\\\/\"},\"author\":{\"name\":\"admin\",\"@id\":\"https:\\\/\\\/www.muyjujuy.com\\\/#\\\/schema\\\/person\\\/a3b63db1f387ec4149299954904c5bf0\"},\"headline\":\"San Salvador de Jujuy: el Ballet Municipal Juventud Prolongada competir\u00e1 en un certamen internacional en Brasil\",\"datePublished\":\"2026-01-28T14:44:54+00:00\",\"dateModified\":\"2026-01-28T14:44:57+00:00\",\"mainEntityOfPage\":{\"@id\":\"https:\\\/\\\/www.muyjujuy.com\\\/index.php\\\/2026\\\/01\\\/28\\\/san-salvador-de-jujuy-el-ballet-municipal-juventud-prolongada-competira-en-un-certamen-internacional-en-brasil\\\/\"},\"wordCount\":213,\"commentCount\":0,\"publisher\":{\"@id\":\"https:\\\/\\\/www.muyjujuy.com\\\/#organization\"},\"image\":{\"@id\":\"https:\\\/\\\/www.muyjujuy.com\\\/index.php\\\/2026\\\/01\\\/28\\\/san-salvador-de-jujuy-el-ballet-municipal-juventud-prolongada-competira-en-un-certamen-internacional-en-brasil\\\/#primaryimage\"},\"thumbnailUrl\":\"https:\\\/\\\/www.muyjujuy.com\\\/wp-content\\\/uploads\\\/2026\\\/01\\\/jujuy-13.jpg\",\"articleSection\":[\"JUJUY\",\"Sociedad\"],\"inLanguage\":\"es-AR\",\"potentialAction\":[{\"@type\":\"CommentAction\",\"name\":\"Comment\",\"target\":[\"https:\\\/\\\/www.muyjujuy.com\\\/index.php\\\/2026\\\/01\\\/28\\\/san-salvador-de-jujuy-el-ballet-municipal-juventud-prolongada-competira-en-un-certamen-internacional-en-brasil\\\/#respond\"]}]},{\"@type\":\"WebPage\",\"@id\":\"https:\\\/\\\/www.muyjujuy.com\\\/index.php\\\/2026\\\/01\\\/28\\\/san-salvador-de-jujuy-el-ballet-municipal-juventud-prolongada-competira-en-un-certamen-internacional-en-brasil\\\/\",\"url\":\"https:\\\/\\\/www.muyjujuy.com\\\/index.php\\\/2026\\\/01\\\/28\\\/san-salvador-de-jujuy-el-ballet-municipal-juventud-prolongada-competira-en-un-certamen-internacional-en-brasil\\\/\",\"name\":\"San Salvador de Jujuy: el Ballet Municipal Juventud Prolongada competir\u00e1 en un certamen internacional en Brasil - Muy Jujuy\",\"isPartOf\":{\"@id\":\"https:\\\/\\\/www.muyjujuy.com\\\/#website\"},\"primaryImageOfPage\":{\"@id\":\"https:\\\/\\\/www.muyjujuy.com\\\/index.php\\\/2026\\\/01\\\/28\\\/san-salvador-de-jujuy-el-ballet-municipal-juventud-prolongada-competira-en-un-certamen-internacional-en-brasil\\\/#primaryimage\"},\"image\":{\"@id\":\"https:\\\/\\\/www.muyjujuy.com\\\/index.php\\\/2026\\\/01\\\/28\\\/san-salvador-de-jujuy-el-ballet-municipal-juventud-prolongada-competira-en-un-certamen-internacional-en-brasil\\\/#primaryimage\"},\"thumbnailUrl\":\"https:\\\/\\\/www.muyjujuy.com\\\/wp-content\\\/uploads\\\/2026\\\/01\\\/jujuy-13.jpg\",\"datePublished\":\"2026-01-28T14:44:54+00:00\",\"dateModified\":\"2026-01-28T14:44:57+00:00\",\"breadcrumb\":{\"@id\":\"https:\\\/\\\/www.muyjujuy.com\\\/index.php\\\/2026\\\/01\\\/28\\\/san-salvador-de-jujuy-el-ballet-municipal-juventud-prolongada-competira-en-un-certamen-internacional-en-brasil\\\/#breadcrumb\"},\"inLanguage\":\"es-AR\",\"potentialAction\":[{\"@type\":\"ReadAction\",\"target\":[\"https:\\\/\\\/www.muyjujuy.com\\\/index.php\\\/2026\\\/01\\\/28\\\/san-salvador-de-jujuy-el-ballet-municipal-juventud-prolongada-competira-en-un-certamen-internacional-en-brasil\\\/\"]}]},{\"@type\":\"ImageObject\",\"inLanguage\":\"es-AR\",\"@id\":\"https:\\\/\\\/www.muyjujuy.com\\\/index.php\\\/2026\\\/01\\\/28\\\/san-salvador-de-jujuy-el-ballet-municipal-juventud-prolongada-competira-en-un-certamen-internacional-en-brasil\\\/#primaryimage\",\"url\":\"https:\\\/\\\/www.muyjujuy.com\\\/wp-content\\\/uploads\\\/2026\\\/01\\\/jujuy-13.jpg\",\"contentUrl\":\"https:\\\/\\\/www.muyjujuy.com\\\/wp-content\\\/uploads\\\/2026\\\/01\\\/jujuy-13.jpg\",\"width\":951,\"height\":530},{\"@type\":\"BreadcrumbList\",\"@id\":\"https:\\\/\\\/www.muyjujuy.com\\\/index.php\\\/2026\\\/01\\\/28\\\/san-salvador-de-jujuy-el-ballet-municipal-juventud-prolongada-competira-en-un-certamen-internacional-en-brasil\\\/#breadcrumb\",\"itemListElement\":[{\"@type\":\"ListItem\",\"position\":1,\"name\":\"Inicio\",\"item\":\"https:\\\/\\\/www.muyjujuy.com\\\/\"},{\"@type\":\"ListItem\",\"position\":2,\"name\":\"San Salvador de Jujuy: el Ballet Municipal Juventud Prolongada competir\u00e1 en un certamen internacional en Brasil\"}]},{\"@type\":\"WebSite\",\"@id\":\"https:\\\/\\\/www.muyjujuy.com\\\/#website\",\"url\":\"https:\\\/\\\/www.muyjujuy.com\\\/\",\"name\":\"Muy Jujuy\",\"description\":\"\",\"publisher\":{\"@id\":\"https:\\\/\\\/www.muyjujuy.com\\\/#organization\"},\"potentialAction\":[{\"@type\":\"SearchAction\",\"target\":{\"@type\":\"EntryPoint\",\"urlTemplate\":\"https:\\\/\\\/www.muyjujuy.com\\\/?s={search_term_string}\"},\"query-input\":{\"@type\":\"PropertyValueSpecification\",\"valueRequired\":true,\"valueName\":\"search_term_string\"}}],\"inLanguage\":\"es-AR\"},{\"@type\":\"Organization\",\"@id\":\"https:\\\/\\\/www.muyjujuy.com\\\/#organization\",\"name\":\"Muy Jujuy\",\"url\":\"https:\\\/\\\/www.muyjujuy.com\\\/\",\"logo\":{\"@type\":\"ImageObject\",\"inLanguage\":\"es-AR\",\"@id\":\"https:\\\/\\\/www.muyjujuy.com\\\/#\\\/schema\\\/logo\\\/image\\\/\",\"url\":\"http:\\\/\\\/www.muyjujuy.com\\\/wp-content\\\/uploads\\\/2022\\\/05\\\/logo-mobil-jujuy.png\",\"contentUrl\":\"http:\\\/\\\/www.muyjujuy.com\\\/wp-content\\\/uploads\\\/2022\\\/05\\\/logo-mobil-jujuy.png\",\"width\":174,\"height\":81,\"caption\":\"Muy Jujuy\"},\"image\":{\"@id\":\"https:\\\/\\\/www.muyjujuy.com\\\/#\\\/schema\\\/logo\\\/image\\\/\"},\"sameAs\":[\"https:\\\/\\\/www.facebook.com\\\/muyjujuycom\",\"https:\\\/\\\/x.com\\\/muyjujuy\",\"https:\\\/\\\/www.instagram.com\\\/muyjujuycom\"]},{\"@type\":\"Person\",\"@id\":\"https:\\\/\\\/www.muyjujuy.com\\\/#\\\/schema\\\/person\\\/a3b63db1f387ec4149299954904c5bf0\",\"name\":\"admin\",\"image\":{\"@type\":\"ImageObject\",\"inLanguage\":\"es-AR\",\"@id\":\"https:\\\/\\\/secure.gravatar.com\\\/avatar\\\/b6e63d8d3a73633362405a0ad27e9c28391755813b59886f19a99d6cef8a03fc?s=96&d=mm&r=g\",\"url\":\"https:\\\/\\\/secure.gravatar.com\\\/avatar\\\/b6e63d8d3a73633362405a0ad27e9c28391755813b59886f19a99d6cef8a03fc?s=96&d=mm&r=g\",\"contentUrl\":\"https:\\\/\\\/secure.gravatar.com\\\/avatar\\\/b6e63d8d3a73633362405a0ad27e9c28391755813b59886f19a99d6cef8a03fc?s=96&d=mm&r=g\",\"caption\":\"admin\"},\"url\":\"https:\\\/\\\/www.muyjujuy.com\\\/index.php\\\/author\\\/soyeleditor\\\/\"}]}<\/script>\n<!-- \/ Yoast SEO plugin. -->","yoast_head_json":{"title":"San Salvador de Jujuy: el Ballet Municipal Juventud Prolongada competir\u00e1 en un certamen internacional en Brasil - Muy Jujuy","robots":{"index":"index","follow":"follow","max-snippet":"max-snippet:-1","max-image-preview":"max-image-preview:large","max-video-preview":"max-video-preview:-1"},"canonical":"https:\/\/www.muyjujuy.com\/index.php\/2026\/01\/28\/san-salvador-de-jujuy-el-ballet-municipal-juventud-prolongada-competira-en-un-certamen-internacional-en-brasil\/","og_locale":"es_ES","og_type":"article","og_title":"San Salvador de Jujuy: el Ballet Municipal Juventud Prolongada competir\u00e1 en un certamen internacional en Brasil - Muy Jujuy","og_description":"La delegaci\u00f3n viajar\u00e1 a Florian\u00f3polis para representar a Jujuy y la Argentina con coreograf\u00edas identitarias. Participar\u00e1n 40 integrantes y habr\u00e1 jurado internacional. El Ballet Municipal \u201cJuventud Prolongada\u201d participar\u00e1 de un certamen internacional que se desarrollar\u00e1 en Florian\u00f3polis, donde compartir\u00e1 escenario con delegaciones de distintos pa\u00edses de Sudam\u00e9rica. La representaci\u00f3n juje\u00f1a llevar\u00e1 una propuesta art\u00edstica basada [&hellip;]","og_url":"https:\/\/www.muyjujuy.com\/index.php\/2026\/01\/28\/san-salvador-de-jujuy-el-ballet-municipal-juventud-prolongada-competira-en-un-certamen-internacional-en-brasil\/","og_site_name":"Muy Jujuy","article_publisher":"https:\/\/www.facebook.com\/muyjujuycom","article_published_time":"2026-01-28T14:44:54+00:00","article_modified_time":"2026-01-28T14:44:57+00:00","og_image":[{"width":951,"height":530,"url":"https:\/\/www.muyjujuy.com\/wp-content\/uploads\/2026\/01\/jujuy-13.jpg","type":"image\/jpeg"}],"author":"admin","twitter_card":"summary_large_image","twitter_creator":"@muyjujuy","twitter_site":"@muyjujuy","twitter_misc":{"Escrito por":"admin","Tiempo de lectura":"2 minutos"},"schema":{"@context":"https:\/\/schema.org","@graph":[{"@type":"Article","@id":"https:\/\/www.muyjujuy.com\/index.php\/2026\/01\/28\/san-salvador-de-jujuy-el-ballet-municipal-juventud-prolongada-competira-en-un-certamen-internacional-en-brasil\/#article","isPartOf":{"@id":"https:\/\/www.muyjujuy.com\/index.php\/2026\/01\/28\/san-salvador-de-jujuy-el-ballet-municipal-juventud-prolongada-competira-en-un-certamen-internacional-en-brasil\/"},"author":{"name":"admin","@id":"https:\/\/www.muyjujuy.com\/#\/schema\/person\/a3b63db1f387ec4149299954904c5bf0"},"headline":"San Salvador de Jujuy: el Ballet Municipal Juventud Prolongada competir\u00e1 en un certamen internacional en Brasil","datePublished":"2026-01-28T14:44:54+00:00","dateModified":"2026-01-28T14:44:57+00:00","mainEntityOfPage":{"@id":"https:\/\/www.muyjujuy.com\/index.php\/2026\/01\/28\/san-salvador-de-jujuy-el-ballet-municipal-juventud-prolongada-competira-en-un-certamen-internacional-en-brasil\/"},"wordCount":213,"commentCount":0,"publisher":{"@id":"https:\/\/www.muyjujuy.com\/#organization"},"image":{"@id":"https:\/\/www.muyjujuy.com\/index.php\/2026\/01\/28\/san-salvador-de-jujuy-el-ballet-municipal-juventud-prolongada-competira-en-un-certamen-internacional-en-brasil\/#primaryimage"},"thumbnailUrl":"https:\/\/www.muyjujuy.com\/wp-content\/uploads\/2026\/01\/jujuy-13.jpg","articleSection":["JUJUY","Sociedad"],"inLanguage":"es-AR","potentialAction":[{"@type":"CommentAction","name":"Comment","target":["https:\/\/www.muyjujuy.com\/index.php\/2026\/01\/28\/san-salvador-de-jujuy-el-ballet-municipal-juventud-prolongada-competira-en-un-certamen-internacional-en-brasil\/#respond"]}]},{"@type":"WebPage","@id":"https:\/\/www.muyjujuy.com\/index.php\/2026\/01\/28\/san-salvador-de-jujuy-el-ballet-municipal-juventud-prolongada-competira-en-un-certamen-internacional-en-brasil\/","url":"https:\/\/www.muyjujuy.com\/index.php\/2026\/01\/28\/san-salvador-de-jujuy-el-ballet-municipal-juventud-prolongada-competira-en-un-certamen-internacional-en-brasil\/","name":"San Salvador de Jujuy: el Ballet Municipal Juventud Prolongada competir\u00e1 en un certamen internacional en Brasil - Muy Jujuy","isPartOf":{"@id":"https:\/\/www.muyjujuy.com\/#website"},"primaryImageOfPage":{"@id":"https:\/\/www.muyjujuy.com\/index.php\/2026\/01\/28\/san-salvador-de-jujuy-el-ballet-municipal-juventud-prolongada-competira-en-un-certamen-internacional-en-brasil\/#primaryimage"},"image":{"@id":"https:\/\/www.muyjujuy.com\/index.php\/2026\/01\/28\/san-salvador-de-jujuy-el-ballet-municipal-juventud-prolongada-competira-en-un-certamen-internacional-en-brasil\/#primaryimage"},"thumbnailUrl":"https:\/\/www.muyjujuy.com\/wp-content\/uploads\/2026\/01\/jujuy-13.jpg","datePublished":"2026-01-28T14:44:54+00:00","dateModified":"2026-01-28T14:44:57+00:00","breadcrumb":{"@id":"https:\/\/www.muyjujuy.com\/index.php\/2026\/01\/28\/san-salvador-de-jujuy-el-ballet-municipal-juventud-prolongada-competira-en-un-certamen-internacional-en-brasil\/#breadcrumb"},"inLanguage":"es-AR","potentialAction":[{"@type":"ReadAction","target":["https:\/\/www.muyjujuy.com\/index.php\/2026\/01\/28\/san-salvador-de-jujuy-el-ballet-municipal-juventud-prolongada-competira-en-un-certamen-internacional-en-brasil\/"]}]},{"@type":"ImageObject","inLanguage":"es-AR","@id":"https:\/\/www.muyjujuy.com\/index.php\/2026\/01\/28\/san-salvador-de-jujuy-el-ballet-municipal-juventud-prolongada-competira-en-un-certamen-internacional-en-brasil\/#primaryimage","url":"https:\/\/www.muyjujuy.com\/wp-content\/uploads\/2026\/01\/jujuy-13.jpg","contentUrl":"https:\/\/www.muyjujuy.com\/wp-content\/uploads\/2026\/01\/jujuy-13.jpg","width":951,"height":530},{"@type":"BreadcrumbList","@id":"https:\/\/www.muyjujuy.com\/index.php\/2026\/01\/28\/san-salvador-de-jujuy-el-ballet-municipal-juventud-prolongada-competira-en-un-certamen-internacional-en-brasil\/#breadcrumb","itemListElement":[{"@type":"ListItem","position":1,"name":"Inicio","item":"https:\/\/www.muyjujuy.com\/"},{"@type":"ListItem","position":2,"name":"San Salvador de Jujuy: el Ballet Municipal Juventud Prolongada competir\u00e1 en un certamen internacional en Brasil"}]},{"@type":"WebSite","@id":"https:\/\/www.muyjujuy.com\/#website","url":"https:\/\/www.muyjujuy.com\/","name":"Muy Jujuy","description":"","publisher":{"@id":"https:\/\/www.muyjujuy.com\/#organization"},"potentialAction":[{"@type":"SearchAction","target":{"@type":"EntryPoint","urlTemplate":"https:\/\/www.muyjujuy.com\/?s={search_term_string}"},"query-input":{"@type":"PropertyValueSpecification","valueRequired":true,"valueName":"search_term_string"}}],"inLanguage":"es-AR"},{"@type":"Organization","@id":"https:\/\/www.muyjujuy.com\/#organization","name":"Muy Jujuy","url":"https:\/\/www.muyjujuy.com\/","logo":{"@type":"ImageObject","inLanguage":"es-AR","@id":"https:\/\/www.muyjujuy.com\/#\/schema\/logo\/image\/","url":"http:\/\/www.muyjujuy.com\/wp-content\/uploads\/2022\/05\/logo-mobil-jujuy.png","contentUrl":"http:\/\/www.muyjujuy.com\/wp-content\/uploads\/2022\/05\/logo-mobil-jujuy.png","width":174,"height":81,"caption":"Muy Jujuy"},"image":{"@id":"https:\/\/www.muyjujuy.com\/#\/schema\/logo\/image\/"},"sameAs":["https:\/\/www.facebook.com\/muyjujuycom","https:\/\/x.com\/muyjujuy","https:\/\/www.instagram.com\/muyjujuycom"]},{"@type":"Person","@id":"https:\/\/www.muyjujuy.com\/#\/schema\/person\/a3b63db1f387ec4149299954904c5bf0","name":"admin","image":{"@type":"ImageObject","inLanguage":"es-AR","@id":"https:\/\/secure.gravatar.com\/avatar\/b6e63d8d3a73633362405a0ad27e9c28391755813b59886f19a99d6cef8a03fc?s=96&d=mm&r=g","url":"https:\/\/secure.gravatar.com\/avatar\/b6e63d8d3a73633362405a0ad27e9c28391755813b59886f19a99d6cef8a03fc?s=96&d=mm&r=g","contentUrl":"https:\/\/secure.gravatar.com\/avatar\/b6e63d8d3a73633362405a0ad27e9c28391755813b59886f19a99d6cef8a03fc?s=96&d=mm&r=g","caption":"admin"},"url":"https:\/\/www.muyjujuy.com\/index.php\/author\/soyeleditor\/"}]}},"_links":{"self":[{"href":"https:\/\/www.muyjujuy.com\/index.php\/wp-json\/wp\/v2\/posts\/3174","targetHints":{"allow":["GET"]}}],"collection":[{"href":"https:\/\/www.muyjujuy.com\/index.php\/wp-json\/wp\/v2\/posts"}],"about":[{"href":"https:\/\/www.muyjujuy.com\/index.php\/wp-json\/wp\/v2\/types\/post"}],"author":[{"embeddable":true,"href":"https:\/\/www.muyjujuy.com\/index.php\/wp-json\/wp\/v2\/users\/1"}],"replies":[{"embeddable":true,"href":"https:\/\/www.muyjujuy.com\/index.php\/wp-json\/wp\/v2\/comments?post=3174"}],"version-history":[{"count":1,"href":"https:\/\/www.muyjujuy.com\/index.php\/wp-json\/wp\/v2\/posts\/3174\/revisions"}],"predecessor-version":[{"id":3176,"href":"https:\/\/www.muyjujuy.com\/index.php\/wp-json\/wp\/v2\/posts\/3174\/revisions\/3176"}],"wp:featuredmedia":[{"embeddable":true,"href":"https:\/\/www.muyjujuy.com\/index.php\/wp-json\/wp\/v2\/media\/3175"}],"wp:attachment":[{"href":"https:\/\/www.muyjujuy.com\/index.php\/wp-json\/wp\/v2\/media?parent=3174"}],"wp:term":[{"taxonomy":"category","embeddable":true,"href":"https:\/\/www.muyjujuy.com\/index.php\/wp-json\/wp\/v2\/categories?post=3174"},{"taxonomy":"post_tag","embeddable":true,"href":"https:\/\/www.muyjujuy.com\/index.php\/wp-json\/wp\/v2\/tags?post=3174"}],"curies":[{"name":"wp","href":"https:\/\/api.w.org\/{rel}","templated":true}]}}