{"id":322,"date":"2022-05-25T11:19:38","date_gmt":"2022-05-25T14:19:38","guid":{"rendered":"https:\/\/www.muyjujuy.com\/?p=322"},"modified":"2022-05-25T11:19:39","modified_gmt":"2022-05-25T14:19:39","slug":"25-de-mayo-comenzaron-los-festejos","status":"publish","type":"post","link":"https:\/\/www.muyjujuy.com\/index.php\/2022\/05\/25\/25-de-mayo-comenzaron-los-festejos\/","title":{"rendered":"25 de Mayo: comenzaron los festejos"},"content":{"rendered":"\n<p>Este 25 de mayo habr\u00e1 una serie de actividades para celebrar los 212 a\u00f1os de independencia argentina. El Gobierno de Jujuy organiz\u00f3 una presentaci\u00f3n ideal para rememorar la fecha patria. El punto de encuentro ser\u00e1 en la Glorieta de Casa de Gobierno y Plaza Espa\u00f1a. Sin embargo, ya comenzaron los festejos. <\/p>\n\n\n\n<p>El n\u00famero preparado, de acceso libre y gratuito para todo el p\u00fablico contar\u00e1 con m\u00e1s de 50 actores en escena. Se trata de una intervenci\u00f3n art\u00edstica con diferentes espect\u00e1culos. Entre ellos se destacan la presentaci\u00f3n de \u201cChalupas\u201d, \u201cMateritas Juje\u00f1as\u201d, Tati Dom\u00ednguez, Los de Jujuy, y Tom\u00e1s Lip\u00e1n. El horario de la cita: 16.30. <\/p>\n\n\n\n<p>Por otra parte, se desarrollar\u00e1 un \u201cMercado Artesanal\u201d.  Con productos t\u00edpicos y variados de la provincia se espera a toda la familia juje\u00f1a. Adem\u00e1s se abrir\u00e1 el \u201cCentro de Interpretaci\u00f3n de la Bandera Nacional de la Libertad Civil\u201d. Tambi\u00e9n se servir\u00e1 el &#8220;Chocolate Patrio&#8221;. Y por \u00faltimo, habr\u00e1 pintura en vivo por parte de artistas locales y pinta caritas para los ni\u00f1os. <\/p>\n\n\n\n<h1 class=\"wp-block-heading\">Con el cambio de guardia comenzaron los festejos<\/h1>\n\n\n\n<figure class=\"wp-block-image size-full\"><img loading=\"lazy\" decoding=\"async\" width=\"1012\" height=\"675\" src=\"https:\/\/www.muyjujuy.com\/wp-content\/uploads\/2022\/05\/prensj.webp\" alt=\"\" class=\"wp-image-324\" srcset=\"https:\/\/www.muyjujuy.com\/wp-content\/uploads\/2022\/05\/prensj.webp 1012w, https:\/\/www.muyjujuy.com\/wp-content\/uploads\/2022\/05\/prensj-300x200.webp 300w, https:\/\/www.muyjujuy.com\/wp-content\/uploads\/2022\/05\/prensj-768x512.webp 768w, https:\/\/www.muyjujuy.com\/wp-content\/uploads\/2022\/05\/prensj-150x100.webp 150w, https:\/\/www.muyjujuy.com\/wp-content\/uploads\/2022\/05\/prensj-696x464.webp 696w\" sizes=\"auto, (max-width: 1012px) 100vw, 1012px\" \/><\/figure>\n\n\n\n<p>Cada 24 de mayo se realiza en la explanada de acceso del Palacio de Gobierno el cambio de guardia. Por lo tanto, con este evento se da inicio a los festejos por fecha patria del 25 de mayo. En esta ocasi\u00f3n, estuvieron presentes el vicegobernador Carlos Haquin y el intendente Ra\u00fal Jorge, entre otros. <\/p>\n\n\n\n<p>Con este tipo de actos se recuerda el punto bisagra en la historia nacional, inici\u00e1ndose una gesta emancipadora. Porque ser\u00eda el fin de la relaci\u00f3n entre el Virreinato del R\u00edo de la Plata de la metr\u00f3poli espa\u00f1ola. As\u00ed, tras guerras y luchas hist\u00f3ricas, se llegar\u00eda a 1816 con la declaraci\u00f3n de la independencia.<\/p>\n\n\n\n<p>Datos claves: <\/p>\n\n\n\n<p><strong>Fecha:<\/strong>\u00a025\/05\/2022<br><strong>Horario:<\/strong>\u00a016 a 21 hs<strong>Lugar:<\/strong>\u00a0Plaza Espa\u00f1a &#8211; Casa de Gobierno &#8211; San Mart\u00edn 450 &#8211; San Salvador de Jujuy<\/p>\n\n\n\n<p>Finalmente, record\u00e1 informarte sobre todo lo que sucede en la provincia de Jujuy, en el pa\u00eds y en el mundo en\u00a0<a href=\"http:\/\/muyjujuy.com\">Muy Jujuy.<\/a><\/p>\n","protected":false},"excerpt":{"rendered":"<p>Este 25 de mayo habr\u00e1 una serie de actividades para celebrar los 212 a\u00f1os de independencia argentina. El Gobierno de Jujuy organiz\u00f3 una presentaci\u00f3n ideal para rememorar la fecha patria. El punto de encuentro ser\u00e1 en la Glorieta de Casa de Gobierno y Plaza Espa\u00f1a. Sin embargo, ya comenzaron los festejos. El n\u00famero preparado, de [&hellip;]<\/p>\n","protected":false},"author":3,"featured_media":323,"comment_status":"open","ping_status":"open","sticky":false,"template":"","format":"standard","meta":{"footnotes":""},"categories":[25],"tags":[505,504,507,506,8,491],"class_list":{"0":"post-322","1":"post","2":"type-post","3":"status-publish","4":"format-standard","5":"has-post-thumbnail","7":"category-sociedad","8":"tag-212-anos","9":"tag-25-de-mayo","10":"tag-actos-por-el-25","11":"tag-independencia-argentina","12":"tag-jujuy","13":"tag-morales"},"yoast_head":"<!-- This site is optimized with the Yoast SEO plugin v27.5 - https:\/\/yoast.com\/product\/yoast-seo-wordpress\/ -->\n<title>25 de Mayo: comenzaron los festejos - Muy Jujuy Sociedad<\/title>\n<meta name=\"description\" content=\"El Gobierno de Jujuy organiz\u00f3 una presentaci\u00f3n ideal para rememorar la fecha patria. El punto de encuentro ser\u00e1 en la Glorieta de Casa de Gobierno y Plaza Espa\u00f1a. Sin embargo, ya comenzaron los festejos.\" \/>\n<meta name=\"robots\" content=\"index, follow, max-snippet:-1, max-image-preview:large, max-video-preview:-1\" \/>\n<link rel=\"canonical\" href=\"https:\/\/www.muyjujuy.com\/index.php\/2022\/05\/25\/25-de-mayo-comenzaron-los-festejos\/\" \/>\n<meta property=\"og:locale\" content=\"es_ES\" \/>\n<meta property=\"og:type\" content=\"article\" \/>\n<meta property=\"og:title\" content=\"25 de Mayo: comenzaron los festejos - Muy Jujuy Sociedad\" \/>\n<meta property=\"og:description\" content=\"El Gobierno de Jujuy organiz\u00f3 una presentaci\u00f3n ideal para rememorar la fecha patria. El punto de encuentro ser\u00e1 en la Glorieta de Casa de Gobierno y Plaza Espa\u00f1a. Sin embargo, ya comenzaron los festejos.\" \/>\n<meta property=\"og:url\" content=\"https:\/\/www.muyjujuy.com\/index.php\/2022\/05\/25\/25-de-mayo-comenzaron-los-festejos\/\" \/>\n<meta property=\"og:site_name\" content=\"Muy Jujuy\" \/>\n<meta property=\"article:publisher\" content=\"https:\/\/www.facebook.com\/muyjujuycom\" \/>\n<meta property=\"article:published_time\" content=\"2022-05-25T14:19:38+00:00\" \/>\n<meta property=\"article:modified_time\" content=\"2022-05-25T14:19:39+00:00\" \/>\n<meta property=\"og:image\" content=\"https:\/\/www.muyjujuy.com\/wp-content\/uploads\/2022\/05\/prensajujuy.webp\" \/>\n\t<meta property=\"og:image:width\" content=\"1200\" \/>\n\t<meta property=\"og:image:height\" content=\"908\" \/>\n\t<meta property=\"og:image:type\" content=\"image\/webp\" \/>\n<meta name=\"author\" content=\"Redacci\u00f3n Muy Jujuy\" \/>\n<meta name=\"twitter:card\" content=\"summary_large_image\" \/>\n<meta name=\"twitter:creator\" content=\"@muyjujuy\" \/>\n<meta name=\"twitter:site\" content=\"@muyjujuy\" \/>\n<meta name=\"twitter:label1\" content=\"Escrito por\" \/>\n\t<meta name=\"twitter:data1\" content=\"Redacci\u00f3n Muy Jujuy\" \/>\n\t<meta name=\"twitter:label2\" content=\"Tiempo de lectura\" \/>\n\t<meta name=\"twitter:data2\" content=\"2 minutos\" \/>\n<script type=\"application\/ld+json\" class=\"yoast-schema-graph\">{\"@context\":\"https:\\\/\\\/schema.org\",\"@graph\":[{\"@type\":\"Article\",\"@id\":\"https:\\\/\\\/www.muyjujuy.com\\\/index.php\\\/2022\\\/05\\\/25\\\/25-de-mayo-comenzaron-los-festejos\\\/#article\",\"isPartOf\":{\"@id\":\"https:\\\/\\\/www.muyjujuy.com\\\/index.php\\\/2022\\\/05\\\/25\\\/25-de-mayo-comenzaron-los-festejos\\\/\"},\"author\":{\"name\":\"Redacci\u00f3n Muy Jujuy\",\"@id\":\"https:\\\/\\\/www.muyjujuy.com\\\/#\\\/schema\\\/person\\\/1d0f6e223ccea9e3f9034c1a5b683bf2\"},\"headline\":\"25 de Mayo: comenzaron los festejos\",\"datePublished\":\"2022-05-25T14:19:38+00:00\",\"dateModified\":\"2022-05-25T14:19:39+00:00\",\"mainEntityOfPage\":{\"@id\":\"https:\\\/\\\/www.muyjujuy.com\\\/index.php\\\/2022\\\/05\\\/25\\\/25-de-mayo-comenzaron-los-festejos\\\/\"},\"wordCount\":356,\"commentCount\":0,\"publisher\":{\"@id\":\"https:\\\/\\\/www.muyjujuy.com\\\/#organization\"},\"image\":{\"@id\":\"https:\\\/\\\/www.muyjujuy.com\\\/index.php\\\/2022\\\/05\\\/25\\\/25-de-mayo-comenzaron-los-festejos\\\/#primaryimage\"},\"thumbnailUrl\":\"https:\\\/\\\/www.muyjujuy.com\\\/wp-content\\\/uploads\\\/2022\\\/05\\\/prensajujuy.webp\",\"keywords\":[\"212 a\u00f1os\",\"25 de Mayo\",\"Actos por el 25\",\"Independencia argentina\",\"Jujuy\",\"Morales\"],\"articleSection\":[\"Sociedad\"],\"inLanguage\":\"es-AR\",\"potentialAction\":[{\"@type\":\"CommentAction\",\"name\":\"Comment\",\"target\":[\"https:\\\/\\\/www.muyjujuy.com\\\/index.php\\\/2022\\\/05\\\/25\\\/25-de-mayo-comenzaron-los-festejos\\\/#respond\"]}]},{\"@type\":\"WebPage\",\"@id\":\"https:\\\/\\\/www.muyjujuy.com\\\/index.php\\\/2022\\\/05\\\/25\\\/25-de-mayo-comenzaron-los-festejos\\\/\",\"url\":\"https:\\\/\\\/www.muyjujuy.com\\\/index.php\\\/2022\\\/05\\\/25\\\/25-de-mayo-comenzaron-los-festejos\\\/\",\"name\":\"25 de Mayo: comenzaron los festejos - Muy Jujuy Sociedad\",\"isPartOf\":{\"@id\":\"https:\\\/\\\/www.muyjujuy.com\\\/#website\"},\"primaryImageOfPage\":{\"@id\":\"https:\\\/\\\/www.muyjujuy.com\\\/index.php\\\/2022\\\/05\\\/25\\\/25-de-mayo-comenzaron-los-festejos\\\/#primaryimage\"},\"image\":{\"@id\":\"https:\\\/\\\/www.muyjujuy.com\\\/index.php\\\/2022\\\/05\\\/25\\\/25-de-mayo-comenzaron-los-festejos\\\/#primaryimage\"},\"thumbnailUrl\":\"https:\\\/\\\/www.muyjujuy.com\\\/wp-content\\\/uploads\\\/2022\\\/05\\\/prensajujuy.webp\",\"datePublished\":\"2022-05-25T14:19:38+00:00\",\"dateModified\":\"2022-05-25T14:19:39+00:00\",\"description\":\"El Gobierno de Jujuy organiz\u00f3 una presentaci\u00f3n ideal para rememorar la fecha patria. El punto de encuentro ser\u00e1 en la Glorieta de Casa de Gobierno y Plaza Espa\u00f1a. Sin embargo, ya comenzaron los festejos.\",\"breadcrumb\":{\"@id\":\"https:\\\/\\\/www.muyjujuy.com\\\/index.php\\\/2022\\\/05\\\/25\\\/25-de-mayo-comenzaron-los-festejos\\\/#breadcrumb\"},\"inLanguage\":\"es-AR\",\"potentialAction\":[{\"@type\":\"ReadAction\",\"target\":[\"https:\\\/\\\/www.muyjujuy.com\\\/index.php\\\/2022\\\/05\\\/25\\\/25-de-mayo-comenzaron-los-festejos\\\/\"]}]},{\"@type\":\"ImageObject\",\"inLanguage\":\"es-AR\",\"@id\":\"https:\\\/\\\/www.muyjujuy.com\\\/index.php\\\/2022\\\/05\\\/25\\\/25-de-mayo-comenzaron-los-festejos\\\/#primaryimage\",\"url\":\"https:\\\/\\\/www.muyjujuy.com\\\/wp-content\\\/uploads\\\/2022\\\/05\\\/prensajujuy.webp\",\"contentUrl\":\"https:\\\/\\\/www.muyjujuy.com\\\/wp-content\\\/uploads\\\/2022\\\/05\\\/prensajujuy.webp\",\"width\":1200,\"height\":908,\"caption\":\"imagen:prensajujuy.gob.ar\"},{\"@type\":\"BreadcrumbList\",\"@id\":\"https:\\\/\\\/www.muyjujuy.com\\\/index.php\\\/2022\\\/05\\\/25\\\/25-de-mayo-comenzaron-los-festejos\\\/#breadcrumb\",\"itemListElement\":[{\"@type\":\"ListItem\",\"position\":1,\"name\":\"Inicio\",\"item\":\"https:\\\/\\\/www.muyjujuy.com\\\/\"},{\"@type\":\"ListItem\",\"position\":2,\"name\":\"25 de Mayo: comenzaron los festejos\"}]},{\"@type\":\"WebSite\",\"@id\":\"https:\\\/\\\/www.muyjujuy.com\\\/#website\",\"url\":\"https:\\\/\\\/www.muyjujuy.com\\\/\",\"name\":\"Muy Jujuy\",\"description\":\"\",\"publisher\":{\"@id\":\"https:\\\/\\\/www.muyjujuy.com\\\/#organization\"},\"potentialAction\":[{\"@type\":\"SearchAction\",\"target\":{\"@type\":\"EntryPoint\",\"urlTemplate\":\"https:\\\/\\\/www.muyjujuy.com\\\/?s={search_term_string}\"},\"query-input\":{\"@type\":\"PropertyValueSpecification\",\"valueRequired\":true,\"valueName\":\"search_term_string\"}}],\"inLanguage\":\"es-AR\"},{\"@type\":\"Organization\",\"@id\":\"https:\\\/\\\/www.muyjujuy.com\\\/#organization\",\"name\":\"Muy Jujuy\",\"url\":\"https:\\\/\\\/www.muyjujuy.com\\\/\",\"logo\":{\"@type\":\"ImageObject\",\"inLanguage\":\"es-AR\",\"@id\":\"https:\\\/\\\/www.muyjujuy.com\\\/#\\\/schema\\\/logo\\\/image\\\/\",\"url\":\"http:\\\/\\\/www.muyjujuy.com\\\/wp-content\\\/uploads\\\/2022\\\/05\\\/logo-mobil-jujuy.png\",\"contentUrl\":\"http:\\\/\\\/www.muyjujuy.com\\\/wp-content\\\/uploads\\\/2022\\\/05\\\/logo-mobil-jujuy.png\",\"width\":174,\"height\":81,\"caption\":\"Muy Jujuy\"},\"image\":{\"@id\":\"https:\\\/\\\/www.muyjujuy.com\\\/#\\\/schema\\\/logo\\\/image\\\/\"},\"sameAs\":[\"https:\\\/\\\/www.facebook.com\\\/muyjujuycom\",\"https:\\\/\\\/x.com\\\/muyjujuy\",\"https:\\\/\\\/www.instagram.com\\\/muyjujuycom\"]},{\"@type\":\"Person\",\"@id\":\"https:\\\/\\\/www.muyjujuy.com\\\/#\\\/schema\\\/person\\\/1d0f6e223ccea9e3f9034c1a5b683bf2\",\"name\":\"Redacci\u00f3n Muy Jujuy\",\"image\":{\"@type\":\"ImageObject\",\"inLanguage\":\"es-AR\",\"@id\":\"https:\\\/\\\/secure.gravatar.com\\\/avatar\\\/fec5f6f1893d741ed5eecccff109ce43e67a855411202a3212a058cb8e5c27d4?s=96&d=mm&r=g\",\"url\":\"https:\\\/\\\/secure.gravatar.com\\\/avatar\\\/fec5f6f1893d741ed5eecccff109ce43e67a855411202a3212a058cb8e5c27d4?s=96&d=mm&r=g\",\"contentUrl\":\"https:\\\/\\\/secure.gravatar.com\\\/avatar\\\/fec5f6f1893d741ed5eecccff109ce43e67a855411202a3212a058cb8e5c27d4?s=96&d=mm&r=g\",\"caption\":\"Redacci\u00f3n Muy Jujuy\"},\"url\":\"https:\\\/\\\/www.muyjujuy.com\\\/index.php\\\/author\\\/editor\\\/\"}]}<\/script>\n<!-- \/ Yoast SEO plugin. -->","yoast_head_json":{"title":"25 de Mayo: comenzaron los festejos - Muy Jujuy Sociedad","description":"El Gobierno de Jujuy organiz\u00f3 una presentaci\u00f3n ideal para rememorar la fecha patria. El punto de encuentro ser\u00e1 en la Glorieta de Casa de Gobierno y Plaza Espa\u00f1a. Sin embargo, ya comenzaron los festejos.","robots":{"index":"index","follow":"follow","max-snippet":"max-snippet:-1","max-image-preview":"max-image-preview:large","max-video-preview":"max-video-preview:-1"},"canonical":"https:\/\/www.muyjujuy.com\/index.php\/2022\/05\/25\/25-de-mayo-comenzaron-los-festejos\/","og_locale":"es_ES","og_type":"article","og_title":"25 de Mayo: comenzaron los festejos - Muy Jujuy Sociedad","og_description":"El Gobierno de Jujuy organiz\u00f3 una presentaci\u00f3n ideal para rememorar la fecha patria. El punto de encuentro ser\u00e1 en la Glorieta de Casa de Gobierno y Plaza Espa\u00f1a. Sin embargo, ya comenzaron los festejos.","og_url":"https:\/\/www.muyjujuy.com\/index.php\/2022\/05\/25\/25-de-mayo-comenzaron-los-festejos\/","og_site_name":"Muy Jujuy","article_publisher":"https:\/\/www.facebook.com\/muyjujuycom","article_published_time":"2022-05-25T14:19:38+00:00","article_modified_time":"2022-05-25T14:19:39+00:00","og_image":[{"width":1200,"height":908,"url":"https:\/\/www.muyjujuy.com\/wp-content\/uploads\/2022\/05\/prensajujuy.webp","type":"image\/webp"}],"author":"Redacci\u00f3n Muy Jujuy","twitter_card":"summary_large_image","twitter_creator":"@muyjujuy","twitter_site":"@muyjujuy","twitter_misc":{"Escrito por":"Redacci\u00f3n Muy Jujuy","Tiempo de lectura":"2 minutos"},"schema":{"@context":"https:\/\/schema.org","@graph":[{"@type":"Article","@id":"https:\/\/www.muyjujuy.com\/index.php\/2022\/05\/25\/25-de-mayo-comenzaron-los-festejos\/#article","isPartOf":{"@id":"https:\/\/www.muyjujuy.com\/index.php\/2022\/05\/25\/25-de-mayo-comenzaron-los-festejos\/"},"author":{"name":"Redacci\u00f3n Muy Jujuy","@id":"https:\/\/www.muyjujuy.com\/#\/schema\/person\/1d0f6e223ccea9e3f9034c1a5b683bf2"},"headline":"25 de Mayo: comenzaron los festejos","datePublished":"2022-05-25T14:19:38+00:00","dateModified":"2022-05-25T14:19:39+00:00","mainEntityOfPage":{"@id":"https:\/\/www.muyjujuy.com\/index.php\/2022\/05\/25\/25-de-mayo-comenzaron-los-festejos\/"},"wordCount":356,"commentCount":0,"publisher":{"@id":"https:\/\/www.muyjujuy.com\/#organization"},"image":{"@id":"https:\/\/www.muyjujuy.com\/index.php\/2022\/05\/25\/25-de-mayo-comenzaron-los-festejos\/#primaryimage"},"thumbnailUrl":"https:\/\/www.muyjujuy.com\/wp-content\/uploads\/2022\/05\/prensajujuy.webp","keywords":["212 a\u00f1os","25 de Mayo","Actos por el 25","Independencia argentina","Jujuy","Morales"],"articleSection":["Sociedad"],"inLanguage":"es-AR","potentialAction":[{"@type":"CommentAction","name":"Comment","target":["https:\/\/www.muyjujuy.com\/index.php\/2022\/05\/25\/25-de-mayo-comenzaron-los-festejos\/#respond"]}]},{"@type":"WebPage","@id":"https:\/\/www.muyjujuy.com\/index.php\/2022\/05\/25\/25-de-mayo-comenzaron-los-festejos\/","url":"https:\/\/www.muyjujuy.com\/index.php\/2022\/05\/25\/25-de-mayo-comenzaron-los-festejos\/","name":"25 de Mayo: comenzaron los festejos - Muy Jujuy Sociedad","isPartOf":{"@id":"https:\/\/www.muyjujuy.com\/#website"},"primaryImageOfPage":{"@id":"https:\/\/www.muyjujuy.com\/index.php\/2022\/05\/25\/25-de-mayo-comenzaron-los-festejos\/#primaryimage"},"image":{"@id":"https:\/\/www.muyjujuy.com\/index.php\/2022\/05\/25\/25-de-mayo-comenzaron-los-festejos\/#primaryimage"},"thumbnailUrl":"https:\/\/www.muyjujuy.com\/wp-content\/uploads\/2022\/05\/prensajujuy.webp","datePublished":"2022-05-25T14:19:38+00:00","dateModified":"2022-05-25T14:19:39+00:00","description":"El Gobierno de Jujuy organiz\u00f3 una presentaci\u00f3n ideal para rememorar la fecha patria. El punto de encuentro ser\u00e1 en la Glorieta de Casa de Gobierno y Plaza Espa\u00f1a. Sin embargo, ya comenzaron los festejos.","breadcrumb":{"@id":"https:\/\/www.muyjujuy.com\/index.php\/2022\/05\/25\/25-de-mayo-comenzaron-los-festejos\/#breadcrumb"},"inLanguage":"es-AR","potentialAction":[{"@type":"ReadAction","target":["https:\/\/www.muyjujuy.com\/index.php\/2022\/05\/25\/25-de-mayo-comenzaron-los-festejos\/"]}]},{"@type":"ImageObject","inLanguage":"es-AR","@id":"https:\/\/www.muyjujuy.com\/index.php\/2022\/05\/25\/25-de-mayo-comenzaron-los-festejos\/#primaryimage","url":"https:\/\/www.muyjujuy.com\/wp-content\/uploads\/2022\/05\/prensajujuy.webp","contentUrl":"https:\/\/www.muyjujuy.com\/wp-content\/uploads\/2022\/05\/prensajujuy.webp","width":1200,"height":908,"caption":"imagen:prensajujuy.gob.ar"},{"@type":"BreadcrumbList","@id":"https:\/\/www.muyjujuy.com\/index.php\/2022\/05\/25\/25-de-mayo-comenzaron-los-festejos\/#breadcrumb","itemListElement":[{"@type":"ListItem","position":1,"name":"Inicio","item":"https:\/\/www.muyjujuy.com\/"},{"@type":"ListItem","position":2,"name":"25 de Mayo: comenzaron los festejos"}]},{"@type":"WebSite","@id":"https:\/\/www.muyjujuy.com\/#website","url":"https:\/\/www.muyjujuy.com\/","name":"Muy Jujuy","description":"","publisher":{"@id":"https:\/\/www.muyjujuy.com\/#organization"},"potentialAction":[{"@type":"SearchAction","target":{"@type":"EntryPoint","urlTemplate":"https:\/\/www.muyjujuy.com\/?s={search_term_string}"},"query-input":{"@type":"PropertyValueSpecification","valueRequired":true,"valueName":"search_term_string"}}],"inLanguage":"es-AR"},{"@type":"Organization","@id":"https:\/\/www.muyjujuy.com\/#organization","name":"Muy Jujuy","url":"https:\/\/www.muyjujuy.com\/","logo":{"@type":"ImageObject","inLanguage":"es-AR","@id":"https:\/\/www.muyjujuy.com\/#\/schema\/logo\/image\/","url":"http:\/\/www.muyjujuy.com\/wp-content\/uploads\/2022\/05\/logo-mobil-jujuy.png","contentUrl":"http:\/\/www.muyjujuy.com\/wp-content\/uploads\/2022\/05\/logo-mobil-jujuy.png","width":174,"height":81,"caption":"Muy Jujuy"},"image":{"@id":"https:\/\/www.muyjujuy.com\/#\/schema\/logo\/image\/"},"sameAs":["https:\/\/www.facebook.com\/muyjujuycom","https:\/\/x.com\/muyjujuy","https:\/\/www.instagram.com\/muyjujuycom"]},{"@type":"Person","@id":"https:\/\/www.muyjujuy.com\/#\/schema\/person\/1d0f6e223ccea9e3f9034c1a5b683bf2","name":"Redacci\u00f3n Muy Jujuy","image":{"@type":"ImageObject","inLanguage":"es-AR","@id":"https:\/\/secure.gravatar.com\/avatar\/fec5f6f1893d741ed5eecccff109ce43e67a855411202a3212a058cb8e5c27d4?s=96&d=mm&r=g","url":"https:\/\/secure.gravatar.com\/avatar\/fec5f6f1893d741ed5eecccff109ce43e67a855411202a3212a058cb8e5c27d4?s=96&d=mm&r=g","contentUrl":"https:\/\/secure.gravatar.com\/avatar\/fec5f6f1893d741ed5eecccff109ce43e67a855411202a3212a058cb8e5c27d4?s=96&d=mm&r=g","caption":"Redacci\u00f3n Muy Jujuy"},"url":"https:\/\/www.muyjujuy.com\/index.php\/author\/editor\/"}]}},"_links":{"self":[{"href":"https:\/\/www.muyjujuy.com\/index.php\/wp-json\/wp\/v2\/posts\/322","targetHints":{"allow":["GET"]}}],"collection":[{"href":"https:\/\/www.muyjujuy.com\/index.php\/wp-json\/wp\/v2\/posts"}],"about":[{"href":"https:\/\/www.muyjujuy.com\/index.php\/wp-json\/wp\/v2\/types\/post"}],"author":[{"embeddable":true,"href":"https:\/\/www.muyjujuy.com\/index.php\/wp-json\/wp\/v2\/users\/3"}],"replies":[{"embeddable":true,"href":"https:\/\/www.muyjujuy.com\/index.php\/wp-json\/wp\/v2\/comments?post=322"}],"version-history":[{"count":1,"href":"https:\/\/www.muyjujuy.com\/index.php\/wp-json\/wp\/v2\/posts\/322\/revisions"}],"predecessor-version":[{"id":325,"href":"https:\/\/www.muyjujuy.com\/index.php\/wp-json\/wp\/v2\/posts\/322\/revisions\/325"}],"wp:featuredmedia":[{"embeddable":true,"href":"https:\/\/www.muyjujuy.com\/index.php\/wp-json\/wp\/v2\/media\/323"}],"wp:attachment":[{"href":"https:\/\/www.muyjujuy.com\/index.php\/wp-json\/wp\/v2\/media?parent=322"}],"wp:term":[{"taxonomy":"category","embeddable":true,"href":"https:\/\/www.muyjujuy.com\/index.php\/wp-json\/wp\/v2\/categories?post=322"},{"taxonomy":"post_tag","embeddable":true,"href":"https:\/\/www.muyjujuy.com\/index.php\/wp-json\/wp\/v2\/tags?post=322"}],"curies":[{"name":"wp","href":"https:\/\/api.w.org\/{rel}","templated":true}]}}