{"id":333,"date":"2022-05-25T16:44:37","date_gmt":"2022-05-25T19:44:37","guid":{"rendered":"https:\/\/www.muyjujuy.com\/?p=333"},"modified":"2022-05-25T16:44:38","modified_gmt":"2022-05-25T19:44:38","slug":"morales-con-el-embajador-de-estados-unidos","status":"publish","type":"post","link":"https:\/\/www.muyjujuy.com\/index.php\/2022\/05\/25\/morales-con-el-embajador-de-estados-unidos\/","title":{"rendered":"Morales con el embajador de Estados Unidos"},"content":{"rendered":"\n<p>El Gobernador de la Provincia tuvo una entrevista en Buenos Aires con Marc Robert Stanley, m\u00e1ximo representante de la embajada norteamericana. La reuni\u00f3n tuvo como fin abordar las posibilidades de inversi\u00f3n que ofrece Jujuy, principalmente en el  \u00e1rea de las energ\u00edas limpias y la miner\u00eda. A continuaci\u00f3n los detalles del encuentro de Morales con el embajador de Estados Unidos. <\/p>\n\n\n\n<figure class=\"wp-block-image size-full\"><img loading=\"lazy\" decoding=\"async\" width=\"700\" height=\"394\" src=\"https:\/\/www.muyjujuy.com\/wp-content\/uploads\/2022\/05\/pagina-central-jujuy.jpg\" alt=\"\" class=\"wp-image-334\" srcset=\"https:\/\/www.muyjujuy.com\/wp-content\/uploads\/2022\/05\/pagina-central-jujuy.jpg 700w, https:\/\/www.muyjujuy.com\/wp-content\/uploads\/2022\/05\/pagina-central-jujuy-300x169.jpg 300w, https:\/\/www.muyjujuy.com\/wp-content\/uploads\/2022\/05\/pagina-central-jujuy-150x84.jpg 150w, https:\/\/www.muyjujuy.com\/wp-content\/uploads\/2022\/05\/pagina-central-jujuy-696x392.jpg 696w\" sizes=\"auto, (max-width: 700px) 100vw, 700px\" \/><figcaption>Morales con el embajador de Estados Unidos (imagen: pagina central jujuy).<\/figcaption><\/figure>\n\n\n\n<h2 class=\"wp-block-heading\">Morales con el embajador de Estados Unidos: \u00bfde qu\u00e9 se trat\u00f3?<\/h2>\n\n\n\n<p>En sus redes sociales <strong>Morales<\/strong>\u00a0poste\u00f3 que acerc\u00f3 al\u00a0<strong>embajador Stanley<\/strong> la invitaci\u00f3n para visitar la provincia. Adem\u00e1s que dej\u00f3 constatado haber dialogado sobre los avances de la Provincia. Al mensaje, el Gobernador agreg\u00f3 \u201cy le dej\u00e9 todo el\u00a0<strong>portfolio de nuestros proyectos para que empresas norteamericanas vengan a invertir a Jujuy\u201d.<\/strong><\/p>\n\n\n\n<p>La reuni\u00f3n tuvo como escenario el Palacio Bosch en Capital Federal. All\u00ed tambi\u00e9n estuvieron el gerente de Cauchari Solar, Guillermo Hoerth, como as\u00ed tambi\u00e9n el consejero pol\u00edtico, Rob Allison, entre otros. En ella se trataron diferentes tem\u00e1ticas pero principalmente se trat\u00f3 la viabilidad de la Provincia para recibir inversiones. Como ejemplo sirvieron los proyectos desarrollados cit\u00e1ndose a la empresa estatal Jujuy Energ\u00eda y Miner\u00eda (JEMSE). <\/p>\n\n\n\n<p>El encuentro permiti\u00f3 a Morales la oportunidad de presentar la \u201cGu\u00eda de Inversores en Energ\u00edas Renovables y Miner\u00eda\u201d de la Provincia de\u00a0Jujuy. Unas semanas atr\u00e1s, el Gobernador dijo que\u00a0<strong>\u201cquien no invierta en energ\u00eda solar, litio o movilidad el\u00e9ctrica en treinta a\u00f1os, va a quedar fuera del mundo\u201d<\/strong>. Y en l\u00ednea con lo anterior, Morales sostuvo que \u201cquien no invierta en desarrollo de energ\u00eda solar, en litio y en movilidad el\u00e9ctrica, en 25 o treinta a\u00f1os va a quedar afuera, porque\u00a0<strong>el mundo va en otra direcci\u00f3n y va al cambio de la matriz de energ\u00eda, por eso crece la demanda del litio\u201d<\/strong>. <\/p>\n\n\n\n<p>Finalmente, record\u00e1 informarte sobre todo lo que sucede en la provincia de Jujuy, en el pa\u00eds y en el mundo en\u00a0<a href=\"https:\/\/muyjujuy.com\/\">Muy Jujuy.<\/a><\/p>\n","protected":false},"excerpt":{"rendered":"<p>El Gobernador de la Provincia tuvo una entrevista en Buenos Aires con Marc Robert Stanley, m\u00e1ximo representante de la embajada norteamericana. La reuni\u00f3n tuvo como fin abordar las posibilidades de inversi\u00f3n que ofrece Jujuy, principalmente en el \u00e1rea de las energ\u00edas limpias y la miner\u00eda. A continuaci\u00f3n los detalles del encuentro de Morales con el [&hellip;]<\/p>\n","protected":false},"author":3,"featured_media":334,"comment_status":"open","ping_status":"open","sticky":false,"template":"","format":"standard","meta":{"footnotes":""},"categories":[24],"tags":[513,515,8,491,512],"class_list":{"0":"post-333","1":"post","2":"type-post","3":"status-publish","4":"format-standard","5":"has-post-thumbnail","7":"category-politica","8":"tag-embajador-de-estados-unidos","9":"tag-inversion-2","10":"tag-jujuy","11":"tag-morales","12":"tag-robert-stanley"},"yoast_head":"<!-- This site is optimized with the Yoast SEO plugin v27.5 - https:\/\/yoast.com\/product\/yoast-seo-wordpress\/ -->\n<title>Morales con el embajador de Estados Unidos - Muy Jujuy - Pol\u00edtica<\/title>\n<meta name=\"description\" content=\"La importante reuni\u00f3n se produjo en Buenos Aires. A continuaci\u00f3n los detalles del encuentro de Morales con el embajador de Estados Unidos.\" \/>\n<meta name=\"robots\" content=\"index, follow, max-snippet:-1, max-image-preview:large, max-video-preview:-1\" \/>\n<link rel=\"canonical\" href=\"https:\/\/www.muyjujuy.com\/index.php\/2022\/05\/25\/morales-con-el-embajador-de-estados-unidos\/\" \/>\n<meta property=\"og:locale\" content=\"es_ES\" \/>\n<meta property=\"og:type\" content=\"article\" \/>\n<meta property=\"og:title\" content=\"Morales con el embajador de Estados Unidos - Muy Jujuy - Pol\u00edtica\" \/>\n<meta property=\"og:description\" content=\"La importante reuni\u00f3n se produjo en Buenos Aires. A continuaci\u00f3n los detalles del encuentro de Morales con el embajador de Estados Unidos.\" \/>\n<meta property=\"og:url\" content=\"https:\/\/www.muyjujuy.com\/index.php\/2022\/05\/25\/morales-con-el-embajador-de-estados-unidos\/\" \/>\n<meta property=\"og:site_name\" content=\"Muy Jujuy\" \/>\n<meta property=\"article:publisher\" content=\"https:\/\/www.facebook.com\/muyjujuycom\" \/>\n<meta property=\"article:published_time\" content=\"2022-05-25T19:44:37+00:00\" \/>\n<meta property=\"article:modified_time\" content=\"2022-05-25T19:44:38+00:00\" \/>\n<meta property=\"og:image\" content=\"https:\/\/www.muyjujuy.com\/wp-content\/uploads\/2022\/05\/pagina-central-jujuy.jpg\" \/>\n\t<meta property=\"og:image:width\" content=\"700\" \/>\n\t<meta property=\"og:image:height\" content=\"394\" \/>\n\t<meta property=\"og:image:type\" content=\"image\/jpeg\" \/>\n<meta name=\"author\" content=\"Redacci\u00f3n Muy Jujuy\" \/>\n<meta name=\"twitter:card\" content=\"summary_large_image\" \/>\n<meta name=\"twitter:creator\" content=\"@muyjujuy\" \/>\n<meta name=\"twitter:site\" content=\"@muyjujuy\" \/>\n<meta name=\"twitter:label1\" content=\"Escrito por\" \/>\n\t<meta name=\"twitter:data1\" content=\"Redacci\u00f3n Muy Jujuy\" \/>\n\t<meta name=\"twitter:label2\" content=\"Tiempo de lectura\" \/>\n\t<meta name=\"twitter:data2\" content=\"2 minutos\" \/>\n<script type=\"application\/ld+json\" class=\"yoast-schema-graph\">{\"@context\":\"https:\\\/\\\/schema.org\",\"@graph\":[{\"@type\":\"Article\",\"@id\":\"https:\\\/\\\/www.muyjujuy.com\\\/index.php\\\/2022\\\/05\\\/25\\\/morales-con-el-embajador-de-estados-unidos\\\/#article\",\"isPartOf\":{\"@id\":\"https:\\\/\\\/www.muyjujuy.com\\\/index.php\\\/2022\\\/05\\\/25\\\/morales-con-el-embajador-de-estados-unidos\\\/\"},\"author\":{\"name\":\"Redacci\u00f3n Muy Jujuy\",\"@id\":\"https:\\\/\\\/www.muyjujuy.com\\\/#\\\/schema\\\/person\\\/1d0f6e223ccea9e3f9034c1a5b683bf2\"},\"headline\":\"Morales con el embajador de Estados Unidos\",\"datePublished\":\"2022-05-25T19:44:37+00:00\",\"dateModified\":\"2022-05-25T19:44:38+00:00\",\"mainEntityOfPage\":{\"@id\":\"https:\\\/\\\/www.muyjujuy.com\\\/index.php\\\/2022\\\/05\\\/25\\\/morales-con-el-embajador-de-estados-unidos\\\/\"},\"wordCount\":361,\"commentCount\":0,\"publisher\":{\"@id\":\"https:\\\/\\\/www.muyjujuy.com\\\/#organization\"},\"image\":{\"@id\":\"https:\\\/\\\/www.muyjujuy.com\\\/index.php\\\/2022\\\/05\\\/25\\\/morales-con-el-embajador-de-estados-unidos\\\/#primaryimage\"},\"thumbnailUrl\":\"https:\\\/\\\/www.muyjujuy.com\\\/wp-content\\\/uploads\\\/2022\\\/05\\\/pagina-central-jujuy.jpg\",\"keywords\":[\"Embajador de Estados Unidos\",\"Inversi\u00f3n\",\"Jujuy\",\"Morales\",\"Robert Stanley\"],\"articleSection\":[\"Pol\u00edtica\"],\"inLanguage\":\"es-AR\",\"potentialAction\":[{\"@type\":\"CommentAction\",\"name\":\"Comment\",\"target\":[\"https:\\\/\\\/www.muyjujuy.com\\\/index.php\\\/2022\\\/05\\\/25\\\/morales-con-el-embajador-de-estados-unidos\\\/#respond\"]}]},{\"@type\":\"WebPage\",\"@id\":\"https:\\\/\\\/www.muyjujuy.com\\\/index.php\\\/2022\\\/05\\\/25\\\/morales-con-el-embajador-de-estados-unidos\\\/\",\"url\":\"https:\\\/\\\/www.muyjujuy.com\\\/index.php\\\/2022\\\/05\\\/25\\\/morales-con-el-embajador-de-estados-unidos\\\/\",\"name\":\"Morales con el embajador de Estados Unidos - Muy Jujuy - Pol\u00edtica\",\"isPartOf\":{\"@id\":\"https:\\\/\\\/www.muyjujuy.com\\\/#website\"},\"primaryImageOfPage\":{\"@id\":\"https:\\\/\\\/www.muyjujuy.com\\\/index.php\\\/2022\\\/05\\\/25\\\/morales-con-el-embajador-de-estados-unidos\\\/#primaryimage\"},\"image\":{\"@id\":\"https:\\\/\\\/www.muyjujuy.com\\\/index.php\\\/2022\\\/05\\\/25\\\/morales-con-el-embajador-de-estados-unidos\\\/#primaryimage\"},\"thumbnailUrl\":\"https:\\\/\\\/www.muyjujuy.com\\\/wp-content\\\/uploads\\\/2022\\\/05\\\/pagina-central-jujuy.jpg\",\"datePublished\":\"2022-05-25T19:44:37+00:00\",\"dateModified\":\"2022-05-25T19:44:38+00:00\",\"description\":\"La importante reuni\u00f3n se produjo en Buenos Aires. A continuaci\u00f3n los detalles del encuentro de Morales con el embajador de Estados Unidos.\",\"breadcrumb\":{\"@id\":\"https:\\\/\\\/www.muyjujuy.com\\\/index.php\\\/2022\\\/05\\\/25\\\/morales-con-el-embajador-de-estados-unidos\\\/#breadcrumb\"},\"inLanguage\":\"es-AR\",\"potentialAction\":[{\"@type\":\"ReadAction\",\"target\":[\"https:\\\/\\\/www.muyjujuy.com\\\/index.php\\\/2022\\\/05\\\/25\\\/morales-con-el-embajador-de-estados-unidos\\\/\"]}]},{\"@type\":\"ImageObject\",\"inLanguage\":\"es-AR\",\"@id\":\"https:\\\/\\\/www.muyjujuy.com\\\/index.php\\\/2022\\\/05\\\/25\\\/morales-con-el-embajador-de-estados-unidos\\\/#primaryimage\",\"url\":\"https:\\\/\\\/www.muyjujuy.com\\\/wp-content\\\/uploads\\\/2022\\\/05\\\/pagina-central-jujuy.jpg\",\"contentUrl\":\"https:\\\/\\\/www.muyjujuy.com\\\/wp-content\\\/uploads\\\/2022\\\/05\\\/pagina-central-jujuy.jpg\",\"width\":700,\"height\":394},{\"@type\":\"BreadcrumbList\",\"@id\":\"https:\\\/\\\/www.muyjujuy.com\\\/index.php\\\/2022\\\/05\\\/25\\\/morales-con-el-embajador-de-estados-unidos\\\/#breadcrumb\",\"itemListElement\":[{\"@type\":\"ListItem\",\"position\":1,\"name\":\"Inicio\",\"item\":\"https:\\\/\\\/www.muyjujuy.com\\\/\"},{\"@type\":\"ListItem\",\"position\":2,\"name\":\"Morales con el embajador de Estados Unidos\"}]},{\"@type\":\"WebSite\",\"@id\":\"https:\\\/\\\/www.muyjujuy.com\\\/#website\",\"url\":\"https:\\\/\\\/www.muyjujuy.com\\\/\",\"name\":\"Muy Jujuy\",\"description\":\"\",\"publisher\":{\"@id\":\"https:\\\/\\\/www.muyjujuy.com\\\/#organization\"},\"potentialAction\":[{\"@type\":\"SearchAction\",\"target\":{\"@type\":\"EntryPoint\",\"urlTemplate\":\"https:\\\/\\\/www.muyjujuy.com\\\/?s={search_term_string}\"},\"query-input\":{\"@type\":\"PropertyValueSpecification\",\"valueRequired\":true,\"valueName\":\"search_term_string\"}}],\"inLanguage\":\"es-AR\"},{\"@type\":\"Organization\",\"@id\":\"https:\\\/\\\/www.muyjujuy.com\\\/#organization\",\"name\":\"Muy Jujuy\",\"url\":\"https:\\\/\\\/www.muyjujuy.com\\\/\",\"logo\":{\"@type\":\"ImageObject\",\"inLanguage\":\"es-AR\",\"@id\":\"https:\\\/\\\/www.muyjujuy.com\\\/#\\\/schema\\\/logo\\\/image\\\/\",\"url\":\"http:\\\/\\\/www.muyjujuy.com\\\/wp-content\\\/uploads\\\/2022\\\/05\\\/logo-mobil-jujuy.png\",\"contentUrl\":\"http:\\\/\\\/www.muyjujuy.com\\\/wp-content\\\/uploads\\\/2022\\\/05\\\/logo-mobil-jujuy.png\",\"width\":174,\"height\":81,\"caption\":\"Muy Jujuy\"},\"image\":{\"@id\":\"https:\\\/\\\/www.muyjujuy.com\\\/#\\\/schema\\\/logo\\\/image\\\/\"},\"sameAs\":[\"https:\\\/\\\/www.facebook.com\\\/muyjujuycom\",\"https:\\\/\\\/x.com\\\/muyjujuy\",\"https:\\\/\\\/www.instagram.com\\\/muyjujuycom\"]},{\"@type\":\"Person\",\"@id\":\"https:\\\/\\\/www.muyjujuy.com\\\/#\\\/schema\\\/person\\\/1d0f6e223ccea9e3f9034c1a5b683bf2\",\"name\":\"Redacci\u00f3n Muy Jujuy\",\"image\":{\"@type\":\"ImageObject\",\"inLanguage\":\"es-AR\",\"@id\":\"https:\\\/\\\/secure.gravatar.com\\\/avatar\\\/fec5f6f1893d741ed5eecccff109ce43e67a855411202a3212a058cb8e5c27d4?s=96&d=mm&r=g\",\"url\":\"https:\\\/\\\/secure.gravatar.com\\\/avatar\\\/fec5f6f1893d741ed5eecccff109ce43e67a855411202a3212a058cb8e5c27d4?s=96&d=mm&r=g\",\"contentUrl\":\"https:\\\/\\\/secure.gravatar.com\\\/avatar\\\/fec5f6f1893d741ed5eecccff109ce43e67a855411202a3212a058cb8e5c27d4?s=96&d=mm&r=g\",\"caption\":\"Redacci\u00f3n Muy Jujuy\"},\"url\":\"https:\\\/\\\/www.muyjujuy.com\\\/index.php\\\/author\\\/editor\\\/\"}]}<\/script>\n<!-- \/ Yoast SEO plugin. -->","yoast_head_json":{"title":"Morales con el embajador de Estados Unidos - Muy Jujuy - Pol\u00edtica","description":"La importante reuni\u00f3n se produjo en Buenos Aires. A continuaci\u00f3n los detalles del encuentro de Morales con el embajador de Estados Unidos.","robots":{"index":"index","follow":"follow","max-snippet":"max-snippet:-1","max-image-preview":"max-image-preview:large","max-video-preview":"max-video-preview:-1"},"canonical":"https:\/\/www.muyjujuy.com\/index.php\/2022\/05\/25\/morales-con-el-embajador-de-estados-unidos\/","og_locale":"es_ES","og_type":"article","og_title":"Morales con el embajador de Estados Unidos - Muy Jujuy - Pol\u00edtica","og_description":"La importante reuni\u00f3n se produjo en Buenos Aires. A continuaci\u00f3n los detalles del encuentro de Morales con el embajador de Estados Unidos.","og_url":"https:\/\/www.muyjujuy.com\/index.php\/2022\/05\/25\/morales-con-el-embajador-de-estados-unidos\/","og_site_name":"Muy Jujuy","article_publisher":"https:\/\/www.facebook.com\/muyjujuycom","article_published_time":"2022-05-25T19:44:37+00:00","article_modified_time":"2022-05-25T19:44:38+00:00","og_image":[{"width":700,"height":394,"url":"https:\/\/www.muyjujuy.com\/wp-content\/uploads\/2022\/05\/pagina-central-jujuy.jpg","type":"image\/jpeg"}],"author":"Redacci\u00f3n Muy Jujuy","twitter_card":"summary_large_image","twitter_creator":"@muyjujuy","twitter_site":"@muyjujuy","twitter_misc":{"Escrito por":"Redacci\u00f3n Muy Jujuy","Tiempo de lectura":"2 minutos"},"schema":{"@context":"https:\/\/schema.org","@graph":[{"@type":"Article","@id":"https:\/\/www.muyjujuy.com\/index.php\/2022\/05\/25\/morales-con-el-embajador-de-estados-unidos\/#article","isPartOf":{"@id":"https:\/\/www.muyjujuy.com\/index.php\/2022\/05\/25\/morales-con-el-embajador-de-estados-unidos\/"},"author":{"name":"Redacci\u00f3n Muy Jujuy","@id":"https:\/\/www.muyjujuy.com\/#\/schema\/person\/1d0f6e223ccea9e3f9034c1a5b683bf2"},"headline":"Morales con el embajador de Estados Unidos","datePublished":"2022-05-25T19:44:37+00:00","dateModified":"2022-05-25T19:44:38+00:00","mainEntityOfPage":{"@id":"https:\/\/www.muyjujuy.com\/index.php\/2022\/05\/25\/morales-con-el-embajador-de-estados-unidos\/"},"wordCount":361,"commentCount":0,"publisher":{"@id":"https:\/\/www.muyjujuy.com\/#organization"},"image":{"@id":"https:\/\/www.muyjujuy.com\/index.php\/2022\/05\/25\/morales-con-el-embajador-de-estados-unidos\/#primaryimage"},"thumbnailUrl":"https:\/\/www.muyjujuy.com\/wp-content\/uploads\/2022\/05\/pagina-central-jujuy.jpg","keywords":["Embajador de Estados Unidos","Inversi\u00f3n","Jujuy","Morales","Robert Stanley"],"articleSection":["Pol\u00edtica"],"inLanguage":"es-AR","potentialAction":[{"@type":"CommentAction","name":"Comment","target":["https:\/\/www.muyjujuy.com\/index.php\/2022\/05\/25\/morales-con-el-embajador-de-estados-unidos\/#respond"]}]},{"@type":"WebPage","@id":"https:\/\/www.muyjujuy.com\/index.php\/2022\/05\/25\/morales-con-el-embajador-de-estados-unidos\/","url":"https:\/\/www.muyjujuy.com\/index.php\/2022\/05\/25\/morales-con-el-embajador-de-estados-unidos\/","name":"Morales con el embajador de Estados Unidos - Muy Jujuy - Pol\u00edtica","isPartOf":{"@id":"https:\/\/www.muyjujuy.com\/#website"},"primaryImageOfPage":{"@id":"https:\/\/www.muyjujuy.com\/index.php\/2022\/05\/25\/morales-con-el-embajador-de-estados-unidos\/#primaryimage"},"image":{"@id":"https:\/\/www.muyjujuy.com\/index.php\/2022\/05\/25\/morales-con-el-embajador-de-estados-unidos\/#primaryimage"},"thumbnailUrl":"https:\/\/www.muyjujuy.com\/wp-content\/uploads\/2022\/05\/pagina-central-jujuy.jpg","datePublished":"2022-05-25T19:44:37+00:00","dateModified":"2022-05-25T19:44:38+00:00","description":"La importante reuni\u00f3n se produjo en Buenos Aires. A continuaci\u00f3n los detalles del encuentro de Morales con el embajador de Estados Unidos.","breadcrumb":{"@id":"https:\/\/www.muyjujuy.com\/index.php\/2022\/05\/25\/morales-con-el-embajador-de-estados-unidos\/#breadcrumb"},"inLanguage":"es-AR","potentialAction":[{"@type":"ReadAction","target":["https:\/\/www.muyjujuy.com\/index.php\/2022\/05\/25\/morales-con-el-embajador-de-estados-unidos\/"]}]},{"@type":"ImageObject","inLanguage":"es-AR","@id":"https:\/\/www.muyjujuy.com\/index.php\/2022\/05\/25\/morales-con-el-embajador-de-estados-unidos\/#primaryimage","url":"https:\/\/www.muyjujuy.com\/wp-content\/uploads\/2022\/05\/pagina-central-jujuy.jpg","contentUrl":"https:\/\/www.muyjujuy.com\/wp-content\/uploads\/2022\/05\/pagina-central-jujuy.jpg","width":700,"height":394},{"@type":"BreadcrumbList","@id":"https:\/\/www.muyjujuy.com\/index.php\/2022\/05\/25\/morales-con-el-embajador-de-estados-unidos\/#breadcrumb","itemListElement":[{"@type":"ListItem","position":1,"name":"Inicio","item":"https:\/\/www.muyjujuy.com\/"},{"@type":"ListItem","position":2,"name":"Morales con el embajador de Estados Unidos"}]},{"@type":"WebSite","@id":"https:\/\/www.muyjujuy.com\/#website","url":"https:\/\/www.muyjujuy.com\/","name":"Muy Jujuy","description":"","publisher":{"@id":"https:\/\/www.muyjujuy.com\/#organization"},"potentialAction":[{"@type":"SearchAction","target":{"@type":"EntryPoint","urlTemplate":"https:\/\/www.muyjujuy.com\/?s={search_term_string}"},"query-input":{"@type":"PropertyValueSpecification","valueRequired":true,"valueName":"search_term_string"}}],"inLanguage":"es-AR"},{"@type":"Organization","@id":"https:\/\/www.muyjujuy.com\/#organization","name":"Muy Jujuy","url":"https:\/\/www.muyjujuy.com\/","logo":{"@type":"ImageObject","inLanguage":"es-AR","@id":"https:\/\/www.muyjujuy.com\/#\/schema\/logo\/image\/","url":"http:\/\/www.muyjujuy.com\/wp-content\/uploads\/2022\/05\/logo-mobil-jujuy.png","contentUrl":"http:\/\/www.muyjujuy.com\/wp-content\/uploads\/2022\/05\/logo-mobil-jujuy.png","width":174,"height":81,"caption":"Muy Jujuy"},"image":{"@id":"https:\/\/www.muyjujuy.com\/#\/schema\/logo\/image\/"},"sameAs":["https:\/\/www.facebook.com\/muyjujuycom","https:\/\/x.com\/muyjujuy","https:\/\/www.instagram.com\/muyjujuycom"]},{"@type":"Person","@id":"https:\/\/www.muyjujuy.com\/#\/schema\/person\/1d0f6e223ccea9e3f9034c1a5b683bf2","name":"Redacci\u00f3n Muy Jujuy","image":{"@type":"ImageObject","inLanguage":"es-AR","@id":"https:\/\/secure.gravatar.com\/avatar\/fec5f6f1893d741ed5eecccff109ce43e67a855411202a3212a058cb8e5c27d4?s=96&d=mm&r=g","url":"https:\/\/secure.gravatar.com\/avatar\/fec5f6f1893d741ed5eecccff109ce43e67a855411202a3212a058cb8e5c27d4?s=96&d=mm&r=g","contentUrl":"https:\/\/secure.gravatar.com\/avatar\/fec5f6f1893d741ed5eecccff109ce43e67a855411202a3212a058cb8e5c27d4?s=96&d=mm&r=g","caption":"Redacci\u00f3n Muy Jujuy"},"url":"https:\/\/www.muyjujuy.com\/index.php\/author\/editor\/"}]}},"_links":{"self":[{"href":"https:\/\/www.muyjujuy.com\/index.php\/wp-json\/wp\/v2\/posts\/333","targetHints":{"allow":["GET"]}}],"collection":[{"href":"https:\/\/www.muyjujuy.com\/index.php\/wp-json\/wp\/v2\/posts"}],"about":[{"href":"https:\/\/www.muyjujuy.com\/index.php\/wp-json\/wp\/v2\/types\/post"}],"author":[{"embeddable":true,"href":"https:\/\/www.muyjujuy.com\/index.php\/wp-json\/wp\/v2\/users\/3"}],"replies":[{"embeddable":true,"href":"https:\/\/www.muyjujuy.com\/index.php\/wp-json\/wp\/v2\/comments?post=333"}],"version-history":[{"count":1,"href":"https:\/\/www.muyjujuy.com\/index.php\/wp-json\/wp\/v2\/posts\/333\/revisions"}],"predecessor-version":[{"id":335,"href":"https:\/\/www.muyjujuy.com\/index.php\/wp-json\/wp\/v2\/posts\/333\/revisions\/335"}],"wp:featuredmedia":[{"embeddable":true,"href":"https:\/\/www.muyjujuy.com\/index.php\/wp-json\/wp\/v2\/media\/334"}],"wp:attachment":[{"href":"https:\/\/www.muyjujuy.com\/index.php\/wp-json\/wp\/v2\/media?parent=333"}],"wp:term":[{"taxonomy":"category","embeddable":true,"href":"https:\/\/www.muyjujuy.com\/index.php\/wp-json\/wp\/v2\/categories?post=333"},{"taxonomy":"post_tag","embeddable":true,"href":"https:\/\/www.muyjujuy.com\/index.php\/wp-json\/wp\/v2\/tags?post=333"}],"curies":[{"name":"wp","href":"https:\/\/api.w.org\/{rel}","templated":true}]}}