{"id":336,"date":"2022-05-25T19:56:52","date_gmt":"2022-05-25T22:56:52","guid":{"rendered":"https:\/\/www.muyjujuy.com\/?p=336"},"modified":"2022-05-25T19:56:53","modified_gmt":"2022-05-25T22:56:53","slug":"fernandez-sorprendio-al-publico-de-florencio-varela","status":"publish","type":"post","link":"https:\/\/www.muyjujuy.com\/index.php\/2022\/05\/25\/fernandez-sorprendio-al-publico-de-florencio-varela\/","title":{"rendered":"Alberto Fern\u00e1ndez sorprendi\u00f3 al p\u00fablico de Florencio Varela"},"content":{"rendered":"\n<p>En el marco del D\u00eda de la Revoluci\u00f3n de Mayo,\u00a0<strong>Alberto Fern\u00e1ndez<\/strong> almorz\u00f3 con trabajadores del club Nahuel de Florencio Varela. Adem\u00e1s, el Presidente comparti\u00f3 el tradicional plato criollo junto a su gabinete. Un ratito despu\u00e9s, Fern\u00e1ndez sorprendi\u00f3 al p\u00fablico de Florencio Varela.<\/p>\n\n\n\n<p>Por la ma\u00f1ana,\u00a0Alberto\u00a0acudi\u00f3 al tradicional\u00a0Tedeum\u00a0por el 25 de Mayo en la\u00a0Catedral metropolitana.\u00a0El primer mandatario presenci\u00f3 un sentido mensaje de la Iglesia. All\u00ed se promulg\u00f3 el arzobispo, cardenal Mario Poli. Y el referente religioso se mostr\u00f3 a favor del di\u00e1logo y la b\u00fasqueda de acuerdos para el bien com\u00fan. Mario Poli asegur\u00f3 que &#8220;El pan falta en muchas familias&#8221;. Argentina es uno de los pa\u00edses cuyo \u00edndice de pobreza es preocupante. Se ubica en\u00a0<strong>37,3%<\/strong>\u00a0a partir de la \u00faltima medici\u00f3n del Indec.<\/p>\n\n\n\n<figure class=\"wp-block-image size-full\"><img loading=\"lazy\" decoding=\"async\" width=\"950\" height=\"534\" src=\"https:\/\/www.muyjujuy.com\/wp-content\/uploads\/2022\/05\/perfil.jpg\" alt=\"\" class=\"wp-image-337\" srcset=\"https:\/\/www.muyjujuy.com\/wp-content\/uploads\/2022\/05\/perfil.jpg 950w, https:\/\/www.muyjujuy.com\/wp-content\/uploads\/2022\/05\/perfil-300x169.jpg 300w, https:\/\/www.muyjujuy.com\/wp-content\/uploads\/2022\/05\/perfil-768x432.jpg 768w, https:\/\/www.muyjujuy.com\/wp-content\/uploads\/2022\/05\/perfil-150x84.jpg 150w, https:\/\/www.muyjujuy.com\/wp-content\/uploads\/2022\/05\/perfil-696x391.jpg 696w\" sizes=\"auto, (max-width: 950px) 100vw, 950px\" \/><figcaption>El momento en que Fern\u00e1ndez sorprendi\u00f3 al p\u00fablico de Florencio Varela<\/figcaption><\/figure>\n\n\n\n<h2 class=\"wp-block-heading\">Tras el locro, Fern\u00e1ndez sorprendi\u00f3 al p\u00fablico de Florencio Varela<\/h2>\n\n\n\n<p>Alberto Fernandez arrib\u00f3 al club de Varela cerca de las 14 horas. Un evento gestionado por el Movimiento Evita. Emilio P\u00e9rsico referente nacional del Movimiento y secretario de Econom\u00eda Social hizo de anfitri\u00f3n. Posteriormente hubo palabras del jefe de Estado: \u201cHay que unirse aunque pensemos distinto, respetando que el otro piense distinto\u201d. Adem\u00e1s, agreg\u00f3 desde el escenario: &#8220;El riesgo que corremos es que nos peleemos entre nosotros porque no queremos escuchar que el otro piensa distinto a m\u00ed; ese es el primer riesgo que corremos\u201d.<\/p>\n\n\n\n<p>Tambi\u00e9n hubo recordatorio por la asunci\u00f3n de N\u00e9stor Kirchner, el 25 de mayo de 2003. \u201cAntes de tomarnos juramento dijo algo de lo que nunca me voy a olvidar\u201d confes\u00f3 Alberto. Y culmin\u00f3: \u201cMe dijo: \u2018Finalmente nosotros somos hombres comunes con responsabilidades importantes\u2019\u201d.<\/p>\n\n\n\n<p>Despu\u00e9s de prenunciar su discurso, el Presidente encabez\u00f3 su interpretaci\u00f3n de la canci\u00f3n de Nebbia. Guitarra en mano y entonando &#8220;Solo se trata de vivir&#8221; el primer mandatario sorprendi\u00f3 por sus dotes art\u00edsticos. Con el famoso cantautor rosarino hay una relaci\u00f3n de amistad de m\u00e1s de 30 a\u00f1os. Tiempo atr\u00e1s Lito Nebbia confes\u00f3 que el nexo fue la m\u00fasica y le sorprendi\u00f3 la devoci\u00f3n del mism\u00edsimo presidente de Argentina. Fern\u00e1ndez es un devoto de la obra del creador de &#8220;La Balsa&#8221;, una de las canciones de rock m\u00e1s ic\u00f3nica de la historia musical del pa\u00eds. <\/p>\n\n\n\n<p>Por \u00faltimo, record\u00e1 informarte sobre todo lo que sucede en la provincia de Jujuy, en el pa\u00eds y en el mundo en\u00a0<a href=\"https:\/\/muyjujuy.com\/\">Muy Jujuy.<\/a><\/p>\n\n\n\n<p><\/p>\n","protected":false},"excerpt":{"rendered":"<p>En el marco del D\u00eda de la Revoluci\u00f3n de Mayo,\u00a0Alberto Fern\u00e1ndez almorz\u00f3 con trabajadores del club Nahuel de Florencio Varela. Adem\u00e1s, el Presidente comparti\u00f3 el tradicional plato criollo junto a su gabinete. Un ratito despu\u00e9s, Fern\u00e1ndez sorprendi\u00f3 al p\u00fablico de Florencio Varela. Por la ma\u00f1ana,\u00a0Alberto\u00a0acudi\u00f3 al tradicional\u00a0Tedeum\u00a0por el 25 de Mayo en la\u00a0Catedral metropolitana.\u00a0El primer [&hellip;]<\/p>\n","protected":false},"author":3,"featured_media":338,"comment_status":"open","ping_status":"open","sticky":false,"template":"","format":"standard","meta":{"footnotes":""},"categories":[25],"tags":[516,397,517],"class_list":{"0":"post-336","1":"post","2":"type-post","3":"status-publish","4":"format-standard","5":"has-post-thumbnail","7":"category-sociedad","8":"tag-actos-del-25-de-mayo","9":"tag-alberto-fernandez","10":"tag-florencio-varela"},"yoast_head":"<!-- This site is optimized with the Yoast SEO plugin v27.5 - https:\/\/yoast.com\/product\/yoast-seo-wordpress\/ -->\n<title>Alberto Fern\u00e1ndez sorprendi\u00f3 al p\u00fablico de Florencio Varela - Muy Jujuy<\/title>\n<meta name=\"description\" content=\"\u00a0Alberto Fern\u00e1ndez almorz\u00f3 con trabajadores de un club en Varela. Un ratito despu\u00e9s, Fern\u00e1ndez sorprendi\u00f3 al p\u00fablico de Florencio Varela.\" \/>\n<meta name=\"robots\" content=\"index, follow, max-snippet:-1, max-image-preview:large, max-video-preview:-1\" \/>\n<link rel=\"canonical\" href=\"https:\/\/www.muyjujuy.com\/index.php\/2022\/05\/25\/fernandez-sorprendio-al-publico-de-florencio-varela\/\" \/>\n<meta property=\"og:locale\" content=\"es_ES\" \/>\n<meta property=\"og:type\" content=\"article\" \/>\n<meta property=\"og:title\" content=\"Alberto Fern\u00e1ndez sorprendi\u00f3 al p\u00fablico de Florencio Varela - Muy Jujuy\" \/>\n<meta property=\"og:description\" content=\"\u00a0Alberto Fern\u00e1ndez almorz\u00f3 con trabajadores de un club en Varela. Un ratito despu\u00e9s, Fern\u00e1ndez sorprendi\u00f3 al p\u00fablico de Florencio Varela.\" \/>\n<meta property=\"og:url\" content=\"https:\/\/www.muyjujuy.com\/index.php\/2022\/05\/25\/fernandez-sorprendio-al-publico-de-florencio-varela\/\" \/>\n<meta property=\"og:site_name\" content=\"Muy Jujuy\" \/>\n<meta property=\"article:publisher\" content=\"https:\/\/www.facebook.com\/muyjujuycom\" \/>\n<meta property=\"article:published_time\" content=\"2022-05-25T22:56:52+00:00\" \/>\n<meta property=\"article:modified_time\" content=\"2022-05-25T22:56:53+00:00\" \/>\n<meta property=\"og:image\" content=\"https:\/\/www.muyjujuy.com\/wp-content\/uploads\/2022\/05\/diario.webp\" \/>\n\t<meta property=\"og:image:width\" content=\"1200\" \/>\n\t<meta property=\"og:image:height\" content=\"675\" \/>\n\t<meta property=\"og:image:type\" content=\"image\/webp\" \/>\n<meta name=\"author\" content=\"Redacci\u00f3n Muy Jujuy\" \/>\n<meta name=\"twitter:card\" content=\"summary_large_image\" \/>\n<meta name=\"twitter:creator\" content=\"@muyjujuy\" \/>\n<meta name=\"twitter:site\" content=\"@muyjujuy\" \/>\n<meta name=\"twitter:label1\" content=\"Escrito por\" \/>\n\t<meta name=\"twitter:data1\" content=\"Redacci\u00f3n Muy Jujuy\" \/>\n\t<meta name=\"twitter:label2\" content=\"Tiempo de lectura\" \/>\n\t<meta name=\"twitter:data2\" content=\"3 minutos\" \/>\n<script type=\"application\/ld+json\" class=\"yoast-schema-graph\">{\"@context\":\"https:\\\/\\\/schema.org\",\"@graph\":[{\"@type\":\"Article\",\"@id\":\"https:\\\/\\\/www.muyjujuy.com\\\/index.php\\\/2022\\\/05\\\/25\\\/fernandez-sorprendio-al-publico-de-florencio-varela\\\/#article\",\"isPartOf\":{\"@id\":\"https:\\\/\\\/www.muyjujuy.com\\\/index.php\\\/2022\\\/05\\\/25\\\/fernandez-sorprendio-al-publico-de-florencio-varela\\\/\"},\"author\":{\"name\":\"Redacci\u00f3n Muy Jujuy\",\"@id\":\"https:\\\/\\\/www.muyjujuy.com\\\/#\\\/schema\\\/person\\\/1d0f6e223ccea9e3f9034c1a5b683bf2\"},\"headline\":\"Alberto Fern\u00e1ndez sorprendi\u00f3 al p\u00fablico de Florencio Varela\",\"datePublished\":\"2022-05-25T22:56:52+00:00\",\"dateModified\":\"2022-05-25T22:56:53+00:00\",\"mainEntityOfPage\":{\"@id\":\"https:\\\/\\\/www.muyjujuy.com\\\/index.php\\\/2022\\\/05\\\/25\\\/fernandez-sorprendio-al-publico-de-florencio-varela\\\/\"},\"wordCount\":443,\"commentCount\":0,\"publisher\":{\"@id\":\"https:\\\/\\\/www.muyjujuy.com\\\/#organization\"},\"image\":{\"@id\":\"https:\\\/\\\/www.muyjujuy.com\\\/index.php\\\/2022\\\/05\\\/25\\\/fernandez-sorprendio-al-publico-de-florencio-varela\\\/#primaryimage\"},\"thumbnailUrl\":\"https:\\\/\\\/www.muyjujuy.com\\\/wp-content\\\/uploads\\\/2022\\\/05\\\/diario.webp\",\"keywords\":[\"Actos del 25 de Mayo\",\"Alberto Fern\u00e1ndez\",\"Florencio Varela\"],\"articleSection\":[\"Sociedad\"],\"inLanguage\":\"es-AR\",\"potentialAction\":[{\"@type\":\"CommentAction\",\"name\":\"Comment\",\"target\":[\"https:\\\/\\\/www.muyjujuy.com\\\/index.php\\\/2022\\\/05\\\/25\\\/fernandez-sorprendio-al-publico-de-florencio-varela\\\/#respond\"]}]},{\"@type\":\"WebPage\",\"@id\":\"https:\\\/\\\/www.muyjujuy.com\\\/index.php\\\/2022\\\/05\\\/25\\\/fernandez-sorprendio-al-publico-de-florencio-varela\\\/\",\"url\":\"https:\\\/\\\/www.muyjujuy.com\\\/index.php\\\/2022\\\/05\\\/25\\\/fernandez-sorprendio-al-publico-de-florencio-varela\\\/\",\"name\":\"Alberto Fern\u00e1ndez sorprendi\u00f3 al p\u00fablico de Florencio Varela - Muy Jujuy\",\"isPartOf\":{\"@id\":\"https:\\\/\\\/www.muyjujuy.com\\\/#website\"},\"primaryImageOfPage\":{\"@id\":\"https:\\\/\\\/www.muyjujuy.com\\\/index.php\\\/2022\\\/05\\\/25\\\/fernandez-sorprendio-al-publico-de-florencio-varela\\\/#primaryimage\"},\"image\":{\"@id\":\"https:\\\/\\\/www.muyjujuy.com\\\/index.php\\\/2022\\\/05\\\/25\\\/fernandez-sorprendio-al-publico-de-florencio-varela\\\/#primaryimage\"},\"thumbnailUrl\":\"https:\\\/\\\/www.muyjujuy.com\\\/wp-content\\\/uploads\\\/2022\\\/05\\\/diario.webp\",\"datePublished\":\"2022-05-25T22:56:52+00:00\",\"dateModified\":\"2022-05-25T22:56:53+00:00\",\"description\":\"\u00a0Alberto Fern\u00e1ndez almorz\u00f3 con trabajadores de un club en Varela. Un ratito despu\u00e9s, Fern\u00e1ndez sorprendi\u00f3 al p\u00fablico de Florencio Varela.\",\"breadcrumb\":{\"@id\":\"https:\\\/\\\/www.muyjujuy.com\\\/index.php\\\/2022\\\/05\\\/25\\\/fernandez-sorprendio-al-publico-de-florencio-varela\\\/#breadcrumb\"},\"inLanguage\":\"es-AR\",\"potentialAction\":[{\"@type\":\"ReadAction\",\"target\":[\"https:\\\/\\\/www.muyjujuy.com\\\/index.php\\\/2022\\\/05\\\/25\\\/fernandez-sorprendio-al-publico-de-florencio-varela\\\/\"]}]},{\"@type\":\"ImageObject\",\"inLanguage\":\"es-AR\",\"@id\":\"https:\\\/\\\/www.muyjujuy.com\\\/index.php\\\/2022\\\/05\\\/25\\\/fernandez-sorprendio-al-publico-de-florencio-varela\\\/#primaryimage\",\"url\":\"https:\\\/\\\/www.muyjujuy.com\\\/wp-content\\\/uploads\\\/2022\\\/05\\\/diario.webp\",\"contentUrl\":\"https:\\\/\\\/www.muyjujuy.com\\\/wp-content\\\/uploads\\\/2022\\\/05\\\/diario.webp\",\"width\":1200,\"height\":675,\"caption\":\"imagen (diario uno)\"},{\"@type\":\"BreadcrumbList\",\"@id\":\"https:\\\/\\\/www.muyjujuy.com\\\/index.php\\\/2022\\\/05\\\/25\\\/fernandez-sorprendio-al-publico-de-florencio-varela\\\/#breadcrumb\",\"itemListElement\":[{\"@type\":\"ListItem\",\"position\":1,\"name\":\"Inicio\",\"item\":\"https:\\\/\\\/www.muyjujuy.com\\\/\"},{\"@type\":\"ListItem\",\"position\":2,\"name\":\"Alberto Fern\u00e1ndez sorprendi\u00f3 al p\u00fablico de Florencio Varela\"}]},{\"@type\":\"WebSite\",\"@id\":\"https:\\\/\\\/www.muyjujuy.com\\\/#website\",\"url\":\"https:\\\/\\\/www.muyjujuy.com\\\/\",\"name\":\"Muy Jujuy\",\"description\":\"\",\"publisher\":{\"@id\":\"https:\\\/\\\/www.muyjujuy.com\\\/#organization\"},\"potentialAction\":[{\"@type\":\"SearchAction\",\"target\":{\"@type\":\"EntryPoint\",\"urlTemplate\":\"https:\\\/\\\/www.muyjujuy.com\\\/?s={search_term_string}\"},\"query-input\":{\"@type\":\"PropertyValueSpecification\",\"valueRequired\":true,\"valueName\":\"search_term_string\"}}],\"inLanguage\":\"es-AR\"},{\"@type\":\"Organization\",\"@id\":\"https:\\\/\\\/www.muyjujuy.com\\\/#organization\",\"name\":\"Muy Jujuy\",\"url\":\"https:\\\/\\\/www.muyjujuy.com\\\/\",\"logo\":{\"@type\":\"ImageObject\",\"inLanguage\":\"es-AR\",\"@id\":\"https:\\\/\\\/www.muyjujuy.com\\\/#\\\/schema\\\/logo\\\/image\\\/\",\"url\":\"http:\\\/\\\/www.muyjujuy.com\\\/wp-content\\\/uploads\\\/2022\\\/05\\\/logo-mobil-jujuy.png\",\"contentUrl\":\"http:\\\/\\\/www.muyjujuy.com\\\/wp-content\\\/uploads\\\/2022\\\/05\\\/logo-mobil-jujuy.png\",\"width\":174,\"height\":81,\"caption\":\"Muy Jujuy\"},\"image\":{\"@id\":\"https:\\\/\\\/www.muyjujuy.com\\\/#\\\/schema\\\/logo\\\/image\\\/\"},\"sameAs\":[\"https:\\\/\\\/www.facebook.com\\\/muyjujuycom\",\"https:\\\/\\\/x.com\\\/muyjujuy\",\"https:\\\/\\\/www.instagram.com\\\/muyjujuycom\"]},{\"@type\":\"Person\",\"@id\":\"https:\\\/\\\/www.muyjujuy.com\\\/#\\\/schema\\\/person\\\/1d0f6e223ccea9e3f9034c1a5b683bf2\",\"name\":\"Redacci\u00f3n Muy Jujuy\",\"image\":{\"@type\":\"ImageObject\",\"inLanguage\":\"es-AR\",\"@id\":\"https:\\\/\\\/secure.gravatar.com\\\/avatar\\\/fec5f6f1893d741ed5eecccff109ce43e67a855411202a3212a058cb8e5c27d4?s=96&d=mm&r=g\",\"url\":\"https:\\\/\\\/secure.gravatar.com\\\/avatar\\\/fec5f6f1893d741ed5eecccff109ce43e67a855411202a3212a058cb8e5c27d4?s=96&d=mm&r=g\",\"contentUrl\":\"https:\\\/\\\/secure.gravatar.com\\\/avatar\\\/fec5f6f1893d741ed5eecccff109ce43e67a855411202a3212a058cb8e5c27d4?s=96&d=mm&r=g\",\"caption\":\"Redacci\u00f3n Muy Jujuy\"},\"url\":\"https:\\\/\\\/www.muyjujuy.com\\\/index.php\\\/author\\\/editor\\\/\"}]}<\/script>\n<!-- \/ Yoast SEO plugin. -->","yoast_head_json":{"title":"Alberto Fern\u00e1ndez sorprendi\u00f3 al p\u00fablico de Florencio Varela - Muy Jujuy","description":"\u00a0Alberto Fern\u00e1ndez almorz\u00f3 con trabajadores de un club en Varela. Un ratito despu\u00e9s, Fern\u00e1ndez sorprendi\u00f3 al p\u00fablico de Florencio Varela.","robots":{"index":"index","follow":"follow","max-snippet":"max-snippet:-1","max-image-preview":"max-image-preview:large","max-video-preview":"max-video-preview:-1"},"canonical":"https:\/\/www.muyjujuy.com\/index.php\/2022\/05\/25\/fernandez-sorprendio-al-publico-de-florencio-varela\/","og_locale":"es_ES","og_type":"article","og_title":"Alberto Fern\u00e1ndez sorprendi\u00f3 al p\u00fablico de Florencio Varela - Muy Jujuy","og_description":"\u00a0Alberto Fern\u00e1ndez almorz\u00f3 con trabajadores de un club en Varela. Un ratito despu\u00e9s, Fern\u00e1ndez sorprendi\u00f3 al p\u00fablico de Florencio Varela.","og_url":"https:\/\/www.muyjujuy.com\/index.php\/2022\/05\/25\/fernandez-sorprendio-al-publico-de-florencio-varela\/","og_site_name":"Muy Jujuy","article_publisher":"https:\/\/www.facebook.com\/muyjujuycom","article_published_time":"2022-05-25T22:56:52+00:00","article_modified_time":"2022-05-25T22:56:53+00:00","og_image":[{"width":1200,"height":675,"url":"https:\/\/www.muyjujuy.com\/wp-content\/uploads\/2022\/05\/diario.webp","type":"image\/webp"}],"author":"Redacci\u00f3n Muy Jujuy","twitter_card":"summary_large_image","twitter_creator":"@muyjujuy","twitter_site":"@muyjujuy","twitter_misc":{"Escrito por":"Redacci\u00f3n Muy Jujuy","Tiempo de lectura":"3 minutos"},"schema":{"@context":"https:\/\/schema.org","@graph":[{"@type":"Article","@id":"https:\/\/www.muyjujuy.com\/index.php\/2022\/05\/25\/fernandez-sorprendio-al-publico-de-florencio-varela\/#article","isPartOf":{"@id":"https:\/\/www.muyjujuy.com\/index.php\/2022\/05\/25\/fernandez-sorprendio-al-publico-de-florencio-varela\/"},"author":{"name":"Redacci\u00f3n Muy Jujuy","@id":"https:\/\/www.muyjujuy.com\/#\/schema\/person\/1d0f6e223ccea9e3f9034c1a5b683bf2"},"headline":"Alberto Fern\u00e1ndez sorprendi\u00f3 al p\u00fablico de Florencio Varela","datePublished":"2022-05-25T22:56:52+00:00","dateModified":"2022-05-25T22:56:53+00:00","mainEntityOfPage":{"@id":"https:\/\/www.muyjujuy.com\/index.php\/2022\/05\/25\/fernandez-sorprendio-al-publico-de-florencio-varela\/"},"wordCount":443,"commentCount":0,"publisher":{"@id":"https:\/\/www.muyjujuy.com\/#organization"},"image":{"@id":"https:\/\/www.muyjujuy.com\/index.php\/2022\/05\/25\/fernandez-sorprendio-al-publico-de-florencio-varela\/#primaryimage"},"thumbnailUrl":"https:\/\/www.muyjujuy.com\/wp-content\/uploads\/2022\/05\/diario.webp","keywords":["Actos del 25 de Mayo","Alberto Fern\u00e1ndez","Florencio Varela"],"articleSection":["Sociedad"],"inLanguage":"es-AR","potentialAction":[{"@type":"CommentAction","name":"Comment","target":["https:\/\/www.muyjujuy.com\/index.php\/2022\/05\/25\/fernandez-sorprendio-al-publico-de-florencio-varela\/#respond"]}]},{"@type":"WebPage","@id":"https:\/\/www.muyjujuy.com\/index.php\/2022\/05\/25\/fernandez-sorprendio-al-publico-de-florencio-varela\/","url":"https:\/\/www.muyjujuy.com\/index.php\/2022\/05\/25\/fernandez-sorprendio-al-publico-de-florencio-varela\/","name":"Alberto Fern\u00e1ndez sorprendi\u00f3 al p\u00fablico de Florencio Varela - Muy Jujuy","isPartOf":{"@id":"https:\/\/www.muyjujuy.com\/#website"},"primaryImageOfPage":{"@id":"https:\/\/www.muyjujuy.com\/index.php\/2022\/05\/25\/fernandez-sorprendio-al-publico-de-florencio-varela\/#primaryimage"},"image":{"@id":"https:\/\/www.muyjujuy.com\/index.php\/2022\/05\/25\/fernandez-sorprendio-al-publico-de-florencio-varela\/#primaryimage"},"thumbnailUrl":"https:\/\/www.muyjujuy.com\/wp-content\/uploads\/2022\/05\/diario.webp","datePublished":"2022-05-25T22:56:52+00:00","dateModified":"2022-05-25T22:56:53+00:00","description":"\u00a0Alberto Fern\u00e1ndez almorz\u00f3 con trabajadores de un club en Varela. Un ratito despu\u00e9s, Fern\u00e1ndez sorprendi\u00f3 al p\u00fablico de Florencio Varela.","breadcrumb":{"@id":"https:\/\/www.muyjujuy.com\/index.php\/2022\/05\/25\/fernandez-sorprendio-al-publico-de-florencio-varela\/#breadcrumb"},"inLanguage":"es-AR","potentialAction":[{"@type":"ReadAction","target":["https:\/\/www.muyjujuy.com\/index.php\/2022\/05\/25\/fernandez-sorprendio-al-publico-de-florencio-varela\/"]}]},{"@type":"ImageObject","inLanguage":"es-AR","@id":"https:\/\/www.muyjujuy.com\/index.php\/2022\/05\/25\/fernandez-sorprendio-al-publico-de-florencio-varela\/#primaryimage","url":"https:\/\/www.muyjujuy.com\/wp-content\/uploads\/2022\/05\/diario.webp","contentUrl":"https:\/\/www.muyjujuy.com\/wp-content\/uploads\/2022\/05\/diario.webp","width":1200,"height":675,"caption":"imagen (diario uno)"},{"@type":"BreadcrumbList","@id":"https:\/\/www.muyjujuy.com\/index.php\/2022\/05\/25\/fernandez-sorprendio-al-publico-de-florencio-varela\/#breadcrumb","itemListElement":[{"@type":"ListItem","position":1,"name":"Inicio","item":"https:\/\/www.muyjujuy.com\/"},{"@type":"ListItem","position":2,"name":"Alberto Fern\u00e1ndez sorprendi\u00f3 al p\u00fablico de Florencio Varela"}]},{"@type":"WebSite","@id":"https:\/\/www.muyjujuy.com\/#website","url":"https:\/\/www.muyjujuy.com\/","name":"Muy Jujuy","description":"","publisher":{"@id":"https:\/\/www.muyjujuy.com\/#organization"},"potentialAction":[{"@type":"SearchAction","target":{"@type":"EntryPoint","urlTemplate":"https:\/\/www.muyjujuy.com\/?s={search_term_string}"},"query-input":{"@type":"PropertyValueSpecification","valueRequired":true,"valueName":"search_term_string"}}],"inLanguage":"es-AR"},{"@type":"Organization","@id":"https:\/\/www.muyjujuy.com\/#organization","name":"Muy Jujuy","url":"https:\/\/www.muyjujuy.com\/","logo":{"@type":"ImageObject","inLanguage":"es-AR","@id":"https:\/\/www.muyjujuy.com\/#\/schema\/logo\/image\/","url":"http:\/\/www.muyjujuy.com\/wp-content\/uploads\/2022\/05\/logo-mobil-jujuy.png","contentUrl":"http:\/\/www.muyjujuy.com\/wp-content\/uploads\/2022\/05\/logo-mobil-jujuy.png","width":174,"height":81,"caption":"Muy Jujuy"},"image":{"@id":"https:\/\/www.muyjujuy.com\/#\/schema\/logo\/image\/"},"sameAs":["https:\/\/www.facebook.com\/muyjujuycom","https:\/\/x.com\/muyjujuy","https:\/\/www.instagram.com\/muyjujuycom"]},{"@type":"Person","@id":"https:\/\/www.muyjujuy.com\/#\/schema\/person\/1d0f6e223ccea9e3f9034c1a5b683bf2","name":"Redacci\u00f3n Muy Jujuy","image":{"@type":"ImageObject","inLanguage":"es-AR","@id":"https:\/\/secure.gravatar.com\/avatar\/fec5f6f1893d741ed5eecccff109ce43e67a855411202a3212a058cb8e5c27d4?s=96&d=mm&r=g","url":"https:\/\/secure.gravatar.com\/avatar\/fec5f6f1893d741ed5eecccff109ce43e67a855411202a3212a058cb8e5c27d4?s=96&d=mm&r=g","contentUrl":"https:\/\/secure.gravatar.com\/avatar\/fec5f6f1893d741ed5eecccff109ce43e67a855411202a3212a058cb8e5c27d4?s=96&d=mm&r=g","caption":"Redacci\u00f3n Muy Jujuy"},"url":"https:\/\/www.muyjujuy.com\/index.php\/author\/editor\/"}]}},"_links":{"self":[{"href":"https:\/\/www.muyjujuy.com\/index.php\/wp-json\/wp\/v2\/posts\/336","targetHints":{"allow":["GET"]}}],"collection":[{"href":"https:\/\/www.muyjujuy.com\/index.php\/wp-json\/wp\/v2\/posts"}],"about":[{"href":"https:\/\/www.muyjujuy.com\/index.php\/wp-json\/wp\/v2\/types\/post"}],"author":[{"embeddable":true,"href":"https:\/\/www.muyjujuy.com\/index.php\/wp-json\/wp\/v2\/users\/3"}],"replies":[{"embeddable":true,"href":"https:\/\/www.muyjujuy.com\/index.php\/wp-json\/wp\/v2\/comments?post=336"}],"version-history":[{"count":1,"href":"https:\/\/www.muyjujuy.com\/index.php\/wp-json\/wp\/v2\/posts\/336\/revisions"}],"predecessor-version":[{"id":339,"href":"https:\/\/www.muyjujuy.com\/index.php\/wp-json\/wp\/v2\/posts\/336\/revisions\/339"}],"wp:featuredmedia":[{"embeddable":true,"href":"https:\/\/www.muyjujuy.com\/index.php\/wp-json\/wp\/v2\/media\/338"}],"wp:attachment":[{"href":"https:\/\/www.muyjujuy.com\/index.php\/wp-json\/wp\/v2\/media?parent=336"}],"wp:term":[{"taxonomy":"category","embeddable":true,"href":"https:\/\/www.muyjujuy.com\/index.php\/wp-json\/wp\/v2\/categories?post=336"},{"taxonomy":"post_tag","embeddable":true,"href":"https:\/\/www.muyjujuy.com\/index.php\/wp-json\/wp\/v2\/tags?post=336"}],"curies":[{"name":"wp","href":"https:\/\/api.w.org\/{rel}","templated":true}]}}