{"id":354,"date":"2022-05-26T19:30:09","date_gmt":"2022-05-26T22:30:09","guid":{"rendered":"https:\/\/www.muyjujuy.com\/?p=354"},"modified":"2022-05-26T19:33:24","modified_gmt":"2022-05-26T22:33:24","slug":"detectaron-mas-de-dos-kilos-de-cocaina","status":"publish","type":"post","link":"https:\/\/www.muyjujuy.com\/index.php\/2022\/05\/26\/detectaron-mas-de-dos-kilos-de-cocaina\/","title":{"rendered":"Narcotr\u00e1fico: detectaron m\u00e1s de dos kilos de coca\u00edna"},"content":{"rendered":"\n<p>El martes por la madrugada, polic\u00edas de la Secci\u00f3n Vial \u201cCabeza de Buey\u201d perteneciente al Escuadr\u00f3n N\u00b0 45 de\u00a0<a href=\"https:\/\/www.todojujuy.com\/salta-a1378\">Salta<\/a>,\u00a0hallaron m\u00e1s de 2 kilos de coca\u00edna en un \u00f3mnibus. Mientras hac\u00edan una inspecci\u00f3n sobre la Ruta Nacional 9, en el kil\u00f3metro 1545. En un transporte p\u00fablico de pasajeros proveniente desde la ciudad de La Quiaca detectaron m\u00e1s de dos kilos de coca\u00edna. El destino final del colectivo era el barrio de Liniers en la Ciudad Aut\u00f3noma de Buenos Aires.<\/p>\n\n\n\n<p>Los funcionarios de la fuerza realizaban un control habitual. Como de costumbre, revisaron el colectivo y pidieron documento de identidad a los pasajeros. La sorpresa lleg\u00f3 cuando descubrieron una bolsa en cuyo interior hab\u00eda dos paquetes. Fue debajo de la butaca 35, que estaba vac\u00eda. R\u00e1pidamente realizaron la prueba de narcotest. Un test que dio positivo para clorhidrato de&nbsp;coca\u00edna&nbsp;con un peso total de 2,123 kilogramos.<\/p>\n\n\n\n<p>Los responsables resultaron ser tres sujetos de origen peruano con radicaci\u00f3n final en Argentina. Ricardo Toranzos, director del \u00c1rea de Casos Complejos de Fiscal\u00eda Federal de Salta se comunic\u00f3 con los agentes. Telef\u00f3nicamente,  Toranzos defini\u00f3 la detenci\u00f3n en car\u00e1cter de incomunicado de los tres involucrados. Adem\u00e1s orden\u00f3 el secuestro de la sustancia, celulares y cualquier elemento de inter\u00e9s para la causa. Por \u00faltimo dio inicio a una prevenci\u00f3n sumaria judicial en infracci\u00f3n a la ley de estupefacientes 23.737.<\/p>\n\n\n\n<h1 class=\"wp-block-heading\">En marzo, otro golpe al narcotr\u00e1fico<\/h1>\n\n\n\n<figure class=\"wp-block-image\"><img decoding=\"async\" src=\"https:\/\/media.todojujuy.com\/p\/0efca89348cea6ed57370f0cf9b0e61c\/adjuntos\/227\/imagenes\/003\/219\/0003219860\/970x546\/smart\/drogas.jpeg\" alt=\"Gendarmer\u00eda Nacional detect\u00f3 m\u00e1s de 5 kilos de drogas en dos encomiendas.\" title=\"Gendarmer\u00eda Nacional detect\u00f3 m\u00e1s de 5 kilos de drogas en dos encomiendas.\"\/><figcaption>Detectaron m\u00e1s de dos kilos de coca\u00edna (Imagen: todo jujuy).<\/figcaption><\/figure>\n\n\n\n<p>Por entonces, el antecedente marca que a fines de marzo del corriente, efectivos del Escuadr\u00f3n 53 de&nbsp;Gendarmer\u00eda Nacional&nbsp;abrieron dos encomiendas en el control fijo de Pampa Blanca. All\u00ed encontraron m\u00e1s de 5 kilos de&nbsp;drogas que con origen en Jujuy. La fuerza inform\u00f3&nbsp;4 kilos 896 gramos de cannabis sativa y 474 gramos de pasta base de coca\u00edna,  analizadas por integrantes de Criminal\u00edsticas y Estudios Forenses.<\/p>\n\n\n\n<h2 class=\"wp-block-heading\">Otro caso: detectaron m\u00e1s de dos kilos de coca\u00edna en un rem\u00eds<\/h2>\n\n\n\n<figure class=\"wp-block-image\"><img decoding=\"async\" src=\"https:\/\/media.todojujuy.com\/p\/f0c6581d76a4b7fc05bc410e83c61405\/adjuntos\/227\/imagenes\/003\/229\/0003229458\/770x0\/smart\/el-perrito-limon-encontro-cocaina-un-remis-prensa-gendarmeria.jpg\" alt=\"El perrito Lim\u00f3n encontr\u00f3 coca\u00edna en un rem\u00eds. \/Prensa Gendarmer\u00eda\"\/><figcaption>Imagen: todo Jujuy. <\/figcaption><\/figure>\n\n\n\n<p>En un operativo de&nbsp;Gendarmer\u00eda&nbsp;Nacional en el l\u00edmite entre Jujuy y Salta, el can llamado Lim\u00f3n detect\u00f3 un cargamento de droga. Dicho cargamento era trasladado en un rem\u00eds desde Or\u00e1n, Salta. A bordo hab\u00eda dos pasajeros. <\/p>\n\n\n\n<p>Los gendarmes exigieron una autorizaci\u00f3n para inspeccionar dentro del autom\u00f3vil y a los ciudadanos. El permiso lo otorg\u00f3 la Unidad Fiscal Federal de Jujuy. Todo se produjo gracias a la inquietud del perro. Dentro del coche, en una mochila, hallaron dos paquetes rectangulares con 2 kilos 132 gramos de coca\u00edna. Por otro lado, uno de los individuos portaba 16.490 pesos argentinos.<\/p>\n\n\n\n<p>El Magistrado interviniente solicit\u00f3 el secuestro del estupefaciente, del dinero. Y la detenci\u00f3n de las dos personas involucradas, que quedaron a disposici\u00f3n de la justicia.<\/p>\n\n\n\n<p>Por \u00faltimo, record\u00e1 informarte sobre todo lo que sucede en la provincia de Jujuy, en el pa\u00eds y en el mundo en&nbsp;<a href=\"https:\/\/muyjujuy.com\/\">Muy Jujuy.<\/a><\/p>\n","protected":false},"excerpt":{"rendered":"<p>El martes por la madrugada, polic\u00edas de la Secci\u00f3n Vial \u201cCabeza de Buey\u201d perteneciente al Escuadr\u00f3n N\u00b0 45 de\u00a0Salta,\u00a0hallaron m\u00e1s de 2 kilos de coca\u00edna en un \u00f3mnibus. Mientras hac\u00edan una inspecci\u00f3n sobre la Ruta Nacional 9, en el kil\u00f3metro 1545. En un transporte p\u00fablico de pasajeros proveniente desde la ciudad de La Quiaca detectaron [&hellip;]<\/p>\n","protected":false},"author":3,"featured_media":355,"comment_status":"open","ping_status":"open","sticky":false,"template":"","format":"standard","meta":{"footnotes":""},"categories":[27],"tags":[523,8,522,524],"class_list":{"0":"post-354","1":"post","2":"type-post","3":"status-publish","4":"format-standard","5":"has-post-thumbnail","7":"category-seguridad","8":"tag-gendarmeria","9":"tag-jujuy","10":"tag-narcotrafico","11":"tag-perro-limon"},"yoast_head":"<!-- This site is optimized with the Yoast SEO plugin v27.5 - https:\/\/yoast.com\/product\/yoast-seo-wordpress\/ -->\n<title>Narcotr\u00e1fico: detectaron m\u00e1s de dos kilos de coca\u00edna - Muy Jujuy<\/title>\n<meta name=\"description\" content=\"En un transporte p\u00fablico de pasajeros proveniente desde la ciudad de La Quiaca detectaron m\u00e1s de dos kilos de coca\u00edna.\" \/>\n<meta name=\"robots\" content=\"index, follow, max-snippet:-1, max-image-preview:large, max-video-preview:-1\" \/>\n<link rel=\"canonical\" href=\"https:\/\/www.muyjujuy.com\/index.php\/2022\/05\/26\/detectaron-mas-de-dos-kilos-de-cocaina\/\" \/>\n<meta property=\"og:locale\" content=\"es_ES\" \/>\n<meta property=\"og:type\" content=\"article\" \/>\n<meta property=\"og:title\" content=\"Narcotr\u00e1fico: detectaron m\u00e1s de dos kilos de coca\u00edna - Muy Jujuy\" \/>\n<meta property=\"og:description\" content=\"En un transporte p\u00fablico de pasajeros proveniente desde la ciudad de La Quiaca detectaron m\u00e1s de dos kilos de coca\u00edna.\" \/>\n<meta property=\"og:url\" content=\"https:\/\/www.muyjujuy.com\/index.php\/2022\/05\/26\/detectaron-mas-de-dos-kilos-de-cocaina\/\" \/>\n<meta property=\"og:site_name\" content=\"Muy Jujuy\" \/>\n<meta property=\"article:publisher\" content=\"https:\/\/www.facebook.com\/muyjujuycom\" \/>\n<meta property=\"article:published_time\" content=\"2022-05-26T22:30:09+00:00\" \/>\n<meta property=\"article:modified_time\" content=\"2022-05-26T22:33:24+00:00\" \/>\n<meta property=\"og:image\" content=\"https:\/\/www.muyjujuy.com\/wp-content\/uploads\/2022\/05\/maxresdefault.jpg\" \/>\n\t<meta property=\"og:image:width\" content=\"1280\" \/>\n\t<meta property=\"og:image:height\" content=\"720\" \/>\n\t<meta property=\"og:image:type\" content=\"image\/jpeg\" \/>\n<meta name=\"author\" content=\"Redacci\u00f3n Muy Jujuy\" \/>\n<meta name=\"twitter:card\" content=\"summary_large_image\" \/>\n<meta name=\"twitter:creator\" content=\"@muyjujuy\" \/>\n<meta name=\"twitter:site\" content=\"@muyjujuy\" \/>\n<meta name=\"twitter:label1\" content=\"Escrito por\" \/>\n\t<meta name=\"twitter:data1\" content=\"Redacci\u00f3n Muy Jujuy\" \/>\n\t<meta name=\"twitter:label2\" content=\"Tiempo de lectura\" \/>\n\t<meta name=\"twitter:data2\" content=\"3 minutos\" \/>\n<script type=\"application\/ld+json\" class=\"yoast-schema-graph\">{\"@context\":\"https:\\\/\\\/schema.org\",\"@graph\":[{\"@type\":\"Article\",\"@id\":\"https:\\\/\\\/www.muyjujuy.com\\\/index.php\\\/2022\\\/05\\\/26\\\/detectaron-mas-de-dos-kilos-de-cocaina\\\/#article\",\"isPartOf\":{\"@id\":\"https:\\\/\\\/www.muyjujuy.com\\\/index.php\\\/2022\\\/05\\\/26\\\/detectaron-mas-de-dos-kilos-de-cocaina\\\/\"},\"author\":{\"name\":\"Redacci\u00f3n Muy Jujuy\",\"@id\":\"https:\\\/\\\/www.muyjujuy.com\\\/#\\\/schema\\\/person\\\/1d0f6e223ccea9e3f9034c1a5b683bf2\"},\"headline\":\"Narcotr\u00e1fico: detectaron m\u00e1s de dos kilos de coca\u00edna\",\"datePublished\":\"2022-05-26T22:30:09+00:00\",\"dateModified\":\"2022-05-26T22:33:24+00:00\",\"mainEntityOfPage\":{\"@id\":\"https:\\\/\\\/www.muyjujuy.com\\\/index.php\\\/2022\\\/05\\\/26\\\/detectaron-mas-de-dos-kilos-de-cocaina\\\/\"},\"wordCount\":524,\"commentCount\":0,\"publisher\":{\"@id\":\"https:\\\/\\\/www.muyjujuy.com\\\/#organization\"},\"image\":{\"@id\":\"https:\\\/\\\/www.muyjujuy.com\\\/index.php\\\/2022\\\/05\\\/26\\\/detectaron-mas-de-dos-kilos-de-cocaina\\\/#primaryimage\"},\"thumbnailUrl\":\"https:\\\/\\\/www.muyjujuy.com\\\/wp-content\\\/uploads\\\/2022\\\/05\\\/maxresdefault.jpg\",\"keywords\":[\"Gendarmer\u00eda\",\"Jujuy\",\"Narcotr\u00e1fico\",\"Perro Lim\u00f3n\"],\"articleSection\":[\"Seguridad\"],\"inLanguage\":\"es-AR\",\"potentialAction\":[{\"@type\":\"CommentAction\",\"name\":\"Comment\",\"target\":[\"https:\\\/\\\/www.muyjujuy.com\\\/index.php\\\/2022\\\/05\\\/26\\\/detectaron-mas-de-dos-kilos-de-cocaina\\\/#respond\"]}]},{\"@type\":\"WebPage\",\"@id\":\"https:\\\/\\\/www.muyjujuy.com\\\/index.php\\\/2022\\\/05\\\/26\\\/detectaron-mas-de-dos-kilos-de-cocaina\\\/\",\"url\":\"https:\\\/\\\/www.muyjujuy.com\\\/index.php\\\/2022\\\/05\\\/26\\\/detectaron-mas-de-dos-kilos-de-cocaina\\\/\",\"name\":\"Narcotr\u00e1fico: detectaron m\u00e1s de dos kilos de coca\u00edna - Muy Jujuy\",\"isPartOf\":{\"@id\":\"https:\\\/\\\/www.muyjujuy.com\\\/#website\"},\"primaryImageOfPage\":{\"@id\":\"https:\\\/\\\/www.muyjujuy.com\\\/index.php\\\/2022\\\/05\\\/26\\\/detectaron-mas-de-dos-kilos-de-cocaina\\\/#primaryimage\"},\"image\":{\"@id\":\"https:\\\/\\\/www.muyjujuy.com\\\/index.php\\\/2022\\\/05\\\/26\\\/detectaron-mas-de-dos-kilos-de-cocaina\\\/#primaryimage\"},\"thumbnailUrl\":\"https:\\\/\\\/www.muyjujuy.com\\\/wp-content\\\/uploads\\\/2022\\\/05\\\/maxresdefault.jpg\",\"datePublished\":\"2022-05-26T22:30:09+00:00\",\"dateModified\":\"2022-05-26T22:33:24+00:00\",\"description\":\"En un transporte p\u00fablico de pasajeros proveniente desde la ciudad de La Quiaca detectaron m\u00e1s de dos kilos de coca\u00edna.\",\"breadcrumb\":{\"@id\":\"https:\\\/\\\/www.muyjujuy.com\\\/index.php\\\/2022\\\/05\\\/26\\\/detectaron-mas-de-dos-kilos-de-cocaina\\\/#breadcrumb\"},\"inLanguage\":\"es-AR\",\"potentialAction\":[{\"@type\":\"ReadAction\",\"target\":[\"https:\\\/\\\/www.muyjujuy.com\\\/index.php\\\/2022\\\/05\\\/26\\\/detectaron-mas-de-dos-kilos-de-cocaina\\\/\"]}]},{\"@type\":\"ImageObject\",\"inLanguage\":\"es-AR\",\"@id\":\"https:\\\/\\\/www.muyjujuy.com\\\/index.php\\\/2022\\\/05\\\/26\\\/detectaron-mas-de-dos-kilos-de-cocaina\\\/#primaryimage\",\"url\":\"https:\\\/\\\/www.muyjujuy.com\\\/wp-content\\\/uploads\\\/2022\\\/05\\\/maxresdefault.jpg\",\"contentUrl\":\"https:\\\/\\\/www.muyjujuy.com\\\/wp-content\\\/uploads\\\/2022\\\/05\\\/maxresdefault.jpg\",\"width\":1280,\"height\":720,\"caption\":\"imagen: youtube\"},{\"@type\":\"BreadcrumbList\",\"@id\":\"https:\\\/\\\/www.muyjujuy.com\\\/index.php\\\/2022\\\/05\\\/26\\\/detectaron-mas-de-dos-kilos-de-cocaina\\\/#breadcrumb\",\"itemListElement\":[{\"@type\":\"ListItem\",\"position\":1,\"name\":\"Inicio\",\"item\":\"https:\\\/\\\/www.muyjujuy.com\\\/\"},{\"@type\":\"ListItem\",\"position\":2,\"name\":\"Narcotr\u00e1fico: detectaron m\u00e1s de dos kilos de coca\u00edna\"}]},{\"@type\":\"WebSite\",\"@id\":\"https:\\\/\\\/www.muyjujuy.com\\\/#website\",\"url\":\"https:\\\/\\\/www.muyjujuy.com\\\/\",\"name\":\"Muy Jujuy\",\"description\":\"\",\"publisher\":{\"@id\":\"https:\\\/\\\/www.muyjujuy.com\\\/#organization\"},\"potentialAction\":[{\"@type\":\"SearchAction\",\"target\":{\"@type\":\"EntryPoint\",\"urlTemplate\":\"https:\\\/\\\/www.muyjujuy.com\\\/?s={search_term_string}\"},\"query-input\":{\"@type\":\"PropertyValueSpecification\",\"valueRequired\":true,\"valueName\":\"search_term_string\"}}],\"inLanguage\":\"es-AR\"},{\"@type\":\"Organization\",\"@id\":\"https:\\\/\\\/www.muyjujuy.com\\\/#organization\",\"name\":\"Muy Jujuy\",\"url\":\"https:\\\/\\\/www.muyjujuy.com\\\/\",\"logo\":{\"@type\":\"ImageObject\",\"inLanguage\":\"es-AR\",\"@id\":\"https:\\\/\\\/www.muyjujuy.com\\\/#\\\/schema\\\/logo\\\/image\\\/\",\"url\":\"http:\\\/\\\/www.muyjujuy.com\\\/wp-content\\\/uploads\\\/2022\\\/05\\\/logo-mobil-jujuy.png\",\"contentUrl\":\"http:\\\/\\\/www.muyjujuy.com\\\/wp-content\\\/uploads\\\/2022\\\/05\\\/logo-mobil-jujuy.png\",\"width\":174,\"height\":81,\"caption\":\"Muy Jujuy\"},\"image\":{\"@id\":\"https:\\\/\\\/www.muyjujuy.com\\\/#\\\/schema\\\/logo\\\/image\\\/\"},\"sameAs\":[\"https:\\\/\\\/www.facebook.com\\\/muyjujuycom\",\"https:\\\/\\\/x.com\\\/muyjujuy\",\"https:\\\/\\\/www.instagram.com\\\/muyjujuycom\"]},{\"@type\":\"Person\",\"@id\":\"https:\\\/\\\/www.muyjujuy.com\\\/#\\\/schema\\\/person\\\/1d0f6e223ccea9e3f9034c1a5b683bf2\",\"name\":\"Redacci\u00f3n Muy Jujuy\",\"image\":{\"@type\":\"ImageObject\",\"inLanguage\":\"es-AR\",\"@id\":\"https:\\\/\\\/secure.gravatar.com\\\/avatar\\\/fec5f6f1893d741ed5eecccff109ce43e67a855411202a3212a058cb8e5c27d4?s=96&d=mm&r=g\",\"url\":\"https:\\\/\\\/secure.gravatar.com\\\/avatar\\\/fec5f6f1893d741ed5eecccff109ce43e67a855411202a3212a058cb8e5c27d4?s=96&d=mm&r=g\",\"contentUrl\":\"https:\\\/\\\/secure.gravatar.com\\\/avatar\\\/fec5f6f1893d741ed5eecccff109ce43e67a855411202a3212a058cb8e5c27d4?s=96&d=mm&r=g\",\"caption\":\"Redacci\u00f3n Muy Jujuy\"},\"url\":\"https:\\\/\\\/www.muyjujuy.com\\\/index.php\\\/author\\\/editor\\\/\"}]}<\/script>\n<!-- \/ Yoast SEO plugin. -->","yoast_head_json":{"title":"Narcotr\u00e1fico: detectaron m\u00e1s de dos kilos de coca\u00edna - Muy Jujuy","description":"En un transporte p\u00fablico de pasajeros proveniente desde la ciudad de La Quiaca detectaron m\u00e1s de dos kilos de coca\u00edna.","robots":{"index":"index","follow":"follow","max-snippet":"max-snippet:-1","max-image-preview":"max-image-preview:large","max-video-preview":"max-video-preview:-1"},"canonical":"https:\/\/www.muyjujuy.com\/index.php\/2022\/05\/26\/detectaron-mas-de-dos-kilos-de-cocaina\/","og_locale":"es_ES","og_type":"article","og_title":"Narcotr\u00e1fico: detectaron m\u00e1s de dos kilos de coca\u00edna - Muy Jujuy","og_description":"En un transporte p\u00fablico de pasajeros proveniente desde la ciudad de La Quiaca detectaron m\u00e1s de dos kilos de coca\u00edna.","og_url":"https:\/\/www.muyjujuy.com\/index.php\/2022\/05\/26\/detectaron-mas-de-dos-kilos-de-cocaina\/","og_site_name":"Muy Jujuy","article_publisher":"https:\/\/www.facebook.com\/muyjujuycom","article_published_time":"2022-05-26T22:30:09+00:00","article_modified_time":"2022-05-26T22:33:24+00:00","og_image":[{"width":1280,"height":720,"url":"https:\/\/www.muyjujuy.com\/wp-content\/uploads\/2022\/05\/maxresdefault.jpg","type":"image\/jpeg"}],"author":"Redacci\u00f3n Muy Jujuy","twitter_card":"summary_large_image","twitter_creator":"@muyjujuy","twitter_site":"@muyjujuy","twitter_misc":{"Escrito por":"Redacci\u00f3n Muy Jujuy","Tiempo de lectura":"3 minutos"},"schema":{"@context":"https:\/\/schema.org","@graph":[{"@type":"Article","@id":"https:\/\/www.muyjujuy.com\/index.php\/2022\/05\/26\/detectaron-mas-de-dos-kilos-de-cocaina\/#article","isPartOf":{"@id":"https:\/\/www.muyjujuy.com\/index.php\/2022\/05\/26\/detectaron-mas-de-dos-kilos-de-cocaina\/"},"author":{"name":"Redacci\u00f3n Muy Jujuy","@id":"https:\/\/www.muyjujuy.com\/#\/schema\/person\/1d0f6e223ccea9e3f9034c1a5b683bf2"},"headline":"Narcotr\u00e1fico: detectaron m\u00e1s de dos kilos de coca\u00edna","datePublished":"2022-05-26T22:30:09+00:00","dateModified":"2022-05-26T22:33:24+00:00","mainEntityOfPage":{"@id":"https:\/\/www.muyjujuy.com\/index.php\/2022\/05\/26\/detectaron-mas-de-dos-kilos-de-cocaina\/"},"wordCount":524,"commentCount":0,"publisher":{"@id":"https:\/\/www.muyjujuy.com\/#organization"},"image":{"@id":"https:\/\/www.muyjujuy.com\/index.php\/2022\/05\/26\/detectaron-mas-de-dos-kilos-de-cocaina\/#primaryimage"},"thumbnailUrl":"https:\/\/www.muyjujuy.com\/wp-content\/uploads\/2022\/05\/maxresdefault.jpg","keywords":["Gendarmer\u00eda","Jujuy","Narcotr\u00e1fico","Perro Lim\u00f3n"],"articleSection":["Seguridad"],"inLanguage":"es-AR","potentialAction":[{"@type":"CommentAction","name":"Comment","target":["https:\/\/www.muyjujuy.com\/index.php\/2022\/05\/26\/detectaron-mas-de-dos-kilos-de-cocaina\/#respond"]}]},{"@type":"WebPage","@id":"https:\/\/www.muyjujuy.com\/index.php\/2022\/05\/26\/detectaron-mas-de-dos-kilos-de-cocaina\/","url":"https:\/\/www.muyjujuy.com\/index.php\/2022\/05\/26\/detectaron-mas-de-dos-kilos-de-cocaina\/","name":"Narcotr\u00e1fico: detectaron m\u00e1s de dos kilos de coca\u00edna - Muy Jujuy","isPartOf":{"@id":"https:\/\/www.muyjujuy.com\/#website"},"primaryImageOfPage":{"@id":"https:\/\/www.muyjujuy.com\/index.php\/2022\/05\/26\/detectaron-mas-de-dos-kilos-de-cocaina\/#primaryimage"},"image":{"@id":"https:\/\/www.muyjujuy.com\/index.php\/2022\/05\/26\/detectaron-mas-de-dos-kilos-de-cocaina\/#primaryimage"},"thumbnailUrl":"https:\/\/www.muyjujuy.com\/wp-content\/uploads\/2022\/05\/maxresdefault.jpg","datePublished":"2022-05-26T22:30:09+00:00","dateModified":"2022-05-26T22:33:24+00:00","description":"En un transporte p\u00fablico de pasajeros proveniente desde la ciudad de La Quiaca detectaron m\u00e1s de dos kilos de coca\u00edna.","breadcrumb":{"@id":"https:\/\/www.muyjujuy.com\/index.php\/2022\/05\/26\/detectaron-mas-de-dos-kilos-de-cocaina\/#breadcrumb"},"inLanguage":"es-AR","potentialAction":[{"@type":"ReadAction","target":["https:\/\/www.muyjujuy.com\/index.php\/2022\/05\/26\/detectaron-mas-de-dos-kilos-de-cocaina\/"]}]},{"@type":"ImageObject","inLanguage":"es-AR","@id":"https:\/\/www.muyjujuy.com\/index.php\/2022\/05\/26\/detectaron-mas-de-dos-kilos-de-cocaina\/#primaryimage","url":"https:\/\/www.muyjujuy.com\/wp-content\/uploads\/2022\/05\/maxresdefault.jpg","contentUrl":"https:\/\/www.muyjujuy.com\/wp-content\/uploads\/2022\/05\/maxresdefault.jpg","width":1280,"height":720,"caption":"imagen: youtube"},{"@type":"BreadcrumbList","@id":"https:\/\/www.muyjujuy.com\/index.php\/2022\/05\/26\/detectaron-mas-de-dos-kilos-de-cocaina\/#breadcrumb","itemListElement":[{"@type":"ListItem","position":1,"name":"Inicio","item":"https:\/\/www.muyjujuy.com\/"},{"@type":"ListItem","position":2,"name":"Narcotr\u00e1fico: detectaron m\u00e1s de dos kilos de coca\u00edna"}]},{"@type":"WebSite","@id":"https:\/\/www.muyjujuy.com\/#website","url":"https:\/\/www.muyjujuy.com\/","name":"Muy Jujuy","description":"","publisher":{"@id":"https:\/\/www.muyjujuy.com\/#organization"},"potentialAction":[{"@type":"SearchAction","target":{"@type":"EntryPoint","urlTemplate":"https:\/\/www.muyjujuy.com\/?s={search_term_string}"},"query-input":{"@type":"PropertyValueSpecification","valueRequired":true,"valueName":"search_term_string"}}],"inLanguage":"es-AR"},{"@type":"Organization","@id":"https:\/\/www.muyjujuy.com\/#organization","name":"Muy Jujuy","url":"https:\/\/www.muyjujuy.com\/","logo":{"@type":"ImageObject","inLanguage":"es-AR","@id":"https:\/\/www.muyjujuy.com\/#\/schema\/logo\/image\/","url":"http:\/\/www.muyjujuy.com\/wp-content\/uploads\/2022\/05\/logo-mobil-jujuy.png","contentUrl":"http:\/\/www.muyjujuy.com\/wp-content\/uploads\/2022\/05\/logo-mobil-jujuy.png","width":174,"height":81,"caption":"Muy Jujuy"},"image":{"@id":"https:\/\/www.muyjujuy.com\/#\/schema\/logo\/image\/"},"sameAs":["https:\/\/www.facebook.com\/muyjujuycom","https:\/\/x.com\/muyjujuy","https:\/\/www.instagram.com\/muyjujuycom"]},{"@type":"Person","@id":"https:\/\/www.muyjujuy.com\/#\/schema\/person\/1d0f6e223ccea9e3f9034c1a5b683bf2","name":"Redacci\u00f3n Muy Jujuy","image":{"@type":"ImageObject","inLanguage":"es-AR","@id":"https:\/\/secure.gravatar.com\/avatar\/fec5f6f1893d741ed5eecccff109ce43e67a855411202a3212a058cb8e5c27d4?s=96&d=mm&r=g","url":"https:\/\/secure.gravatar.com\/avatar\/fec5f6f1893d741ed5eecccff109ce43e67a855411202a3212a058cb8e5c27d4?s=96&d=mm&r=g","contentUrl":"https:\/\/secure.gravatar.com\/avatar\/fec5f6f1893d741ed5eecccff109ce43e67a855411202a3212a058cb8e5c27d4?s=96&d=mm&r=g","caption":"Redacci\u00f3n Muy Jujuy"},"url":"https:\/\/www.muyjujuy.com\/index.php\/author\/editor\/"}]}},"_links":{"self":[{"href":"https:\/\/www.muyjujuy.com\/index.php\/wp-json\/wp\/v2\/posts\/354","targetHints":{"allow":["GET"]}}],"collection":[{"href":"https:\/\/www.muyjujuy.com\/index.php\/wp-json\/wp\/v2\/posts"}],"about":[{"href":"https:\/\/www.muyjujuy.com\/index.php\/wp-json\/wp\/v2\/types\/post"}],"author":[{"embeddable":true,"href":"https:\/\/www.muyjujuy.com\/index.php\/wp-json\/wp\/v2\/users\/3"}],"replies":[{"embeddable":true,"href":"https:\/\/www.muyjujuy.com\/index.php\/wp-json\/wp\/v2\/comments?post=354"}],"version-history":[{"count":2,"href":"https:\/\/www.muyjujuy.com\/index.php\/wp-json\/wp\/v2\/posts\/354\/revisions"}],"predecessor-version":[{"id":357,"href":"https:\/\/www.muyjujuy.com\/index.php\/wp-json\/wp\/v2\/posts\/354\/revisions\/357"}],"wp:featuredmedia":[{"embeddable":true,"href":"https:\/\/www.muyjujuy.com\/index.php\/wp-json\/wp\/v2\/media\/355"}],"wp:attachment":[{"href":"https:\/\/www.muyjujuy.com\/index.php\/wp-json\/wp\/v2\/media?parent=354"}],"wp:term":[{"taxonomy":"category","embeddable":true,"href":"https:\/\/www.muyjujuy.com\/index.php\/wp-json\/wp\/v2\/categories?post=354"},{"taxonomy":"post_tag","embeddable":true,"href":"https:\/\/www.muyjujuy.com\/index.php\/wp-json\/wp\/v2\/tags?post=354"}],"curies":[{"name":"wp","href":"https:\/\/api.w.org\/{rel}","templated":true}]}}