{"id":361,"date":"2022-05-27T12:17:50","date_gmt":"2022-05-27T15:17:50","guid":{"rendered":"https:\/\/www.muyjujuy.com\/?p=361"},"modified":"2022-05-27T12:17:55","modified_gmt":"2022-05-27T15:17:55","slug":"gimnasia-con-todo-a-la-copa-argentina-y-la-primera-nacional","status":"publish","type":"post","link":"https:\/\/www.muyjujuy.com\/index.php\/2022\/05\/27\/gimnasia-con-todo-a-la-copa-argentina-y-la-primera-nacional\/","title":{"rendered":"Gimnasia: con todo a la Copa Argentina y la Primera Nacional"},"content":{"rendered":"\n<p>Se acercan fechas importantes para el equipo de la Capital. Gimnasia y Esgrima debe afrontar compromisos determinantes. El domingo recibe a Almirante Brown desde las 15 hs en el &#8220;23 de Agosto&#8221;. Y el 15 de junio enfrentar\u00e1 a Racing de C\u00f3rdoba. Gimnasia va con todo a la Copa Argentina y la Primera Nacional.<\/p>\n\n\n\n<p><br>El conjunto capitalino, encabezado por Dar\u00edo Franco continua prepar\u00e1ndose para su pr\u00f3ximo encuentro. Este domingo jugar\u00e1 a las 15.30 hs y con el arbitraje de Lucas Novelli. Frente a Almirante Brown, tendr\u00e1 una oportunidad para seguir sumando puntos. El equipo de La Matanza se ubica en la posici\u00f3n n\u00famero 21 y acaba de prescindir de los servicios de uno de sus mejores jugadores. Se trata de Cristian Ch\u00e1vez que decidi\u00f3 irse del conjunto de Isidro Casanova. Ante la escasa continuidad por decisi\u00f3n del DT Fabi\u00e1n Nardozza, el delantero de 34 a\u00f1os eligi\u00f3 dar un paso al costado.<\/p>\n\n\n\n<figure class=\"wp-block-image size-large\"><img loading=\"lazy\" decoding=\"async\" width=\"1024\" height=\"768\" src=\"https:\/\/www.muyjujuy.com\/wp-content\/uploads\/2022\/05\/gimnasia-jujuy-1024x768.webp\" alt=\"\" class=\"wp-image-363\" srcset=\"https:\/\/www.muyjujuy.com\/wp-content\/uploads\/2022\/05\/gimnasia-jujuy-1024x768.webp 1024w, https:\/\/www.muyjujuy.com\/wp-content\/uploads\/2022\/05\/gimnasia-jujuy-300x225.webp 300w, https:\/\/www.muyjujuy.com\/wp-content\/uploads\/2022\/05\/gimnasia-jujuy-768x576.webp 768w, https:\/\/www.muyjujuy.com\/wp-content\/uploads\/2022\/05\/gimnasia-jujuy-150x113.webp 150w, https:\/\/www.muyjujuy.com\/wp-content\/uploads\/2022\/05\/gimnasia-jujuy-696x522.webp 696w, https:\/\/www.muyjujuy.com\/wp-content\/uploads\/2022\/05\/gimnasia-jujuy-1068x801.webp 1068w, https:\/\/www.muyjujuy.com\/wp-content\/uploads\/2022\/05\/gimnasia-jujuy.webp 1200w\" sizes=\"auto, (max-width: 1024px) 100vw, 1024px\" \/><figcaption>Gimnasia: con todo a la Copa Argentina y la Primera Nacional (imagen: \u00e1mbito). <\/figcaption><\/figure>\n\n\n\n<h2 class=\"wp-block-heading\">Con todo a la Copa Argentina y la Primera Nacional<\/h2>\n\n\n\n<p>Por otro lado, a derrota en la fecha pasada hizo pensar al entrenador Dar\u00edo Franco que debe buscar alternativas para ir logrando el juego que viene desplegando, porque m\u00e1s all\u00e1 de que siempre existen cosas por mejorar, sabe que no debe salirse de ese camino que le dio dos victorias al hilo, una de ellas ante el puntero Belgrano.<\/p>\n\n\n\n<p>En el entrenamiento se observaron dos variantes: Axel Abet ocupar\u00eda un lugar entre los titulares, mientras que Esteban Gonz\u00e1lez ir\u00eda por Jorge Ju\u00e1rez. Respecto de la formaci\u00f3n: el t\u00e9cnico del &#8220;lobo&#8221; tiene un once pensado. Gimnasia ir\u00eda con Cristian Lucchetti; Axel Abet, Rey Salinas, Roberto Hern\u00e1ndez y Facundo Rizzi; Esteban Gonz\u00e1lez, Francisco Maidana, Lautaro Bellegia y Mat\u00edas Palavecino; Leandro Gonz\u00e1lez y Gabriel M\u00e9ndez.<\/p>\n\n\n\n<p>Respecto de las pr\u00e1cticas, el defensor Anderson Rey Salinas dijo a un medio local: &#8220;estamos tranquilos, venimos trabajando bien estos d\u00edas, vamos a sacar un resultado positivo el domingo&#8221;.<\/p>\n\n\n\n<p>El jugador oriundo del vecino pa\u00eds de Bolivia remarc\u00f3 que &#8220;tenemos que ser ordenados, tuvimos un traspi\u00e9 el partido pasado, pero ya tenemos la cabeza puesta solamente en Almirante Brown&#8221;.<\/p>\n\n\n\n<p>.<\/p>\n\n\n\n<h1 class=\"wp-block-heading\">Gimnasia: el 15 de junio por Copa Argentina<\/h1>\n\n\n\n<p>Por los 16vos de final, el Lobo juje\u00f1o jugar\u00eda ante Racing de C\u00f3rdoba el mi\u00e9rcoles 15 de junio en La Rioja. Gimnasia de Jujuy y Racing. Todav\u00eda no hay sede definida, puede ser La Rioja, Santiago del Estero y\/o Tucum\u00e1n. Gimnasia de Jujuy arriba a esta instancia de la Copa Argentina tras derrotar a Central C\u00f3rdoba. El encuentro fue en La Rioja. En tanto que Racing de C\u00f3rdoba lleg\u00f3 a esta fase tras vencer a San Lorenzo. <\/p>\n\n\n\n<h2 class=\"wp-block-heading\">Reconocido periodista cuestion\u00f3 jugar en la altura  <\/h2>\n\n\n\n<p><br>Se trata de un experimentado comunicador especializado en f\u00fatbol. El hombre exFoxSports puso como ejemplo a Jujuy hablando de jugar en la altura. <br>Para un medio boliviano, el conductor de ESPN charl\u00f3 sobre los partidos de f\u00fatbol en ciudades. Mart\u00edn Liberman defendi\u00f3 la idea de que Bolivia juegue en La Paz. \u201cYo no puedo creer que los propios bolivianos discutan la altura, yo los escuchaba y no pod\u00eda creer lo que estaban hablando\u201d agreg\u00f3.<\/p>\n\n\n\n<p>Por otro lado Liberman sum\u00f3 a la explicaci\u00f3n el caso de nuestra provincia: \u201cEs lo mismo que aqu\u00ed nos preguntemos si hay que jugar en Jujuy o no. La verdad que no lo puedo entender\u201d.<\/p>\n\n\n\n<p>Por \u00faltimo, record\u00e1 informarte sobre todo lo que sucede en la provincia de Jujuy, en el pa\u00eds y en el mundo en\u00a0<a href=\"https:\/\/muyjujuy.com\/\">Muy Jujuy.<\/a><\/p>\n","protected":false},"excerpt":{"rendered":"<p>Se acercan fechas importantes para el equipo de la Capital. Gimnasia y Esgrima debe afrontar compromisos determinantes. El domingo recibe a Almirante Brown desde las 15 hs en el &#8220;23 de Agosto&#8221;. Y el 15 de junio enfrentar\u00e1 a Racing de C\u00f3rdoba. Gimnasia va con todo a la Copa Argentina y la Primera Nacional. El [&hellip;]<\/p>\n","protected":false},"author":3,"featured_media":364,"comment_status":"open","ping_status":"open","sticky":false,"template":"","format":"standard","meta":{"footnotes":""},"categories":[26],"tags":[531,530,3,532],"class_list":{"0":"post-361","1":"post","2":"type-post","3":"status-publish","4":"format-standard","5":"has-post-thumbnail","8":"tag-almirante-brown","9":"tag-copa-argentina","10":"tag-gimnasia-de-jujuy","11":"tag-primera-nacional"},"yoast_head":"<!-- This site is optimized with the Yoast SEO plugin v27.5 - https:\/\/yoast.com\/product\/yoast-seo-wordpress\/ -->\n<title>Gimnasia: con todo a la Copa Argentina y la Primera Nacional - Muy Jujuy<\/title>\n<meta name=\"description\" content=\"El domingo recibe a Almirante Brown y el 15 de junio enfrentar\u00e1 a Racing de C\u00f3rdoba. Gimnasia va con todo a la Copa Argentina y la Primera Nacional.\" \/>\n<meta name=\"robots\" content=\"index, follow, max-snippet:-1, max-image-preview:large, max-video-preview:-1\" \/>\n<link rel=\"canonical\" href=\"https:\/\/www.muyjujuy.com\/index.php\/2022\/05\/27\/gimnasia-con-todo-a-la-copa-argentina-y-la-primera-nacional\/\" \/>\n<meta property=\"og:locale\" content=\"es_ES\" \/>\n<meta property=\"og:type\" content=\"article\" \/>\n<meta property=\"og:title\" content=\"Gimnasia: con todo a la Copa Argentina y la Primera Nacional - Muy Jujuy\" \/>\n<meta property=\"og:description\" content=\"El domingo recibe a Almirante Brown y el 15 de junio enfrentar\u00e1 a Racing de C\u00f3rdoba. Gimnasia va con todo a la Copa Argentina y la Primera Nacional.\" \/>\n<meta property=\"og:url\" content=\"https:\/\/www.muyjujuy.com\/index.php\/2022\/05\/27\/gimnasia-con-todo-a-la-copa-argentina-y-la-primera-nacional\/\" \/>\n<meta property=\"og:site_name\" content=\"Muy Jujuy\" \/>\n<meta property=\"article:publisher\" content=\"https:\/\/www.facebook.com\/muyjujuycom\" \/>\n<meta property=\"article:published_time\" content=\"2022-05-27T15:17:50+00:00\" \/>\n<meta property=\"article:modified_time\" content=\"2022-05-27T15:17:55+00:00\" \/>\n<meta property=\"og:image\" content=\"https:\/\/www.muyjujuy.com\/wp-content\/uploads\/2022\/05\/gimnasia-jujuy-1.webp\" \/>\n\t<meta property=\"og:image:width\" content=\"1200\" \/>\n\t<meta property=\"og:image:height\" content=\"900\" \/>\n\t<meta property=\"og:image:type\" content=\"image\/webp\" \/>\n<meta name=\"author\" content=\"Redacci\u00f3n Muy Jujuy\" \/>\n<meta name=\"twitter:card\" content=\"summary_large_image\" \/>\n<meta name=\"twitter:creator\" content=\"@muyjujuy\" \/>\n<meta name=\"twitter:site\" content=\"@muyjujuy\" \/>\n<meta name=\"twitter:label1\" content=\"Escrito por\" \/>\n\t<meta name=\"twitter:data1\" content=\"Redacci\u00f3n Muy Jujuy\" \/>\n\t<meta name=\"twitter:label2\" content=\"Tiempo de lectura\" \/>\n\t<meta name=\"twitter:data2\" content=\"3 minutos\" \/>\n<script type=\"application\/ld+json\" class=\"yoast-schema-graph\">{\"@context\":\"https:\\\/\\\/schema.org\",\"@graph\":[{\"@type\":\"Article\",\"@id\":\"https:\\\/\\\/www.muyjujuy.com\\\/index.php\\\/2022\\\/05\\\/27\\\/gimnasia-con-todo-a-la-copa-argentina-y-la-primera-nacional\\\/#article\",\"isPartOf\":{\"@id\":\"https:\\\/\\\/www.muyjujuy.com\\\/index.php\\\/2022\\\/05\\\/27\\\/gimnasia-con-todo-a-la-copa-argentina-y-la-primera-nacional\\\/\"},\"author\":{\"name\":\"Redacci\u00f3n Muy Jujuy\",\"@id\":\"https:\\\/\\\/www.muyjujuy.com\\\/#\\\/schema\\\/person\\\/1d0f6e223ccea9e3f9034c1a5b683bf2\"},\"headline\":\"Gimnasia: con todo a la Copa Argentina y la Primera Nacional\",\"datePublished\":\"2022-05-27T15:17:50+00:00\",\"dateModified\":\"2022-05-27T15:17:55+00:00\",\"mainEntityOfPage\":{\"@id\":\"https:\\\/\\\/www.muyjujuy.com\\\/index.php\\\/2022\\\/05\\\/27\\\/gimnasia-con-todo-a-la-copa-argentina-y-la-primera-nacional\\\/\"},\"wordCount\":625,\"commentCount\":0,\"publisher\":{\"@id\":\"https:\\\/\\\/www.muyjujuy.com\\\/#organization\"},\"image\":{\"@id\":\"https:\\\/\\\/www.muyjujuy.com\\\/index.php\\\/2022\\\/05\\\/27\\\/gimnasia-con-todo-a-la-copa-argentina-y-la-primera-nacional\\\/#primaryimage\"},\"thumbnailUrl\":\"https:\\\/\\\/www.muyjujuy.com\\\/wp-content\\\/uploads\\\/2022\\\/05\\\/gimnasia-jujuy-1.webp\",\"keywords\":[\"Almirante Brown\",\"Copa Argentina\",\"Gimnasia de Jujuy\",\"Primera Nacional\"],\"articleSection\":[\"Deportes\"],\"inLanguage\":\"es-AR\",\"potentialAction\":[{\"@type\":\"CommentAction\",\"name\":\"Comment\",\"target\":[\"https:\\\/\\\/www.muyjujuy.com\\\/index.php\\\/2022\\\/05\\\/27\\\/gimnasia-con-todo-a-la-copa-argentina-y-la-primera-nacional\\\/#respond\"]}]},{\"@type\":\"WebPage\",\"@id\":\"https:\\\/\\\/www.muyjujuy.com\\\/index.php\\\/2022\\\/05\\\/27\\\/gimnasia-con-todo-a-la-copa-argentina-y-la-primera-nacional\\\/\",\"url\":\"https:\\\/\\\/www.muyjujuy.com\\\/index.php\\\/2022\\\/05\\\/27\\\/gimnasia-con-todo-a-la-copa-argentina-y-la-primera-nacional\\\/\",\"name\":\"Gimnasia: con todo a la Copa Argentina y la Primera Nacional - Muy Jujuy\",\"isPartOf\":{\"@id\":\"https:\\\/\\\/www.muyjujuy.com\\\/#website\"},\"primaryImageOfPage\":{\"@id\":\"https:\\\/\\\/www.muyjujuy.com\\\/index.php\\\/2022\\\/05\\\/27\\\/gimnasia-con-todo-a-la-copa-argentina-y-la-primera-nacional\\\/#primaryimage\"},\"image\":{\"@id\":\"https:\\\/\\\/www.muyjujuy.com\\\/index.php\\\/2022\\\/05\\\/27\\\/gimnasia-con-todo-a-la-copa-argentina-y-la-primera-nacional\\\/#primaryimage\"},\"thumbnailUrl\":\"https:\\\/\\\/www.muyjujuy.com\\\/wp-content\\\/uploads\\\/2022\\\/05\\\/gimnasia-jujuy-1.webp\",\"datePublished\":\"2022-05-27T15:17:50+00:00\",\"dateModified\":\"2022-05-27T15:17:55+00:00\",\"description\":\"El domingo recibe a Almirante Brown y el 15 de junio enfrentar\u00e1 a Racing de C\u00f3rdoba. Gimnasia va con todo a la Copa Argentina y la Primera Nacional.\",\"breadcrumb\":{\"@id\":\"https:\\\/\\\/www.muyjujuy.com\\\/index.php\\\/2022\\\/05\\\/27\\\/gimnasia-con-todo-a-la-copa-argentina-y-la-primera-nacional\\\/#breadcrumb\"},\"inLanguage\":\"es-AR\",\"potentialAction\":[{\"@type\":\"ReadAction\",\"target\":[\"https:\\\/\\\/www.muyjujuy.com\\\/index.php\\\/2022\\\/05\\\/27\\\/gimnasia-con-todo-a-la-copa-argentina-y-la-primera-nacional\\\/\"]}]},{\"@type\":\"ImageObject\",\"inLanguage\":\"es-AR\",\"@id\":\"https:\\\/\\\/www.muyjujuy.com\\\/index.php\\\/2022\\\/05\\\/27\\\/gimnasia-con-todo-a-la-copa-argentina-y-la-primera-nacional\\\/#primaryimage\",\"url\":\"https:\\\/\\\/www.muyjujuy.com\\\/wp-content\\\/uploads\\\/2022\\\/05\\\/gimnasia-jujuy-1.webp\",\"contentUrl\":\"https:\\\/\\\/www.muyjujuy.com\\\/wp-content\\\/uploads\\\/2022\\\/05\\\/gimnasia-jujuy-1.webp\",\"width\":1200,\"height\":900,\"caption\":\"imagen: copaargentina.org\"},{\"@type\":\"BreadcrumbList\",\"@id\":\"https:\\\/\\\/www.muyjujuy.com\\\/index.php\\\/2022\\\/05\\\/27\\\/gimnasia-con-todo-a-la-copa-argentina-y-la-primera-nacional\\\/#breadcrumb\",\"itemListElement\":[{\"@type\":\"ListItem\",\"position\":1,\"name\":\"Inicio\",\"item\":\"https:\\\/\\\/www.muyjujuy.com\\\/\"},{\"@type\":\"ListItem\",\"position\":2,\"name\":\"Gimnasia: con todo a la Copa Argentina y la Primera Nacional\"}]},{\"@type\":\"WebSite\",\"@id\":\"https:\\\/\\\/www.muyjujuy.com\\\/#website\",\"url\":\"https:\\\/\\\/www.muyjujuy.com\\\/\",\"name\":\"Muy Jujuy\",\"description\":\"\",\"publisher\":{\"@id\":\"https:\\\/\\\/www.muyjujuy.com\\\/#organization\"},\"potentialAction\":[{\"@type\":\"SearchAction\",\"target\":{\"@type\":\"EntryPoint\",\"urlTemplate\":\"https:\\\/\\\/www.muyjujuy.com\\\/?s={search_term_string}\"},\"query-input\":{\"@type\":\"PropertyValueSpecification\",\"valueRequired\":true,\"valueName\":\"search_term_string\"}}],\"inLanguage\":\"es-AR\"},{\"@type\":\"Organization\",\"@id\":\"https:\\\/\\\/www.muyjujuy.com\\\/#organization\",\"name\":\"Muy Jujuy\",\"url\":\"https:\\\/\\\/www.muyjujuy.com\\\/\",\"logo\":{\"@type\":\"ImageObject\",\"inLanguage\":\"es-AR\",\"@id\":\"https:\\\/\\\/www.muyjujuy.com\\\/#\\\/schema\\\/logo\\\/image\\\/\",\"url\":\"http:\\\/\\\/www.muyjujuy.com\\\/wp-content\\\/uploads\\\/2022\\\/05\\\/logo-mobil-jujuy.png\",\"contentUrl\":\"http:\\\/\\\/www.muyjujuy.com\\\/wp-content\\\/uploads\\\/2022\\\/05\\\/logo-mobil-jujuy.png\",\"width\":174,\"height\":81,\"caption\":\"Muy Jujuy\"},\"image\":{\"@id\":\"https:\\\/\\\/www.muyjujuy.com\\\/#\\\/schema\\\/logo\\\/image\\\/\"},\"sameAs\":[\"https:\\\/\\\/www.facebook.com\\\/muyjujuycom\",\"https:\\\/\\\/x.com\\\/muyjujuy\",\"https:\\\/\\\/www.instagram.com\\\/muyjujuycom\"]},{\"@type\":\"Person\",\"@id\":\"https:\\\/\\\/www.muyjujuy.com\\\/#\\\/schema\\\/person\\\/1d0f6e223ccea9e3f9034c1a5b683bf2\",\"name\":\"Redacci\u00f3n Muy Jujuy\",\"image\":{\"@type\":\"ImageObject\",\"inLanguage\":\"es-AR\",\"@id\":\"https:\\\/\\\/secure.gravatar.com\\\/avatar\\\/fec5f6f1893d741ed5eecccff109ce43e67a855411202a3212a058cb8e5c27d4?s=96&d=mm&r=g\",\"url\":\"https:\\\/\\\/secure.gravatar.com\\\/avatar\\\/fec5f6f1893d741ed5eecccff109ce43e67a855411202a3212a058cb8e5c27d4?s=96&d=mm&r=g\",\"contentUrl\":\"https:\\\/\\\/secure.gravatar.com\\\/avatar\\\/fec5f6f1893d741ed5eecccff109ce43e67a855411202a3212a058cb8e5c27d4?s=96&d=mm&r=g\",\"caption\":\"Redacci\u00f3n Muy Jujuy\"},\"url\":\"https:\\\/\\\/www.muyjujuy.com\\\/index.php\\\/author\\\/editor\\\/\"}]}<\/script>\n<!-- \/ Yoast SEO plugin. -->","yoast_head_json":{"title":"Gimnasia: con todo a la Copa Argentina y la Primera Nacional - Muy Jujuy","description":"El domingo recibe a Almirante Brown y el 15 de junio enfrentar\u00e1 a Racing de C\u00f3rdoba. Gimnasia va con todo a la Copa Argentina y la Primera Nacional.","robots":{"index":"index","follow":"follow","max-snippet":"max-snippet:-1","max-image-preview":"max-image-preview:large","max-video-preview":"max-video-preview:-1"},"canonical":"https:\/\/www.muyjujuy.com\/index.php\/2022\/05\/27\/gimnasia-con-todo-a-la-copa-argentina-y-la-primera-nacional\/","og_locale":"es_ES","og_type":"article","og_title":"Gimnasia: con todo a la Copa Argentina y la Primera Nacional - Muy Jujuy","og_description":"El domingo recibe a Almirante Brown y el 15 de junio enfrentar\u00e1 a Racing de C\u00f3rdoba. Gimnasia va con todo a la Copa Argentina y la Primera Nacional.","og_url":"https:\/\/www.muyjujuy.com\/index.php\/2022\/05\/27\/gimnasia-con-todo-a-la-copa-argentina-y-la-primera-nacional\/","og_site_name":"Muy Jujuy","article_publisher":"https:\/\/www.facebook.com\/muyjujuycom","article_published_time":"2022-05-27T15:17:50+00:00","article_modified_time":"2022-05-27T15:17:55+00:00","og_image":[{"width":1200,"height":900,"url":"https:\/\/www.muyjujuy.com\/wp-content\/uploads\/2022\/05\/gimnasia-jujuy-1.webp","type":"image\/webp"}],"author":"Redacci\u00f3n Muy Jujuy","twitter_card":"summary_large_image","twitter_creator":"@muyjujuy","twitter_site":"@muyjujuy","twitter_misc":{"Escrito por":"Redacci\u00f3n Muy Jujuy","Tiempo de lectura":"3 minutos"},"schema":{"@context":"https:\/\/schema.org","@graph":[{"@type":"Article","@id":"https:\/\/www.muyjujuy.com\/index.php\/2022\/05\/27\/gimnasia-con-todo-a-la-copa-argentina-y-la-primera-nacional\/#article","isPartOf":{"@id":"https:\/\/www.muyjujuy.com\/index.php\/2022\/05\/27\/gimnasia-con-todo-a-la-copa-argentina-y-la-primera-nacional\/"},"author":{"name":"Redacci\u00f3n Muy Jujuy","@id":"https:\/\/www.muyjujuy.com\/#\/schema\/person\/1d0f6e223ccea9e3f9034c1a5b683bf2"},"headline":"Gimnasia: con todo a la Copa Argentina y la Primera Nacional","datePublished":"2022-05-27T15:17:50+00:00","dateModified":"2022-05-27T15:17:55+00:00","mainEntityOfPage":{"@id":"https:\/\/www.muyjujuy.com\/index.php\/2022\/05\/27\/gimnasia-con-todo-a-la-copa-argentina-y-la-primera-nacional\/"},"wordCount":625,"commentCount":0,"publisher":{"@id":"https:\/\/www.muyjujuy.com\/#organization"},"image":{"@id":"https:\/\/www.muyjujuy.com\/index.php\/2022\/05\/27\/gimnasia-con-todo-a-la-copa-argentina-y-la-primera-nacional\/#primaryimage"},"thumbnailUrl":"https:\/\/www.muyjujuy.com\/wp-content\/uploads\/2022\/05\/gimnasia-jujuy-1.webp","keywords":["Almirante Brown","Copa Argentina","Gimnasia de Jujuy","Primera Nacional"],"articleSection":["Deportes"],"inLanguage":"es-AR","potentialAction":[{"@type":"CommentAction","name":"Comment","target":["https:\/\/www.muyjujuy.com\/index.php\/2022\/05\/27\/gimnasia-con-todo-a-la-copa-argentina-y-la-primera-nacional\/#respond"]}]},{"@type":"WebPage","@id":"https:\/\/www.muyjujuy.com\/index.php\/2022\/05\/27\/gimnasia-con-todo-a-la-copa-argentina-y-la-primera-nacional\/","url":"https:\/\/www.muyjujuy.com\/index.php\/2022\/05\/27\/gimnasia-con-todo-a-la-copa-argentina-y-la-primera-nacional\/","name":"Gimnasia: con todo a la Copa Argentina y la Primera Nacional - Muy Jujuy","isPartOf":{"@id":"https:\/\/www.muyjujuy.com\/#website"},"primaryImageOfPage":{"@id":"https:\/\/www.muyjujuy.com\/index.php\/2022\/05\/27\/gimnasia-con-todo-a-la-copa-argentina-y-la-primera-nacional\/#primaryimage"},"image":{"@id":"https:\/\/www.muyjujuy.com\/index.php\/2022\/05\/27\/gimnasia-con-todo-a-la-copa-argentina-y-la-primera-nacional\/#primaryimage"},"thumbnailUrl":"https:\/\/www.muyjujuy.com\/wp-content\/uploads\/2022\/05\/gimnasia-jujuy-1.webp","datePublished":"2022-05-27T15:17:50+00:00","dateModified":"2022-05-27T15:17:55+00:00","description":"El domingo recibe a Almirante Brown y el 15 de junio enfrentar\u00e1 a Racing de C\u00f3rdoba. Gimnasia va con todo a la Copa Argentina y la Primera Nacional.","breadcrumb":{"@id":"https:\/\/www.muyjujuy.com\/index.php\/2022\/05\/27\/gimnasia-con-todo-a-la-copa-argentina-y-la-primera-nacional\/#breadcrumb"},"inLanguage":"es-AR","potentialAction":[{"@type":"ReadAction","target":["https:\/\/www.muyjujuy.com\/index.php\/2022\/05\/27\/gimnasia-con-todo-a-la-copa-argentina-y-la-primera-nacional\/"]}]},{"@type":"ImageObject","inLanguage":"es-AR","@id":"https:\/\/www.muyjujuy.com\/index.php\/2022\/05\/27\/gimnasia-con-todo-a-la-copa-argentina-y-la-primera-nacional\/#primaryimage","url":"https:\/\/www.muyjujuy.com\/wp-content\/uploads\/2022\/05\/gimnasia-jujuy-1.webp","contentUrl":"https:\/\/www.muyjujuy.com\/wp-content\/uploads\/2022\/05\/gimnasia-jujuy-1.webp","width":1200,"height":900,"caption":"imagen: copaargentina.org"},{"@type":"BreadcrumbList","@id":"https:\/\/www.muyjujuy.com\/index.php\/2022\/05\/27\/gimnasia-con-todo-a-la-copa-argentina-y-la-primera-nacional\/#breadcrumb","itemListElement":[{"@type":"ListItem","position":1,"name":"Inicio","item":"https:\/\/www.muyjujuy.com\/"},{"@type":"ListItem","position":2,"name":"Gimnasia: con todo a la Copa Argentina y la Primera Nacional"}]},{"@type":"WebSite","@id":"https:\/\/www.muyjujuy.com\/#website","url":"https:\/\/www.muyjujuy.com\/","name":"Muy Jujuy","description":"","publisher":{"@id":"https:\/\/www.muyjujuy.com\/#organization"},"potentialAction":[{"@type":"SearchAction","target":{"@type":"EntryPoint","urlTemplate":"https:\/\/www.muyjujuy.com\/?s={search_term_string}"},"query-input":{"@type":"PropertyValueSpecification","valueRequired":true,"valueName":"search_term_string"}}],"inLanguage":"es-AR"},{"@type":"Organization","@id":"https:\/\/www.muyjujuy.com\/#organization","name":"Muy Jujuy","url":"https:\/\/www.muyjujuy.com\/","logo":{"@type":"ImageObject","inLanguage":"es-AR","@id":"https:\/\/www.muyjujuy.com\/#\/schema\/logo\/image\/","url":"http:\/\/www.muyjujuy.com\/wp-content\/uploads\/2022\/05\/logo-mobil-jujuy.png","contentUrl":"http:\/\/www.muyjujuy.com\/wp-content\/uploads\/2022\/05\/logo-mobil-jujuy.png","width":174,"height":81,"caption":"Muy Jujuy"},"image":{"@id":"https:\/\/www.muyjujuy.com\/#\/schema\/logo\/image\/"},"sameAs":["https:\/\/www.facebook.com\/muyjujuycom","https:\/\/x.com\/muyjujuy","https:\/\/www.instagram.com\/muyjujuycom"]},{"@type":"Person","@id":"https:\/\/www.muyjujuy.com\/#\/schema\/person\/1d0f6e223ccea9e3f9034c1a5b683bf2","name":"Redacci\u00f3n Muy Jujuy","image":{"@type":"ImageObject","inLanguage":"es-AR","@id":"https:\/\/secure.gravatar.com\/avatar\/fec5f6f1893d741ed5eecccff109ce43e67a855411202a3212a058cb8e5c27d4?s=96&d=mm&r=g","url":"https:\/\/secure.gravatar.com\/avatar\/fec5f6f1893d741ed5eecccff109ce43e67a855411202a3212a058cb8e5c27d4?s=96&d=mm&r=g","contentUrl":"https:\/\/secure.gravatar.com\/avatar\/fec5f6f1893d741ed5eecccff109ce43e67a855411202a3212a058cb8e5c27d4?s=96&d=mm&r=g","caption":"Redacci\u00f3n Muy Jujuy"},"url":"https:\/\/www.muyjujuy.com\/index.php\/author\/editor\/"}]}},"_links":{"self":[{"href":"https:\/\/www.muyjujuy.com\/index.php\/wp-json\/wp\/v2\/posts\/361","targetHints":{"allow":["GET"]}}],"collection":[{"href":"https:\/\/www.muyjujuy.com\/index.php\/wp-json\/wp\/v2\/posts"}],"about":[{"href":"https:\/\/www.muyjujuy.com\/index.php\/wp-json\/wp\/v2\/types\/post"}],"author":[{"embeddable":true,"href":"https:\/\/www.muyjujuy.com\/index.php\/wp-json\/wp\/v2\/users\/3"}],"replies":[{"embeddable":true,"href":"https:\/\/www.muyjujuy.com\/index.php\/wp-json\/wp\/v2\/comments?post=361"}],"version-history":[{"count":2,"href":"https:\/\/www.muyjujuy.com\/index.php\/wp-json\/wp\/v2\/posts\/361\/revisions"}],"predecessor-version":[{"id":365,"href":"https:\/\/www.muyjujuy.com\/index.php\/wp-json\/wp\/v2\/posts\/361\/revisions\/365"}],"wp:featuredmedia":[{"embeddable":true,"href":"https:\/\/www.muyjujuy.com\/index.php\/wp-json\/wp\/v2\/media\/364"}],"wp:attachment":[{"href":"https:\/\/www.muyjujuy.com\/index.php\/wp-json\/wp\/v2\/media?parent=361"}],"wp:term":[{"taxonomy":"category","embeddable":true,"href":"https:\/\/www.muyjujuy.com\/index.php\/wp-json\/wp\/v2\/categories?post=361"},{"taxonomy":"post_tag","embeddable":true,"href":"https:\/\/www.muyjujuy.com\/index.php\/wp-json\/wp\/v2\/tags?post=361"}],"curies":[{"name":"wp","href":"https:\/\/api.w.org\/{rel}","templated":true}]}}