{"id":378,"date":"2022-05-28T13:37:27","date_gmt":"2022-05-28T16:37:27","guid":{"rendered":"https:\/\/www.muyjujuy.com\/?p=378"},"modified":"2022-05-28T13:39:08","modified_gmt":"2022-05-28T16:39:08","slug":"jujuy-despide-a-un-grande","status":"publish","type":"post","link":"https:\/\/www.muyjujuy.com\/index.php\/2022\/05\/28\/jujuy-despide-a-un-grande\/","title":{"rendered":"Jujuy despide a un grande"},"content":{"rendered":"\n<p>Fue profesor en Deportea (Instituto de Periodismo Deportivo de Jujuy). Tambi\u00e9n ense\u00f1\u00f3 Educaci\u00f3n F\u00edsica en el Colegio Nacional N\u00ba1, el Comercial N\u00ba1. Adem\u00e1s ejerci\u00f3 la funci\u00f3n de Diputado Provincial por la UCR. El dolor por la sentida partida se hizo notar en las redes sociales. Jujuy despide a un grande. <\/p>\n\n\n\n<figure class=\"wp-block-image size-full is-resized\"><img loading=\"lazy\" decoding=\"async\" src=\"https:\/\/www.muyjujuy.com\/wp-content\/uploads\/2022\/05\/jklj.jpg\" alt=\"\" class=\"wp-image-379\" width=\"603\" height=\"344\" srcset=\"https:\/\/www.muyjujuy.com\/wp-content\/uploads\/2022\/05\/jklj.jpg 603w, https:\/\/www.muyjujuy.com\/wp-content\/uploads\/2022\/05\/jklj-300x171.jpg 300w, https:\/\/www.muyjujuy.com\/wp-content\/uploads\/2022\/05\/jklj-150x86.jpg 150w\" sizes=\"auto, (max-width: 603px) 100vw, 603px\" \/><figcaption>Jujuy despide a un grande. Imagen El Tribuno.<\/figcaption><\/figure>\n\n\n\n<p>&nbsp;<\/p>\n\n\n\n<p>Se trata de Gregorio &#8220;Goyo&#8221; Tolaba quien padec\u00eda un problema de salud que agrav\u00f3 su estado y acab\u00f3 con su vida. Goyo ten\u00eda 69 a\u00f1os y sufri\u00f3 un infarto en la madrugada del viernes. El destacado profesor de Educaci\u00f3n F\u00edsica en el Colegio N\u00b01 Teodoro S\u00e1nchez de Bustamante, entre otros hab\u00eda asumido en 2004 como diputado provincial de Jujuy.<\/p>\n\n\n\n<h2 class=\"wp-block-heading\">Jujuy despide a un grande: pesar en el \u00e1mbito educativo<\/h2>\n\n\n\n<p>Tras conocerse la noticia, todo el \u00e1rea educativa de la Provincia sinti\u00f3 el golpe. Tolaba fue un pedagogo caracterizado por un humor simple, su amabilidad y predisposici\u00f3n constante al aprendizaje. No tard\u00f3 mucho en notarse la tristeza de sus allegados, colegas y ex alumnos que inundaron las redes sociales. Luto y respeto para recordar al gran &#8220;Goyo&#8221; Tolaba. &#8220;Gracias Goyo, hombre respetado y muy querido. Simplemente gracias. Q.e.p.d. profe&#8221; public\u00f3 un usuario en una reconocida red social. <\/p>\n\n\n\n<p>Sin dudas que la partida del referente educativo y pol\u00edtico deja de lado la grieta. Gregorio Goyo Tolaba fue un impulsor de la sana competencia. En sus clases pregonaba el esp\u00edritu de equipo y valores. La huella de Goyo quedar\u00e1 para siempre en cada lugar por el que particip\u00f3. Generoso, humilde, con vocaci\u00f3n y maestr\u00eda, Tolaba se gan\u00f3 el respeto de la comunidad educativa. Un m\u00e9rito que en tiempos de divisiones y encrucijadas violentas pone en relieve la importancia de la educaci\u00f3n. <\/p>\n\n\n\n<p>Por \u00faltimo, record\u00e1 informarte sobre todo lo que sucede en la provincia de Jujuy, en el pa\u00eds y en el mundo en&nbsp;<a href=\"https:\/\/muyjujuy.com\/\">Muy Jujuy<\/a><\/p>\n","protected":false},"excerpt":{"rendered":"<p>Fue profesor en Deportea (Instituto de Periodismo Deportivo de Jujuy). Tambi\u00e9n ense\u00f1\u00f3 Educaci\u00f3n F\u00edsica en el Colegio Nacional N\u00ba1, el Comercial N\u00ba1. Adem\u00e1s ejerci\u00f3 la funci\u00f3n de Diputado Provincial por la UCR. El dolor por la sentida partida se hizo notar en las redes sociales. Jujuy despide a un grande. &nbsp; Se trata de Gregorio [&hellip;]<\/p>\n","protected":false},"author":3,"featured_media":380,"comment_status":"open","ping_status":"open","sticky":false,"template":"","format":"standard","meta":{"footnotes":""},"categories":[25],"tags":[492,544,8],"class_list":{"0":"post-378","1":"post","2":"type-post","3":"status-publish","4":"format-standard","5":"has-post-thumbnail","7":"category-sociedad","8":"tag-educacion","9":"tag-goyo-tolaba","10":"tag-jujuy"},"yoast_head":"<!-- This site is optimized with the Yoast SEO plugin v27.5 - https:\/\/yoast.com\/product\/yoast-seo-wordpress\/ -->\n<title>Jujuy despide a un grande - Muy Jujuy Sociedad<\/title>\n<meta name=\"description\" content=\"Fue profesor de Educaci\u00f3n F\u00edsica en el Colegio Nacional N\u00ba1, el Comercial N\u00ba1 y Diputado Provincial por la UCR. Jujuy despide a un grande.\" \/>\n<meta name=\"robots\" content=\"index, follow, max-snippet:-1, max-image-preview:large, max-video-preview:-1\" \/>\n<link rel=\"canonical\" href=\"https:\/\/www.muyjujuy.com\/index.php\/2022\/05\/28\/jujuy-despide-a-un-grande\/\" \/>\n<meta property=\"og:locale\" content=\"es_ES\" \/>\n<meta property=\"og:type\" content=\"article\" \/>\n<meta property=\"og:title\" content=\"Jujuy despide a un grande - Muy Jujuy Sociedad\" \/>\n<meta property=\"og:description\" content=\"Fue profesor de Educaci\u00f3n F\u00edsica en el Colegio Nacional N\u00ba1, el Comercial N\u00ba1 y Diputado Provincial por la UCR. Jujuy despide a un grande.\" \/>\n<meta property=\"og:url\" content=\"https:\/\/www.muyjujuy.com\/index.php\/2022\/05\/28\/jujuy-despide-a-un-grande\/\" \/>\n<meta property=\"og:site_name\" content=\"Muy Jujuy\" \/>\n<meta property=\"article:publisher\" content=\"https:\/\/www.facebook.com\/muyjujuycom\" \/>\n<meta property=\"article:published_time\" content=\"2022-05-28T16:37:27+00:00\" \/>\n<meta property=\"article:modified_time\" content=\"2022-05-28T16:39:08+00:00\" \/>\n<meta property=\"og:image\" content=\"https:\/\/www.muyjujuy.com\/wp-content\/uploads\/2022\/05\/el-trib.jpg\" \/>\n\t<meta property=\"og:image:width\" content=\"837\" \/>\n\t<meta property=\"og:image:height\" content=\"478\" \/>\n\t<meta property=\"og:image:type\" content=\"image\/jpeg\" \/>\n<meta name=\"author\" content=\"Redacci\u00f3n Muy Jujuy\" \/>\n<meta name=\"twitter:card\" content=\"summary_large_image\" \/>\n<meta name=\"twitter:creator\" content=\"@muyjujuy\" \/>\n<meta name=\"twitter:site\" content=\"@muyjujuy\" \/>\n<meta name=\"twitter:label1\" content=\"Escrito por\" \/>\n\t<meta name=\"twitter:data1\" content=\"Redacci\u00f3n Muy Jujuy\" \/>\n\t<meta name=\"twitter:label2\" content=\"Tiempo de lectura\" \/>\n\t<meta name=\"twitter:data2\" content=\"2 minutos\" \/>\n<script type=\"application\/ld+json\" class=\"yoast-schema-graph\">{\"@context\":\"https:\\\/\\\/schema.org\",\"@graph\":[{\"@type\":\"Article\",\"@id\":\"https:\\\/\\\/www.muyjujuy.com\\\/index.php\\\/2022\\\/05\\\/28\\\/jujuy-despide-a-un-grande\\\/#article\",\"isPartOf\":{\"@id\":\"https:\\\/\\\/www.muyjujuy.com\\\/index.php\\\/2022\\\/05\\\/28\\\/jujuy-despide-a-un-grande\\\/\"},\"author\":{\"name\":\"Redacci\u00f3n Muy Jujuy\",\"@id\":\"https:\\\/\\\/www.muyjujuy.com\\\/#\\\/schema\\\/person\\\/1d0f6e223ccea9e3f9034c1a5b683bf2\"},\"headline\":\"Jujuy despide a un grande\",\"datePublished\":\"2022-05-28T16:37:27+00:00\",\"dateModified\":\"2022-05-28T16:39:08+00:00\",\"mainEntityOfPage\":{\"@id\":\"https:\\\/\\\/www.muyjujuy.com\\\/index.php\\\/2022\\\/05\\\/28\\\/jujuy-despide-a-un-grande\\\/\"},\"wordCount\":338,\"commentCount\":0,\"publisher\":{\"@id\":\"https:\\\/\\\/www.muyjujuy.com\\\/#organization\"},\"image\":{\"@id\":\"https:\\\/\\\/www.muyjujuy.com\\\/index.php\\\/2022\\\/05\\\/28\\\/jujuy-despide-a-un-grande\\\/#primaryimage\"},\"thumbnailUrl\":\"https:\\\/\\\/www.muyjujuy.com\\\/wp-content\\\/uploads\\\/2022\\\/05\\\/el-trib.jpg\",\"keywords\":[\"Educaci\u00f3n\",\"Goyo Tolaba\",\"Jujuy\"],\"articleSection\":[\"Sociedad\"],\"inLanguage\":\"es-AR\",\"potentialAction\":[{\"@type\":\"CommentAction\",\"name\":\"Comment\",\"target\":[\"https:\\\/\\\/www.muyjujuy.com\\\/index.php\\\/2022\\\/05\\\/28\\\/jujuy-despide-a-un-grande\\\/#respond\"]}]},{\"@type\":\"WebPage\",\"@id\":\"https:\\\/\\\/www.muyjujuy.com\\\/index.php\\\/2022\\\/05\\\/28\\\/jujuy-despide-a-un-grande\\\/\",\"url\":\"https:\\\/\\\/www.muyjujuy.com\\\/index.php\\\/2022\\\/05\\\/28\\\/jujuy-despide-a-un-grande\\\/\",\"name\":\"Jujuy despide a un grande - Muy Jujuy Sociedad\",\"isPartOf\":{\"@id\":\"https:\\\/\\\/www.muyjujuy.com\\\/#website\"},\"primaryImageOfPage\":{\"@id\":\"https:\\\/\\\/www.muyjujuy.com\\\/index.php\\\/2022\\\/05\\\/28\\\/jujuy-despide-a-un-grande\\\/#primaryimage\"},\"image\":{\"@id\":\"https:\\\/\\\/www.muyjujuy.com\\\/index.php\\\/2022\\\/05\\\/28\\\/jujuy-despide-a-un-grande\\\/#primaryimage\"},\"thumbnailUrl\":\"https:\\\/\\\/www.muyjujuy.com\\\/wp-content\\\/uploads\\\/2022\\\/05\\\/el-trib.jpg\",\"datePublished\":\"2022-05-28T16:37:27+00:00\",\"dateModified\":\"2022-05-28T16:39:08+00:00\",\"description\":\"Fue profesor de Educaci\u00f3n F\u00edsica en el Colegio Nacional N\u00ba1, el Comercial N\u00ba1 y Diputado Provincial por la UCR. Jujuy despide a un grande.\",\"breadcrumb\":{\"@id\":\"https:\\\/\\\/www.muyjujuy.com\\\/index.php\\\/2022\\\/05\\\/28\\\/jujuy-despide-a-un-grande\\\/#breadcrumb\"},\"inLanguage\":\"es-AR\",\"potentialAction\":[{\"@type\":\"ReadAction\",\"target\":[\"https:\\\/\\\/www.muyjujuy.com\\\/index.php\\\/2022\\\/05\\\/28\\\/jujuy-despide-a-un-grande\\\/\"]}]},{\"@type\":\"ImageObject\",\"inLanguage\":\"es-AR\",\"@id\":\"https:\\\/\\\/www.muyjujuy.com\\\/index.php\\\/2022\\\/05\\\/28\\\/jujuy-despide-a-un-grande\\\/#primaryimage\",\"url\":\"https:\\\/\\\/www.muyjujuy.com\\\/wp-content\\\/uploads\\\/2022\\\/05\\\/el-trib.jpg\",\"contentUrl\":\"https:\\\/\\\/www.muyjujuy.com\\\/wp-content\\\/uploads\\\/2022\\\/05\\\/el-trib.jpg\",\"width\":837,\"height\":478,\"caption\":\"imagen: El Tribuno.\"},{\"@type\":\"BreadcrumbList\",\"@id\":\"https:\\\/\\\/www.muyjujuy.com\\\/index.php\\\/2022\\\/05\\\/28\\\/jujuy-despide-a-un-grande\\\/#breadcrumb\",\"itemListElement\":[{\"@type\":\"ListItem\",\"position\":1,\"name\":\"Inicio\",\"item\":\"https:\\\/\\\/www.muyjujuy.com\\\/\"},{\"@type\":\"ListItem\",\"position\":2,\"name\":\"Jujuy despide a un grande\"}]},{\"@type\":\"WebSite\",\"@id\":\"https:\\\/\\\/www.muyjujuy.com\\\/#website\",\"url\":\"https:\\\/\\\/www.muyjujuy.com\\\/\",\"name\":\"Muy Jujuy\",\"description\":\"\",\"publisher\":{\"@id\":\"https:\\\/\\\/www.muyjujuy.com\\\/#organization\"},\"potentialAction\":[{\"@type\":\"SearchAction\",\"target\":{\"@type\":\"EntryPoint\",\"urlTemplate\":\"https:\\\/\\\/www.muyjujuy.com\\\/?s={search_term_string}\"},\"query-input\":{\"@type\":\"PropertyValueSpecification\",\"valueRequired\":true,\"valueName\":\"search_term_string\"}}],\"inLanguage\":\"es-AR\"},{\"@type\":\"Organization\",\"@id\":\"https:\\\/\\\/www.muyjujuy.com\\\/#organization\",\"name\":\"Muy Jujuy\",\"url\":\"https:\\\/\\\/www.muyjujuy.com\\\/\",\"logo\":{\"@type\":\"ImageObject\",\"inLanguage\":\"es-AR\",\"@id\":\"https:\\\/\\\/www.muyjujuy.com\\\/#\\\/schema\\\/logo\\\/image\\\/\",\"url\":\"http:\\\/\\\/www.muyjujuy.com\\\/wp-content\\\/uploads\\\/2022\\\/05\\\/logo-mobil-jujuy.png\",\"contentUrl\":\"http:\\\/\\\/www.muyjujuy.com\\\/wp-content\\\/uploads\\\/2022\\\/05\\\/logo-mobil-jujuy.png\",\"width\":174,\"height\":81,\"caption\":\"Muy Jujuy\"},\"image\":{\"@id\":\"https:\\\/\\\/www.muyjujuy.com\\\/#\\\/schema\\\/logo\\\/image\\\/\"},\"sameAs\":[\"https:\\\/\\\/www.facebook.com\\\/muyjujuycom\",\"https:\\\/\\\/x.com\\\/muyjujuy\",\"https:\\\/\\\/www.instagram.com\\\/muyjujuycom\"]},{\"@type\":\"Person\",\"@id\":\"https:\\\/\\\/www.muyjujuy.com\\\/#\\\/schema\\\/person\\\/1d0f6e223ccea9e3f9034c1a5b683bf2\",\"name\":\"Redacci\u00f3n Muy Jujuy\",\"image\":{\"@type\":\"ImageObject\",\"inLanguage\":\"es-AR\",\"@id\":\"https:\\\/\\\/secure.gravatar.com\\\/avatar\\\/fec5f6f1893d741ed5eecccff109ce43e67a855411202a3212a058cb8e5c27d4?s=96&d=mm&r=g\",\"url\":\"https:\\\/\\\/secure.gravatar.com\\\/avatar\\\/fec5f6f1893d741ed5eecccff109ce43e67a855411202a3212a058cb8e5c27d4?s=96&d=mm&r=g\",\"contentUrl\":\"https:\\\/\\\/secure.gravatar.com\\\/avatar\\\/fec5f6f1893d741ed5eecccff109ce43e67a855411202a3212a058cb8e5c27d4?s=96&d=mm&r=g\",\"caption\":\"Redacci\u00f3n Muy Jujuy\"},\"url\":\"https:\\\/\\\/www.muyjujuy.com\\\/index.php\\\/author\\\/editor\\\/\"}]}<\/script>\n<!-- \/ Yoast SEO plugin. -->","yoast_head_json":{"title":"Jujuy despide a un grande - Muy Jujuy Sociedad","description":"Fue profesor de Educaci\u00f3n F\u00edsica en el Colegio Nacional N\u00ba1, el Comercial N\u00ba1 y Diputado Provincial por la UCR. Jujuy despide a un grande.","robots":{"index":"index","follow":"follow","max-snippet":"max-snippet:-1","max-image-preview":"max-image-preview:large","max-video-preview":"max-video-preview:-1"},"canonical":"https:\/\/www.muyjujuy.com\/index.php\/2022\/05\/28\/jujuy-despide-a-un-grande\/","og_locale":"es_ES","og_type":"article","og_title":"Jujuy despide a un grande - Muy Jujuy Sociedad","og_description":"Fue profesor de Educaci\u00f3n F\u00edsica en el Colegio Nacional N\u00ba1, el Comercial N\u00ba1 y Diputado Provincial por la UCR. Jujuy despide a un grande.","og_url":"https:\/\/www.muyjujuy.com\/index.php\/2022\/05\/28\/jujuy-despide-a-un-grande\/","og_site_name":"Muy Jujuy","article_publisher":"https:\/\/www.facebook.com\/muyjujuycom","article_published_time":"2022-05-28T16:37:27+00:00","article_modified_time":"2022-05-28T16:39:08+00:00","og_image":[{"width":837,"height":478,"url":"https:\/\/www.muyjujuy.com\/wp-content\/uploads\/2022\/05\/el-trib.jpg","type":"image\/jpeg"}],"author":"Redacci\u00f3n Muy Jujuy","twitter_card":"summary_large_image","twitter_creator":"@muyjujuy","twitter_site":"@muyjujuy","twitter_misc":{"Escrito por":"Redacci\u00f3n Muy Jujuy","Tiempo de lectura":"2 minutos"},"schema":{"@context":"https:\/\/schema.org","@graph":[{"@type":"Article","@id":"https:\/\/www.muyjujuy.com\/index.php\/2022\/05\/28\/jujuy-despide-a-un-grande\/#article","isPartOf":{"@id":"https:\/\/www.muyjujuy.com\/index.php\/2022\/05\/28\/jujuy-despide-a-un-grande\/"},"author":{"name":"Redacci\u00f3n Muy Jujuy","@id":"https:\/\/www.muyjujuy.com\/#\/schema\/person\/1d0f6e223ccea9e3f9034c1a5b683bf2"},"headline":"Jujuy despide a un grande","datePublished":"2022-05-28T16:37:27+00:00","dateModified":"2022-05-28T16:39:08+00:00","mainEntityOfPage":{"@id":"https:\/\/www.muyjujuy.com\/index.php\/2022\/05\/28\/jujuy-despide-a-un-grande\/"},"wordCount":338,"commentCount":0,"publisher":{"@id":"https:\/\/www.muyjujuy.com\/#organization"},"image":{"@id":"https:\/\/www.muyjujuy.com\/index.php\/2022\/05\/28\/jujuy-despide-a-un-grande\/#primaryimage"},"thumbnailUrl":"https:\/\/www.muyjujuy.com\/wp-content\/uploads\/2022\/05\/el-trib.jpg","keywords":["Educaci\u00f3n","Goyo Tolaba","Jujuy"],"articleSection":["Sociedad"],"inLanguage":"es-AR","potentialAction":[{"@type":"CommentAction","name":"Comment","target":["https:\/\/www.muyjujuy.com\/index.php\/2022\/05\/28\/jujuy-despide-a-un-grande\/#respond"]}]},{"@type":"WebPage","@id":"https:\/\/www.muyjujuy.com\/index.php\/2022\/05\/28\/jujuy-despide-a-un-grande\/","url":"https:\/\/www.muyjujuy.com\/index.php\/2022\/05\/28\/jujuy-despide-a-un-grande\/","name":"Jujuy despide a un grande - Muy Jujuy Sociedad","isPartOf":{"@id":"https:\/\/www.muyjujuy.com\/#website"},"primaryImageOfPage":{"@id":"https:\/\/www.muyjujuy.com\/index.php\/2022\/05\/28\/jujuy-despide-a-un-grande\/#primaryimage"},"image":{"@id":"https:\/\/www.muyjujuy.com\/index.php\/2022\/05\/28\/jujuy-despide-a-un-grande\/#primaryimage"},"thumbnailUrl":"https:\/\/www.muyjujuy.com\/wp-content\/uploads\/2022\/05\/el-trib.jpg","datePublished":"2022-05-28T16:37:27+00:00","dateModified":"2022-05-28T16:39:08+00:00","description":"Fue profesor de Educaci\u00f3n F\u00edsica en el Colegio Nacional N\u00ba1, el Comercial N\u00ba1 y Diputado Provincial por la UCR. Jujuy despide a un grande.","breadcrumb":{"@id":"https:\/\/www.muyjujuy.com\/index.php\/2022\/05\/28\/jujuy-despide-a-un-grande\/#breadcrumb"},"inLanguage":"es-AR","potentialAction":[{"@type":"ReadAction","target":["https:\/\/www.muyjujuy.com\/index.php\/2022\/05\/28\/jujuy-despide-a-un-grande\/"]}]},{"@type":"ImageObject","inLanguage":"es-AR","@id":"https:\/\/www.muyjujuy.com\/index.php\/2022\/05\/28\/jujuy-despide-a-un-grande\/#primaryimage","url":"https:\/\/www.muyjujuy.com\/wp-content\/uploads\/2022\/05\/el-trib.jpg","contentUrl":"https:\/\/www.muyjujuy.com\/wp-content\/uploads\/2022\/05\/el-trib.jpg","width":837,"height":478,"caption":"imagen: El Tribuno."},{"@type":"BreadcrumbList","@id":"https:\/\/www.muyjujuy.com\/index.php\/2022\/05\/28\/jujuy-despide-a-un-grande\/#breadcrumb","itemListElement":[{"@type":"ListItem","position":1,"name":"Inicio","item":"https:\/\/www.muyjujuy.com\/"},{"@type":"ListItem","position":2,"name":"Jujuy despide a un grande"}]},{"@type":"WebSite","@id":"https:\/\/www.muyjujuy.com\/#website","url":"https:\/\/www.muyjujuy.com\/","name":"Muy Jujuy","description":"","publisher":{"@id":"https:\/\/www.muyjujuy.com\/#organization"},"potentialAction":[{"@type":"SearchAction","target":{"@type":"EntryPoint","urlTemplate":"https:\/\/www.muyjujuy.com\/?s={search_term_string}"},"query-input":{"@type":"PropertyValueSpecification","valueRequired":true,"valueName":"search_term_string"}}],"inLanguage":"es-AR"},{"@type":"Organization","@id":"https:\/\/www.muyjujuy.com\/#organization","name":"Muy Jujuy","url":"https:\/\/www.muyjujuy.com\/","logo":{"@type":"ImageObject","inLanguage":"es-AR","@id":"https:\/\/www.muyjujuy.com\/#\/schema\/logo\/image\/","url":"http:\/\/www.muyjujuy.com\/wp-content\/uploads\/2022\/05\/logo-mobil-jujuy.png","contentUrl":"http:\/\/www.muyjujuy.com\/wp-content\/uploads\/2022\/05\/logo-mobil-jujuy.png","width":174,"height":81,"caption":"Muy Jujuy"},"image":{"@id":"https:\/\/www.muyjujuy.com\/#\/schema\/logo\/image\/"},"sameAs":["https:\/\/www.facebook.com\/muyjujuycom","https:\/\/x.com\/muyjujuy","https:\/\/www.instagram.com\/muyjujuycom"]},{"@type":"Person","@id":"https:\/\/www.muyjujuy.com\/#\/schema\/person\/1d0f6e223ccea9e3f9034c1a5b683bf2","name":"Redacci\u00f3n Muy Jujuy","image":{"@type":"ImageObject","inLanguage":"es-AR","@id":"https:\/\/secure.gravatar.com\/avatar\/fec5f6f1893d741ed5eecccff109ce43e67a855411202a3212a058cb8e5c27d4?s=96&d=mm&r=g","url":"https:\/\/secure.gravatar.com\/avatar\/fec5f6f1893d741ed5eecccff109ce43e67a855411202a3212a058cb8e5c27d4?s=96&d=mm&r=g","contentUrl":"https:\/\/secure.gravatar.com\/avatar\/fec5f6f1893d741ed5eecccff109ce43e67a855411202a3212a058cb8e5c27d4?s=96&d=mm&r=g","caption":"Redacci\u00f3n Muy Jujuy"},"url":"https:\/\/www.muyjujuy.com\/index.php\/author\/editor\/"}]}},"_links":{"self":[{"href":"https:\/\/www.muyjujuy.com\/index.php\/wp-json\/wp\/v2\/posts\/378","targetHints":{"allow":["GET"]}}],"collection":[{"href":"https:\/\/www.muyjujuy.com\/index.php\/wp-json\/wp\/v2\/posts"}],"about":[{"href":"https:\/\/www.muyjujuy.com\/index.php\/wp-json\/wp\/v2\/types\/post"}],"author":[{"embeddable":true,"href":"https:\/\/www.muyjujuy.com\/index.php\/wp-json\/wp\/v2\/users\/3"}],"replies":[{"embeddable":true,"href":"https:\/\/www.muyjujuy.com\/index.php\/wp-json\/wp\/v2\/comments?post=378"}],"version-history":[{"count":2,"href":"https:\/\/www.muyjujuy.com\/index.php\/wp-json\/wp\/v2\/posts\/378\/revisions"}],"predecessor-version":[{"id":384,"href":"https:\/\/www.muyjujuy.com\/index.php\/wp-json\/wp\/v2\/posts\/378\/revisions\/384"}],"wp:featuredmedia":[{"embeddable":true,"href":"https:\/\/www.muyjujuy.com\/index.php\/wp-json\/wp\/v2\/media\/380"}],"wp:attachment":[{"href":"https:\/\/www.muyjujuy.com\/index.php\/wp-json\/wp\/v2\/media?parent=378"}],"wp:term":[{"taxonomy":"category","embeddable":true,"href":"https:\/\/www.muyjujuy.com\/index.php\/wp-json\/wp\/v2\/categories?post=378"},{"taxonomy":"post_tag","embeddable":true,"href":"https:\/\/www.muyjujuy.com\/index.php\/wp-json\/wp\/v2\/tags?post=378"}],"curies":[{"name":"wp","href":"https:\/\/api.w.org\/{rel}","templated":true}]}}