{"id":447,"date":"2022-06-01T20:42:04","date_gmt":"2022-06-01T23:42:04","guid":{"rendered":"https:\/\/www.muyjujuy.com\/?p=447"},"modified":"2022-06-01T20:42:06","modified_gmt":"2022-06-01T23:42:06","slug":"estatales-tendran-un-aumento-del-60","status":"publish","type":"post","link":"https:\/\/www.muyjujuy.com\/index.php\/2022\/06\/01\/estatales-tendran-un-aumento-del-60\/","title":{"rendered":"Estatales tendr\u00e1n un aumento del 60%"},"content":{"rendered":"\n<p>La medida fue tomada por el Gobierno Nacional tras un acuerdo con los gremios. El incremento se producir\u00e1 en 5 cuotas y habr\u00e1 una revisi\u00f3n en octubre. Estatales tendr\u00e1n un aumento del 60%.<\/p>\n\n\n\n<figure class=\"wp-block-image size-full\"><img loading=\"lazy\" decoding=\"async\" width=\"768\" height=\"432\" src=\"https:\/\/www.muyjujuy.com\/wp-content\/uploads\/2022\/06\/BSLF53B7T5FUZD572NFSX5NYUU.webp\" alt=\"\" class=\"wp-image-460\" srcset=\"https:\/\/www.muyjujuy.com\/wp-content\/uploads\/2022\/06\/BSLF53B7T5FUZD572NFSX5NYUU.webp 768w, https:\/\/www.muyjujuy.com\/wp-content\/uploads\/2022\/06\/BSLF53B7T5FUZD572NFSX5NYUU-300x169.webp 300w, https:\/\/www.muyjujuy.com\/wp-content\/uploads\/2022\/06\/BSLF53B7T5FUZD572NFSX5NYUU-150x84.webp 150w, https:\/\/www.muyjujuy.com\/wp-content\/uploads\/2022\/06\/BSLF53B7T5FUZD572NFSX5NYUU-696x392.webp 696w\" sizes=\"auto, (max-width: 768px) 100vw, 768px\" \/><figcaption> Estatales tendr\u00e1n un aumento del 60%. Imagen: Infobae<\/figcaption><\/figure>\n\n\n\n<p>El colectivo de gremios de trabajadores estatales tuvo un encuentro con el Gobierno Nacional. All\u00ed acordaron un aumento salarial de 60% para el per\u00edodo junio 2022\/mayo 2023. Adem\u00e1s habr\u00e1 una instancia de revisi\u00f3n en octubre. Esto se relaciona con la evoluci\u00f3n de la inflaci\u00f3n. Cabe destacar que la mejora se abonar\u00e1 en cinco cuotas, comenzando la primera este mes. El primer aumento ser\u00e1 del 16%.<\/p>\n\n\n\n<h2 class=\"wp-block-heading\">Estatales tendr\u00e1n un aumento del 60%: el acuerdo paritario en detalle<\/h2>\n\n\n\n<p>Abajo quedan expresados los porcentajes de lo que qued\u00f3 plasmado en el acuerdo paritario:<\/p>\n\n\n\n<ul class=\"wp-block-list\"><li>16 % a partir del 1\u00b0 de junio de 2022.<\/li><li>12 % a partir del 1\u00b0 de agosto de 2022.<\/li><li>12 % a partir del 1\u00b0 de octubre de 2022.<\/li><li>10 % a partir del 1\u00b0 de enero de 2023.<\/li><li>10 % a partir del 1\u00b0 de marzo de 2023.<\/li><li><\/li><\/ul>\n\n\n\n<p>Tras las definiciones, se firm\u00f3 un acuerdo por autoridades del Ministerio de Trabajo de la Naci\u00f3n y los gremios Uni\u00f3n del Personal Civil de la Naci\u00f3n (UPCN) y la Asociaci\u00f3n Trabajadores del Estado (ATE).<\/p>\n\n\n\n<p>Se trata de una noticia que permite aliviar un poco el bolsillo de los trabajadores estatales ante la suba de precios por la inflaci\u00f3n. Hugo \u201cCachorro\u201d Godoy, secretario general de ATE cuyo gremio firm\u00f3 el acuerdo se mostr\u00f3 disconforme con el aumento. Al respecto dijo: \u201ccreemos que es insuficiente en porcentaje y en tiempo en que se dan los aumentos para igualar a la inflaci\u00f3n que se espera\u201d. <\/p>\n\n\n\n<p>Si te gust\u00f3 la nota, te puede interesar: <a href=\"https:\/\/www.muyjujuy.com\/index.php\/2022\/05\/30\/en-junio-empezaran-las-paritarias-docentes\/\">En junio empezar\u00e1n las paritarias docentes<\/a><\/p>\n\n\n\n<p><a href=\"https:\/\/www.eltribuno.com\/jujuy\/nota\/2022-5-31-21-39-0-falta-de-gasoil-suspenden-un-paro-de-transportistas-en-tucuman\"><\/a><\/p>\n\n\n\n<p>Por \u00faltimo, record\u00e1 informarte sobre todo lo que sucede en la provincia de Jujuy, en el pa\u00eds y en el mundo en&nbsp;<a href=\"https:\/\/muyjujuy.com\/\">Muy Jujuy<\/a><\/p>\n","protected":false},"excerpt":{"rendered":"<p>La medida fue tomada por el Gobierno Nacional tras un acuerdo con los gremios. El incremento se producir\u00e1 en 5 cuotas y habr\u00e1 una revisi\u00f3n en octubre. Estatales tendr\u00e1n un aumento del 60%. El colectivo de gremios de trabajadores estatales tuvo un encuentro con el Gobierno Nacional. All\u00ed acordaron un aumento salarial de 60% para [&hellip;]<\/p>\n","protected":false},"author":3,"featured_media":461,"comment_status":"open","ping_status":"open","sticky":false,"template":"","format":"standard","meta":{"footnotes":""},"categories":[24],"tags":[576,573,594,595,596],"class_list":{"0":"post-447","1":"post","2":"type-post","3":"status-publish","4":"format-standard","5":"has-post-thumbnail","7":"category-politica","8":"tag-aumento","9":"tag-estatales","10":"tag-gobierno-nacional","11":"tag-gremios","12":"tag-paritaria"},"yoast_head":"<!-- This site is optimized with the Yoast SEO plugin v27.5 - https:\/\/yoast.com\/product\/yoast-seo-wordpress\/ -->\n<title>Estatales tendr\u00e1n un aumento del 60% - Pol\u00edtica Muy Jujuy<\/title>\n<meta name=\"description\" content=\"La medida fue tomada por el Gobierno Nacional tras un acuerdo con los gremios. Un incremento en 5 cuotas. Estatales tendr\u00e1n un aumento del 60%\" \/>\n<meta name=\"robots\" content=\"index, follow, max-snippet:-1, max-image-preview:large, max-video-preview:-1\" \/>\n<link rel=\"canonical\" href=\"https:\/\/www.muyjujuy.com\/index.php\/2022\/06\/01\/estatales-tendran-un-aumento-del-60\/\" \/>\n<meta property=\"og:locale\" content=\"es_ES\" \/>\n<meta property=\"og:type\" content=\"article\" \/>\n<meta property=\"og:title\" content=\"Estatales tendr\u00e1n un aumento del 60% - Pol\u00edtica Muy Jujuy\" \/>\n<meta property=\"og:description\" content=\"La medida fue tomada por el Gobierno Nacional tras un acuerdo con los gremios. Un incremento en 5 cuotas. Estatales tendr\u00e1n un aumento del 60%\" \/>\n<meta property=\"og:url\" content=\"https:\/\/www.muyjujuy.com\/index.php\/2022\/06\/01\/estatales-tendran-un-aumento-del-60\/\" \/>\n<meta property=\"og:site_name\" content=\"Muy Jujuy\" \/>\n<meta property=\"article:publisher\" content=\"https:\/\/www.facebook.com\/muyjujuycom\" \/>\n<meta property=\"article:published_time\" content=\"2022-06-01T23:42:04+00:00\" \/>\n<meta property=\"article:modified_time\" content=\"2022-06-01T23:42:06+00:00\" \/>\n<meta property=\"og:image\" content=\"https:\/\/www.muyjujuy.com\/wp-content\/uploads\/2022\/06\/jujuyal.webp\" \/>\n\t<meta property=\"og:image:width\" content=\"1200\" \/>\n\t<meta property=\"og:image:height\" content=\"694\" \/>\n\t<meta property=\"og:image:type\" content=\"image\/webp\" \/>\n<meta name=\"author\" content=\"Redacci\u00f3n Muy Jujuy\" \/>\n<meta name=\"twitter:card\" content=\"summary_large_image\" \/>\n<meta name=\"twitter:creator\" content=\"@muyjujuy\" \/>\n<meta name=\"twitter:site\" content=\"@muyjujuy\" \/>\n<meta name=\"twitter:label1\" content=\"Escrito por\" \/>\n\t<meta name=\"twitter:data1\" content=\"Redacci\u00f3n Muy Jujuy\" \/>\n\t<meta name=\"twitter:label2\" content=\"Tiempo de lectura\" \/>\n\t<meta name=\"twitter:data2\" content=\"2 minutos\" \/>\n<script type=\"application\/ld+json\" class=\"yoast-schema-graph\">{\"@context\":\"https:\\\/\\\/schema.org\",\"@graph\":[{\"@type\":\"Article\",\"@id\":\"https:\\\/\\\/www.muyjujuy.com\\\/index.php\\\/2022\\\/06\\\/01\\\/estatales-tendran-un-aumento-del-60\\\/#article\",\"isPartOf\":{\"@id\":\"https:\\\/\\\/www.muyjujuy.com\\\/index.php\\\/2022\\\/06\\\/01\\\/estatales-tendran-un-aumento-del-60\\\/\"},\"author\":{\"name\":\"Redacci\u00f3n Muy Jujuy\",\"@id\":\"https:\\\/\\\/www.muyjujuy.com\\\/#\\\/schema\\\/person\\\/1d0f6e223ccea9e3f9034c1a5b683bf2\"},\"headline\":\"Estatales tendr\u00e1n un aumento del 60%\",\"datePublished\":\"2022-06-01T23:42:04+00:00\",\"dateModified\":\"2022-06-01T23:42:06+00:00\",\"mainEntityOfPage\":{\"@id\":\"https:\\\/\\\/www.muyjujuy.com\\\/index.php\\\/2022\\\/06\\\/01\\\/estatales-tendran-un-aumento-del-60\\\/\"},\"wordCount\":318,\"commentCount\":0,\"publisher\":{\"@id\":\"https:\\\/\\\/www.muyjujuy.com\\\/#organization\"},\"image\":{\"@id\":\"https:\\\/\\\/www.muyjujuy.com\\\/index.php\\\/2022\\\/06\\\/01\\\/estatales-tendran-un-aumento-del-60\\\/#primaryimage\"},\"thumbnailUrl\":\"https:\\\/\\\/www.muyjujuy.com\\\/wp-content\\\/uploads\\\/2022\\\/06\\\/jujuyal.webp\",\"keywords\":[\"Aumento\",\"Estatales\",\"Gobierno Nacional\",\"Gremios\",\"Paritaria\"],\"articleSection\":[\"Pol\u00edtica\"],\"inLanguage\":\"es-AR\",\"potentialAction\":[{\"@type\":\"CommentAction\",\"name\":\"Comment\",\"target\":[\"https:\\\/\\\/www.muyjujuy.com\\\/index.php\\\/2022\\\/06\\\/01\\\/estatales-tendran-un-aumento-del-60\\\/#respond\"]}]},{\"@type\":\"WebPage\",\"@id\":\"https:\\\/\\\/www.muyjujuy.com\\\/index.php\\\/2022\\\/06\\\/01\\\/estatales-tendran-un-aumento-del-60\\\/\",\"url\":\"https:\\\/\\\/www.muyjujuy.com\\\/index.php\\\/2022\\\/06\\\/01\\\/estatales-tendran-un-aumento-del-60\\\/\",\"name\":\"Estatales tendr\u00e1n un aumento del 60% - Pol\u00edtica Muy Jujuy\",\"isPartOf\":{\"@id\":\"https:\\\/\\\/www.muyjujuy.com\\\/#website\"},\"primaryImageOfPage\":{\"@id\":\"https:\\\/\\\/www.muyjujuy.com\\\/index.php\\\/2022\\\/06\\\/01\\\/estatales-tendran-un-aumento-del-60\\\/#primaryimage\"},\"image\":{\"@id\":\"https:\\\/\\\/www.muyjujuy.com\\\/index.php\\\/2022\\\/06\\\/01\\\/estatales-tendran-un-aumento-del-60\\\/#primaryimage\"},\"thumbnailUrl\":\"https:\\\/\\\/www.muyjujuy.com\\\/wp-content\\\/uploads\\\/2022\\\/06\\\/jujuyal.webp\",\"datePublished\":\"2022-06-01T23:42:04+00:00\",\"dateModified\":\"2022-06-01T23:42:06+00:00\",\"description\":\"La medida fue tomada por el Gobierno Nacional tras un acuerdo con los gremios. Un incremento en 5 cuotas. Estatales tendr\u00e1n un aumento del 60%\",\"breadcrumb\":{\"@id\":\"https:\\\/\\\/www.muyjujuy.com\\\/index.php\\\/2022\\\/06\\\/01\\\/estatales-tendran-un-aumento-del-60\\\/#breadcrumb\"},\"inLanguage\":\"es-AR\",\"potentialAction\":[{\"@type\":\"ReadAction\",\"target\":[\"https:\\\/\\\/www.muyjujuy.com\\\/index.php\\\/2022\\\/06\\\/01\\\/estatales-tendran-un-aumento-del-60\\\/\"]}]},{\"@type\":\"ImageObject\",\"inLanguage\":\"es-AR\",\"@id\":\"https:\\\/\\\/www.muyjujuy.com\\\/index.php\\\/2022\\\/06\\\/01\\\/estatales-tendran-un-aumento-del-60\\\/#primaryimage\",\"url\":\"https:\\\/\\\/www.muyjujuy.com\\\/wp-content\\\/uploads\\\/2022\\\/06\\\/jujuyal.webp\",\"contentUrl\":\"https:\\\/\\\/www.muyjujuy.com\\\/wp-content\\\/uploads\\\/2022\\\/06\\\/jujuyal.webp\",\"width\":1200,\"height\":694,\"caption\":\"Imagen: Jujuy al momento\"},{\"@type\":\"BreadcrumbList\",\"@id\":\"https:\\\/\\\/www.muyjujuy.com\\\/index.php\\\/2022\\\/06\\\/01\\\/estatales-tendran-un-aumento-del-60\\\/#breadcrumb\",\"itemListElement\":[{\"@type\":\"ListItem\",\"position\":1,\"name\":\"Inicio\",\"item\":\"https:\\\/\\\/www.muyjujuy.com\\\/\"},{\"@type\":\"ListItem\",\"position\":2,\"name\":\"Estatales tendr\u00e1n un aumento del 60%\"}]},{\"@type\":\"WebSite\",\"@id\":\"https:\\\/\\\/www.muyjujuy.com\\\/#website\",\"url\":\"https:\\\/\\\/www.muyjujuy.com\\\/\",\"name\":\"Muy Jujuy\",\"description\":\"\",\"publisher\":{\"@id\":\"https:\\\/\\\/www.muyjujuy.com\\\/#organization\"},\"potentialAction\":[{\"@type\":\"SearchAction\",\"target\":{\"@type\":\"EntryPoint\",\"urlTemplate\":\"https:\\\/\\\/www.muyjujuy.com\\\/?s={search_term_string}\"},\"query-input\":{\"@type\":\"PropertyValueSpecification\",\"valueRequired\":true,\"valueName\":\"search_term_string\"}}],\"inLanguage\":\"es-AR\"},{\"@type\":\"Organization\",\"@id\":\"https:\\\/\\\/www.muyjujuy.com\\\/#organization\",\"name\":\"Muy Jujuy\",\"url\":\"https:\\\/\\\/www.muyjujuy.com\\\/\",\"logo\":{\"@type\":\"ImageObject\",\"inLanguage\":\"es-AR\",\"@id\":\"https:\\\/\\\/www.muyjujuy.com\\\/#\\\/schema\\\/logo\\\/image\\\/\",\"url\":\"http:\\\/\\\/www.muyjujuy.com\\\/wp-content\\\/uploads\\\/2022\\\/05\\\/logo-mobil-jujuy.png\",\"contentUrl\":\"http:\\\/\\\/www.muyjujuy.com\\\/wp-content\\\/uploads\\\/2022\\\/05\\\/logo-mobil-jujuy.png\",\"width\":174,\"height\":81,\"caption\":\"Muy Jujuy\"},\"image\":{\"@id\":\"https:\\\/\\\/www.muyjujuy.com\\\/#\\\/schema\\\/logo\\\/image\\\/\"},\"sameAs\":[\"https:\\\/\\\/www.facebook.com\\\/muyjujuycom\",\"https:\\\/\\\/x.com\\\/muyjujuy\",\"https:\\\/\\\/www.instagram.com\\\/muyjujuycom\"]},{\"@type\":\"Person\",\"@id\":\"https:\\\/\\\/www.muyjujuy.com\\\/#\\\/schema\\\/person\\\/1d0f6e223ccea9e3f9034c1a5b683bf2\",\"name\":\"Redacci\u00f3n Muy Jujuy\",\"image\":{\"@type\":\"ImageObject\",\"inLanguage\":\"es-AR\",\"@id\":\"https:\\\/\\\/secure.gravatar.com\\\/avatar\\\/fec5f6f1893d741ed5eecccff109ce43e67a855411202a3212a058cb8e5c27d4?s=96&d=mm&r=g\",\"url\":\"https:\\\/\\\/secure.gravatar.com\\\/avatar\\\/fec5f6f1893d741ed5eecccff109ce43e67a855411202a3212a058cb8e5c27d4?s=96&d=mm&r=g\",\"contentUrl\":\"https:\\\/\\\/secure.gravatar.com\\\/avatar\\\/fec5f6f1893d741ed5eecccff109ce43e67a855411202a3212a058cb8e5c27d4?s=96&d=mm&r=g\",\"caption\":\"Redacci\u00f3n Muy Jujuy\"},\"url\":\"https:\\\/\\\/www.muyjujuy.com\\\/index.php\\\/author\\\/editor\\\/\"}]}<\/script>\n<!-- \/ Yoast SEO plugin. -->","yoast_head_json":{"title":"Estatales tendr\u00e1n un aumento del 60% - Pol\u00edtica Muy Jujuy","description":"La medida fue tomada por el Gobierno Nacional tras un acuerdo con los gremios. Un incremento en 5 cuotas. Estatales tendr\u00e1n un aumento del 60%","robots":{"index":"index","follow":"follow","max-snippet":"max-snippet:-1","max-image-preview":"max-image-preview:large","max-video-preview":"max-video-preview:-1"},"canonical":"https:\/\/www.muyjujuy.com\/index.php\/2022\/06\/01\/estatales-tendran-un-aumento-del-60\/","og_locale":"es_ES","og_type":"article","og_title":"Estatales tendr\u00e1n un aumento del 60% - Pol\u00edtica Muy Jujuy","og_description":"La medida fue tomada por el Gobierno Nacional tras un acuerdo con los gremios. Un incremento en 5 cuotas. Estatales tendr\u00e1n un aumento del 60%","og_url":"https:\/\/www.muyjujuy.com\/index.php\/2022\/06\/01\/estatales-tendran-un-aumento-del-60\/","og_site_name":"Muy Jujuy","article_publisher":"https:\/\/www.facebook.com\/muyjujuycom","article_published_time":"2022-06-01T23:42:04+00:00","article_modified_time":"2022-06-01T23:42:06+00:00","og_image":[{"width":1200,"height":694,"url":"https:\/\/www.muyjujuy.com\/wp-content\/uploads\/2022\/06\/jujuyal.webp","type":"image\/webp"}],"author":"Redacci\u00f3n Muy Jujuy","twitter_card":"summary_large_image","twitter_creator":"@muyjujuy","twitter_site":"@muyjujuy","twitter_misc":{"Escrito por":"Redacci\u00f3n Muy Jujuy","Tiempo de lectura":"2 minutos"},"schema":{"@context":"https:\/\/schema.org","@graph":[{"@type":"Article","@id":"https:\/\/www.muyjujuy.com\/index.php\/2022\/06\/01\/estatales-tendran-un-aumento-del-60\/#article","isPartOf":{"@id":"https:\/\/www.muyjujuy.com\/index.php\/2022\/06\/01\/estatales-tendran-un-aumento-del-60\/"},"author":{"name":"Redacci\u00f3n Muy Jujuy","@id":"https:\/\/www.muyjujuy.com\/#\/schema\/person\/1d0f6e223ccea9e3f9034c1a5b683bf2"},"headline":"Estatales tendr\u00e1n un aumento del 60%","datePublished":"2022-06-01T23:42:04+00:00","dateModified":"2022-06-01T23:42:06+00:00","mainEntityOfPage":{"@id":"https:\/\/www.muyjujuy.com\/index.php\/2022\/06\/01\/estatales-tendran-un-aumento-del-60\/"},"wordCount":318,"commentCount":0,"publisher":{"@id":"https:\/\/www.muyjujuy.com\/#organization"},"image":{"@id":"https:\/\/www.muyjujuy.com\/index.php\/2022\/06\/01\/estatales-tendran-un-aumento-del-60\/#primaryimage"},"thumbnailUrl":"https:\/\/www.muyjujuy.com\/wp-content\/uploads\/2022\/06\/jujuyal.webp","keywords":["Aumento","Estatales","Gobierno Nacional","Gremios","Paritaria"],"articleSection":["Pol\u00edtica"],"inLanguage":"es-AR","potentialAction":[{"@type":"CommentAction","name":"Comment","target":["https:\/\/www.muyjujuy.com\/index.php\/2022\/06\/01\/estatales-tendran-un-aumento-del-60\/#respond"]}]},{"@type":"WebPage","@id":"https:\/\/www.muyjujuy.com\/index.php\/2022\/06\/01\/estatales-tendran-un-aumento-del-60\/","url":"https:\/\/www.muyjujuy.com\/index.php\/2022\/06\/01\/estatales-tendran-un-aumento-del-60\/","name":"Estatales tendr\u00e1n un aumento del 60% - Pol\u00edtica Muy Jujuy","isPartOf":{"@id":"https:\/\/www.muyjujuy.com\/#website"},"primaryImageOfPage":{"@id":"https:\/\/www.muyjujuy.com\/index.php\/2022\/06\/01\/estatales-tendran-un-aumento-del-60\/#primaryimage"},"image":{"@id":"https:\/\/www.muyjujuy.com\/index.php\/2022\/06\/01\/estatales-tendran-un-aumento-del-60\/#primaryimage"},"thumbnailUrl":"https:\/\/www.muyjujuy.com\/wp-content\/uploads\/2022\/06\/jujuyal.webp","datePublished":"2022-06-01T23:42:04+00:00","dateModified":"2022-06-01T23:42:06+00:00","description":"La medida fue tomada por el Gobierno Nacional tras un acuerdo con los gremios. Un incremento en 5 cuotas. Estatales tendr\u00e1n un aumento del 60%","breadcrumb":{"@id":"https:\/\/www.muyjujuy.com\/index.php\/2022\/06\/01\/estatales-tendran-un-aumento-del-60\/#breadcrumb"},"inLanguage":"es-AR","potentialAction":[{"@type":"ReadAction","target":["https:\/\/www.muyjujuy.com\/index.php\/2022\/06\/01\/estatales-tendran-un-aumento-del-60\/"]}]},{"@type":"ImageObject","inLanguage":"es-AR","@id":"https:\/\/www.muyjujuy.com\/index.php\/2022\/06\/01\/estatales-tendran-un-aumento-del-60\/#primaryimage","url":"https:\/\/www.muyjujuy.com\/wp-content\/uploads\/2022\/06\/jujuyal.webp","contentUrl":"https:\/\/www.muyjujuy.com\/wp-content\/uploads\/2022\/06\/jujuyal.webp","width":1200,"height":694,"caption":"Imagen: Jujuy al momento"},{"@type":"BreadcrumbList","@id":"https:\/\/www.muyjujuy.com\/index.php\/2022\/06\/01\/estatales-tendran-un-aumento-del-60\/#breadcrumb","itemListElement":[{"@type":"ListItem","position":1,"name":"Inicio","item":"https:\/\/www.muyjujuy.com\/"},{"@type":"ListItem","position":2,"name":"Estatales tendr\u00e1n un aumento del 60%"}]},{"@type":"WebSite","@id":"https:\/\/www.muyjujuy.com\/#website","url":"https:\/\/www.muyjujuy.com\/","name":"Muy Jujuy","description":"","publisher":{"@id":"https:\/\/www.muyjujuy.com\/#organization"},"potentialAction":[{"@type":"SearchAction","target":{"@type":"EntryPoint","urlTemplate":"https:\/\/www.muyjujuy.com\/?s={search_term_string}"},"query-input":{"@type":"PropertyValueSpecification","valueRequired":true,"valueName":"search_term_string"}}],"inLanguage":"es-AR"},{"@type":"Organization","@id":"https:\/\/www.muyjujuy.com\/#organization","name":"Muy Jujuy","url":"https:\/\/www.muyjujuy.com\/","logo":{"@type":"ImageObject","inLanguage":"es-AR","@id":"https:\/\/www.muyjujuy.com\/#\/schema\/logo\/image\/","url":"http:\/\/www.muyjujuy.com\/wp-content\/uploads\/2022\/05\/logo-mobil-jujuy.png","contentUrl":"http:\/\/www.muyjujuy.com\/wp-content\/uploads\/2022\/05\/logo-mobil-jujuy.png","width":174,"height":81,"caption":"Muy Jujuy"},"image":{"@id":"https:\/\/www.muyjujuy.com\/#\/schema\/logo\/image\/"},"sameAs":["https:\/\/www.facebook.com\/muyjujuycom","https:\/\/x.com\/muyjujuy","https:\/\/www.instagram.com\/muyjujuycom"]},{"@type":"Person","@id":"https:\/\/www.muyjujuy.com\/#\/schema\/person\/1d0f6e223ccea9e3f9034c1a5b683bf2","name":"Redacci\u00f3n Muy Jujuy","image":{"@type":"ImageObject","inLanguage":"es-AR","@id":"https:\/\/secure.gravatar.com\/avatar\/fec5f6f1893d741ed5eecccff109ce43e67a855411202a3212a058cb8e5c27d4?s=96&d=mm&r=g","url":"https:\/\/secure.gravatar.com\/avatar\/fec5f6f1893d741ed5eecccff109ce43e67a855411202a3212a058cb8e5c27d4?s=96&d=mm&r=g","contentUrl":"https:\/\/secure.gravatar.com\/avatar\/fec5f6f1893d741ed5eecccff109ce43e67a855411202a3212a058cb8e5c27d4?s=96&d=mm&r=g","caption":"Redacci\u00f3n Muy Jujuy"},"url":"https:\/\/www.muyjujuy.com\/index.php\/author\/editor\/"}]}},"_links":{"self":[{"href":"https:\/\/www.muyjujuy.com\/index.php\/wp-json\/wp\/v2\/posts\/447","targetHints":{"allow":["GET"]}}],"collection":[{"href":"https:\/\/www.muyjujuy.com\/index.php\/wp-json\/wp\/v2\/posts"}],"about":[{"href":"https:\/\/www.muyjujuy.com\/index.php\/wp-json\/wp\/v2\/types\/post"}],"author":[{"embeddable":true,"href":"https:\/\/www.muyjujuy.com\/index.php\/wp-json\/wp\/v2\/users\/3"}],"replies":[{"embeddable":true,"href":"https:\/\/www.muyjujuy.com\/index.php\/wp-json\/wp\/v2\/comments?post=447"}],"version-history":[{"count":3,"href":"https:\/\/www.muyjujuy.com\/index.php\/wp-json\/wp\/v2\/posts\/447\/revisions"}],"predecessor-version":[{"id":463,"href":"https:\/\/www.muyjujuy.com\/index.php\/wp-json\/wp\/v2\/posts\/447\/revisions\/463"}],"wp:featuredmedia":[{"embeddable":true,"href":"https:\/\/www.muyjujuy.com\/index.php\/wp-json\/wp\/v2\/media\/461"}],"wp:attachment":[{"href":"https:\/\/www.muyjujuy.com\/index.php\/wp-json\/wp\/v2\/media?parent=447"}],"wp:term":[{"taxonomy":"category","embeddable":true,"href":"https:\/\/www.muyjujuy.com\/index.php\/wp-json\/wp\/v2\/categories?post=447"},{"taxonomy":"post_tag","embeddable":true,"href":"https:\/\/www.muyjujuy.com\/index.php\/wp-json\/wp\/v2\/tags?post=447"}],"curies":[{"name":"wp","href":"https:\/\/api.w.org\/{rel}","templated":true}]}}