{"id":480,"date":"2022-06-03T21:26:45","date_gmt":"2022-06-04T00:26:45","guid":{"rendered":"https:\/\/www.muyjujuy.com\/?p=480"},"modified":"2022-06-03T21:26:46","modified_gmt":"2022-06-04T00:26:46","slug":"pedido-de-prision-perpetua","status":"publish","type":"post","link":"https:\/\/www.muyjujuy.com\/index.php\/2022\/06\/03\/pedido-de-prision-perpetua\/","title":{"rendered":"Pedido de prisi\u00f3n perpetua en el caso Jairo Salcedo"},"content":{"rendered":"\n<p>La solicitud fue por parte del fiscal Walter Rond\u00f3n. El letrado elev\u00f3 un pedido de prisi\u00f3n perpetua en el caso de Jairo Salcedo. Salcedo fue un joven que muri\u00f3 asesinado a los 17 a\u00f1os en el barrio El Carmen. El acusado es el ex polic\u00eda Carlos Rubelt.<\/p>\n\n\n\n<p> El juicio por el crimen de&nbsp;<strong>Jairo Salcedo<\/strong>&nbsp;comenz\u00f3 este viernes alrededor de las 16.00 hs. Por el momento solo se dieron a conocer los alegatos y no la condena. Walter Rond\u00f3n, fiscal de la causa oficializ\u00f3 su pedido de prisi\u00f3n perpetua para el \u00fanica acusado: <strong>Carlos Esteban Rubelt. <\/strong>Rubelt es acusado de&nbsp;<strong>Homicidio Calificado por Ensa\u00f1amiento<\/strong>.<\/p>\n\n\n\n<p>Por otro lado, ya est\u00e1 la fecha para la pr\u00f3xima audiencia. La misma se realizar\u00e1 el jueves 9 de junio a partir de las 8.30hs, d\u00eda y horario en el que se dar\u00e1 a conocer la condena. &nbsp; <\/p>\n\n\n\n<figure class=\"wp-block-image\"><img decoding=\"async\" src=\"https:\/\/media.todojujuy.com\/p\/0f8b5bb584aef20bdf194a2b308b0d28\/adjuntos\/227\/imagenes\/003\/228\/0003228182\/770x0\/smart\/jairo-salcedo-el-rostro-del-joven-asesinado-2017.jpg\" alt=\"Jairo Salcedo. El rostro del joven asesinado en 2017.\"\/><figcaption> Pedido de prisi\u00f3n perpetua en el caso Jairo Salcedo. Imagen: Todo Jujuy. <\/figcaption><\/figure>\n\n\n\n<h2 class=\"wp-block-heading\"> Pedido de prisi\u00f3n perpetua en el caso Jairo Salcedo: la posici\u00f3n del abogado de Salcedo y la defensa de Rubelt<\/h2>\n\n\n\n<p>Federico Llermanos, el abogado de Jairo Salcedo, se posicion\u00f3 a favor de la pena de prisi\u00f3n perpetua solicitada por el Fiscal.&nbsp;Mientras que la defensa de Rubelt opt\u00f3 por solicitar la absoluci\u00f3n por el beneficio de la duda.  <\/p>\n\n\n\n<p>Los encargados de dirimir las acciones y el devenir del caso son el juez Mario Ram\u00f3n Puig y las juezas Carolina P\u00e9rez Rojas y Margarita Nallar, quienes integran el Tribunal en lo Criminal N\u00b0 3<\/p>\n\n\n\n<p>El padre de la v\u00edctima, Daniel Salcedo se hab\u00eda manifestado unos meses atr\u00e1s. En ese momento dijo:&nbsp;<strong>\u201cconf\u00edo en la justicia y en estos jueces\u201d<\/strong>. Y luego expres\u00f3 que&nbsp;<strong>\u201chubo un brutal ensa\u00f1amiento.&nbsp;\u00bfQu\u00e9 hizo mi hijo para merecer esto?. Para mi nada\u201d.<\/strong><\/p>\n\n\n\n<p>Por \u00faltimo, record\u00e1 informarte sobre todo lo que sucede en la provincia de Jujuy, en el pa\u00eds y en el mundo en&nbsp;<a href=\"https:\/\/muyjujuy.com\/\">Muy Jujuy.<\/a><\/p>\n","protected":false},"excerpt":{"rendered":"<p>La solicitud fue por parte del fiscal Walter Rond\u00f3n. El letrado elev\u00f3 un pedido de prisi\u00f3n perpetua en el caso de Jairo Salcedo. Salcedo fue un joven que muri\u00f3 asesinado a los 17 a\u00f1os en el barrio El Carmen. El acusado es el ex polic\u00eda Carlos Rubelt. El juicio por el crimen de&nbsp;Jairo Salcedo&nbsp;comenz\u00f3 este [&hellip;]<\/p>\n","protected":false},"author":3,"featured_media":495,"comment_status":"open","ping_status":"open","sticky":false,"template":"","format":"standard","meta":{"footnotes":""},"categories":[25],"tags":[618,616,617,619],"class_list":{"0":"post-480","1":"post","2":"type-post","3":"status-publish","4":"format-standard","5":"has-post-thumbnail","7":"category-sociedad","8":"tag-acusado","9":"tag-caso-jairo-salcedo","10":"tag-fiscal-walter-rondon","11":"tag-prision-perpetua"},"yoast_head":"<!-- This site is optimized with the Yoast SEO plugin v27.5 - https:\/\/yoast.com\/product\/yoast-seo-wordpress\/ -->\n<title>Pedido de prisi\u00f3n perpetua en el caso Jairo Salcedo - Muy Jujuy<\/title>\n<meta name=\"description\" content=\"El fiscal Walter Rond\u00f3n elev\u00f3 un pedido de prisi\u00f3n perpetua para el ex polic\u00eda Carlos Rulbert por la muerte de Jairo Salcedo.\" \/>\n<meta name=\"robots\" content=\"index, follow, max-snippet:-1, max-image-preview:large, max-video-preview:-1\" \/>\n<link rel=\"canonical\" href=\"https:\/\/www.muyjujuy.com\/index.php\/2022\/06\/03\/pedido-de-prision-perpetua\/\" \/>\n<meta property=\"og:locale\" content=\"es_ES\" \/>\n<meta property=\"og:type\" content=\"article\" \/>\n<meta property=\"og:title\" content=\"Pedido de prisi\u00f3n perpetua en el caso Jairo Salcedo - Muy Jujuy\" \/>\n<meta property=\"og:description\" content=\"El fiscal Walter Rond\u00f3n elev\u00f3 un pedido de prisi\u00f3n perpetua para el ex polic\u00eda Carlos Rulbert por la muerte de Jairo Salcedo.\" \/>\n<meta property=\"og:url\" content=\"https:\/\/www.muyjujuy.com\/index.php\/2022\/06\/03\/pedido-de-prision-perpetua\/\" \/>\n<meta property=\"og:site_name\" content=\"Muy Jujuy\" \/>\n<meta property=\"article:publisher\" content=\"https:\/\/www.facebook.com\/muyjujuycom\" \/>\n<meta property=\"article:published_time\" content=\"2022-06-04T00:26:45+00:00\" \/>\n<meta property=\"article:modified_time\" content=\"2022-06-04T00:26:46+00:00\" \/>\n<meta property=\"og:image\" content=\"https:\/\/www.muyjujuy.com\/wp-content\/uploads\/2022\/06\/ljkljlk.webp\" \/>\n\t<meta property=\"og:image:width\" content=\"1200\" \/>\n\t<meta property=\"og:image:height\" content=\"1200\" \/>\n\t<meta property=\"og:image:type\" content=\"image\/webp\" \/>\n<meta name=\"author\" content=\"Redacci\u00f3n Muy Jujuy\" \/>\n<meta name=\"twitter:card\" content=\"summary_large_image\" \/>\n<meta name=\"twitter:creator\" content=\"@muyjujuy\" \/>\n<meta name=\"twitter:site\" content=\"@muyjujuy\" \/>\n<meta name=\"twitter:label1\" content=\"Escrito por\" \/>\n\t<meta name=\"twitter:data1\" content=\"Redacci\u00f3n Muy Jujuy\" \/>\n\t<meta name=\"twitter:label2\" content=\"Tiempo de lectura\" \/>\n\t<meta name=\"twitter:data2\" content=\"2 minutos\" \/>\n<script type=\"application\/ld+json\" class=\"yoast-schema-graph\">{\"@context\":\"https:\\\/\\\/schema.org\",\"@graph\":[{\"@type\":\"Article\",\"@id\":\"https:\\\/\\\/www.muyjujuy.com\\\/index.php\\\/2022\\\/06\\\/03\\\/pedido-de-prision-perpetua\\\/#article\",\"isPartOf\":{\"@id\":\"https:\\\/\\\/www.muyjujuy.com\\\/index.php\\\/2022\\\/06\\\/03\\\/pedido-de-prision-perpetua\\\/\"},\"author\":{\"name\":\"Redacci\u00f3n Muy Jujuy\",\"@id\":\"https:\\\/\\\/www.muyjujuy.com\\\/#\\\/schema\\\/person\\\/1d0f6e223ccea9e3f9034c1a5b683bf2\"},\"headline\":\"Pedido de prisi\u00f3n perpetua en el caso Jairo Salcedo\",\"datePublished\":\"2022-06-04T00:26:45+00:00\",\"dateModified\":\"2022-06-04T00:26:46+00:00\",\"mainEntityOfPage\":{\"@id\":\"https:\\\/\\\/www.muyjujuy.com\\\/index.php\\\/2022\\\/06\\\/03\\\/pedido-de-prision-perpetua\\\/\"},\"wordCount\":350,\"commentCount\":0,\"publisher\":{\"@id\":\"https:\\\/\\\/www.muyjujuy.com\\\/#organization\"},\"image\":{\"@id\":\"https:\\\/\\\/www.muyjujuy.com\\\/index.php\\\/2022\\\/06\\\/03\\\/pedido-de-prision-perpetua\\\/#primaryimage\"},\"thumbnailUrl\":\"https:\\\/\\\/www.muyjujuy.com\\\/wp-content\\\/uploads\\\/2022\\\/06\\\/ljkljlk.webp\",\"keywords\":[\"Acusado\",\"Caso Jairo Salcedo\",\"Fiscal Walter Rond\u00f3n\",\"Prisi\u00f3n Perpetua\"],\"articleSection\":[\"Sociedad\"],\"inLanguage\":\"es-AR\",\"potentialAction\":[{\"@type\":\"CommentAction\",\"name\":\"Comment\",\"target\":[\"https:\\\/\\\/www.muyjujuy.com\\\/index.php\\\/2022\\\/06\\\/03\\\/pedido-de-prision-perpetua\\\/#respond\"]}]},{\"@type\":\"WebPage\",\"@id\":\"https:\\\/\\\/www.muyjujuy.com\\\/index.php\\\/2022\\\/06\\\/03\\\/pedido-de-prision-perpetua\\\/\",\"url\":\"https:\\\/\\\/www.muyjujuy.com\\\/index.php\\\/2022\\\/06\\\/03\\\/pedido-de-prision-perpetua\\\/\",\"name\":\"Pedido de prisi\u00f3n perpetua en el caso Jairo Salcedo - Muy Jujuy\",\"isPartOf\":{\"@id\":\"https:\\\/\\\/www.muyjujuy.com\\\/#website\"},\"primaryImageOfPage\":{\"@id\":\"https:\\\/\\\/www.muyjujuy.com\\\/index.php\\\/2022\\\/06\\\/03\\\/pedido-de-prision-perpetua\\\/#primaryimage\"},\"image\":{\"@id\":\"https:\\\/\\\/www.muyjujuy.com\\\/index.php\\\/2022\\\/06\\\/03\\\/pedido-de-prision-perpetua\\\/#primaryimage\"},\"thumbnailUrl\":\"https:\\\/\\\/www.muyjujuy.com\\\/wp-content\\\/uploads\\\/2022\\\/06\\\/ljkljlk.webp\",\"datePublished\":\"2022-06-04T00:26:45+00:00\",\"dateModified\":\"2022-06-04T00:26:46+00:00\",\"description\":\"El fiscal Walter Rond\u00f3n elev\u00f3 un pedido de prisi\u00f3n perpetua para el ex polic\u00eda Carlos Rulbert por la muerte de Jairo Salcedo.\",\"breadcrumb\":{\"@id\":\"https:\\\/\\\/www.muyjujuy.com\\\/index.php\\\/2022\\\/06\\\/03\\\/pedido-de-prision-perpetua\\\/#breadcrumb\"},\"inLanguage\":\"es-AR\",\"potentialAction\":[{\"@type\":\"ReadAction\",\"target\":[\"https:\\\/\\\/www.muyjujuy.com\\\/index.php\\\/2022\\\/06\\\/03\\\/pedido-de-prision-perpetua\\\/\"]}]},{\"@type\":\"ImageObject\",\"inLanguage\":\"es-AR\",\"@id\":\"https:\\\/\\\/www.muyjujuy.com\\\/index.php\\\/2022\\\/06\\\/03\\\/pedido-de-prision-perpetua\\\/#primaryimage\",\"url\":\"https:\\\/\\\/www.muyjujuy.com\\\/wp-content\\\/uploads\\\/2022\\\/06\\\/ljkljlk.webp\",\"contentUrl\":\"https:\\\/\\\/www.muyjujuy.com\\\/wp-content\\\/uploads\\\/2022\\\/06\\\/ljkljlk.webp\",\"width\":1200,\"height\":1200,\"caption\":\"Imagen: Purnamarca Diario DIgital\"},{\"@type\":\"BreadcrumbList\",\"@id\":\"https:\\\/\\\/www.muyjujuy.com\\\/index.php\\\/2022\\\/06\\\/03\\\/pedido-de-prision-perpetua\\\/#breadcrumb\",\"itemListElement\":[{\"@type\":\"ListItem\",\"position\":1,\"name\":\"Inicio\",\"item\":\"https:\\\/\\\/www.muyjujuy.com\\\/\"},{\"@type\":\"ListItem\",\"position\":2,\"name\":\"Pedido de prisi\u00f3n perpetua en el caso Jairo Salcedo\"}]},{\"@type\":\"WebSite\",\"@id\":\"https:\\\/\\\/www.muyjujuy.com\\\/#website\",\"url\":\"https:\\\/\\\/www.muyjujuy.com\\\/\",\"name\":\"Muy Jujuy\",\"description\":\"\",\"publisher\":{\"@id\":\"https:\\\/\\\/www.muyjujuy.com\\\/#organization\"},\"potentialAction\":[{\"@type\":\"SearchAction\",\"target\":{\"@type\":\"EntryPoint\",\"urlTemplate\":\"https:\\\/\\\/www.muyjujuy.com\\\/?s={search_term_string}\"},\"query-input\":{\"@type\":\"PropertyValueSpecification\",\"valueRequired\":true,\"valueName\":\"search_term_string\"}}],\"inLanguage\":\"es-AR\"},{\"@type\":\"Organization\",\"@id\":\"https:\\\/\\\/www.muyjujuy.com\\\/#organization\",\"name\":\"Muy Jujuy\",\"url\":\"https:\\\/\\\/www.muyjujuy.com\\\/\",\"logo\":{\"@type\":\"ImageObject\",\"inLanguage\":\"es-AR\",\"@id\":\"https:\\\/\\\/www.muyjujuy.com\\\/#\\\/schema\\\/logo\\\/image\\\/\",\"url\":\"http:\\\/\\\/www.muyjujuy.com\\\/wp-content\\\/uploads\\\/2022\\\/05\\\/logo-mobil-jujuy.png\",\"contentUrl\":\"http:\\\/\\\/www.muyjujuy.com\\\/wp-content\\\/uploads\\\/2022\\\/05\\\/logo-mobil-jujuy.png\",\"width\":174,\"height\":81,\"caption\":\"Muy Jujuy\"},\"image\":{\"@id\":\"https:\\\/\\\/www.muyjujuy.com\\\/#\\\/schema\\\/logo\\\/image\\\/\"},\"sameAs\":[\"https:\\\/\\\/www.facebook.com\\\/muyjujuycom\",\"https:\\\/\\\/x.com\\\/muyjujuy\",\"https:\\\/\\\/www.instagram.com\\\/muyjujuycom\"]},{\"@type\":\"Person\",\"@id\":\"https:\\\/\\\/www.muyjujuy.com\\\/#\\\/schema\\\/person\\\/1d0f6e223ccea9e3f9034c1a5b683bf2\",\"name\":\"Redacci\u00f3n Muy Jujuy\",\"image\":{\"@type\":\"ImageObject\",\"inLanguage\":\"es-AR\",\"@id\":\"https:\\\/\\\/secure.gravatar.com\\\/avatar\\\/fec5f6f1893d741ed5eecccff109ce43e67a855411202a3212a058cb8e5c27d4?s=96&d=mm&r=g\",\"url\":\"https:\\\/\\\/secure.gravatar.com\\\/avatar\\\/fec5f6f1893d741ed5eecccff109ce43e67a855411202a3212a058cb8e5c27d4?s=96&d=mm&r=g\",\"contentUrl\":\"https:\\\/\\\/secure.gravatar.com\\\/avatar\\\/fec5f6f1893d741ed5eecccff109ce43e67a855411202a3212a058cb8e5c27d4?s=96&d=mm&r=g\",\"caption\":\"Redacci\u00f3n Muy Jujuy\"},\"url\":\"https:\\\/\\\/www.muyjujuy.com\\\/index.php\\\/author\\\/editor\\\/\"}]}<\/script>\n<!-- \/ Yoast SEO plugin. -->","yoast_head_json":{"title":"Pedido de prisi\u00f3n perpetua en el caso Jairo Salcedo - Muy Jujuy","description":"El fiscal Walter Rond\u00f3n elev\u00f3 un pedido de prisi\u00f3n perpetua para el ex polic\u00eda Carlos Rulbert por la muerte de Jairo Salcedo.","robots":{"index":"index","follow":"follow","max-snippet":"max-snippet:-1","max-image-preview":"max-image-preview:large","max-video-preview":"max-video-preview:-1"},"canonical":"https:\/\/www.muyjujuy.com\/index.php\/2022\/06\/03\/pedido-de-prision-perpetua\/","og_locale":"es_ES","og_type":"article","og_title":"Pedido de prisi\u00f3n perpetua en el caso Jairo Salcedo - Muy Jujuy","og_description":"El fiscal Walter Rond\u00f3n elev\u00f3 un pedido de prisi\u00f3n perpetua para el ex polic\u00eda Carlos Rulbert por la muerte de Jairo Salcedo.","og_url":"https:\/\/www.muyjujuy.com\/index.php\/2022\/06\/03\/pedido-de-prision-perpetua\/","og_site_name":"Muy Jujuy","article_publisher":"https:\/\/www.facebook.com\/muyjujuycom","article_published_time":"2022-06-04T00:26:45+00:00","article_modified_time":"2022-06-04T00:26:46+00:00","og_image":[{"width":1200,"height":1200,"url":"https:\/\/www.muyjujuy.com\/wp-content\/uploads\/2022\/06\/ljkljlk.webp","type":"image\/webp"}],"author":"Redacci\u00f3n Muy Jujuy","twitter_card":"summary_large_image","twitter_creator":"@muyjujuy","twitter_site":"@muyjujuy","twitter_misc":{"Escrito por":"Redacci\u00f3n Muy Jujuy","Tiempo de lectura":"2 minutos"},"schema":{"@context":"https:\/\/schema.org","@graph":[{"@type":"Article","@id":"https:\/\/www.muyjujuy.com\/index.php\/2022\/06\/03\/pedido-de-prision-perpetua\/#article","isPartOf":{"@id":"https:\/\/www.muyjujuy.com\/index.php\/2022\/06\/03\/pedido-de-prision-perpetua\/"},"author":{"name":"Redacci\u00f3n Muy Jujuy","@id":"https:\/\/www.muyjujuy.com\/#\/schema\/person\/1d0f6e223ccea9e3f9034c1a5b683bf2"},"headline":"Pedido de prisi\u00f3n perpetua en el caso Jairo Salcedo","datePublished":"2022-06-04T00:26:45+00:00","dateModified":"2022-06-04T00:26:46+00:00","mainEntityOfPage":{"@id":"https:\/\/www.muyjujuy.com\/index.php\/2022\/06\/03\/pedido-de-prision-perpetua\/"},"wordCount":350,"commentCount":0,"publisher":{"@id":"https:\/\/www.muyjujuy.com\/#organization"},"image":{"@id":"https:\/\/www.muyjujuy.com\/index.php\/2022\/06\/03\/pedido-de-prision-perpetua\/#primaryimage"},"thumbnailUrl":"https:\/\/www.muyjujuy.com\/wp-content\/uploads\/2022\/06\/ljkljlk.webp","keywords":["Acusado","Caso Jairo Salcedo","Fiscal Walter Rond\u00f3n","Prisi\u00f3n Perpetua"],"articleSection":["Sociedad"],"inLanguage":"es-AR","potentialAction":[{"@type":"CommentAction","name":"Comment","target":["https:\/\/www.muyjujuy.com\/index.php\/2022\/06\/03\/pedido-de-prision-perpetua\/#respond"]}]},{"@type":"WebPage","@id":"https:\/\/www.muyjujuy.com\/index.php\/2022\/06\/03\/pedido-de-prision-perpetua\/","url":"https:\/\/www.muyjujuy.com\/index.php\/2022\/06\/03\/pedido-de-prision-perpetua\/","name":"Pedido de prisi\u00f3n perpetua en el caso Jairo Salcedo - Muy Jujuy","isPartOf":{"@id":"https:\/\/www.muyjujuy.com\/#website"},"primaryImageOfPage":{"@id":"https:\/\/www.muyjujuy.com\/index.php\/2022\/06\/03\/pedido-de-prision-perpetua\/#primaryimage"},"image":{"@id":"https:\/\/www.muyjujuy.com\/index.php\/2022\/06\/03\/pedido-de-prision-perpetua\/#primaryimage"},"thumbnailUrl":"https:\/\/www.muyjujuy.com\/wp-content\/uploads\/2022\/06\/ljkljlk.webp","datePublished":"2022-06-04T00:26:45+00:00","dateModified":"2022-06-04T00:26:46+00:00","description":"El fiscal Walter Rond\u00f3n elev\u00f3 un pedido de prisi\u00f3n perpetua para el ex polic\u00eda Carlos Rulbert por la muerte de Jairo Salcedo.","breadcrumb":{"@id":"https:\/\/www.muyjujuy.com\/index.php\/2022\/06\/03\/pedido-de-prision-perpetua\/#breadcrumb"},"inLanguage":"es-AR","potentialAction":[{"@type":"ReadAction","target":["https:\/\/www.muyjujuy.com\/index.php\/2022\/06\/03\/pedido-de-prision-perpetua\/"]}]},{"@type":"ImageObject","inLanguage":"es-AR","@id":"https:\/\/www.muyjujuy.com\/index.php\/2022\/06\/03\/pedido-de-prision-perpetua\/#primaryimage","url":"https:\/\/www.muyjujuy.com\/wp-content\/uploads\/2022\/06\/ljkljlk.webp","contentUrl":"https:\/\/www.muyjujuy.com\/wp-content\/uploads\/2022\/06\/ljkljlk.webp","width":1200,"height":1200,"caption":"Imagen: Purnamarca Diario DIgital"},{"@type":"BreadcrumbList","@id":"https:\/\/www.muyjujuy.com\/index.php\/2022\/06\/03\/pedido-de-prision-perpetua\/#breadcrumb","itemListElement":[{"@type":"ListItem","position":1,"name":"Inicio","item":"https:\/\/www.muyjujuy.com\/"},{"@type":"ListItem","position":2,"name":"Pedido de prisi\u00f3n perpetua en el caso Jairo Salcedo"}]},{"@type":"WebSite","@id":"https:\/\/www.muyjujuy.com\/#website","url":"https:\/\/www.muyjujuy.com\/","name":"Muy Jujuy","description":"","publisher":{"@id":"https:\/\/www.muyjujuy.com\/#organization"},"potentialAction":[{"@type":"SearchAction","target":{"@type":"EntryPoint","urlTemplate":"https:\/\/www.muyjujuy.com\/?s={search_term_string}"},"query-input":{"@type":"PropertyValueSpecification","valueRequired":true,"valueName":"search_term_string"}}],"inLanguage":"es-AR"},{"@type":"Organization","@id":"https:\/\/www.muyjujuy.com\/#organization","name":"Muy Jujuy","url":"https:\/\/www.muyjujuy.com\/","logo":{"@type":"ImageObject","inLanguage":"es-AR","@id":"https:\/\/www.muyjujuy.com\/#\/schema\/logo\/image\/","url":"http:\/\/www.muyjujuy.com\/wp-content\/uploads\/2022\/05\/logo-mobil-jujuy.png","contentUrl":"http:\/\/www.muyjujuy.com\/wp-content\/uploads\/2022\/05\/logo-mobil-jujuy.png","width":174,"height":81,"caption":"Muy Jujuy"},"image":{"@id":"https:\/\/www.muyjujuy.com\/#\/schema\/logo\/image\/"},"sameAs":["https:\/\/www.facebook.com\/muyjujuycom","https:\/\/x.com\/muyjujuy","https:\/\/www.instagram.com\/muyjujuycom"]},{"@type":"Person","@id":"https:\/\/www.muyjujuy.com\/#\/schema\/person\/1d0f6e223ccea9e3f9034c1a5b683bf2","name":"Redacci\u00f3n Muy Jujuy","image":{"@type":"ImageObject","inLanguage":"es-AR","@id":"https:\/\/secure.gravatar.com\/avatar\/fec5f6f1893d741ed5eecccff109ce43e67a855411202a3212a058cb8e5c27d4?s=96&d=mm&r=g","url":"https:\/\/secure.gravatar.com\/avatar\/fec5f6f1893d741ed5eecccff109ce43e67a855411202a3212a058cb8e5c27d4?s=96&d=mm&r=g","contentUrl":"https:\/\/secure.gravatar.com\/avatar\/fec5f6f1893d741ed5eecccff109ce43e67a855411202a3212a058cb8e5c27d4?s=96&d=mm&r=g","caption":"Redacci\u00f3n Muy Jujuy"},"url":"https:\/\/www.muyjujuy.com\/index.php\/author\/editor\/"}]}},"_links":{"self":[{"href":"https:\/\/www.muyjujuy.com\/index.php\/wp-json\/wp\/v2\/posts\/480","targetHints":{"allow":["GET"]}}],"collection":[{"href":"https:\/\/www.muyjujuy.com\/index.php\/wp-json\/wp\/v2\/posts"}],"about":[{"href":"https:\/\/www.muyjujuy.com\/index.php\/wp-json\/wp\/v2\/types\/post"}],"author":[{"embeddable":true,"href":"https:\/\/www.muyjujuy.com\/index.php\/wp-json\/wp\/v2\/users\/3"}],"replies":[{"embeddable":true,"href":"https:\/\/www.muyjujuy.com\/index.php\/wp-json\/wp\/v2\/comments?post=480"}],"version-history":[{"count":2,"href":"https:\/\/www.muyjujuy.com\/index.php\/wp-json\/wp\/v2\/posts\/480\/revisions"}],"predecessor-version":[{"id":496,"href":"https:\/\/www.muyjujuy.com\/index.php\/wp-json\/wp\/v2\/posts\/480\/revisions\/496"}],"wp:featuredmedia":[{"embeddable":true,"href":"https:\/\/www.muyjujuy.com\/index.php\/wp-json\/wp\/v2\/media\/495"}],"wp:attachment":[{"href":"https:\/\/www.muyjujuy.com\/index.php\/wp-json\/wp\/v2\/media?parent=480"}],"wp:term":[{"taxonomy":"category","embeddable":true,"href":"https:\/\/www.muyjujuy.com\/index.php\/wp-json\/wp\/v2\/categories?post=480"},{"taxonomy":"post_tag","embeddable":true,"href":"https:\/\/www.muyjujuy.com\/index.php\/wp-json\/wp\/v2\/tags?post=480"}],"curies":[{"name":"wp","href":"https:\/\/api.w.org\/{rel}","templated":true}]}}