{"id":481,"date":"2022-06-03T20:04:19","date_gmt":"2022-06-03T23:04:19","guid":{"rendered":"https:\/\/www.muyjujuy.com\/?p=481"},"modified":"2022-06-03T20:04:20","modified_gmt":"2022-06-03T23:04:20","slug":"borrador-automaticogolpeo-a-su-ex-y-al-subjefe-del-gam-5","status":"publish","type":"post","link":"https:\/\/www.muyjujuy.com\/index.php\/2022\/06\/03\/borrador-automaticogolpeo-a-su-ex-y-al-subjefe-del-gam-5\/","title":{"rendered":"Militar golpe\u00f3 a su ex y al subjefe"},"content":{"rendered":"\n<p>Se trata de un cabo del Ejercito, que tuvo una reacci\u00f3n violenta tras una discusi\u00f3n. El militar golpe\u00f3 a su ex y al subjefe del GAM 5. El agresor, ex pareja de la persona de genero femenino, agredi\u00f3 a ambos dentro de las instalaciones del barrio de Suboficiales.<a href=\"mailto:?subject=Jujuy%3A+un+cabo+del+Ej%C3%A9rcito+golpe%C3%B3+salvajemente+a+una+mujer+y+al+subjefe+del+GAM+5&amp;body=https%3A%2F%2Fwww.somosjujuy.com.ar%2Fpoliciales%2F346296-jujuy-un-cabo-del-ejercito-golpeo-salvajemente-a-una-mujer-y-al-subjefe-del-gam-5\" target=\"_blank\" rel=\"noreferrer noopener\"><\/a><\/p>\n\n\n\n<p>El hecho se consumi\u00f3 alrededor de las 16 horas del jueves. En una vivienda del barrio de Suboficiales del predio del GAM 5, estaban el subjefe de la Guarnici\u00f3n y una mujer civil de 27 a\u00f1os con domicilio en ese sitio. All\u00ed se hizo presente la ex pareja de la joven y r\u00e1pidamente se inici\u00f3 una discusi\u00f3n que desencaden\u00f3 en una pelea entre los hombres. Posteriormente el visitante golpe\u00f3 salvajemente a la mujer y huy\u00f3 del lugar.<\/p>\n\n\n\n<figure class=\"wp-block-image size-full\"><img loading=\"lazy\" decoding=\"async\" width=\"990\" height=\"610\" src=\"https:\/\/www.muyjujuy.com\/wp-content\/uploads\/2022\/06\/jojk.jpg\" alt=\"\" class=\"wp-image-483\" srcset=\"https:\/\/www.muyjujuy.com\/wp-content\/uploads\/2022\/06\/jojk.jpg 990w, https:\/\/www.muyjujuy.com\/wp-content\/uploads\/2022\/06\/jojk-300x185.jpg 300w, https:\/\/www.muyjujuy.com\/wp-content\/uploads\/2022\/06\/jojk-768x473.jpg 768w, https:\/\/www.muyjujuy.com\/wp-content\/uploads\/2022\/06\/jojk-150x92.jpg 150w, https:\/\/www.muyjujuy.com\/wp-content\/uploads\/2022\/06\/jojk-696x429.jpg 696w\" sizes=\"auto, (max-width: 990px) 100vw, 990px\" \/><figcaption>Militar golpe\u00f3 a su ex y al subjefe del GAM 5. Imagen Somos Jujuy. <\/figcaption><\/figure>\n\n\n\n<h2 class=\"wp-block-heading\">Militar golpe\u00f3 una mujer y al subjefe del GAM 5: sin heridas graves<\/h2>\n\n\n\n<p>Las v\u00edctimas fueron trasladadas por el SAME hasta el hospital Pablo Soria. El servicio m\u00e9dico no demor\u00f3 demasiado en llegar. En el hospital se le diagnostic\u00f3 m\u00faltiples heridas cortantes al hombre que pertenece a las fuerzas armadas. El hombre agredido qued\u00f3 en sala de observaci\u00f3n. Por su parte, la mujer sufri\u00f3 m\u00faltiples hematomas. Aunque no fue confirmado, es posible que la joven de  tenga una fractura de miembro superior izquierdo.<\/p>\n\n\n\n<p>El atacante ten\u00eda una orden de restricci\u00f3n de hogar. Tras el hecho fue detenido. <\/p>\n\n\n\n<p>El Ministerio P\u00fablico de la Acusaci\u00f3n investiga el caso. Las actuaciones se encuentran a cargo de la Seccional 49 de barrio Los Huaicos.<\/p>\n\n\n\n<p>Te puede interesar: <strong><a href=\"https:\/\/www.muyjujuy.com\/index.php\/2022\/06\/02\/tras-intentar-matar-a-su-esposa-se-suicido\/\">Tras intentar matar a su esposa se suicid\u00f3<\/a><\/strong><\/p>\n\n\n\n<p>Por \u00faltimo, record\u00e1 informarte sobre todo lo que sucede en la provincia de Jujuy, en el pa\u00eds y en el mundo en&nbsp;<a href=\"https:\/\/muyjujuy.com\/\">Muy Jujuy.<\/a><\/p>\n","protected":false},"excerpt":{"rendered":"<p>Se trata de un cabo del Ejercito, que tuvo una reacci\u00f3n violenta tras una discusi\u00f3n. El militar golpe\u00f3 a su ex y al subjefe del GAM 5. El agresor, ex pareja de la persona de genero femenino, agredi\u00f3 a ambos dentro de las instalaciones del barrio de Suboficiales. El hecho se consumi\u00f3 alrededor de las [&hellip;]<\/p>\n","protected":false},"author":3,"featured_media":482,"comment_status":"open","ping_status":"open","sticky":false,"template":"","format":"standard","meta":{"footnotes":""},"categories":[25],"tags":[603,608,606,607],"class_list":{"0":"post-481","1":"post","2":"type-post","3":"status-publish","4":"format-standard","5":"has-post-thumbnail","7":"category-sociedad","8":"tag-femicidio","9":"tag-gam-5","10":"tag-militar","11":"tag-violencia"},"yoast_head":"<!-- This site is optimized with the Yoast SEO plugin v27.5 - https:\/\/yoast.com\/product\/yoast-seo-wordpress\/ -->\n<title>Militar golpe\u00f3 a su ex y al subjefe - Muy Jujuy Sociedad<\/title>\n<meta name=\"description\" content=\"Se trata de un cabo del Ejercito, que tuvo una reacci\u00f3n violenta tras una discusi\u00f3n. El militar golpe\u00f3 a su ex y al subjefe del GAM 5.\" \/>\n<meta name=\"robots\" content=\"index, follow, max-snippet:-1, max-image-preview:large, max-video-preview:-1\" \/>\n<link rel=\"canonical\" href=\"https:\/\/www.muyjujuy.com\/index.php\/2022\/06\/03\/borrador-automaticogolpeo-a-su-ex-y-al-subjefe-del-gam-5\/\" \/>\n<meta property=\"og:locale\" content=\"es_ES\" \/>\n<meta property=\"og:type\" content=\"article\" \/>\n<meta property=\"og:title\" content=\"Militar golpe\u00f3 a su ex y al subjefe - Muy Jujuy Sociedad\" \/>\n<meta property=\"og:description\" content=\"Se trata de un cabo del Ejercito, que tuvo una reacci\u00f3n violenta tras una discusi\u00f3n. El militar golpe\u00f3 a su ex y al subjefe del GAM 5.\" \/>\n<meta property=\"og:url\" content=\"https:\/\/www.muyjujuy.com\/index.php\/2022\/06\/03\/borrador-automaticogolpeo-a-su-ex-y-al-subjefe-del-gam-5\/\" \/>\n<meta property=\"og:site_name\" content=\"Muy Jujuy\" \/>\n<meta property=\"article:publisher\" content=\"https:\/\/www.facebook.com\/muyjujuycom\" \/>\n<meta property=\"article:published_time\" content=\"2022-06-03T23:04:19+00:00\" \/>\n<meta property=\"article:modified_time\" content=\"2022-06-03T23:04:20+00:00\" \/>\n<meta property=\"og:image\" content=\"https:\/\/www.muyjujuy.com\/wp-content\/uploads\/2022\/06\/diario-el-faro.jpg\" \/>\n\t<meta property=\"og:image:width\" content=\"1200\" \/>\n\t<meta property=\"og:image:height\" content=\"800\" \/>\n\t<meta property=\"og:image:type\" content=\"image\/jpeg\" \/>\n<meta name=\"author\" content=\"Redacci\u00f3n Muy Jujuy\" \/>\n<meta name=\"twitter:card\" content=\"summary_large_image\" \/>\n<meta name=\"twitter:creator\" content=\"@muyjujuy\" \/>\n<meta name=\"twitter:site\" content=\"@muyjujuy\" \/>\n<meta name=\"twitter:label1\" content=\"Escrito por\" \/>\n\t<meta name=\"twitter:data1\" content=\"Redacci\u00f3n Muy Jujuy\" \/>\n\t<meta name=\"twitter:label2\" content=\"Tiempo de lectura\" \/>\n\t<meta name=\"twitter:data2\" content=\"2 minutos\" \/>\n<script type=\"application\/ld+json\" class=\"yoast-schema-graph\">{\"@context\":\"https:\\\/\\\/schema.org\",\"@graph\":[{\"@type\":\"Article\",\"@id\":\"https:\\\/\\\/www.muyjujuy.com\\\/index.php\\\/2022\\\/06\\\/03\\\/borrador-automaticogolpeo-a-su-ex-y-al-subjefe-del-gam-5\\\/#article\",\"isPartOf\":{\"@id\":\"https:\\\/\\\/www.muyjujuy.com\\\/index.php\\\/2022\\\/06\\\/03\\\/borrador-automaticogolpeo-a-su-ex-y-al-subjefe-del-gam-5\\\/\"},\"author\":{\"name\":\"Redacci\u00f3n Muy Jujuy\",\"@id\":\"https:\\\/\\\/www.muyjujuy.com\\\/#\\\/schema\\\/person\\\/1d0f6e223ccea9e3f9034c1a5b683bf2\"},\"headline\":\"Militar golpe\u00f3 a su ex y al subjefe\",\"datePublished\":\"2022-06-03T23:04:19+00:00\",\"dateModified\":\"2022-06-03T23:04:20+00:00\",\"mainEntityOfPage\":{\"@id\":\"https:\\\/\\\/www.muyjujuy.com\\\/index.php\\\/2022\\\/06\\\/03\\\/borrador-automaticogolpeo-a-su-ex-y-al-subjefe-del-gam-5\\\/\"},\"wordCount\":312,\"commentCount\":0,\"publisher\":{\"@id\":\"https:\\\/\\\/www.muyjujuy.com\\\/#organization\"},\"image\":{\"@id\":\"https:\\\/\\\/www.muyjujuy.com\\\/index.php\\\/2022\\\/06\\\/03\\\/borrador-automaticogolpeo-a-su-ex-y-al-subjefe-del-gam-5\\\/#primaryimage\"},\"thumbnailUrl\":\"https:\\\/\\\/www.muyjujuy.com\\\/wp-content\\\/uploads\\\/2022\\\/06\\\/diario-el-faro.jpg\",\"keywords\":[\"Femicidio\",\"Gam 5\",\"Militar\",\"Violencia\"],\"articleSection\":[\"Sociedad\"],\"inLanguage\":\"es-AR\",\"potentialAction\":[{\"@type\":\"CommentAction\",\"name\":\"Comment\",\"target\":[\"https:\\\/\\\/www.muyjujuy.com\\\/index.php\\\/2022\\\/06\\\/03\\\/borrador-automaticogolpeo-a-su-ex-y-al-subjefe-del-gam-5\\\/#respond\"]}]},{\"@type\":\"WebPage\",\"@id\":\"https:\\\/\\\/www.muyjujuy.com\\\/index.php\\\/2022\\\/06\\\/03\\\/borrador-automaticogolpeo-a-su-ex-y-al-subjefe-del-gam-5\\\/\",\"url\":\"https:\\\/\\\/www.muyjujuy.com\\\/index.php\\\/2022\\\/06\\\/03\\\/borrador-automaticogolpeo-a-su-ex-y-al-subjefe-del-gam-5\\\/\",\"name\":\"Militar golpe\u00f3 a su ex y al subjefe - Muy Jujuy Sociedad\",\"isPartOf\":{\"@id\":\"https:\\\/\\\/www.muyjujuy.com\\\/#website\"},\"primaryImageOfPage\":{\"@id\":\"https:\\\/\\\/www.muyjujuy.com\\\/index.php\\\/2022\\\/06\\\/03\\\/borrador-automaticogolpeo-a-su-ex-y-al-subjefe-del-gam-5\\\/#primaryimage\"},\"image\":{\"@id\":\"https:\\\/\\\/www.muyjujuy.com\\\/index.php\\\/2022\\\/06\\\/03\\\/borrador-automaticogolpeo-a-su-ex-y-al-subjefe-del-gam-5\\\/#primaryimage\"},\"thumbnailUrl\":\"https:\\\/\\\/www.muyjujuy.com\\\/wp-content\\\/uploads\\\/2022\\\/06\\\/diario-el-faro.jpg\",\"datePublished\":\"2022-06-03T23:04:19+00:00\",\"dateModified\":\"2022-06-03T23:04:20+00:00\",\"description\":\"Se trata de un cabo del Ejercito, que tuvo una reacci\u00f3n violenta tras una discusi\u00f3n. El militar golpe\u00f3 a su ex y al subjefe del GAM 5.\",\"breadcrumb\":{\"@id\":\"https:\\\/\\\/www.muyjujuy.com\\\/index.php\\\/2022\\\/06\\\/03\\\/borrador-automaticogolpeo-a-su-ex-y-al-subjefe-del-gam-5\\\/#breadcrumb\"},\"inLanguage\":\"es-AR\",\"potentialAction\":[{\"@type\":\"ReadAction\",\"target\":[\"https:\\\/\\\/www.muyjujuy.com\\\/index.php\\\/2022\\\/06\\\/03\\\/borrador-automaticogolpeo-a-su-ex-y-al-subjefe-del-gam-5\\\/\"]}]},{\"@type\":\"ImageObject\",\"inLanguage\":\"es-AR\",\"@id\":\"https:\\\/\\\/www.muyjujuy.com\\\/index.php\\\/2022\\\/06\\\/03\\\/borrador-automaticogolpeo-a-su-ex-y-al-subjefe-del-gam-5\\\/#primaryimage\",\"url\":\"https:\\\/\\\/www.muyjujuy.com\\\/wp-content\\\/uploads\\\/2022\\\/06\\\/diario-el-faro.jpg\",\"contentUrl\":\"https:\\\/\\\/www.muyjujuy.com\\\/wp-content\\\/uploads\\\/2022\\\/06\\\/diario-el-faro.jpg\",\"width\":1200,\"height\":800,\"caption\":\"Diario El Faro\"},{\"@type\":\"BreadcrumbList\",\"@id\":\"https:\\\/\\\/www.muyjujuy.com\\\/index.php\\\/2022\\\/06\\\/03\\\/borrador-automaticogolpeo-a-su-ex-y-al-subjefe-del-gam-5\\\/#breadcrumb\",\"itemListElement\":[{\"@type\":\"ListItem\",\"position\":1,\"name\":\"Inicio\",\"item\":\"https:\\\/\\\/www.muyjujuy.com\\\/\"},{\"@type\":\"ListItem\",\"position\":2,\"name\":\"Militar golpe\u00f3 a su ex y al subjefe\"}]},{\"@type\":\"WebSite\",\"@id\":\"https:\\\/\\\/www.muyjujuy.com\\\/#website\",\"url\":\"https:\\\/\\\/www.muyjujuy.com\\\/\",\"name\":\"Muy Jujuy\",\"description\":\"\",\"publisher\":{\"@id\":\"https:\\\/\\\/www.muyjujuy.com\\\/#organization\"},\"potentialAction\":[{\"@type\":\"SearchAction\",\"target\":{\"@type\":\"EntryPoint\",\"urlTemplate\":\"https:\\\/\\\/www.muyjujuy.com\\\/?s={search_term_string}\"},\"query-input\":{\"@type\":\"PropertyValueSpecification\",\"valueRequired\":true,\"valueName\":\"search_term_string\"}}],\"inLanguage\":\"es-AR\"},{\"@type\":\"Organization\",\"@id\":\"https:\\\/\\\/www.muyjujuy.com\\\/#organization\",\"name\":\"Muy Jujuy\",\"url\":\"https:\\\/\\\/www.muyjujuy.com\\\/\",\"logo\":{\"@type\":\"ImageObject\",\"inLanguage\":\"es-AR\",\"@id\":\"https:\\\/\\\/www.muyjujuy.com\\\/#\\\/schema\\\/logo\\\/image\\\/\",\"url\":\"http:\\\/\\\/www.muyjujuy.com\\\/wp-content\\\/uploads\\\/2022\\\/05\\\/logo-mobil-jujuy.png\",\"contentUrl\":\"http:\\\/\\\/www.muyjujuy.com\\\/wp-content\\\/uploads\\\/2022\\\/05\\\/logo-mobil-jujuy.png\",\"width\":174,\"height\":81,\"caption\":\"Muy Jujuy\"},\"image\":{\"@id\":\"https:\\\/\\\/www.muyjujuy.com\\\/#\\\/schema\\\/logo\\\/image\\\/\"},\"sameAs\":[\"https:\\\/\\\/www.facebook.com\\\/muyjujuycom\",\"https:\\\/\\\/x.com\\\/muyjujuy\",\"https:\\\/\\\/www.instagram.com\\\/muyjujuycom\"]},{\"@type\":\"Person\",\"@id\":\"https:\\\/\\\/www.muyjujuy.com\\\/#\\\/schema\\\/person\\\/1d0f6e223ccea9e3f9034c1a5b683bf2\",\"name\":\"Redacci\u00f3n Muy Jujuy\",\"image\":{\"@type\":\"ImageObject\",\"inLanguage\":\"es-AR\",\"@id\":\"https:\\\/\\\/secure.gravatar.com\\\/avatar\\\/fec5f6f1893d741ed5eecccff109ce43e67a855411202a3212a058cb8e5c27d4?s=96&d=mm&r=g\",\"url\":\"https:\\\/\\\/secure.gravatar.com\\\/avatar\\\/fec5f6f1893d741ed5eecccff109ce43e67a855411202a3212a058cb8e5c27d4?s=96&d=mm&r=g\",\"contentUrl\":\"https:\\\/\\\/secure.gravatar.com\\\/avatar\\\/fec5f6f1893d741ed5eecccff109ce43e67a855411202a3212a058cb8e5c27d4?s=96&d=mm&r=g\",\"caption\":\"Redacci\u00f3n Muy Jujuy\"},\"url\":\"https:\\\/\\\/www.muyjujuy.com\\\/index.php\\\/author\\\/editor\\\/\"}]}<\/script>\n<!-- \/ Yoast SEO plugin. -->","yoast_head_json":{"title":"Militar golpe\u00f3 a su ex y al subjefe - Muy Jujuy Sociedad","description":"Se trata de un cabo del Ejercito, que tuvo una reacci\u00f3n violenta tras una discusi\u00f3n. El militar golpe\u00f3 a su ex y al subjefe del GAM 5.","robots":{"index":"index","follow":"follow","max-snippet":"max-snippet:-1","max-image-preview":"max-image-preview:large","max-video-preview":"max-video-preview:-1"},"canonical":"https:\/\/www.muyjujuy.com\/index.php\/2022\/06\/03\/borrador-automaticogolpeo-a-su-ex-y-al-subjefe-del-gam-5\/","og_locale":"es_ES","og_type":"article","og_title":"Militar golpe\u00f3 a su ex y al subjefe - Muy Jujuy Sociedad","og_description":"Se trata de un cabo del Ejercito, que tuvo una reacci\u00f3n violenta tras una discusi\u00f3n. El militar golpe\u00f3 a su ex y al subjefe del GAM 5.","og_url":"https:\/\/www.muyjujuy.com\/index.php\/2022\/06\/03\/borrador-automaticogolpeo-a-su-ex-y-al-subjefe-del-gam-5\/","og_site_name":"Muy Jujuy","article_publisher":"https:\/\/www.facebook.com\/muyjujuycom","article_published_time":"2022-06-03T23:04:19+00:00","article_modified_time":"2022-06-03T23:04:20+00:00","og_image":[{"width":1200,"height":800,"url":"https:\/\/www.muyjujuy.com\/wp-content\/uploads\/2022\/06\/diario-el-faro.jpg","type":"image\/jpeg"}],"author":"Redacci\u00f3n Muy Jujuy","twitter_card":"summary_large_image","twitter_creator":"@muyjujuy","twitter_site":"@muyjujuy","twitter_misc":{"Escrito por":"Redacci\u00f3n Muy Jujuy","Tiempo de lectura":"2 minutos"},"schema":{"@context":"https:\/\/schema.org","@graph":[{"@type":"Article","@id":"https:\/\/www.muyjujuy.com\/index.php\/2022\/06\/03\/borrador-automaticogolpeo-a-su-ex-y-al-subjefe-del-gam-5\/#article","isPartOf":{"@id":"https:\/\/www.muyjujuy.com\/index.php\/2022\/06\/03\/borrador-automaticogolpeo-a-su-ex-y-al-subjefe-del-gam-5\/"},"author":{"name":"Redacci\u00f3n Muy Jujuy","@id":"https:\/\/www.muyjujuy.com\/#\/schema\/person\/1d0f6e223ccea9e3f9034c1a5b683bf2"},"headline":"Militar golpe\u00f3 a su ex y al subjefe","datePublished":"2022-06-03T23:04:19+00:00","dateModified":"2022-06-03T23:04:20+00:00","mainEntityOfPage":{"@id":"https:\/\/www.muyjujuy.com\/index.php\/2022\/06\/03\/borrador-automaticogolpeo-a-su-ex-y-al-subjefe-del-gam-5\/"},"wordCount":312,"commentCount":0,"publisher":{"@id":"https:\/\/www.muyjujuy.com\/#organization"},"image":{"@id":"https:\/\/www.muyjujuy.com\/index.php\/2022\/06\/03\/borrador-automaticogolpeo-a-su-ex-y-al-subjefe-del-gam-5\/#primaryimage"},"thumbnailUrl":"https:\/\/www.muyjujuy.com\/wp-content\/uploads\/2022\/06\/diario-el-faro.jpg","keywords":["Femicidio","Gam 5","Militar","Violencia"],"articleSection":["Sociedad"],"inLanguage":"es-AR","potentialAction":[{"@type":"CommentAction","name":"Comment","target":["https:\/\/www.muyjujuy.com\/index.php\/2022\/06\/03\/borrador-automaticogolpeo-a-su-ex-y-al-subjefe-del-gam-5\/#respond"]}]},{"@type":"WebPage","@id":"https:\/\/www.muyjujuy.com\/index.php\/2022\/06\/03\/borrador-automaticogolpeo-a-su-ex-y-al-subjefe-del-gam-5\/","url":"https:\/\/www.muyjujuy.com\/index.php\/2022\/06\/03\/borrador-automaticogolpeo-a-su-ex-y-al-subjefe-del-gam-5\/","name":"Militar golpe\u00f3 a su ex y al subjefe - Muy Jujuy Sociedad","isPartOf":{"@id":"https:\/\/www.muyjujuy.com\/#website"},"primaryImageOfPage":{"@id":"https:\/\/www.muyjujuy.com\/index.php\/2022\/06\/03\/borrador-automaticogolpeo-a-su-ex-y-al-subjefe-del-gam-5\/#primaryimage"},"image":{"@id":"https:\/\/www.muyjujuy.com\/index.php\/2022\/06\/03\/borrador-automaticogolpeo-a-su-ex-y-al-subjefe-del-gam-5\/#primaryimage"},"thumbnailUrl":"https:\/\/www.muyjujuy.com\/wp-content\/uploads\/2022\/06\/diario-el-faro.jpg","datePublished":"2022-06-03T23:04:19+00:00","dateModified":"2022-06-03T23:04:20+00:00","description":"Se trata de un cabo del Ejercito, que tuvo una reacci\u00f3n violenta tras una discusi\u00f3n. El militar golpe\u00f3 a su ex y al subjefe del GAM 5.","breadcrumb":{"@id":"https:\/\/www.muyjujuy.com\/index.php\/2022\/06\/03\/borrador-automaticogolpeo-a-su-ex-y-al-subjefe-del-gam-5\/#breadcrumb"},"inLanguage":"es-AR","potentialAction":[{"@type":"ReadAction","target":["https:\/\/www.muyjujuy.com\/index.php\/2022\/06\/03\/borrador-automaticogolpeo-a-su-ex-y-al-subjefe-del-gam-5\/"]}]},{"@type":"ImageObject","inLanguage":"es-AR","@id":"https:\/\/www.muyjujuy.com\/index.php\/2022\/06\/03\/borrador-automaticogolpeo-a-su-ex-y-al-subjefe-del-gam-5\/#primaryimage","url":"https:\/\/www.muyjujuy.com\/wp-content\/uploads\/2022\/06\/diario-el-faro.jpg","contentUrl":"https:\/\/www.muyjujuy.com\/wp-content\/uploads\/2022\/06\/diario-el-faro.jpg","width":1200,"height":800,"caption":"Diario El Faro"},{"@type":"BreadcrumbList","@id":"https:\/\/www.muyjujuy.com\/index.php\/2022\/06\/03\/borrador-automaticogolpeo-a-su-ex-y-al-subjefe-del-gam-5\/#breadcrumb","itemListElement":[{"@type":"ListItem","position":1,"name":"Inicio","item":"https:\/\/www.muyjujuy.com\/"},{"@type":"ListItem","position":2,"name":"Militar golpe\u00f3 a su ex y al subjefe"}]},{"@type":"WebSite","@id":"https:\/\/www.muyjujuy.com\/#website","url":"https:\/\/www.muyjujuy.com\/","name":"Muy Jujuy","description":"","publisher":{"@id":"https:\/\/www.muyjujuy.com\/#organization"},"potentialAction":[{"@type":"SearchAction","target":{"@type":"EntryPoint","urlTemplate":"https:\/\/www.muyjujuy.com\/?s={search_term_string}"},"query-input":{"@type":"PropertyValueSpecification","valueRequired":true,"valueName":"search_term_string"}}],"inLanguage":"es-AR"},{"@type":"Organization","@id":"https:\/\/www.muyjujuy.com\/#organization","name":"Muy Jujuy","url":"https:\/\/www.muyjujuy.com\/","logo":{"@type":"ImageObject","inLanguage":"es-AR","@id":"https:\/\/www.muyjujuy.com\/#\/schema\/logo\/image\/","url":"http:\/\/www.muyjujuy.com\/wp-content\/uploads\/2022\/05\/logo-mobil-jujuy.png","contentUrl":"http:\/\/www.muyjujuy.com\/wp-content\/uploads\/2022\/05\/logo-mobil-jujuy.png","width":174,"height":81,"caption":"Muy Jujuy"},"image":{"@id":"https:\/\/www.muyjujuy.com\/#\/schema\/logo\/image\/"},"sameAs":["https:\/\/www.facebook.com\/muyjujuycom","https:\/\/x.com\/muyjujuy","https:\/\/www.instagram.com\/muyjujuycom"]},{"@type":"Person","@id":"https:\/\/www.muyjujuy.com\/#\/schema\/person\/1d0f6e223ccea9e3f9034c1a5b683bf2","name":"Redacci\u00f3n Muy Jujuy","image":{"@type":"ImageObject","inLanguage":"es-AR","@id":"https:\/\/secure.gravatar.com\/avatar\/fec5f6f1893d741ed5eecccff109ce43e67a855411202a3212a058cb8e5c27d4?s=96&d=mm&r=g","url":"https:\/\/secure.gravatar.com\/avatar\/fec5f6f1893d741ed5eecccff109ce43e67a855411202a3212a058cb8e5c27d4?s=96&d=mm&r=g","contentUrl":"https:\/\/secure.gravatar.com\/avatar\/fec5f6f1893d741ed5eecccff109ce43e67a855411202a3212a058cb8e5c27d4?s=96&d=mm&r=g","caption":"Redacci\u00f3n Muy Jujuy"},"url":"https:\/\/www.muyjujuy.com\/index.php\/author\/editor\/"}]}},"_links":{"self":[{"href":"https:\/\/www.muyjujuy.com\/index.php\/wp-json\/wp\/v2\/posts\/481","targetHints":{"allow":["GET"]}}],"collection":[{"href":"https:\/\/www.muyjujuy.com\/index.php\/wp-json\/wp\/v2\/posts"}],"about":[{"href":"https:\/\/www.muyjujuy.com\/index.php\/wp-json\/wp\/v2\/types\/post"}],"author":[{"embeddable":true,"href":"https:\/\/www.muyjujuy.com\/index.php\/wp-json\/wp\/v2\/users\/3"}],"replies":[{"embeddable":true,"href":"https:\/\/www.muyjujuy.com\/index.php\/wp-json\/wp\/v2\/comments?post=481"}],"version-history":[{"count":1,"href":"https:\/\/www.muyjujuy.com\/index.php\/wp-json\/wp\/v2\/posts\/481\/revisions"}],"predecessor-version":[{"id":484,"href":"https:\/\/www.muyjujuy.com\/index.php\/wp-json\/wp\/v2\/posts\/481\/revisions\/484"}],"wp:featuredmedia":[{"embeddable":true,"href":"https:\/\/www.muyjujuy.com\/index.php\/wp-json\/wp\/v2\/media\/482"}],"wp:attachment":[{"href":"https:\/\/www.muyjujuy.com\/index.php\/wp-json\/wp\/v2\/media?parent=481"}],"wp:term":[{"taxonomy":"category","embeddable":true,"href":"https:\/\/www.muyjujuy.com\/index.php\/wp-json\/wp\/v2\/categories?post=481"},{"taxonomy":"post_tag","embeddable":true,"href":"https:\/\/www.muyjujuy.com\/index.php\/wp-json\/wp\/v2\/tags?post=481"}],"curies":[{"name":"wp","href":"https:\/\/api.w.org\/{rel}","templated":true}]}}