{"id":491,"date":"2022-06-03T20:51:22","date_gmt":"2022-06-03T23:51:22","guid":{"rendered":"https:\/\/www.muyjujuy.com\/?p=491"},"modified":"2022-06-03T20:52:14","modified_gmt":"2022-06-03T23:52:14","slug":"detenido-por-comercializar-pornografia-infantil","status":"publish","type":"post","link":"https:\/\/www.muyjujuy.com\/index.php\/2022\/06\/03\/detenido-por-comercializar-pornografia-infantil\/","title":{"rendered":"Detenido por comercializar pornograf\u00eda infantil"},"content":{"rendered":"\n<p>Un sujeto fue detenido por comercializar pornograf\u00eda infantil por la Divisi\u00f3n de Ciberlitos de Jujuy. Ocurri\u00f3 en Punta Diamante. Se trata de un hecho deleznable que pone en foco la importancia del control del contenido que circula en internet de forma legal y segura por parte de las autoridades. <a href=\"https:\/\/www.todojujuy.com\/policiales\/comercializacion-pornografia-infantil-detenido-punta-diamante-n220316#comments\"><\/a><\/p>\n\n\n\n<p>El personal de la\u00a0Divisi\u00f3n de\u00a0Ciberdelitos,\u00a0de la Direcci\u00f3n General de Investigaciones se encarg\u00f3 de dirimir las acciones de intervenci\u00f3n. Unos d\u00edas atr\u00e1s realizaron un destacado\u00a0allanamiento en un domicilio de Punta Diamante. La Divisi\u00f3n mencionada se ocup\u00f3 de secuestrar objetos electr\u00f3nicos que vinculados al delito por el cual una persona fue detenida.<\/p>\n\n\n\n<h2 class=\"wp-block-heading\">Detenido por comercializar pornograf\u00eda infantil: Detalles<\/h2>\n\n\n\n<p> La unidad de Divisi\u00f3n de Ciberdelitos, con su correspondiente orden judicial, organiz\u00f3 el procedimiento. El personal policial que realiz\u00f3 el operativo de allanamiento en el\u00a0barrio mencionado detuvo a un sujeto. Y junto al hombre, cuya identidad se reserva, encontraron\u00a0celulares, una computadora, chips de telefon\u00eda m\u00f3vil, y otros elementos que fueron detallados en la causa. Estos elementos y el inculpado est\u00e1n a disposici\u00f3n de la Justicia.<\/p>\n\n\n\n<figure class=\"wp-block-image\"><img decoding=\"async\" src=\"https:\/\/media.todojujuy.com\/p\/04368c48d3675954158d57ed038f053e\/adjuntos\/227\/imagenes\/003\/231\/0003231441\/770x0\/smart\/elementos-secuestradosjpg.jpg\" alt=\"La Divisi\u00f3n de Ciberdelitos detuvo a un juje\u00f1o por comercializaci\u00f3n de pornograf\u00eda infantil\"\/><figcaption>Detenido por comercializar pornograf\u00eda infantil. Imagen: Todo Jujuy. <\/figcaption><\/figure>\n\n\n\n<p>Por \u00faltimo, record\u00e1 informarte sobre todo lo que sucede en la provincia de Jujuy, en el pa\u00eds y en el mundo en&nbsp;<a href=\"https:\/\/muyjujuy.com\/\">Muy Jujuy<\/a><\/p>\n","protected":false},"excerpt":{"rendered":"<p>Un sujeto fue detenido por comercializar pornograf\u00eda infantil por la Divisi\u00f3n de Ciberlitos de Jujuy. Ocurri\u00f3 en Punta Diamante. Se trata de un hecho deleznable que pone en foco la importancia del control del contenido que circula en internet de forma legal y segura por parte de las autoridades. El personal de la\u00a0Divisi\u00f3n de\u00a0Ciberdelitos,\u00a0de la [&hellip;]<\/p>\n","protected":false},"author":3,"featured_media":493,"comment_status":"open","ping_status":"open","sticky":false,"template":"","format":"standard","meta":{"footnotes":""},"categories":[27],"tags":[615,8,613,614],"class_list":{"0":"post-491","1":"post","2":"type-post","3":"status-publish","4":"format-standard","5":"has-post-thumbnail","7":"category-seguridad","8":"tag-ciberdelitos","9":"tag-jujuy","10":"tag-pornografia-infantil","11":"tag-punta-diamante"},"yoast_head":"<!-- This site is optimized with the Yoast SEO plugin v27.5 - https:\/\/yoast.com\/product\/yoast-seo-wordpress\/ -->\n<title>Detenido por comercializar pornograf\u00eda infantil - Muy Jujuy Seguridad<\/title>\n<meta name=\"description\" content=\"Ocurri\u00f3 en Punta Diamante. Un sujeto fue detenido por comercializar pornograf\u00eda infantil por la Divisi\u00f3n de Ciberlitos de Jujuy.\" \/>\n<meta name=\"robots\" content=\"index, follow, max-snippet:-1, max-image-preview:large, max-video-preview:-1\" \/>\n<link rel=\"canonical\" href=\"https:\/\/www.muyjujuy.com\/index.php\/2022\/06\/03\/detenido-por-comercializar-pornografia-infantil\/\" \/>\n<meta property=\"og:locale\" content=\"es_ES\" \/>\n<meta property=\"og:type\" content=\"article\" \/>\n<meta property=\"og:title\" content=\"Detenido por comercializar pornograf\u00eda infantil - Muy Jujuy Seguridad\" \/>\n<meta property=\"og:description\" content=\"Ocurri\u00f3 en Punta Diamante. Un sujeto fue detenido por comercializar pornograf\u00eda infantil por la Divisi\u00f3n de Ciberlitos de Jujuy.\" \/>\n<meta property=\"og:url\" content=\"https:\/\/www.muyjujuy.com\/index.php\/2022\/06\/03\/detenido-por-comercializar-pornografia-infantil\/\" \/>\n<meta property=\"og:site_name\" content=\"Muy Jujuy\" \/>\n<meta property=\"article:publisher\" content=\"https:\/\/www.facebook.com\/muyjujuycom\" \/>\n<meta property=\"article:published_time\" content=\"2022-06-03T23:51:22+00:00\" \/>\n<meta property=\"article:modified_time\" content=\"2022-06-03T23:52:14+00:00\" \/>\n<meta property=\"og:image\" content=\"https:\/\/www.muyjujuy.com\/wp-content\/uploads\/2022\/06\/ciberdelito-audio-iajpg.webp\" \/>\n\t<meta property=\"og:image:width\" content=\"1200\" \/>\n\t<meta property=\"og:image:height\" content=\"900\" \/>\n\t<meta property=\"og:image:type\" content=\"image\/webp\" \/>\n<meta name=\"author\" content=\"Redacci\u00f3n Muy Jujuy\" \/>\n<meta name=\"twitter:card\" content=\"summary_large_image\" \/>\n<meta name=\"twitter:creator\" content=\"@muyjujuy\" \/>\n<meta name=\"twitter:site\" content=\"@muyjujuy\" \/>\n<meta name=\"twitter:label1\" content=\"Escrito por\" \/>\n\t<meta name=\"twitter:data1\" content=\"Redacci\u00f3n Muy Jujuy\" \/>\n\t<meta name=\"twitter:label2\" content=\"Tiempo de lectura\" \/>\n\t<meta name=\"twitter:data2\" content=\"2 minutos\" \/>\n<script type=\"application\/ld+json\" class=\"yoast-schema-graph\">{\"@context\":\"https:\\\/\\\/schema.org\",\"@graph\":[{\"@type\":\"Article\",\"@id\":\"https:\\\/\\\/www.muyjujuy.com\\\/index.php\\\/2022\\\/06\\\/03\\\/detenido-por-comercializar-pornografia-infantil\\\/#article\",\"isPartOf\":{\"@id\":\"https:\\\/\\\/www.muyjujuy.com\\\/index.php\\\/2022\\\/06\\\/03\\\/detenido-por-comercializar-pornografia-infantil\\\/\"},\"author\":{\"name\":\"Redacci\u00f3n Muy Jujuy\",\"@id\":\"https:\\\/\\\/www.muyjujuy.com\\\/#\\\/schema\\\/person\\\/1d0f6e223ccea9e3f9034c1a5b683bf2\"},\"headline\":\"Detenido por comercializar pornograf\u00eda infantil\",\"datePublished\":\"2022-06-03T23:51:22+00:00\",\"dateModified\":\"2022-06-03T23:52:14+00:00\",\"mainEntityOfPage\":{\"@id\":\"https:\\\/\\\/www.muyjujuy.com\\\/index.php\\\/2022\\\/06\\\/03\\\/detenido-por-comercializar-pornografia-infantil\\\/\"},\"wordCount\":232,\"commentCount\":0,\"publisher\":{\"@id\":\"https:\\\/\\\/www.muyjujuy.com\\\/#organization\"},\"image\":{\"@id\":\"https:\\\/\\\/www.muyjujuy.com\\\/index.php\\\/2022\\\/06\\\/03\\\/detenido-por-comercializar-pornografia-infantil\\\/#primaryimage\"},\"thumbnailUrl\":\"https:\\\/\\\/www.muyjujuy.com\\\/wp-content\\\/uploads\\\/2022\\\/06\\\/ciberdelito-audio-iajpg.webp\",\"keywords\":[\"Ciberdelitos\",\"Jujuy\",\"Pornograf\u00eda Infantil\",\"Punta Diamante\"],\"articleSection\":[\"Seguridad\"],\"inLanguage\":\"es-AR\",\"potentialAction\":[{\"@type\":\"CommentAction\",\"name\":\"Comment\",\"target\":[\"https:\\\/\\\/www.muyjujuy.com\\\/index.php\\\/2022\\\/06\\\/03\\\/detenido-por-comercializar-pornografia-infantil\\\/#respond\"]}]},{\"@type\":\"WebPage\",\"@id\":\"https:\\\/\\\/www.muyjujuy.com\\\/index.php\\\/2022\\\/06\\\/03\\\/detenido-por-comercializar-pornografia-infantil\\\/\",\"url\":\"https:\\\/\\\/www.muyjujuy.com\\\/index.php\\\/2022\\\/06\\\/03\\\/detenido-por-comercializar-pornografia-infantil\\\/\",\"name\":\"Detenido por comercializar pornograf\u00eda infantil - Muy Jujuy Seguridad\",\"isPartOf\":{\"@id\":\"https:\\\/\\\/www.muyjujuy.com\\\/#website\"},\"primaryImageOfPage\":{\"@id\":\"https:\\\/\\\/www.muyjujuy.com\\\/index.php\\\/2022\\\/06\\\/03\\\/detenido-por-comercializar-pornografia-infantil\\\/#primaryimage\"},\"image\":{\"@id\":\"https:\\\/\\\/www.muyjujuy.com\\\/index.php\\\/2022\\\/06\\\/03\\\/detenido-por-comercializar-pornografia-infantil\\\/#primaryimage\"},\"thumbnailUrl\":\"https:\\\/\\\/www.muyjujuy.com\\\/wp-content\\\/uploads\\\/2022\\\/06\\\/ciberdelito-audio-iajpg.webp\",\"datePublished\":\"2022-06-03T23:51:22+00:00\",\"dateModified\":\"2022-06-03T23:52:14+00:00\",\"description\":\"Ocurri\u00f3 en Punta Diamante. Un sujeto fue detenido por comercializar pornograf\u00eda infantil por la Divisi\u00f3n de Ciberlitos de Jujuy.\",\"breadcrumb\":{\"@id\":\"https:\\\/\\\/www.muyjujuy.com\\\/index.php\\\/2022\\\/06\\\/03\\\/detenido-por-comercializar-pornografia-infantil\\\/#breadcrumb\"},\"inLanguage\":\"es-AR\",\"potentialAction\":[{\"@type\":\"ReadAction\",\"target\":[\"https:\\\/\\\/www.muyjujuy.com\\\/index.php\\\/2022\\\/06\\\/03\\\/detenido-por-comercializar-pornografia-infantil\\\/\"]}]},{\"@type\":\"ImageObject\",\"inLanguage\":\"es-AR\",\"@id\":\"https:\\\/\\\/www.muyjujuy.com\\\/index.php\\\/2022\\\/06\\\/03\\\/detenido-por-comercializar-pornografia-infantil\\\/#primaryimage\",\"url\":\"https:\\\/\\\/www.muyjujuy.com\\\/wp-content\\\/uploads\\\/2022\\\/06\\\/ciberdelito-audio-iajpg.webp\",\"contentUrl\":\"https:\\\/\\\/www.muyjujuy.com\\\/wp-content\\\/uploads\\\/2022\\\/06\\\/ciberdelito-audio-iajpg.webp\",\"width\":1200,\"height\":900,\"caption\":\"Imagen cortes\u00eda de \u00c1mbito\"},{\"@type\":\"BreadcrumbList\",\"@id\":\"https:\\\/\\\/www.muyjujuy.com\\\/index.php\\\/2022\\\/06\\\/03\\\/detenido-por-comercializar-pornografia-infantil\\\/#breadcrumb\",\"itemListElement\":[{\"@type\":\"ListItem\",\"position\":1,\"name\":\"Inicio\",\"item\":\"https:\\\/\\\/www.muyjujuy.com\\\/\"},{\"@type\":\"ListItem\",\"position\":2,\"name\":\"Detenido por comercializar pornograf\u00eda infantil\"}]},{\"@type\":\"WebSite\",\"@id\":\"https:\\\/\\\/www.muyjujuy.com\\\/#website\",\"url\":\"https:\\\/\\\/www.muyjujuy.com\\\/\",\"name\":\"Muy Jujuy\",\"description\":\"\",\"publisher\":{\"@id\":\"https:\\\/\\\/www.muyjujuy.com\\\/#organization\"},\"potentialAction\":[{\"@type\":\"SearchAction\",\"target\":{\"@type\":\"EntryPoint\",\"urlTemplate\":\"https:\\\/\\\/www.muyjujuy.com\\\/?s={search_term_string}\"},\"query-input\":{\"@type\":\"PropertyValueSpecification\",\"valueRequired\":true,\"valueName\":\"search_term_string\"}}],\"inLanguage\":\"es-AR\"},{\"@type\":\"Organization\",\"@id\":\"https:\\\/\\\/www.muyjujuy.com\\\/#organization\",\"name\":\"Muy Jujuy\",\"url\":\"https:\\\/\\\/www.muyjujuy.com\\\/\",\"logo\":{\"@type\":\"ImageObject\",\"inLanguage\":\"es-AR\",\"@id\":\"https:\\\/\\\/www.muyjujuy.com\\\/#\\\/schema\\\/logo\\\/image\\\/\",\"url\":\"http:\\\/\\\/www.muyjujuy.com\\\/wp-content\\\/uploads\\\/2022\\\/05\\\/logo-mobil-jujuy.png\",\"contentUrl\":\"http:\\\/\\\/www.muyjujuy.com\\\/wp-content\\\/uploads\\\/2022\\\/05\\\/logo-mobil-jujuy.png\",\"width\":174,\"height\":81,\"caption\":\"Muy Jujuy\"},\"image\":{\"@id\":\"https:\\\/\\\/www.muyjujuy.com\\\/#\\\/schema\\\/logo\\\/image\\\/\"},\"sameAs\":[\"https:\\\/\\\/www.facebook.com\\\/muyjujuycom\",\"https:\\\/\\\/x.com\\\/muyjujuy\",\"https:\\\/\\\/www.instagram.com\\\/muyjujuycom\"]},{\"@type\":\"Person\",\"@id\":\"https:\\\/\\\/www.muyjujuy.com\\\/#\\\/schema\\\/person\\\/1d0f6e223ccea9e3f9034c1a5b683bf2\",\"name\":\"Redacci\u00f3n Muy Jujuy\",\"image\":{\"@type\":\"ImageObject\",\"inLanguage\":\"es-AR\",\"@id\":\"https:\\\/\\\/secure.gravatar.com\\\/avatar\\\/fec5f6f1893d741ed5eecccff109ce43e67a855411202a3212a058cb8e5c27d4?s=96&d=mm&r=g\",\"url\":\"https:\\\/\\\/secure.gravatar.com\\\/avatar\\\/fec5f6f1893d741ed5eecccff109ce43e67a855411202a3212a058cb8e5c27d4?s=96&d=mm&r=g\",\"contentUrl\":\"https:\\\/\\\/secure.gravatar.com\\\/avatar\\\/fec5f6f1893d741ed5eecccff109ce43e67a855411202a3212a058cb8e5c27d4?s=96&d=mm&r=g\",\"caption\":\"Redacci\u00f3n Muy Jujuy\"},\"url\":\"https:\\\/\\\/www.muyjujuy.com\\\/index.php\\\/author\\\/editor\\\/\"}]}<\/script>\n<!-- \/ Yoast SEO plugin. -->","yoast_head_json":{"title":"Detenido por comercializar pornograf\u00eda infantil - Muy Jujuy Seguridad","description":"Ocurri\u00f3 en Punta Diamante. Un sujeto fue detenido por comercializar pornograf\u00eda infantil por la Divisi\u00f3n de Ciberlitos de Jujuy.","robots":{"index":"index","follow":"follow","max-snippet":"max-snippet:-1","max-image-preview":"max-image-preview:large","max-video-preview":"max-video-preview:-1"},"canonical":"https:\/\/www.muyjujuy.com\/index.php\/2022\/06\/03\/detenido-por-comercializar-pornografia-infantil\/","og_locale":"es_ES","og_type":"article","og_title":"Detenido por comercializar pornograf\u00eda infantil - Muy Jujuy Seguridad","og_description":"Ocurri\u00f3 en Punta Diamante. Un sujeto fue detenido por comercializar pornograf\u00eda infantil por la Divisi\u00f3n de Ciberlitos de Jujuy.","og_url":"https:\/\/www.muyjujuy.com\/index.php\/2022\/06\/03\/detenido-por-comercializar-pornografia-infantil\/","og_site_name":"Muy Jujuy","article_publisher":"https:\/\/www.facebook.com\/muyjujuycom","article_published_time":"2022-06-03T23:51:22+00:00","article_modified_time":"2022-06-03T23:52:14+00:00","og_image":[{"width":1200,"height":900,"url":"https:\/\/www.muyjujuy.com\/wp-content\/uploads\/2022\/06\/ciberdelito-audio-iajpg.webp","type":"image\/webp"}],"author":"Redacci\u00f3n Muy Jujuy","twitter_card":"summary_large_image","twitter_creator":"@muyjujuy","twitter_site":"@muyjujuy","twitter_misc":{"Escrito por":"Redacci\u00f3n Muy Jujuy","Tiempo de lectura":"2 minutos"},"schema":{"@context":"https:\/\/schema.org","@graph":[{"@type":"Article","@id":"https:\/\/www.muyjujuy.com\/index.php\/2022\/06\/03\/detenido-por-comercializar-pornografia-infantil\/#article","isPartOf":{"@id":"https:\/\/www.muyjujuy.com\/index.php\/2022\/06\/03\/detenido-por-comercializar-pornografia-infantil\/"},"author":{"name":"Redacci\u00f3n Muy Jujuy","@id":"https:\/\/www.muyjujuy.com\/#\/schema\/person\/1d0f6e223ccea9e3f9034c1a5b683bf2"},"headline":"Detenido por comercializar pornograf\u00eda infantil","datePublished":"2022-06-03T23:51:22+00:00","dateModified":"2022-06-03T23:52:14+00:00","mainEntityOfPage":{"@id":"https:\/\/www.muyjujuy.com\/index.php\/2022\/06\/03\/detenido-por-comercializar-pornografia-infantil\/"},"wordCount":232,"commentCount":0,"publisher":{"@id":"https:\/\/www.muyjujuy.com\/#organization"},"image":{"@id":"https:\/\/www.muyjujuy.com\/index.php\/2022\/06\/03\/detenido-por-comercializar-pornografia-infantil\/#primaryimage"},"thumbnailUrl":"https:\/\/www.muyjujuy.com\/wp-content\/uploads\/2022\/06\/ciberdelito-audio-iajpg.webp","keywords":["Ciberdelitos","Jujuy","Pornograf\u00eda Infantil","Punta Diamante"],"articleSection":["Seguridad"],"inLanguage":"es-AR","potentialAction":[{"@type":"CommentAction","name":"Comment","target":["https:\/\/www.muyjujuy.com\/index.php\/2022\/06\/03\/detenido-por-comercializar-pornografia-infantil\/#respond"]}]},{"@type":"WebPage","@id":"https:\/\/www.muyjujuy.com\/index.php\/2022\/06\/03\/detenido-por-comercializar-pornografia-infantil\/","url":"https:\/\/www.muyjujuy.com\/index.php\/2022\/06\/03\/detenido-por-comercializar-pornografia-infantil\/","name":"Detenido por comercializar pornograf\u00eda infantil - Muy Jujuy Seguridad","isPartOf":{"@id":"https:\/\/www.muyjujuy.com\/#website"},"primaryImageOfPage":{"@id":"https:\/\/www.muyjujuy.com\/index.php\/2022\/06\/03\/detenido-por-comercializar-pornografia-infantil\/#primaryimage"},"image":{"@id":"https:\/\/www.muyjujuy.com\/index.php\/2022\/06\/03\/detenido-por-comercializar-pornografia-infantil\/#primaryimage"},"thumbnailUrl":"https:\/\/www.muyjujuy.com\/wp-content\/uploads\/2022\/06\/ciberdelito-audio-iajpg.webp","datePublished":"2022-06-03T23:51:22+00:00","dateModified":"2022-06-03T23:52:14+00:00","description":"Ocurri\u00f3 en Punta Diamante. Un sujeto fue detenido por comercializar pornograf\u00eda infantil por la Divisi\u00f3n de Ciberlitos de Jujuy.","breadcrumb":{"@id":"https:\/\/www.muyjujuy.com\/index.php\/2022\/06\/03\/detenido-por-comercializar-pornografia-infantil\/#breadcrumb"},"inLanguage":"es-AR","potentialAction":[{"@type":"ReadAction","target":["https:\/\/www.muyjujuy.com\/index.php\/2022\/06\/03\/detenido-por-comercializar-pornografia-infantil\/"]}]},{"@type":"ImageObject","inLanguage":"es-AR","@id":"https:\/\/www.muyjujuy.com\/index.php\/2022\/06\/03\/detenido-por-comercializar-pornografia-infantil\/#primaryimage","url":"https:\/\/www.muyjujuy.com\/wp-content\/uploads\/2022\/06\/ciberdelito-audio-iajpg.webp","contentUrl":"https:\/\/www.muyjujuy.com\/wp-content\/uploads\/2022\/06\/ciberdelito-audio-iajpg.webp","width":1200,"height":900,"caption":"Imagen cortes\u00eda de \u00c1mbito"},{"@type":"BreadcrumbList","@id":"https:\/\/www.muyjujuy.com\/index.php\/2022\/06\/03\/detenido-por-comercializar-pornografia-infantil\/#breadcrumb","itemListElement":[{"@type":"ListItem","position":1,"name":"Inicio","item":"https:\/\/www.muyjujuy.com\/"},{"@type":"ListItem","position":2,"name":"Detenido por comercializar pornograf\u00eda infantil"}]},{"@type":"WebSite","@id":"https:\/\/www.muyjujuy.com\/#website","url":"https:\/\/www.muyjujuy.com\/","name":"Muy Jujuy","description":"","publisher":{"@id":"https:\/\/www.muyjujuy.com\/#organization"},"potentialAction":[{"@type":"SearchAction","target":{"@type":"EntryPoint","urlTemplate":"https:\/\/www.muyjujuy.com\/?s={search_term_string}"},"query-input":{"@type":"PropertyValueSpecification","valueRequired":true,"valueName":"search_term_string"}}],"inLanguage":"es-AR"},{"@type":"Organization","@id":"https:\/\/www.muyjujuy.com\/#organization","name":"Muy Jujuy","url":"https:\/\/www.muyjujuy.com\/","logo":{"@type":"ImageObject","inLanguage":"es-AR","@id":"https:\/\/www.muyjujuy.com\/#\/schema\/logo\/image\/","url":"http:\/\/www.muyjujuy.com\/wp-content\/uploads\/2022\/05\/logo-mobil-jujuy.png","contentUrl":"http:\/\/www.muyjujuy.com\/wp-content\/uploads\/2022\/05\/logo-mobil-jujuy.png","width":174,"height":81,"caption":"Muy Jujuy"},"image":{"@id":"https:\/\/www.muyjujuy.com\/#\/schema\/logo\/image\/"},"sameAs":["https:\/\/www.facebook.com\/muyjujuycom","https:\/\/x.com\/muyjujuy","https:\/\/www.instagram.com\/muyjujuycom"]},{"@type":"Person","@id":"https:\/\/www.muyjujuy.com\/#\/schema\/person\/1d0f6e223ccea9e3f9034c1a5b683bf2","name":"Redacci\u00f3n Muy Jujuy","image":{"@type":"ImageObject","inLanguage":"es-AR","@id":"https:\/\/secure.gravatar.com\/avatar\/fec5f6f1893d741ed5eecccff109ce43e67a855411202a3212a058cb8e5c27d4?s=96&d=mm&r=g","url":"https:\/\/secure.gravatar.com\/avatar\/fec5f6f1893d741ed5eecccff109ce43e67a855411202a3212a058cb8e5c27d4?s=96&d=mm&r=g","contentUrl":"https:\/\/secure.gravatar.com\/avatar\/fec5f6f1893d741ed5eecccff109ce43e67a855411202a3212a058cb8e5c27d4?s=96&d=mm&r=g","caption":"Redacci\u00f3n Muy Jujuy"},"url":"https:\/\/www.muyjujuy.com\/index.php\/author\/editor\/"}]}},"_links":{"self":[{"href":"https:\/\/www.muyjujuy.com\/index.php\/wp-json\/wp\/v2\/posts\/491","targetHints":{"allow":["GET"]}}],"collection":[{"href":"https:\/\/www.muyjujuy.com\/index.php\/wp-json\/wp\/v2\/posts"}],"about":[{"href":"https:\/\/www.muyjujuy.com\/index.php\/wp-json\/wp\/v2\/types\/post"}],"author":[{"embeddable":true,"href":"https:\/\/www.muyjujuy.com\/index.php\/wp-json\/wp\/v2\/users\/3"}],"replies":[{"embeddable":true,"href":"https:\/\/www.muyjujuy.com\/index.php\/wp-json\/wp\/v2\/comments?post=491"}],"version-history":[{"count":1,"href":"https:\/\/www.muyjujuy.com\/index.php\/wp-json\/wp\/v2\/posts\/491\/revisions"}],"predecessor-version":[{"id":492,"href":"https:\/\/www.muyjujuy.com\/index.php\/wp-json\/wp\/v2\/posts\/491\/revisions\/492"}],"wp:featuredmedia":[{"embeddable":true,"href":"https:\/\/www.muyjujuy.com\/index.php\/wp-json\/wp\/v2\/media\/493"}],"wp:attachment":[{"href":"https:\/\/www.muyjujuy.com\/index.php\/wp-json\/wp\/v2\/media?parent=491"}],"wp:term":[{"taxonomy":"category","embeddable":true,"href":"https:\/\/www.muyjujuy.com\/index.php\/wp-json\/wp\/v2\/categories?post=491"},{"taxonomy":"post_tag","embeddable":true,"href":"https:\/\/www.muyjujuy.com\/index.php\/wp-json\/wp\/v2\/tags?post=491"}],"curies":[{"name":"wp","href":"https:\/\/api.w.org\/{rel}","templated":true}]}}