{"id":507,"date":"2022-06-07T15:17:08","date_gmt":"2022-06-07T18:17:08","guid":{"rendered":"https:\/\/www.muyjujuy.com\/?p=507"},"modified":"2022-06-07T18:19:22","modified_gmt":"2022-06-07T21:19:22","slug":"dario-franco-fuimos-de-menos-a-mas-estamos-atravesando-un-buen-momento","status":"publish","type":"post","link":"https:\/\/www.muyjujuy.com\/index.php\/2022\/06\/07\/dario-franco-fuimos-de-menos-a-mas-estamos-atravesando-un-buen-momento\/","title":{"rendered":"Dar\u00edo Franco: &#8220;Fuimos de menos a m\u00e1s, estamos atravesando un buen momento&#8221;"},"content":{"rendered":"\n<p><em>El DT del Lobo destac\u00f3 el rendimiento del equipo y se mostr\u00f3 positivo ante el encuentro con Flandria.<\/em><br><br>El DT de Gimnasia y Esgrima de Jujuy, Dar\u00edo Franco, habl\u00f3 sobre la fecha libre que el equipo cumpli\u00f3 el fin de semana. &#8220;La semana de descanso nos vino bien sobre todo para recuperar a algunos jugadores que no estaban de la mejor manera. Ahora ya tenemos la mente puesta en seguir trabajando para enfrentar a Flandria&#8221;, marc\u00f3.<\/p>\n\n\n\n<p>En di\u00e1logo con Mesa Deportiva, realiz\u00f3 un balance desde su llegada y de su cuerpo t\u00e9cnico. <strong>\u201cA partir de nuestra llegada el balance es positivo<\/strong>. El equipo est\u00e1 yendo de menos a m\u00e1s y atraviesa un buen momento que tenemos que reconfirmarlo frente a Flandria&#8221;, subray\u00f3. <\/p>\n\n\n\n<p>Adem\u00e1s, apunt\u00f3 que &#8220;esto es d\u00eda a d\u00eda y esperemos poder repetir el buen juego y la contundencia que venimos mostrando\u201d.<\/p>\n\n\n\n<p>De un tiempo a esta parte, el rodaje futbol\u00edstico que encontr\u00f3 bajo el sello de Franco como entrenador del primer equipo de Gimnasia es notable. <\/p>\n\n\n\n<p><strong>El DT supo como cambiar la matriz tanto en lo an\u00edmico y en lo deportivo <\/strong>en un equipo que ven\u00eda de puras p\u00e1lidas. Al respecto opin\u00f3: \u201cDespu\u00e9s del cambio de nombres en el partido contra Riestra se ha visto un buen funcionamiento en todos los partidos. Incluso hasta el que perdimos contra Villa Dalmine, pero en l\u00ednea generales veo un buen funcionamiento del equipo\u201d.<\/p>\n\n\n\n<h2 class=\"wp-block-heading\">Llegada de refuerzos a Gimnasia<\/h2>\n\n\n\n<p>El DT con pasado en Instituto de C\u00f3rdoba se refiri\u00f3 a la llegada de algunos refuerzos que arribar\u00e1n en las pr\u00f3ximas horas para sumarse al plantel y empezar con las tareas en el Complejo Deportivo Papel NOA.<\/p>\n\n\n\n<p><strong>\u201cDiego Magallanes<\/strong> proveniente de Colegiales es lateral derecho y tambi\u00e9n puede cumplir las funciones de carrilero en l\u00ednea de 5, tiene gol, buena llegada, estatura y buena pegada\u201d, destac\u00f3. <br><br>Otro es <strong>Mat\u00edas Rapetti, <\/strong>quien ya tuvo su primer entrenamiento con el plantel: <strong>\u201cEs zurdo y nos puede dar mucho a la hora de atacar, puede hacer las veces de central tambi\u00e9n\u201d.<\/strong> <\/p>\n\n\n\n<p>Hasta ahora el \u00faltimo nombre que se dio a conocer es el de <strong>Lucas Rebecchi<\/strong> quien llega desde V\u00e9lez Sarsfield con inferiores en el club de Liniers: <strong>\u201cLucas es un centro delantero muy r\u00e1pido sabe buscar las diagonales a espalda de los defensores, es intenso y muy laborioso a la hora de recuperar la pelota\u201d.<\/strong><\/p>\n","protected":false},"excerpt":{"rendered":"<p>El DT del Lobo destac\u00f3 el rendimiento del equipo y se mostr\u00f3 positivo ante el encuentro con Flandria. El DT de Gimnasia y Esgrima de Jujuy, Dar\u00edo Franco, habl\u00f3 sobre la fecha libre que el equipo cumpli\u00f3 el fin de semana. &#8220;La semana de descanso nos vino bien sobre todo para recuperar a algunos jugadores [&hellip;]<\/p>\n","protected":false},"author":3,"featured_media":508,"comment_status":"open","ping_status":"open","sticky":false,"template":"","format":"standard","meta":{"footnotes":""},"categories":[26],"tags":[499,3,8],"class_list":{"0":"post-507","1":"post","2":"type-post","3":"status-publish","4":"format-standard","5":"has-post-thumbnail","7":"category-deportes","8":"tag-futbol","9":"tag-gimnasia-de-jujuy","10":"tag-jujuy"},"yoast_head":"<!-- This site is optimized with the Yoast SEO plugin v27.5 - https:\/\/yoast.com\/product\/yoast-seo-wordpress\/ -->\n<title>Dar\u00edo Franco: &quot;Fuimos de menos a m\u00e1s, estamos atravesando un buen momento&quot; - Muy Jujuy<\/title>\n<meta name=\"description\" content=\"El DT de Gimnasia de Jujuy, Dar\u00edo Franco, destac\u00f3 el rendimiento del equipo en los \u00faltimos partidos y los refuerzos que llegar\u00e1n en los pr\u00f3ximos d\u00edas.\" \/>\n<meta name=\"robots\" content=\"index, follow, max-snippet:-1, max-image-preview:large, max-video-preview:-1\" \/>\n<link rel=\"canonical\" href=\"https:\/\/www.muyjujuy.com\/index.php\/2022\/06\/07\/dario-franco-fuimos-de-menos-a-mas-estamos-atravesando-un-buen-momento\/\" \/>\n<meta property=\"og:locale\" content=\"es_ES\" \/>\n<meta property=\"og:type\" content=\"article\" \/>\n<meta property=\"og:title\" content=\"Dar\u00edo Franco: &quot;Fuimos de menos a m\u00e1s, estamos atravesando un buen momento&quot; - Muy Jujuy\" \/>\n<meta property=\"og:description\" content=\"El DT de Gimnasia de Jujuy, Dar\u00edo Franco, destac\u00f3 el rendimiento del equipo en los \u00faltimos partidos y los refuerzos que llegar\u00e1n en los pr\u00f3ximos d\u00edas.\" \/>\n<meta property=\"og:url\" content=\"https:\/\/www.muyjujuy.com\/index.php\/2022\/06\/07\/dario-franco-fuimos-de-menos-a-mas-estamos-atravesando-un-buen-momento\/\" \/>\n<meta property=\"og:site_name\" content=\"Muy Jujuy\" \/>\n<meta property=\"article:publisher\" content=\"https:\/\/www.facebook.com\/muyjujuycom\" \/>\n<meta property=\"article:published_time\" content=\"2022-06-07T18:17:08+00:00\" \/>\n<meta property=\"article:modified_time\" content=\"2022-06-07T21:19:22+00:00\" \/>\n<meta property=\"og:image\" content=\"https:\/\/www.muyjujuy.com\/wp-content\/uploads\/2022\/06\/WhatsApp-Image-2022-06-07-at-3.15.39-PM.jpeg\" \/>\n\t<meta property=\"og:image:width\" content=\"1200\" \/>\n\t<meta property=\"og:image:height\" content=\"675\" \/>\n\t<meta property=\"og:image:type\" content=\"image\/jpeg\" \/>\n<meta name=\"author\" content=\"Redacci\u00f3n Muy Jujuy\" \/>\n<meta name=\"twitter:card\" content=\"summary_large_image\" \/>\n<meta name=\"twitter:creator\" content=\"@muyjujuy\" \/>\n<meta name=\"twitter:site\" content=\"@muyjujuy\" \/>\n<meta name=\"twitter:label1\" content=\"Escrito por\" \/>\n\t<meta name=\"twitter:data1\" content=\"Redacci\u00f3n Muy Jujuy\" \/>\n\t<meta name=\"twitter:label2\" content=\"Tiempo de lectura\" \/>\n\t<meta name=\"twitter:data2\" content=\"2 minutos\" \/>\n<script type=\"application\/ld+json\" class=\"yoast-schema-graph\">{\"@context\":\"https:\\\/\\\/schema.org\",\"@graph\":[{\"@type\":\"Article\",\"@id\":\"https:\\\/\\\/www.muyjujuy.com\\\/index.php\\\/2022\\\/06\\\/07\\\/dario-franco-fuimos-de-menos-a-mas-estamos-atravesando-un-buen-momento\\\/#article\",\"isPartOf\":{\"@id\":\"https:\\\/\\\/www.muyjujuy.com\\\/index.php\\\/2022\\\/06\\\/07\\\/dario-franco-fuimos-de-menos-a-mas-estamos-atravesando-un-buen-momento\\\/\"},\"author\":{\"name\":\"Redacci\u00f3n Muy Jujuy\",\"@id\":\"https:\\\/\\\/www.muyjujuy.com\\\/#\\\/schema\\\/person\\\/1d0f6e223ccea9e3f9034c1a5b683bf2\"},\"headline\":\"Dar\u00edo Franco: &#8220;Fuimos de menos a m\u00e1s, estamos atravesando un buen momento&#8221;\",\"datePublished\":\"2022-06-07T18:17:08+00:00\",\"dateModified\":\"2022-06-07T21:19:22+00:00\",\"mainEntityOfPage\":{\"@id\":\"https:\\\/\\\/www.muyjujuy.com\\\/index.php\\\/2022\\\/06\\\/07\\\/dario-franco-fuimos-de-menos-a-mas-estamos-atravesando-un-buen-momento\\\/\"},\"wordCount\":425,\"commentCount\":0,\"publisher\":{\"@id\":\"https:\\\/\\\/www.muyjujuy.com\\\/#organization\"},\"image\":{\"@id\":\"https:\\\/\\\/www.muyjujuy.com\\\/index.php\\\/2022\\\/06\\\/07\\\/dario-franco-fuimos-de-menos-a-mas-estamos-atravesando-un-buen-momento\\\/#primaryimage\"},\"thumbnailUrl\":\"https:\\\/\\\/www.muyjujuy.com\\\/wp-content\\\/uploads\\\/2022\\\/06\\\/WhatsApp-Image-2022-06-07-at-3.15.39-PM.jpeg\",\"keywords\":[\"F\u00fatbol\",\"Gimnasia de Jujuy\",\"Jujuy\"],\"articleSection\":[\"Deportes\"],\"inLanguage\":\"es-AR\",\"potentialAction\":[{\"@type\":\"CommentAction\",\"name\":\"Comment\",\"target\":[\"https:\\\/\\\/www.muyjujuy.com\\\/index.php\\\/2022\\\/06\\\/07\\\/dario-franco-fuimos-de-menos-a-mas-estamos-atravesando-un-buen-momento\\\/#respond\"]}]},{\"@type\":\"WebPage\",\"@id\":\"https:\\\/\\\/www.muyjujuy.com\\\/index.php\\\/2022\\\/06\\\/07\\\/dario-franco-fuimos-de-menos-a-mas-estamos-atravesando-un-buen-momento\\\/\",\"url\":\"https:\\\/\\\/www.muyjujuy.com\\\/index.php\\\/2022\\\/06\\\/07\\\/dario-franco-fuimos-de-menos-a-mas-estamos-atravesando-un-buen-momento\\\/\",\"name\":\"Dar\u00edo Franco: \\\"Fuimos de menos a m\u00e1s, estamos atravesando un buen momento\\\" - Muy Jujuy\",\"isPartOf\":{\"@id\":\"https:\\\/\\\/www.muyjujuy.com\\\/#website\"},\"primaryImageOfPage\":{\"@id\":\"https:\\\/\\\/www.muyjujuy.com\\\/index.php\\\/2022\\\/06\\\/07\\\/dario-franco-fuimos-de-menos-a-mas-estamos-atravesando-un-buen-momento\\\/#primaryimage\"},\"image\":{\"@id\":\"https:\\\/\\\/www.muyjujuy.com\\\/index.php\\\/2022\\\/06\\\/07\\\/dario-franco-fuimos-de-menos-a-mas-estamos-atravesando-un-buen-momento\\\/#primaryimage\"},\"thumbnailUrl\":\"https:\\\/\\\/www.muyjujuy.com\\\/wp-content\\\/uploads\\\/2022\\\/06\\\/WhatsApp-Image-2022-06-07-at-3.15.39-PM.jpeg\",\"datePublished\":\"2022-06-07T18:17:08+00:00\",\"dateModified\":\"2022-06-07T21:19:22+00:00\",\"description\":\"El DT de Gimnasia de Jujuy, Dar\u00edo Franco, destac\u00f3 el rendimiento del equipo en los \u00faltimos partidos y los refuerzos que llegar\u00e1n en los pr\u00f3ximos d\u00edas.\",\"breadcrumb\":{\"@id\":\"https:\\\/\\\/www.muyjujuy.com\\\/index.php\\\/2022\\\/06\\\/07\\\/dario-franco-fuimos-de-menos-a-mas-estamos-atravesando-un-buen-momento\\\/#breadcrumb\"},\"inLanguage\":\"es-AR\",\"potentialAction\":[{\"@type\":\"ReadAction\",\"target\":[\"https:\\\/\\\/www.muyjujuy.com\\\/index.php\\\/2022\\\/06\\\/07\\\/dario-franco-fuimos-de-menos-a-mas-estamos-atravesando-un-buen-momento\\\/\"]}]},{\"@type\":\"ImageObject\",\"inLanguage\":\"es-AR\",\"@id\":\"https:\\\/\\\/www.muyjujuy.com\\\/index.php\\\/2022\\\/06\\\/07\\\/dario-franco-fuimos-de-menos-a-mas-estamos-atravesando-un-buen-momento\\\/#primaryimage\",\"url\":\"https:\\\/\\\/www.muyjujuy.com\\\/wp-content\\\/uploads\\\/2022\\\/06\\\/WhatsApp-Image-2022-06-07-at-3.15.39-PM.jpeg\",\"contentUrl\":\"https:\\\/\\\/www.muyjujuy.com\\\/wp-content\\\/uploads\\\/2022\\\/06\\\/WhatsApp-Image-2022-06-07-at-3.15.39-PM.jpeg\",\"width\":1200,\"height\":675},{\"@type\":\"BreadcrumbList\",\"@id\":\"https:\\\/\\\/www.muyjujuy.com\\\/index.php\\\/2022\\\/06\\\/07\\\/dario-franco-fuimos-de-menos-a-mas-estamos-atravesando-un-buen-momento\\\/#breadcrumb\",\"itemListElement\":[{\"@type\":\"ListItem\",\"position\":1,\"name\":\"Inicio\",\"item\":\"https:\\\/\\\/www.muyjujuy.com\\\/\"},{\"@type\":\"ListItem\",\"position\":2,\"name\":\"Dar\u00edo Franco: &#8220;Fuimos de menos a m\u00e1s, estamos atravesando un buen momento&#8221;\"}]},{\"@type\":\"WebSite\",\"@id\":\"https:\\\/\\\/www.muyjujuy.com\\\/#website\",\"url\":\"https:\\\/\\\/www.muyjujuy.com\\\/\",\"name\":\"Muy Jujuy\",\"description\":\"\",\"publisher\":{\"@id\":\"https:\\\/\\\/www.muyjujuy.com\\\/#organization\"},\"potentialAction\":[{\"@type\":\"SearchAction\",\"target\":{\"@type\":\"EntryPoint\",\"urlTemplate\":\"https:\\\/\\\/www.muyjujuy.com\\\/?s={search_term_string}\"},\"query-input\":{\"@type\":\"PropertyValueSpecification\",\"valueRequired\":true,\"valueName\":\"search_term_string\"}}],\"inLanguage\":\"es-AR\"},{\"@type\":\"Organization\",\"@id\":\"https:\\\/\\\/www.muyjujuy.com\\\/#organization\",\"name\":\"Muy Jujuy\",\"url\":\"https:\\\/\\\/www.muyjujuy.com\\\/\",\"logo\":{\"@type\":\"ImageObject\",\"inLanguage\":\"es-AR\",\"@id\":\"https:\\\/\\\/www.muyjujuy.com\\\/#\\\/schema\\\/logo\\\/image\\\/\",\"url\":\"http:\\\/\\\/www.muyjujuy.com\\\/wp-content\\\/uploads\\\/2022\\\/05\\\/logo-mobil-jujuy.png\",\"contentUrl\":\"http:\\\/\\\/www.muyjujuy.com\\\/wp-content\\\/uploads\\\/2022\\\/05\\\/logo-mobil-jujuy.png\",\"width\":174,\"height\":81,\"caption\":\"Muy Jujuy\"},\"image\":{\"@id\":\"https:\\\/\\\/www.muyjujuy.com\\\/#\\\/schema\\\/logo\\\/image\\\/\"},\"sameAs\":[\"https:\\\/\\\/www.facebook.com\\\/muyjujuycom\",\"https:\\\/\\\/x.com\\\/muyjujuy\",\"https:\\\/\\\/www.instagram.com\\\/muyjujuycom\"]},{\"@type\":\"Person\",\"@id\":\"https:\\\/\\\/www.muyjujuy.com\\\/#\\\/schema\\\/person\\\/1d0f6e223ccea9e3f9034c1a5b683bf2\",\"name\":\"Redacci\u00f3n Muy Jujuy\",\"image\":{\"@type\":\"ImageObject\",\"inLanguage\":\"es-AR\",\"@id\":\"https:\\\/\\\/secure.gravatar.com\\\/avatar\\\/fec5f6f1893d741ed5eecccff109ce43e67a855411202a3212a058cb8e5c27d4?s=96&d=mm&r=g\",\"url\":\"https:\\\/\\\/secure.gravatar.com\\\/avatar\\\/fec5f6f1893d741ed5eecccff109ce43e67a855411202a3212a058cb8e5c27d4?s=96&d=mm&r=g\",\"contentUrl\":\"https:\\\/\\\/secure.gravatar.com\\\/avatar\\\/fec5f6f1893d741ed5eecccff109ce43e67a855411202a3212a058cb8e5c27d4?s=96&d=mm&r=g\",\"caption\":\"Redacci\u00f3n Muy Jujuy\"},\"url\":\"https:\\\/\\\/www.muyjujuy.com\\\/index.php\\\/author\\\/editor\\\/\"}]}<\/script>\n<!-- \/ Yoast SEO plugin. -->","yoast_head_json":{"title":"Dar\u00edo Franco: \"Fuimos de menos a m\u00e1s, estamos atravesando un buen momento\" - Muy Jujuy","description":"El DT de Gimnasia de Jujuy, Dar\u00edo Franco, destac\u00f3 el rendimiento del equipo en los \u00faltimos partidos y los refuerzos que llegar\u00e1n en los pr\u00f3ximos d\u00edas.","robots":{"index":"index","follow":"follow","max-snippet":"max-snippet:-1","max-image-preview":"max-image-preview:large","max-video-preview":"max-video-preview:-1"},"canonical":"https:\/\/www.muyjujuy.com\/index.php\/2022\/06\/07\/dario-franco-fuimos-de-menos-a-mas-estamos-atravesando-un-buen-momento\/","og_locale":"es_ES","og_type":"article","og_title":"Dar\u00edo Franco: \"Fuimos de menos a m\u00e1s, estamos atravesando un buen momento\" - Muy Jujuy","og_description":"El DT de Gimnasia de Jujuy, Dar\u00edo Franco, destac\u00f3 el rendimiento del equipo en los \u00faltimos partidos y los refuerzos que llegar\u00e1n en los pr\u00f3ximos d\u00edas.","og_url":"https:\/\/www.muyjujuy.com\/index.php\/2022\/06\/07\/dario-franco-fuimos-de-menos-a-mas-estamos-atravesando-un-buen-momento\/","og_site_name":"Muy Jujuy","article_publisher":"https:\/\/www.facebook.com\/muyjujuycom","article_published_time":"2022-06-07T18:17:08+00:00","article_modified_time":"2022-06-07T21:19:22+00:00","og_image":[{"width":1200,"height":675,"url":"https:\/\/www.muyjujuy.com\/wp-content\/uploads\/2022\/06\/WhatsApp-Image-2022-06-07-at-3.15.39-PM.jpeg","type":"image\/jpeg"}],"author":"Redacci\u00f3n Muy Jujuy","twitter_card":"summary_large_image","twitter_creator":"@muyjujuy","twitter_site":"@muyjujuy","twitter_misc":{"Escrito por":"Redacci\u00f3n Muy Jujuy","Tiempo de lectura":"2 minutos"},"schema":{"@context":"https:\/\/schema.org","@graph":[{"@type":"Article","@id":"https:\/\/www.muyjujuy.com\/index.php\/2022\/06\/07\/dario-franco-fuimos-de-menos-a-mas-estamos-atravesando-un-buen-momento\/#article","isPartOf":{"@id":"https:\/\/www.muyjujuy.com\/index.php\/2022\/06\/07\/dario-franco-fuimos-de-menos-a-mas-estamos-atravesando-un-buen-momento\/"},"author":{"name":"Redacci\u00f3n Muy Jujuy","@id":"https:\/\/www.muyjujuy.com\/#\/schema\/person\/1d0f6e223ccea9e3f9034c1a5b683bf2"},"headline":"Dar\u00edo Franco: &#8220;Fuimos de menos a m\u00e1s, estamos atravesando un buen momento&#8221;","datePublished":"2022-06-07T18:17:08+00:00","dateModified":"2022-06-07T21:19:22+00:00","mainEntityOfPage":{"@id":"https:\/\/www.muyjujuy.com\/index.php\/2022\/06\/07\/dario-franco-fuimos-de-menos-a-mas-estamos-atravesando-un-buen-momento\/"},"wordCount":425,"commentCount":0,"publisher":{"@id":"https:\/\/www.muyjujuy.com\/#organization"},"image":{"@id":"https:\/\/www.muyjujuy.com\/index.php\/2022\/06\/07\/dario-franco-fuimos-de-menos-a-mas-estamos-atravesando-un-buen-momento\/#primaryimage"},"thumbnailUrl":"https:\/\/www.muyjujuy.com\/wp-content\/uploads\/2022\/06\/WhatsApp-Image-2022-06-07-at-3.15.39-PM.jpeg","keywords":["F\u00fatbol","Gimnasia de Jujuy","Jujuy"],"articleSection":["Deportes"],"inLanguage":"es-AR","potentialAction":[{"@type":"CommentAction","name":"Comment","target":["https:\/\/www.muyjujuy.com\/index.php\/2022\/06\/07\/dario-franco-fuimos-de-menos-a-mas-estamos-atravesando-un-buen-momento\/#respond"]}]},{"@type":"WebPage","@id":"https:\/\/www.muyjujuy.com\/index.php\/2022\/06\/07\/dario-franco-fuimos-de-menos-a-mas-estamos-atravesando-un-buen-momento\/","url":"https:\/\/www.muyjujuy.com\/index.php\/2022\/06\/07\/dario-franco-fuimos-de-menos-a-mas-estamos-atravesando-un-buen-momento\/","name":"Dar\u00edo Franco: \"Fuimos de menos a m\u00e1s, estamos atravesando un buen momento\" - Muy Jujuy","isPartOf":{"@id":"https:\/\/www.muyjujuy.com\/#website"},"primaryImageOfPage":{"@id":"https:\/\/www.muyjujuy.com\/index.php\/2022\/06\/07\/dario-franco-fuimos-de-menos-a-mas-estamos-atravesando-un-buen-momento\/#primaryimage"},"image":{"@id":"https:\/\/www.muyjujuy.com\/index.php\/2022\/06\/07\/dario-franco-fuimos-de-menos-a-mas-estamos-atravesando-un-buen-momento\/#primaryimage"},"thumbnailUrl":"https:\/\/www.muyjujuy.com\/wp-content\/uploads\/2022\/06\/WhatsApp-Image-2022-06-07-at-3.15.39-PM.jpeg","datePublished":"2022-06-07T18:17:08+00:00","dateModified":"2022-06-07T21:19:22+00:00","description":"El DT de Gimnasia de Jujuy, Dar\u00edo Franco, destac\u00f3 el rendimiento del equipo en los \u00faltimos partidos y los refuerzos que llegar\u00e1n en los pr\u00f3ximos d\u00edas.","breadcrumb":{"@id":"https:\/\/www.muyjujuy.com\/index.php\/2022\/06\/07\/dario-franco-fuimos-de-menos-a-mas-estamos-atravesando-un-buen-momento\/#breadcrumb"},"inLanguage":"es-AR","potentialAction":[{"@type":"ReadAction","target":["https:\/\/www.muyjujuy.com\/index.php\/2022\/06\/07\/dario-franco-fuimos-de-menos-a-mas-estamos-atravesando-un-buen-momento\/"]}]},{"@type":"ImageObject","inLanguage":"es-AR","@id":"https:\/\/www.muyjujuy.com\/index.php\/2022\/06\/07\/dario-franco-fuimos-de-menos-a-mas-estamos-atravesando-un-buen-momento\/#primaryimage","url":"https:\/\/www.muyjujuy.com\/wp-content\/uploads\/2022\/06\/WhatsApp-Image-2022-06-07-at-3.15.39-PM.jpeg","contentUrl":"https:\/\/www.muyjujuy.com\/wp-content\/uploads\/2022\/06\/WhatsApp-Image-2022-06-07-at-3.15.39-PM.jpeg","width":1200,"height":675},{"@type":"BreadcrumbList","@id":"https:\/\/www.muyjujuy.com\/index.php\/2022\/06\/07\/dario-franco-fuimos-de-menos-a-mas-estamos-atravesando-un-buen-momento\/#breadcrumb","itemListElement":[{"@type":"ListItem","position":1,"name":"Inicio","item":"https:\/\/www.muyjujuy.com\/"},{"@type":"ListItem","position":2,"name":"Dar\u00edo Franco: &#8220;Fuimos de menos a m\u00e1s, estamos atravesando un buen momento&#8221;"}]},{"@type":"WebSite","@id":"https:\/\/www.muyjujuy.com\/#website","url":"https:\/\/www.muyjujuy.com\/","name":"Muy Jujuy","description":"","publisher":{"@id":"https:\/\/www.muyjujuy.com\/#organization"},"potentialAction":[{"@type":"SearchAction","target":{"@type":"EntryPoint","urlTemplate":"https:\/\/www.muyjujuy.com\/?s={search_term_string}"},"query-input":{"@type":"PropertyValueSpecification","valueRequired":true,"valueName":"search_term_string"}}],"inLanguage":"es-AR"},{"@type":"Organization","@id":"https:\/\/www.muyjujuy.com\/#organization","name":"Muy Jujuy","url":"https:\/\/www.muyjujuy.com\/","logo":{"@type":"ImageObject","inLanguage":"es-AR","@id":"https:\/\/www.muyjujuy.com\/#\/schema\/logo\/image\/","url":"http:\/\/www.muyjujuy.com\/wp-content\/uploads\/2022\/05\/logo-mobil-jujuy.png","contentUrl":"http:\/\/www.muyjujuy.com\/wp-content\/uploads\/2022\/05\/logo-mobil-jujuy.png","width":174,"height":81,"caption":"Muy Jujuy"},"image":{"@id":"https:\/\/www.muyjujuy.com\/#\/schema\/logo\/image\/"},"sameAs":["https:\/\/www.facebook.com\/muyjujuycom","https:\/\/x.com\/muyjujuy","https:\/\/www.instagram.com\/muyjujuycom"]},{"@type":"Person","@id":"https:\/\/www.muyjujuy.com\/#\/schema\/person\/1d0f6e223ccea9e3f9034c1a5b683bf2","name":"Redacci\u00f3n Muy Jujuy","image":{"@type":"ImageObject","inLanguage":"es-AR","@id":"https:\/\/secure.gravatar.com\/avatar\/fec5f6f1893d741ed5eecccff109ce43e67a855411202a3212a058cb8e5c27d4?s=96&d=mm&r=g","url":"https:\/\/secure.gravatar.com\/avatar\/fec5f6f1893d741ed5eecccff109ce43e67a855411202a3212a058cb8e5c27d4?s=96&d=mm&r=g","contentUrl":"https:\/\/secure.gravatar.com\/avatar\/fec5f6f1893d741ed5eecccff109ce43e67a855411202a3212a058cb8e5c27d4?s=96&d=mm&r=g","caption":"Redacci\u00f3n Muy Jujuy"},"url":"https:\/\/www.muyjujuy.com\/index.php\/author\/editor\/"}]}},"_links":{"self":[{"href":"https:\/\/www.muyjujuy.com\/index.php\/wp-json\/wp\/v2\/posts\/507","targetHints":{"allow":["GET"]}}],"collection":[{"href":"https:\/\/www.muyjujuy.com\/index.php\/wp-json\/wp\/v2\/posts"}],"about":[{"href":"https:\/\/www.muyjujuy.com\/index.php\/wp-json\/wp\/v2\/types\/post"}],"author":[{"embeddable":true,"href":"https:\/\/www.muyjujuy.com\/index.php\/wp-json\/wp\/v2\/users\/3"}],"replies":[{"embeddable":true,"href":"https:\/\/www.muyjujuy.com\/index.php\/wp-json\/wp\/v2\/comments?post=507"}],"version-history":[{"count":2,"href":"https:\/\/www.muyjujuy.com\/index.php\/wp-json\/wp\/v2\/posts\/507\/revisions"}],"predecessor-version":[{"id":510,"href":"https:\/\/www.muyjujuy.com\/index.php\/wp-json\/wp\/v2\/posts\/507\/revisions\/510"}],"wp:featuredmedia":[{"embeddable":true,"href":"https:\/\/www.muyjujuy.com\/index.php\/wp-json\/wp\/v2\/media\/508"}],"wp:attachment":[{"href":"https:\/\/www.muyjujuy.com\/index.php\/wp-json\/wp\/v2\/media?parent=507"}],"wp:term":[{"taxonomy":"category","embeddable":true,"href":"https:\/\/www.muyjujuy.com\/index.php\/wp-json\/wp\/v2\/categories?post=507"},{"taxonomy":"post_tag","embeddable":true,"href":"https:\/\/www.muyjujuy.com\/index.php\/wp-json\/wp\/v2\/tags?post=507"}],"curies":[{"name":"wp","href":"https:\/\/api.w.org\/{rel}","templated":true}]}}