{"id":512,"date":"2022-06-07T15:47:30","date_gmt":"2022-06-07T18:47:30","guid":{"rendered":"https:\/\/www.muyjujuy.com\/?p=512"},"modified":"2022-06-07T18:18:38","modified_gmt":"2022-06-07T21:18:38","slug":"dia-del-periodista-morales-valoro-la-vocacion-de-informar-en-momentos-dificiles","status":"publish","type":"post","link":"https:\/\/www.muyjujuy.com\/index.php\/2022\/06\/07\/dia-del-periodista-morales-valoro-la-vocacion-de-informar-en-momentos-dificiles\/","title":{"rendered":"D\u00eda del Periodista: Morales valor\u00f3 la &#8220;vocaci\u00f3n de informar en momentos dif\u00edciles&#8221;"},"content":{"rendered":"\n<p><em>El gobernador juje\u00f1o reconoci\u00f3 la tarea que llevan adelante los periodistas y reconoci\u00f3 a tres de ellos.<\/em><\/p>\n\n\n\n<p>El gobernador de Jujuy, <strong>Gerardo Morales<\/strong>, encabez\u00f3 el acto por el D\u00eda del Periodista y comparti\u00f3 el encuentro con trabajadores de los medios televisivos, radiales y escritos. Hizo entrega de plaquetas en reconocimiento a la labor de <strong>Celeste Marconiz <\/strong>(El Tribuno); <strong>Andrea Miranda<\/strong> (Canal 4); y <strong>Mat\u00edas Barrios <\/strong>(Videotel Palpal\u00e1).<br><br>Luego ponder\u00f3 el compromiso de todos los hombres y las mujeres que abrazaron esta vocaci\u00f3n, &#8220;una tarea que tiene que ver con una forma de vida&#8221;.<br><br><strong>\u201cPienso que no se puede ser periodista si no se busca la verdad y la justicia<\/strong>. Menos si no se tienen convicciones \u00edntimas sobre valores y principios, as\u00ed que les deseo en este d\u00eda lo mejor\u201d, afirm\u00f3.<br><br>Record\u00f3 que el D\u00eda del Periodista se instituye a partir de la publicaci\u00f3n de La Gaceta en Buenos Aires, el 7 de junio de 1810, por parte de Mariano Moreno uno de los h\u00e9roes de la Revoluci\u00f3n de la Independencia. <strong>\u201cQuiero agradecerles y adem\u00e1s felicitarlos por toda la tarea que han tenido en momento dif\u00edciles<\/strong>&#8220;, destac\u00f3<\/p>\n\n\n\n<p>&#8220;Estamos en la cuarta ola de la pandemia mundial del Covid, que no s\u00e9 cu\u00e1ndo pasar\u00e1, pero fue muy importante todo el desempe\u00f1o que han tenido. Esa vocaci\u00f3n para llevar la informaci\u00f3n de la manera m\u00e1s responsable en momento dif\u00edciles para la gente del 2020 y 2021&#8221;, manifest\u00f3. <br><br>Posteriormente, anunci\u00f3: <strong>\u201cHemos puesto en marcha una radio FM provincial, <\/strong>luego iremos por la AM y a continuaci\u00f3n hay un proyecto m\u00e1s grande y ambicioso y del que todos pueden formar parte. Bajo una consigna que es la de escuchar las voces en todas partes, que no sea solo difusi\u00f3n de actos de gobierno, sino que se puedan escuchar todas las voces&#8221;. <br><br>&#8220;Tambi\u00e9n tendremos la posibilidad de establecer mecanismos para que puedan ser parte y puedan participar de alguna manera, m\u00e1s all\u00e1 del compromiso que tiene cada uno de ustedes, los medios y los que ejercen esta funci\u00f3n&#8221;, agreg\u00f3 Morales. <\/p>\n\n\n\n<h2 class=\"wp-block-heading\">Palabras del vicegobernador<\/h2>\n\n\n\n<p>En tanto, el vicegobernador, <strong>Carlos Haquim<\/strong>, indic\u00f3 que &#8220;en la vida diaria como funcionario o como un ciudadano m\u00e1s, cada uno se inicia la ma\u00f1ana de una forma u otra con los periodistas y se prepara para la tarea diaria en la mayor\u00eda de los casos en base a la informaci\u00f3n, datos u opini\u00f3n de cada uno de los trabajadores de la prensa&#8221;.<\/p>\n\n\n\n<p>Tambi\u00e9n estuvieron presentes el secretario General de la Gobernaci\u00f3n, <strong>Freddy Morales<\/strong>; los ministros de Hacienda y Finanzas, <strong>Carlos Sadir<\/strong>; y de Gobierno y Justicia, <strong>Normando \u00c1lvarez Garc\u00eda<\/strong>. <br><br>El presidente del Bloque Cambia Jujuy de la Legislatura<strong>, Alberto Bernis<\/strong>; el secretario de Comunicaci\u00f3n de la Provincia, Carlos Guari; y los directores Yanina Carrasco, del \u00e1rea digital; y Mat\u00edas Angulo, de Prensa de Gobierno.<\/p>\n","protected":false},"excerpt":{"rendered":"<p>El gobernador juje\u00f1o reconoci\u00f3 la tarea que llevan adelante los periodistas y reconoci\u00f3 a tres de ellos. El gobernador de Jujuy, Gerardo Morales, encabez\u00f3 el acto por el D\u00eda del Periodista y comparti\u00f3 el encuentro con trabajadores de los medios televisivos, radiales y escritos. Hizo entrega de plaquetas en reconocimiento a la labor de Celeste [&hellip;]<\/p>\n","protected":false},"author":3,"featured_media":513,"comment_status":"open","ping_status":"open","sticky":false,"template":"","format":"standard","meta":{"footnotes":""},"categories":[24],"tags":[633,5,491],"class_list":{"0":"post-512","1":"post","2":"type-post","3":"status-publish","4":"format-standard","5":"has-post-thumbnail","7":"category-politica","8":"tag-dia-del-periodista","9":"tag-gerardo-morales","10":"tag-morales"},"yoast_head":"<!-- This site is optimized with the Yoast SEO plugin v27.5 - https:\/\/yoast.com\/product\/yoast-seo-wordpress\/ -->\n<title>D\u00eda del Periodista: Morales valor\u00f3 la &quot;vocaci\u00f3n de informar en momentos dif\u00edciles&quot; - Muy Jujuy<\/title>\n<meta name=\"description\" content=\"El gobernador de Jujuy, Gerardo Morales, encabez\u00f3 el acto por el D\u00eda del Periodista y destac\u00f3 el trabajo que llevan adelante los profesionales.\" \/>\n<meta name=\"robots\" content=\"index, follow, max-snippet:-1, max-image-preview:large, max-video-preview:-1\" \/>\n<link rel=\"canonical\" href=\"https:\/\/www.muyjujuy.com\/index.php\/2022\/06\/07\/dia-del-periodista-morales-valoro-la-vocacion-de-informar-en-momentos-dificiles\/\" \/>\n<meta property=\"og:locale\" content=\"es_ES\" \/>\n<meta property=\"og:type\" content=\"article\" \/>\n<meta property=\"og:title\" content=\"D\u00eda del Periodista: Morales valor\u00f3 la &quot;vocaci\u00f3n de informar en momentos dif\u00edciles&quot; - Muy Jujuy\" \/>\n<meta property=\"og:description\" content=\"El gobernador de Jujuy, Gerardo Morales, encabez\u00f3 el acto por el D\u00eda del Periodista y destac\u00f3 el trabajo que llevan adelante los profesionales.\" \/>\n<meta property=\"og:url\" content=\"https:\/\/www.muyjujuy.com\/index.php\/2022\/06\/07\/dia-del-periodista-morales-valoro-la-vocacion-de-informar-en-momentos-dificiles\/\" \/>\n<meta property=\"og:site_name\" content=\"Muy Jujuy\" \/>\n<meta property=\"article:publisher\" content=\"https:\/\/www.facebook.com\/muyjujuycom\" \/>\n<meta property=\"article:published_time\" content=\"2022-06-07T18:47:30+00:00\" \/>\n<meta property=\"article:modified_time\" content=\"2022-06-07T21:18:38+00:00\" \/>\n<meta property=\"og:image\" content=\"https:\/\/www.muyjujuy.com\/wp-content\/uploads\/2022\/06\/WhatsApp-Image-2022-06-07-at-3.46.34-PM.jpeg\" \/>\n\t<meta property=\"og:image:width\" content=\"1200\" \/>\n\t<meta property=\"og:image:height\" content=\"727\" \/>\n\t<meta property=\"og:image:type\" content=\"image\/jpeg\" \/>\n<meta name=\"author\" content=\"Redacci\u00f3n Muy Jujuy\" \/>\n<meta name=\"twitter:card\" content=\"summary_large_image\" \/>\n<meta name=\"twitter:creator\" content=\"@muyjujuy\" \/>\n<meta name=\"twitter:site\" content=\"@muyjujuy\" \/>\n<meta name=\"twitter:label1\" content=\"Escrito por\" \/>\n\t<meta name=\"twitter:data1\" content=\"Redacci\u00f3n Muy Jujuy\" \/>\n\t<meta name=\"twitter:label2\" content=\"Tiempo de lectura\" \/>\n\t<meta name=\"twitter:data2\" content=\"3 minutos\" \/>\n<script type=\"application\/ld+json\" class=\"yoast-schema-graph\">{\"@context\":\"https:\\\/\\\/schema.org\",\"@graph\":[{\"@type\":\"Article\",\"@id\":\"https:\\\/\\\/www.muyjujuy.com\\\/index.php\\\/2022\\\/06\\\/07\\\/dia-del-periodista-morales-valoro-la-vocacion-de-informar-en-momentos-dificiles\\\/#article\",\"isPartOf\":{\"@id\":\"https:\\\/\\\/www.muyjujuy.com\\\/index.php\\\/2022\\\/06\\\/07\\\/dia-del-periodista-morales-valoro-la-vocacion-de-informar-en-momentos-dificiles\\\/\"},\"author\":{\"name\":\"Redacci\u00f3n Muy Jujuy\",\"@id\":\"https:\\\/\\\/www.muyjujuy.com\\\/#\\\/schema\\\/person\\\/1d0f6e223ccea9e3f9034c1a5b683bf2\"},\"headline\":\"D\u00eda del Periodista: Morales valor\u00f3 la &#8220;vocaci\u00f3n de informar en momentos dif\u00edciles&#8221;\",\"datePublished\":\"2022-06-07T18:47:30+00:00\",\"dateModified\":\"2022-06-07T21:18:38+00:00\",\"mainEntityOfPage\":{\"@id\":\"https:\\\/\\\/www.muyjujuy.com\\\/index.php\\\/2022\\\/06\\\/07\\\/dia-del-periodista-morales-valoro-la-vocacion-de-informar-en-momentos-dificiles\\\/\"},\"wordCount\":505,\"commentCount\":0,\"publisher\":{\"@id\":\"https:\\\/\\\/www.muyjujuy.com\\\/#organization\"},\"image\":{\"@id\":\"https:\\\/\\\/www.muyjujuy.com\\\/index.php\\\/2022\\\/06\\\/07\\\/dia-del-periodista-morales-valoro-la-vocacion-de-informar-en-momentos-dificiles\\\/#primaryimage\"},\"thumbnailUrl\":\"https:\\\/\\\/www.muyjujuy.com\\\/wp-content\\\/uploads\\\/2022\\\/06\\\/WhatsApp-Image-2022-06-07-at-3.46.34-PM.jpeg\",\"keywords\":[\"D\u00eda del Periodista\",\"Gerardo Morales\",\"Morales\"],\"articleSection\":[\"Pol\u00edtica\"],\"inLanguage\":\"es-AR\",\"potentialAction\":[{\"@type\":\"CommentAction\",\"name\":\"Comment\",\"target\":[\"https:\\\/\\\/www.muyjujuy.com\\\/index.php\\\/2022\\\/06\\\/07\\\/dia-del-periodista-morales-valoro-la-vocacion-de-informar-en-momentos-dificiles\\\/#respond\"]}]},{\"@type\":\"WebPage\",\"@id\":\"https:\\\/\\\/www.muyjujuy.com\\\/index.php\\\/2022\\\/06\\\/07\\\/dia-del-periodista-morales-valoro-la-vocacion-de-informar-en-momentos-dificiles\\\/\",\"url\":\"https:\\\/\\\/www.muyjujuy.com\\\/index.php\\\/2022\\\/06\\\/07\\\/dia-del-periodista-morales-valoro-la-vocacion-de-informar-en-momentos-dificiles\\\/\",\"name\":\"D\u00eda del Periodista: Morales valor\u00f3 la \\\"vocaci\u00f3n de informar en momentos dif\u00edciles\\\" - Muy Jujuy\",\"isPartOf\":{\"@id\":\"https:\\\/\\\/www.muyjujuy.com\\\/#website\"},\"primaryImageOfPage\":{\"@id\":\"https:\\\/\\\/www.muyjujuy.com\\\/index.php\\\/2022\\\/06\\\/07\\\/dia-del-periodista-morales-valoro-la-vocacion-de-informar-en-momentos-dificiles\\\/#primaryimage\"},\"image\":{\"@id\":\"https:\\\/\\\/www.muyjujuy.com\\\/index.php\\\/2022\\\/06\\\/07\\\/dia-del-periodista-morales-valoro-la-vocacion-de-informar-en-momentos-dificiles\\\/#primaryimage\"},\"thumbnailUrl\":\"https:\\\/\\\/www.muyjujuy.com\\\/wp-content\\\/uploads\\\/2022\\\/06\\\/WhatsApp-Image-2022-06-07-at-3.46.34-PM.jpeg\",\"datePublished\":\"2022-06-07T18:47:30+00:00\",\"dateModified\":\"2022-06-07T21:18:38+00:00\",\"description\":\"El gobernador de Jujuy, Gerardo Morales, encabez\u00f3 el acto por el D\u00eda del Periodista y destac\u00f3 el trabajo que llevan adelante los profesionales.\",\"breadcrumb\":{\"@id\":\"https:\\\/\\\/www.muyjujuy.com\\\/index.php\\\/2022\\\/06\\\/07\\\/dia-del-periodista-morales-valoro-la-vocacion-de-informar-en-momentos-dificiles\\\/#breadcrumb\"},\"inLanguage\":\"es-AR\",\"potentialAction\":[{\"@type\":\"ReadAction\",\"target\":[\"https:\\\/\\\/www.muyjujuy.com\\\/index.php\\\/2022\\\/06\\\/07\\\/dia-del-periodista-morales-valoro-la-vocacion-de-informar-en-momentos-dificiles\\\/\"]}]},{\"@type\":\"ImageObject\",\"inLanguage\":\"es-AR\",\"@id\":\"https:\\\/\\\/www.muyjujuy.com\\\/index.php\\\/2022\\\/06\\\/07\\\/dia-del-periodista-morales-valoro-la-vocacion-de-informar-en-momentos-dificiles\\\/#primaryimage\",\"url\":\"https:\\\/\\\/www.muyjujuy.com\\\/wp-content\\\/uploads\\\/2022\\\/06\\\/WhatsApp-Image-2022-06-07-at-3.46.34-PM.jpeg\",\"contentUrl\":\"https:\\\/\\\/www.muyjujuy.com\\\/wp-content\\\/uploads\\\/2022\\\/06\\\/WhatsApp-Image-2022-06-07-at-3.46.34-PM.jpeg\",\"width\":1200,\"height\":727},{\"@type\":\"BreadcrumbList\",\"@id\":\"https:\\\/\\\/www.muyjujuy.com\\\/index.php\\\/2022\\\/06\\\/07\\\/dia-del-periodista-morales-valoro-la-vocacion-de-informar-en-momentos-dificiles\\\/#breadcrumb\",\"itemListElement\":[{\"@type\":\"ListItem\",\"position\":1,\"name\":\"Inicio\",\"item\":\"https:\\\/\\\/www.muyjujuy.com\\\/\"},{\"@type\":\"ListItem\",\"position\":2,\"name\":\"D\u00eda del Periodista: Morales valor\u00f3 la &#8220;vocaci\u00f3n de informar en momentos dif\u00edciles&#8221;\"}]},{\"@type\":\"WebSite\",\"@id\":\"https:\\\/\\\/www.muyjujuy.com\\\/#website\",\"url\":\"https:\\\/\\\/www.muyjujuy.com\\\/\",\"name\":\"Muy Jujuy\",\"description\":\"\",\"publisher\":{\"@id\":\"https:\\\/\\\/www.muyjujuy.com\\\/#organization\"},\"potentialAction\":[{\"@type\":\"SearchAction\",\"target\":{\"@type\":\"EntryPoint\",\"urlTemplate\":\"https:\\\/\\\/www.muyjujuy.com\\\/?s={search_term_string}\"},\"query-input\":{\"@type\":\"PropertyValueSpecification\",\"valueRequired\":true,\"valueName\":\"search_term_string\"}}],\"inLanguage\":\"es-AR\"},{\"@type\":\"Organization\",\"@id\":\"https:\\\/\\\/www.muyjujuy.com\\\/#organization\",\"name\":\"Muy Jujuy\",\"url\":\"https:\\\/\\\/www.muyjujuy.com\\\/\",\"logo\":{\"@type\":\"ImageObject\",\"inLanguage\":\"es-AR\",\"@id\":\"https:\\\/\\\/www.muyjujuy.com\\\/#\\\/schema\\\/logo\\\/image\\\/\",\"url\":\"http:\\\/\\\/www.muyjujuy.com\\\/wp-content\\\/uploads\\\/2022\\\/05\\\/logo-mobil-jujuy.png\",\"contentUrl\":\"http:\\\/\\\/www.muyjujuy.com\\\/wp-content\\\/uploads\\\/2022\\\/05\\\/logo-mobil-jujuy.png\",\"width\":174,\"height\":81,\"caption\":\"Muy Jujuy\"},\"image\":{\"@id\":\"https:\\\/\\\/www.muyjujuy.com\\\/#\\\/schema\\\/logo\\\/image\\\/\"},\"sameAs\":[\"https:\\\/\\\/www.facebook.com\\\/muyjujuycom\",\"https:\\\/\\\/x.com\\\/muyjujuy\",\"https:\\\/\\\/www.instagram.com\\\/muyjujuycom\"]},{\"@type\":\"Person\",\"@id\":\"https:\\\/\\\/www.muyjujuy.com\\\/#\\\/schema\\\/person\\\/1d0f6e223ccea9e3f9034c1a5b683bf2\",\"name\":\"Redacci\u00f3n Muy Jujuy\",\"image\":{\"@type\":\"ImageObject\",\"inLanguage\":\"es-AR\",\"@id\":\"https:\\\/\\\/secure.gravatar.com\\\/avatar\\\/fec5f6f1893d741ed5eecccff109ce43e67a855411202a3212a058cb8e5c27d4?s=96&d=mm&r=g\",\"url\":\"https:\\\/\\\/secure.gravatar.com\\\/avatar\\\/fec5f6f1893d741ed5eecccff109ce43e67a855411202a3212a058cb8e5c27d4?s=96&d=mm&r=g\",\"contentUrl\":\"https:\\\/\\\/secure.gravatar.com\\\/avatar\\\/fec5f6f1893d741ed5eecccff109ce43e67a855411202a3212a058cb8e5c27d4?s=96&d=mm&r=g\",\"caption\":\"Redacci\u00f3n Muy Jujuy\"},\"url\":\"https:\\\/\\\/www.muyjujuy.com\\\/index.php\\\/author\\\/editor\\\/\"}]}<\/script>\n<!-- \/ Yoast SEO plugin. -->","yoast_head_json":{"title":"D\u00eda del Periodista: Morales valor\u00f3 la \"vocaci\u00f3n de informar en momentos dif\u00edciles\" - Muy Jujuy","description":"El gobernador de Jujuy, Gerardo Morales, encabez\u00f3 el acto por el D\u00eda del Periodista y destac\u00f3 el trabajo que llevan adelante los profesionales.","robots":{"index":"index","follow":"follow","max-snippet":"max-snippet:-1","max-image-preview":"max-image-preview:large","max-video-preview":"max-video-preview:-1"},"canonical":"https:\/\/www.muyjujuy.com\/index.php\/2022\/06\/07\/dia-del-periodista-morales-valoro-la-vocacion-de-informar-en-momentos-dificiles\/","og_locale":"es_ES","og_type":"article","og_title":"D\u00eda del Periodista: Morales valor\u00f3 la \"vocaci\u00f3n de informar en momentos dif\u00edciles\" - Muy Jujuy","og_description":"El gobernador de Jujuy, Gerardo Morales, encabez\u00f3 el acto por el D\u00eda del Periodista y destac\u00f3 el trabajo que llevan adelante los profesionales.","og_url":"https:\/\/www.muyjujuy.com\/index.php\/2022\/06\/07\/dia-del-periodista-morales-valoro-la-vocacion-de-informar-en-momentos-dificiles\/","og_site_name":"Muy Jujuy","article_publisher":"https:\/\/www.facebook.com\/muyjujuycom","article_published_time":"2022-06-07T18:47:30+00:00","article_modified_time":"2022-06-07T21:18:38+00:00","og_image":[{"width":1200,"height":727,"url":"https:\/\/www.muyjujuy.com\/wp-content\/uploads\/2022\/06\/WhatsApp-Image-2022-06-07-at-3.46.34-PM.jpeg","type":"image\/jpeg"}],"author":"Redacci\u00f3n Muy Jujuy","twitter_card":"summary_large_image","twitter_creator":"@muyjujuy","twitter_site":"@muyjujuy","twitter_misc":{"Escrito por":"Redacci\u00f3n Muy Jujuy","Tiempo de lectura":"3 minutos"},"schema":{"@context":"https:\/\/schema.org","@graph":[{"@type":"Article","@id":"https:\/\/www.muyjujuy.com\/index.php\/2022\/06\/07\/dia-del-periodista-morales-valoro-la-vocacion-de-informar-en-momentos-dificiles\/#article","isPartOf":{"@id":"https:\/\/www.muyjujuy.com\/index.php\/2022\/06\/07\/dia-del-periodista-morales-valoro-la-vocacion-de-informar-en-momentos-dificiles\/"},"author":{"name":"Redacci\u00f3n Muy Jujuy","@id":"https:\/\/www.muyjujuy.com\/#\/schema\/person\/1d0f6e223ccea9e3f9034c1a5b683bf2"},"headline":"D\u00eda del Periodista: Morales valor\u00f3 la &#8220;vocaci\u00f3n de informar en momentos dif\u00edciles&#8221;","datePublished":"2022-06-07T18:47:30+00:00","dateModified":"2022-06-07T21:18:38+00:00","mainEntityOfPage":{"@id":"https:\/\/www.muyjujuy.com\/index.php\/2022\/06\/07\/dia-del-periodista-morales-valoro-la-vocacion-de-informar-en-momentos-dificiles\/"},"wordCount":505,"commentCount":0,"publisher":{"@id":"https:\/\/www.muyjujuy.com\/#organization"},"image":{"@id":"https:\/\/www.muyjujuy.com\/index.php\/2022\/06\/07\/dia-del-periodista-morales-valoro-la-vocacion-de-informar-en-momentos-dificiles\/#primaryimage"},"thumbnailUrl":"https:\/\/www.muyjujuy.com\/wp-content\/uploads\/2022\/06\/WhatsApp-Image-2022-06-07-at-3.46.34-PM.jpeg","keywords":["D\u00eda del Periodista","Gerardo Morales","Morales"],"articleSection":["Pol\u00edtica"],"inLanguage":"es-AR","potentialAction":[{"@type":"CommentAction","name":"Comment","target":["https:\/\/www.muyjujuy.com\/index.php\/2022\/06\/07\/dia-del-periodista-morales-valoro-la-vocacion-de-informar-en-momentos-dificiles\/#respond"]}]},{"@type":"WebPage","@id":"https:\/\/www.muyjujuy.com\/index.php\/2022\/06\/07\/dia-del-periodista-morales-valoro-la-vocacion-de-informar-en-momentos-dificiles\/","url":"https:\/\/www.muyjujuy.com\/index.php\/2022\/06\/07\/dia-del-periodista-morales-valoro-la-vocacion-de-informar-en-momentos-dificiles\/","name":"D\u00eda del Periodista: Morales valor\u00f3 la \"vocaci\u00f3n de informar en momentos dif\u00edciles\" - Muy Jujuy","isPartOf":{"@id":"https:\/\/www.muyjujuy.com\/#website"},"primaryImageOfPage":{"@id":"https:\/\/www.muyjujuy.com\/index.php\/2022\/06\/07\/dia-del-periodista-morales-valoro-la-vocacion-de-informar-en-momentos-dificiles\/#primaryimage"},"image":{"@id":"https:\/\/www.muyjujuy.com\/index.php\/2022\/06\/07\/dia-del-periodista-morales-valoro-la-vocacion-de-informar-en-momentos-dificiles\/#primaryimage"},"thumbnailUrl":"https:\/\/www.muyjujuy.com\/wp-content\/uploads\/2022\/06\/WhatsApp-Image-2022-06-07-at-3.46.34-PM.jpeg","datePublished":"2022-06-07T18:47:30+00:00","dateModified":"2022-06-07T21:18:38+00:00","description":"El gobernador de Jujuy, Gerardo Morales, encabez\u00f3 el acto por el D\u00eda del Periodista y destac\u00f3 el trabajo que llevan adelante los profesionales.","breadcrumb":{"@id":"https:\/\/www.muyjujuy.com\/index.php\/2022\/06\/07\/dia-del-periodista-morales-valoro-la-vocacion-de-informar-en-momentos-dificiles\/#breadcrumb"},"inLanguage":"es-AR","potentialAction":[{"@type":"ReadAction","target":["https:\/\/www.muyjujuy.com\/index.php\/2022\/06\/07\/dia-del-periodista-morales-valoro-la-vocacion-de-informar-en-momentos-dificiles\/"]}]},{"@type":"ImageObject","inLanguage":"es-AR","@id":"https:\/\/www.muyjujuy.com\/index.php\/2022\/06\/07\/dia-del-periodista-morales-valoro-la-vocacion-de-informar-en-momentos-dificiles\/#primaryimage","url":"https:\/\/www.muyjujuy.com\/wp-content\/uploads\/2022\/06\/WhatsApp-Image-2022-06-07-at-3.46.34-PM.jpeg","contentUrl":"https:\/\/www.muyjujuy.com\/wp-content\/uploads\/2022\/06\/WhatsApp-Image-2022-06-07-at-3.46.34-PM.jpeg","width":1200,"height":727},{"@type":"BreadcrumbList","@id":"https:\/\/www.muyjujuy.com\/index.php\/2022\/06\/07\/dia-del-periodista-morales-valoro-la-vocacion-de-informar-en-momentos-dificiles\/#breadcrumb","itemListElement":[{"@type":"ListItem","position":1,"name":"Inicio","item":"https:\/\/www.muyjujuy.com\/"},{"@type":"ListItem","position":2,"name":"D\u00eda del Periodista: Morales valor\u00f3 la &#8220;vocaci\u00f3n de informar en momentos dif\u00edciles&#8221;"}]},{"@type":"WebSite","@id":"https:\/\/www.muyjujuy.com\/#website","url":"https:\/\/www.muyjujuy.com\/","name":"Muy Jujuy","description":"","publisher":{"@id":"https:\/\/www.muyjujuy.com\/#organization"},"potentialAction":[{"@type":"SearchAction","target":{"@type":"EntryPoint","urlTemplate":"https:\/\/www.muyjujuy.com\/?s={search_term_string}"},"query-input":{"@type":"PropertyValueSpecification","valueRequired":true,"valueName":"search_term_string"}}],"inLanguage":"es-AR"},{"@type":"Organization","@id":"https:\/\/www.muyjujuy.com\/#organization","name":"Muy Jujuy","url":"https:\/\/www.muyjujuy.com\/","logo":{"@type":"ImageObject","inLanguage":"es-AR","@id":"https:\/\/www.muyjujuy.com\/#\/schema\/logo\/image\/","url":"http:\/\/www.muyjujuy.com\/wp-content\/uploads\/2022\/05\/logo-mobil-jujuy.png","contentUrl":"http:\/\/www.muyjujuy.com\/wp-content\/uploads\/2022\/05\/logo-mobil-jujuy.png","width":174,"height":81,"caption":"Muy Jujuy"},"image":{"@id":"https:\/\/www.muyjujuy.com\/#\/schema\/logo\/image\/"},"sameAs":["https:\/\/www.facebook.com\/muyjujuycom","https:\/\/x.com\/muyjujuy","https:\/\/www.instagram.com\/muyjujuycom"]},{"@type":"Person","@id":"https:\/\/www.muyjujuy.com\/#\/schema\/person\/1d0f6e223ccea9e3f9034c1a5b683bf2","name":"Redacci\u00f3n Muy Jujuy","image":{"@type":"ImageObject","inLanguage":"es-AR","@id":"https:\/\/secure.gravatar.com\/avatar\/fec5f6f1893d741ed5eecccff109ce43e67a855411202a3212a058cb8e5c27d4?s=96&d=mm&r=g","url":"https:\/\/secure.gravatar.com\/avatar\/fec5f6f1893d741ed5eecccff109ce43e67a855411202a3212a058cb8e5c27d4?s=96&d=mm&r=g","contentUrl":"https:\/\/secure.gravatar.com\/avatar\/fec5f6f1893d741ed5eecccff109ce43e67a855411202a3212a058cb8e5c27d4?s=96&d=mm&r=g","caption":"Redacci\u00f3n Muy Jujuy"},"url":"https:\/\/www.muyjujuy.com\/index.php\/author\/editor\/"}]}},"_links":{"self":[{"href":"https:\/\/www.muyjujuy.com\/index.php\/wp-json\/wp\/v2\/posts\/512","targetHints":{"allow":["GET"]}}],"collection":[{"href":"https:\/\/www.muyjujuy.com\/index.php\/wp-json\/wp\/v2\/posts"}],"about":[{"href":"https:\/\/www.muyjujuy.com\/index.php\/wp-json\/wp\/v2\/types\/post"}],"author":[{"embeddable":true,"href":"https:\/\/www.muyjujuy.com\/index.php\/wp-json\/wp\/v2\/users\/3"}],"replies":[{"embeddable":true,"href":"https:\/\/www.muyjujuy.com\/index.php\/wp-json\/wp\/v2\/comments?post=512"}],"version-history":[{"count":1,"href":"https:\/\/www.muyjujuy.com\/index.php\/wp-json\/wp\/v2\/posts\/512\/revisions"}],"predecessor-version":[{"id":514,"href":"https:\/\/www.muyjujuy.com\/index.php\/wp-json\/wp\/v2\/posts\/512\/revisions\/514"}],"wp:featuredmedia":[{"embeddable":true,"href":"https:\/\/www.muyjujuy.com\/index.php\/wp-json\/wp\/v2\/media\/513"}],"wp:attachment":[{"href":"https:\/\/www.muyjujuy.com\/index.php\/wp-json\/wp\/v2\/media?parent=512"}],"wp:term":[{"taxonomy":"category","embeddable":true,"href":"https:\/\/www.muyjujuy.com\/index.php\/wp-json\/wp\/v2\/categories?post=512"},{"taxonomy":"post_tag","embeddable":true,"href":"https:\/\/www.muyjujuy.com\/index.php\/wp-json\/wp\/v2\/tags?post=512"}],"curies":[{"name":"wp","href":"https:\/\/api.w.org\/{rel}","templated":true}]}}