{"id":537,"date":"2022-06-09T11:19:15","date_gmt":"2022-06-09T14:19:15","guid":{"rendered":"https:\/\/www.muyjujuy.com\/?p=537"},"modified":"2022-06-09T11:19:16","modified_gmt":"2022-06-09T14:19:16","slug":"comer-en-casa-familias-de-la-quiaca-recibieron-las-unidades-alimentarias","status":"publish","type":"post","link":"https:\/\/www.muyjujuy.com\/index.php\/2022\/06\/09\/comer-en-casa-familias-de-la-quiaca-recibieron-las-unidades-alimentarias\/","title":{"rendered":"&#8220;Comer en Casa&#8221;: familias de La Quiaca recibieron las Unidades Alimentarias"},"content":{"rendered":"\n<p><em>El operativo se realiz\u00f3 en dos jornada en el Sal\u00f3n Mickey y se asisti\u00f3 a varias familias que se encuentran en situaci\u00f3n de vulnerabilidad social.<\/em><\/p>\n\n\n\n<p><br>El Ministerio de Desarrollo Humano, a trav\u00e9s de la Secretar\u00eda de Asistencia Directa y Calidad de Vida, complet\u00f3 una nueva distribuci\u00f3n de las Unidades Alimentarias del programa <strong>&#8220;Comer en Casa&#8221; <\/strong>del Plan Social Nutricional Provincial (PLASONUP), a familias titulares de La Quiaca.<br><br>El operativo<strong> se realiz\u00f3 durante dos jornadas en el Sal\u00f3n Mickey<\/strong> ubicado en avenida Yrigoyen esquina Rivadavia, tomando los recaudos para evitar la aglomeraci\u00f3n de personas. <\/p>\n\n\n\n<p>En este marco, tambi\u00e9n se cumpli\u00f3 <strong>con la entrega a las personas beneficiarias de los parajes<\/strong>, alcanzando as\u00ed a las zonas rurales, con el objetivo de atender a todas las familias titulares de esa jurisdicci\u00f3n de la Puna.<\/p>\n\n\n\n<h2 class=\"wp-block-heading\">\u00bfQu\u00e9 es el programa Comer en Casa?<\/h2>\n\n\n\n<p><br>Mediante el programa \u201cComer en Casa\u201d<strong>, el Gobierno de Jujuy asiste a familias en situaci\u00f3n de vulnerabilidad social <\/strong>con productos de la canasta b\u00e1sica, para garantizar el complemento alimentario.<\/p>\n","protected":false},"excerpt":{"rendered":"<p>El operativo se realiz\u00f3 en dos jornada en el Sal\u00f3n Mickey y se asisti\u00f3 a varias familias que se encuentran en situaci\u00f3n de vulnerabilidad social. El Ministerio de Desarrollo Humano, a trav\u00e9s de la Secretar\u00eda de Asistencia Directa y Calidad de Vida, complet\u00f3 una nueva distribuci\u00f3n de las Unidades Alimentarias del programa &#8220;Comer en Casa&#8221; [&hellip;]<\/p>\n","protected":false},"author":3,"featured_media":538,"comment_status":"open","ping_status":"open","sticky":false,"template":"","format":"standard","meta":{"footnotes":""},"categories":[25],"tags":[5,8],"class_list":{"0":"post-537","1":"post","2":"type-post","3":"status-publish","4":"format-standard","5":"has-post-thumbnail","7":"category-sociedad","8":"tag-gerardo-morales","9":"tag-jujuy"},"yoast_head":"<!-- This site is optimized with the Yoast SEO plugin v27.5 - https:\/\/yoast.com\/product\/yoast-seo-wordpress\/ -->\n<title>&quot;Comer en Casa&quot;: familias de La Quiaca recibieron las Unidades Alimentarias - Muy Jujuy<\/title>\n<meta name=\"description\" content=\"El Gobierno de Jujuy llev\u00f3 a cabo un nuevo operativo de Comer en Casa en La Quiaca para asistir a familiar en situaci\u00f3n de vulnerabilidad.\" \/>\n<meta name=\"robots\" content=\"index, follow, max-snippet:-1, max-image-preview:large, max-video-preview:-1\" \/>\n<link rel=\"canonical\" href=\"https:\/\/www.muyjujuy.com\/index.php\/2022\/06\/09\/comer-en-casa-familias-de-la-quiaca-recibieron-las-unidades-alimentarias\/\" \/>\n<meta property=\"og:locale\" content=\"es_ES\" \/>\n<meta property=\"og:type\" content=\"article\" \/>\n<meta property=\"og:title\" content=\"&quot;Comer en Casa&quot;: familias de La Quiaca recibieron las Unidades Alimentarias - Muy Jujuy\" \/>\n<meta property=\"og:description\" content=\"El Gobierno de Jujuy llev\u00f3 a cabo un nuevo operativo de Comer en Casa en La Quiaca para asistir a familiar en situaci\u00f3n de vulnerabilidad.\" \/>\n<meta property=\"og:url\" content=\"https:\/\/www.muyjujuy.com\/index.php\/2022\/06\/09\/comer-en-casa-familias-de-la-quiaca-recibieron-las-unidades-alimentarias\/\" \/>\n<meta property=\"og:site_name\" content=\"Muy Jujuy\" \/>\n<meta property=\"article:publisher\" content=\"https:\/\/www.facebook.com\/muyjujuycom\" \/>\n<meta property=\"article:published_time\" content=\"2022-06-09T14:19:15+00:00\" \/>\n<meta property=\"article:modified_time\" content=\"2022-06-09T14:19:16+00:00\" \/>\n<meta property=\"og:image\" content=\"https:\/\/www.muyjujuy.com\/wp-content\/uploads\/2022\/06\/WhatsApp-Image-2022-06-09-at-11.12.53-AM.jpeg\" \/>\n\t<meta property=\"og:image:width\" content=\"750\" \/>\n\t<meta property=\"og:image:height\" content=\"420\" \/>\n\t<meta property=\"og:image:type\" content=\"image\/jpeg\" \/>\n<meta name=\"author\" content=\"Redacci\u00f3n Muy Jujuy\" \/>\n<meta name=\"twitter:card\" content=\"summary_large_image\" \/>\n<meta name=\"twitter:creator\" content=\"@muyjujuy\" \/>\n<meta name=\"twitter:site\" content=\"@muyjujuy\" \/>\n<meta name=\"twitter:label1\" content=\"Escrito por\" \/>\n\t<meta name=\"twitter:data1\" content=\"Redacci\u00f3n Muy Jujuy\" \/>\n\t<meta name=\"twitter:label2\" content=\"Tiempo de lectura\" \/>\n\t<meta name=\"twitter:data2\" content=\"1 minuto\" \/>\n<script type=\"application\/ld+json\" class=\"yoast-schema-graph\">{\"@context\":\"https:\\\/\\\/schema.org\",\"@graph\":[{\"@type\":\"Article\",\"@id\":\"https:\\\/\\\/www.muyjujuy.com\\\/index.php\\\/2022\\\/06\\\/09\\\/comer-en-casa-familias-de-la-quiaca-recibieron-las-unidades-alimentarias\\\/#article\",\"isPartOf\":{\"@id\":\"https:\\\/\\\/www.muyjujuy.com\\\/index.php\\\/2022\\\/06\\\/09\\\/comer-en-casa-familias-de-la-quiaca-recibieron-las-unidades-alimentarias\\\/\"},\"author\":{\"name\":\"Redacci\u00f3n Muy Jujuy\",\"@id\":\"https:\\\/\\\/www.muyjujuy.com\\\/#\\\/schema\\\/person\\\/1d0f6e223ccea9e3f9034c1a5b683bf2\"},\"headline\":\"&#8220;Comer en Casa&#8221;: familias de La Quiaca recibieron las Unidades Alimentarias\",\"datePublished\":\"2022-06-09T14:19:15+00:00\",\"dateModified\":\"2022-06-09T14:19:16+00:00\",\"mainEntityOfPage\":{\"@id\":\"https:\\\/\\\/www.muyjujuy.com\\\/index.php\\\/2022\\\/06\\\/09\\\/comer-en-casa-familias-de-la-quiaca-recibieron-las-unidades-alimentarias\\\/\"},\"wordCount\":189,\"commentCount\":0,\"publisher\":{\"@id\":\"https:\\\/\\\/www.muyjujuy.com\\\/#organization\"},\"image\":{\"@id\":\"https:\\\/\\\/www.muyjujuy.com\\\/index.php\\\/2022\\\/06\\\/09\\\/comer-en-casa-familias-de-la-quiaca-recibieron-las-unidades-alimentarias\\\/#primaryimage\"},\"thumbnailUrl\":\"https:\\\/\\\/www.muyjujuy.com\\\/wp-content\\\/uploads\\\/2022\\\/06\\\/WhatsApp-Image-2022-06-09-at-11.12.53-AM.jpeg\",\"keywords\":[\"Gerardo Morales\",\"Jujuy\"],\"articleSection\":[\"Sociedad\"],\"inLanguage\":\"es-AR\",\"potentialAction\":[{\"@type\":\"CommentAction\",\"name\":\"Comment\",\"target\":[\"https:\\\/\\\/www.muyjujuy.com\\\/index.php\\\/2022\\\/06\\\/09\\\/comer-en-casa-familias-de-la-quiaca-recibieron-las-unidades-alimentarias\\\/#respond\"]}]},{\"@type\":\"WebPage\",\"@id\":\"https:\\\/\\\/www.muyjujuy.com\\\/index.php\\\/2022\\\/06\\\/09\\\/comer-en-casa-familias-de-la-quiaca-recibieron-las-unidades-alimentarias\\\/\",\"url\":\"https:\\\/\\\/www.muyjujuy.com\\\/index.php\\\/2022\\\/06\\\/09\\\/comer-en-casa-familias-de-la-quiaca-recibieron-las-unidades-alimentarias\\\/\",\"name\":\"\\\"Comer en Casa\\\": familias de La Quiaca recibieron las Unidades Alimentarias - Muy Jujuy\",\"isPartOf\":{\"@id\":\"https:\\\/\\\/www.muyjujuy.com\\\/#website\"},\"primaryImageOfPage\":{\"@id\":\"https:\\\/\\\/www.muyjujuy.com\\\/index.php\\\/2022\\\/06\\\/09\\\/comer-en-casa-familias-de-la-quiaca-recibieron-las-unidades-alimentarias\\\/#primaryimage\"},\"image\":{\"@id\":\"https:\\\/\\\/www.muyjujuy.com\\\/index.php\\\/2022\\\/06\\\/09\\\/comer-en-casa-familias-de-la-quiaca-recibieron-las-unidades-alimentarias\\\/#primaryimage\"},\"thumbnailUrl\":\"https:\\\/\\\/www.muyjujuy.com\\\/wp-content\\\/uploads\\\/2022\\\/06\\\/WhatsApp-Image-2022-06-09-at-11.12.53-AM.jpeg\",\"datePublished\":\"2022-06-09T14:19:15+00:00\",\"dateModified\":\"2022-06-09T14:19:16+00:00\",\"description\":\"El Gobierno de Jujuy llev\u00f3 a cabo un nuevo operativo de Comer en Casa en La Quiaca para asistir a familiar en situaci\u00f3n de vulnerabilidad.\",\"breadcrumb\":{\"@id\":\"https:\\\/\\\/www.muyjujuy.com\\\/index.php\\\/2022\\\/06\\\/09\\\/comer-en-casa-familias-de-la-quiaca-recibieron-las-unidades-alimentarias\\\/#breadcrumb\"},\"inLanguage\":\"es-AR\",\"potentialAction\":[{\"@type\":\"ReadAction\",\"target\":[\"https:\\\/\\\/www.muyjujuy.com\\\/index.php\\\/2022\\\/06\\\/09\\\/comer-en-casa-familias-de-la-quiaca-recibieron-las-unidades-alimentarias\\\/\"]}]},{\"@type\":\"ImageObject\",\"inLanguage\":\"es-AR\",\"@id\":\"https:\\\/\\\/www.muyjujuy.com\\\/index.php\\\/2022\\\/06\\\/09\\\/comer-en-casa-familias-de-la-quiaca-recibieron-las-unidades-alimentarias\\\/#primaryimage\",\"url\":\"https:\\\/\\\/www.muyjujuy.com\\\/wp-content\\\/uploads\\\/2022\\\/06\\\/WhatsApp-Image-2022-06-09-at-11.12.53-AM.jpeg\",\"contentUrl\":\"https:\\\/\\\/www.muyjujuy.com\\\/wp-content\\\/uploads\\\/2022\\\/06\\\/WhatsApp-Image-2022-06-09-at-11.12.53-AM.jpeg\",\"width\":750,\"height\":420},{\"@type\":\"BreadcrumbList\",\"@id\":\"https:\\\/\\\/www.muyjujuy.com\\\/index.php\\\/2022\\\/06\\\/09\\\/comer-en-casa-familias-de-la-quiaca-recibieron-las-unidades-alimentarias\\\/#breadcrumb\",\"itemListElement\":[{\"@type\":\"ListItem\",\"position\":1,\"name\":\"Inicio\",\"item\":\"https:\\\/\\\/www.muyjujuy.com\\\/\"},{\"@type\":\"ListItem\",\"position\":2,\"name\":\"&#8220;Comer en Casa&#8221;: familias de La Quiaca recibieron las Unidades Alimentarias\"}]},{\"@type\":\"WebSite\",\"@id\":\"https:\\\/\\\/www.muyjujuy.com\\\/#website\",\"url\":\"https:\\\/\\\/www.muyjujuy.com\\\/\",\"name\":\"Muy Jujuy\",\"description\":\"\",\"publisher\":{\"@id\":\"https:\\\/\\\/www.muyjujuy.com\\\/#organization\"},\"potentialAction\":[{\"@type\":\"SearchAction\",\"target\":{\"@type\":\"EntryPoint\",\"urlTemplate\":\"https:\\\/\\\/www.muyjujuy.com\\\/?s={search_term_string}\"},\"query-input\":{\"@type\":\"PropertyValueSpecification\",\"valueRequired\":true,\"valueName\":\"search_term_string\"}}],\"inLanguage\":\"es-AR\"},{\"@type\":\"Organization\",\"@id\":\"https:\\\/\\\/www.muyjujuy.com\\\/#organization\",\"name\":\"Muy Jujuy\",\"url\":\"https:\\\/\\\/www.muyjujuy.com\\\/\",\"logo\":{\"@type\":\"ImageObject\",\"inLanguage\":\"es-AR\",\"@id\":\"https:\\\/\\\/www.muyjujuy.com\\\/#\\\/schema\\\/logo\\\/image\\\/\",\"url\":\"http:\\\/\\\/www.muyjujuy.com\\\/wp-content\\\/uploads\\\/2022\\\/05\\\/logo-mobil-jujuy.png\",\"contentUrl\":\"http:\\\/\\\/www.muyjujuy.com\\\/wp-content\\\/uploads\\\/2022\\\/05\\\/logo-mobil-jujuy.png\",\"width\":174,\"height\":81,\"caption\":\"Muy Jujuy\"},\"image\":{\"@id\":\"https:\\\/\\\/www.muyjujuy.com\\\/#\\\/schema\\\/logo\\\/image\\\/\"},\"sameAs\":[\"https:\\\/\\\/www.facebook.com\\\/muyjujuycom\",\"https:\\\/\\\/x.com\\\/muyjujuy\",\"https:\\\/\\\/www.instagram.com\\\/muyjujuycom\"]},{\"@type\":\"Person\",\"@id\":\"https:\\\/\\\/www.muyjujuy.com\\\/#\\\/schema\\\/person\\\/1d0f6e223ccea9e3f9034c1a5b683bf2\",\"name\":\"Redacci\u00f3n Muy Jujuy\",\"image\":{\"@type\":\"ImageObject\",\"inLanguage\":\"es-AR\",\"@id\":\"https:\\\/\\\/secure.gravatar.com\\\/avatar\\\/fec5f6f1893d741ed5eecccff109ce43e67a855411202a3212a058cb8e5c27d4?s=96&d=mm&r=g\",\"url\":\"https:\\\/\\\/secure.gravatar.com\\\/avatar\\\/fec5f6f1893d741ed5eecccff109ce43e67a855411202a3212a058cb8e5c27d4?s=96&d=mm&r=g\",\"contentUrl\":\"https:\\\/\\\/secure.gravatar.com\\\/avatar\\\/fec5f6f1893d741ed5eecccff109ce43e67a855411202a3212a058cb8e5c27d4?s=96&d=mm&r=g\",\"caption\":\"Redacci\u00f3n Muy Jujuy\"},\"url\":\"https:\\\/\\\/www.muyjujuy.com\\\/index.php\\\/author\\\/editor\\\/\"}]}<\/script>\n<!-- \/ Yoast SEO plugin. -->","yoast_head_json":{"title":"\"Comer en Casa\": familias de La Quiaca recibieron las Unidades Alimentarias - Muy Jujuy","description":"El Gobierno de Jujuy llev\u00f3 a cabo un nuevo operativo de Comer en Casa en La Quiaca para asistir a familiar en situaci\u00f3n de vulnerabilidad.","robots":{"index":"index","follow":"follow","max-snippet":"max-snippet:-1","max-image-preview":"max-image-preview:large","max-video-preview":"max-video-preview:-1"},"canonical":"https:\/\/www.muyjujuy.com\/index.php\/2022\/06\/09\/comer-en-casa-familias-de-la-quiaca-recibieron-las-unidades-alimentarias\/","og_locale":"es_ES","og_type":"article","og_title":"\"Comer en Casa\": familias de La Quiaca recibieron las Unidades Alimentarias - Muy Jujuy","og_description":"El Gobierno de Jujuy llev\u00f3 a cabo un nuevo operativo de Comer en Casa en La Quiaca para asistir a familiar en situaci\u00f3n de vulnerabilidad.","og_url":"https:\/\/www.muyjujuy.com\/index.php\/2022\/06\/09\/comer-en-casa-familias-de-la-quiaca-recibieron-las-unidades-alimentarias\/","og_site_name":"Muy Jujuy","article_publisher":"https:\/\/www.facebook.com\/muyjujuycom","article_published_time":"2022-06-09T14:19:15+00:00","article_modified_time":"2022-06-09T14:19:16+00:00","og_image":[{"width":750,"height":420,"url":"https:\/\/www.muyjujuy.com\/wp-content\/uploads\/2022\/06\/WhatsApp-Image-2022-06-09-at-11.12.53-AM.jpeg","type":"image\/jpeg"}],"author":"Redacci\u00f3n Muy Jujuy","twitter_card":"summary_large_image","twitter_creator":"@muyjujuy","twitter_site":"@muyjujuy","twitter_misc":{"Escrito por":"Redacci\u00f3n Muy Jujuy","Tiempo de lectura":"1 minuto"},"schema":{"@context":"https:\/\/schema.org","@graph":[{"@type":"Article","@id":"https:\/\/www.muyjujuy.com\/index.php\/2022\/06\/09\/comer-en-casa-familias-de-la-quiaca-recibieron-las-unidades-alimentarias\/#article","isPartOf":{"@id":"https:\/\/www.muyjujuy.com\/index.php\/2022\/06\/09\/comer-en-casa-familias-de-la-quiaca-recibieron-las-unidades-alimentarias\/"},"author":{"name":"Redacci\u00f3n Muy Jujuy","@id":"https:\/\/www.muyjujuy.com\/#\/schema\/person\/1d0f6e223ccea9e3f9034c1a5b683bf2"},"headline":"&#8220;Comer en Casa&#8221;: familias de La Quiaca recibieron las Unidades Alimentarias","datePublished":"2022-06-09T14:19:15+00:00","dateModified":"2022-06-09T14:19:16+00:00","mainEntityOfPage":{"@id":"https:\/\/www.muyjujuy.com\/index.php\/2022\/06\/09\/comer-en-casa-familias-de-la-quiaca-recibieron-las-unidades-alimentarias\/"},"wordCount":189,"commentCount":0,"publisher":{"@id":"https:\/\/www.muyjujuy.com\/#organization"},"image":{"@id":"https:\/\/www.muyjujuy.com\/index.php\/2022\/06\/09\/comer-en-casa-familias-de-la-quiaca-recibieron-las-unidades-alimentarias\/#primaryimage"},"thumbnailUrl":"https:\/\/www.muyjujuy.com\/wp-content\/uploads\/2022\/06\/WhatsApp-Image-2022-06-09-at-11.12.53-AM.jpeg","keywords":["Gerardo Morales","Jujuy"],"articleSection":["Sociedad"],"inLanguage":"es-AR","potentialAction":[{"@type":"CommentAction","name":"Comment","target":["https:\/\/www.muyjujuy.com\/index.php\/2022\/06\/09\/comer-en-casa-familias-de-la-quiaca-recibieron-las-unidades-alimentarias\/#respond"]}]},{"@type":"WebPage","@id":"https:\/\/www.muyjujuy.com\/index.php\/2022\/06\/09\/comer-en-casa-familias-de-la-quiaca-recibieron-las-unidades-alimentarias\/","url":"https:\/\/www.muyjujuy.com\/index.php\/2022\/06\/09\/comer-en-casa-familias-de-la-quiaca-recibieron-las-unidades-alimentarias\/","name":"\"Comer en Casa\": familias de La Quiaca recibieron las Unidades Alimentarias - Muy Jujuy","isPartOf":{"@id":"https:\/\/www.muyjujuy.com\/#website"},"primaryImageOfPage":{"@id":"https:\/\/www.muyjujuy.com\/index.php\/2022\/06\/09\/comer-en-casa-familias-de-la-quiaca-recibieron-las-unidades-alimentarias\/#primaryimage"},"image":{"@id":"https:\/\/www.muyjujuy.com\/index.php\/2022\/06\/09\/comer-en-casa-familias-de-la-quiaca-recibieron-las-unidades-alimentarias\/#primaryimage"},"thumbnailUrl":"https:\/\/www.muyjujuy.com\/wp-content\/uploads\/2022\/06\/WhatsApp-Image-2022-06-09-at-11.12.53-AM.jpeg","datePublished":"2022-06-09T14:19:15+00:00","dateModified":"2022-06-09T14:19:16+00:00","description":"El Gobierno de Jujuy llev\u00f3 a cabo un nuevo operativo de Comer en Casa en La Quiaca para asistir a familiar en situaci\u00f3n de vulnerabilidad.","breadcrumb":{"@id":"https:\/\/www.muyjujuy.com\/index.php\/2022\/06\/09\/comer-en-casa-familias-de-la-quiaca-recibieron-las-unidades-alimentarias\/#breadcrumb"},"inLanguage":"es-AR","potentialAction":[{"@type":"ReadAction","target":["https:\/\/www.muyjujuy.com\/index.php\/2022\/06\/09\/comer-en-casa-familias-de-la-quiaca-recibieron-las-unidades-alimentarias\/"]}]},{"@type":"ImageObject","inLanguage":"es-AR","@id":"https:\/\/www.muyjujuy.com\/index.php\/2022\/06\/09\/comer-en-casa-familias-de-la-quiaca-recibieron-las-unidades-alimentarias\/#primaryimage","url":"https:\/\/www.muyjujuy.com\/wp-content\/uploads\/2022\/06\/WhatsApp-Image-2022-06-09-at-11.12.53-AM.jpeg","contentUrl":"https:\/\/www.muyjujuy.com\/wp-content\/uploads\/2022\/06\/WhatsApp-Image-2022-06-09-at-11.12.53-AM.jpeg","width":750,"height":420},{"@type":"BreadcrumbList","@id":"https:\/\/www.muyjujuy.com\/index.php\/2022\/06\/09\/comer-en-casa-familias-de-la-quiaca-recibieron-las-unidades-alimentarias\/#breadcrumb","itemListElement":[{"@type":"ListItem","position":1,"name":"Inicio","item":"https:\/\/www.muyjujuy.com\/"},{"@type":"ListItem","position":2,"name":"&#8220;Comer en Casa&#8221;: familias de La Quiaca recibieron las Unidades Alimentarias"}]},{"@type":"WebSite","@id":"https:\/\/www.muyjujuy.com\/#website","url":"https:\/\/www.muyjujuy.com\/","name":"Muy Jujuy","description":"","publisher":{"@id":"https:\/\/www.muyjujuy.com\/#organization"},"potentialAction":[{"@type":"SearchAction","target":{"@type":"EntryPoint","urlTemplate":"https:\/\/www.muyjujuy.com\/?s={search_term_string}"},"query-input":{"@type":"PropertyValueSpecification","valueRequired":true,"valueName":"search_term_string"}}],"inLanguage":"es-AR"},{"@type":"Organization","@id":"https:\/\/www.muyjujuy.com\/#organization","name":"Muy Jujuy","url":"https:\/\/www.muyjujuy.com\/","logo":{"@type":"ImageObject","inLanguage":"es-AR","@id":"https:\/\/www.muyjujuy.com\/#\/schema\/logo\/image\/","url":"http:\/\/www.muyjujuy.com\/wp-content\/uploads\/2022\/05\/logo-mobil-jujuy.png","contentUrl":"http:\/\/www.muyjujuy.com\/wp-content\/uploads\/2022\/05\/logo-mobil-jujuy.png","width":174,"height":81,"caption":"Muy Jujuy"},"image":{"@id":"https:\/\/www.muyjujuy.com\/#\/schema\/logo\/image\/"},"sameAs":["https:\/\/www.facebook.com\/muyjujuycom","https:\/\/x.com\/muyjujuy","https:\/\/www.instagram.com\/muyjujuycom"]},{"@type":"Person","@id":"https:\/\/www.muyjujuy.com\/#\/schema\/person\/1d0f6e223ccea9e3f9034c1a5b683bf2","name":"Redacci\u00f3n Muy Jujuy","image":{"@type":"ImageObject","inLanguage":"es-AR","@id":"https:\/\/secure.gravatar.com\/avatar\/fec5f6f1893d741ed5eecccff109ce43e67a855411202a3212a058cb8e5c27d4?s=96&d=mm&r=g","url":"https:\/\/secure.gravatar.com\/avatar\/fec5f6f1893d741ed5eecccff109ce43e67a855411202a3212a058cb8e5c27d4?s=96&d=mm&r=g","contentUrl":"https:\/\/secure.gravatar.com\/avatar\/fec5f6f1893d741ed5eecccff109ce43e67a855411202a3212a058cb8e5c27d4?s=96&d=mm&r=g","caption":"Redacci\u00f3n Muy Jujuy"},"url":"https:\/\/www.muyjujuy.com\/index.php\/author\/editor\/"}]}},"_links":{"self":[{"href":"https:\/\/www.muyjujuy.com\/index.php\/wp-json\/wp\/v2\/posts\/537","targetHints":{"allow":["GET"]}}],"collection":[{"href":"https:\/\/www.muyjujuy.com\/index.php\/wp-json\/wp\/v2\/posts"}],"about":[{"href":"https:\/\/www.muyjujuy.com\/index.php\/wp-json\/wp\/v2\/types\/post"}],"author":[{"embeddable":true,"href":"https:\/\/www.muyjujuy.com\/index.php\/wp-json\/wp\/v2\/users\/3"}],"replies":[{"embeddable":true,"href":"https:\/\/www.muyjujuy.com\/index.php\/wp-json\/wp\/v2\/comments?post=537"}],"version-history":[{"count":1,"href":"https:\/\/www.muyjujuy.com\/index.php\/wp-json\/wp\/v2\/posts\/537\/revisions"}],"predecessor-version":[{"id":539,"href":"https:\/\/www.muyjujuy.com\/index.php\/wp-json\/wp\/v2\/posts\/537\/revisions\/539"}],"wp:featuredmedia":[{"embeddable":true,"href":"https:\/\/www.muyjujuy.com\/index.php\/wp-json\/wp\/v2\/media\/538"}],"wp:attachment":[{"href":"https:\/\/www.muyjujuy.com\/index.php\/wp-json\/wp\/v2\/media?parent=537"}],"wp:term":[{"taxonomy":"category","embeddable":true,"href":"https:\/\/www.muyjujuy.com\/index.php\/wp-json\/wp\/v2\/categories?post=537"},{"taxonomy":"post_tag","embeddable":true,"href":"https:\/\/www.muyjujuy.com\/index.php\/wp-json\/wp\/v2\/tags?post=537"}],"curies":[{"name":"wp","href":"https:\/\/api.w.org\/{rel}","templated":true}]}}