{"id":540,"date":"2022-06-09T11:29:32","date_gmt":"2022-06-09T14:29:32","guid":{"rendered":"https:\/\/www.muyjujuy.com\/?p=540"},"modified":"2022-06-09T11:29:33","modified_gmt":"2022-06-09T14:29:33","slug":"intoxicacion-en-una-escuela-de-jujuy-hospitalizaron-a-docentes-y-una-alumna","status":"publish","type":"post","link":"https:\/\/www.muyjujuy.com\/index.php\/2022\/06\/09\/intoxicacion-en-una-escuela-de-jujuy-hospitalizaron-a-docentes-y-una-alumna\/","title":{"rendered":"Intoxicaci\u00f3n en una escuela de Jujuy: hospitalizaron a docentes y una alumna"},"content":{"rendered":"\n<p><em>El hecho ocurri\u00f3 este jueves a la ma\u00f1ana. Al parecer fue una intoxicaci\u00f3n qu\u00edmica por un producto de desinfecci\u00f3n.<\/em><\/p>\n\n\n\n<p>Varios docentes y alumnos fueron hospitalizados este jueves por una intoxicaci\u00f3n qu\u00edmica. El hecho ocurri\u00f3 en la Escuela n\u00ba 213 Mart\u00edn Ra\u00fal Gal\u00e1n de Libertador Gral. San Mart\u00edn.<\/p>\n\n\n\n<p>Seg\u00fan consign\u00f3 el portal <em>Somos Jujuy<\/em>, <strong>se hab\u00eda programado la desinfecci\u00f3n de las aulas del nivel inicial y primario<\/strong>. En la jornada del mi\u00e9rcoles comenzaron las tareas en el nivel primario y estaba previsto que en la jornada de hoy se contin\u00fae con el nivel inicial.<\/p>\n\n\n\n<p>A pesar de las tareas de desinfecci\u00f3n, desde el \u00e1rea de supervisi\u00f3n, <strong>no lleg\u00f3 ning\u00fan comunicado de suspensi\u00f3n de actividades por lo que alumnos, docentes y no docentes, asistieron de forma normal al establecimiento resultando con da\u00f1os de salud.<\/strong><\/p>\n\n\n\n<p><\/p>\n\n\n\n<p>Claudia Jurado, docente del establecimiento educativo explic\u00f3:<strong> \u201cFue una situaci\u00f3n ca\u00f3tica porque nos tuvieron que evacuar porque al entrar a la instituci\u00f3n se sent\u00eda muy fuerte el olor a desinfecci\u00f3n\u201d.<\/strong> Adem\u00e1s indic\u00f3 que &#8220;en el d\u00eda de hoy el personal entr\u00f3 a desinfectar el jard\u00edn y <strong>se sent\u00eda un olor muy fuerte<\/strong>, lo que llev\u00f3 que docentes y alumnos de descompusieran\u201d.<\/p>\n\n\n\n<p>Detall\u00f3 que hubo <strong>tres docentes afectadas,<\/strong> de las cuales una entr\u00f3 en ataque de p\u00e1nico y tuvo que ser derivada al hospital local. Por otro lado, <strong>una alumna fue asistida por personal del SAME en el lugar.<\/strong><\/p>\n\n\n\n<p>\u201cReci\u00e9n al ver todo este movimiento que hubo, la supervisora Silvia Castro,<strong> dio la orden de que se suspendan todas las actividades en la escuela cuando se podr\u00eda haber evitado todo esto\u201d<\/strong>, asegur\u00f3 la docente.<\/p>\n\n\n\n<h2 class=\"wp-block-heading\">Desinfecci\u00f3n en el establecimiento<\/h2>\n\n\n\n<p>Tras las tareas de desinfecci\u00f3n, la docente advirti\u00f3:<strong> \u201cNo se pueden desinfectar dos d\u00edas diferentes porque son niveles que comparten el mismo edificio. <\/strong>El nivel inicial est\u00e1 dentro del nivel primario, no estamos separados\u201d.<\/p>\n\n\n\n<p><strong>&#8220;Hoy vinieron a terminar de desinfectar el nivel inicial estando nosotros adentro<\/strong>. En mi caso particular, mi grado, est\u00e1 pegado a los jardines y la docente paralela comenz\u00f3 a sentirse mal, se descompuso y ah\u00ed llamaron al SAME\u201d, cuestion\u00f3.<\/p>\n\n\n\n<p>La docente referente apunt\u00f3 que <strong>\u201chubo una falta de informaci\u00f3n y coherencia. <\/strong>Se tendr\u00edan que haber suspendido las clases dos d\u00edas\u201d. <\/p>\n","protected":false},"excerpt":{"rendered":"<p>El hecho ocurri\u00f3 este jueves a la ma\u00f1ana. Al parecer fue una intoxicaci\u00f3n qu\u00edmica por un producto de desinfecci\u00f3n. Varios docentes y alumnos fueron hospitalizados este jueves por una intoxicaci\u00f3n qu\u00edmica. El hecho ocurri\u00f3 en la Escuela n\u00ba 213 Mart\u00edn Ra\u00fal Gal\u00e1n de Libertador Gral. San Mart\u00edn. Seg\u00fan consign\u00f3 el portal Somos Jujuy, se hab\u00eda [&hellip;]<\/p>\n","protected":false},"author":3,"featured_media":541,"comment_status":"open","ping_status":"open","sticky":false,"template":"","format":"standard","meta":{"footnotes":""},"categories":[25],"tags":[8,640],"class_list":{"0":"post-540","1":"post","2":"type-post","3":"status-publish","4":"format-standard","5":"has-post-thumbnail","7":"category-sociedad","8":"tag-jujuy","9":"tag-san-salvador"},"yoast_head":"<!-- This site is optimized with the Yoast SEO plugin v27.5 - https:\/\/yoast.com\/product\/yoast-seo-wordpress\/ -->\n<title>Intoxicaci\u00f3n en una escuela de Jujuy: hospitalizaron a docentes y una alumna - Muy Jujuy<\/title>\n<meta name=\"description\" content=\"Varios docentes y una alumna fueron intoxicados por productos de desinfecci\u00f3n que se aplicaron en una escuela de Jujuy este jueves.\" \/>\n<meta name=\"robots\" content=\"index, follow, max-snippet:-1, max-image-preview:large, max-video-preview:-1\" \/>\n<link rel=\"canonical\" href=\"https:\/\/www.muyjujuy.com\/index.php\/2022\/06\/09\/intoxicacion-en-una-escuela-de-jujuy-hospitalizaron-a-docentes-y-una-alumna\/\" \/>\n<meta property=\"og:locale\" content=\"es_ES\" \/>\n<meta property=\"og:type\" content=\"article\" \/>\n<meta property=\"og:title\" content=\"Intoxicaci\u00f3n en una escuela de Jujuy: hospitalizaron a docentes y una alumna - Muy Jujuy\" \/>\n<meta property=\"og:description\" content=\"Varios docentes y una alumna fueron intoxicados por productos de desinfecci\u00f3n que se aplicaron en una escuela de Jujuy este jueves.\" \/>\n<meta property=\"og:url\" content=\"https:\/\/www.muyjujuy.com\/index.php\/2022\/06\/09\/intoxicacion-en-una-escuela-de-jujuy-hospitalizaron-a-docentes-y-una-alumna\/\" \/>\n<meta property=\"og:site_name\" content=\"Muy Jujuy\" \/>\n<meta property=\"article:publisher\" content=\"https:\/\/www.facebook.com\/muyjujuycom\" \/>\n<meta property=\"article:published_time\" content=\"2022-06-09T14:29:32+00:00\" \/>\n<meta property=\"article:modified_time\" content=\"2022-06-09T14:29:33+00:00\" \/>\n<meta property=\"og:image\" content=\"https:\/\/www.muyjujuy.com\/wp-content\/uploads\/2022\/06\/WhatsApp-Image-2022-06-09-at-11.27.39-AM.jpeg\" \/>\n\t<meta property=\"og:image:width\" content=\"970\" \/>\n\t<meta property=\"og:image:height\" content=\"546\" \/>\n\t<meta property=\"og:image:type\" content=\"image\/jpeg\" \/>\n<meta name=\"author\" content=\"Redacci\u00f3n Muy Jujuy\" \/>\n<meta name=\"twitter:card\" content=\"summary_large_image\" \/>\n<meta name=\"twitter:creator\" content=\"@muyjujuy\" \/>\n<meta name=\"twitter:site\" content=\"@muyjujuy\" \/>\n<meta name=\"twitter:label1\" content=\"Escrito por\" \/>\n\t<meta name=\"twitter:data1\" content=\"Redacci\u00f3n Muy Jujuy\" \/>\n\t<meta name=\"twitter:label2\" content=\"Tiempo de lectura\" \/>\n\t<meta name=\"twitter:data2\" content=\"2 minutos\" \/>\n<script type=\"application\/ld+json\" class=\"yoast-schema-graph\">{\"@context\":\"https:\\\/\\\/schema.org\",\"@graph\":[{\"@type\":\"Article\",\"@id\":\"https:\\\/\\\/www.muyjujuy.com\\\/index.php\\\/2022\\\/06\\\/09\\\/intoxicacion-en-una-escuela-de-jujuy-hospitalizaron-a-docentes-y-una-alumna\\\/#article\",\"isPartOf\":{\"@id\":\"https:\\\/\\\/www.muyjujuy.com\\\/index.php\\\/2022\\\/06\\\/09\\\/intoxicacion-en-una-escuela-de-jujuy-hospitalizaron-a-docentes-y-una-alumna\\\/\"},\"author\":{\"name\":\"Redacci\u00f3n Muy Jujuy\",\"@id\":\"https:\\\/\\\/www.muyjujuy.com\\\/#\\\/schema\\\/person\\\/1d0f6e223ccea9e3f9034c1a5b683bf2\"},\"headline\":\"Intoxicaci\u00f3n en una escuela de Jujuy: hospitalizaron a docentes y una alumna\",\"datePublished\":\"2022-06-09T14:29:32+00:00\",\"dateModified\":\"2022-06-09T14:29:33+00:00\",\"mainEntityOfPage\":{\"@id\":\"https:\\\/\\\/www.muyjujuy.com\\\/index.php\\\/2022\\\/06\\\/09\\\/intoxicacion-en-una-escuela-de-jujuy-hospitalizaron-a-docentes-y-una-alumna\\\/\"},\"wordCount\":413,\"commentCount\":0,\"publisher\":{\"@id\":\"https:\\\/\\\/www.muyjujuy.com\\\/#organization\"},\"image\":{\"@id\":\"https:\\\/\\\/www.muyjujuy.com\\\/index.php\\\/2022\\\/06\\\/09\\\/intoxicacion-en-una-escuela-de-jujuy-hospitalizaron-a-docentes-y-una-alumna\\\/#primaryimage\"},\"thumbnailUrl\":\"https:\\\/\\\/www.muyjujuy.com\\\/wp-content\\\/uploads\\\/2022\\\/06\\\/WhatsApp-Image-2022-06-09-at-11.27.39-AM.jpeg\",\"keywords\":[\"Jujuy\",\"San Salvador\"],\"articleSection\":[\"Sociedad\"],\"inLanguage\":\"es-AR\",\"potentialAction\":[{\"@type\":\"CommentAction\",\"name\":\"Comment\",\"target\":[\"https:\\\/\\\/www.muyjujuy.com\\\/index.php\\\/2022\\\/06\\\/09\\\/intoxicacion-en-una-escuela-de-jujuy-hospitalizaron-a-docentes-y-una-alumna\\\/#respond\"]}]},{\"@type\":\"WebPage\",\"@id\":\"https:\\\/\\\/www.muyjujuy.com\\\/index.php\\\/2022\\\/06\\\/09\\\/intoxicacion-en-una-escuela-de-jujuy-hospitalizaron-a-docentes-y-una-alumna\\\/\",\"url\":\"https:\\\/\\\/www.muyjujuy.com\\\/index.php\\\/2022\\\/06\\\/09\\\/intoxicacion-en-una-escuela-de-jujuy-hospitalizaron-a-docentes-y-una-alumna\\\/\",\"name\":\"Intoxicaci\u00f3n en una escuela de Jujuy: hospitalizaron a docentes y una alumna - Muy Jujuy\",\"isPartOf\":{\"@id\":\"https:\\\/\\\/www.muyjujuy.com\\\/#website\"},\"primaryImageOfPage\":{\"@id\":\"https:\\\/\\\/www.muyjujuy.com\\\/index.php\\\/2022\\\/06\\\/09\\\/intoxicacion-en-una-escuela-de-jujuy-hospitalizaron-a-docentes-y-una-alumna\\\/#primaryimage\"},\"image\":{\"@id\":\"https:\\\/\\\/www.muyjujuy.com\\\/index.php\\\/2022\\\/06\\\/09\\\/intoxicacion-en-una-escuela-de-jujuy-hospitalizaron-a-docentes-y-una-alumna\\\/#primaryimage\"},\"thumbnailUrl\":\"https:\\\/\\\/www.muyjujuy.com\\\/wp-content\\\/uploads\\\/2022\\\/06\\\/WhatsApp-Image-2022-06-09-at-11.27.39-AM.jpeg\",\"datePublished\":\"2022-06-09T14:29:32+00:00\",\"dateModified\":\"2022-06-09T14:29:33+00:00\",\"description\":\"Varios docentes y una alumna fueron intoxicados por productos de desinfecci\u00f3n que se aplicaron en una escuela de Jujuy este jueves.\",\"breadcrumb\":{\"@id\":\"https:\\\/\\\/www.muyjujuy.com\\\/index.php\\\/2022\\\/06\\\/09\\\/intoxicacion-en-una-escuela-de-jujuy-hospitalizaron-a-docentes-y-una-alumna\\\/#breadcrumb\"},\"inLanguage\":\"es-AR\",\"potentialAction\":[{\"@type\":\"ReadAction\",\"target\":[\"https:\\\/\\\/www.muyjujuy.com\\\/index.php\\\/2022\\\/06\\\/09\\\/intoxicacion-en-una-escuela-de-jujuy-hospitalizaron-a-docentes-y-una-alumna\\\/\"]}]},{\"@type\":\"ImageObject\",\"inLanguage\":\"es-AR\",\"@id\":\"https:\\\/\\\/www.muyjujuy.com\\\/index.php\\\/2022\\\/06\\\/09\\\/intoxicacion-en-una-escuela-de-jujuy-hospitalizaron-a-docentes-y-una-alumna\\\/#primaryimage\",\"url\":\"https:\\\/\\\/www.muyjujuy.com\\\/wp-content\\\/uploads\\\/2022\\\/06\\\/WhatsApp-Image-2022-06-09-at-11.27.39-AM.jpeg\",\"contentUrl\":\"https:\\\/\\\/www.muyjujuy.com\\\/wp-content\\\/uploads\\\/2022\\\/06\\\/WhatsApp-Image-2022-06-09-at-11.27.39-AM.jpeg\",\"width\":970,\"height\":546},{\"@type\":\"BreadcrumbList\",\"@id\":\"https:\\\/\\\/www.muyjujuy.com\\\/index.php\\\/2022\\\/06\\\/09\\\/intoxicacion-en-una-escuela-de-jujuy-hospitalizaron-a-docentes-y-una-alumna\\\/#breadcrumb\",\"itemListElement\":[{\"@type\":\"ListItem\",\"position\":1,\"name\":\"Inicio\",\"item\":\"https:\\\/\\\/www.muyjujuy.com\\\/\"},{\"@type\":\"ListItem\",\"position\":2,\"name\":\"Intoxicaci\u00f3n en una escuela de Jujuy: hospitalizaron a docentes y una alumna\"}]},{\"@type\":\"WebSite\",\"@id\":\"https:\\\/\\\/www.muyjujuy.com\\\/#website\",\"url\":\"https:\\\/\\\/www.muyjujuy.com\\\/\",\"name\":\"Muy Jujuy\",\"description\":\"\",\"publisher\":{\"@id\":\"https:\\\/\\\/www.muyjujuy.com\\\/#organization\"},\"potentialAction\":[{\"@type\":\"SearchAction\",\"target\":{\"@type\":\"EntryPoint\",\"urlTemplate\":\"https:\\\/\\\/www.muyjujuy.com\\\/?s={search_term_string}\"},\"query-input\":{\"@type\":\"PropertyValueSpecification\",\"valueRequired\":true,\"valueName\":\"search_term_string\"}}],\"inLanguage\":\"es-AR\"},{\"@type\":\"Organization\",\"@id\":\"https:\\\/\\\/www.muyjujuy.com\\\/#organization\",\"name\":\"Muy Jujuy\",\"url\":\"https:\\\/\\\/www.muyjujuy.com\\\/\",\"logo\":{\"@type\":\"ImageObject\",\"inLanguage\":\"es-AR\",\"@id\":\"https:\\\/\\\/www.muyjujuy.com\\\/#\\\/schema\\\/logo\\\/image\\\/\",\"url\":\"http:\\\/\\\/www.muyjujuy.com\\\/wp-content\\\/uploads\\\/2022\\\/05\\\/logo-mobil-jujuy.png\",\"contentUrl\":\"http:\\\/\\\/www.muyjujuy.com\\\/wp-content\\\/uploads\\\/2022\\\/05\\\/logo-mobil-jujuy.png\",\"width\":174,\"height\":81,\"caption\":\"Muy Jujuy\"},\"image\":{\"@id\":\"https:\\\/\\\/www.muyjujuy.com\\\/#\\\/schema\\\/logo\\\/image\\\/\"},\"sameAs\":[\"https:\\\/\\\/www.facebook.com\\\/muyjujuycom\",\"https:\\\/\\\/x.com\\\/muyjujuy\",\"https:\\\/\\\/www.instagram.com\\\/muyjujuycom\"]},{\"@type\":\"Person\",\"@id\":\"https:\\\/\\\/www.muyjujuy.com\\\/#\\\/schema\\\/person\\\/1d0f6e223ccea9e3f9034c1a5b683bf2\",\"name\":\"Redacci\u00f3n Muy Jujuy\",\"image\":{\"@type\":\"ImageObject\",\"inLanguage\":\"es-AR\",\"@id\":\"https:\\\/\\\/secure.gravatar.com\\\/avatar\\\/fec5f6f1893d741ed5eecccff109ce43e67a855411202a3212a058cb8e5c27d4?s=96&d=mm&r=g\",\"url\":\"https:\\\/\\\/secure.gravatar.com\\\/avatar\\\/fec5f6f1893d741ed5eecccff109ce43e67a855411202a3212a058cb8e5c27d4?s=96&d=mm&r=g\",\"contentUrl\":\"https:\\\/\\\/secure.gravatar.com\\\/avatar\\\/fec5f6f1893d741ed5eecccff109ce43e67a855411202a3212a058cb8e5c27d4?s=96&d=mm&r=g\",\"caption\":\"Redacci\u00f3n Muy Jujuy\"},\"url\":\"https:\\\/\\\/www.muyjujuy.com\\\/index.php\\\/author\\\/editor\\\/\"}]}<\/script>\n<!-- \/ Yoast SEO plugin. -->","yoast_head_json":{"title":"Intoxicaci\u00f3n en una escuela de Jujuy: hospitalizaron a docentes y una alumna - Muy Jujuy","description":"Varios docentes y una alumna fueron intoxicados por productos de desinfecci\u00f3n que se aplicaron en una escuela de Jujuy este jueves.","robots":{"index":"index","follow":"follow","max-snippet":"max-snippet:-1","max-image-preview":"max-image-preview:large","max-video-preview":"max-video-preview:-1"},"canonical":"https:\/\/www.muyjujuy.com\/index.php\/2022\/06\/09\/intoxicacion-en-una-escuela-de-jujuy-hospitalizaron-a-docentes-y-una-alumna\/","og_locale":"es_ES","og_type":"article","og_title":"Intoxicaci\u00f3n en una escuela de Jujuy: hospitalizaron a docentes y una alumna - Muy Jujuy","og_description":"Varios docentes y una alumna fueron intoxicados por productos de desinfecci\u00f3n que se aplicaron en una escuela de Jujuy este jueves.","og_url":"https:\/\/www.muyjujuy.com\/index.php\/2022\/06\/09\/intoxicacion-en-una-escuela-de-jujuy-hospitalizaron-a-docentes-y-una-alumna\/","og_site_name":"Muy Jujuy","article_publisher":"https:\/\/www.facebook.com\/muyjujuycom","article_published_time":"2022-06-09T14:29:32+00:00","article_modified_time":"2022-06-09T14:29:33+00:00","og_image":[{"width":970,"height":546,"url":"https:\/\/www.muyjujuy.com\/wp-content\/uploads\/2022\/06\/WhatsApp-Image-2022-06-09-at-11.27.39-AM.jpeg","type":"image\/jpeg"}],"author":"Redacci\u00f3n Muy Jujuy","twitter_card":"summary_large_image","twitter_creator":"@muyjujuy","twitter_site":"@muyjujuy","twitter_misc":{"Escrito por":"Redacci\u00f3n Muy Jujuy","Tiempo de lectura":"2 minutos"},"schema":{"@context":"https:\/\/schema.org","@graph":[{"@type":"Article","@id":"https:\/\/www.muyjujuy.com\/index.php\/2022\/06\/09\/intoxicacion-en-una-escuela-de-jujuy-hospitalizaron-a-docentes-y-una-alumna\/#article","isPartOf":{"@id":"https:\/\/www.muyjujuy.com\/index.php\/2022\/06\/09\/intoxicacion-en-una-escuela-de-jujuy-hospitalizaron-a-docentes-y-una-alumna\/"},"author":{"name":"Redacci\u00f3n Muy Jujuy","@id":"https:\/\/www.muyjujuy.com\/#\/schema\/person\/1d0f6e223ccea9e3f9034c1a5b683bf2"},"headline":"Intoxicaci\u00f3n en una escuela de Jujuy: hospitalizaron a docentes y una alumna","datePublished":"2022-06-09T14:29:32+00:00","dateModified":"2022-06-09T14:29:33+00:00","mainEntityOfPage":{"@id":"https:\/\/www.muyjujuy.com\/index.php\/2022\/06\/09\/intoxicacion-en-una-escuela-de-jujuy-hospitalizaron-a-docentes-y-una-alumna\/"},"wordCount":413,"commentCount":0,"publisher":{"@id":"https:\/\/www.muyjujuy.com\/#organization"},"image":{"@id":"https:\/\/www.muyjujuy.com\/index.php\/2022\/06\/09\/intoxicacion-en-una-escuela-de-jujuy-hospitalizaron-a-docentes-y-una-alumna\/#primaryimage"},"thumbnailUrl":"https:\/\/www.muyjujuy.com\/wp-content\/uploads\/2022\/06\/WhatsApp-Image-2022-06-09-at-11.27.39-AM.jpeg","keywords":["Jujuy","San Salvador"],"articleSection":["Sociedad"],"inLanguage":"es-AR","potentialAction":[{"@type":"CommentAction","name":"Comment","target":["https:\/\/www.muyjujuy.com\/index.php\/2022\/06\/09\/intoxicacion-en-una-escuela-de-jujuy-hospitalizaron-a-docentes-y-una-alumna\/#respond"]}]},{"@type":"WebPage","@id":"https:\/\/www.muyjujuy.com\/index.php\/2022\/06\/09\/intoxicacion-en-una-escuela-de-jujuy-hospitalizaron-a-docentes-y-una-alumna\/","url":"https:\/\/www.muyjujuy.com\/index.php\/2022\/06\/09\/intoxicacion-en-una-escuela-de-jujuy-hospitalizaron-a-docentes-y-una-alumna\/","name":"Intoxicaci\u00f3n en una escuela de Jujuy: hospitalizaron a docentes y una alumna - Muy Jujuy","isPartOf":{"@id":"https:\/\/www.muyjujuy.com\/#website"},"primaryImageOfPage":{"@id":"https:\/\/www.muyjujuy.com\/index.php\/2022\/06\/09\/intoxicacion-en-una-escuela-de-jujuy-hospitalizaron-a-docentes-y-una-alumna\/#primaryimage"},"image":{"@id":"https:\/\/www.muyjujuy.com\/index.php\/2022\/06\/09\/intoxicacion-en-una-escuela-de-jujuy-hospitalizaron-a-docentes-y-una-alumna\/#primaryimage"},"thumbnailUrl":"https:\/\/www.muyjujuy.com\/wp-content\/uploads\/2022\/06\/WhatsApp-Image-2022-06-09-at-11.27.39-AM.jpeg","datePublished":"2022-06-09T14:29:32+00:00","dateModified":"2022-06-09T14:29:33+00:00","description":"Varios docentes y una alumna fueron intoxicados por productos de desinfecci\u00f3n que se aplicaron en una escuela de Jujuy este jueves.","breadcrumb":{"@id":"https:\/\/www.muyjujuy.com\/index.php\/2022\/06\/09\/intoxicacion-en-una-escuela-de-jujuy-hospitalizaron-a-docentes-y-una-alumna\/#breadcrumb"},"inLanguage":"es-AR","potentialAction":[{"@type":"ReadAction","target":["https:\/\/www.muyjujuy.com\/index.php\/2022\/06\/09\/intoxicacion-en-una-escuela-de-jujuy-hospitalizaron-a-docentes-y-una-alumna\/"]}]},{"@type":"ImageObject","inLanguage":"es-AR","@id":"https:\/\/www.muyjujuy.com\/index.php\/2022\/06\/09\/intoxicacion-en-una-escuela-de-jujuy-hospitalizaron-a-docentes-y-una-alumna\/#primaryimage","url":"https:\/\/www.muyjujuy.com\/wp-content\/uploads\/2022\/06\/WhatsApp-Image-2022-06-09-at-11.27.39-AM.jpeg","contentUrl":"https:\/\/www.muyjujuy.com\/wp-content\/uploads\/2022\/06\/WhatsApp-Image-2022-06-09-at-11.27.39-AM.jpeg","width":970,"height":546},{"@type":"BreadcrumbList","@id":"https:\/\/www.muyjujuy.com\/index.php\/2022\/06\/09\/intoxicacion-en-una-escuela-de-jujuy-hospitalizaron-a-docentes-y-una-alumna\/#breadcrumb","itemListElement":[{"@type":"ListItem","position":1,"name":"Inicio","item":"https:\/\/www.muyjujuy.com\/"},{"@type":"ListItem","position":2,"name":"Intoxicaci\u00f3n en una escuela de Jujuy: hospitalizaron a docentes y una alumna"}]},{"@type":"WebSite","@id":"https:\/\/www.muyjujuy.com\/#website","url":"https:\/\/www.muyjujuy.com\/","name":"Muy Jujuy","description":"","publisher":{"@id":"https:\/\/www.muyjujuy.com\/#organization"},"potentialAction":[{"@type":"SearchAction","target":{"@type":"EntryPoint","urlTemplate":"https:\/\/www.muyjujuy.com\/?s={search_term_string}"},"query-input":{"@type":"PropertyValueSpecification","valueRequired":true,"valueName":"search_term_string"}}],"inLanguage":"es-AR"},{"@type":"Organization","@id":"https:\/\/www.muyjujuy.com\/#organization","name":"Muy Jujuy","url":"https:\/\/www.muyjujuy.com\/","logo":{"@type":"ImageObject","inLanguage":"es-AR","@id":"https:\/\/www.muyjujuy.com\/#\/schema\/logo\/image\/","url":"http:\/\/www.muyjujuy.com\/wp-content\/uploads\/2022\/05\/logo-mobil-jujuy.png","contentUrl":"http:\/\/www.muyjujuy.com\/wp-content\/uploads\/2022\/05\/logo-mobil-jujuy.png","width":174,"height":81,"caption":"Muy Jujuy"},"image":{"@id":"https:\/\/www.muyjujuy.com\/#\/schema\/logo\/image\/"},"sameAs":["https:\/\/www.facebook.com\/muyjujuycom","https:\/\/x.com\/muyjujuy","https:\/\/www.instagram.com\/muyjujuycom"]},{"@type":"Person","@id":"https:\/\/www.muyjujuy.com\/#\/schema\/person\/1d0f6e223ccea9e3f9034c1a5b683bf2","name":"Redacci\u00f3n Muy Jujuy","image":{"@type":"ImageObject","inLanguage":"es-AR","@id":"https:\/\/secure.gravatar.com\/avatar\/fec5f6f1893d741ed5eecccff109ce43e67a855411202a3212a058cb8e5c27d4?s=96&d=mm&r=g","url":"https:\/\/secure.gravatar.com\/avatar\/fec5f6f1893d741ed5eecccff109ce43e67a855411202a3212a058cb8e5c27d4?s=96&d=mm&r=g","contentUrl":"https:\/\/secure.gravatar.com\/avatar\/fec5f6f1893d741ed5eecccff109ce43e67a855411202a3212a058cb8e5c27d4?s=96&d=mm&r=g","caption":"Redacci\u00f3n Muy Jujuy"},"url":"https:\/\/www.muyjujuy.com\/index.php\/author\/editor\/"}]}},"_links":{"self":[{"href":"https:\/\/www.muyjujuy.com\/index.php\/wp-json\/wp\/v2\/posts\/540","targetHints":{"allow":["GET"]}}],"collection":[{"href":"https:\/\/www.muyjujuy.com\/index.php\/wp-json\/wp\/v2\/posts"}],"about":[{"href":"https:\/\/www.muyjujuy.com\/index.php\/wp-json\/wp\/v2\/types\/post"}],"author":[{"embeddable":true,"href":"https:\/\/www.muyjujuy.com\/index.php\/wp-json\/wp\/v2\/users\/3"}],"replies":[{"embeddable":true,"href":"https:\/\/www.muyjujuy.com\/index.php\/wp-json\/wp\/v2\/comments?post=540"}],"version-history":[{"count":1,"href":"https:\/\/www.muyjujuy.com\/index.php\/wp-json\/wp\/v2\/posts\/540\/revisions"}],"predecessor-version":[{"id":542,"href":"https:\/\/www.muyjujuy.com\/index.php\/wp-json\/wp\/v2\/posts\/540\/revisions\/542"}],"wp:featuredmedia":[{"embeddable":true,"href":"https:\/\/www.muyjujuy.com\/index.php\/wp-json\/wp\/v2\/media\/541"}],"wp:attachment":[{"href":"https:\/\/www.muyjujuy.com\/index.php\/wp-json\/wp\/v2\/media?parent=540"}],"wp:term":[{"taxonomy":"category","embeddable":true,"href":"https:\/\/www.muyjujuy.com\/index.php\/wp-json\/wp\/v2\/categories?post=540"},{"taxonomy":"post_tag","embeddable":true,"href":"https:\/\/www.muyjujuy.com\/index.php\/wp-json\/wp\/v2\/tags?post=540"}],"curies":[{"name":"wp","href":"https:\/\/api.w.org\/{rel}","templated":true}]}}